{"id":13002,"date":"2024-03-08T13:14:43","date_gmt":"2024-03-08T16:14:43","guid":{"rendered":"http:\/\/laprovidenciaovalle.cl\/colegio\/?p=13002"},"modified":"2024-03-08T13:16:58","modified_gmt":"2024-03-08T16:16:58","slug":"conmemoracion-dia-internacional-de-la-mujer","status":"publish","type":"post","link":"http:\/\/laprovidenciaovalle.cl\/colegio\/conmemoracion-dia-internacional-de-la-mujer\/","title":{"rendered":"Conmemoraci\u00f3n D\u00eda Internacional de la Mujer"},"content":{"rendered":"<p>El d\u00eda 8 de marzo conmemoramos el D\u00eda Internacional de la Mujer, antes denominado D\u00eda Internacional de la Mujer Trabajadora, d\u00eda en el cual se conmemora la lucha de las mujeres por su participaci\u00f3n en la sociedad y su desarrollo \u00edntegro como persona, en pie de igualdad de derechos. Debido a esto en nuestro colegio se realizaron actividades con el fin de celebrar la fortaleza, valent\u00eda y logros de las mujeres de este colegio, Chile y el mundo entero.<\/p>\n<p>El acto matinal comenz\u00f3 con la oraci\u00f3n a cargo de los funcionarios del Internado para luego dar paso al acto conmemorativo, en el cual recordamos con admiraci\u00f3n, que cada mujer es una<br \/>\nfuente inagotable de poder y resiliencia, Celebrando unidas nuestras fortalezas y la capacidad de cada una para enfrentar desaf\u00edos con determinaci\u00f3n.<\/p>\n<p>&nbsp;<\/p>\n\n\t\t<style type=\"text\/css\">\n\t\t\t#gallery-1 {\n\t\t\t\tmargin: auto;\n\t\t\t}\n\t\t\t#gallery-1 .gallery-item {\n\t\t\t\tfloat: left;\n\t\t\t\tmargin-top: 10px;\n\t\t\t\ttext-align: center;\n\t\t\t\twidth: 33%;\n\t\t\t}\n\t\t\t#gallery-1 img {\n\t\t\t\tborder: 2px solid #cfcfcf;\n\t\t\t}\n\t\t\t#gallery-1 .gallery-caption {\n\t\t\t\tmargin-left: 0;\n\t\t\t}\n\t\t\t\/* see gallery_shortcode() in wp-includes\/media.php *\/\n\t\t<\/style>\n\t\t<div id='gallery-1' class='gallery galleryid-13002 gallery-columns-3 gallery-size-medium'><dl class='gallery-item'>\n\t\t\t<dt class='gallery-icon landscape'>\n\t\t\t\t<a href='http:\/\/laprovidenciaovalle.cl\/colegio\/conmemoracion-dia-internacional-de-la-mujer\/img_6680\/'><img width=\"300\" height=\"200\" src=\"http:\/\/laprovidenciaovalle.cl\/colegio\/wp-content\/uploads\/2024\/03\/IMG_6680-300x200.jpg\" class=\"attachment-medium size-medium\" alt=\"\" loading=\"lazy\" srcset=\"http:\/\/laprovidenciaovalle.cl\/colegio\/wp-content\/uploads\/2024\/03\/IMG_6680-300x200.jpg 300w, http:\/\/laprovidenciaovalle.cl\/colegio\/wp-content\/uploads\/2024\/03\/IMG_6680-1024x683.jpg 1024w, http:\/\/laprovidenciaovalle.cl\/colegio\/wp-content\/uploads\/2024\/03\/IMG_6680-768x510.jpg 768w, http:\/\/laprovidenciaovalle.cl\/colegio\/wp-content\/uploads\/2024\/03\/IMG_6680-1536x1024.jpg 1536w, http:\/\/laprovidenciaovalle.cl\/colegio\/wp-content\/uploads\/2024\/03\/IMG_6680-2048x1365.jpg 2048w, http:\/\/laprovidenciaovalle.cl\/colegio\/wp-content\/uploads\/2024\/03\/IMG_6680-150x100.jpg 150w\" sizes=\"(max-width: 300px) 100vw, 300px\" \/><\/a>\n\t\t\t<\/dt><\/dl><dl class='gallery-item'>\n\t\t\t<dt class='gallery-icon landscape'>\n\t\t\t\t<a href='http:\/\/laprovidenciaovalle.cl\/colegio\/conmemoracion-dia-internacional-de-la-mujer\/img_6683\/'><img width=\"300\" height=\"200\" src=\"http:\/\/laprovidenciaovalle.cl\/colegio\/wp-content\/uploads\/2024\/03\/IMG_6683-300x200.jpg\" class=\"attachment-medium size-medium\" alt=\"\" loading=\"lazy\" srcset=\"http:\/\/laprovidenciaovalle.cl\/colegio\/wp-content\/uploads\/2024\/03\/IMG_6683-300x200.jpg 300w, http:\/\/laprovidenciaovalle.cl\/colegio\/wp-content\/uploads\/2024\/03\/IMG_6683-1024x683.jpg 1024w, http:\/\/laprovidenciaovalle.cl\/colegio\/wp-content\/uploads\/2024\/03\/IMG_6683-768x510.jpg 768w, http:\/\/laprovidenciaovalle.cl\/colegio\/wp-content\/uploads\/2024\/03\/IMG_6683-1536x1024.jpg 1536w, http:\/\/laprovidenciaovalle.cl\/colegio\/wp-content\/uploads\/2024\/03\/IMG_6683-2048x1365.jpg 2048w, http:\/\/laprovidenciaovalle.cl\/colegio\/wp-content\/uploads\/2024\/03\/IMG_6683-150x100.jpg 150w\" sizes=\"(max-width: 300px) 100vw, 300px\" \/><\/a>\n\t\t\t<\/dt><\/dl><dl class='gallery-item'>\n\t\t\t<dt class='gallery-icon landscape'>\n\t\t\t\t<a href='http:\/\/laprovidenciaovalle.cl\/colegio\/conmemoracion-dia-internacional-de-la-mujer\/img_6684\/'><img width=\"300\" height=\"200\" src=\"http:\/\/laprovidenciaovalle.cl\/colegio\/wp-content\/uploads\/2024\/03\/IMG_6684-300x200.jpg\" class=\"attachment-medium size-medium\" alt=\"\" loading=\"lazy\" srcset=\"http:\/\/laprovidenciaovalle.cl\/colegio\/wp-content\/uploads\/2024\/03\/IMG_6684-300x200.jpg 300w, http:\/\/laprovidenciaovalle.cl\/colegio\/wp-content\/uploads\/2024\/03\/IMG_6684-1024x683.jpg 1024w, http:\/\/laprovidenciaovalle.cl\/colegio\/wp-content\/uploads\/2024\/03\/IMG_6684-768x510.jpg 768w, http:\/\/laprovidenciaovalle.cl\/colegio\/wp-content\/uploads\/2024\/03\/IMG_6684-1536x1024.jpg 1536w, http:\/\/laprovidenciaovalle.cl\/colegio\/wp-content\/uploads\/2024\/03\/IMG_6684-2048x1365.jpg 2048w, http:\/\/laprovidenciaovalle.cl\/colegio\/wp-content\/uploads\/2024\/03\/IMG_6684-150x100.jpg 150w\" sizes=\"(max-width: 300px) 100vw, 300px\" \/><\/a>\n\t\t\t<\/dt><\/dl><br style=\"clear: both\" \/><dl class='gallery-item'>\n\t\t\t<dt class='gallery-icon landscape'>\n\t\t\t\t<a href='http:\/\/laprovidenciaovalle.cl\/colegio\/conmemoracion-dia-internacional-de-la-mujer\/img_6685\/'><img width=\"300\" height=\"200\" src=\"http:\/\/laprovidenciaovalle.cl\/colegio\/wp-content\/uploads\/2024\/03\/IMG_6685-300x200.jpg\" class=\"attachment-medium size-medium\" alt=\"\" loading=\"lazy\" srcset=\"http:\/\/laprovidenciaovalle.cl\/colegio\/wp-content\/uploads\/2024\/03\/IMG_6685-300x200.jpg 300w, http:\/\/laprovidenciaovalle.cl\/colegio\/wp-content\/uploads\/2024\/03\/IMG_6685-1024x683.jpg 1024w, http:\/\/laprovidenciaovalle.cl\/colegio\/wp-content\/uploads\/2024\/03\/IMG_6685-768x510.jpg 768w, http:\/\/laprovidenciaovalle.cl\/colegio\/wp-content\/uploads\/2024\/03\/IMG_6685-1536x1024.jpg 1536w, http:\/\/laprovidenciaovalle.cl\/colegio\/wp-content\/uploads\/2024\/03\/IMG_6685-2048x1365.jpg 2048w, http:\/\/laprovidenciaovalle.cl\/colegio\/wp-content\/uploads\/2024\/03\/IMG_6685-150x100.jpg 150w\" sizes=\"(max-width: 300px) 100vw, 300px\" \/><\/a>\n\t\t\t<\/dt><\/dl><dl class='gallery-item'>\n\t\t\t<dt class='gallery-icon landscape'>\n\t\t\t\t<a href='http:\/\/laprovidenciaovalle.cl\/colegio\/conmemoracion-dia-internacional-de-la-mujer\/img_6676-2\/'><img width=\"300\" height=\"200\" src=\"http:\/\/laprovidenciaovalle.cl\/colegio\/wp-content\/uploads\/2024\/03\/IMG_6676-1-300x200.jpg\" class=\"attachment-medium size-medium\" alt=\"\" loading=\"lazy\" srcset=\"http:\/\/laprovidenciaovalle.cl\/colegio\/wp-content\/uploads\/2024\/03\/IMG_6676-1-300x200.jpg 300w, http:\/\/laprovidenciaovalle.cl\/colegio\/wp-content\/uploads\/2024\/03\/IMG_6676-1-1024x683.jpg 1024w, http:\/\/laprovidenciaovalle.cl\/colegio\/wp-content\/uploads\/2024\/03\/IMG_6676-1-768x510.jpg 768w, http:\/\/laprovidenciaovalle.cl\/colegio\/wp-content\/uploads\/2024\/03\/IMG_6676-1-1536x1024.jpg 1536w, http:\/\/laprovidenciaovalle.cl\/colegio\/wp-content\/uploads\/2024\/03\/IMG_6676-1-2048x1365.jpg 2048w, http:\/\/laprovidenciaovalle.cl\/colegio\/wp-content\/uploads\/2024\/03\/IMG_6676-1-150x100.jpg 150w\" sizes=\"(max-width: 300px) 100vw, 300px\" \/><\/a>\n\t\t\t<\/dt><\/dl>\n\t\t\t<br style='clear: both' \/>\n\t\t<\/div>\n\n<p>En representaci\u00f3n de las mujeres de nuestro colegio, cuyos esfuerzos diarios est\u00e1n impregnados de amor y dedicaci\u00f3n, se hizo entrega de un merecido reconocimiento y un emotivo obsequio a nuestra directora, Mar\u00eda Cecilia Mart\u00ednez Salas, quien entreg\u00f3 unas palabras llenas de inspiraci\u00f3n y poema de su autor\u00eda para todas las mujeres que pertenecen a esta gran comunidad educativa.<\/p>\n<p>En la vasta historia de nuestra instituci\u00f3n educativa, es un honor rendir homenaje a dos valientes mujeres, cuyas contribuciones han dejado una huella indeleble a lo largo del tiempo: la inolvidable Madre Bernarda Morin y la admirable Madre Emilia Tavernier Gamelin. Por quienes invitamos a todos a unirse a nosotros en la conmemoraci\u00f3n de la memoria de estas extraordinarias mujeres, cuyos principios y dedicaci\u00f3n han sido fuente de inspiraci\u00f3n para generaciones pasadas, presentes y futuras. Aplaudiendo con fuerza en reconocimiento a su legado y a la influencia positiva que contin\u00faa resonando en los corazones de nuestra comunidad.<\/p>\n<p>As\u00ed mismo, se destac\u00f3 a aquellas estudiantes perteneciente al Centro de Estudiantes, que encarnan el verdadero significado del empoderamiento femenino, reconociendo su extraordinario impacto y liderazgo entre sus compa\u00f1eras.<\/p>\n<p><img loading=\"lazy\" class=\"alignnone size-medium wp-image-13009\" src=\"http:\/\/laprovidenciaovalle.cl\/colegio\/wp-content\/uploads\/2024\/03\/IMG_6687-300x200.jpg\" alt=\"\" width=\"300\" height=\"200\" srcset=\"http:\/\/laprovidenciaovalle.cl\/colegio\/wp-content\/uploads\/2024\/03\/IMG_6687-300x200.jpg 300w, http:\/\/laprovidenciaovalle.cl\/colegio\/wp-content\/uploads\/2024\/03\/IMG_6687-1024x683.jpg 1024w, http:\/\/laprovidenciaovalle.cl\/colegio\/wp-content\/uploads\/2024\/03\/IMG_6687-768x510.jpg 768w, http:\/\/laprovidenciaovalle.cl\/colegio\/wp-content\/uploads\/2024\/03\/IMG_6687-1536x1024.jpg 1536w, http:\/\/laprovidenciaovalle.cl\/colegio\/wp-content\/uploads\/2024\/03\/IMG_6687-2048x1365.jpg 2048w, http:\/\/laprovidenciaovalle.cl\/colegio\/wp-content\/uploads\/2024\/03\/IMG_6687-150x100.jpg 150w\" sizes=\"(max-width: 300px) 100vw, 300px\" \/> <img loading=\"lazy\" class=\"alignnone size-medium wp-image-13010\" src=\"http:\/\/laprovidenciaovalle.cl\/colegio\/wp-content\/uploads\/2024\/03\/IMG_6692-300x200.jpg\" alt=\"\" width=\"300\" height=\"200\" srcset=\"http:\/\/laprovidenciaovalle.cl\/colegio\/wp-content\/uploads\/2024\/03\/IMG_6692-300x200.jpg 300w, http:\/\/laprovidenciaovalle.cl\/colegio\/wp-content\/uploads\/2024\/03\/IMG_6692-1024x683.jpg 1024w, http:\/\/laprovidenciaovalle.cl\/colegio\/wp-content\/uploads\/2024\/03\/IMG_6692-768x510.jpg 768w, http:\/\/laprovidenciaovalle.cl\/colegio\/wp-content\/uploads\/2024\/03\/IMG_6692-1536x1024.jpg 1536w, http:\/\/laprovidenciaovalle.cl\/colegio\/wp-content\/uploads\/2024\/03\/IMG_6692-2048x1365.jpg 2048w, http:\/\/laprovidenciaovalle.cl\/colegio\/wp-content\/uploads\/2024\/03\/IMG_6692-150x100.jpg 150w\" sizes=\"(max-width: 300px) 100vw, 300px\" \/> <img loading=\"lazy\" class=\"alignnone size-medium wp-image-13011\" src=\"http:\/\/laprovidenciaovalle.cl\/colegio\/wp-content\/uploads\/2024\/03\/IMG_6694-300x200.jpg\" alt=\"\" width=\"300\" height=\"200\" srcset=\"http:\/\/laprovidenciaovalle.cl\/colegio\/wp-content\/uploads\/2024\/03\/IMG_6694-300x200.jpg 300w, http:\/\/laprovidenciaovalle.cl\/colegio\/wp-content\/uploads\/2024\/03\/IMG_6694-1024x683.jpg 1024w, http:\/\/laprovidenciaovalle.cl\/colegio\/wp-content\/uploads\/2024\/03\/IMG_6694-768x510.jpg 768w, http:\/\/laprovidenciaovalle.cl\/colegio\/wp-content\/uploads\/2024\/03\/IMG_6694-1536x1024.jpg 1536w, http:\/\/laprovidenciaovalle.cl\/colegio\/wp-content\/uploads\/2024\/03\/IMG_6694-2048x1365.jpg 2048w, http:\/\/laprovidenciaovalle.cl\/colegio\/wp-content\/uploads\/2024\/03\/IMG_6694-150x100.jpg 150w\" sizes=\"(max-width: 300px) 100vw, 300px\" \/> <img loading=\"lazy\" class=\"alignnone size-medium wp-image-13012\" src=\"http:\/\/laprovidenciaovalle.cl\/colegio\/wp-content\/uploads\/2024\/03\/IMG_6695-300x200.jpg\" alt=\"\" width=\"300\" height=\"200\" srcset=\"http:\/\/laprovidenciaovalle.cl\/colegio\/wp-content\/uploads\/2024\/03\/IMG_6695-300x200.jpg 300w, http:\/\/laprovidenciaovalle.cl\/colegio\/wp-content\/uploads\/2024\/03\/IMG_6695-1024x683.jpg 1024w, http:\/\/laprovidenciaovalle.cl\/colegio\/wp-content\/uploads\/2024\/03\/IMG_6695-768x510.jpg 768w, http:\/\/laprovidenciaovalle.cl\/colegio\/wp-content\/uploads\/2024\/03\/IMG_6695-1536x1024.jpg 1536w, http:\/\/laprovidenciaovalle.cl\/colegio\/wp-content\/uploads\/2024\/03\/IMG_6695-2048x1365.jpg 2048w, http:\/\/laprovidenciaovalle.cl\/colegio\/wp-content\/uploads\/2024\/03\/IMG_6695-150x100.jpg 150w\" sizes=\"(max-width: 300px) 100vw, 300px\" \/> <img loading=\"lazy\" class=\"alignnone size-medium wp-image-13013\" src=\"http:\/\/laprovidenciaovalle.cl\/colegio\/wp-content\/uploads\/2024\/03\/IMG_6699-300x200.jpg\" alt=\"\" width=\"300\" height=\"200\" srcset=\"http:\/\/laprovidenciaovalle.cl\/colegio\/wp-content\/uploads\/2024\/03\/IMG_6699-300x200.jpg 300w, http:\/\/laprovidenciaovalle.cl\/colegio\/wp-content\/uploads\/2024\/03\/IMG_6699-1024x683.jpg 1024w, http:\/\/laprovidenciaovalle.cl\/colegio\/wp-content\/uploads\/2024\/03\/IMG_6699-768x510.jpg 768w, http:\/\/laprovidenciaovalle.cl\/colegio\/wp-content\/uploads\/2024\/03\/IMG_6699-1536x1024.jpg 1536w, http:\/\/laprovidenciaovalle.cl\/colegio\/wp-content\/uploads\/2024\/03\/IMG_6699-2048x1365.jpg 2048w, http:\/\/laprovidenciaovalle.cl\/colegio\/wp-content\/uploads\/2024\/03\/IMG_6699-150x100.jpg 150w\" sizes=\"(max-width: 300px) 100vw, 300px\" \/> <img loading=\"lazy\" class=\"alignnone size-medium wp-image-13014\" src=\"http:\/\/laprovidenciaovalle.cl\/colegio\/wp-content\/uploads\/2024\/03\/IMG_6702-300x200.jpg\" alt=\"\" width=\"300\" height=\"200\" srcset=\"http:\/\/laprovidenciaovalle.cl\/colegio\/wp-content\/uploads\/2024\/03\/IMG_6702-300x200.jpg 300w, http:\/\/laprovidenciaovalle.cl\/colegio\/wp-content\/uploads\/2024\/03\/IMG_6702-1024x683.jpg 1024w, http:\/\/laprovidenciaovalle.cl\/colegio\/wp-content\/uploads\/2024\/03\/IMG_6702-768x510.jpg 768w, http:\/\/laprovidenciaovalle.cl\/colegio\/wp-content\/uploads\/2024\/03\/IMG_6702-1536x1024.jpg 1536w, http:\/\/laprovidenciaovalle.cl\/colegio\/wp-content\/uploads\/2024\/03\/IMG_6702-2048x1365.jpg 2048w, http:\/\/laprovidenciaovalle.cl\/colegio\/wp-content\/uploads\/2024\/03\/IMG_6702-150x100.jpg 150w\" sizes=\"(max-width: 300px) 100vw, 300px\" \/> <img loading=\"lazy\" class=\"alignnone size-medium wp-image-13015\" src=\"http:\/\/laprovidenciaovalle.cl\/colegio\/wp-content\/uploads\/2024\/03\/IMG_6705-300x200.jpg\" alt=\"\" width=\"300\" height=\"200\" srcset=\"http:\/\/laprovidenciaovalle.cl\/colegio\/wp-content\/uploads\/2024\/03\/IMG_6705-300x200.jpg 300w, http:\/\/laprovidenciaovalle.cl\/colegio\/wp-content\/uploads\/2024\/03\/IMG_6705-1024x683.jpg 1024w, http:\/\/laprovidenciaovalle.cl\/colegio\/wp-content\/uploads\/2024\/03\/IMG_6705-768x510.jpg 768w, http:\/\/laprovidenciaovalle.cl\/colegio\/wp-content\/uploads\/2024\/03\/IMG_6705-1536x1024.jpg 1536w, http:\/\/laprovidenciaovalle.cl\/colegio\/wp-content\/uploads\/2024\/03\/IMG_6705-2048x1365.jpg 2048w, http:\/\/laprovidenciaovalle.cl\/colegio\/wp-content\/uploads\/2024\/03\/IMG_6705-150x100.jpg 150w\" sizes=\"(max-width: 300px) 100vw, 300px\" \/><\/p>\n<p>Durante la jornada, los funcionarios del establecimiento, compartieron un desayuno brindado por la administraci\u00f3n, en conmemoraci\u00f3n de este d\u00eda, instancia en la cual se hizo entrega de un presente a cada miembro de la comunidad.<\/p>\n\n\t\t<style type=\"text\/css\">\n\t\t\t#gallery-2 {\n\t\t\t\tmargin: auto;\n\t\t\t}\n\t\t\t#gallery-2 .gallery-item {\n\t\t\t\tfloat: left;\n\t\t\t\tmargin-top: 10px;\n\t\t\t\ttext-align: center;\n\t\t\t\twidth: 25%;\n\t\t\t}\n\t\t\t#gallery-2 img {\n\t\t\t\tborder: 2px solid #cfcfcf;\n\t\t\t}\n\t\t\t#gallery-2 .gallery-caption {\n\t\t\t\tmargin-left: 0;\n\t\t\t}\n\t\t\t\/* see gallery_shortcode() in wp-includes\/media.php *\/\n\t\t<\/style>\n\t\t<div id='gallery-2' class='gallery galleryid-13002 gallery-columns-4 gallery-size-medium'><dl class='gallery-item'>\n\t\t\t<dt class='gallery-icon landscape'>\n\t\t\t\t<a href='http:\/\/laprovidenciaovalle.cl\/colegio\/conmemoracion-dia-internacional-de-la-mujer\/img_6709\/'><img width=\"300\" height=\"200\" src=\"http:\/\/laprovidenciaovalle.cl\/colegio\/wp-content\/uploads\/2024\/03\/IMG_6709-300x200.jpg\" class=\"attachment-medium size-medium\" alt=\"\" loading=\"lazy\" srcset=\"http:\/\/laprovidenciaovalle.cl\/colegio\/wp-content\/uploads\/2024\/03\/IMG_6709-300x200.jpg 300w, http:\/\/laprovidenciaovalle.cl\/colegio\/wp-content\/uploads\/2024\/03\/IMG_6709-1024x683.jpg 1024w, http:\/\/laprovidenciaovalle.cl\/colegio\/wp-content\/uploads\/2024\/03\/IMG_6709-768x510.jpg 768w, http:\/\/laprovidenciaovalle.cl\/colegio\/wp-content\/uploads\/2024\/03\/IMG_6709-1536x1024.jpg 1536w, http:\/\/laprovidenciaovalle.cl\/colegio\/wp-content\/uploads\/2024\/03\/IMG_6709-2048x1365.jpg 2048w, http:\/\/laprovidenciaovalle.cl\/colegio\/wp-content\/uploads\/2024\/03\/IMG_6709-150x100.jpg 150w\" sizes=\"(max-width: 300px) 100vw, 300px\" \/><\/a>\n\t\t\t<\/dt><\/dl><dl class='gallery-item'>\n\t\t\t<dt class='gallery-icon landscape'>\n\t\t\t\t<a href='http:\/\/laprovidenciaovalle.cl\/colegio\/conmemoracion-dia-internacional-de-la-mujer\/img_6712\/'><img width=\"300\" height=\"200\" src=\"http:\/\/laprovidenciaovalle.cl\/colegio\/wp-content\/uploads\/2024\/03\/IMG_6712-300x200.jpg\" class=\"attachment-medium size-medium\" alt=\"\" loading=\"lazy\" srcset=\"http:\/\/laprovidenciaovalle.cl\/colegio\/wp-content\/uploads\/2024\/03\/IMG_6712-300x200.jpg 300w, http:\/\/laprovidenciaovalle.cl\/colegio\/wp-content\/uploads\/2024\/03\/IMG_6712-1024x683.jpg 1024w, http:\/\/laprovidenciaovalle.cl\/colegio\/wp-content\/uploads\/2024\/03\/IMG_6712-768x510.jpg 768w, http:\/\/laprovidenciaovalle.cl\/colegio\/wp-content\/uploads\/2024\/03\/IMG_6712-1536x1024.jpg 1536w, http:\/\/laprovidenciaovalle.cl\/colegio\/wp-content\/uploads\/2024\/03\/IMG_6712-2048x1365.jpg 2048w, http:\/\/laprovidenciaovalle.cl\/colegio\/wp-content\/uploads\/2024\/03\/IMG_6712-150x100.jpg 150w\" sizes=\"(max-width: 300px) 100vw, 300px\" \/><\/a>\n\t\t\t<\/dt><\/dl><dl class='gallery-item'>\n\t\t\t<dt class='gallery-icon landscape'>\n\t\t\t\t<a href='http:\/\/laprovidenciaovalle.cl\/colegio\/conmemoracion-dia-internacional-de-la-mujer\/img_6719\/'><img width=\"300\" height=\"200\" src=\"http:\/\/laprovidenciaovalle.cl\/colegio\/wp-content\/uploads\/2024\/03\/IMG_6719-300x200.jpg\" class=\"attachment-medium size-medium\" alt=\"\" loading=\"lazy\" srcset=\"http:\/\/laprovidenciaovalle.cl\/colegio\/wp-content\/uploads\/2024\/03\/IMG_6719-300x200.jpg 300w, http:\/\/laprovidenciaovalle.cl\/colegio\/wp-content\/uploads\/2024\/03\/IMG_6719-1024x683.jpg 1024w, http:\/\/laprovidenciaovalle.cl\/colegio\/wp-content\/uploads\/2024\/03\/IMG_6719-768x510.jpg 768w, http:\/\/laprovidenciaovalle.cl\/colegio\/wp-content\/uploads\/2024\/03\/IMG_6719-1536x1024.jpg 1536w, http:\/\/laprovidenciaovalle.cl\/colegio\/wp-content\/uploads\/2024\/03\/IMG_6719-2048x1365.jpg 2048w, http:\/\/laprovidenciaovalle.cl\/colegio\/wp-content\/uploads\/2024\/03\/IMG_6719-150x100.jpg 150w\" sizes=\"(max-width: 300px) 100vw, 300px\" \/><\/a>\n\t\t\t<\/dt><\/dl><dl class='gallery-item'>\n\t\t\t<dt class='gallery-icon portrait'>\n\t\t\t\t<a href='http:\/\/laprovidenciaovalle.cl\/colegio\/conmemoracion-dia-internacional-de-la-mujer\/img_6708\/'><img width=\"200\" height=\"300\" src=\"http:\/\/laprovidenciaovalle.cl\/colegio\/wp-content\/uploads\/2024\/03\/IMG_6708-200x300.jpg\" class=\"attachment-medium size-medium\" alt=\"\" loading=\"lazy\" srcset=\"http:\/\/laprovidenciaovalle.cl\/colegio\/wp-content\/uploads\/2024\/03\/IMG_6708-200x300.jpg 200w, http:\/\/laprovidenciaovalle.cl\/colegio\/wp-content\/uploads\/2024\/03\/IMG_6708-683x1024.jpg 683w, http:\/\/laprovidenciaovalle.cl\/colegio\/wp-content\/uploads\/2024\/03\/IMG_6708-768x1152.jpg 768w, http:\/\/laprovidenciaovalle.cl\/colegio\/wp-content\/uploads\/2024\/03\/IMG_6708-1024x1536.jpg 1024w, http:\/\/laprovidenciaovalle.cl\/colegio\/wp-content\/uploads\/2024\/03\/IMG_6708-1365x2048.jpg 1365w, http:\/\/laprovidenciaovalle.cl\/colegio\/wp-content\/uploads\/2024\/03\/IMG_6708-100x150.jpg 100w, http:\/\/laprovidenciaovalle.cl\/colegio\/wp-content\/uploads\/2024\/03\/IMG_6708-scaled.jpg 1707w\" sizes=\"(max-width: 200px) 100vw, 200px\" \/><\/a>\n\t\t\t<\/dt><\/dl><br style=\"clear: both\" \/>\n\t\t<\/div>\n\n<p>Al finalizar, el equipo de convivencia escolar, prepar\u00f3 un &#8220;Recreo Entretenido&#8221;, con el fin de favorecer la sana convivencia escolar, en el marco de la conmemoraci\u00f3n del d\u00eda internacional de la mujer, iniciando la actividad con la proyecci\u00f3n de un video con potentes mensajes de mujeres de diferentes estamentos hacia nuestras estudiantes (Mujeres Providentes), posteriormente se dio paso a la entretenci\u00f3n, disfrutando de una clase interactiva de Bachata.<\/p>\n\n\t\t<style type=\"text\/css\">\n\t\t\t#gallery-3 {\n\t\t\t\tmargin: auto;\n\t\t\t}\n\t\t\t#gallery-3 .gallery-item {\n\t\t\t\tfloat: left;\n\t\t\t\tmargin-top: 10px;\n\t\t\t\ttext-align: center;\n\t\t\t\twidth: 33%;\n\t\t\t}\n\t\t\t#gallery-3 img {\n\t\t\t\tborder: 2px solid #cfcfcf;\n\t\t\t}\n\t\t\t#gallery-3 .gallery-caption {\n\t\t\t\tmargin-left: 0;\n\t\t\t}\n\t\t\t\/* see gallery_shortcode() in wp-includes\/media.php *\/\n\t\t<\/style>\n\t\t<div id='gallery-3' class='gallery galleryid-13002 gallery-columns-3 gallery-size-medium'><dl class='gallery-item'>\n\t\t\t<dt class='gallery-icon landscape'>\n\t\t\t\t<a href='http:\/\/laprovidenciaovalle.cl\/colegio\/conmemoracion-dia-internacional-de-la-mujer\/img_6725\/'><img width=\"300\" height=\"200\" src=\"http:\/\/laprovidenciaovalle.cl\/colegio\/wp-content\/uploads\/2024\/03\/IMG_6725-300x200.jpg\" class=\"attachment-medium size-medium\" alt=\"\" loading=\"lazy\" srcset=\"http:\/\/laprovidenciaovalle.cl\/colegio\/wp-content\/uploads\/2024\/03\/IMG_6725-300x200.jpg 300w, http:\/\/laprovidenciaovalle.cl\/colegio\/wp-content\/uploads\/2024\/03\/IMG_6725-1024x683.jpg 1024w, http:\/\/laprovidenciaovalle.cl\/colegio\/wp-content\/uploads\/2024\/03\/IMG_6725-768x510.jpg 768w, http:\/\/laprovidenciaovalle.cl\/colegio\/wp-content\/uploads\/2024\/03\/IMG_6725-1536x1024.jpg 1536w, http:\/\/laprovidenciaovalle.cl\/colegio\/wp-content\/uploads\/2024\/03\/IMG_6725-2048x1365.jpg 2048w, http:\/\/laprovidenciaovalle.cl\/colegio\/wp-content\/uploads\/2024\/03\/IMG_6725-150x100.jpg 150w\" sizes=\"(max-width: 300px) 100vw, 300px\" \/><\/a>\n\t\t\t<\/dt><\/dl><dl class='gallery-item'>\n\t\t\t<dt class='gallery-icon landscape'>\n\t\t\t\t<a href='http:\/\/laprovidenciaovalle.cl\/colegio\/conmemoracion-dia-internacional-de-la-mujer\/img_6738\/'><img width=\"300\" height=\"200\" src=\"http:\/\/laprovidenciaovalle.cl\/colegio\/wp-content\/uploads\/2024\/03\/IMG_6738-300x200.jpg\" class=\"attachment-medium size-medium\" alt=\"\" loading=\"lazy\" srcset=\"http:\/\/laprovidenciaovalle.cl\/colegio\/wp-content\/uploads\/2024\/03\/IMG_6738-300x200.jpg 300w, http:\/\/laprovidenciaovalle.cl\/colegio\/wp-content\/uploads\/2024\/03\/IMG_6738-1024x683.jpg 1024w, http:\/\/laprovidenciaovalle.cl\/colegio\/wp-content\/uploads\/2024\/03\/IMG_6738-768x510.jpg 768w, http:\/\/laprovidenciaovalle.cl\/colegio\/wp-content\/uploads\/2024\/03\/IMG_6738-1536x1024.jpg 1536w, http:\/\/laprovidenciaovalle.cl\/colegio\/wp-content\/uploads\/2024\/03\/IMG_6738-2048x1365.jpg 2048w, http:\/\/laprovidenciaovalle.cl\/colegio\/wp-content\/uploads\/2024\/03\/IMG_6738-150x100.jpg 150w\" sizes=\"(max-width: 300px) 100vw, 300px\" \/><\/a>\n\t\t\t<\/dt><\/dl><dl class='gallery-item'>\n\t\t\t<dt class='gallery-icon landscape'>\n\t\t\t\t<a href='http:\/\/laprovidenciaovalle.cl\/colegio\/conmemoracion-dia-internacional-de-la-mujer\/img_6744\/'><img width=\"300\" height=\"200\" src=\"http:\/\/laprovidenciaovalle.cl\/colegio\/wp-content\/uploads\/2024\/03\/IMG_6744-300x200.jpg\" class=\"attachment-medium size-medium\" alt=\"\" loading=\"lazy\" srcset=\"http:\/\/laprovidenciaovalle.cl\/colegio\/wp-content\/uploads\/2024\/03\/IMG_6744-300x200.jpg 300w, http:\/\/laprovidenciaovalle.cl\/colegio\/wp-content\/uploads\/2024\/03\/IMG_6744-1024x683.jpg 1024w, http:\/\/laprovidenciaovalle.cl\/colegio\/wp-content\/uploads\/2024\/03\/IMG_6744-768x510.jpg 768w, http:\/\/laprovidenciaovalle.cl\/colegio\/wp-content\/uploads\/2024\/03\/IMG_6744-1536x1024.jpg 1536w, http:\/\/laprovidenciaovalle.cl\/colegio\/wp-content\/uploads\/2024\/03\/IMG_6744-2048x1365.jpg 2048w, http:\/\/laprovidenciaovalle.cl\/colegio\/wp-content\/uploads\/2024\/03\/IMG_6744-150x100.jpg 150w\" sizes=\"(max-width: 300px) 100vw, 300px\" \/><\/a>\n\t\t\t<\/dt><\/dl><br style=\"clear: both\" \/><dl class='gallery-item'>\n\t\t\t<dt class='gallery-icon landscape'>\n\t\t\t\t<a href='http:\/\/laprovidenciaovalle.cl\/colegio\/conmemoracion-dia-internacional-de-la-mujer\/img_6749\/'><img width=\"300\" height=\"200\" src=\"http:\/\/laprovidenciaovalle.cl\/colegio\/wp-content\/uploads\/2024\/03\/IMG_6749-300x200.jpg\" class=\"attachment-medium size-medium\" alt=\"\" loading=\"lazy\" srcset=\"http:\/\/laprovidenciaovalle.cl\/colegio\/wp-content\/uploads\/2024\/03\/IMG_6749-300x200.jpg 300w, http:\/\/laprovidenciaovalle.cl\/colegio\/wp-content\/uploads\/2024\/03\/IMG_6749-1024x683.jpg 1024w, http:\/\/laprovidenciaovalle.cl\/colegio\/wp-content\/uploads\/2024\/03\/IMG_6749-768x510.jpg 768w, http:\/\/laprovidenciaovalle.cl\/colegio\/wp-content\/uploads\/2024\/03\/IMG_6749-1536x1024.jpg 1536w, http:\/\/laprovidenciaovalle.cl\/colegio\/wp-content\/uploads\/2024\/03\/IMG_6749-2048x1365.jpg 2048w, http:\/\/laprovidenciaovalle.cl\/colegio\/wp-content\/uploads\/2024\/03\/IMG_6749-150x100.jpg 150w\" sizes=\"(max-width: 300px) 100vw, 300px\" \/><\/a>\n\t\t\t<\/dt><\/dl><dl class='gallery-item'>\n\t\t\t<dt class='gallery-icon landscape'>\n\t\t\t\t<a href='http:\/\/laprovidenciaovalle.cl\/colegio\/conmemoracion-dia-internacional-de-la-mujer\/img_6761\/'><img width=\"300\" height=\"200\" src=\"http:\/\/laprovidenciaovalle.cl\/colegio\/wp-content\/uploads\/2024\/03\/IMG_6761-300x200.jpg\" class=\"attachment-medium size-medium\" alt=\"\" loading=\"lazy\" srcset=\"http:\/\/laprovidenciaovalle.cl\/colegio\/wp-content\/uploads\/2024\/03\/IMG_6761-300x200.jpg 300w, http:\/\/laprovidenciaovalle.cl\/colegio\/wp-content\/uploads\/2024\/03\/IMG_6761-1024x683.jpg 1024w, http:\/\/laprovidenciaovalle.cl\/colegio\/wp-content\/uploads\/2024\/03\/IMG_6761-768x510.jpg 768w, http:\/\/laprovidenciaovalle.cl\/colegio\/wp-content\/uploads\/2024\/03\/IMG_6761-1536x1024.jpg 1536w, http:\/\/laprovidenciaovalle.cl\/colegio\/wp-content\/uploads\/2024\/03\/IMG_6761-2048x1365.jpg 2048w, http:\/\/laprovidenciaovalle.cl\/colegio\/wp-content\/uploads\/2024\/03\/IMG_6761-150x100.jpg 150w\" sizes=\"(max-width: 300px) 100vw, 300px\" \/><\/a>\n\t\t\t<\/dt><\/dl><dl class='gallery-item'>\n\t\t\t<dt class='gallery-icon portrait'>\n\t\t\t\t<a href='http:\/\/laprovidenciaovalle.cl\/colegio\/conmemoracion-dia-internacional-de-la-mujer\/img_6769\/'><img width=\"200\" height=\"300\" src=\"http:\/\/laprovidenciaovalle.cl\/colegio\/wp-content\/uploads\/2024\/03\/IMG_6769-200x300.jpg\" class=\"attachment-medium size-medium\" alt=\"\" loading=\"lazy\" srcset=\"http:\/\/laprovidenciaovalle.cl\/colegio\/wp-content\/uploads\/2024\/03\/IMG_6769-200x300.jpg 200w, http:\/\/laprovidenciaovalle.cl\/colegio\/wp-content\/uploads\/2024\/03\/IMG_6769-683x1024.jpg 683w, http:\/\/laprovidenciaovalle.cl\/colegio\/wp-content\/uploads\/2024\/03\/IMG_6769-768x1152.jpg 768w, http:\/\/laprovidenciaovalle.cl\/colegio\/wp-content\/uploads\/2024\/03\/IMG_6769-1024x1536.jpg 1024w, http:\/\/laprovidenciaovalle.cl\/colegio\/wp-content\/uploads\/2024\/03\/IMG_6769-1365x2048.jpg 1365w, http:\/\/laprovidenciaovalle.cl\/colegio\/wp-content\/uploads\/2024\/03\/IMG_6769-100x150.jpg 100w, http:\/\/laprovidenciaovalle.cl\/colegio\/wp-content\/uploads\/2024\/03\/IMG_6769-scaled.jpg 1707w\" sizes=\"(max-width: 200px) 100vw, 200px\" \/><\/a>\n\t\t\t<\/dt><\/dl><br style=\"clear: both\" \/><dl class='gallery-item'>\n\t\t\t<dt class='gallery-icon portrait'>\n\t\t\t\t<a href='http:\/\/laprovidenciaovalle.cl\/colegio\/conmemoracion-dia-internacional-de-la-mujer\/img_6770\/'><img width=\"200\" height=\"300\" src=\"http:\/\/laprovidenciaovalle.cl\/colegio\/wp-content\/uploads\/2024\/03\/IMG_6770-200x300.jpg\" class=\"attachment-medium size-medium\" alt=\"\" loading=\"lazy\" srcset=\"http:\/\/laprovidenciaovalle.cl\/colegio\/wp-content\/uploads\/2024\/03\/IMG_6770-200x300.jpg 200w, http:\/\/laprovidenciaovalle.cl\/colegio\/wp-content\/uploads\/2024\/03\/IMG_6770-683x1024.jpg 683w, http:\/\/laprovidenciaovalle.cl\/colegio\/wp-content\/uploads\/2024\/03\/IMG_6770-768x1152.jpg 768w, http:\/\/laprovidenciaovalle.cl\/colegio\/wp-content\/uploads\/2024\/03\/IMG_6770-1024x1536.jpg 1024w, http:\/\/laprovidenciaovalle.cl\/colegio\/wp-content\/uploads\/2024\/03\/IMG_6770-1365x2048.jpg 1365w, http:\/\/laprovidenciaovalle.cl\/colegio\/wp-content\/uploads\/2024\/03\/IMG_6770-100x150.jpg 100w, http:\/\/laprovidenciaovalle.cl\/colegio\/wp-content\/uploads\/2024\/03\/IMG_6770-scaled.jpg 1707w\" sizes=\"(max-width: 200px) 100vw, 200px\" \/><\/a>\n\t\t\t<\/dt><\/dl><dl class='gallery-item'>\n\t\t\t<dt class='gallery-icon portrait'>\n\t\t\t\t<a href='http:\/\/laprovidenciaovalle.cl\/colegio\/conmemoracion-dia-internacional-de-la-mujer\/img_6803\/'><img width=\"200\" height=\"300\" src=\"http:\/\/laprovidenciaovalle.cl\/colegio\/wp-content\/uploads\/2024\/03\/IMG_6803-200x300.jpg\" class=\"attachment-medium size-medium\" alt=\"\" loading=\"lazy\" srcset=\"http:\/\/laprovidenciaovalle.cl\/colegio\/wp-content\/uploads\/2024\/03\/IMG_6803-200x300.jpg 200w, http:\/\/laprovidenciaovalle.cl\/colegio\/wp-content\/uploads\/2024\/03\/IMG_6803-683x1024.jpg 683w, http:\/\/laprovidenciaovalle.cl\/colegio\/wp-content\/uploads\/2024\/03\/IMG_6803-768x1152.jpg 768w, http:\/\/laprovidenciaovalle.cl\/colegio\/wp-content\/uploads\/2024\/03\/IMG_6803-1024x1536.jpg 1024w, http:\/\/laprovidenciaovalle.cl\/colegio\/wp-content\/uploads\/2024\/03\/IMG_6803-1365x2048.jpg 1365w, http:\/\/laprovidenciaovalle.cl\/colegio\/wp-content\/uploads\/2024\/03\/IMG_6803-100x150.jpg 100w, http:\/\/laprovidenciaovalle.cl\/colegio\/wp-content\/uploads\/2024\/03\/IMG_6803-scaled.jpg 1707w\" sizes=\"(max-width: 200px) 100vw, 200px\" \/><\/a>\n\t\t\t<\/dt><\/dl><dl class='gallery-item'>\n\t\t\t<dt class='gallery-icon portrait'>\n\t\t\t\t<a href='http:\/\/laprovidenciaovalle.cl\/colegio\/conmemoracion-dia-internacional-de-la-mujer\/img_6809\/'><img width=\"200\" height=\"300\" src=\"http:\/\/laprovidenciaovalle.cl\/colegio\/wp-content\/uploads\/2024\/03\/IMG_6809-200x300.jpg\" class=\"attachment-medium size-medium\" alt=\"\" loading=\"lazy\" srcset=\"http:\/\/laprovidenciaovalle.cl\/colegio\/wp-content\/uploads\/2024\/03\/IMG_6809-200x300.jpg 200w, http:\/\/laprovidenciaovalle.cl\/colegio\/wp-content\/uploads\/2024\/03\/IMG_6809-683x1024.jpg 683w, http:\/\/laprovidenciaovalle.cl\/colegio\/wp-content\/uploads\/2024\/03\/IMG_6809-768x1152.jpg 768w, http:\/\/laprovidenciaovalle.cl\/colegio\/wp-content\/uploads\/2024\/03\/IMG_6809-1024x1536.jpg 1024w, http:\/\/laprovidenciaovalle.cl\/colegio\/wp-content\/uploads\/2024\/03\/IMG_6809-1365x2048.jpg 1365w, http:\/\/laprovidenciaovalle.cl\/colegio\/wp-content\/uploads\/2024\/03\/IMG_6809-100x150.jpg 100w, http:\/\/laprovidenciaovalle.cl\/colegio\/wp-content\/uploads\/2024\/03\/IMG_6809-scaled.jpg 1707w\" sizes=\"(max-width: 200px) 100vw, 200px\" \/><\/a>\n\t\t\t<\/dt><\/dl><br style=\"clear: both\" \/><dl class='gallery-item'>\n\t\t\t<dt class='gallery-icon portrait'>\n\t\t\t\t<a href='http:\/\/laprovidenciaovalle.cl\/colegio\/conmemoracion-dia-internacional-de-la-mujer\/img_6811\/'><img width=\"200\" height=\"300\" src=\"http:\/\/laprovidenciaovalle.cl\/colegio\/wp-content\/uploads\/2024\/03\/IMG_6811-200x300.jpg\" class=\"attachment-medium size-medium\" alt=\"\" loading=\"lazy\" srcset=\"http:\/\/laprovidenciaovalle.cl\/colegio\/wp-content\/uploads\/2024\/03\/IMG_6811-200x300.jpg 200w, http:\/\/laprovidenciaovalle.cl\/colegio\/wp-content\/uploads\/2024\/03\/IMG_6811-683x1024.jpg 683w, http:\/\/laprovidenciaovalle.cl\/colegio\/wp-content\/uploads\/2024\/03\/IMG_6811-768x1152.jpg 768w, http:\/\/laprovidenciaovalle.cl\/colegio\/wp-content\/uploads\/2024\/03\/IMG_6811-1024x1536.jpg 1024w, http:\/\/laprovidenciaovalle.cl\/colegio\/wp-content\/uploads\/2024\/03\/IMG_6811-1365x2048.jpg 1365w, http:\/\/laprovidenciaovalle.cl\/colegio\/wp-content\/uploads\/2024\/03\/IMG_6811-100x150.jpg 100w, http:\/\/laprovidenciaovalle.cl\/colegio\/wp-content\/uploads\/2024\/03\/IMG_6811-scaled.jpg 1707w\" sizes=\"(max-width: 200px) 100vw, 200px\" \/><\/a>\n\t\t\t<\/dt><\/dl><dl class='gallery-item'>\n\t\t\t<dt class='gallery-icon portrait'>\n\t\t\t\t<a href='http:\/\/laprovidenciaovalle.cl\/colegio\/conmemoracion-dia-internacional-de-la-mujer\/img_6816-2\/'><img width=\"200\" height=\"300\" src=\"http:\/\/laprovidenciaovalle.cl\/colegio\/wp-content\/uploads\/2024\/03\/IMG_6816-200x300.jpg\" class=\"attachment-medium size-medium\" alt=\"\" loading=\"lazy\" srcset=\"http:\/\/laprovidenciaovalle.cl\/colegio\/wp-content\/uploads\/2024\/03\/IMG_6816-200x300.jpg 200w, http:\/\/laprovidenciaovalle.cl\/colegio\/wp-content\/uploads\/2024\/03\/IMG_6816-683x1024.jpg 683w, http:\/\/laprovidenciaovalle.cl\/colegio\/wp-content\/uploads\/2024\/03\/IMG_6816-768x1152.jpg 768w, http:\/\/laprovidenciaovalle.cl\/colegio\/wp-content\/uploads\/2024\/03\/IMG_6816-1024x1536.jpg 1024w, http:\/\/laprovidenciaovalle.cl\/colegio\/wp-content\/uploads\/2024\/03\/IMG_6816-1365x2048.jpg 1365w, http:\/\/laprovidenciaovalle.cl\/colegio\/wp-content\/uploads\/2024\/03\/IMG_6816-100x150.jpg 100w, http:\/\/laprovidenciaovalle.cl\/colegio\/wp-content\/uploads\/2024\/03\/IMG_6816-scaled.jpg 1707w\" sizes=\"(max-width: 200px) 100vw, 200px\" \/><\/a>\n\t\t\t<\/dt><\/dl>\n\t\t\t<br style='clear: both' \/>\n\t\t<\/div>\n\n<p>&nbsp;<\/p>\n<p>&nbsp;<\/p>\n","protected":false},"excerpt":{"rendered":"<p>El d\u00eda 8 de marzo conmemoramos el D\u00eda Internacional de la Mujer, antes denominado D\u00eda Internacional de la Mujer Trabajadora, d\u00eda en el cual se conmemora la lucha de las mujeres por su participaci\u00f3n en la sociedad y su desarrollo \u00edntegro como persona, en pie de igualdad de derechos. Debido a esto en nuestro colegio se realizaron actividades con el&nbsp;<a href=\"http:\/\/laprovidenciaovalle.cl\/colegio\/conmemoracion-dia-internacional-de-la-mujer\/\">[&hellip;]<\/a><\/p>\n","protected":false},"author":5,"featured_media":13031,"comment_status":"closed","ping_status":"closed","sticky":false,"template":"","format":"standard","meta":[],"categories":[16],"tags":[],"yoast_head":"<!-- This site is optimized with the Yoast SEO plugin v15.2 - https:\/\/yoast.com\/wordpress\/plugins\/seo\/ -->\n<title>Conmemoraci\u00f3n D\u00eda Internacional de la Mujer - Colegio La Providencia<\/title>\n<meta name=\"robots\" content=\"index, follow, max-snippet:-1, max-image-preview:large, max-video-preview:-1\" \/>\n<link rel=\"canonical\" href=\"http:\/\/laprovidenciaovalle.cl\/colegio\/conmemoracion-dia-internacional-de-la-mujer\/\" \/>\n<meta property=\"og:locale\" content=\"es_ES\" \/>\n<meta property=\"og:type\" content=\"article\" \/>\n<meta property=\"og:title\" content=\"Conmemoraci\u00f3n D\u00eda Internacional de la Mujer - Colegio La Providencia\" \/>\n<meta property=\"og:description\" content=\"El d\u00eda 8 de marzo conmemoramos el D\u00eda Internacional de la Mujer, antes denominado D\u00eda Internacional de la Mujer Trabajadora, d\u00eda en el cual se conmemora la lucha de las mujeres por su participaci\u00f3n en la sociedad y su desarrollo \u00edntegro como persona, en pie de igualdad de derechos. Debido a esto en nuestro colegio se realizaron actividades con el&nbsp;[&hellip;]\" \/>\n<meta property=\"og:url\" content=\"http:\/\/laprovidenciaovalle.cl\/colegio\/conmemoracion-dia-internacional-de-la-mujer\/\" \/>\n<meta property=\"og:site_name\" content=\"Colegio La Providencia\" \/>\n<meta property=\"article:published_time\" content=\"2024-03-08T16:14:43+00:00\" \/>\n<meta property=\"article:modified_time\" content=\"2024-03-08T16:16:58+00:00\" \/>\n<meta property=\"og:image\" content=\"http:\/\/laprovidenciaovalle.cl\/colegio\/wp-content\/uploads\/2024\/03\/IMG_6695-1-scaled.jpg\" \/>\n\t<meta property=\"og:image:width\" content=\"2560\" \/>\n\t<meta property=\"og:image:height\" content=\"1707\" \/>\n<meta name=\"twitter:card\" content=\"summary_large_image\" \/>\n<meta name=\"twitter:label1\" value=\"Escrito por\">\n\t<meta name=\"twitter:data1\" value=\"Comunicaciones Colegio\">\n\t<meta name=\"twitter:label2\" value=\"Tiempo de lectura\">\n\t<meta name=\"twitter:data2\" value=\"2 minutos\">\n<script type=\"application\/ld+json\" class=\"yoast-schema-graph\">{\"@context\":\"https:\/\/schema.org\",\"@graph\":[{\"@type\":\"WebSite\",\"@id\":\"https:\/\/laprovidenciaovalle.cl\/colegio\/#website\",\"url\":\"https:\/\/laprovidenciaovalle.cl\/colegio\/\",\"name\":\"Colegio La Providencia\",\"description\":\"Ovalle\",\"potentialAction\":[{\"@type\":\"SearchAction\",\"target\":\"https:\/\/laprovidenciaovalle.cl\/colegio\/?s={search_term_string}\",\"query-input\":\"required name=search_term_string\"}],\"inLanguage\":\"es\"},{\"@type\":\"ImageObject\",\"@id\":\"http:\/\/laprovidenciaovalle.cl\/colegio\/conmemoracion-dia-internacional-de-la-mujer\/#primaryimage\",\"inLanguage\":\"es\",\"url\":\"http:\/\/laprovidenciaovalle.cl\/colegio\/wp-content\/uploads\/2024\/03\/IMG_6695-1-scaled.jpg\",\"width\":2560,\"height\":1707},{\"@type\":\"WebPage\",\"@id\":\"http:\/\/laprovidenciaovalle.cl\/colegio\/conmemoracion-dia-internacional-de-la-mujer\/#webpage\",\"url\":\"http:\/\/laprovidenciaovalle.cl\/colegio\/conmemoracion-dia-internacional-de-la-mujer\/\",\"name\":\"Conmemoraci\\u00f3n D\\u00eda Internacional de la Mujer - Colegio La Providencia\",\"isPartOf\":{\"@id\":\"https:\/\/laprovidenciaovalle.cl\/colegio\/#website\"},\"primaryImageOfPage\":{\"@id\":\"http:\/\/laprovidenciaovalle.cl\/colegio\/conmemoracion-dia-internacional-de-la-mujer\/#primaryimage\"},\"datePublished\":\"2024-03-08T16:14:43+00:00\",\"dateModified\":\"2024-03-08T16:16:58+00:00\",\"author\":{\"@id\":\"https:\/\/laprovidenciaovalle.cl\/colegio\/#\/schema\/person\/1035f45cd35e1948fb928fcdc74228fe\"},\"inLanguage\":\"es\",\"potentialAction\":[{\"@type\":\"ReadAction\",\"target\":[\"http:\/\/laprovidenciaovalle.cl\/colegio\/conmemoracion-dia-internacional-de-la-mujer\/\"]}]},{\"@type\":\"Person\",\"@id\":\"https:\/\/laprovidenciaovalle.cl\/colegio\/#\/schema\/person\/1035f45cd35e1948fb928fcdc74228fe\",\"name\":\"Comunicaciones Colegio\",\"image\":{\"@type\":\"ImageObject\",\"@id\":\"https:\/\/laprovidenciaovalle.cl\/colegio\/#personlogo\",\"inLanguage\":\"es\",\"url\":\"http:\/\/2.gravatar.com\/avatar\/5d0b6f6fbda2852def0dc3e63e38d319?s=96&d=mm&r=g\",\"caption\":\"Comunicaciones Colegio\"}}]}<\/script>\n<!-- \/ Yoast SEO plugin. -->","_links":{"self":[{"href":"http:\/\/laprovidenciaovalle.cl\/colegio\/wp-json\/wp\/v2\/posts\/13002"}],"collection":[{"href":"http:\/\/laprovidenciaovalle.cl\/colegio\/wp-json\/wp\/v2\/posts"}],"about":[{"href":"http:\/\/laprovidenciaovalle.cl\/colegio\/wp-json\/wp\/v2\/types\/post"}],"author":[{"embeddable":true,"href":"http:\/\/laprovidenciaovalle.cl\/colegio\/wp-json\/wp\/v2\/users\/5"}],"replies":[{"embeddable":true,"href":"http:\/\/laprovidenciaovalle.cl\/colegio\/wp-json\/wp\/v2\/comments?post=13002"}],"version-history":[{"count":1,"href":"http:\/\/laprovidenciaovalle.cl\/colegio\/wp-json\/wp\/v2\/posts\/13002\/revisions"}],"predecessor-version":[{"id":13032,"href":"http:\/\/laprovidenciaovalle.cl\/colegio\/wp-json\/wp\/v2\/posts\/13002\/revisions\/13032"}],"wp:featuredmedia":[{"embeddable":true,"href":"http:\/\/laprovidenciaovalle.cl\/colegio\/wp-json\/wp\/v2\/media\/13031"}],"wp:attachment":[{"href":"http:\/\/laprovidenciaovalle.cl\/colegio\/wp-json\/wp\/v2\/media?parent=13002"}],"wp:term":[{"taxonomy":"category","embeddable":true,"href":"http:\/\/laprovidenciaovalle.cl\/colegio\/wp-json\/wp\/v2\/categories?post=13002"},{"taxonomy":"post_tag","embeddable":true,"href":"http:\/\/laprovidenciaovalle.cl\/colegio\/wp-json\/wp\/v2\/tags?post=13002"}],"curies":[{"name":"wp","href":"https:\/\/api.w.org\/{rel}","templated":true}]}}