{"id":13033,"date":"2024-03-11T12:02:13","date_gmt":"2024-03-11T15:02:13","guid":{"rendered":"http:\/\/laprovidenciaovalle.cl\/colegio\/?p=13033"},"modified":"2024-03-11T12:13:47","modified_gmt":"2024-03-11T15:13:47","slug":"visitas-biblioteca-cra","status":"publish","type":"post","link":"http:\/\/laprovidenciaovalle.cl\/colegio\/visitas-biblioteca-cra\/","title":{"rendered":"Visitas Biblioteca CRA"},"content":{"rendered":"<p>M\u00e1s de cuatrocientas estudiantes de los nuevos cursos y las especialidades de 3eros medios participaron en un entretenido recorrido por las dependencias de la Biblioteca CRA, oportunidad en que conocieron las colecciones con que cuenta, incluyendo la literatura de especialidades disponible, y adem\u00e1s, tuvieron la oportunidad de conocer el dep\u00f3sito de libros.<\/p>\n<p>Al respecto, Patricia Tapia, Coordinadora del CRA, manifest\u00f3 lo siguiente: &#8220;Esta actividad est\u00e1 enfocada en generar un primer vinculo con las estudiantes nuevas y aquellas que inician su especialidad, para conocer los textos, materiales y recursos disponibles como herramienta para sus procesos de aprendizaje. Estamos muy contentos como equipo con los resultados y recepci\u00f3n de las estudiantes y sus profesores jefes&#8221;.<\/p>\n<p>Con estas visitas se busca contribuir al fortalecimiento de la formaci\u00f3n de las estudiantes, al mismo tiempo, as\u00ed como al desarrollo de sus competencias.<\/p>\n\n\t\t<style type=\"text\/css\">\n\t\t\t#gallery-1 {\n\t\t\t\tmargin: auto;\n\t\t\t}\n\t\t\t#gallery-1 .gallery-item {\n\t\t\t\tfloat: left;\n\t\t\t\tmargin-top: 10px;\n\t\t\t\ttext-align: center;\n\t\t\t\twidth: 33%;\n\t\t\t}\n\t\t\t#gallery-1 img {\n\t\t\t\tborder: 2px solid #cfcfcf;\n\t\t\t}\n\t\t\t#gallery-1 .gallery-caption {\n\t\t\t\tmargin-left: 0;\n\t\t\t}\n\t\t\t\/* see gallery_shortcode() in wp-includes\/media.php *\/\n\t\t<\/style>\n\t\t<div id='gallery-1' class='gallery galleryid-13033 gallery-columns-3 gallery-size-medium'><dl class='gallery-item'>\n\t\t\t<dt class='gallery-icon landscape'>\n\t\t\t\t<a href='http:\/\/laprovidenciaovalle.cl\/colegio\/visitas-biblioteca-cra\/img_6548\/'><img width=\"300\" height=\"200\" src=\"http:\/\/laprovidenciaovalle.cl\/colegio\/wp-content\/uploads\/2024\/03\/IMG_6548-300x200.jpg\" class=\"attachment-medium size-medium\" alt=\"\" loading=\"lazy\" srcset=\"http:\/\/laprovidenciaovalle.cl\/colegio\/wp-content\/uploads\/2024\/03\/IMG_6548-300x200.jpg 300w, http:\/\/laprovidenciaovalle.cl\/colegio\/wp-content\/uploads\/2024\/03\/IMG_6548-1024x683.jpg 1024w, http:\/\/laprovidenciaovalle.cl\/colegio\/wp-content\/uploads\/2024\/03\/IMG_6548-768x510.jpg 768w, http:\/\/laprovidenciaovalle.cl\/colegio\/wp-content\/uploads\/2024\/03\/IMG_6548-1536x1024.jpg 1536w, http:\/\/laprovidenciaovalle.cl\/colegio\/wp-content\/uploads\/2024\/03\/IMG_6548-2048x1365.jpg 2048w, http:\/\/laprovidenciaovalle.cl\/colegio\/wp-content\/uploads\/2024\/03\/IMG_6548-150x100.jpg 150w\" sizes=\"(max-width: 300px) 100vw, 300px\" \/><\/a>\n\t\t\t<\/dt><\/dl><dl class='gallery-item'>\n\t\t\t<dt class='gallery-icon landscape'>\n\t\t\t\t<a href='http:\/\/laprovidenciaovalle.cl\/colegio\/visitas-biblioteca-cra\/img_6553\/'><img width=\"300\" height=\"200\" src=\"http:\/\/laprovidenciaovalle.cl\/colegio\/wp-content\/uploads\/2024\/03\/IMG_6553-300x200.jpg\" class=\"attachment-medium size-medium\" alt=\"\" loading=\"lazy\" srcset=\"http:\/\/laprovidenciaovalle.cl\/colegio\/wp-content\/uploads\/2024\/03\/IMG_6553-300x200.jpg 300w, http:\/\/laprovidenciaovalle.cl\/colegio\/wp-content\/uploads\/2024\/03\/IMG_6553-1024x683.jpg 1024w, http:\/\/laprovidenciaovalle.cl\/colegio\/wp-content\/uploads\/2024\/03\/IMG_6553-768x510.jpg 768w, http:\/\/laprovidenciaovalle.cl\/colegio\/wp-content\/uploads\/2024\/03\/IMG_6553-1536x1024.jpg 1536w, http:\/\/laprovidenciaovalle.cl\/colegio\/wp-content\/uploads\/2024\/03\/IMG_6553-2048x1365.jpg 2048w, http:\/\/laprovidenciaovalle.cl\/colegio\/wp-content\/uploads\/2024\/03\/IMG_6553-150x100.jpg 150w\" sizes=\"(max-width: 300px) 100vw, 300px\" \/><\/a>\n\t\t\t<\/dt><\/dl><dl class='gallery-item'>\n\t\t\t<dt class='gallery-icon landscape'>\n\t\t\t\t<a href='http:\/\/laprovidenciaovalle.cl\/colegio\/visitas-biblioteca-cra\/img_6556\/'><img width=\"300\" height=\"200\" src=\"http:\/\/laprovidenciaovalle.cl\/colegio\/wp-content\/uploads\/2024\/03\/IMG_6556-300x200.jpg\" class=\"attachment-medium size-medium\" alt=\"\" loading=\"lazy\" srcset=\"http:\/\/laprovidenciaovalle.cl\/colegio\/wp-content\/uploads\/2024\/03\/IMG_6556-300x200.jpg 300w, http:\/\/laprovidenciaovalle.cl\/colegio\/wp-content\/uploads\/2024\/03\/IMG_6556-1024x683.jpg 1024w, http:\/\/laprovidenciaovalle.cl\/colegio\/wp-content\/uploads\/2024\/03\/IMG_6556-768x510.jpg 768w, http:\/\/laprovidenciaovalle.cl\/colegio\/wp-content\/uploads\/2024\/03\/IMG_6556-1536x1024.jpg 1536w, http:\/\/laprovidenciaovalle.cl\/colegio\/wp-content\/uploads\/2024\/03\/IMG_6556-2048x1365.jpg 2048w, http:\/\/laprovidenciaovalle.cl\/colegio\/wp-content\/uploads\/2024\/03\/IMG_6556-150x100.jpg 150w\" sizes=\"(max-width: 300px) 100vw, 300px\" \/><\/a>\n\t\t\t<\/dt><\/dl><br style=\"clear: both\" \/><dl class='gallery-item'>\n\t\t\t<dt class='gallery-icon landscape'>\n\t\t\t\t<a href='http:\/\/laprovidenciaovalle.cl\/colegio\/visitas-biblioteca-cra\/img_6824\/'><img width=\"300\" height=\"200\" src=\"http:\/\/laprovidenciaovalle.cl\/colegio\/wp-content\/uploads\/2024\/03\/IMG_6824-300x200.jpg\" class=\"attachment-medium size-medium\" alt=\"\" loading=\"lazy\" srcset=\"http:\/\/laprovidenciaovalle.cl\/colegio\/wp-content\/uploads\/2024\/03\/IMG_6824-300x200.jpg 300w, http:\/\/laprovidenciaovalle.cl\/colegio\/wp-content\/uploads\/2024\/03\/IMG_6824-1024x683.jpg 1024w, http:\/\/laprovidenciaovalle.cl\/colegio\/wp-content\/uploads\/2024\/03\/IMG_6824-768x510.jpg 768w, http:\/\/laprovidenciaovalle.cl\/colegio\/wp-content\/uploads\/2024\/03\/IMG_6824-1536x1024.jpg 1536w, http:\/\/laprovidenciaovalle.cl\/colegio\/wp-content\/uploads\/2024\/03\/IMG_6824-2048x1365.jpg 2048w, http:\/\/laprovidenciaovalle.cl\/colegio\/wp-content\/uploads\/2024\/03\/IMG_6824-150x100.jpg 150w\" sizes=\"(max-width: 300px) 100vw, 300px\" \/><\/a>\n\t\t\t<\/dt><\/dl><dl class='gallery-item'>\n\t\t\t<dt class='gallery-icon landscape'>\n\t\t\t\t<a href='http:\/\/laprovidenciaovalle.cl\/colegio\/visitas-biblioteca-cra\/img_6829-2\/'><img width=\"300\" height=\"200\" src=\"http:\/\/laprovidenciaovalle.cl\/colegio\/wp-content\/uploads\/2024\/03\/IMG_6829-300x200.jpg\" class=\"attachment-medium size-medium\" alt=\"\" loading=\"lazy\" srcset=\"http:\/\/laprovidenciaovalle.cl\/colegio\/wp-content\/uploads\/2024\/03\/IMG_6829-300x200.jpg 300w, http:\/\/laprovidenciaovalle.cl\/colegio\/wp-content\/uploads\/2024\/03\/IMG_6829-1024x683.jpg 1024w, http:\/\/laprovidenciaovalle.cl\/colegio\/wp-content\/uploads\/2024\/03\/IMG_6829-768x510.jpg 768w, http:\/\/laprovidenciaovalle.cl\/colegio\/wp-content\/uploads\/2024\/03\/IMG_6829-1536x1024.jpg 1536w, http:\/\/laprovidenciaovalle.cl\/colegio\/wp-content\/uploads\/2024\/03\/IMG_6829-2048x1365.jpg 2048w, http:\/\/laprovidenciaovalle.cl\/colegio\/wp-content\/uploads\/2024\/03\/IMG_6829-150x100.jpg 150w\" sizes=\"(max-width: 300px) 100vw, 300px\" \/><\/a>\n\t\t\t<\/dt><\/dl><dl class='gallery-item'>\n\t\t\t<dt class='gallery-icon portrait'>\n\t\t\t\t<a href='http:\/\/laprovidenciaovalle.cl\/colegio\/visitas-biblioteca-cra\/img_6542\/'><img width=\"200\" height=\"300\" src=\"http:\/\/laprovidenciaovalle.cl\/colegio\/wp-content\/uploads\/2024\/03\/IMG_6542-200x300.jpg\" class=\"attachment-medium size-medium\" alt=\"\" loading=\"lazy\" srcset=\"http:\/\/laprovidenciaovalle.cl\/colegio\/wp-content\/uploads\/2024\/03\/IMG_6542-200x300.jpg 200w, http:\/\/laprovidenciaovalle.cl\/colegio\/wp-content\/uploads\/2024\/03\/IMG_6542-683x1024.jpg 683w, http:\/\/laprovidenciaovalle.cl\/colegio\/wp-content\/uploads\/2024\/03\/IMG_6542-768x1152.jpg 768w, http:\/\/laprovidenciaovalle.cl\/colegio\/wp-content\/uploads\/2024\/03\/IMG_6542-1024x1536.jpg 1024w, http:\/\/laprovidenciaovalle.cl\/colegio\/wp-content\/uploads\/2024\/03\/IMG_6542-1365x2048.jpg 1365w, http:\/\/laprovidenciaovalle.cl\/colegio\/wp-content\/uploads\/2024\/03\/IMG_6542-100x150.jpg 100w, http:\/\/laprovidenciaovalle.cl\/colegio\/wp-content\/uploads\/2024\/03\/IMG_6542-scaled.jpg 1707w\" sizes=\"(max-width: 200px) 100vw, 200px\" \/><\/a>\n\t\t\t<\/dt><\/dl><br style=\"clear: both\" \/><dl class='gallery-item'>\n\t\t\t<dt class='gallery-icon portrait'>\n\t\t\t\t<a href='http:\/\/laprovidenciaovalle.cl\/colegio\/visitas-biblioteca-cra\/img_6547\/'><img width=\"200\" height=\"300\" src=\"http:\/\/laprovidenciaovalle.cl\/colegio\/wp-content\/uploads\/2024\/03\/IMG_6547-200x300.jpg\" class=\"attachment-medium size-medium\" alt=\"\" loading=\"lazy\" srcset=\"http:\/\/laprovidenciaovalle.cl\/colegio\/wp-content\/uploads\/2024\/03\/IMG_6547-200x300.jpg 200w, http:\/\/laprovidenciaovalle.cl\/colegio\/wp-content\/uploads\/2024\/03\/IMG_6547-683x1024.jpg 683w, http:\/\/laprovidenciaovalle.cl\/colegio\/wp-content\/uploads\/2024\/03\/IMG_6547-768x1152.jpg 768w, http:\/\/laprovidenciaovalle.cl\/colegio\/wp-content\/uploads\/2024\/03\/IMG_6547-1024x1536.jpg 1024w, http:\/\/laprovidenciaovalle.cl\/colegio\/wp-content\/uploads\/2024\/03\/IMG_6547-1365x2048.jpg 1365w, http:\/\/laprovidenciaovalle.cl\/colegio\/wp-content\/uploads\/2024\/03\/IMG_6547-100x150.jpg 100w, http:\/\/laprovidenciaovalle.cl\/colegio\/wp-content\/uploads\/2024\/03\/IMG_6547-scaled.jpg 1707w\" sizes=\"(max-width: 200px) 100vw, 200px\" \/><\/a>\n\t\t\t<\/dt><\/dl><dl class='gallery-item'>\n\t\t\t<dt class='gallery-icon portrait'>\n\t\t\t\t<a href='http:\/\/laprovidenciaovalle.cl\/colegio\/visitas-biblioteca-cra\/img_6549\/'><img width=\"200\" height=\"300\" src=\"http:\/\/laprovidenciaovalle.cl\/colegio\/wp-content\/uploads\/2024\/03\/IMG_6549-200x300.jpg\" class=\"attachment-medium size-medium\" alt=\"\" loading=\"lazy\" srcset=\"http:\/\/laprovidenciaovalle.cl\/colegio\/wp-content\/uploads\/2024\/03\/IMG_6549-200x300.jpg 200w, http:\/\/laprovidenciaovalle.cl\/colegio\/wp-content\/uploads\/2024\/03\/IMG_6549-683x1024.jpg 683w, http:\/\/laprovidenciaovalle.cl\/colegio\/wp-content\/uploads\/2024\/03\/IMG_6549-768x1152.jpg 768w, http:\/\/laprovidenciaovalle.cl\/colegio\/wp-content\/uploads\/2024\/03\/IMG_6549-1024x1536.jpg 1024w, http:\/\/laprovidenciaovalle.cl\/colegio\/wp-content\/uploads\/2024\/03\/IMG_6549-1365x2048.jpg 1365w, http:\/\/laprovidenciaovalle.cl\/colegio\/wp-content\/uploads\/2024\/03\/IMG_6549-100x150.jpg 100w, http:\/\/laprovidenciaovalle.cl\/colegio\/wp-content\/uploads\/2024\/03\/IMG_6549-scaled.jpg 1707w\" sizes=\"(max-width: 200px) 100vw, 200px\" \/><\/a>\n\t\t\t<\/dt><\/dl><dl class='gallery-item'>\n\t\t\t<dt class='gallery-icon portrait'>\n\t\t\t\t<a href='http:\/\/laprovidenciaovalle.cl\/colegio\/visitas-biblioteca-cra\/img_6550\/'><img width=\"200\" height=\"300\" src=\"http:\/\/laprovidenciaovalle.cl\/colegio\/wp-content\/uploads\/2024\/03\/IMG_6550-200x300.jpg\" class=\"attachment-medium size-medium\" alt=\"\" loading=\"lazy\" srcset=\"http:\/\/laprovidenciaovalle.cl\/colegio\/wp-content\/uploads\/2024\/03\/IMG_6550-200x300.jpg 200w, http:\/\/laprovidenciaovalle.cl\/colegio\/wp-content\/uploads\/2024\/03\/IMG_6550-683x1024.jpg 683w, http:\/\/laprovidenciaovalle.cl\/colegio\/wp-content\/uploads\/2024\/03\/IMG_6550-768x1152.jpg 768w, http:\/\/laprovidenciaovalle.cl\/colegio\/wp-content\/uploads\/2024\/03\/IMG_6550-1024x1536.jpg 1024w, http:\/\/laprovidenciaovalle.cl\/colegio\/wp-content\/uploads\/2024\/03\/IMG_6550-1365x2048.jpg 1365w, http:\/\/laprovidenciaovalle.cl\/colegio\/wp-content\/uploads\/2024\/03\/IMG_6550-100x150.jpg 100w, http:\/\/laprovidenciaovalle.cl\/colegio\/wp-content\/uploads\/2024\/03\/IMG_6550-scaled.jpg 1707w\" sizes=\"(max-width: 200px) 100vw, 200px\" \/><\/a>\n\t\t\t<\/dt><\/dl><br style=\"clear: both\" \/><dl class='gallery-item'>\n\t\t\t<dt class='gallery-icon portrait'>\n\t\t\t\t<a href='http:\/\/laprovidenciaovalle.cl\/colegio\/visitas-biblioteca-cra\/img_6837\/'><img width=\"200\" height=\"300\" src=\"http:\/\/laprovidenciaovalle.cl\/colegio\/wp-content\/uploads\/2024\/03\/IMG_6837-200x300.jpg\" class=\"attachment-medium size-medium\" alt=\"\" loading=\"lazy\" srcset=\"http:\/\/laprovidenciaovalle.cl\/colegio\/wp-content\/uploads\/2024\/03\/IMG_6837-200x300.jpg 200w, http:\/\/laprovidenciaovalle.cl\/colegio\/wp-content\/uploads\/2024\/03\/IMG_6837-683x1024.jpg 683w, http:\/\/laprovidenciaovalle.cl\/colegio\/wp-content\/uploads\/2024\/03\/IMG_6837-768x1152.jpg 768w, http:\/\/laprovidenciaovalle.cl\/colegio\/wp-content\/uploads\/2024\/03\/IMG_6837-1024x1536.jpg 1024w, http:\/\/laprovidenciaovalle.cl\/colegio\/wp-content\/uploads\/2024\/03\/IMG_6837-1365x2048.jpg 1365w, http:\/\/laprovidenciaovalle.cl\/colegio\/wp-content\/uploads\/2024\/03\/IMG_6837-100x150.jpg 100w, http:\/\/laprovidenciaovalle.cl\/colegio\/wp-content\/uploads\/2024\/03\/IMG_6837-scaled.jpg 1707w\" sizes=\"(max-width: 200px) 100vw, 200px\" \/><\/a>\n\t\t\t<\/dt><\/dl>\n\t\t\t<br style='clear: both' \/>\n\t\t<\/div>\n\n","protected":false},"excerpt":{"rendered":"<p>M\u00e1s de cuatrocientas estudiantes de los nuevos cursos y las especialidades de 3eros medios participaron en un entretenido recorrido por las dependencias de la Biblioteca CRA, oportunidad en que conocieron las colecciones con que cuenta, incluyendo la literatura de especialidades disponible, y adem\u00e1s, tuvieron la oportunidad de conocer el dep\u00f3sito de libros. Al respecto, Patricia Tapia, Coordinadora del CRA, manifest\u00f3&nbsp;<a href=\"http:\/\/laprovidenciaovalle.cl\/colegio\/visitas-biblioteca-cra\/\">[&hellip;]<\/a><\/p>\n","protected":false},"author":5,"featured_media":13037,"comment_status":"closed","ping_status":"closed","sticky":false,"template":"","format":"standard","meta":[],"categories":[16],"tags":[],"yoast_head":"<!-- This site is optimized with the Yoast SEO plugin v15.2 - https:\/\/yoast.com\/wordpress\/plugins\/seo\/ -->\n<title>Visitas Biblioteca CRA - Colegio La Providencia<\/title>\n<meta name=\"robots\" content=\"index, follow, max-snippet:-1, max-image-preview:large, max-video-preview:-1\" \/>\n<link rel=\"canonical\" href=\"http:\/\/laprovidenciaovalle.cl\/colegio\/visitas-biblioteca-cra\/\" \/>\n<meta property=\"og:locale\" content=\"es_ES\" \/>\n<meta property=\"og:type\" content=\"article\" \/>\n<meta property=\"og:title\" content=\"Visitas Biblioteca CRA - Colegio La Providencia\" \/>\n<meta property=\"og:description\" content=\"M\u00e1s de cuatrocientas estudiantes de los nuevos cursos y las especialidades de 3eros medios participaron en un entretenido recorrido por las dependencias de la Biblioteca CRA, oportunidad en que conocieron las colecciones con que cuenta, incluyendo la literatura de especialidades disponible, y adem\u00e1s, tuvieron la oportunidad de conocer el dep\u00f3sito de libros. Al respecto, Patricia Tapia, Coordinadora del CRA, manifest\u00f3&nbsp;[&hellip;]\" \/>\n<meta property=\"og:url\" content=\"http:\/\/laprovidenciaovalle.cl\/colegio\/visitas-biblioteca-cra\/\" \/>\n<meta property=\"og:site_name\" content=\"Colegio La Providencia\" \/>\n<meta property=\"article:published_time\" content=\"2024-03-11T15:02:13+00:00\" \/>\n<meta property=\"article:modified_time\" content=\"2024-03-11T15:13:47+00:00\" \/>\n<meta property=\"og:image\" content=\"http:\/\/laprovidenciaovalle.cl\/colegio\/wp-content\/uploads\/2024\/03\/IMG_6556-scaled.jpg\" \/>\n\t<meta property=\"og:image:width\" content=\"2560\" \/>\n\t<meta property=\"og:image:height\" content=\"1707\" \/>\n<meta name=\"twitter:card\" content=\"summary_large_image\" \/>\n<meta name=\"twitter:label1\" value=\"Escrito por\">\n\t<meta name=\"twitter:data1\" value=\"Comunicaciones Colegio\">\n\t<meta name=\"twitter:label2\" value=\"Tiempo de lectura\">\n\t<meta name=\"twitter:data2\" value=\"1 minuto\">\n<script type=\"application\/ld+json\" class=\"yoast-schema-graph\">{\"@context\":\"https:\/\/schema.org\",\"@graph\":[{\"@type\":\"WebSite\",\"@id\":\"https:\/\/laprovidenciaovalle.cl\/colegio\/#website\",\"url\":\"https:\/\/laprovidenciaovalle.cl\/colegio\/\",\"name\":\"Colegio La Providencia\",\"description\":\"Ovalle\",\"potentialAction\":[{\"@type\":\"SearchAction\",\"target\":\"https:\/\/laprovidenciaovalle.cl\/colegio\/?s={search_term_string}\",\"query-input\":\"required name=search_term_string\"}],\"inLanguage\":\"es\"},{\"@type\":\"ImageObject\",\"@id\":\"http:\/\/laprovidenciaovalle.cl\/colegio\/visitas-biblioteca-cra\/#primaryimage\",\"inLanguage\":\"es\",\"url\":\"http:\/\/laprovidenciaovalle.cl\/colegio\/wp-content\/uploads\/2024\/03\/IMG_6556-scaled.jpg\",\"width\":2560,\"height\":1707},{\"@type\":\"WebPage\",\"@id\":\"http:\/\/laprovidenciaovalle.cl\/colegio\/visitas-biblioteca-cra\/#webpage\",\"url\":\"http:\/\/laprovidenciaovalle.cl\/colegio\/visitas-biblioteca-cra\/\",\"name\":\"Visitas Biblioteca CRA - Colegio La Providencia\",\"isPartOf\":{\"@id\":\"https:\/\/laprovidenciaovalle.cl\/colegio\/#website\"},\"primaryImageOfPage\":{\"@id\":\"http:\/\/laprovidenciaovalle.cl\/colegio\/visitas-biblioteca-cra\/#primaryimage\"},\"datePublished\":\"2024-03-11T15:02:13+00:00\",\"dateModified\":\"2024-03-11T15:13:47+00:00\",\"author\":{\"@id\":\"https:\/\/laprovidenciaovalle.cl\/colegio\/#\/schema\/person\/1035f45cd35e1948fb928fcdc74228fe\"},\"inLanguage\":\"es\",\"potentialAction\":[{\"@type\":\"ReadAction\",\"target\":[\"http:\/\/laprovidenciaovalle.cl\/colegio\/visitas-biblioteca-cra\/\"]}]},{\"@type\":\"Person\",\"@id\":\"https:\/\/laprovidenciaovalle.cl\/colegio\/#\/schema\/person\/1035f45cd35e1948fb928fcdc74228fe\",\"name\":\"Comunicaciones Colegio\",\"image\":{\"@type\":\"ImageObject\",\"@id\":\"https:\/\/laprovidenciaovalle.cl\/colegio\/#personlogo\",\"inLanguage\":\"es\",\"url\":\"http:\/\/2.gravatar.com\/avatar\/5d0b6f6fbda2852def0dc3e63e38d319?s=96&d=mm&r=g\",\"caption\":\"Comunicaciones Colegio\"}}]}<\/script>\n<!-- \/ Yoast SEO plugin. -->","_links":{"self":[{"href":"http:\/\/laprovidenciaovalle.cl\/colegio\/wp-json\/wp\/v2\/posts\/13033"}],"collection":[{"href":"http:\/\/laprovidenciaovalle.cl\/colegio\/wp-json\/wp\/v2\/posts"}],"about":[{"href":"http:\/\/laprovidenciaovalle.cl\/colegio\/wp-json\/wp\/v2\/types\/post"}],"author":[{"embeddable":true,"href":"http:\/\/laprovidenciaovalle.cl\/colegio\/wp-json\/wp\/v2\/users\/5"}],"replies":[{"embeddable":true,"href":"http:\/\/laprovidenciaovalle.cl\/colegio\/wp-json\/wp\/v2\/comments?post=13033"}],"version-history":[{"count":3,"href":"http:\/\/laprovidenciaovalle.cl\/colegio\/wp-json\/wp\/v2\/posts\/13033\/revisions"}],"predecessor-version":[{"id":13047,"href":"http:\/\/laprovidenciaovalle.cl\/colegio\/wp-json\/wp\/v2\/posts\/13033\/revisions\/13047"}],"wp:featuredmedia":[{"embeddable":true,"href":"http:\/\/laprovidenciaovalle.cl\/colegio\/wp-json\/wp\/v2\/media\/13037"}],"wp:attachment":[{"href":"http:\/\/laprovidenciaovalle.cl\/colegio\/wp-json\/wp\/v2\/media?parent=13033"}],"wp:term":[{"taxonomy":"category","embeddable":true,"href":"http:\/\/laprovidenciaovalle.cl\/colegio\/wp-json\/wp\/v2\/categories?post=13033"},{"taxonomy":"post_tag","embeddable":true,"href":"http:\/\/laprovidenciaovalle.cl\/colegio\/wp-json\/wp\/v2\/tags?post=13033"}],"curies":[{"name":"wp","href":"https:\/\/api.w.org\/{rel}","templated":true}]}}