{"id":1352,"date":"2014-11-07T20:44:32","date_gmt":"2014-11-07T20:44:32","guid":{"rendered":"http:\/\/laprovidenciaovalle.cl\/colegio\/?p=1352"},"modified":"2018-03-06T13:23:27","modified_gmt":"2018-03-06T16:23:27","slug":"equipo-de-basquetbol-del-colegio-obtiene-el-primer-lugar-regional-en-categoria-sub-16","status":"publish","type":"post","link":"http:\/\/laprovidenciaovalle.cl\/colegio\/equipo-de-basquetbol-del-colegio-obtiene-el-primer-lugar-regional-en-categoria-sub-16\/","title":{"rendered":"Equipo de b\u00e1squetbol del Colegio obtiene el primer lugar regional en categor\u00eda Sub 16"},"content":{"rendered":"<p>Felicitamos a nuestro equipo de basquetbol por obtener el\u00a0<strong>Primer Lugar Regional en la categor\u00eda Sub 16<\/strong>.<\/p>\n<p>El Campeonato se desarroll\u00f3 en Coquimbo (Tierras Blancas) el 5 de Noviembre y en vibrantes partidos se le gan\u00f3 a la Provincia de Elqui ( Francis School ) y a la Provincia del Choapa ( Santa Teresa ).<\/p>\n","protected":false},"excerpt":{"rendered":"<p>Felicitamos a nuestro equipo de basquetbol por obtener el\u00a0Primer Lugar Regional en la categor\u00eda Sub 16. El Campeonato se desarroll\u00f3 en Coquimbo (Tierras Blancas) el 5 de Noviembre y en vibrantes partidos se le gan\u00f3 a la Provincia de Elqui ( Francis School ) y a la Provincia del Choapa ( Santa Teresa ).<\/p>\n","protected":false},"author":2,"featured_media":1587,"comment_status":"closed","ping_status":"closed","sticky":false,"template":"","format":"standard","meta":[],"categories":[16],"tags":[22,21],"yoast_head":"<!-- This site is optimized with the Yoast SEO plugin v15.2 - https:\/\/yoast.com\/wordpress\/plugins\/seo\/ -->\n<title>Equipo de b\u00e1squetbol del Colegio obtiene el primer lugar regional en categor\u00eda Sub 16 - Colegio La Providencia<\/title>\n<meta name=\"robots\" content=\"index, follow, max-snippet:-1, max-image-preview:large, max-video-preview:-1\" \/>\n<link rel=\"canonical\" href=\"http:\/\/laprovidenciaovalle.cl\/colegio\/equipo-de-basquetbol-del-colegio-obtiene-el-primer-lugar-regional-en-categoria-sub-16\/\" \/>\n<meta property=\"og:locale\" content=\"es_ES\" \/>\n<meta property=\"og:type\" content=\"article\" \/>\n<meta property=\"og:title\" content=\"Equipo de b\u00e1squetbol del Colegio obtiene el primer lugar regional en categor\u00eda Sub 16 - Colegio La Providencia\" \/>\n<meta property=\"og:description\" content=\"Felicitamos a nuestro equipo de basquetbol por obtener el\u00a0Primer Lugar Regional en la categor\u00eda Sub 16. El Campeonato se desarroll\u00f3 en Coquimbo (Tierras Blancas) el 5 de Noviembre y en vibrantes partidos se le gan\u00f3 a la Provincia de Elqui ( Francis School ) y a la Provincia del Choapa ( Santa Teresa ).\" \/>\n<meta property=\"og:url\" content=\"http:\/\/laprovidenciaovalle.cl\/colegio\/equipo-de-basquetbol-del-colegio-obtiene-el-primer-lugar-regional-en-categoria-sub-16\/\" \/>\n<meta property=\"og:site_name\" content=\"Colegio La Providencia\" \/>\n<meta property=\"article:published_time\" content=\"2014-11-07T20:44:32+00:00\" \/>\n<meta property=\"article:modified_time\" content=\"2018-03-06T16:23:27+00:00\" \/>\n<meta property=\"og:image\" content=\"http:\/\/laprovidenciaovalle.cl\/colegio\/wp-content\/uploads\/2018\/03\/OvalleBasquetbol.jpg\" \/>\n\t<meta property=\"og:image:width\" content=\"821\" \/>\n\t<meta property=\"og:image:height\" content=\"430\" \/>\n<meta name=\"twitter:card\" content=\"summary_large_image\" \/>\n<meta name=\"twitter:label1\" value=\"Escrito por\">\n\t<meta name=\"twitter:data1\" value=\"Juan Tapia\">\n\t<meta name=\"twitter:label2\" value=\"Tiempo de lectura\">\n\t<meta name=\"twitter:data2\" value=\"0 minutos\">\n<script type=\"application\/ld+json\" class=\"yoast-schema-graph\">{\"@context\":\"https:\/\/schema.org\",\"@graph\":[{\"@type\":\"WebSite\",\"@id\":\"https:\/\/laprovidenciaovalle.cl\/colegio\/#website\",\"url\":\"https:\/\/laprovidenciaovalle.cl\/colegio\/\",\"name\":\"Colegio La Providencia\",\"description\":\"Ovalle\",\"potentialAction\":[{\"@type\":\"SearchAction\",\"target\":\"https:\/\/laprovidenciaovalle.cl\/colegio\/?s={search_term_string}\",\"query-input\":\"required name=search_term_string\"}],\"inLanguage\":\"es\"},{\"@type\":\"ImageObject\",\"@id\":\"http:\/\/laprovidenciaovalle.cl\/colegio\/equipo-de-basquetbol-del-colegio-obtiene-el-primer-lugar-regional-en-categoria-sub-16\/#primaryimage\",\"inLanguage\":\"es\",\"url\":\"http:\/\/laprovidenciaovalle.cl\/colegio\/wp-content\/uploads\/2018\/03\/OvalleBasquetbol.jpg\",\"width\":821,\"height\":430,\"caption\":\"Talleres y actividades deportivas\"},{\"@type\":\"WebPage\",\"@id\":\"http:\/\/laprovidenciaovalle.cl\/colegio\/equipo-de-basquetbol-del-colegio-obtiene-el-primer-lugar-regional-en-categoria-sub-16\/#webpage\",\"url\":\"http:\/\/laprovidenciaovalle.cl\/colegio\/equipo-de-basquetbol-del-colegio-obtiene-el-primer-lugar-regional-en-categoria-sub-16\/\",\"name\":\"Equipo de b\\u00e1squetbol del Colegio obtiene el primer lugar regional en categor\\u00eda Sub 16 - Colegio La Providencia\",\"isPartOf\":{\"@id\":\"https:\/\/laprovidenciaovalle.cl\/colegio\/#website\"},\"primaryImageOfPage\":{\"@id\":\"http:\/\/laprovidenciaovalle.cl\/colegio\/equipo-de-basquetbol-del-colegio-obtiene-el-primer-lugar-regional-en-categoria-sub-16\/#primaryimage\"},\"datePublished\":\"2014-11-07T20:44:32+00:00\",\"dateModified\":\"2018-03-06T16:23:27+00:00\",\"author\":{\"@id\":\"https:\/\/laprovidenciaovalle.cl\/colegio\/#\/schema\/person\/79a9d087f3edc9706a78409085192848\"},\"inLanguage\":\"es\",\"potentialAction\":[{\"@type\":\"ReadAction\",\"target\":[\"http:\/\/laprovidenciaovalle.cl\/colegio\/equipo-de-basquetbol-del-colegio-obtiene-el-primer-lugar-regional-en-categoria-sub-16\/\"]}]},{\"@type\":\"Person\",\"@id\":\"https:\/\/laprovidenciaovalle.cl\/colegio\/#\/schema\/person\/79a9d087f3edc9706a78409085192848\",\"name\":\"Juan Tapia\",\"image\":{\"@type\":\"ImageObject\",\"@id\":\"https:\/\/laprovidenciaovalle.cl\/colegio\/#personlogo\",\"inLanguage\":\"es\",\"url\":\"http:\/\/0.gravatar.com\/avatar\/09b33234aebadb6ee946fada46981d9a?s=96&d=mm&r=g\",\"caption\":\"Juan Tapia\"}}]}<\/script>\n<!-- \/ Yoast SEO plugin. -->","_links":{"self":[{"href":"http:\/\/laprovidenciaovalle.cl\/colegio\/wp-json\/wp\/v2\/posts\/1352"}],"collection":[{"href":"http:\/\/laprovidenciaovalle.cl\/colegio\/wp-json\/wp\/v2\/posts"}],"about":[{"href":"http:\/\/laprovidenciaovalle.cl\/colegio\/wp-json\/wp\/v2\/types\/post"}],"author":[{"embeddable":true,"href":"http:\/\/laprovidenciaovalle.cl\/colegio\/wp-json\/wp\/v2\/users\/2"}],"replies":[{"embeddable":true,"href":"http:\/\/laprovidenciaovalle.cl\/colegio\/wp-json\/wp\/v2\/comments?post=1352"}],"version-history":[{"count":1,"href":"http:\/\/laprovidenciaovalle.cl\/colegio\/wp-json\/wp\/v2\/posts\/1352\/revisions"}],"predecessor-version":[{"id":1354,"href":"http:\/\/laprovidenciaovalle.cl\/colegio\/wp-json\/wp\/v2\/posts\/1352\/revisions\/1354"}],"wp:featuredmedia":[{"embeddable":true,"href":"http:\/\/laprovidenciaovalle.cl\/colegio\/wp-json\/wp\/v2\/media\/1587"}],"wp:attachment":[{"href":"http:\/\/laprovidenciaovalle.cl\/colegio\/wp-json\/wp\/v2\/media?parent=1352"}],"wp:term":[{"taxonomy":"category","embeddable":true,"href":"http:\/\/laprovidenciaovalle.cl\/colegio\/wp-json\/wp\/v2\/categories?post=1352"},{"taxonomy":"post_tag","embeddable":true,"href":"http:\/\/laprovidenciaovalle.cl\/colegio\/wp-json\/wp\/v2\/tags?post=1352"}],"curies":[{"name":"wp","href":"https:\/\/api.w.org\/{rel}","templated":true}]}}