{"id":1356,"date":"2014-11-13T20:52:20","date_gmt":"2014-11-13T20:52:20","guid":{"rendered":"http:\/\/laprovidenciaovalle.cl\/colegio\/?p=1356"},"modified":"2018-01-23T12:18:24","modified_gmt":"2018-01-23T15:18:24","slug":"colegio-providencia-de-ovalle-celebro-sus-108-anos","status":"publish","type":"post","link":"http:\/\/laprovidenciaovalle.cl\/colegio\/colegio-providencia-de-ovalle-celebro-sus-108-anos\/","title":{"rendered":"Colegio Providencia de Ovalle celebr\u00f3 sus 108 a\u00f1os"},"content":{"rendered":"<p>Durante la fr\u00eda ma\u00f1ana del pasado 8 de octubre\u00a0<strong>el Colegio \u201cLa Providencia\u201d de Ovalle, parte integrante de nuestro Ministerio Educacional, conmemor\u00f3 los 108 a\u00f1os desde su fundaci\u00f3n<\/strong>\u00a0con una bella Eucarist\u00eda presidida por Monse\u00f1or Ren\u00e9 Rebolledo.<\/p>\n<p>En ella estuvieron presentes la totalidad de alumnas, administrativos, profesores, cuerpo directivo y apoderados. Asimismo, formaron parte de la celebraci\u00f3n la Superiora Provincial de nuestra Congregaci\u00f3n, Hermana Ana Teresa Araya, la Directora del Colegio Providencia de La Serena, Hermana Bibiana Saavedra, adem\u00e1s de sacerdotes de las parroquias aleda\u00f1as y autoridades, tanto comunales como regionales.<\/p>\n<p>Durante la Eucarist\u00eda, se or\u00f3 especialmente por las vocaciones, para que el testimonio de vida de las Madres fundadoras motive a las j\u00f3venes que quieran continuar con la misi\u00f3n de la Congregaci\u00f3n y \u201cseguir siendo signo de esperanza y vida nueva\u201d.<\/p>\n<p>Al finalizar la Santa Misa, la Directora del establecimiento, Hermana Mar\u00eda Eugenia Arancibia, tuvo muestras de agradecimientos con los presentes, manifestando gratitud a Dios por el acompa\u00f1amiento en su labor pastoral y educativa. Adem\u00e1s, destac\u00f3 al Cuerpo Docente y Asistentes de Educaci\u00f3n por el importante trabajo que realizan d\u00eda a d\u00eda al interior del colegio.<\/p>\n<p>Finalmente, se entreg\u00f3 un reconocimiento a todos los funcionarios y trabajadoras que se mantienen sirviendo en el colegio por m\u00e1s de 25 a\u00f1os, quienes contribuyen de manera espiritual y acad\u00e9mica en la misi\u00f3n educativa que realiza nuestra Congregaci\u00f3n en la Provincia de Limar\u00ed desde 1906.<\/p>\n<p><em>Fuente:\u00a0<a href=\"http:\/\/www.iglesia.cl\/\">www.iglesia.cl<\/a>.<\/em><\/p>\n\n\t\t<style type=\"text\/css\">\n\t\t\t#gallery-1 {\n\t\t\t\tmargin: auto;\n\t\t\t}\n\t\t\t#gallery-1 .gallery-item {\n\t\t\t\tfloat: left;\n\t\t\t\tmargin-top: 10px;\n\t\t\t\ttext-align: center;\n\t\t\t\twidth: 25%;\n\t\t\t}\n\t\t\t#gallery-1 img {\n\t\t\t\tborder: 2px solid #cfcfcf;\n\t\t\t}\n\t\t\t#gallery-1 .gallery-caption {\n\t\t\t\tmargin-left: 0;\n\t\t\t}\n\t\t\t\/* see gallery_shortcode() in wp-includes\/media.php *\/\n\t\t<\/style>\n\t\t<div id='gallery-1' class='gallery galleryid-1356 gallery-columns-4 gallery-size-thumbnail'><dl class='gallery-item'>\n\t\t\t<dt class='gallery-icon landscape'>\n\t\t\t\t<a href='http:\/\/laprovidenciaovalle.cl\/colegio\/wp-content\/uploads\/2017\/12\/Providencia-Ovalle4.jpg'><img width=\"150\" height=\"150\" src=\"http:\/\/laprovidenciaovalle.cl\/colegio\/wp-content\/uploads\/2017\/12\/Providencia-Ovalle4-150x150.jpg\" class=\"attachment-thumbnail size-thumbnail\" alt=\"\" loading=\"lazy\" \/><\/a>\n\t\t\t<\/dt><\/dl><dl class='gallery-item'>\n\t\t\t<dt class='gallery-icon landscape'>\n\t\t\t\t<a href='http:\/\/laprovidenciaovalle.cl\/colegio\/wp-content\/uploads\/2017\/12\/Providencia-Ovalle3.jpg'><img width=\"150\" height=\"150\" src=\"http:\/\/laprovidenciaovalle.cl\/colegio\/wp-content\/uploads\/2017\/12\/Providencia-Ovalle3-150x150.jpg\" class=\"attachment-thumbnail size-thumbnail\" alt=\"\" loading=\"lazy\" \/><\/a>\n\t\t\t<\/dt><\/dl><dl class='gallery-item'>\n\t\t\t<dt class='gallery-icon landscape'>\n\t\t\t\t<a href='http:\/\/laprovidenciaovalle.cl\/colegio\/wp-content\/uploads\/2017\/12\/Providencia-Ovalle2-e1513273880832.jpg'><img width=\"150\" height=\"150\" src=\"http:\/\/laprovidenciaovalle.cl\/colegio\/wp-content\/uploads\/2017\/12\/Providencia-Ovalle2-e1513273880832-150x150.jpg\" class=\"attachment-thumbnail size-thumbnail\" alt=\"\" loading=\"lazy\" \/><\/a>\n\t\t\t<\/dt><\/dl><dl class='gallery-item'>\n\t\t\t<dt class='gallery-icon landscape'>\n\t\t\t\t<a href='http:\/\/laprovidenciaovalle.cl\/colegio\/wp-content\/uploads\/2017\/12\/Providencia-Ovalle1.jpg'><img width=\"150\" height=\"150\" src=\"http:\/\/laprovidenciaovalle.cl\/colegio\/wp-content\/uploads\/2017\/12\/Providencia-Ovalle1-150x150.jpg\" class=\"attachment-thumbnail size-thumbnail\" alt=\"\" loading=\"lazy\" \/><\/a>\n\t\t\t<\/dt><\/dl><br style=\"clear: both\" \/>\n\t\t<\/div>\n\n","protected":false},"excerpt":{"rendered":"<p>Durante la fr\u00eda ma\u00f1ana del pasado 8 de octubre\u00a0el Colegio \u201cLa Providencia\u201d de Ovalle, parte integrante de nuestro Ministerio Educacional, conmemor\u00f3 los 108 a\u00f1os desde su fundaci\u00f3n\u00a0con una bella Eucarist\u00eda presidida por Monse\u00f1or Ren\u00e9 Rebolledo. En ella estuvieron presentes la totalidad de alumnas, administrativos, profesores, cuerpo directivo y apoderados. Asimismo, formaron parte de la celebraci\u00f3n la Superiora Provincial de nuestra&nbsp;<a href=\"http:\/\/laprovidenciaovalle.cl\/colegio\/colegio-providencia-de-ovalle-celebro-sus-108-anos\/\">[&hellip;]<\/a><\/p>\n","protected":false},"author":3,"featured_media":1358,"comment_status":"closed","ping_status":"closed","sticky":false,"template":"","format":"standard","meta":[],"categories":[16],"tags":[18,20,19],"yoast_head":"<!-- This site is optimized with the Yoast SEO plugin v15.2 - https:\/\/yoast.com\/wordpress\/plugins\/seo\/ -->\n<title>Colegio Providencia de Ovalle celebr\u00f3 sus 108 a\u00f1os - Colegio La Providencia<\/title>\n<meta name=\"robots\" content=\"index, follow, max-snippet:-1, max-image-preview:large, max-video-preview:-1\" \/>\n<link rel=\"canonical\" href=\"http:\/\/laprovidenciaovalle.cl\/colegio\/colegio-providencia-de-ovalle-celebro-sus-108-anos\/\" \/>\n<meta property=\"og:locale\" content=\"es_ES\" \/>\n<meta property=\"og:type\" content=\"article\" \/>\n<meta property=\"og:title\" content=\"Colegio Providencia de Ovalle celebr\u00f3 sus 108 a\u00f1os - Colegio La Providencia\" \/>\n<meta property=\"og:description\" content=\"Durante la fr\u00eda ma\u00f1ana del pasado 8 de octubre\u00a0el Colegio \u201cLa Providencia\u201d de Ovalle, parte integrante de nuestro Ministerio Educacional, conmemor\u00f3 los 108 a\u00f1os desde su fundaci\u00f3n\u00a0con una bella Eucarist\u00eda presidida por Monse\u00f1or Ren\u00e9 Rebolledo. En ella estuvieron presentes la totalidad de alumnas, administrativos, profesores, cuerpo directivo y apoderados. Asimismo, formaron parte de la celebraci\u00f3n la Superiora Provincial de nuestra&nbsp;[&hellip;]\" \/>\n<meta property=\"og:url\" content=\"http:\/\/laprovidenciaovalle.cl\/colegio\/colegio-providencia-de-ovalle-celebro-sus-108-anos\/\" \/>\n<meta property=\"og:site_name\" content=\"Colegio La Providencia\" \/>\n<meta property=\"article:published_time\" content=\"2014-11-13T20:52:20+00:00\" \/>\n<meta property=\"article:modified_time\" content=\"2018-01-23T15:18:24+00:00\" \/>\n<meta property=\"og:image\" content=\"http:\/\/laprovidenciaovalle.cl\/colegio\/wp-content\/uploads\/2017\/12\/Providencia-Ovalle2-e1513273880832.jpg\" \/>\n\t<meta property=\"og:image:width\" content=\"600\" \/>\n\t<meta property=\"og:image:height\" content=\"450\" \/>\n<meta name=\"twitter:card\" content=\"summary_large_image\" \/>\n<meta name=\"twitter:label1\" value=\"Escrito por\">\n\t<meta name=\"twitter:data1\" value=\"Colegio Providencia\">\n\t<meta name=\"twitter:label2\" value=\"Tiempo de lectura\">\n\t<meta name=\"twitter:data2\" value=\"1 minuto\">\n<script type=\"application\/ld+json\" class=\"yoast-schema-graph\">{\"@context\":\"https:\/\/schema.org\",\"@graph\":[{\"@type\":\"WebSite\",\"@id\":\"https:\/\/laprovidenciaovalle.cl\/colegio\/#website\",\"url\":\"https:\/\/laprovidenciaovalle.cl\/colegio\/\",\"name\":\"Colegio La Providencia\",\"description\":\"Ovalle\",\"potentialAction\":[{\"@type\":\"SearchAction\",\"target\":\"https:\/\/laprovidenciaovalle.cl\/colegio\/?s={search_term_string}\",\"query-input\":\"required name=search_term_string\"}],\"inLanguage\":\"es\"},{\"@type\":\"ImageObject\",\"@id\":\"http:\/\/laprovidenciaovalle.cl\/colegio\/colegio-providencia-de-ovalle-celebro-sus-108-anos\/#primaryimage\",\"inLanguage\":\"es\",\"url\":\"http:\/\/laprovidenciaovalle.cl\/colegio\/wp-content\/uploads\/2017\/12\/Providencia-Ovalle2-e1513273880832.jpg\",\"width\":600,\"height\":450},{\"@type\":\"WebPage\",\"@id\":\"http:\/\/laprovidenciaovalle.cl\/colegio\/colegio-providencia-de-ovalle-celebro-sus-108-anos\/#webpage\",\"url\":\"http:\/\/laprovidenciaovalle.cl\/colegio\/colegio-providencia-de-ovalle-celebro-sus-108-anos\/\",\"name\":\"Colegio Providencia de Ovalle celebr\\u00f3 sus 108 a\\u00f1os - Colegio La Providencia\",\"isPartOf\":{\"@id\":\"https:\/\/laprovidenciaovalle.cl\/colegio\/#website\"},\"primaryImageOfPage\":{\"@id\":\"http:\/\/laprovidenciaovalle.cl\/colegio\/colegio-providencia-de-ovalle-celebro-sus-108-anos\/#primaryimage\"},\"datePublished\":\"2014-11-13T20:52:20+00:00\",\"dateModified\":\"2018-01-23T15:18:24+00:00\",\"author\":{\"@id\":\"https:\/\/laprovidenciaovalle.cl\/colegio\/#\/schema\/person\/1362444765d56016f579154ec8091ec5\"},\"inLanguage\":\"es\",\"potentialAction\":[{\"@type\":\"ReadAction\",\"target\":[\"http:\/\/laprovidenciaovalle.cl\/colegio\/colegio-providencia-de-ovalle-celebro-sus-108-anos\/\"]}]},{\"@type\":\"Person\",\"@id\":\"https:\/\/laprovidenciaovalle.cl\/colegio\/#\/schema\/person\/1362444765d56016f579154ec8091ec5\",\"name\":\"Colegio Providencia\",\"image\":{\"@type\":\"ImageObject\",\"@id\":\"https:\/\/laprovidenciaovalle.cl\/colegio\/#personlogo\",\"inLanguage\":\"es\",\"url\":\"http:\/\/0.gravatar.com\/avatar\/34bc81a6b954b8d6bc45e2810f17145d?s=96&d=mm&r=g\",\"caption\":\"Colegio Providencia\"}}]}<\/script>\n<!-- \/ Yoast SEO plugin. -->","_links":{"self":[{"href":"http:\/\/laprovidenciaovalle.cl\/colegio\/wp-json\/wp\/v2\/posts\/1356"}],"collection":[{"href":"http:\/\/laprovidenciaovalle.cl\/colegio\/wp-json\/wp\/v2\/posts"}],"about":[{"href":"http:\/\/laprovidenciaovalle.cl\/colegio\/wp-json\/wp\/v2\/types\/post"}],"author":[{"embeddable":true,"href":"http:\/\/laprovidenciaovalle.cl\/colegio\/wp-json\/wp\/v2\/users\/3"}],"replies":[{"embeddable":true,"href":"http:\/\/laprovidenciaovalle.cl\/colegio\/wp-json\/wp\/v2\/comments?post=1356"}],"version-history":[{"count":2,"href":"http:\/\/laprovidenciaovalle.cl\/colegio\/wp-json\/wp\/v2\/posts\/1356\/revisions"}],"predecessor-version":[{"id":1414,"href":"http:\/\/laprovidenciaovalle.cl\/colegio\/wp-json\/wp\/v2\/posts\/1356\/revisions\/1414"}],"wp:featuredmedia":[{"embeddable":true,"href":"http:\/\/laprovidenciaovalle.cl\/colegio\/wp-json\/wp\/v2\/media\/1358"}],"wp:attachment":[{"href":"http:\/\/laprovidenciaovalle.cl\/colegio\/wp-json\/wp\/v2\/media?parent=1356"}],"wp:term":[{"taxonomy":"category","embeddable":true,"href":"http:\/\/laprovidenciaovalle.cl\/colegio\/wp-json\/wp\/v2\/categories?post=1356"},{"taxonomy":"post_tag","embeddable":true,"href":"http:\/\/laprovidenciaovalle.cl\/colegio\/wp-json\/wp\/v2\/tags?post=1356"}],"curies":[{"name":"wp","href":"https:\/\/api.w.org\/{rel}","templated":true}]}}