{"id":1612,"date":"2018-03-26T11:15:56","date_gmt":"2018-03-26T14:15:56","guid":{"rendered":"http:\/\/laprovidenciaovalle.cl\/colegio\/?p=1612"},"modified":"2018-03-26T11:15:56","modified_gmt":"2018-03-26T14:15:56","slug":"con-eucaristia-dimos-inicio-al-ano-escolar-en-colegio-la-providencia-de-ovalle","status":"publish","type":"post","link":"http:\/\/laprovidenciaovalle.cl\/colegio\/con-eucaristia-dimos-inicio-al-ano-escolar-en-colegio-la-providencia-de-ovalle\/","title":{"rendered":"Con Eucarist\u00eda dimos inicio al a\u00f1o escolar en Colegio La Providencia de Ovalle"},"content":{"rendered":"<p>El jueves 15 de marzo a las 11:00 horas en el Techado del establecimiento se celebr\u00f3 la\u00a0<strong>Misa de Inicio del A\u00f1o Escolar<\/strong>, presidida por el padre Jorge Arancibia y concelebrada por el padre Juan Carlos Godoy. Se or\u00f3 por el nuevo a\u00f1o escolar y se dio la bienvenida a las nuevas alumnas de 7\u00ba y 1 A\u00f1o Medios y docentes que se integran en este nuevo periodo.<\/p>\n<p>La misa cont\u00f3 con la presencia de la comunidad estudiantil compuesta por un total de 1.008 alumnas, junto a 99 docentes y asistentes de la educaci\u00f3n.<\/p>\n<p>La hermana Mar\u00eda Eugenia Arancibia (sp), en su Acci\u00f3n de Gracias, dio la bienvenida a las nuevas alumnas y docentes que se integran e inst\u00f3 a toda la Comunidad Educativa a enfocar nuestro trabajo con alegr\u00eda, sabiendo que somos hijos predilectos y bendecidos por Dios Padre, record\u00e1ndonos que debemos basarnos en los <strong>Valores<\/strong> y <strong>Carisma<\/strong> de la Congregaci\u00f3n Hermanas de la Providencia, que este a\u00f1o celebra <strong>175 a\u00f1os de<\/strong> <strong>servicio<\/strong> a trav\u00e9s de las distintas obras que mantiene en el mundo.<\/p>\n\n\t\t<style type=\"text\/css\">\n\t\t\t#gallery-1 {\n\t\t\t\tmargin: auto;\n\t\t\t}\n\t\t\t#gallery-1 .gallery-item {\n\t\t\t\tfloat: left;\n\t\t\t\tmargin-top: 10px;\n\t\t\t\ttext-align: center;\n\t\t\t\twidth: 33%;\n\t\t\t}\n\t\t\t#gallery-1 img {\n\t\t\t\tborder: 2px solid #cfcfcf;\n\t\t\t}\n\t\t\t#gallery-1 .gallery-caption {\n\t\t\t\tmargin-left: 0;\n\t\t\t}\n\t\t\t\/* see gallery_shortcode() in wp-includes\/media.php *\/\n\t\t<\/style>\n\t\t<div id='gallery-1' class='gallery galleryid-1612 gallery-columns-3 gallery-size-thumbnail'><dl class='gallery-item'>\n\t\t\t<dt class='gallery-icon landscape'>\n\t\t\t\t<a href='http:\/\/laprovidenciaovalle.cl\/colegio\/wp-content\/uploads\/2018\/03\/OvalleInicia1.jpg'><img width=\"150\" height=\"150\" src=\"http:\/\/laprovidenciaovalle.cl\/colegio\/wp-content\/uploads\/2018\/03\/OvalleInicia1-150x150.jpg\" class=\"attachment-thumbnail size-thumbnail\" alt=\"\" loading=\"lazy\" srcset=\"http:\/\/laprovidenciaovalle.cl\/colegio\/wp-content\/uploads\/2018\/03\/OvalleInicia1-150x150.jpg 150w, http:\/\/laprovidenciaovalle.cl\/colegio\/wp-content\/uploads\/2018\/03\/OvalleInicia1-768x768.jpg 768w\" sizes=\"(max-width: 150px) 100vw, 150px\" \/><\/a>\n\t\t\t<\/dt><\/dl><dl class='gallery-item'>\n\t\t\t<dt class='gallery-icon landscape'>\n\t\t\t\t<a href='http:\/\/laprovidenciaovalle.cl\/colegio\/wp-content\/uploads\/2018\/03\/OvalleInicia3.jpg'><img width=\"150\" height=\"150\" src=\"http:\/\/laprovidenciaovalle.cl\/colegio\/wp-content\/uploads\/2018\/03\/OvalleInicia3-150x150.jpg\" class=\"attachment-thumbnail size-thumbnail\" alt=\"\" loading=\"lazy\" srcset=\"http:\/\/laprovidenciaovalle.cl\/colegio\/wp-content\/uploads\/2018\/03\/OvalleInicia3-150x150.jpg 150w, http:\/\/laprovidenciaovalle.cl\/colegio\/wp-content\/uploads\/2018\/03\/OvalleInicia3-768x768.jpg 768w\" sizes=\"(max-width: 150px) 100vw, 150px\" \/><\/a>\n\t\t\t<\/dt><\/dl><dl class='gallery-item'>\n\t\t\t<dt class='gallery-icon landscape'>\n\t\t\t\t<a href='http:\/\/laprovidenciaovalle.cl\/colegio\/wp-content\/uploads\/2018\/03\/OvalleInicia2.jpg'><img width=\"150\" height=\"150\" src=\"http:\/\/laprovidenciaovalle.cl\/colegio\/wp-content\/uploads\/2018\/03\/OvalleInicia2-150x150.jpg\" class=\"attachment-thumbnail size-thumbnail\" alt=\"\" loading=\"lazy\" srcset=\"http:\/\/laprovidenciaovalle.cl\/colegio\/wp-content\/uploads\/2018\/03\/OvalleInicia2-150x150.jpg 150w, http:\/\/laprovidenciaovalle.cl\/colegio\/wp-content\/uploads\/2018\/03\/OvalleInicia2-768x768.jpg 768w\" sizes=\"(max-width: 150px) 100vw, 150px\" \/><\/a>\n\t\t\t<\/dt><\/dl><br style=\"clear: both\" \/>\n\t\t<\/div>\n\n","protected":false},"excerpt":{"rendered":"<p>El jueves 15 de marzo a las 11:00 horas en el Techado del establecimiento se celebr\u00f3 la\u00a0Misa de Inicio del A\u00f1o Escolar, presidida por el padre Jorge Arancibia y concelebrada por el padre Juan Carlos Godoy. Se or\u00f3 por el nuevo a\u00f1o escolar y se dio la bienvenida a las nuevas alumnas de 7\u00ba y 1 A\u00f1o Medios y docentes&nbsp;<a href=\"http:\/\/laprovidenciaovalle.cl\/colegio\/con-eucaristia-dimos-inicio-al-ano-escolar-en-colegio-la-providencia-de-ovalle\/\">[&hellip;]<\/a><\/p>\n","protected":false},"author":3,"featured_media":1615,"comment_status":"closed","ping_status":"closed","sticky":false,"template":"","format":"standard","meta":[],"categories":[16],"tags":[29,26,28,27],"yoast_head":"<!-- This site is optimized with the Yoast SEO plugin v15.2 - https:\/\/yoast.com\/wordpress\/plugins\/seo\/ -->\n<title>Con Eucarist\u00eda dimos inicio al a\u00f1o escolar en Colegio La Providencia de Ovalle - Colegio La Providencia<\/title>\n<meta name=\"robots\" content=\"index, follow, max-snippet:-1, max-image-preview:large, max-video-preview:-1\" \/>\n<link rel=\"canonical\" href=\"http:\/\/laprovidenciaovalle.cl\/colegio\/con-eucaristia-dimos-inicio-al-ano-escolar-en-colegio-la-providencia-de-ovalle\/\" \/>\n<meta property=\"og:locale\" content=\"es_ES\" \/>\n<meta property=\"og:type\" content=\"article\" \/>\n<meta property=\"og:title\" content=\"Con Eucarist\u00eda dimos inicio al a\u00f1o escolar en Colegio La Providencia de Ovalle - Colegio La Providencia\" \/>\n<meta property=\"og:description\" content=\"El jueves 15 de marzo a las 11:00 horas en el Techado del establecimiento se celebr\u00f3 la\u00a0Misa de Inicio del A\u00f1o Escolar, presidida por el padre Jorge Arancibia y concelebrada por el padre Juan Carlos Godoy. Se or\u00f3 por el nuevo a\u00f1o escolar y se dio la bienvenida a las nuevas alumnas de 7\u00ba y 1 A\u00f1o Medios y docentes&nbsp;[&hellip;]\" \/>\n<meta property=\"og:url\" content=\"http:\/\/laprovidenciaovalle.cl\/colegio\/con-eucaristia-dimos-inicio-al-ano-escolar-en-colegio-la-providencia-de-ovalle\/\" \/>\n<meta property=\"og:site_name\" content=\"Colegio La Providencia\" \/>\n<meta property=\"article:published_time\" content=\"2018-03-26T14:15:56+00:00\" \/>\n<meta property=\"og:image\" content=\"http:\/\/laprovidenciaovalle.cl\/colegio\/wp-content\/uploads\/2018\/03\/OvalleInicia3.jpg\" \/>\n\t<meta property=\"og:image:width\" content=\"1234\" \/>\n\t<meta property=\"og:image:height\" content=\"823\" \/>\n<meta name=\"twitter:card\" content=\"summary_large_image\" \/>\n<meta name=\"twitter:label1\" value=\"Escrito por\">\n\t<meta name=\"twitter:data1\" value=\"Colegio Providencia\">\n\t<meta name=\"twitter:label2\" value=\"Tiempo de lectura\">\n\t<meta name=\"twitter:data2\" value=\"1 minuto\">\n<script type=\"application\/ld+json\" class=\"yoast-schema-graph\">{\"@context\":\"https:\/\/schema.org\",\"@graph\":[{\"@type\":\"WebSite\",\"@id\":\"https:\/\/laprovidenciaovalle.cl\/colegio\/#website\",\"url\":\"https:\/\/laprovidenciaovalle.cl\/colegio\/\",\"name\":\"Colegio La Providencia\",\"description\":\"Ovalle\",\"potentialAction\":[{\"@type\":\"SearchAction\",\"target\":\"https:\/\/laprovidenciaovalle.cl\/colegio\/?s={search_term_string}\",\"query-input\":\"required name=search_term_string\"}],\"inLanguage\":\"es\"},{\"@type\":\"ImageObject\",\"@id\":\"http:\/\/laprovidenciaovalle.cl\/colegio\/con-eucaristia-dimos-inicio-al-ano-escolar-en-colegio-la-providencia-de-ovalle\/#primaryimage\",\"inLanguage\":\"es\",\"url\":\"http:\/\/laprovidenciaovalle.cl\/colegio\/wp-content\/uploads\/2018\/03\/OvalleInicia3.jpg\",\"width\":1234,\"height\":823},{\"@type\":\"WebPage\",\"@id\":\"http:\/\/laprovidenciaovalle.cl\/colegio\/con-eucaristia-dimos-inicio-al-ano-escolar-en-colegio-la-providencia-de-ovalle\/#webpage\",\"url\":\"http:\/\/laprovidenciaovalle.cl\/colegio\/con-eucaristia-dimos-inicio-al-ano-escolar-en-colegio-la-providencia-de-ovalle\/\",\"name\":\"Con Eucarist\\u00eda dimos inicio al a\\u00f1o escolar en Colegio La Providencia de Ovalle - Colegio La Providencia\",\"isPartOf\":{\"@id\":\"https:\/\/laprovidenciaovalle.cl\/colegio\/#website\"},\"primaryImageOfPage\":{\"@id\":\"http:\/\/laprovidenciaovalle.cl\/colegio\/con-eucaristia-dimos-inicio-al-ano-escolar-en-colegio-la-providencia-de-ovalle\/#primaryimage\"},\"datePublished\":\"2018-03-26T14:15:56+00:00\",\"dateModified\":\"2018-03-26T14:15:56+00:00\",\"author\":{\"@id\":\"https:\/\/laprovidenciaovalle.cl\/colegio\/#\/schema\/person\/1362444765d56016f579154ec8091ec5\"},\"inLanguage\":\"es\",\"potentialAction\":[{\"@type\":\"ReadAction\",\"target\":[\"http:\/\/laprovidenciaovalle.cl\/colegio\/con-eucaristia-dimos-inicio-al-ano-escolar-en-colegio-la-providencia-de-ovalle\/\"]}]},{\"@type\":\"Person\",\"@id\":\"https:\/\/laprovidenciaovalle.cl\/colegio\/#\/schema\/person\/1362444765d56016f579154ec8091ec5\",\"name\":\"Colegio Providencia\",\"image\":{\"@type\":\"ImageObject\",\"@id\":\"https:\/\/laprovidenciaovalle.cl\/colegio\/#personlogo\",\"inLanguage\":\"es\",\"url\":\"http:\/\/0.gravatar.com\/avatar\/34bc81a6b954b8d6bc45e2810f17145d?s=96&d=mm&r=g\",\"caption\":\"Colegio Providencia\"}}]}<\/script>\n<!-- \/ Yoast SEO plugin. -->","_links":{"self":[{"href":"http:\/\/laprovidenciaovalle.cl\/colegio\/wp-json\/wp\/v2\/posts\/1612"}],"collection":[{"href":"http:\/\/laprovidenciaovalle.cl\/colegio\/wp-json\/wp\/v2\/posts"}],"about":[{"href":"http:\/\/laprovidenciaovalle.cl\/colegio\/wp-json\/wp\/v2\/types\/post"}],"author":[{"embeddable":true,"href":"http:\/\/laprovidenciaovalle.cl\/colegio\/wp-json\/wp\/v2\/users\/3"}],"replies":[{"embeddable":true,"href":"http:\/\/laprovidenciaovalle.cl\/colegio\/wp-json\/wp\/v2\/comments?post=1612"}],"version-history":[{"count":1,"href":"http:\/\/laprovidenciaovalle.cl\/colegio\/wp-json\/wp\/v2\/posts\/1612\/revisions"}],"predecessor-version":[{"id":1616,"href":"http:\/\/laprovidenciaovalle.cl\/colegio\/wp-json\/wp\/v2\/posts\/1612\/revisions\/1616"}],"wp:featuredmedia":[{"embeddable":true,"href":"http:\/\/laprovidenciaovalle.cl\/colegio\/wp-json\/wp\/v2\/media\/1615"}],"wp:attachment":[{"href":"http:\/\/laprovidenciaovalle.cl\/colegio\/wp-json\/wp\/v2\/media?parent=1612"}],"wp:term":[{"taxonomy":"category","embeddable":true,"href":"http:\/\/laprovidenciaovalle.cl\/colegio\/wp-json\/wp\/v2\/categories?post=1612"},{"taxonomy":"post_tag","embeddable":true,"href":"http:\/\/laprovidenciaovalle.cl\/colegio\/wp-json\/wp\/v2\/tags?post=1612"}],"curies":[{"name":"wp","href":"https:\/\/api.w.org\/{rel}","templated":true}]}}