{"id":16218,"date":"2024-10-30T14:51:08","date_gmt":"2024-10-30T17:51:08","guid":{"rendered":"http:\/\/laprovidenciaovalle.cl\/colegio\/?p=16218"},"modified":"2024-10-30T15:19:03","modified_gmt":"2024-10-30T18:19:03","slug":"1994-2024-un-recorrido-por-30-anos-de-historia-del-cra","status":"publish","type":"post","link":"http:\/\/laprovidenciaovalle.cl\/colegio\/1994-2024-un-recorrido-por-30-anos-de-historia-del-cra\/","title":{"rendered":"1994-2024: Un recorrido por 30 a\u00f1os de historia del CRA"},"content":{"rendered":"<p>Las Bibliotecas Escolares CRA (Centro de Recursos para el Aprendizaje), tienen como objetivo apoyar el logro de las metas de aprendizaje establecidas en el curr\u00edculum nacional propuesto por la Reforma Educacional chilena y este a\u00f1o celebran sus 30 a\u00f1os de existencia.<\/p>\n<p>El equipo del CRA de nuestro establecimiento celebr\u00f3 esta instancia con una exposici\u00f3n denominada &#8220;Un viaje por el tiempo en el CRA&#8221;, donde la comunidad educativa disfrut\u00f3 durante la jornada del d\u00eda martes 29 de octubre, un recorrido que inclu\u00eda las olvidadas m\u00e1quinas de escribir, tocadiscos y vinilos entre otros instrumentos que en la era digital en la que vivimos, surge un fen\u00f3meno nost\u00e1lgico que ha revitalizado una forma cl\u00e1sica de disfrutar de la m\u00fasica.<\/p>\n<p>Las estudiantes y docentes disfrutaron de la actividad, que en todo momento fue guiada por el equipo CRA, siendo una jornada enriquecedora donde las estudiantes no solo aprendieron sobre\u00a0 los instrumentos utilizados en el pasado, sino que tambi\u00e9n les permite apreciar los avances tecnol\u00f3gicos con los que hoy cuentan para el desarrollo de sus conocimientos y capacidades pedag\u00f3gicas.<\/p>\n\n\t\t<style type=\"text\/css\">\n\t\t\t#gallery-1 {\n\t\t\t\tmargin: auto;\n\t\t\t}\n\t\t\t#gallery-1 .gallery-item {\n\t\t\t\tfloat: left;\n\t\t\t\tmargin-top: 10px;\n\t\t\t\ttext-align: center;\n\t\t\t\twidth: 33%;\n\t\t\t}\n\t\t\t#gallery-1 img {\n\t\t\t\tborder: 2px solid #cfcfcf;\n\t\t\t}\n\t\t\t#gallery-1 .gallery-caption {\n\t\t\t\tmargin-left: 0;\n\t\t\t}\n\t\t\t\/* see gallery_shortcode() in wp-includes\/media.php *\/\n\t\t<\/style>\n\t\t<div id='gallery-1' class='gallery galleryid-16218 gallery-columns-3 gallery-size-full'><dl class='gallery-item'>\n\t\t\t<dt class='gallery-icon landscape'>\n\t\t\t\t<a href='http:\/\/laprovidenciaovalle.cl\/colegio\/1994-2024-un-recorrido-por-30-anos-de-historia-del-cra\/img_6676-4\/'><img width=\"2560\" height=\"1707\" src=\"http:\/\/laprovidenciaovalle.cl\/colegio\/wp-content\/uploads\/2024\/10\/IMG_6676-1-scaled.jpg\" class=\"attachment-full size-full\" alt=\"\" loading=\"lazy\" srcset=\"http:\/\/laprovidenciaovalle.cl\/colegio\/wp-content\/uploads\/2024\/10\/IMG_6676-1-scaled.jpg 2560w, http:\/\/laprovidenciaovalle.cl\/colegio\/wp-content\/uploads\/2024\/10\/IMG_6676-1-300x200.jpg 300w, http:\/\/laprovidenciaovalle.cl\/colegio\/wp-content\/uploads\/2024\/10\/IMG_6676-1-1024x683.jpg 1024w, http:\/\/laprovidenciaovalle.cl\/colegio\/wp-content\/uploads\/2024\/10\/IMG_6676-1-768x512.jpg 768w, http:\/\/laprovidenciaovalle.cl\/colegio\/wp-content\/uploads\/2024\/10\/IMG_6676-1-1536x1024.jpg 1536w, http:\/\/laprovidenciaovalle.cl\/colegio\/wp-content\/uploads\/2024\/10\/IMG_6676-1-2048x1365.jpg 2048w, http:\/\/laprovidenciaovalle.cl\/colegio\/wp-content\/uploads\/2024\/10\/IMG_6676-1-150x100.jpg 150w\" sizes=\"(max-width: 2560px) 100vw, 2560px\" \/><\/a>\n\t\t\t<\/dt><\/dl><dl class='gallery-item'>\n\t\t\t<dt class='gallery-icon portrait'>\n\t\t\t\t<a href='http:\/\/laprovidenciaovalle.cl\/colegio\/1994-2024-un-recorrido-por-30-anos-de-historia-del-cra\/img_6679-2\/'><img width=\"1707\" height=\"2560\" src=\"http:\/\/laprovidenciaovalle.cl\/colegio\/wp-content\/uploads\/2024\/10\/IMG_6679-1-scaled.jpg\" class=\"attachment-full size-full\" alt=\"\" loading=\"lazy\" srcset=\"http:\/\/laprovidenciaovalle.cl\/colegio\/wp-content\/uploads\/2024\/10\/IMG_6679-1-scaled.jpg 1707w, http:\/\/laprovidenciaovalle.cl\/colegio\/wp-content\/uploads\/2024\/10\/IMG_6679-1-200x300.jpg 200w, http:\/\/laprovidenciaovalle.cl\/colegio\/wp-content\/uploads\/2024\/10\/IMG_6679-1-683x1024.jpg 683w, http:\/\/laprovidenciaovalle.cl\/colegio\/wp-content\/uploads\/2024\/10\/IMG_6679-1-768x1152.jpg 768w, http:\/\/laprovidenciaovalle.cl\/colegio\/wp-content\/uploads\/2024\/10\/IMG_6679-1-1024x1536.jpg 1024w, http:\/\/laprovidenciaovalle.cl\/colegio\/wp-content\/uploads\/2024\/10\/IMG_6679-1-1365x2048.jpg 1365w, http:\/\/laprovidenciaovalle.cl\/colegio\/wp-content\/uploads\/2024\/10\/IMG_6679-1-100x150.jpg 100w\" sizes=\"(max-width: 1707px) 100vw, 1707px\" \/><\/a>\n\t\t\t<\/dt><\/dl><dl class='gallery-item'>\n\t\t\t<dt class='gallery-icon landscape'>\n\t\t\t\t<a href='http:\/\/laprovidenciaovalle.cl\/colegio\/1994-2024-un-recorrido-por-30-anos-de-historia-del-cra\/img_6680-3\/'><img width=\"2560\" height=\"1707\" src=\"http:\/\/laprovidenciaovalle.cl\/colegio\/wp-content\/uploads\/2024\/10\/IMG_6680-1-scaled.jpg\" class=\"attachment-full size-full\" alt=\"\" loading=\"lazy\" srcset=\"http:\/\/laprovidenciaovalle.cl\/colegio\/wp-content\/uploads\/2024\/10\/IMG_6680-1-scaled.jpg 2560w, http:\/\/laprovidenciaovalle.cl\/colegio\/wp-content\/uploads\/2024\/10\/IMG_6680-1-300x200.jpg 300w, http:\/\/laprovidenciaovalle.cl\/colegio\/wp-content\/uploads\/2024\/10\/IMG_6680-1-1024x683.jpg 1024w, http:\/\/laprovidenciaovalle.cl\/colegio\/wp-content\/uploads\/2024\/10\/IMG_6680-1-768x512.jpg 768w, http:\/\/laprovidenciaovalle.cl\/colegio\/wp-content\/uploads\/2024\/10\/IMG_6680-1-1536x1024.jpg 1536w, http:\/\/laprovidenciaovalle.cl\/colegio\/wp-content\/uploads\/2024\/10\/IMG_6680-1-2048x1365.jpg 2048w, http:\/\/laprovidenciaovalle.cl\/colegio\/wp-content\/uploads\/2024\/10\/IMG_6680-1-150x100.jpg 150w\" sizes=\"(max-width: 2560px) 100vw, 2560px\" \/><\/a>\n\t\t\t<\/dt><\/dl><br style=\"clear: both\" \/><dl class='gallery-item'>\n\t\t\t<dt class='gallery-icon landscape'>\n\t\t\t\t<a href='http:\/\/laprovidenciaovalle.cl\/colegio\/1994-2024-un-recorrido-por-30-anos-de-historia-del-cra\/img_6684-3\/'><img width=\"2560\" height=\"1707\" src=\"http:\/\/laprovidenciaovalle.cl\/colegio\/wp-content\/uploads\/2024\/10\/IMG_6684-1-scaled.jpg\" class=\"attachment-full size-full\" alt=\"\" loading=\"lazy\" srcset=\"http:\/\/laprovidenciaovalle.cl\/colegio\/wp-content\/uploads\/2024\/10\/IMG_6684-1-scaled.jpg 2560w, http:\/\/laprovidenciaovalle.cl\/colegio\/wp-content\/uploads\/2024\/10\/IMG_6684-1-300x200.jpg 300w, http:\/\/laprovidenciaovalle.cl\/colegio\/wp-content\/uploads\/2024\/10\/IMG_6684-1-1024x683.jpg 1024w, http:\/\/laprovidenciaovalle.cl\/colegio\/wp-content\/uploads\/2024\/10\/IMG_6684-1-768x512.jpg 768w, http:\/\/laprovidenciaovalle.cl\/colegio\/wp-content\/uploads\/2024\/10\/IMG_6684-1-1536x1024.jpg 1536w, http:\/\/laprovidenciaovalle.cl\/colegio\/wp-content\/uploads\/2024\/10\/IMG_6684-1-2048x1365.jpg 2048w, http:\/\/laprovidenciaovalle.cl\/colegio\/wp-content\/uploads\/2024\/10\/IMG_6684-1-150x100.jpg 150w\" sizes=\"(max-width: 2560px) 100vw, 2560px\" \/><\/a>\n\t\t\t<\/dt><\/dl><dl class='gallery-item'>\n\t\t\t<dt class='gallery-icon landscape'>\n\t\t\t\t<a href='http:\/\/laprovidenciaovalle.cl\/colegio\/1994-2024-un-recorrido-por-30-anos-de-historia-del-cra\/img_6685-3\/'><img width=\"2560\" height=\"1707\" src=\"http:\/\/laprovidenciaovalle.cl\/colegio\/wp-content\/uploads\/2024\/10\/IMG_6685-1-scaled.jpg\" class=\"attachment-full size-full\" alt=\"\" loading=\"lazy\" srcset=\"http:\/\/laprovidenciaovalle.cl\/colegio\/wp-content\/uploads\/2024\/10\/IMG_6685-1-scaled.jpg 2560w, http:\/\/laprovidenciaovalle.cl\/colegio\/wp-content\/uploads\/2024\/10\/IMG_6685-1-300x200.jpg 300w, http:\/\/laprovidenciaovalle.cl\/colegio\/wp-content\/uploads\/2024\/10\/IMG_6685-1-1024x683.jpg 1024w, http:\/\/laprovidenciaovalle.cl\/colegio\/wp-content\/uploads\/2024\/10\/IMG_6685-1-768x512.jpg 768w, http:\/\/laprovidenciaovalle.cl\/colegio\/wp-content\/uploads\/2024\/10\/IMG_6685-1-1536x1024.jpg 1536w, http:\/\/laprovidenciaovalle.cl\/colegio\/wp-content\/uploads\/2024\/10\/IMG_6685-1-2048x1365.jpg 2048w, http:\/\/laprovidenciaovalle.cl\/colegio\/wp-content\/uploads\/2024\/10\/IMG_6685-1-150x100.jpg 150w\" sizes=\"(max-width: 2560px) 100vw, 2560px\" \/><\/a>\n\t\t\t<\/dt><\/dl><dl class='gallery-item'>\n\t\t\t<dt class='gallery-icon landscape'>\n\t\t\t\t<a href='http:\/\/laprovidenciaovalle.cl\/colegio\/1994-2024-un-recorrido-por-30-anos-de-historia-del-cra\/img_6688-2\/'><img width=\"2560\" height=\"1707\" src=\"http:\/\/laprovidenciaovalle.cl\/colegio\/wp-content\/uploads\/2024\/10\/IMG_6688-1-scaled.jpg\" class=\"attachment-full size-full\" alt=\"\" loading=\"lazy\" srcset=\"http:\/\/laprovidenciaovalle.cl\/colegio\/wp-content\/uploads\/2024\/10\/IMG_6688-1-scaled.jpg 2560w, http:\/\/laprovidenciaovalle.cl\/colegio\/wp-content\/uploads\/2024\/10\/IMG_6688-1-300x200.jpg 300w, http:\/\/laprovidenciaovalle.cl\/colegio\/wp-content\/uploads\/2024\/10\/IMG_6688-1-1024x683.jpg 1024w, http:\/\/laprovidenciaovalle.cl\/colegio\/wp-content\/uploads\/2024\/10\/IMG_6688-1-768x512.jpg 768w, http:\/\/laprovidenciaovalle.cl\/colegio\/wp-content\/uploads\/2024\/10\/IMG_6688-1-1536x1024.jpg 1536w, http:\/\/laprovidenciaovalle.cl\/colegio\/wp-content\/uploads\/2024\/10\/IMG_6688-1-2048x1365.jpg 2048w, http:\/\/laprovidenciaovalle.cl\/colegio\/wp-content\/uploads\/2024\/10\/IMG_6688-1-150x100.jpg 150w\" sizes=\"(max-width: 2560px) 100vw, 2560px\" \/><\/a>\n\t\t\t<\/dt><\/dl><br style=\"clear: both\" \/><dl class='gallery-item'>\n\t\t\t<dt class='gallery-icon landscape'>\n\t\t\t\t<a href='http:\/\/laprovidenciaovalle.cl\/colegio\/1994-2024-un-recorrido-por-30-anos-de-historia-del-cra\/img_6691-2\/'><img width=\"2560\" height=\"1707\" src=\"http:\/\/laprovidenciaovalle.cl\/colegio\/wp-content\/uploads\/2024\/10\/IMG_6691-1-scaled.jpg\" class=\"attachment-full size-full\" alt=\"\" loading=\"lazy\" srcset=\"http:\/\/laprovidenciaovalle.cl\/colegio\/wp-content\/uploads\/2024\/10\/IMG_6691-1-scaled.jpg 2560w, http:\/\/laprovidenciaovalle.cl\/colegio\/wp-content\/uploads\/2024\/10\/IMG_6691-1-300x200.jpg 300w, http:\/\/laprovidenciaovalle.cl\/colegio\/wp-content\/uploads\/2024\/10\/IMG_6691-1-1024x683.jpg 1024w, http:\/\/laprovidenciaovalle.cl\/colegio\/wp-content\/uploads\/2024\/10\/IMG_6691-1-768x512.jpg 768w, http:\/\/laprovidenciaovalle.cl\/colegio\/wp-content\/uploads\/2024\/10\/IMG_6691-1-1536x1024.jpg 1536w, http:\/\/laprovidenciaovalle.cl\/colegio\/wp-content\/uploads\/2024\/10\/IMG_6691-1-2048x1365.jpg 2048w, http:\/\/laprovidenciaovalle.cl\/colegio\/wp-content\/uploads\/2024\/10\/IMG_6691-1-150x100.jpg 150w\" sizes=\"(max-width: 2560px) 100vw, 2560px\" \/><\/a>\n\t\t\t<\/dt><\/dl><dl class='gallery-item'>\n\t\t\t<dt class='gallery-icon portrait'>\n\t\t\t\t<a href='http:\/\/laprovidenciaovalle.cl\/colegio\/1994-2024-un-recorrido-por-30-anos-de-historia-del-cra\/img_6695-4\/'><img width=\"1707\" height=\"2560\" src=\"http:\/\/laprovidenciaovalle.cl\/colegio\/wp-content\/uploads\/2024\/10\/IMG_6695-1-scaled.jpg\" class=\"attachment-full size-full\" alt=\"\" loading=\"lazy\" srcset=\"http:\/\/laprovidenciaovalle.cl\/colegio\/wp-content\/uploads\/2024\/10\/IMG_6695-1-scaled.jpg 1707w, http:\/\/laprovidenciaovalle.cl\/colegio\/wp-content\/uploads\/2024\/10\/IMG_6695-1-200x300.jpg 200w, http:\/\/laprovidenciaovalle.cl\/colegio\/wp-content\/uploads\/2024\/10\/IMG_6695-1-683x1024.jpg 683w, http:\/\/laprovidenciaovalle.cl\/colegio\/wp-content\/uploads\/2024\/10\/IMG_6695-1-768x1152.jpg 768w, http:\/\/laprovidenciaovalle.cl\/colegio\/wp-content\/uploads\/2024\/10\/IMG_6695-1-1024x1536.jpg 1024w, http:\/\/laprovidenciaovalle.cl\/colegio\/wp-content\/uploads\/2024\/10\/IMG_6695-1-1365x2048.jpg 1365w, http:\/\/laprovidenciaovalle.cl\/colegio\/wp-content\/uploads\/2024\/10\/IMG_6695-1-100x150.jpg 100w\" sizes=\"(max-width: 1707px) 100vw, 1707px\" \/><\/a>\n\t\t\t<\/dt><\/dl><dl class='gallery-item'>\n\t\t\t<dt class='gallery-icon portrait'>\n\t\t\t\t<a href='http:\/\/laprovidenciaovalle.cl\/colegio\/1994-2024-un-recorrido-por-30-anos-de-historia-del-cra\/img_6696-2\/'><img width=\"1707\" height=\"2560\" src=\"http:\/\/laprovidenciaovalle.cl\/colegio\/wp-content\/uploads\/2024\/10\/IMG_6696-1-scaled.jpg\" class=\"attachment-full size-full\" alt=\"\" loading=\"lazy\" srcset=\"http:\/\/laprovidenciaovalle.cl\/colegio\/wp-content\/uploads\/2024\/10\/IMG_6696-1-scaled.jpg 1707w, http:\/\/laprovidenciaovalle.cl\/colegio\/wp-content\/uploads\/2024\/10\/IMG_6696-1-200x300.jpg 200w, http:\/\/laprovidenciaovalle.cl\/colegio\/wp-content\/uploads\/2024\/10\/IMG_6696-1-683x1024.jpg 683w, http:\/\/laprovidenciaovalle.cl\/colegio\/wp-content\/uploads\/2024\/10\/IMG_6696-1-768x1152.jpg 768w, http:\/\/laprovidenciaovalle.cl\/colegio\/wp-content\/uploads\/2024\/10\/IMG_6696-1-1024x1536.jpg 1024w, http:\/\/laprovidenciaovalle.cl\/colegio\/wp-content\/uploads\/2024\/10\/IMG_6696-1-1365x2048.jpg 1365w, http:\/\/laprovidenciaovalle.cl\/colegio\/wp-content\/uploads\/2024\/10\/IMG_6696-1-100x150.jpg 100w\" sizes=\"(max-width: 1707px) 100vw, 1707px\" \/><\/a>\n\t\t\t<\/dt><\/dl><br style=\"clear: both\" \/><dl class='gallery-item'>\n\t\t\t<dt class='gallery-icon portrait'>\n\t\t\t\t<a href='http:\/\/laprovidenciaovalle.cl\/colegio\/1994-2024-un-recorrido-por-30-anos-de-historia-del-cra\/img_6701-2\/'><img width=\"1707\" height=\"2560\" src=\"http:\/\/laprovidenciaovalle.cl\/colegio\/wp-content\/uploads\/2024\/10\/IMG_6701-1-scaled.jpg\" class=\"attachment-full size-full\" alt=\"\" loading=\"lazy\" srcset=\"http:\/\/laprovidenciaovalle.cl\/colegio\/wp-content\/uploads\/2024\/10\/IMG_6701-1-scaled.jpg 1707w, http:\/\/laprovidenciaovalle.cl\/colegio\/wp-content\/uploads\/2024\/10\/IMG_6701-1-200x300.jpg 200w, http:\/\/laprovidenciaovalle.cl\/colegio\/wp-content\/uploads\/2024\/10\/IMG_6701-1-683x1024.jpg 683w, http:\/\/laprovidenciaovalle.cl\/colegio\/wp-content\/uploads\/2024\/10\/IMG_6701-1-768x1152.jpg 768w, http:\/\/laprovidenciaovalle.cl\/colegio\/wp-content\/uploads\/2024\/10\/IMG_6701-1-1024x1536.jpg 1024w, http:\/\/laprovidenciaovalle.cl\/colegio\/wp-content\/uploads\/2024\/10\/IMG_6701-1-1365x2048.jpg 1365w, http:\/\/laprovidenciaovalle.cl\/colegio\/wp-content\/uploads\/2024\/10\/IMG_6701-1-100x150.jpg 100w\" sizes=\"(max-width: 1707px) 100vw, 1707px\" \/><\/a>\n\t\t\t<\/dt><\/dl><dl class='gallery-item'>\n\t\t\t<dt class='gallery-icon portrait'>\n\t\t\t\t<a href='http:\/\/laprovidenciaovalle.cl\/colegio\/1994-2024-un-recorrido-por-30-anos-de-historia-del-cra\/img_6703-2\/'><img width=\"1707\" height=\"2560\" src=\"http:\/\/laprovidenciaovalle.cl\/colegio\/wp-content\/uploads\/2024\/10\/IMG_6703-1-scaled.jpg\" class=\"attachment-full size-full\" alt=\"\" loading=\"lazy\" srcset=\"http:\/\/laprovidenciaovalle.cl\/colegio\/wp-content\/uploads\/2024\/10\/IMG_6703-1-scaled.jpg 1707w, http:\/\/laprovidenciaovalle.cl\/colegio\/wp-content\/uploads\/2024\/10\/IMG_6703-1-200x300.jpg 200w, http:\/\/laprovidenciaovalle.cl\/colegio\/wp-content\/uploads\/2024\/10\/IMG_6703-1-683x1024.jpg 683w, http:\/\/laprovidenciaovalle.cl\/colegio\/wp-content\/uploads\/2024\/10\/IMG_6703-1-768x1152.jpg 768w, http:\/\/laprovidenciaovalle.cl\/colegio\/wp-content\/uploads\/2024\/10\/IMG_6703-1-1024x1536.jpg 1024w, http:\/\/laprovidenciaovalle.cl\/colegio\/wp-content\/uploads\/2024\/10\/IMG_6703-1-1365x2048.jpg 1365w, http:\/\/laprovidenciaovalle.cl\/colegio\/wp-content\/uploads\/2024\/10\/IMG_6703-1-100x150.jpg 100w\" sizes=\"(max-width: 1707px) 100vw, 1707px\" \/><\/a>\n\t\t\t<\/dt><\/dl><dl class='gallery-item'>\n\t\t\t<dt class='gallery-icon portrait'>\n\t\t\t\t<a href='http:\/\/laprovidenciaovalle.cl\/colegio\/1994-2024-un-recorrido-por-30-anos-de-historia-del-cra\/img_6707-2\/'><img width=\"1707\" height=\"2560\" src=\"http:\/\/laprovidenciaovalle.cl\/colegio\/wp-content\/uploads\/2024\/10\/IMG_6707-1-scaled.jpg\" class=\"attachment-full size-full\" alt=\"\" loading=\"lazy\" srcset=\"http:\/\/laprovidenciaovalle.cl\/colegio\/wp-content\/uploads\/2024\/10\/IMG_6707-1-scaled.jpg 1707w, http:\/\/laprovidenciaovalle.cl\/colegio\/wp-content\/uploads\/2024\/10\/IMG_6707-1-200x300.jpg 200w, http:\/\/laprovidenciaovalle.cl\/colegio\/wp-content\/uploads\/2024\/10\/IMG_6707-1-683x1024.jpg 683w, http:\/\/laprovidenciaovalle.cl\/colegio\/wp-content\/uploads\/2024\/10\/IMG_6707-1-768x1152.jpg 768w, http:\/\/laprovidenciaovalle.cl\/colegio\/wp-content\/uploads\/2024\/10\/IMG_6707-1-1024x1536.jpg 1024w, http:\/\/laprovidenciaovalle.cl\/colegio\/wp-content\/uploads\/2024\/10\/IMG_6707-1-1365x2048.jpg 1365w, http:\/\/laprovidenciaovalle.cl\/colegio\/wp-content\/uploads\/2024\/10\/IMG_6707-1-100x150.jpg 100w\" sizes=\"(max-width: 1707px) 100vw, 1707px\" \/><\/a>\n\t\t\t<\/dt><\/dl><br style=\"clear: both\" \/><dl class='gallery-item'>\n\t\t\t<dt class='gallery-icon landscape'>\n\t\t\t\t<a href='http:\/\/laprovidenciaovalle.cl\/colegio\/1994-2024-un-recorrido-por-30-anos-de-historia-del-cra\/img_6713\/'><img width=\"2560\" height=\"1707\" src=\"http:\/\/laprovidenciaovalle.cl\/colegio\/wp-content\/uploads\/2024\/10\/IMG_6713-scaled.jpg\" class=\"attachment-full size-full\" alt=\"\" loading=\"lazy\" srcset=\"http:\/\/laprovidenciaovalle.cl\/colegio\/wp-content\/uploads\/2024\/10\/IMG_6713-scaled.jpg 2560w, http:\/\/laprovidenciaovalle.cl\/colegio\/wp-content\/uploads\/2024\/10\/IMG_6713-300x200.jpg 300w, http:\/\/laprovidenciaovalle.cl\/colegio\/wp-content\/uploads\/2024\/10\/IMG_6713-1024x683.jpg 1024w, http:\/\/laprovidenciaovalle.cl\/colegio\/wp-content\/uploads\/2024\/10\/IMG_6713-768x512.jpg 768w, http:\/\/laprovidenciaovalle.cl\/colegio\/wp-content\/uploads\/2024\/10\/IMG_6713-1536x1024.jpg 1536w, http:\/\/laprovidenciaovalle.cl\/colegio\/wp-content\/uploads\/2024\/10\/IMG_6713-2048x1365.jpg 2048w, http:\/\/laprovidenciaovalle.cl\/colegio\/wp-content\/uploads\/2024\/10\/IMG_6713-150x100.jpg 150w\" sizes=\"(max-width: 2560px) 100vw, 2560px\" \/><\/a>\n\t\t\t<\/dt><\/dl><dl class='gallery-item'>\n\t\t\t<dt class='gallery-icon landscape'>\n\t\t\t\t<a href='http:\/\/laprovidenciaovalle.cl\/colegio\/1994-2024-un-recorrido-por-30-anos-de-historia-del-cra\/img_6715\/'><img width=\"2560\" height=\"1707\" src=\"http:\/\/laprovidenciaovalle.cl\/colegio\/wp-content\/uploads\/2024\/10\/IMG_6715-scaled.jpg\" class=\"attachment-full size-full\" alt=\"\" loading=\"lazy\" srcset=\"http:\/\/laprovidenciaovalle.cl\/colegio\/wp-content\/uploads\/2024\/10\/IMG_6715-scaled.jpg 2560w, http:\/\/laprovidenciaovalle.cl\/colegio\/wp-content\/uploads\/2024\/10\/IMG_6715-300x200.jpg 300w, http:\/\/laprovidenciaovalle.cl\/colegio\/wp-content\/uploads\/2024\/10\/IMG_6715-1024x683.jpg 1024w, http:\/\/laprovidenciaovalle.cl\/colegio\/wp-content\/uploads\/2024\/10\/IMG_6715-768x512.jpg 768w, http:\/\/laprovidenciaovalle.cl\/colegio\/wp-content\/uploads\/2024\/10\/IMG_6715-1536x1024.jpg 1536w, http:\/\/laprovidenciaovalle.cl\/colegio\/wp-content\/uploads\/2024\/10\/IMG_6715-2048x1365.jpg 2048w, http:\/\/laprovidenciaovalle.cl\/colegio\/wp-content\/uploads\/2024\/10\/IMG_6715-150x100.jpg 150w\" sizes=\"(max-width: 2560px) 100vw, 2560px\" \/><\/a>\n\t\t\t<\/dt><\/dl><dl class='gallery-item'>\n\t\t\t<dt class='gallery-icon landscape'>\n\t\t\t\t<a href='http:\/\/laprovidenciaovalle.cl\/colegio\/1994-2024-un-recorrido-por-30-anos-de-historia-del-cra\/img_6717\/'><img width=\"2560\" height=\"1568\" src=\"http:\/\/laprovidenciaovalle.cl\/colegio\/wp-content\/uploads\/2024\/10\/IMG_6717-scaled-e1730312267279.jpg\" class=\"attachment-full size-full\" alt=\"\" loading=\"lazy\" srcset=\"http:\/\/laprovidenciaovalle.cl\/colegio\/wp-content\/uploads\/2024\/10\/IMG_6717-scaled-e1730312267279.jpg 2560w, http:\/\/laprovidenciaovalle.cl\/colegio\/wp-content\/uploads\/2024\/10\/IMG_6717-scaled-e1730312267279-300x184.jpg 300w, http:\/\/laprovidenciaovalle.cl\/colegio\/wp-content\/uploads\/2024\/10\/IMG_6717-scaled-e1730312267279-1024x627.jpg 1024w, http:\/\/laprovidenciaovalle.cl\/colegio\/wp-content\/uploads\/2024\/10\/IMG_6717-scaled-e1730312267279-768x470.jpg 768w, http:\/\/laprovidenciaovalle.cl\/colegio\/wp-content\/uploads\/2024\/10\/IMG_6717-scaled-e1730312267279-1536x941.jpg 1536w, http:\/\/laprovidenciaovalle.cl\/colegio\/wp-content\/uploads\/2024\/10\/IMG_6717-scaled-e1730312267279-2048x1254.jpg 2048w, http:\/\/laprovidenciaovalle.cl\/colegio\/wp-content\/uploads\/2024\/10\/IMG_6717-scaled-e1730312267279-150x92.jpg 150w\" sizes=\"(max-width: 2560px) 100vw, 2560px\" \/><\/a>\n\t\t\t<\/dt><\/dl><br style=\"clear: both\" \/><dl class='gallery-item'>\n\t\t\t<dt class='gallery-icon portrait'>\n\t\t\t\t<a href='http:\/\/laprovidenciaovalle.cl\/colegio\/1994-2024-un-recorrido-por-30-anos-de-historia-del-cra\/img_6721\/'><img width=\"1707\" height=\"2560\" src=\"http:\/\/laprovidenciaovalle.cl\/colegio\/wp-content\/uploads\/2024\/10\/IMG_6721-scaled.jpg\" class=\"attachment-full size-full\" alt=\"\" loading=\"lazy\" srcset=\"http:\/\/laprovidenciaovalle.cl\/colegio\/wp-content\/uploads\/2024\/10\/IMG_6721-scaled.jpg 1707w, http:\/\/laprovidenciaovalle.cl\/colegio\/wp-content\/uploads\/2024\/10\/IMG_6721-200x300.jpg 200w, http:\/\/laprovidenciaovalle.cl\/colegio\/wp-content\/uploads\/2024\/10\/IMG_6721-683x1024.jpg 683w, http:\/\/laprovidenciaovalle.cl\/colegio\/wp-content\/uploads\/2024\/10\/IMG_6721-768x1152.jpg 768w, http:\/\/laprovidenciaovalle.cl\/colegio\/wp-content\/uploads\/2024\/10\/IMG_6721-1024x1536.jpg 1024w, http:\/\/laprovidenciaovalle.cl\/colegio\/wp-content\/uploads\/2024\/10\/IMG_6721-1365x2048.jpg 1365w, http:\/\/laprovidenciaovalle.cl\/colegio\/wp-content\/uploads\/2024\/10\/IMG_6721-100x150.jpg 100w\" sizes=\"(max-width: 1707px) 100vw, 1707px\" \/><\/a>\n\t\t\t<\/dt><\/dl><dl class='gallery-item'>\n\t\t\t<dt class='gallery-icon landscape'>\n\t\t\t\t<a href='http:\/\/laprovidenciaovalle.cl\/colegio\/1994-2024-un-recorrido-por-30-anos-de-historia-del-cra\/img_6724\/'><img width=\"2560\" height=\"1707\" src=\"http:\/\/laprovidenciaovalle.cl\/colegio\/wp-content\/uploads\/2024\/10\/IMG_6724-scaled.jpg\" class=\"attachment-full size-full\" alt=\"\" loading=\"lazy\" srcset=\"http:\/\/laprovidenciaovalle.cl\/colegio\/wp-content\/uploads\/2024\/10\/IMG_6724-scaled.jpg 2560w, http:\/\/laprovidenciaovalle.cl\/colegio\/wp-content\/uploads\/2024\/10\/IMG_6724-300x200.jpg 300w, http:\/\/laprovidenciaovalle.cl\/colegio\/wp-content\/uploads\/2024\/10\/IMG_6724-1024x683.jpg 1024w, http:\/\/laprovidenciaovalle.cl\/colegio\/wp-content\/uploads\/2024\/10\/IMG_6724-768x512.jpg 768w, http:\/\/laprovidenciaovalle.cl\/colegio\/wp-content\/uploads\/2024\/10\/IMG_6724-1536x1024.jpg 1536w, http:\/\/laprovidenciaovalle.cl\/colegio\/wp-content\/uploads\/2024\/10\/IMG_6724-2048x1365.jpg 2048w, http:\/\/laprovidenciaovalle.cl\/colegio\/wp-content\/uploads\/2024\/10\/IMG_6724-150x100.jpg 150w\" sizes=\"(max-width: 2560px) 100vw, 2560px\" \/><\/a>\n\t\t\t<\/dt><\/dl>\n\t\t\t<br style='clear: both' \/>\n\t\t<\/div>\n\n","protected":false},"excerpt":{"rendered":"<p>Las Bibliotecas Escolares CRA (Centro de Recursos para el Aprendizaje), tienen como objetivo apoyar el logro de las metas de aprendizaje establecidas en el curr\u00edculum nacional propuesto por la Reforma Educacional chilena y este a\u00f1o celebran sus 30 a\u00f1os de existencia. El equipo del CRA de nuestro establecimiento celebr\u00f3 esta instancia con una exposici\u00f3n denominada &#8220;Un viaje por el tiempo&nbsp;<a href=\"http:\/\/laprovidenciaovalle.cl\/colegio\/1994-2024-un-recorrido-por-30-anos-de-historia-del-cra\/\">[&hellip;]<\/a><\/p>\n","protected":false},"author":5,"featured_media":16265,"comment_status":"closed","ping_status":"closed","sticky":false,"template":"","format":"standard","meta":[],"categories":[16],"tags":[],"yoast_head":"<!-- This site is optimized with the Yoast SEO plugin v15.2 - https:\/\/yoast.com\/wordpress\/plugins\/seo\/ -->\n<title>1994-2024: Un recorrido por 30 a\u00f1os de historia del CRA - Colegio La Providencia<\/title>\n<meta name=\"robots\" content=\"index, follow, max-snippet:-1, max-image-preview:large, max-video-preview:-1\" \/>\n<link rel=\"canonical\" href=\"http:\/\/laprovidenciaovalle.cl\/colegio\/1994-2024-un-recorrido-por-30-anos-de-historia-del-cra\/\" \/>\n<meta property=\"og:locale\" content=\"es_ES\" \/>\n<meta property=\"og:type\" content=\"article\" \/>\n<meta property=\"og:title\" content=\"1994-2024: Un recorrido por 30 a\u00f1os de historia del CRA - Colegio La Providencia\" \/>\n<meta property=\"og:description\" content=\"Las Bibliotecas Escolares CRA (Centro de Recursos para el Aprendizaje), tienen como objetivo apoyar el logro de las metas de aprendizaje establecidas en el curr\u00edculum nacional propuesto por la Reforma Educacional chilena y este a\u00f1o celebran sus 30 a\u00f1os de existencia. El equipo del CRA de nuestro establecimiento celebr\u00f3 esta instancia con una exposici\u00f3n denominada &#8220;Un viaje por el tiempo&nbsp;[&hellip;]\" \/>\n<meta property=\"og:url\" content=\"http:\/\/laprovidenciaovalle.cl\/colegio\/1994-2024-un-recorrido-por-30-anos-de-historia-del-cra\/\" \/>\n<meta property=\"og:site_name\" content=\"Colegio La Providencia\" \/>\n<meta property=\"article:published_time\" content=\"2024-10-30T17:51:08+00:00\" \/>\n<meta property=\"article:modified_time\" content=\"2024-10-30T18:19:03+00:00\" \/>\n<meta property=\"og:image\" content=\"http:\/\/laprovidenciaovalle.cl\/colegio\/wp-content\/uploads\/2024\/10\/IMG_6717-scaled-e1730312267279.jpg\" \/>\n\t<meta property=\"og:image:width\" content=\"2560\" \/>\n\t<meta property=\"og:image:height\" content=\"1568\" \/>\n<meta name=\"twitter:card\" content=\"summary_large_image\" \/>\n<meta name=\"twitter:label1\" value=\"Escrito por\">\n\t<meta name=\"twitter:data1\" value=\"Comunicaciones Colegio\">\n\t<meta name=\"twitter:label2\" value=\"Tiempo de lectura\">\n\t<meta name=\"twitter:data2\" value=\"1 minuto\">\n<script type=\"application\/ld+json\" class=\"yoast-schema-graph\">{\"@context\":\"https:\/\/schema.org\",\"@graph\":[{\"@type\":\"WebSite\",\"@id\":\"https:\/\/laprovidenciaovalle.cl\/colegio\/#website\",\"url\":\"https:\/\/laprovidenciaovalle.cl\/colegio\/\",\"name\":\"Colegio La Providencia\",\"description\":\"Ovalle\",\"potentialAction\":[{\"@type\":\"SearchAction\",\"target\":\"https:\/\/laprovidenciaovalle.cl\/colegio\/?s={search_term_string}\",\"query-input\":\"required name=search_term_string\"}],\"inLanguage\":\"es\"},{\"@type\":\"ImageObject\",\"@id\":\"http:\/\/laprovidenciaovalle.cl\/colegio\/1994-2024-un-recorrido-por-30-anos-de-historia-del-cra\/#primaryimage\",\"inLanguage\":\"es\",\"url\":\"http:\/\/laprovidenciaovalle.cl\/colegio\/wp-content\/uploads\/2024\/10\/IMG_6717-scaled-e1730312267279.jpg\",\"width\":2560,\"height\":1568},{\"@type\":\"WebPage\",\"@id\":\"http:\/\/laprovidenciaovalle.cl\/colegio\/1994-2024-un-recorrido-por-30-anos-de-historia-del-cra\/#webpage\",\"url\":\"http:\/\/laprovidenciaovalle.cl\/colegio\/1994-2024-un-recorrido-por-30-anos-de-historia-del-cra\/\",\"name\":\"1994-2024: Un recorrido por 30 a\\u00f1os de historia del CRA - Colegio La Providencia\",\"isPartOf\":{\"@id\":\"https:\/\/laprovidenciaovalle.cl\/colegio\/#website\"},\"primaryImageOfPage\":{\"@id\":\"http:\/\/laprovidenciaovalle.cl\/colegio\/1994-2024-un-recorrido-por-30-anos-de-historia-del-cra\/#primaryimage\"},\"datePublished\":\"2024-10-30T17:51:08+00:00\",\"dateModified\":\"2024-10-30T18:19:03+00:00\",\"author\":{\"@id\":\"https:\/\/laprovidenciaovalle.cl\/colegio\/#\/schema\/person\/1035f45cd35e1948fb928fcdc74228fe\"},\"inLanguage\":\"es\",\"potentialAction\":[{\"@type\":\"ReadAction\",\"target\":[\"http:\/\/laprovidenciaovalle.cl\/colegio\/1994-2024-un-recorrido-por-30-anos-de-historia-del-cra\/\"]}]},{\"@type\":\"Person\",\"@id\":\"https:\/\/laprovidenciaovalle.cl\/colegio\/#\/schema\/person\/1035f45cd35e1948fb928fcdc74228fe\",\"name\":\"Comunicaciones Colegio\",\"image\":{\"@type\":\"ImageObject\",\"@id\":\"https:\/\/laprovidenciaovalle.cl\/colegio\/#personlogo\",\"inLanguage\":\"es\",\"url\":\"http:\/\/2.gravatar.com\/avatar\/5d0b6f6fbda2852def0dc3e63e38d319?s=96&d=mm&r=g\",\"caption\":\"Comunicaciones Colegio\"}}]}<\/script>\n<!-- \/ Yoast SEO plugin. -->","_links":{"self":[{"href":"http:\/\/laprovidenciaovalle.cl\/colegio\/wp-json\/wp\/v2\/posts\/16218"}],"collection":[{"href":"http:\/\/laprovidenciaovalle.cl\/colegio\/wp-json\/wp\/v2\/posts"}],"about":[{"href":"http:\/\/laprovidenciaovalle.cl\/colegio\/wp-json\/wp\/v2\/types\/post"}],"author":[{"embeddable":true,"href":"http:\/\/laprovidenciaovalle.cl\/colegio\/wp-json\/wp\/v2\/users\/5"}],"replies":[{"embeddable":true,"href":"http:\/\/laprovidenciaovalle.cl\/colegio\/wp-json\/wp\/v2\/comments?post=16218"}],"version-history":[{"count":2,"href":"http:\/\/laprovidenciaovalle.cl\/colegio\/wp-json\/wp\/v2\/posts\/16218\/revisions"}],"predecessor-version":[{"id":16268,"href":"http:\/\/laprovidenciaovalle.cl\/colegio\/wp-json\/wp\/v2\/posts\/16218\/revisions\/16268"}],"wp:featuredmedia":[{"embeddable":true,"href":"http:\/\/laprovidenciaovalle.cl\/colegio\/wp-json\/wp\/v2\/media\/16265"}],"wp:attachment":[{"href":"http:\/\/laprovidenciaovalle.cl\/colegio\/wp-json\/wp\/v2\/media?parent=16218"}],"wp:term":[{"taxonomy":"category","embeddable":true,"href":"http:\/\/laprovidenciaovalle.cl\/colegio\/wp-json\/wp\/v2\/categories?post=16218"},{"taxonomy":"post_tag","embeddable":true,"href":"http:\/\/laprovidenciaovalle.cl\/colegio\/wp-json\/wp\/v2\/tags?post=16218"}],"curies":[{"name":"wp","href":"https:\/\/api.w.org\/{rel}","templated":true}]}}