{"id":16351,"date":"2024-11-06T09:12:20","date_gmt":"2024-11-06T12:12:20","guid":{"rendered":"http:\/\/laprovidenciaovalle.cl\/colegio\/?p=16351"},"modified":"2024-11-06T09:24:17","modified_gmt":"2024-11-06T12:24:17","slug":"viaje-huellas-y-mision-con-carisma-providencia-2024-sello-altas-expectativas-academicas-y-sello-ambiental","status":"publish","type":"post","link":"http:\/\/laprovidenciaovalle.cl\/colegio\/viaje-huellas-y-mision-con-carisma-providencia-2024-sello-altas-expectativas-academicas-y-sello-ambiental\/","title":{"rendered":"Viaje &#8220;Huellas y Misi\u00f3n con Carisma Providencia 2024&#8221; Sello Altas Expectativas Acad\u00e9micas y Sello Ambiental"},"content":{"rendered":"<div>&#8220;El viaje pedag\u00f3gico, cultural, vocacional y formativo &#8220;Huellas y Misi\u00f3n con Carisma Providencia&#8221; es un reconocimiento al desempe\u00f1o escolar transversal de las estudiantes de cuarto medio, es por ello que dos de sus focos son nuestro sello de Altas Expectativas Acad\u00e9micas y el Sello de Formaci\u00f3n Ambiental. En esta l\u00ednea es que este a\u00f1o las estudiantes visitaron dos casas de estudio de gran prestigio a nivel nacional: La Facultad de Ciencias Agron\u00f3micas de la Universidad de Chile y la Casa Central de la Universidad T\u00e9cnica Federico Santa Mar\u00eda en Valpara\u00edso, adem\u00e1s de una visita guiada a\u00a0 Buin Zoo con la tem\u00e1tica &#8220;Sustentabilidad: Los Guardianes del Medioambiente&#8221;.<\/div>\n<div><\/div>\n<div>El d\u00eda lunes 28 de octubre la delegaci\u00f3n comenz\u00f3 su visita con la facultad de Ciencias agron\u00f3micas, donde las estudiantes no s\u00f3lo conocieron parte de las carreras presentes en la facultad, sino que pudieron visitar laboratorios y conocer proyectos de los estudiantes que tienen que ver con la sustentabilidad y el cuidado del medio ambiente, vinculando de esta manera dos de los sellos presentes en el proyecto de este viaje.<\/div>\n<div><\/div>\n<div>El d\u00eda martes 29 de Octubre las estudiantes partieron muy temprano durante la ma\u00f1ana hacia Buin, siendo una grata sorpresa para la mayor\u00eda, la llegada al zool\u00f3gico que visitaban por primera vez, ah\u00ed pasearon libremente admirando tanto la fauna presente en el lugar, como su flora; para luego almorzar saludablemente en el lugar, una vez iniciado el recorrido guiado, pudieron aprender sobre los animales y su relaci\u00f3n con el medio ambiente, adem\u00e1s de los peligros existentes para cada especie.<\/div>\n<div><\/div>\n<div>El d\u00eda mi\u00e9rcoles 30 de octubre visitaron la Universidad T\u00e9cnica Federico Santa Mar\u00eda, una experiencia inolvidable, donde pudieron recorrer los pasillos universitarios, sentir el ambiente estudiantil y conocer los distintos escenarios educativos, deportivos y t\u00e9cnicos (laboratorios, talleres) que tiene la Universidad, participaron de una charla donde conocieron las carreras presentes en cada campus de la Universidad, los diferentes programas de apoyo estudiantil (nivelaci\u00f3n de estudios, salud y becas internas), proyectos de estudiantes universitarios, oportunidades de intercambio estudiantil con otros pa\u00edses y los beneficios internos\u00a0 que cuenta esta casa estudio.<\/div>\n<div><\/div>\n<div>Esperamos que esta experiencia vaya en directo beneficio de los proyectos de vida de nuestras estudiantes, quienes participaron activamente y atentamente de cada actividad, aprovechando al m\u00e1ximo cada espacio formativo y educativo.<\/div>\n<div><\/div>\n<div>\n\n\t\t<style type=\"text\/css\">\n\t\t\t#gallery-1 {\n\t\t\t\tmargin: auto;\n\t\t\t}\n\t\t\t#gallery-1 .gallery-item {\n\t\t\t\tfloat: left;\n\t\t\t\tmargin-top: 10px;\n\t\t\t\ttext-align: center;\n\t\t\t\twidth: 33%;\n\t\t\t}\n\t\t\t#gallery-1 img {\n\t\t\t\tborder: 2px solid #cfcfcf;\n\t\t\t}\n\t\t\t#gallery-1 .gallery-caption {\n\t\t\t\tmargin-left: 0;\n\t\t\t}\n\t\t\t\/* see gallery_shortcode() in wp-includes\/media.php *\/\n\t\t<\/style>\n\t\t<div id='gallery-1' class='gallery galleryid-16351 gallery-columns-3 gallery-size-large'><dl class='gallery-item'>\n\t\t\t<dt class='gallery-icon portrait'>\n\t\t\t\t<a href='http:\/\/laprovidenciaovalle.cl\/colegio\/whatsapp-image-2024-11-05-at-4-55-54-pm-1\/'><img width=\"768\" height=\"1024\" src=\"http:\/\/laprovidenciaovalle.cl\/colegio\/wp-content\/uploads\/2024\/11\/WhatsApp-Image-2024-11-05-at-4.55.54-PM-1-768x1024.jpeg\" class=\"attachment-large size-large\" alt=\"\" loading=\"lazy\" srcset=\"http:\/\/laprovidenciaovalle.cl\/colegio\/wp-content\/uploads\/2024\/11\/WhatsApp-Image-2024-11-05-at-4.55.54-PM-1-768x1024.jpeg 768w, http:\/\/laprovidenciaovalle.cl\/colegio\/wp-content\/uploads\/2024\/11\/WhatsApp-Image-2024-11-05-at-4.55.54-PM-1-225x300.jpeg 225w, http:\/\/laprovidenciaovalle.cl\/colegio\/wp-content\/uploads\/2024\/11\/WhatsApp-Image-2024-11-05-at-4.55.54-PM-1-1152x1536.jpeg 1152w, http:\/\/laprovidenciaovalle.cl\/colegio\/wp-content\/uploads\/2024\/11\/WhatsApp-Image-2024-11-05-at-4.55.54-PM-1-113x150.jpeg 113w, http:\/\/laprovidenciaovalle.cl\/colegio\/wp-content\/uploads\/2024\/11\/WhatsApp-Image-2024-11-05-at-4.55.54-PM-1.jpeg 1200w\" sizes=\"(max-width: 768px) 100vw, 768px\" \/><\/a>\n\t\t\t<\/dt><\/dl><dl class='gallery-item'>\n\t\t\t<dt class='gallery-icon portrait'>\n\t\t\t\t<a href='http:\/\/laprovidenciaovalle.cl\/colegio\/whatsapp-image-2024-11-05-at-4-55-54-pm\/'><img width=\"768\" height=\"1024\" src=\"http:\/\/laprovidenciaovalle.cl\/colegio\/wp-content\/uploads\/2024\/11\/WhatsApp-Image-2024-11-05-at-4.55.54-PM-768x1024.jpeg\" class=\"attachment-large size-large\" alt=\"\" loading=\"lazy\" srcset=\"http:\/\/laprovidenciaovalle.cl\/colegio\/wp-content\/uploads\/2024\/11\/WhatsApp-Image-2024-11-05-at-4.55.54-PM-768x1024.jpeg 768w, http:\/\/laprovidenciaovalle.cl\/colegio\/wp-content\/uploads\/2024\/11\/WhatsApp-Image-2024-11-05-at-4.55.54-PM-225x300.jpeg 225w, http:\/\/laprovidenciaovalle.cl\/colegio\/wp-content\/uploads\/2024\/11\/WhatsApp-Image-2024-11-05-at-4.55.54-PM-1152x1536.jpeg 1152w, http:\/\/laprovidenciaovalle.cl\/colegio\/wp-content\/uploads\/2024\/11\/WhatsApp-Image-2024-11-05-at-4.55.54-PM-113x150.jpeg 113w, http:\/\/laprovidenciaovalle.cl\/colegio\/wp-content\/uploads\/2024\/11\/WhatsApp-Image-2024-11-05-at-4.55.54-PM.jpeg 1200w\" sizes=\"(max-width: 768px) 100vw, 768px\" \/><\/a>\n\t\t\t<\/dt><\/dl><dl class='gallery-item'>\n\t\t\t<dt class='gallery-icon portrait'>\n\t\t\t\t<a href='http:\/\/laprovidenciaovalle.cl\/colegio\/whatsapp-image-2024-11-05-at-4-55-53-pm\/'><img width=\"768\" height=\"1024\" src=\"http:\/\/laprovidenciaovalle.cl\/colegio\/wp-content\/uploads\/2024\/11\/WhatsApp-Image-2024-11-05-at-4.55.53-PM-768x1024.jpeg\" class=\"attachment-large size-large\" alt=\"\" loading=\"lazy\" srcset=\"http:\/\/laprovidenciaovalle.cl\/colegio\/wp-content\/uploads\/2024\/11\/WhatsApp-Image-2024-11-05-at-4.55.53-PM-768x1024.jpeg 768w, http:\/\/laprovidenciaovalle.cl\/colegio\/wp-content\/uploads\/2024\/11\/WhatsApp-Image-2024-11-05-at-4.55.53-PM-225x300.jpeg 225w, http:\/\/laprovidenciaovalle.cl\/colegio\/wp-content\/uploads\/2024\/11\/WhatsApp-Image-2024-11-05-at-4.55.53-PM-1152x1536.jpeg 1152w, http:\/\/laprovidenciaovalle.cl\/colegio\/wp-content\/uploads\/2024\/11\/WhatsApp-Image-2024-11-05-at-4.55.53-PM-113x150.jpeg 113w, http:\/\/laprovidenciaovalle.cl\/colegio\/wp-content\/uploads\/2024\/11\/WhatsApp-Image-2024-11-05-at-4.55.53-PM.jpeg 1200w\" sizes=\"(max-width: 768px) 100vw, 768px\" \/><\/a>\n\t\t\t<\/dt><\/dl><br style=\"clear: both\" \/><dl class='gallery-item'>\n\t\t\t<dt class='gallery-icon portrait'>\n\t\t\t\t<a href='http:\/\/laprovidenciaovalle.cl\/colegio\/whatsapp-image-2024-11-05-at-4-55-54-pm-2\/'><img width=\"768\" height=\"1024\" src=\"http:\/\/laprovidenciaovalle.cl\/colegio\/wp-content\/uploads\/2024\/11\/WhatsApp-Image-2024-11-05-at-4.55.54-PM-2-768x1024.jpeg\" class=\"attachment-large size-large\" alt=\"\" loading=\"lazy\" srcset=\"http:\/\/laprovidenciaovalle.cl\/colegio\/wp-content\/uploads\/2024\/11\/WhatsApp-Image-2024-11-05-at-4.55.54-PM-2-768x1024.jpeg 768w, http:\/\/laprovidenciaovalle.cl\/colegio\/wp-content\/uploads\/2024\/11\/WhatsApp-Image-2024-11-05-at-4.55.54-PM-2-225x300.jpeg 225w, http:\/\/laprovidenciaovalle.cl\/colegio\/wp-content\/uploads\/2024\/11\/WhatsApp-Image-2024-11-05-at-4.55.54-PM-2-1152x1536.jpeg 1152w, http:\/\/laprovidenciaovalle.cl\/colegio\/wp-content\/uploads\/2024\/11\/WhatsApp-Image-2024-11-05-at-4.55.54-PM-2-113x150.jpeg 113w, http:\/\/laprovidenciaovalle.cl\/colegio\/wp-content\/uploads\/2024\/11\/WhatsApp-Image-2024-11-05-at-4.55.54-PM-2.jpeg 1200w\" sizes=\"(max-width: 768px) 100vw, 768px\" \/><\/a>\n\t\t\t<\/dt><\/dl><dl class='gallery-item'>\n\t\t\t<dt class='gallery-icon portrait'>\n\t\t\t\t<a href='http:\/\/laprovidenciaovalle.cl\/colegio\/whatsapp-image-2024-11-05-at-4-55-52-pm-1\/'><img width=\"768\" height=\"1024\" src=\"http:\/\/laprovidenciaovalle.cl\/colegio\/wp-content\/uploads\/2024\/11\/WhatsApp-Image-2024-11-05-at-4.55.52-PM-1-768x1024.jpeg\" class=\"attachment-large size-large\" alt=\"\" loading=\"lazy\" srcset=\"http:\/\/laprovidenciaovalle.cl\/colegio\/wp-content\/uploads\/2024\/11\/WhatsApp-Image-2024-11-05-at-4.55.52-PM-1-768x1024.jpeg 768w, http:\/\/laprovidenciaovalle.cl\/colegio\/wp-content\/uploads\/2024\/11\/WhatsApp-Image-2024-11-05-at-4.55.52-PM-1-225x300.jpeg 225w, http:\/\/laprovidenciaovalle.cl\/colegio\/wp-content\/uploads\/2024\/11\/WhatsApp-Image-2024-11-05-at-4.55.52-PM-1-1152x1536.jpeg 1152w, http:\/\/laprovidenciaovalle.cl\/colegio\/wp-content\/uploads\/2024\/11\/WhatsApp-Image-2024-11-05-at-4.55.52-PM-1-113x150.jpeg 113w, http:\/\/laprovidenciaovalle.cl\/colegio\/wp-content\/uploads\/2024\/11\/WhatsApp-Image-2024-11-05-at-4.55.52-PM-1.jpeg 1200w\" sizes=\"(max-width: 768px) 100vw, 768px\" \/><\/a>\n\t\t\t<\/dt><\/dl><dl class='gallery-item'>\n\t\t\t<dt class='gallery-icon portrait'>\n\t\t\t\t<a href='http:\/\/laprovidenciaovalle.cl\/colegio\/whatsapp-image-2024-11-05-at-4-55-52-pm\/'><img width=\"768\" height=\"1024\" src=\"http:\/\/laprovidenciaovalle.cl\/colegio\/wp-content\/uploads\/2024\/11\/WhatsApp-Image-2024-11-05-at-4.55.52-PM-768x1024.jpeg\" class=\"attachment-large size-large\" alt=\"\" loading=\"lazy\" srcset=\"http:\/\/laprovidenciaovalle.cl\/colegio\/wp-content\/uploads\/2024\/11\/WhatsApp-Image-2024-11-05-at-4.55.52-PM-768x1024.jpeg 768w, http:\/\/laprovidenciaovalle.cl\/colegio\/wp-content\/uploads\/2024\/11\/WhatsApp-Image-2024-11-05-at-4.55.52-PM-225x300.jpeg 225w, http:\/\/laprovidenciaovalle.cl\/colegio\/wp-content\/uploads\/2024\/11\/WhatsApp-Image-2024-11-05-at-4.55.52-PM-1152x1536.jpeg 1152w, http:\/\/laprovidenciaovalle.cl\/colegio\/wp-content\/uploads\/2024\/11\/WhatsApp-Image-2024-11-05-at-4.55.52-PM-113x150.jpeg 113w, http:\/\/laprovidenciaovalle.cl\/colegio\/wp-content\/uploads\/2024\/11\/WhatsApp-Image-2024-11-05-at-4.55.52-PM.jpeg 1200w\" sizes=\"(max-width: 768px) 100vw, 768px\" \/><\/a>\n\t\t\t<\/dt><\/dl><br style=\"clear: both\" \/><dl class='gallery-item'>\n\t\t\t<dt class='gallery-icon portrait'>\n\t\t\t\t<a href='http:\/\/laprovidenciaovalle.cl\/colegio\/whatsapp-image-2024-11-05-at-4-55-51-pm\/'><img width=\"768\" height=\"1024\" src=\"http:\/\/laprovidenciaovalle.cl\/colegio\/wp-content\/uploads\/2024\/11\/WhatsApp-Image-2024-11-05-at-4.55.51-PM-768x1024.jpeg\" class=\"attachment-large size-large\" alt=\"\" loading=\"lazy\" srcset=\"http:\/\/laprovidenciaovalle.cl\/colegio\/wp-content\/uploads\/2024\/11\/WhatsApp-Image-2024-11-05-at-4.55.51-PM-768x1024.jpeg 768w, http:\/\/laprovidenciaovalle.cl\/colegio\/wp-content\/uploads\/2024\/11\/WhatsApp-Image-2024-11-05-at-4.55.51-PM-225x300.jpeg 225w, http:\/\/laprovidenciaovalle.cl\/colegio\/wp-content\/uploads\/2024\/11\/WhatsApp-Image-2024-11-05-at-4.55.51-PM-1152x1536.jpeg 1152w, http:\/\/laprovidenciaovalle.cl\/colegio\/wp-content\/uploads\/2024\/11\/WhatsApp-Image-2024-11-05-at-4.55.51-PM-113x150.jpeg 113w, http:\/\/laprovidenciaovalle.cl\/colegio\/wp-content\/uploads\/2024\/11\/WhatsApp-Image-2024-11-05-at-4.55.51-PM.jpeg 1200w\" sizes=\"(max-width: 768px) 100vw, 768px\" \/><\/a>\n\t\t\t<\/dt><\/dl><dl class='gallery-item'>\n\t\t\t<dt class='gallery-icon portrait'>\n\t\t\t\t<a href='http:\/\/laprovidenciaovalle.cl\/colegio\/whatsapp-image-2024-11-05-at-4-55-50-pm\/'><img width=\"768\" height=\"1024\" src=\"http:\/\/laprovidenciaovalle.cl\/colegio\/wp-content\/uploads\/2024\/11\/WhatsApp-Image-2024-11-05-at-4.55.50-PM-768x1024.jpeg\" class=\"attachment-large size-large\" alt=\"\" loading=\"lazy\" srcset=\"http:\/\/laprovidenciaovalle.cl\/colegio\/wp-content\/uploads\/2024\/11\/WhatsApp-Image-2024-11-05-at-4.55.50-PM-768x1024.jpeg 768w, http:\/\/laprovidenciaovalle.cl\/colegio\/wp-content\/uploads\/2024\/11\/WhatsApp-Image-2024-11-05-at-4.55.50-PM-225x300.jpeg 225w, http:\/\/laprovidenciaovalle.cl\/colegio\/wp-content\/uploads\/2024\/11\/WhatsApp-Image-2024-11-05-at-4.55.50-PM-1152x1536.jpeg 1152w, http:\/\/laprovidenciaovalle.cl\/colegio\/wp-content\/uploads\/2024\/11\/WhatsApp-Image-2024-11-05-at-4.55.50-PM-113x150.jpeg 113w, http:\/\/laprovidenciaovalle.cl\/colegio\/wp-content\/uploads\/2024\/11\/WhatsApp-Image-2024-11-05-at-4.55.50-PM.jpeg 1200w\" sizes=\"(max-width: 768px) 100vw, 768px\" \/><\/a>\n\t\t\t<\/dt><\/dl><dl class='gallery-item'>\n\t\t\t<dt class='gallery-icon portrait'>\n\t\t\t\t<a href='http:\/\/laprovidenciaovalle.cl\/colegio\/whatsapp-image-2024-11-05-at-4-55-51-pm-1\/'><img width=\"768\" height=\"1024\" src=\"http:\/\/laprovidenciaovalle.cl\/colegio\/wp-content\/uploads\/2024\/11\/WhatsApp-Image-2024-11-05-at-4.55.51-PM-1-768x1024.jpeg\" class=\"attachment-large size-large\" alt=\"\" loading=\"lazy\" srcset=\"http:\/\/laprovidenciaovalle.cl\/colegio\/wp-content\/uploads\/2024\/11\/WhatsApp-Image-2024-11-05-at-4.55.51-PM-1-768x1024.jpeg 768w, http:\/\/laprovidenciaovalle.cl\/colegio\/wp-content\/uploads\/2024\/11\/WhatsApp-Image-2024-11-05-at-4.55.51-PM-1-225x300.jpeg 225w, http:\/\/laprovidenciaovalle.cl\/colegio\/wp-content\/uploads\/2024\/11\/WhatsApp-Image-2024-11-05-at-4.55.51-PM-1-1152x1536.jpeg 1152w, http:\/\/laprovidenciaovalle.cl\/colegio\/wp-content\/uploads\/2024\/11\/WhatsApp-Image-2024-11-05-at-4.55.51-PM-1-113x150.jpeg 113w, http:\/\/laprovidenciaovalle.cl\/colegio\/wp-content\/uploads\/2024\/11\/WhatsApp-Image-2024-11-05-at-4.55.51-PM-1.jpeg 1200w\" sizes=\"(max-width: 768px) 100vw, 768px\" \/><\/a>\n\t\t\t<\/dt><\/dl><br style=\"clear: both\" \/><dl class='gallery-item'>\n\t\t\t<dt class='gallery-icon landscape'>\n\t\t\t\t<a href='http:\/\/laprovidenciaovalle.cl\/colegio\/whatsapp-image-2024-11-05-at-4-55-46-pm\/'><img width=\"1024\" height=\"768\" src=\"http:\/\/laprovidenciaovalle.cl\/colegio\/wp-content\/uploads\/2024\/11\/WhatsApp-Image-2024-11-05-at-4.55.46-PM-1024x768.jpeg\" class=\"attachment-large size-large\" alt=\"\" loading=\"lazy\" srcset=\"http:\/\/laprovidenciaovalle.cl\/colegio\/wp-content\/uploads\/2024\/11\/WhatsApp-Image-2024-11-05-at-4.55.46-PM-1024x768.jpeg 1024w, http:\/\/laprovidenciaovalle.cl\/colegio\/wp-content\/uploads\/2024\/11\/WhatsApp-Image-2024-11-05-at-4.55.46-PM-300x225.jpeg 300w, http:\/\/laprovidenciaovalle.cl\/colegio\/wp-content\/uploads\/2024\/11\/WhatsApp-Image-2024-11-05-at-4.55.46-PM-768x576.jpeg 768w, http:\/\/laprovidenciaovalle.cl\/colegio\/wp-content\/uploads\/2024\/11\/WhatsApp-Image-2024-11-05-at-4.55.46-PM-1536x1152.jpeg 1536w, http:\/\/laprovidenciaovalle.cl\/colegio\/wp-content\/uploads\/2024\/11\/WhatsApp-Image-2024-11-05-at-4.55.46-PM-150x113.jpeg 150w, http:\/\/laprovidenciaovalle.cl\/colegio\/wp-content\/uploads\/2024\/11\/WhatsApp-Image-2024-11-05-at-4.55.46-PM.jpeg 1600w\" sizes=\"(max-width: 1024px) 100vw, 1024px\" \/><\/a>\n\t\t\t<\/dt><\/dl><dl class='gallery-item'>\n\t\t\t<dt class='gallery-icon portrait'>\n\t\t\t\t<a href='http:\/\/laprovidenciaovalle.cl\/colegio\/whatsapp-image-2024-11-05-at-4-55-46-pm-1\/'><img width=\"768\" height=\"1024\" src=\"http:\/\/laprovidenciaovalle.cl\/colegio\/wp-content\/uploads\/2024\/11\/WhatsApp-Image-2024-11-05-at-4.55.46-PM-1-768x1024.jpeg\" class=\"attachment-large size-large\" alt=\"\" loading=\"lazy\" srcset=\"http:\/\/laprovidenciaovalle.cl\/colegio\/wp-content\/uploads\/2024\/11\/WhatsApp-Image-2024-11-05-at-4.55.46-PM-1-768x1024.jpeg 768w, http:\/\/laprovidenciaovalle.cl\/colegio\/wp-content\/uploads\/2024\/11\/WhatsApp-Image-2024-11-05-at-4.55.46-PM-1-225x300.jpeg 225w, http:\/\/laprovidenciaovalle.cl\/colegio\/wp-content\/uploads\/2024\/11\/WhatsApp-Image-2024-11-05-at-4.55.46-PM-1-1152x1536.jpeg 1152w, http:\/\/laprovidenciaovalle.cl\/colegio\/wp-content\/uploads\/2024\/11\/WhatsApp-Image-2024-11-05-at-4.55.46-PM-1-113x150.jpeg 113w, http:\/\/laprovidenciaovalle.cl\/colegio\/wp-content\/uploads\/2024\/11\/WhatsApp-Image-2024-11-05-at-4.55.46-PM-1.jpeg 1200w\" sizes=\"(max-width: 768px) 100vw, 768px\" \/><\/a>\n\t\t\t<\/dt><\/dl><dl class='gallery-item'>\n\t\t\t<dt class='gallery-icon portrait'>\n\t\t\t\t<a href='http:\/\/laprovidenciaovalle.cl\/colegio\/whatsapp-image-2024-11-05-at-4-55-47-pm\/'><img width=\"768\" height=\"1024\" src=\"http:\/\/laprovidenciaovalle.cl\/colegio\/wp-content\/uploads\/2024\/11\/WhatsApp-Image-2024-11-05-at-4.55.47-PM-768x1024.jpeg\" class=\"attachment-large size-large\" alt=\"\" loading=\"lazy\" srcset=\"http:\/\/laprovidenciaovalle.cl\/colegio\/wp-content\/uploads\/2024\/11\/WhatsApp-Image-2024-11-05-at-4.55.47-PM-768x1024.jpeg 768w, http:\/\/laprovidenciaovalle.cl\/colegio\/wp-content\/uploads\/2024\/11\/WhatsApp-Image-2024-11-05-at-4.55.47-PM-225x300.jpeg 225w, http:\/\/laprovidenciaovalle.cl\/colegio\/wp-content\/uploads\/2024\/11\/WhatsApp-Image-2024-11-05-at-4.55.47-PM-1152x1536.jpeg 1152w, http:\/\/laprovidenciaovalle.cl\/colegio\/wp-content\/uploads\/2024\/11\/WhatsApp-Image-2024-11-05-at-4.55.47-PM-113x150.jpeg 113w, http:\/\/laprovidenciaovalle.cl\/colegio\/wp-content\/uploads\/2024\/11\/WhatsApp-Image-2024-11-05-at-4.55.47-PM.jpeg 1200w\" sizes=\"(max-width: 768px) 100vw, 768px\" \/><\/a>\n\t\t\t<\/dt><\/dl><br style=\"clear: both\" \/><dl class='gallery-item'>\n\t\t\t<dt class='gallery-icon landscape'>\n\t\t\t\t<a href='http:\/\/laprovidenciaovalle.cl\/colegio\/whatsapp-image-2024-11-05-at-4-55-47-pm-1\/'><img width=\"1024\" height=\"768\" src=\"http:\/\/laprovidenciaovalle.cl\/colegio\/wp-content\/uploads\/2024\/11\/WhatsApp-Image-2024-11-05-at-4.55.47-PM-1-1024x768.jpeg\" class=\"attachment-large size-large\" alt=\"\" loading=\"lazy\" srcset=\"http:\/\/laprovidenciaovalle.cl\/colegio\/wp-content\/uploads\/2024\/11\/WhatsApp-Image-2024-11-05-at-4.55.47-PM-1-1024x768.jpeg 1024w, http:\/\/laprovidenciaovalle.cl\/colegio\/wp-content\/uploads\/2024\/11\/WhatsApp-Image-2024-11-05-at-4.55.47-PM-1-300x225.jpeg 300w, http:\/\/laprovidenciaovalle.cl\/colegio\/wp-content\/uploads\/2024\/11\/WhatsApp-Image-2024-11-05-at-4.55.47-PM-1-768x576.jpeg 768w, http:\/\/laprovidenciaovalle.cl\/colegio\/wp-content\/uploads\/2024\/11\/WhatsApp-Image-2024-11-05-at-4.55.47-PM-1-1536x1152.jpeg 1536w, http:\/\/laprovidenciaovalle.cl\/colegio\/wp-content\/uploads\/2024\/11\/WhatsApp-Image-2024-11-05-at-4.55.47-PM-1-150x113.jpeg 150w, http:\/\/laprovidenciaovalle.cl\/colegio\/wp-content\/uploads\/2024\/11\/WhatsApp-Image-2024-11-05-at-4.55.47-PM-1.jpeg 1600w\" sizes=\"(max-width: 1024px) 100vw, 1024px\" \/><\/a>\n\t\t\t<\/dt><\/dl><dl class='gallery-item'>\n\t\t\t<dt class='gallery-icon landscape'>\n\t\t\t\t<a href='http:\/\/laprovidenciaovalle.cl\/colegio\/whatsapp-image-2024-11-05-at-4-55-48-pm-1\/'><img width=\"1024\" height=\"768\" src=\"http:\/\/laprovidenciaovalle.cl\/colegio\/wp-content\/uploads\/2024\/11\/WhatsApp-Image-2024-11-05-at-4.55.48-PM-1-1024x768.jpeg\" class=\"attachment-large size-large\" alt=\"\" loading=\"lazy\" srcset=\"http:\/\/laprovidenciaovalle.cl\/colegio\/wp-content\/uploads\/2024\/11\/WhatsApp-Image-2024-11-05-at-4.55.48-PM-1-1024x768.jpeg 1024w, http:\/\/laprovidenciaovalle.cl\/colegio\/wp-content\/uploads\/2024\/11\/WhatsApp-Image-2024-11-05-at-4.55.48-PM-1-300x225.jpeg 300w, http:\/\/laprovidenciaovalle.cl\/colegio\/wp-content\/uploads\/2024\/11\/WhatsApp-Image-2024-11-05-at-4.55.48-PM-1-768x576.jpeg 768w, http:\/\/laprovidenciaovalle.cl\/colegio\/wp-content\/uploads\/2024\/11\/WhatsApp-Image-2024-11-05-at-4.55.48-PM-1-1536x1152.jpeg 1536w, http:\/\/laprovidenciaovalle.cl\/colegio\/wp-content\/uploads\/2024\/11\/WhatsApp-Image-2024-11-05-at-4.55.48-PM-1-150x113.jpeg 150w, http:\/\/laprovidenciaovalle.cl\/colegio\/wp-content\/uploads\/2024\/11\/WhatsApp-Image-2024-11-05-at-4.55.48-PM-1.jpeg 1600w\" sizes=\"(max-width: 1024px) 100vw, 1024px\" \/><\/a>\n\t\t\t<\/dt><\/dl><dl class='gallery-item'>\n\t\t\t<dt class='gallery-icon landscape'>\n\t\t\t\t<a href='http:\/\/laprovidenciaovalle.cl\/colegio\/whatsapp-image-2024-11-05-at-4-55-48-pm\/'><img width=\"1024\" height=\"768\" src=\"http:\/\/laprovidenciaovalle.cl\/colegio\/wp-content\/uploads\/2024\/11\/WhatsApp-Image-2024-11-05-at-4.55.48-PM-1024x768.jpeg\" class=\"attachment-large size-large\" alt=\"\" loading=\"lazy\" srcset=\"http:\/\/laprovidenciaovalle.cl\/colegio\/wp-content\/uploads\/2024\/11\/WhatsApp-Image-2024-11-05-at-4.55.48-PM-1024x768.jpeg 1024w, http:\/\/laprovidenciaovalle.cl\/colegio\/wp-content\/uploads\/2024\/11\/WhatsApp-Image-2024-11-05-at-4.55.48-PM-300x225.jpeg 300w, http:\/\/laprovidenciaovalle.cl\/colegio\/wp-content\/uploads\/2024\/11\/WhatsApp-Image-2024-11-05-at-4.55.48-PM-768x576.jpeg 768w, http:\/\/laprovidenciaovalle.cl\/colegio\/wp-content\/uploads\/2024\/11\/WhatsApp-Image-2024-11-05-at-4.55.48-PM-1536x1152.jpeg 1536w, http:\/\/laprovidenciaovalle.cl\/colegio\/wp-content\/uploads\/2024\/11\/WhatsApp-Image-2024-11-05-at-4.55.48-PM-150x113.jpeg 150w, http:\/\/laprovidenciaovalle.cl\/colegio\/wp-content\/uploads\/2024\/11\/WhatsApp-Image-2024-11-05-at-4.55.48-PM.jpeg 1600w\" sizes=\"(max-width: 1024px) 100vw, 1024px\" \/><\/a>\n\t\t\t<\/dt><\/dl><br style=\"clear: both\" \/><dl class='gallery-item'>\n\t\t\t<dt class='gallery-icon portrait'>\n\t\t\t\t<a href='http:\/\/laprovidenciaovalle.cl\/colegio\/whatsapp-image-2024-11-05-at-4-55-49-pm\/'><img width=\"768\" height=\"1024\" src=\"http:\/\/laprovidenciaovalle.cl\/colegio\/wp-content\/uploads\/2024\/11\/WhatsApp-Image-2024-11-05-at-4.55.49-PM-768x1024.jpeg\" class=\"attachment-large size-large\" alt=\"\" loading=\"lazy\" srcset=\"http:\/\/laprovidenciaovalle.cl\/colegio\/wp-content\/uploads\/2024\/11\/WhatsApp-Image-2024-11-05-at-4.55.49-PM-768x1024.jpeg 768w, http:\/\/laprovidenciaovalle.cl\/colegio\/wp-content\/uploads\/2024\/11\/WhatsApp-Image-2024-11-05-at-4.55.49-PM-225x300.jpeg 225w, http:\/\/laprovidenciaovalle.cl\/colegio\/wp-content\/uploads\/2024\/11\/WhatsApp-Image-2024-11-05-at-4.55.49-PM-1152x1536.jpeg 1152w, http:\/\/laprovidenciaovalle.cl\/colegio\/wp-content\/uploads\/2024\/11\/WhatsApp-Image-2024-11-05-at-4.55.49-PM-113x150.jpeg 113w, http:\/\/laprovidenciaovalle.cl\/colegio\/wp-content\/uploads\/2024\/11\/WhatsApp-Image-2024-11-05-at-4.55.49-PM.jpeg 1200w\" sizes=\"(max-width: 768px) 100vw, 768px\" \/><\/a>\n\t\t\t<\/dt><\/dl><dl class='gallery-item'>\n\t\t\t<dt class='gallery-icon landscape'>\n\t\t\t\t<a href='http:\/\/laprovidenciaovalle.cl\/colegio\/whatsapp-image-2024-11-05-at-4-55-49-pm-1\/'><img width=\"1024\" height=\"768\" src=\"http:\/\/laprovidenciaovalle.cl\/colegio\/wp-content\/uploads\/2024\/11\/WhatsApp-Image-2024-11-05-at-4.55.49-PM-1-1024x768.jpeg\" class=\"attachment-large size-large\" alt=\"\" loading=\"lazy\" srcset=\"http:\/\/laprovidenciaovalle.cl\/colegio\/wp-content\/uploads\/2024\/11\/WhatsApp-Image-2024-11-05-at-4.55.49-PM-1-1024x768.jpeg 1024w, http:\/\/laprovidenciaovalle.cl\/colegio\/wp-content\/uploads\/2024\/11\/WhatsApp-Image-2024-11-05-at-4.55.49-PM-1-300x225.jpeg 300w, http:\/\/laprovidenciaovalle.cl\/colegio\/wp-content\/uploads\/2024\/11\/WhatsApp-Image-2024-11-05-at-4.55.49-PM-1-768x576.jpeg 768w, http:\/\/laprovidenciaovalle.cl\/colegio\/wp-content\/uploads\/2024\/11\/WhatsApp-Image-2024-11-05-at-4.55.49-PM-1-1536x1152.jpeg 1536w, http:\/\/laprovidenciaovalle.cl\/colegio\/wp-content\/uploads\/2024\/11\/WhatsApp-Image-2024-11-05-at-4.55.49-PM-1-150x113.jpeg 150w, http:\/\/laprovidenciaovalle.cl\/colegio\/wp-content\/uploads\/2024\/11\/WhatsApp-Image-2024-11-05-at-4.55.49-PM-1.jpeg 1600w\" sizes=\"(max-width: 1024px) 100vw, 1024px\" \/><\/a>\n\t\t\t<\/dt><\/dl><dl class='gallery-item'>\n\t\t\t<dt class='gallery-icon portrait'>\n\t\t\t\t<a href='http:\/\/laprovidenciaovalle.cl\/colegio\/whatsapp-image-2024-11-05-at-4-55-51-pm-2\/'><img width=\"768\" height=\"1024\" src=\"http:\/\/laprovidenciaovalle.cl\/colegio\/wp-content\/uploads\/2024\/11\/WhatsApp-Image-2024-11-05-at-4.55.51-PM-2-768x1024.jpeg\" class=\"attachment-large size-large\" alt=\"\" loading=\"lazy\" srcset=\"http:\/\/laprovidenciaovalle.cl\/colegio\/wp-content\/uploads\/2024\/11\/WhatsApp-Image-2024-11-05-at-4.55.51-PM-2-768x1024.jpeg 768w, http:\/\/laprovidenciaovalle.cl\/colegio\/wp-content\/uploads\/2024\/11\/WhatsApp-Image-2024-11-05-at-4.55.51-PM-2-225x300.jpeg 225w, http:\/\/laprovidenciaovalle.cl\/colegio\/wp-content\/uploads\/2024\/11\/WhatsApp-Image-2024-11-05-at-4.55.51-PM-2-1152x1536.jpeg 1152w, http:\/\/laprovidenciaovalle.cl\/colegio\/wp-content\/uploads\/2024\/11\/WhatsApp-Image-2024-11-05-at-4.55.51-PM-2-113x150.jpeg 113w, http:\/\/laprovidenciaovalle.cl\/colegio\/wp-content\/uploads\/2024\/11\/WhatsApp-Image-2024-11-05-at-4.55.51-PM-2.jpeg 1200w\" sizes=\"(max-width: 768px) 100vw, 768px\" \/><\/a>\n\t\t\t<\/dt><\/dl><br style=\"clear: both\" \/><dl class='gallery-item'>\n\t\t\t<dt class='gallery-icon portrait'>\n\t\t\t\t<a href='http:\/\/laprovidenciaovalle.cl\/colegio\/whatsapp-image-2024-11-05-at-4-55-45-pm-1\/'><img width=\"768\" height=\"1024\" src=\"http:\/\/laprovidenciaovalle.cl\/colegio\/wp-content\/uploads\/2024\/11\/WhatsApp-Image-2024-11-05-at-4.55.45-PM-1-768x1024.jpeg\" class=\"attachment-large size-large\" alt=\"\" loading=\"lazy\" srcset=\"http:\/\/laprovidenciaovalle.cl\/colegio\/wp-content\/uploads\/2024\/11\/WhatsApp-Image-2024-11-05-at-4.55.45-PM-1-768x1024.jpeg 768w, http:\/\/laprovidenciaovalle.cl\/colegio\/wp-content\/uploads\/2024\/11\/WhatsApp-Image-2024-11-05-at-4.55.45-PM-1-225x300.jpeg 225w, http:\/\/laprovidenciaovalle.cl\/colegio\/wp-content\/uploads\/2024\/11\/WhatsApp-Image-2024-11-05-at-4.55.45-PM-1-1152x1536.jpeg 1152w, http:\/\/laprovidenciaovalle.cl\/colegio\/wp-content\/uploads\/2024\/11\/WhatsApp-Image-2024-11-05-at-4.55.45-PM-1-113x150.jpeg 113w, http:\/\/laprovidenciaovalle.cl\/colegio\/wp-content\/uploads\/2024\/11\/WhatsApp-Image-2024-11-05-at-4.55.45-PM-1.jpeg 1200w\" sizes=\"(max-width: 768px) 100vw, 768px\" \/><\/a>\n\t\t\t<\/dt><\/dl><dl class='gallery-item'>\n\t\t\t<dt class='gallery-icon portrait'>\n\t\t\t\t<a href='http:\/\/laprovidenciaovalle.cl\/colegio\/whatsapp-image-2024-11-05-at-4-55-45-pm\/'><img width=\"768\" height=\"1024\" src=\"http:\/\/laprovidenciaovalle.cl\/colegio\/wp-content\/uploads\/2024\/11\/WhatsApp-Image-2024-11-05-at-4.55.45-PM-768x1024.jpeg\" class=\"attachment-large size-large\" alt=\"\" loading=\"lazy\" srcset=\"http:\/\/laprovidenciaovalle.cl\/colegio\/wp-content\/uploads\/2024\/11\/WhatsApp-Image-2024-11-05-at-4.55.45-PM-768x1024.jpeg 768w, http:\/\/laprovidenciaovalle.cl\/colegio\/wp-content\/uploads\/2024\/11\/WhatsApp-Image-2024-11-05-at-4.55.45-PM-225x300.jpeg 225w, http:\/\/laprovidenciaovalle.cl\/colegio\/wp-content\/uploads\/2024\/11\/WhatsApp-Image-2024-11-05-at-4.55.45-PM-1152x1536.jpeg 1152w, http:\/\/laprovidenciaovalle.cl\/colegio\/wp-content\/uploads\/2024\/11\/WhatsApp-Image-2024-11-05-at-4.55.45-PM-113x150.jpeg 113w, http:\/\/laprovidenciaovalle.cl\/colegio\/wp-content\/uploads\/2024\/11\/WhatsApp-Image-2024-11-05-at-4.55.45-PM.jpeg 1200w\" sizes=\"(max-width: 768px) 100vw, 768px\" \/><\/a>\n\t\t\t<\/dt><\/dl><dl class='gallery-item'>\n\t\t\t<dt class='gallery-icon portrait'>\n\t\t\t\t<a href='http:\/\/laprovidenciaovalle.cl\/colegio\/whatsapp-image-2024-11-05-at-4-55-44-pm\/'><img width=\"768\" height=\"1024\" src=\"http:\/\/laprovidenciaovalle.cl\/colegio\/wp-content\/uploads\/2024\/11\/WhatsApp-Image-2024-11-05-at-4.55.44-PM-768x1024.jpeg\" class=\"attachment-large size-large\" alt=\"\" loading=\"lazy\" srcset=\"http:\/\/laprovidenciaovalle.cl\/colegio\/wp-content\/uploads\/2024\/11\/WhatsApp-Image-2024-11-05-at-4.55.44-PM-768x1024.jpeg 768w, http:\/\/laprovidenciaovalle.cl\/colegio\/wp-content\/uploads\/2024\/11\/WhatsApp-Image-2024-11-05-at-4.55.44-PM-225x300.jpeg 225w, http:\/\/laprovidenciaovalle.cl\/colegio\/wp-content\/uploads\/2024\/11\/WhatsApp-Image-2024-11-05-at-4.55.44-PM-1152x1536.jpeg 1152w, http:\/\/laprovidenciaovalle.cl\/colegio\/wp-content\/uploads\/2024\/11\/WhatsApp-Image-2024-11-05-at-4.55.44-PM-113x150.jpeg 113w, http:\/\/laprovidenciaovalle.cl\/colegio\/wp-content\/uploads\/2024\/11\/WhatsApp-Image-2024-11-05-at-4.55.44-PM.jpeg 1200w\" sizes=\"(max-width: 768px) 100vw, 768px\" \/><\/a>\n\t\t\t<\/dt><\/dl><br style=\"clear: both\" \/><dl class='gallery-item'>\n\t\t\t<dt class='gallery-icon portrait'>\n\t\t\t\t<a href='http:\/\/laprovidenciaovalle.cl\/colegio\/whatsapp-image-2024-11-05-at-4-55-43-pm\/'><img width=\"768\" height=\"1024\" src=\"http:\/\/laprovidenciaovalle.cl\/colegio\/wp-content\/uploads\/2024\/11\/WhatsApp-Image-2024-11-05-at-4.55.43-PM-768x1024.jpeg\" class=\"attachment-large size-large\" alt=\"\" loading=\"lazy\" srcset=\"http:\/\/laprovidenciaovalle.cl\/colegio\/wp-content\/uploads\/2024\/11\/WhatsApp-Image-2024-11-05-at-4.55.43-PM-768x1024.jpeg 768w, http:\/\/laprovidenciaovalle.cl\/colegio\/wp-content\/uploads\/2024\/11\/WhatsApp-Image-2024-11-05-at-4.55.43-PM-225x300.jpeg 225w, http:\/\/laprovidenciaovalle.cl\/colegio\/wp-content\/uploads\/2024\/11\/WhatsApp-Image-2024-11-05-at-4.55.43-PM-1152x1536.jpeg 1152w, http:\/\/laprovidenciaovalle.cl\/colegio\/wp-content\/uploads\/2024\/11\/WhatsApp-Image-2024-11-05-at-4.55.43-PM-113x150.jpeg 113w, http:\/\/laprovidenciaovalle.cl\/colegio\/wp-content\/uploads\/2024\/11\/WhatsApp-Image-2024-11-05-at-4.55.43-PM.jpeg 1200w\" sizes=\"(max-width: 768px) 100vw, 768px\" \/><\/a>\n\t\t\t<\/dt><\/dl><dl class='gallery-item'>\n\t\t\t<dt class='gallery-icon landscape'>\n\t\t\t\t<a href='http:\/\/laprovidenciaovalle.cl\/colegio\/whatsapp-image-2024-11-05-at-4-55-41-pm-1\/'><img width=\"1024\" height=\"768\" src=\"http:\/\/laprovidenciaovalle.cl\/colegio\/wp-content\/uploads\/2024\/11\/WhatsApp-Image-2024-11-05-at-4.55.41-PM-1-1024x768.jpeg\" class=\"attachment-large size-large\" alt=\"\" loading=\"lazy\" srcset=\"http:\/\/laprovidenciaovalle.cl\/colegio\/wp-content\/uploads\/2024\/11\/WhatsApp-Image-2024-11-05-at-4.55.41-PM-1-1024x768.jpeg 1024w, http:\/\/laprovidenciaovalle.cl\/colegio\/wp-content\/uploads\/2024\/11\/WhatsApp-Image-2024-11-05-at-4.55.41-PM-1-300x225.jpeg 300w, http:\/\/laprovidenciaovalle.cl\/colegio\/wp-content\/uploads\/2024\/11\/WhatsApp-Image-2024-11-05-at-4.55.41-PM-1-768x576.jpeg 768w, http:\/\/laprovidenciaovalle.cl\/colegio\/wp-content\/uploads\/2024\/11\/WhatsApp-Image-2024-11-05-at-4.55.41-PM-1-1536x1152.jpeg 1536w, http:\/\/laprovidenciaovalle.cl\/colegio\/wp-content\/uploads\/2024\/11\/WhatsApp-Image-2024-11-05-at-4.55.41-PM-1-150x113.jpeg 150w, http:\/\/laprovidenciaovalle.cl\/colegio\/wp-content\/uploads\/2024\/11\/WhatsApp-Image-2024-11-05-at-4.55.41-PM-1.jpeg 1600w\" sizes=\"(max-width: 1024px) 100vw, 1024px\" \/><\/a>\n\t\t\t<\/dt><\/dl><dl class='gallery-item'>\n\t\t\t<dt class='gallery-icon landscape'>\n\t\t\t\t<a href='http:\/\/laprovidenciaovalle.cl\/colegio\/whatsapp-image-2024-11-05-at-4-55-42-pm\/'><img width=\"1024\" height=\"768\" src=\"http:\/\/laprovidenciaovalle.cl\/colegio\/wp-content\/uploads\/2024\/11\/WhatsApp-Image-2024-11-05-at-4.55.42-PM-1024x768.jpeg\" class=\"attachment-large size-large\" alt=\"\" loading=\"lazy\" srcset=\"http:\/\/laprovidenciaovalle.cl\/colegio\/wp-content\/uploads\/2024\/11\/WhatsApp-Image-2024-11-05-at-4.55.42-PM-1024x768.jpeg 1024w, http:\/\/laprovidenciaovalle.cl\/colegio\/wp-content\/uploads\/2024\/11\/WhatsApp-Image-2024-11-05-at-4.55.42-PM-300x225.jpeg 300w, http:\/\/laprovidenciaovalle.cl\/colegio\/wp-content\/uploads\/2024\/11\/WhatsApp-Image-2024-11-05-at-4.55.42-PM-768x576.jpeg 768w, http:\/\/laprovidenciaovalle.cl\/colegio\/wp-content\/uploads\/2024\/11\/WhatsApp-Image-2024-11-05-at-4.55.42-PM-1536x1152.jpeg 1536w, http:\/\/laprovidenciaovalle.cl\/colegio\/wp-content\/uploads\/2024\/11\/WhatsApp-Image-2024-11-05-at-4.55.42-PM-150x113.jpeg 150w, http:\/\/laprovidenciaovalle.cl\/colegio\/wp-content\/uploads\/2024\/11\/WhatsApp-Image-2024-11-05-at-4.55.42-PM.jpeg 1600w\" sizes=\"(max-width: 1024px) 100vw, 1024px\" \/><\/a>\n\t\t\t<\/dt><\/dl><br style=\"clear: both\" \/><dl class='gallery-item'>\n\t\t\t<dt class='gallery-icon portrait'>\n\t\t\t\t<a href='http:\/\/laprovidenciaovalle.cl\/colegio\/whatsapp-image-2024-11-05-at-4-55-41-pm\/'><img width=\"768\" height=\"1024\" src=\"http:\/\/laprovidenciaovalle.cl\/colegio\/wp-content\/uploads\/2024\/11\/WhatsApp-Image-2024-11-05-at-4.55.41-PM-768x1024.jpeg\" class=\"attachment-large size-large\" alt=\"\" loading=\"lazy\" srcset=\"http:\/\/laprovidenciaovalle.cl\/colegio\/wp-content\/uploads\/2024\/11\/WhatsApp-Image-2024-11-05-at-4.55.41-PM-768x1024.jpeg 768w, http:\/\/laprovidenciaovalle.cl\/colegio\/wp-content\/uploads\/2024\/11\/WhatsApp-Image-2024-11-05-at-4.55.41-PM-225x300.jpeg 225w, http:\/\/laprovidenciaovalle.cl\/colegio\/wp-content\/uploads\/2024\/11\/WhatsApp-Image-2024-11-05-at-4.55.41-PM-1152x1536.jpeg 1152w, http:\/\/laprovidenciaovalle.cl\/colegio\/wp-content\/uploads\/2024\/11\/WhatsApp-Image-2024-11-05-at-4.55.41-PM-113x150.jpeg 113w, http:\/\/laprovidenciaovalle.cl\/colegio\/wp-content\/uploads\/2024\/11\/WhatsApp-Image-2024-11-05-at-4.55.41-PM.jpeg 1200w\" sizes=\"(max-width: 768px) 100vw, 768px\" \/><\/a>\n\t\t\t<\/dt><\/dl><dl class='gallery-item'>\n\t\t\t<dt class='gallery-icon portrait'>\n\t\t\t\t<a href='http:\/\/laprovidenciaovalle.cl\/colegio\/whatsapp-image-2024-11-05-at-4-55-40-pm\/'><img width=\"768\" height=\"1024\" src=\"http:\/\/laprovidenciaovalle.cl\/colegio\/wp-content\/uploads\/2024\/11\/WhatsApp-Image-2024-11-05-at-4.55.40-PM-768x1024.jpeg\" class=\"attachment-large size-large\" alt=\"\" loading=\"lazy\" srcset=\"http:\/\/laprovidenciaovalle.cl\/colegio\/wp-content\/uploads\/2024\/11\/WhatsApp-Image-2024-11-05-at-4.55.40-PM-768x1024.jpeg 768w, http:\/\/laprovidenciaovalle.cl\/colegio\/wp-content\/uploads\/2024\/11\/WhatsApp-Image-2024-11-05-at-4.55.40-PM-225x300.jpeg 225w, http:\/\/laprovidenciaovalle.cl\/colegio\/wp-content\/uploads\/2024\/11\/WhatsApp-Image-2024-11-05-at-4.55.40-PM-1152x1536.jpeg 1152w, http:\/\/laprovidenciaovalle.cl\/colegio\/wp-content\/uploads\/2024\/11\/WhatsApp-Image-2024-11-05-at-4.55.40-PM-113x150.jpeg 113w, http:\/\/laprovidenciaovalle.cl\/colegio\/wp-content\/uploads\/2024\/11\/WhatsApp-Image-2024-11-05-at-4.55.40-PM.jpeg 1200w\" sizes=\"(max-width: 768px) 100vw, 768px\" \/><\/a>\n\t\t\t<\/dt><\/dl><dl class='gallery-item'>\n\t\t\t<dt class='gallery-icon portrait'>\n\t\t\t\t<a href='http:\/\/laprovidenciaovalle.cl\/colegio\/whatsapp-image-2024-11-05-at-4-55-39-pm-1\/'><img width=\"768\" height=\"1024\" src=\"http:\/\/laprovidenciaovalle.cl\/colegio\/wp-content\/uploads\/2024\/11\/WhatsApp-Image-2024-11-05-at-4.55.39-PM-1-768x1024.jpeg\" class=\"attachment-large size-large\" alt=\"\" loading=\"lazy\" srcset=\"http:\/\/laprovidenciaovalle.cl\/colegio\/wp-content\/uploads\/2024\/11\/WhatsApp-Image-2024-11-05-at-4.55.39-PM-1-768x1024.jpeg 768w, http:\/\/laprovidenciaovalle.cl\/colegio\/wp-content\/uploads\/2024\/11\/WhatsApp-Image-2024-11-05-at-4.55.39-PM-1-225x300.jpeg 225w, http:\/\/laprovidenciaovalle.cl\/colegio\/wp-content\/uploads\/2024\/11\/WhatsApp-Image-2024-11-05-at-4.55.39-PM-1-1152x1536.jpeg 1152w, http:\/\/laprovidenciaovalle.cl\/colegio\/wp-content\/uploads\/2024\/11\/WhatsApp-Image-2024-11-05-at-4.55.39-PM-1-113x150.jpeg 113w, http:\/\/laprovidenciaovalle.cl\/colegio\/wp-content\/uploads\/2024\/11\/WhatsApp-Image-2024-11-05-at-4.55.39-PM-1.jpeg 1200w\" sizes=\"(max-width: 768px) 100vw, 768px\" \/><\/a>\n\t\t\t<\/dt><\/dl><br style=\"clear: both\" \/><dl class='gallery-item'>\n\t\t\t<dt class='gallery-icon portrait'>\n\t\t\t\t<a href='http:\/\/laprovidenciaovalle.cl\/colegio\/whatsapp-image-2024-11-05-at-5-07-54-pm\/'><img width=\"768\" height=\"1024\" src=\"http:\/\/laprovidenciaovalle.cl\/colegio\/wp-content\/uploads\/2024\/11\/WhatsApp-Image-2024-11-05-at-5.07.54-PM-768x1024.jpeg\" class=\"attachment-large size-large\" alt=\"\" loading=\"lazy\" srcset=\"http:\/\/laprovidenciaovalle.cl\/colegio\/wp-content\/uploads\/2024\/11\/WhatsApp-Image-2024-11-05-at-5.07.54-PM-768x1024.jpeg 768w, http:\/\/laprovidenciaovalle.cl\/colegio\/wp-content\/uploads\/2024\/11\/WhatsApp-Image-2024-11-05-at-5.07.54-PM-225x300.jpeg 225w, http:\/\/laprovidenciaovalle.cl\/colegio\/wp-content\/uploads\/2024\/11\/WhatsApp-Image-2024-11-05-at-5.07.54-PM-1152x1536.jpeg 1152w, http:\/\/laprovidenciaovalle.cl\/colegio\/wp-content\/uploads\/2024\/11\/WhatsApp-Image-2024-11-05-at-5.07.54-PM-113x150.jpeg 113w, http:\/\/laprovidenciaovalle.cl\/colegio\/wp-content\/uploads\/2024\/11\/WhatsApp-Image-2024-11-05-at-5.07.54-PM.jpeg 1200w\" sizes=\"(max-width: 768px) 100vw, 768px\" \/><\/a>\n\t\t\t<\/dt><\/dl><dl class='gallery-item'>\n\t\t\t<dt class='gallery-icon portrait'>\n\t\t\t\t<a href='http:\/\/laprovidenciaovalle.cl\/colegio\/whatsapp-image-2024-11-05-at-5-07-52-pm\/'><img width=\"768\" height=\"1024\" src=\"http:\/\/laprovidenciaovalle.cl\/colegio\/wp-content\/uploads\/2024\/11\/WhatsApp-Image-2024-11-05-at-5.07.52-PM-768x1024.jpeg\" class=\"attachment-large size-large\" alt=\"\" loading=\"lazy\" srcset=\"http:\/\/laprovidenciaovalle.cl\/colegio\/wp-content\/uploads\/2024\/11\/WhatsApp-Image-2024-11-05-at-5.07.52-PM-768x1024.jpeg 768w, http:\/\/laprovidenciaovalle.cl\/colegio\/wp-content\/uploads\/2024\/11\/WhatsApp-Image-2024-11-05-at-5.07.52-PM-225x300.jpeg 225w, http:\/\/laprovidenciaovalle.cl\/colegio\/wp-content\/uploads\/2024\/11\/WhatsApp-Image-2024-11-05-at-5.07.52-PM-1152x1536.jpeg 1152w, http:\/\/laprovidenciaovalle.cl\/colegio\/wp-content\/uploads\/2024\/11\/WhatsApp-Image-2024-11-05-at-5.07.52-PM-113x150.jpeg 113w, http:\/\/laprovidenciaovalle.cl\/colegio\/wp-content\/uploads\/2024\/11\/WhatsApp-Image-2024-11-05-at-5.07.52-PM.jpeg 1200w\" sizes=\"(max-width: 768px) 100vw, 768px\" \/><\/a>\n\t\t\t<\/dt><\/dl><dl class='gallery-item'>\n\t\t\t<dt class='gallery-icon portrait'>\n\t\t\t\t<a href='http:\/\/laprovidenciaovalle.cl\/colegio\/whatsapp-image-2024-10-30-at-6-21-41-pm\/'><img width=\"768\" height=\"1024\" src=\"http:\/\/laprovidenciaovalle.cl\/colegio\/wp-content\/uploads\/2024\/11\/WhatsApp-Image-2024-10-30-at-6.21.41-PM-768x1024.jpeg\" class=\"attachment-large size-large\" alt=\"\" loading=\"lazy\" srcset=\"http:\/\/laprovidenciaovalle.cl\/colegio\/wp-content\/uploads\/2024\/11\/WhatsApp-Image-2024-10-30-at-6.21.41-PM-768x1024.jpeg 768w, http:\/\/laprovidenciaovalle.cl\/colegio\/wp-content\/uploads\/2024\/11\/WhatsApp-Image-2024-10-30-at-6.21.41-PM-225x300.jpeg 225w, http:\/\/laprovidenciaovalle.cl\/colegio\/wp-content\/uploads\/2024\/11\/WhatsApp-Image-2024-10-30-at-6.21.41-PM-1152x1536.jpeg 1152w, http:\/\/laprovidenciaovalle.cl\/colegio\/wp-content\/uploads\/2024\/11\/WhatsApp-Image-2024-10-30-at-6.21.41-PM-113x150.jpeg 113w, http:\/\/laprovidenciaovalle.cl\/colegio\/wp-content\/uploads\/2024\/11\/WhatsApp-Image-2024-10-30-at-6.21.41-PM.jpeg 1200w\" sizes=\"(max-width: 768px) 100vw, 768px\" \/><\/a>\n\t\t\t<\/dt><\/dl><br style=\"clear: both\" \/><dl class='gallery-item'>\n\t\t\t<dt class='gallery-icon portrait'>\n\t\t\t\t<a href='http:\/\/laprovidenciaovalle.cl\/colegio\/whatsapp-image-2024-10-30-at-6-21-46-pm\/'><img width=\"768\" height=\"1024\" src=\"http:\/\/laprovidenciaovalle.cl\/colegio\/wp-content\/uploads\/2024\/11\/WhatsApp-Image-2024-10-30-at-6.21.46-PM-768x1024.jpeg\" class=\"attachment-large size-large\" alt=\"\" loading=\"lazy\" srcset=\"http:\/\/laprovidenciaovalle.cl\/colegio\/wp-content\/uploads\/2024\/11\/WhatsApp-Image-2024-10-30-at-6.21.46-PM-768x1024.jpeg 768w, http:\/\/laprovidenciaovalle.cl\/colegio\/wp-content\/uploads\/2024\/11\/WhatsApp-Image-2024-10-30-at-6.21.46-PM-225x300.jpeg 225w, http:\/\/laprovidenciaovalle.cl\/colegio\/wp-content\/uploads\/2024\/11\/WhatsApp-Image-2024-10-30-at-6.21.46-PM-1152x1536.jpeg 1152w, http:\/\/laprovidenciaovalle.cl\/colegio\/wp-content\/uploads\/2024\/11\/WhatsApp-Image-2024-10-30-at-6.21.46-PM-113x150.jpeg 113w, http:\/\/laprovidenciaovalle.cl\/colegio\/wp-content\/uploads\/2024\/11\/WhatsApp-Image-2024-10-30-at-6.21.46-PM.jpeg 1200w\" sizes=\"(max-width: 768px) 100vw, 768px\" \/><\/a>\n\t\t\t<\/dt><\/dl><dl class='gallery-item'>\n\t\t\t<dt class='gallery-icon landscape'>\n\t\t\t\t<a href='http:\/\/laprovidenciaovalle.cl\/colegio\/whatsapp-image-2024-10-30-at-6-21-53-pm\/'><img width=\"1024\" height=\"768\" src=\"http:\/\/laprovidenciaovalle.cl\/colegio\/wp-content\/uploads\/2024\/11\/WhatsApp-Image-2024-10-30-at-6.21.53-PM-1024x768.jpeg\" class=\"attachment-large size-large\" alt=\"\" loading=\"lazy\" srcset=\"http:\/\/laprovidenciaovalle.cl\/colegio\/wp-content\/uploads\/2024\/11\/WhatsApp-Image-2024-10-30-at-6.21.53-PM-1024x768.jpeg 1024w, http:\/\/laprovidenciaovalle.cl\/colegio\/wp-content\/uploads\/2024\/11\/WhatsApp-Image-2024-10-30-at-6.21.53-PM-300x225.jpeg 300w, http:\/\/laprovidenciaovalle.cl\/colegio\/wp-content\/uploads\/2024\/11\/WhatsApp-Image-2024-10-30-at-6.21.53-PM-768x576.jpeg 768w, http:\/\/laprovidenciaovalle.cl\/colegio\/wp-content\/uploads\/2024\/11\/WhatsApp-Image-2024-10-30-at-6.21.53-PM-1536x1152.jpeg 1536w, http:\/\/laprovidenciaovalle.cl\/colegio\/wp-content\/uploads\/2024\/11\/WhatsApp-Image-2024-10-30-at-6.21.53-PM-150x113.jpeg 150w, http:\/\/laprovidenciaovalle.cl\/colegio\/wp-content\/uploads\/2024\/11\/WhatsApp-Image-2024-10-30-at-6.21.53-PM.jpeg 1600w\" sizes=\"(max-width: 1024px) 100vw, 1024px\" \/><\/a>\n\t\t\t<\/dt><\/dl><dl class='gallery-item'>\n\t\t\t<dt class='gallery-icon portrait'>\n\t\t\t\t<a href='http:\/\/laprovidenciaovalle.cl\/colegio\/whatsapp-image-2024-11-05-at-4-55-37-pm\/'><img width=\"768\" height=\"1024\" src=\"http:\/\/laprovidenciaovalle.cl\/colegio\/wp-content\/uploads\/2024\/11\/WhatsApp-Image-2024-11-05-at-4.55.37-PM-768x1024.jpeg\" class=\"attachment-large size-large\" alt=\"\" loading=\"lazy\" srcset=\"http:\/\/laprovidenciaovalle.cl\/colegio\/wp-content\/uploads\/2024\/11\/WhatsApp-Image-2024-11-05-at-4.55.37-PM-768x1024.jpeg 768w, http:\/\/laprovidenciaovalle.cl\/colegio\/wp-content\/uploads\/2024\/11\/WhatsApp-Image-2024-11-05-at-4.55.37-PM-225x300.jpeg 225w, http:\/\/laprovidenciaovalle.cl\/colegio\/wp-content\/uploads\/2024\/11\/WhatsApp-Image-2024-11-05-at-4.55.37-PM-1152x1536.jpeg 1152w, http:\/\/laprovidenciaovalle.cl\/colegio\/wp-content\/uploads\/2024\/11\/WhatsApp-Image-2024-11-05-at-4.55.37-PM-113x150.jpeg 113w, http:\/\/laprovidenciaovalle.cl\/colegio\/wp-content\/uploads\/2024\/11\/WhatsApp-Image-2024-11-05-at-4.55.37-PM.jpeg 1200w\" sizes=\"(max-width: 768px) 100vw, 768px\" \/><\/a>\n\t\t\t<\/dt><\/dl><br style=\"clear: both\" \/><dl class='gallery-item'>\n\t\t\t<dt class='gallery-icon portrait'>\n\t\t\t\t<a href='http:\/\/laprovidenciaovalle.cl\/colegio\/whatsapp-image-2024-11-05-at-4-55-38-pm\/'><img width=\"768\" height=\"1024\" src=\"http:\/\/laprovidenciaovalle.cl\/colegio\/wp-content\/uploads\/2024\/11\/WhatsApp-Image-2024-11-05-at-4.55.38-PM-768x1024.jpeg\" class=\"attachment-large size-large\" alt=\"\" loading=\"lazy\" srcset=\"http:\/\/laprovidenciaovalle.cl\/colegio\/wp-content\/uploads\/2024\/11\/WhatsApp-Image-2024-11-05-at-4.55.38-PM-768x1024.jpeg 768w, http:\/\/laprovidenciaovalle.cl\/colegio\/wp-content\/uploads\/2024\/11\/WhatsApp-Image-2024-11-05-at-4.55.38-PM-225x300.jpeg 225w, http:\/\/laprovidenciaovalle.cl\/colegio\/wp-content\/uploads\/2024\/11\/WhatsApp-Image-2024-11-05-at-4.55.38-PM-1152x1536.jpeg 1152w, http:\/\/laprovidenciaovalle.cl\/colegio\/wp-content\/uploads\/2024\/11\/WhatsApp-Image-2024-11-05-at-4.55.38-PM-113x150.jpeg 113w, http:\/\/laprovidenciaovalle.cl\/colegio\/wp-content\/uploads\/2024\/11\/WhatsApp-Image-2024-11-05-at-4.55.38-PM.jpeg 1200w\" sizes=\"(max-width: 768px) 100vw, 768px\" \/><\/a>\n\t\t\t<\/dt><\/dl><dl class='gallery-item'>\n\t\t\t<dt class='gallery-icon portrait'>\n\t\t\t\t<a href='http:\/\/laprovidenciaovalle.cl\/colegio\/whatsapp-image-2024-11-05-at-4-55-38-pm-1\/'><img width=\"768\" height=\"1024\" src=\"http:\/\/laprovidenciaovalle.cl\/colegio\/wp-content\/uploads\/2024\/11\/WhatsApp-Image-2024-11-05-at-4.55.38-PM-1-768x1024.jpeg\" class=\"attachment-large size-large\" alt=\"\" loading=\"lazy\" srcset=\"http:\/\/laprovidenciaovalle.cl\/colegio\/wp-content\/uploads\/2024\/11\/WhatsApp-Image-2024-11-05-at-4.55.38-PM-1-768x1024.jpeg 768w, http:\/\/laprovidenciaovalle.cl\/colegio\/wp-content\/uploads\/2024\/11\/WhatsApp-Image-2024-11-05-at-4.55.38-PM-1-225x300.jpeg 225w, http:\/\/laprovidenciaovalle.cl\/colegio\/wp-content\/uploads\/2024\/11\/WhatsApp-Image-2024-11-05-at-4.55.38-PM-1-1152x1536.jpeg 1152w, http:\/\/laprovidenciaovalle.cl\/colegio\/wp-content\/uploads\/2024\/11\/WhatsApp-Image-2024-11-05-at-4.55.38-PM-1-113x150.jpeg 113w, http:\/\/laprovidenciaovalle.cl\/colegio\/wp-content\/uploads\/2024\/11\/WhatsApp-Image-2024-11-05-at-4.55.38-PM-1.jpeg 1200w\" sizes=\"(max-width: 768px) 100vw, 768px\" \/><\/a>\n\t\t\t<\/dt><\/dl><dl class='gallery-item'>\n\t\t\t<dt class='gallery-icon portrait'>\n\t\t\t\t<a href='http:\/\/laprovidenciaovalle.cl\/colegio\/whatsapp-image-2024-11-05-at-4-55-39-pm\/'><img width=\"768\" height=\"1024\" src=\"http:\/\/laprovidenciaovalle.cl\/colegio\/wp-content\/uploads\/2024\/11\/WhatsApp-Image-2024-11-05-at-4.55.39-PM-768x1024.jpeg\" class=\"attachment-large size-large\" alt=\"\" loading=\"lazy\" srcset=\"http:\/\/laprovidenciaovalle.cl\/colegio\/wp-content\/uploads\/2024\/11\/WhatsApp-Image-2024-11-05-at-4.55.39-PM-768x1024.jpeg 768w, http:\/\/laprovidenciaovalle.cl\/colegio\/wp-content\/uploads\/2024\/11\/WhatsApp-Image-2024-11-05-at-4.55.39-PM-225x300.jpeg 225w, http:\/\/laprovidenciaovalle.cl\/colegio\/wp-content\/uploads\/2024\/11\/WhatsApp-Image-2024-11-05-at-4.55.39-PM-1152x1536.jpeg 1152w, http:\/\/laprovidenciaovalle.cl\/colegio\/wp-content\/uploads\/2024\/11\/WhatsApp-Image-2024-11-05-at-4.55.39-PM-113x150.jpeg 113w, http:\/\/laprovidenciaovalle.cl\/colegio\/wp-content\/uploads\/2024\/11\/WhatsApp-Image-2024-11-05-at-4.55.39-PM.jpeg 1200w\" sizes=\"(max-width: 768px) 100vw, 768px\" \/><\/a>\n\t\t\t<\/dt><\/dl><br style=\"clear: both\" \/><dl class='gallery-item'>\n\t\t\t<dt class='gallery-icon portrait'>\n\t\t\t\t<a href='http:\/\/laprovidenciaovalle.cl\/colegio\/whatsapp-image-2024-11-05-at-5-06-29-pm\/'><img width=\"768\" height=\"1024\" src=\"http:\/\/laprovidenciaovalle.cl\/colegio\/wp-content\/uploads\/2024\/11\/WhatsApp-Image-2024-11-05-at-5.06.29-PM-768x1024.jpeg\" class=\"attachment-large size-large\" alt=\"\" loading=\"lazy\" srcset=\"http:\/\/laprovidenciaovalle.cl\/colegio\/wp-content\/uploads\/2024\/11\/WhatsApp-Image-2024-11-05-at-5.06.29-PM-768x1024.jpeg 768w, http:\/\/laprovidenciaovalle.cl\/colegio\/wp-content\/uploads\/2024\/11\/WhatsApp-Image-2024-11-05-at-5.06.29-PM-225x300.jpeg 225w, http:\/\/laprovidenciaovalle.cl\/colegio\/wp-content\/uploads\/2024\/11\/WhatsApp-Image-2024-11-05-at-5.06.29-PM-1152x1536.jpeg 1152w, http:\/\/laprovidenciaovalle.cl\/colegio\/wp-content\/uploads\/2024\/11\/WhatsApp-Image-2024-11-05-at-5.06.29-PM-113x150.jpeg 113w, http:\/\/laprovidenciaovalle.cl\/colegio\/wp-content\/uploads\/2024\/11\/WhatsApp-Image-2024-11-05-at-5.06.29-PM.jpeg 1200w\" sizes=\"(max-width: 768px) 100vw, 768px\" \/><\/a>\n\t\t\t<\/dt><\/dl><dl class='gallery-item'>\n\t\t\t<dt class='gallery-icon portrait'>\n\t\t\t\t<a href='http:\/\/laprovidenciaovalle.cl\/colegio\/whatsapp-image-2024-11-05-at-5-06-29-pm-1\/'><img width=\"768\" height=\"1024\" src=\"http:\/\/laprovidenciaovalle.cl\/colegio\/wp-content\/uploads\/2024\/11\/WhatsApp-Image-2024-11-05-at-5.06.29-PM-1-768x1024.jpeg\" class=\"attachment-large size-large\" alt=\"\" loading=\"lazy\" srcset=\"http:\/\/laprovidenciaovalle.cl\/colegio\/wp-content\/uploads\/2024\/11\/WhatsApp-Image-2024-11-05-at-5.06.29-PM-1-768x1024.jpeg 768w, http:\/\/laprovidenciaovalle.cl\/colegio\/wp-content\/uploads\/2024\/11\/WhatsApp-Image-2024-11-05-at-5.06.29-PM-1-225x300.jpeg 225w, http:\/\/laprovidenciaovalle.cl\/colegio\/wp-content\/uploads\/2024\/11\/WhatsApp-Image-2024-11-05-at-5.06.29-PM-1-1152x1536.jpeg 1152w, http:\/\/laprovidenciaovalle.cl\/colegio\/wp-content\/uploads\/2024\/11\/WhatsApp-Image-2024-11-05-at-5.06.29-PM-1-113x150.jpeg 113w, http:\/\/laprovidenciaovalle.cl\/colegio\/wp-content\/uploads\/2024\/11\/WhatsApp-Image-2024-11-05-at-5.06.29-PM-1.jpeg 1200w\" sizes=\"(max-width: 768px) 100vw, 768px\" \/><\/a>\n\t\t\t<\/dt><\/dl><dl class='gallery-item'>\n\t\t\t<dt class='gallery-icon portrait'>\n\t\t\t\t<a href='http:\/\/laprovidenciaovalle.cl\/colegio\/whatsapp-image-2024-11-05-at-5-06-29-pm-2\/'><img width=\"768\" height=\"1024\" src=\"http:\/\/laprovidenciaovalle.cl\/colegio\/wp-content\/uploads\/2024\/11\/WhatsApp-Image-2024-11-05-at-5.06.29-PM-2-768x1024.jpeg\" class=\"attachment-large size-large\" alt=\"\" loading=\"lazy\" srcset=\"http:\/\/laprovidenciaovalle.cl\/colegio\/wp-content\/uploads\/2024\/11\/WhatsApp-Image-2024-11-05-at-5.06.29-PM-2-768x1024.jpeg 768w, http:\/\/laprovidenciaovalle.cl\/colegio\/wp-content\/uploads\/2024\/11\/WhatsApp-Image-2024-11-05-at-5.06.29-PM-2-225x300.jpeg 225w, http:\/\/laprovidenciaovalle.cl\/colegio\/wp-content\/uploads\/2024\/11\/WhatsApp-Image-2024-11-05-at-5.06.29-PM-2-1152x1536.jpeg 1152w, http:\/\/laprovidenciaovalle.cl\/colegio\/wp-content\/uploads\/2024\/11\/WhatsApp-Image-2024-11-05-at-5.06.29-PM-2-113x150.jpeg 113w, http:\/\/laprovidenciaovalle.cl\/colegio\/wp-content\/uploads\/2024\/11\/WhatsApp-Image-2024-11-05-at-5.06.29-PM-2.jpeg 1200w\" sizes=\"(max-width: 768px) 100vw, 768px\" \/><\/a>\n\t\t\t<\/dt><\/dl><br style=\"clear: both\" \/><dl class='gallery-item'>\n\t\t\t<dt class='gallery-icon portrait'>\n\t\t\t\t<a href='http:\/\/laprovidenciaovalle.cl\/colegio\/whatsapp-image-2024-11-05-at-5-07-51-pm-2\/'><img width=\"768\" height=\"1024\" src=\"http:\/\/laprovidenciaovalle.cl\/colegio\/wp-content\/uploads\/2024\/11\/WhatsApp-Image-2024-11-05-at-5.07.51-PM-2-768x1024.jpeg\" class=\"attachment-large size-large\" alt=\"\" loading=\"lazy\" srcset=\"http:\/\/laprovidenciaovalle.cl\/colegio\/wp-content\/uploads\/2024\/11\/WhatsApp-Image-2024-11-05-at-5.07.51-PM-2-768x1024.jpeg 768w, http:\/\/laprovidenciaovalle.cl\/colegio\/wp-content\/uploads\/2024\/11\/WhatsApp-Image-2024-11-05-at-5.07.51-PM-2-225x300.jpeg 225w, http:\/\/laprovidenciaovalle.cl\/colegio\/wp-content\/uploads\/2024\/11\/WhatsApp-Image-2024-11-05-at-5.07.51-PM-2-1152x1536.jpeg 1152w, http:\/\/laprovidenciaovalle.cl\/colegio\/wp-content\/uploads\/2024\/11\/WhatsApp-Image-2024-11-05-at-5.07.51-PM-2-113x150.jpeg 113w, http:\/\/laprovidenciaovalle.cl\/colegio\/wp-content\/uploads\/2024\/11\/WhatsApp-Image-2024-11-05-at-5.07.51-PM-2.jpeg 1200w\" sizes=\"(max-width: 768px) 100vw, 768px\" \/><\/a>\n\t\t\t<\/dt><\/dl><dl class='gallery-item'>\n\t\t\t<dt class='gallery-icon portrait'>\n\t\t\t\t<a href='http:\/\/laprovidenciaovalle.cl\/colegio\/whatsapp-image-2024-11-05-at-5-07-51-pm-1\/'><img width=\"768\" height=\"1024\" src=\"http:\/\/laprovidenciaovalle.cl\/colegio\/wp-content\/uploads\/2024\/11\/WhatsApp-Image-2024-11-05-at-5.07.51-PM-1-768x1024.jpeg\" class=\"attachment-large size-large\" alt=\"\" loading=\"lazy\" srcset=\"http:\/\/laprovidenciaovalle.cl\/colegio\/wp-content\/uploads\/2024\/11\/WhatsApp-Image-2024-11-05-at-5.07.51-PM-1-768x1024.jpeg 768w, http:\/\/laprovidenciaovalle.cl\/colegio\/wp-content\/uploads\/2024\/11\/WhatsApp-Image-2024-11-05-at-5.07.51-PM-1-225x300.jpeg 225w, http:\/\/laprovidenciaovalle.cl\/colegio\/wp-content\/uploads\/2024\/11\/WhatsApp-Image-2024-11-05-at-5.07.51-PM-1-1152x1536.jpeg 1152w, http:\/\/laprovidenciaovalle.cl\/colegio\/wp-content\/uploads\/2024\/11\/WhatsApp-Image-2024-11-05-at-5.07.51-PM-1-113x150.jpeg 113w, http:\/\/laprovidenciaovalle.cl\/colegio\/wp-content\/uploads\/2024\/11\/WhatsApp-Image-2024-11-05-at-5.07.51-PM-1.jpeg 1200w\" sizes=\"(max-width: 768px) 100vw, 768px\" \/><\/a>\n\t\t\t<\/dt><\/dl><dl class='gallery-item'>\n\t\t\t<dt class='gallery-icon portrait'>\n\t\t\t\t<a href='http:\/\/laprovidenciaovalle.cl\/colegio\/whatsapp-image-2024-11-05-at-5-07-51-pm\/'><img width=\"768\" height=\"1024\" src=\"http:\/\/laprovidenciaovalle.cl\/colegio\/wp-content\/uploads\/2024\/11\/WhatsApp-Image-2024-11-05-at-5.07.51-PM-768x1024.jpeg\" class=\"attachment-large size-large\" alt=\"\" loading=\"lazy\" srcset=\"http:\/\/laprovidenciaovalle.cl\/colegio\/wp-content\/uploads\/2024\/11\/WhatsApp-Image-2024-11-05-at-5.07.51-PM-768x1024.jpeg 768w, http:\/\/laprovidenciaovalle.cl\/colegio\/wp-content\/uploads\/2024\/11\/WhatsApp-Image-2024-11-05-at-5.07.51-PM-225x300.jpeg 225w, http:\/\/laprovidenciaovalle.cl\/colegio\/wp-content\/uploads\/2024\/11\/WhatsApp-Image-2024-11-05-at-5.07.51-PM-1152x1536.jpeg 1152w, http:\/\/laprovidenciaovalle.cl\/colegio\/wp-content\/uploads\/2024\/11\/WhatsApp-Image-2024-11-05-at-5.07.51-PM-113x150.jpeg 113w, http:\/\/laprovidenciaovalle.cl\/colegio\/wp-content\/uploads\/2024\/11\/WhatsApp-Image-2024-11-05-at-5.07.51-PM.jpeg 1200w\" sizes=\"(max-width: 768px) 100vw, 768px\" \/><\/a>\n\t\t\t<\/dt><\/dl><br style=\"clear: both\" \/><dl class='gallery-item'>\n\t\t\t<dt class='gallery-icon portrait'>\n\t\t\t\t<a href='http:\/\/laprovidenciaovalle.cl\/colegio\/whatsapp-image-2024-11-05-at-5-07-53-pm-1\/'><img width=\"768\" height=\"1024\" src=\"http:\/\/laprovidenciaovalle.cl\/colegio\/wp-content\/uploads\/2024\/11\/WhatsApp-Image-2024-11-05-at-5.07.53-PM-1-768x1024.jpeg\" class=\"attachment-large size-large\" alt=\"\" loading=\"lazy\" srcset=\"http:\/\/laprovidenciaovalle.cl\/colegio\/wp-content\/uploads\/2024\/11\/WhatsApp-Image-2024-11-05-at-5.07.53-PM-1-768x1024.jpeg 768w, http:\/\/laprovidenciaovalle.cl\/colegio\/wp-content\/uploads\/2024\/11\/WhatsApp-Image-2024-11-05-at-5.07.53-PM-1-225x300.jpeg 225w, http:\/\/laprovidenciaovalle.cl\/colegio\/wp-content\/uploads\/2024\/11\/WhatsApp-Image-2024-11-05-at-5.07.53-PM-1-1152x1536.jpeg 1152w, http:\/\/laprovidenciaovalle.cl\/colegio\/wp-content\/uploads\/2024\/11\/WhatsApp-Image-2024-11-05-at-5.07.53-PM-1-113x150.jpeg 113w, http:\/\/laprovidenciaovalle.cl\/colegio\/wp-content\/uploads\/2024\/11\/WhatsApp-Image-2024-11-05-at-5.07.53-PM-1.jpeg 1200w\" sizes=\"(max-width: 768px) 100vw, 768px\" \/><\/a>\n\t\t\t<\/dt><\/dl><dl class='gallery-item'>\n\t\t\t<dt class='gallery-icon landscape'>\n\t\t\t\t<a href='http:\/\/laprovidenciaovalle.cl\/colegio\/whatsapp-image-2024-11-05-at-5-07-53-pm\/'><img width=\"1024\" height=\"768\" src=\"http:\/\/laprovidenciaovalle.cl\/colegio\/wp-content\/uploads\/2024\/11\/WhatsApp-Image-2024-11-05-at-5.07.53-PM-1024x768.jpeg\" class=\"attachment-large size-large\" alt=\"\" loading=\"lazy\" srcset=\"http:\/\/laprovidenciaovalle.cl\/colegio\/wp-content\/uploads\/2024\/11\/WhatsApp-Image-2024-11-05-at-5.07.53-PM-1024x768.jpeg 1024w, http:\/\/laprovidenciaovalle.cl\/colegio\/wp-content\/uploads\/2024\/11\/WhatsApp-Image-2024-11-05-at-5.07.53-PM-300x225.jpeg 300w, http:\/\/laprovidenciaovalle.cl\/colegio\/wp-content\/uploads\/2024\/11\/WhatsApp-Image-2024-11-05-at-5.07.53-PM-768x576.jpeg 768w, http:\/\/laprovidenciaovalle.cl\/colegio\/wp-content\/uploads\/2024\/11\/WhatsApp-Image-2024-11-05-at-5.07.53-PM-1536x1152.jpeg 1536w, http:\/\/laprovidenciaovalle.cl\/colegio\/wp-content\/uploads\/2024\/11\/WhatsApp-Image-2024-11-05-at-5.07.53-PM-150x113.jpeg 150w, http:\/\/laprovidenciaovalle.cl\/colegio\/wp-content\/uploads\/2024\/11\/WhatsApp-Image-2024-11-05-at-5.07.53-PM.jpeg 1600w\" sizes=\"(max-width: 1024px) 100vw, 1024px\" \/><\/a>\n\t\t\t<\/dt><\/dl><dl class='gallery-item'>\n\t\t\t<dt class='gallery-icon portrait'>\n\t\t\t\t<a href='http:\/\/laprovidenciaovalle.cl\/colegio\/whatsapp-image-2024-11-05-at-5-07-52-pm-1\/'><img width=\"768\" height=\"1024\" src=\"http:\/\/laprovidenciaovalle.cl\/colegio\/wp-content\/uploads\/2024\/11\/WhatsApp-Image-2024-11-05-at-5.07.52-PM-1-768x1024.jpeg\" class=\"attachment-large size-large\" alt=\"\" loading=\"lazy\" srcset=\"http:\/\/laprovidenciaovalle.cl\/colegio\/wp-content\/uploads\/2024\/11\/WhatsApp-Image-2024-11-05-at-5.07.52-PM-1-768x1024.jpeg 768w, http:\/\/laprovidenciaovalle.cl\/colegio\/wp-content\/uploads\/2024\/11\/WhatsApp-Image-2024-11-05-at-5.07.52-PM-1-225x300.jpeg 225w, http:\/\/laprovidenciaovalle.cl\/colegio\/wp-content\/uploads\/2024\/11\/WhatsApp-Image-2024-11-05-at-5.07.52-PM-1-1152x1536.jpeg 1152w, http:\/\/laprovidenciaovalle.cl\/colegio\/wp-content\/uploads\/2024\/11\/WhatsApp-Image-2024-11-05-at-5.07.52-PM-1-113x150.jpeg 113w, http:\/\/laprovidenciaovalle.cl\/colegio\/wp-content\/uploads\/2024\/11\/WhatsApp-Image-2024-11-05-at-5.07.52-PM-1.jpeg 1200w\" sizes=\"(max-width: 768px) 100vw, 768px\" \/><\/a>\n\t\t\t<\/dt><\/dl><br style=\"clear: both\" \/><dl class='gallery-item'>\n\t\t\t<dt class='gallery-icon portrait'>\n\t\t\t\t<a href='http:\/\/laprovidenciaovalle.cl\/colegio\/whatsapp-image-2024-11-05-at-5-06-27-pm\/'><img width=\"768\" height=\"1024\" src=\"http:\/\/laprovidenciaovalle.cl\/colegio\/wp-content\/uploads\/2024\/11\/WhatsApp-Image-2024-11-05-at-5.06.27-PM-768x1024.jpeg\" class=\"attachment-large size-large\" alt=\"\" loading=\"lazy\" srcset=\"http:\/\/laprovidenciaovalle.cl\/colegio\/wp-content\/uploads\/2024\/11\/WhatsApp-Image-2024-11-05-at-5.06.27-PM-768x1024.jpeg 768w, http:\/\/laprovidenciaovalle.cl\/colegio\/wp-content\/uploads\/2024\/11\/WhatsApp-Image-2024-11-05-at-5.06.27-PM-225x300.jpeg 225w, http:\/\/laprovidenciaovalle.cl\/colegio\/wp-content\/uploads\/2024\/11\/WhatsApp-Image-2024-11-05-at-5.06.27-PM-1152x1536.jpeg 1152w, http:\/\/laprovidenciaovalle.cl\/colegio\/wp-content\/uploads\/2024\/11\/WhatsApp-Image-2024-11-05-at-5.06.27-PM-113x150.jpeg 113w, http:\/\/laprovidenciaovalle.cl\/colegio\/wp-content\/uploads\/2024\/11\/WhatsApp-Image-2024-11-05-at-5.06.27-PM.jpeg 1200w\" sizes=\"(max-width: 768px) 100vw, 768px\" \/><\/a>\n\t\t\t<\/dt><\/dl><dl class='gallery-item'>\n\t\t\t<dt class='gallery-icon portrait'>\n\t\t\t\t<a href='http:\/\/laprovidenciaovalle.cl\/colegio\/whatsapp-image-2024-11-05-at-5-06-28-pm\/'><img width=\"768\" height=\"1024\" src=\"http:\/\/laprovidenciaovalle.cl\/colegio\/wp-content\/uploads\/2024\/11\/WhatsApp-Image-2024-11-05-at-5.06.28-PM-768x1024.jpeg\" class=\"attachment-large size-large\" alt=\"\" loading=\"lazy\" srcset=\"http:\/\/laprovidenciaovalle.cl\/colegio\/wp-content\/uploads\/2024\/11\/WhatsApp-Image-2024-11-05-at-5.06.28-PM-768x1024.jpeg 768w, http:\/\/laprovidenciaovalle.cl\/colegio\/wp-content\/uploads\/2024\/11\/WhatsApp-Image-2024-11-05-at-5.06.28-PM-225x300.jpeg 225w, http:\/\/laprovidenciaovalle.cl\/colegio\/wp-content\/uploads\/2024\/11\/WhatsApp-Image-2024-11-05-at-5.06.28-PM-1152x1536.jpeg 1152w, http:\/\/laprovidenciaovalle.cl\/colegio\/wp-content\/uploads\/2024\/11\/WhatsApp-Image-2024-11-05-at-5.06.28-PM-113x150.jpeg 113w, http:\/\/laprovidenciaovalle.cl\/colegio\/wp-content\/uploads\/2024\/11\/WhatsApp-Image-2024-11-05-at-5.06.28-PM.jpeg 1200w\" sizes=\"(max-width: 768px) 100vw, 768px\" \/><\/a>\n\t\t\t<\/dt><\/dl><dl class='gallery-item'>\n\t\t\t<dt class='gallery-icon portrait'>\n\t\t\t\t<a href='http:\/\/laprovidenciaovalle.cl\/colegio\/whatsapp-image-2024-11-05-at-5-06-26-pm-1\/'><img width=\"768\" height=\"1024\" src=\"http:\/\/laprovidenciaovalle.cl\/colegio\/wp-content\/uploads\/2024\/11\/WhatsApp-Image-2024-11-05-at-5.06.26-PM-1-768x1024.jpeg\" class=\"attachment-large size-large\" alt=\"\" loading=\"lazy\" srcset=\"http:\/\/laprovidenciaovalle.cl\/colegio\/wp-content\/uploads\/2024\/11\/WhatsApp-Image-2024-11-05-at-5.06.26-PM-1-768x1024.jpeg 768w, http:\/\/laprovidenciaovalle.cl\/colegio\/wp-content\/uploads\/2024\/11\/WhatsApp-Image-2024-11-05-at-5.06.26-PM-1-225x300.jpeg 225w, http:\/\/laprovidenciaovalle.cl\/colegio\/wp-content\/uploads\/2024\/11\/WhatsApp-Image-2024-11-05-at-5.06.26-PM-1-1152x1536.jpeg 1152w, http:\/\/laprovidenciaovalle.cl\/colegio\/wp-content\/uploads\/2024\/11\/WhatsApp-Image-2024-11-05-at-5.06.26-PM-1-113x150.jpeg 113w, http:\/\/laprovidenciaovalle.cl\/colegio\/wp-content\/uploads\/2024\/11\/WhatsApp-Image-2024-11-05-at-5.06.26-PM-1.jpeg 1200w\" sizes=\"(max-width: 768px) 100vw, 768px\" \/><\/a>\n\t\t\t<\/dt><\/dl><br style=\"clear: both\" \/><dl class='gallery-item'>\n\t\t\t<dt class='gallery-icon portrait'>\n\t\t\t\t<a href='http:\/\/laprovidenciaovalle.cl\/colegio\/whatsapp-image-2024-11-05-at-5-06-26-pm\/'><img width=\"768\" height=\"1024\" src=\"http:\/\/laprovidenciaovalle.cl\/colegio\/wp-content\/uploads\/2024\/11\/WhatsApp-Image-2024-11-05-at-5.06.26-PM-768x1024.jpeg\" class=\"attachment-large size-large\" alt=\"\" loading=\"lazy\" srcset=\"http:\/\/laprovidenciaovalle.cl\/colegio\/wp-content\/uploads\/2024\/11\/WhatsApp-Image-2024-11-05-at-5.06.26-PM-768x1024.jpeg 768w, http:\/\/laprovidenciaovalle.cl\/colegio\/wp-content\/uploads\/2024\/11\/WhatsApp-Image-2024-11-05-at-5.06.26-PM-225x300.jpeg 225w, http:\/\/laprovidenciaovalle.cl\/colegio\/wp-content\/uploads\/2024\/11\/WhatsApp-Image-2024-11-05-at-5.06.26-PM-1152x1536.jpeg 1152w, http:\/\/laprovidenciaovalle.cl\/colegio\/wp-content\/uploads\/2024\/11\/WhatsApp-Image-2024-11-05-at-5.06.26-PM-113x150.jpeg 113w, http:\/\/laprovidenciaovalle.cl\/colegio\/wp-content\/uploads\/2024\/11\/WhatsApp-Image-2024-11-05-at-5.06.26-PM.jpeg 1200w\" sizes=\"(max-width: 768px) 100vw, 768px\" \/><\/a>\n\t\t\t<\/dt><\/dl><dl class='gallery-item'>\n\t\t\t<dt class='gallery-icon landscape'>\n\t\t\t\t<a href='http:\/\/laprovidenciaovalle.cl\/colegio\/whatsapp-image-2024-11-05-at-5-06-24-pm\/'><img width=\"1024\" height=\"768\" src=\"http:\/\/laprovidenciaovalle.cl\/colegio\/wp-content\/uploads\/2024\/11\/WhatsApp-Image-2024-11-05-at-5.06.24-PM-1024x768.jpeg\" class=\"attachment-large size-large\" alt=\"\" loading=\"lazy\" srcset=\"http:\/\/laprovidenciaovalle.cl\/colegio\/wp-content\/uploads\/2024\/11\/WhatsApp-Image-2024-11-05-at-5.06.24-PM-1024x768.jpeg 1024w, http:\/\/laprovidenciaovalle.cl\/colegio\/wp-content\/uploads\/2024\/11\/WhatsApp-Image-2024-11-05-at-5.06.24-PM-300x225.jpeg 300w, http:\/\/laprovidenciaovalle.cl\/colegio\/wp-content\/uploads\/2024\/11\/WhatsApp-Image-2024-11-05-at-5.06.24-PM-768x576.jpeg 768w, http:\/\/laprovidenciaovalle.cl\/colegio\/wp-content\/uploads\/2024\/11\/WhatsApp-Image-2024-11-05-at-5.06.24-PM-1536x1152.jpeg 1536w, http:\/\/laprovidenciaovalle.cl\/colegio\/wp-content\/uploads\/2024\/11\/WhatsApp-Image-2024-11-05-at-5.06.24-PM-150x113.jpeg 150w, http:\/\/laprovidenciaovalle.cl\/colegio\/wp-content\/uploads\/2024\/11\/WhatsApp-Image-2024-11-05-at-5.06.24-PM.jpeg 1600w\" sizes=\"(max-width: 1024px) 100vw, 1024px\" \/><\/a>\n\t\t\t<\/dt><\/dl><dl class='gallery-item'>\n\t\t\t<dt class='gallery-icon portrait'>\n\t\t\t\t<a href='http:\/\/laprovidenciaovalle.cl\/colegio\/whatsapp-image-2024-11-05-at-5-06-24-pm-1\/'><img width=\"768\" height=\"1024\" src=\"http:\/\/laprovidenciaovalle.cl\/colegio\/wp-content\/uploads\/2024\/11\/WhatsApp-Image-2024-11-05-at-5.06.24-PM-1-768x1024.jpeg\" class=\"attachment-large size-large\" alt=\"\" loading=\"lazy\" srcset=\"http:\/\/laprovidenciaovalle.cl\/colegio\/wp-content\/uploads\/2024\/11\/WhatsApp-Image-2024-11-05-at-5.06.24-PM-1-768x1024.jpeg 768w, http:\/\/laprovidenciaovalle.cl\/colegio\/wp-content\/uploads\/2024\/11\/WhatsApp-Image-2024-11-05-at-5.06.24-PM-1-225x300.jpeg 225w, http:\/\/laprovidenciaovalle.cl\/colegio\/wp-content\/uploads\/2024\/11\/WhatsApp-Image-2024-11-05-at-5.06.24-PM-1-1152x1536.jpeg 1152w, http:\/\/laprovidenciaovalle.cl\/colegio\/wp-content\/uploads\/2024\/11\/WhatsApp-Image-2024-11-05-at-5.06.24-PM-1-113x150.jpeg 113w, http:\/\/laprovidenciaovalle.cl\/colegio\/wp-content\/uploads\/2024\/11\/WhatsApp-Image-2024-11-05-at-5.06.24-PM-1.jpeg 1200w\" sizes=\"(max-width: 768px) 100vw, 768px\" \/><\/a>\n\t\t\t<\/dt><\/dl><br style=\"clear: both\" \/><dl class='gallery-item'>\n\t\t\t<dt class='gallery-icon portrait'>\n\t\t\t\t<a href='http:\/\/laprovidenciaovalle.cl\/colegio\/whatsapp-image-2024-11-06-at-8-02-29-am\/'><img width=\"556\" height=\"1024\" src=\"http:\/\/laprovidenciaovalle.cl\/colegio\/wp-content\/uploads\/2024\/11\/WhatsApp-Image-2024-11-06-at-8.02.29-AM-556x1024.jpeg\" class=\"attachment-large size-large\" alt=\"\" loading=\"lazy\" srcset=\"http:\/\/laprovidenciaovalle.cl\/colegio\/wp-content\/uploads\/2024\/11\/WhatsApp-Image-2024-11-06-at-8.02.29-AM-556x1024.jpeg 556w, http:\/\/laprovidenciaovalle.cl\/colegio\/wp-content\/uploads\/2024\/11\/WhatsApp-Image-2024-11-06-at-8.02.29-AM-163x300.jpeg 163w, http:\/\/laprovidenciaovalle.cl\/colegio\/wp-content\/uploads\/2024\/11\/WhatsApp-Image-2024-11-06-at-8.02.29-AM-768x1414.jpeg 768w, http:\/\/laprovidenciaovalle.cl\/colegio\/wp-content\/uploads\/2024\/11\/WhatsApp-Image-2024-11-06-at-8.02.29-AM-834x1536.jpeg 834w, http:\/\/laprovidenciaovalle.cl\/colegio\/wp-content\/uploads\/2024\/11\/WhatsApp-Image-2024-11-06-at-8.02.29-AM-81x150.jpeg 81w, http:\/\/laprovidenciaovalle.cl\/colegio\/wp-content\/uploads\/2024\/11\/WhatsApp-Image-2024-11-06-at-8.02.29-AM.jpeg 869w\" sizes=\"(max-width: 556px) 100vw, 556px\" \/><\/a>\n\t\t\t<\/dt><\/dl><dl class='gallery-item'>\n\t\t\t<dt class='gallery-icon landscape'>\n\t\t\t\t<a href='http:\/\/laprovidenciaovalle.cl\/colegio\/whatsapp-image-2024-11-05-at-5-06-22-pm-1\/'><img width=\"1024\" height=\"768\" src=\"http:\/\/laprovidenciaovalle.cl\/colegio\/wp-content\/uploads\/2024\/11\/WhatsApp-Image-2024-11-05-at-5.06.22-PM-1-1024x768.jpeg\" class=\"attachment-large size-large\" alt=\"\" loading=\"lazy\" srcset=\"http:\/\/laprovidenciaovalle.cl\/colegio\/wp-content\/uploads\/2024\/11\/WhatsApp-Image-2024-11-05-at-5.06.22-PM-1-1024x768.jpeg 1024w, http:\/\/laprovidenciaovalle.cl\/colegio\/wp-content\/uploads\/2024\/11\/WhatsApp-Image-2024-11-05-at-5.06.22-PM-1-300x225.jpeg 300w, http:\/\/laprovidenciaovalle.cl\/colegio\/wp-content\/uploads\/2024\/11\/WhatsApp-Image-2024-11-05-at-5.06.22-PM-1-768x576.jpeg 768w, http:\/\/laprovidenciaovalle.cl\/colegio\/wp-content\/uploads\/2024\/11\/WhatsApp-Image-2024-11-05-at-5.06.22-PM-1-1536x1152.jpeg 1536w, http:\/\/laprovidenciaovalle.cl\/colegio\/wp-content\/uploads\/2024\/11\/WhatsApp-Image-2024-11-05-at-5.06.22-PM-1-150x113.jpeg 150w, http:\/\/laprovidenciaovalle.cl\/colegio\/wp-content\/uploads\/2024\/11\/WhatsApp-Image-2024-11-05-at-5.06.22-PM-1.jpeg 1600w\" sizes=\"(max-width: 1024px) 100vw, 1024px\" \/><\/a>\n\t\t\t<\/dt><\/dl><dl class='gallery-item'>\n\t\t\t<dt class='gallery-icon portrait'>\n\t\t\t\t<a href='http:\/\/laprovidenciaovalle.cl\/colegio\/whatsapp-image-2024-11-05-at-5-06-24-pm-2\/'><img width=\"768\" height=\"1024\" src=\"http:\/\/laprovidenciaovalle.cl\/colegio\/wp-content\/uploads\/2024\/11\/WhatsApp-Image-2024-11-05-at-5.06.24-PM-2-768x1024.jpeg\" class=\"attachment-large size-large\" alt=\"\" loading=\"lazy\" srcset=\"http:\/\/laprovidenciaovalle.cl\/colegio\/wp-content\/uploads\/2024\/11\/WhatsApp-Image-2024-11-05-at-5.06.24-PM-2-768x1024.jpeg 768w, http:\/\/laprovidenciaovalle.cl\/colegio\/wp-content\/uploads\/2024\/11\/WhatsApp-Image-2024-11-05-at-5.06.24-PM-2-225x300.jpeg 225w, http:\/\/laprovidenciaovalle.cl\/colegio\/wp-content\/uploads\/2024\/11\/WhatsApp-Image-2024-11-05-at-5.06.24-PM-2-1152x1536.jpeg 1152w, http:\/\/laprovidenciaovalle.cl\/colegio\/wp-content\/uploads\/2024\/11\/WhatsApp-Image-2024-11-05-at-5.06.24-PM-2-113x150.jpeg 113w, http:\/\/laprovidenciaovalle.cl\/colegio\/wp-content\/uploads\/2024\/11\/WhatsApp-Image-2024-11-05-at-5.06.24-PM-2.jpeg 1200w\" sizes=\"(max-width: 768px) 100vw, 768px\" \/><\/a>\n\t\t\t<\/dt><\/dl><br style=\"clear: both\" \/><dl class='gallery-item'>\n\t\t\t<dt class='gallery-icon portrait'>\n\t\t\t\t<a href='http:\/\/laprovidenciaovalle.cl\/colegio\/whatsapp-image-2024-11-05-at-5-06-18-pm\/'><img width=\"768\" height=\"1024\" src=\"http:\/\/laprovidenciaovalle.cl\/colegio\/wp-content\/uploads\/2024\/11\/WhatsApp-Image-2024-11-05-at-5.06.18-PM-768x1024.jpeg\" class=\"attachment-large size-large\" alt=\"\" loading=\"lazy\" srcset=\"http:\/\/laprovidenciaovalle.cl\/colegio\/wp-content\/uploads\/2024\/11\/WhatsApp-Image-2024-11-05-at-5.06.18-PM-768x1024.jpeg 768w, http:\/\/laprovidenciaovalle.cl\/colegio\/wp-content\/uploads\/2024\/11\/WhatsApp-Image-2024-11-05-at-5.06.18-PM-225x300.jpeg 225w, http:\/\/laprovidenciaovalle.cl\/colegio\/wp-content\/uploads\/2024\/11\/WhatsApp-Image-2024-11-05-at-5.06.18-PM-1152x1536.jpeg 1152w, http:\/\/laprovidenciaovalle.cl\/colegio\/wp-content\/uploads\/2024\/11\/WhatsApp-Image-2024-11-05-at-5.06.18-PM-113x150.jpeg 113w, http:\/\/laprovidenciaovalle.cl\/colegio\/wp-content\/uploads\/2024\/11\/WhatsApp-Image-2024-11-05-at-5.06.18-PM.jpeg 1200w\" sizes=\"(max-width: 768px) 100vw, 768px\" \/><\/a>\n\t\t\t<\/dt><\/dl><dl class='gallery-item'>\n\t\t\t<dt class='gallery-icon portrait'>\n\t\t\t\t<a href='http:\/\/laprovidenciaovalle.cl\/colegio\/whatsapp-image-2024-11-05-at-5-06-18-pm-1\/'><img width=\"768\" height=\"1024\" src=\"http:\/\/laprovidenciaovalle.cl\/colegio\/wp-content\/uploads\/2024\/11\/WhatsApp-Image-2024-11-05-at-5.06.18-PM-1-768x1024.jpeg\" class=\"attachment-large size-large\" alt=\"\" loading=\"lazy\" srcset=\"http:\/\/laprovidenciaovalle.cl\/colegio\/wp-content\/uploads\/2024\/11\/WhatsApp-Image-2024-11-05-at-5.06.18-PM-1-768x1024.jpeg 768w, http:\/\/laprovidenciaovalle.cl\/colegio\/wp-content\/uploads\/2024\/11\/WhatsApp-Image-2024-11-05-at-5.06.18-PM-1-225x300.jpeg 225w, http:\/\/laprovidenciaovalle.cl\/colegio\/wp-content\/uploads\/2024\/11\/WhatsApp-Image-2024-11-05-at-5.06.18-PM-1-1152x1536.jpeg 1152w, http:\/\/laprovidenciaovalle.cl\/colegio\/wp-content\/uploads\/2024\/11\/WhatsApp-Image-2024-11-05-at-5.06.18-PM-1-113x150.jpeg 113w, http:\/\/laprovidenciaovalle.cl\/colegio\/wp-content\/uploads\/2024\/11\/WhatsApp-Image-2024-11-05-at-5.06.18-PM-1.jpeg 1200w\" sizes=\"(max-width: 768px) 100vw, 768px\" \/><\/a>\n\t\t\t<\/dt><\/dl><dl class='gallery-item'>\n\t\t\t<dt class='gallery-icon portrait'>\n\t\t\t\t<a href='http:\/\/laprovidenciaovalle.cl\/colegio\/whatsapp-image-2024-11-05-at-5-06-19-pm-1\/'><img width=\"768\" height=\"1024\" src=\"http:\/\/laprovidenciaovalle.cl\/colegio\/wp-content\/uploads\/2024\/11\/WhatsApp-Image-2024-11-05-at-5.06.19-PM-1-768x1024.jpeg\" class=\"attachment-large size-large\" alt=\"\" loading=\"lazy\" srcset=\"http:\/\/laprovidenciaovalle.cl\/colegio\/wp-content\/uploads\/2024\/11\/WhatsApp-Image-2024-11-05-at-5.06.19-PM-1-768x1024.jpeg 768w, http:\/\/laprovidenciaovalle.cl\/colegio\/wp-content\/uploads\/2024\/11\/WhatsApp-Image-2024-11-05-at-5.06.19-PM-1-225x300.jpeg 225w, http:\/\/laprovidenciaovalle.cl\/colegio\/wp-content\/uploads\/2024\/11\/WhatsApp-Image-2024-11-05-at-5.06.19-PM-1-1152x1536.jpeg 1152w, http:\/\/laprovidenciaovalle.cl\/colegio\/wp-content\/uploads\/2024\/11\/WhatsApp-Image-2024-11-05-at-5.06.19-PM-1-113x150.jpeg 113w, http:\/\/laprovidenciaovalle.cl\/colegio\/wp-content\/uploads\/2024\/11\/WhatsApp-Image-2024-11-05-at-5.06.19-PM-1.jpeg 1200w\" sizes=\"(max-width: 768px) 100vw, 768px\" \/><\/a>\n\t\t\t<\/dt><\/dl><br style=\"clear: both\" \/><dl class='gallery-item'>\n\t\t\t<dt class='gallery-icon portrait'>\n\t\t\t\t<a href='http:\/\/laprovidenciaovalle.cl\/colegio\/whatsapp-image-2024-11-05-at-5-06-19-pm\/'><img width=\"768\" height=\"1024\" src=\"http:\/\/laprovidenciaovalle.cl\/colegio\/wp-content\/uploads\/2024\/11\/WhatsApp-Image-2024-11-05-at-5.06.19-PM-768x1024.jpeg\" class=\"attachment-large size-large\" alt=\"\" loading=\"lazy\" srcset=\"http:\/\/laprovidenciaovalle.cl\/colegio\/wp-content\/uploads\/2024\/11\/WhatsApp-Image-2024-11-05-at-5.06.19-PM-768x1024.jpeg 768w, http:\/\/laprovidenciaovalle.cl\/colegio\/wp-content\/uploads\/2024\/11\/WhatsApp-Image-2024-11-05-at-5.06.19-PM-225x300.jpeg 225w, http:\/\/laprovidenciaovalle.cl\/colegio\/wp-content\/uploads\/2024\/11\/WhatsApp-Image-2024-11-05-at-5.06.19-PM-1152x1536.jpeg 1152w, http:\/\/laprovidenciaovalle.cl\/colegio\/wp-content\/uploads\/2024\/11\/WhatsApp-Image-2024-11-05-at-5.06.19-PM-113x150.jpeg 113w, http:\/\/laprovidenciaovalle.cl\/colegio\/wp-content\/uploads\/2024\/11\/WhatsApp-Image-2024-11-05-at-5.06.19-PM.jpeg 1200w\" sizes=\"(max-width: 768px) 100vw, 768px\" \/><\/a>\n\t\t\t<\/dt><\/dl><dl class='gallery-item'>\n\t\t\t<dt class='gallery-icon portrait'>\n\t\t\t\t<a href='http:\/\/laprovidenciaovalle.cl\/colegio\/whatsapp-image-2024-11-05-at-5-06-19-pm-2\/'><img width=\"768\" height=\"1024\" src=\"http:\/\/laprovidenciaovalle.cl\/colegio\/wp-content\/uploads\/2024\/11\/WhatsApp-Image-2024-11-05-at-5.06.19-PM-2-768x1024.jpeg\" class=\"attachment-large size-large\" alt=\"\" loading=\"lazy\" srcset=\"http:\/\/laprovidenciaovalle.cl\/colegio\/wp-content\/uploads\/2024\/11\/WhatsApp-Image-2024-11-05-at-5.06.19-PM-2-768x1024.jpeg 768w, http:\/\/laprovidenciaovalle.cl\/colegio\/wp-content\/uploads\/2024\/11\/WhatsApp-Image-2024-11-05-at-5.06.19-PM-2-225x300.jpeg 225w, http:\/\/laprovidenciaovalle.cl\/colegio\/wp-content\/uploads\/2024\/11\/WhatsApp-Image-2024-11-05-at-5.06.19-PM-2-1152x1536.jpeg 1152w, http:\/\/laprovidenciaovalle.cl\/colegio\/wp-content\/uploads\/2024\/11\/WhatsApp-Image-2024-11-05-at-5.06.19-PM-2-113x150.jpeg 113w, http:\/\/laprovidenciaovalle.cl\/colegio\/wp-content\/uploads\/2024\/11\/WhatsApp-Image-2024-11-05-at-5.06.19-PM-2.jpeg 1200w\" sizes=\"(max-width: 768px) 100vw, 768px\" \/><\/a>\n\t\t\t<\/dt><\/dl><dl class='gallery-item'>\n\t\t\t<dt class='gallery-icon portrait'>\n\t\t\t\t<a href='http:\/\/laprovidenciaovalle.cl\/colegio\/whatsapp-image-2024-11-05-at-5-06-20-pm\/'><img width=\"768\" height=\"1024\" src=\"http:\/\/laprovidenciaovalle.cl\/colegio\/wp-content\/uploads\/2024\/11\/WhatsApp-Image-2024-11-05-at-5.06.20-PM-768x1024.jpeg\" class=\"attachment-large size-large\" alt=\"\" loading=\"lazy\" srcset=\"http:\/\/laprovidenciaovalle.cl\/colegio\/wp-content\/uploads\/2024\/11\/WhatsApp-Image-2024-11-05-at-5.06.20-PM-768x1024.jpeg 768w, http:\/\/laprovidenciaovalle.cl\/colegio\/wp-content\/uploads\/2024\/11\/WhatsApp-Image-2024-11-05-at-5.06.20-PM-225x300.jpeg 225w, http:\/\/laprovidenciaovalle.cl\/colegio\/wp-content\/uploads\/2024\/11\/WhatsApp-Image-2024-11-05-at-5.06.20-PM-1152x1536.jpeg 1152w, http:\/\/laprovidenciaovalle.cl\/colegio\/wp-content\/uploads\/2024\/11\/WhatsApp-Image-2024-11-05-at-5.06.20-PM-113x150.jpeg 113w, http:\/\/laprovidenciaovalle.cl\/colegio\/wp-content\/uploads\/2024\/11\/WhatsApp-Image-2024-11-05-at-5.06.20-PM.jpeg 1200w\" sizes=\"(max-width: 768px) 100vw, 768px\" \/><\/a>\n\t\t\t<\/dt><\/dl><br style=\"clear: both\" \/><dl class='gallery-item'>\n\t\t\t<dt class='gallery-icon portrait'>\n\t\t\t\t<a href='http:\/\/laprovidenciaovalle.cl\/colegio\/whatsapp-image-2024-11-05-at-5-06-21-pm\/'><img width=\"768\" height=\"1024\" src=\"http:\/\/laprovidenciaovalle.cl\/colegio\/wp-content\/uploads\/2024\/11\/WhatsApp-Image-2024-11-05-at-5.06.21-PM-768x1024.jpeg\" class=\"attachment-large size-large\" alt=\"\" loading=\"lazy\" srcset=\"http:\/\/laprovidenciaovalle.cl\/colegio\/wp-content\/uploads\/2024\/11\/WhatsApp-Image-2024-11-05-at-5.06.21-PM-768x1024.jpeg 768w, http:\/\/laprovidenciaovalle.cl\/colegio\/wp-content\/uploads\/2024\/11\/WhatsApp-Image-2024-11-05-at-5.06.21-PM-225x300.jpeg 225w, http:\/\/laprovidenciaovalle.cl\/colegio\/wp-content\/uploads\/2024\/11\/WhatsApp-Image-2024-11-05-at-5.06.21-PM-1152x1536.jpeg 1152w, http:\/\/laprovidenciaovalle.cl\/colegio\/wp-content\/uploads\/2024\/11\/WhatsApp-Image-2024-11-05-at-5.06.21-PM-113x150.jpeg 113w, http:\/\/laprovidenciaovalle.cl\/colegio\/wp-content\/uploads\/2024\/11\/WhatsApp-Image-2024-11-05-at-5.06.21-PM.jpeg 1200w\" sizes=\"(max-width: 768px) 100vw, 768px\" \/><\/a>\n\t\t\t<\/dt><\/dl><dl class='gallery-item'>\n\t\t\t<dt class='gallery-icon portrait'>\n\t\t\t\t<a href='http:\/\/laprovidenciaovalle.cl\/colegio\/whatsapp-image-2024-11-05-at-5-06-20-pm-1\/'><img width=\"768\" height=\"1024\" src=\"http:\/\/laprovidenciaovalle.cl\/colegio\/wp-content\/uploads\/2024\/11\/WhatsApp-Image-2024-11-05-at-5.06.20-PM-1-768x1024.jpeg\" class=\"attachment-large size-large\" alt=\"\" loading=\"lazy\" srcset=\"http:\/\/laprovidenciaovalle.cl\/colegio\/wp-content\/uploads\/2024\/11\/WhatsApp-Image-2024-11-05-at-5.06.20-PM-1-768x1024.jpeg 768w, http:\/\/laprovidenciaovalle.cl\/colegio\/wp-content\/uploads\/2024\/11\/WhatsApp-Image-2024-11-05-at-5.06.20-PM-1-225x300.jpeg 225w, http:\/\/laprovidenciaovalle.cl\/colegio\/wp-content\/uploads\/2024\/11\/WhatsApp-Image-2024-11-05-at-5.06.20-PM-1-1152x1536.jpeg 1152w, http:\/\/laprovidenciaovalle.cl\/colegio\/wp-content\/uploads\/2024\/11\/WhatsApp-Image-2024-11-05-at-5.06.20-PM-1-113x150.jpeg 113w, http:\/\/laprovidenciaovalle.cl\/colegio\/wp-content\/uploads\/2024\/11\/WhatsApp-Image-2024-11-05-at-5.06.20-PM-1.jpeg 1200w\" sizes=\"(max-width: 768px) 100vw, 768px\" \/><\/a>\n\t\t\t<\/dt><\/dl><dl class='gallery-item'>\n\t\t\t<dt class='gallery-icon portrait'>\n\t\t\t\t<a href='http:\/\/laprovidenciaovalle.cl\/colegio\/whatsapp-image-2024-11-05-at-5-06-22-pm\/'><img width=\"768\" height=\"1024\" src=\"http:\/\/laprovidenciaovalle.cl\/colegio\/wp-content\/uploads\/2024\/11\/WhatsApp-Image-2024-11-05-at-5.06.22-PM-768x1024.jpeg\" class=\"attachment-large size-large\" alt=\"\" loading=\"lazy\" srcset=\"http:\/\/laprovidenciaovalle.cl\/colegio\/wp-content\/uploads\/2024\/11\/WhatsApp-Image-2024-11-05-at-5.06.22-PM-768x1024.jpeg 768w, http:\/\/laprovidenciaovalle.cl\/colegio\/wp-content\/uploads\/2024\/11\/WhatsApp-Image-2024-11-05-at-5.06.22-PM-225x300.jpeg 225w, http:\/\/laprovidenciaovalle.cl\/colegio\/wp-content\/uploads\/2024\/11\/WhatsApp-Image-2024-11-05-at-5.06.22-PM-1152x1536.jpeg 1152w, http:\/\/laprovidenciaovalle.cl\/colegio\/wp-content\/uploads\/2024\/11\/WhatsApp-Image-2024-11-05-at-5.06.22-PM-113x150.jpeg 113w, http:\/\/laprovidenciaovalle.cl\/colegio\/wp-content\/uploads\/2024\/11\/WhatsApp-Image-2024-11-05-at-5.06.22-PM.jpeg 1200w\" sizes=\"(max-width: 768px) 100vw, 768px\" \/><\/a>\n\t\t\t<\/dt><\/dl><br style=\"clear: both\" \/><dl class='gallery-item'>\n\t\t\t<dt class='gallery-icon portrait'>\n\t\t\t\t<a href='http:\/\/laprovidenciaovalle.cl\/colegio\/whatsapp-image-2024-11-05-at-5-06-17-pm-1\/'><img width=\"768\" height=\"1024\" src=\"http:\/\/laprovidenciaovalle.cl\/colegio\/wp-content\/uploads\/2024\/11\/WhatsApp-Image-2024-11-05-at-5.06.17-PM-1-768x1024.jpeg\" class=\"attachment-large size-large\" alt=\"\" loading=\"lazy\" srcset=\"http:\/\/laprovidenciaovalle.cl\/colegio\/wp-content\/uploads\/2024\/11\/WhatsApp-Image-2024-11-05-at-5.06.17-PM-1-768x1024.jpeg 768w, http:\/\/laprovidenciaovalle.cl\/colegio\/wp-content\/uploads\/2024\/11\/WhatsApp-Image-2024-11-05-at-5.06.17-PM-1-225x300.jpeg 225w, http:\/\/laprovidenciaovalle.cl\/colegio\/wp-content\/uploads\/2024\/11\/WhatsApp-Image-2024-11-05-at-5.06.17-PM-1-1152x1536.jpeg 1152w, http:\/\/laprovidenciaovalle.cl\/colegio\/wp-content\/uploads\/2024\/11\/WhatsApp-Image-2024-11-05-at-5.06.17-PM-1-113x150.jpeg 113w, http:\/\/laprovidenciaovalle.cl\/colegio\/wp-content\/uploads\/2024\/11\/WhatsApp-Image-2024-11-05-at-5.06.17-PM-1.jpeg 1200w\" sizes=\"(max-width: 768px) 100vw, 768px\" \/><\/a>\n\t\t\t<\/dt><\/dl>\n\t\t\t<br style='clear: both' \/>\n\t\t<\/div>\n\n<\/div>\n","protected":false},"excerpt":{"rendered":"<p>&#8220;El viaje pedag\u00f3gico, cultural, vocacional y formativo &#8220;Huellas y Misi\u00f3n con Carisma Providencia&#8221; es un reconocimiento al desempe\u00f1o escolar transversal de las estudiantes de cuarto medio, es por ello que dos de sus focos son nuestro sello de Altas Expectativas Acad\u00e9micas y el Sello de Formaci\u00f3n Ambiental. En esta l\u00ednea es que este a\u00f1o las estudiantes visitaron dos casas de&nbsp;<a href=\"http:\/\/laprovidenciaovalle.cl\/colegio\/viaje-huellas-y-mision-con-carisma-providencia-2024-sello-altas-expectativas-academicas-y-sello-ambiental\/\">[&hellip;]<\/a><\/p>\n","protected":false},"author":5,"featured_media":16298,"comment_status":"closed","ping_status":"closed","sticky":false,"template":"","format":"standard","meta":[],"categories":[16],"tags":[],"yoast_head":"<!-- This site is optimized with the Yoast SEO plugin v15.2 - https:\/\/yoast.com\/wordpress\/plugins\/seo\/ -->\n<title>Viaje &quot;Huellas y Misi\u00f3n con Carisma Providencia 2024&quot; Sello Altas Expectativas Acad\u00e9micas y Sello Ambiental - Colegio La Providencia<\/title>\n<meta name=\"robots\" content=\"index, follow, max-snippet:-1, max-image-preview:large, max-video-preview:-1\" \/>\n<link rel=\"canonical\" href=\"http:\/\/laprovidenciaovalle.cl\/colegio\/viaje-huellas-y-mision-con-carisma-providencia-2024-sello-altas-expectativas-academicas-y-sello-ambiental\/\" \/>\n<meta property=\"og:locale\" content=\"es_ES\" \/>\n<meta property=\"og:type\" content=\"article\" \/>\n<meta property=\"og:title\" content=\"Viaje &quot;Huellas y Misi\u00f3n con Carisma Providencia 2024&quot; Sello Altas Expectativas Acad\u00e9micas y Sello Ambiental - Colegio La Providencia\" \/>\n<meta property=\"og:description\" content=\"&#8220;El viaje pedag\u00f3gico, cultural, vocacional y formativo &#8220;Huellas y Misi\u00f3n con Carisma Providencia&#8221; es un reconocimiento al desempe\u00f1o escolar transversal de las estudiantes de cuarto medio, es por ello que dos de sus focos son nuestro sello de Altas Expectativas Acad\u00e9micas y el Sello de Formaci\u00f3n Ambiental. En esta l\u00ednea es que este a\u00f1o las estudiantes visitaron dos casas de&nbsp;[&hellip;]\" \/>\n<meta property=\"og:url\" content=\"http:\/\/laprovidenciaovalle.cl\/colegio\/viaje-huellas-y-mision-con-carisma-providencia-2024-sello-altas-expectativas-academicas-y-sello-ambiental\/\" \/>\n<meta property=\"og:site_name\" content=\"Colegio La Providencia\" \/>\n<meta property=\"article:published_time\" content=\"2024-11-06T12:12:20+00:00\" \/>\n<meta property=\"article:modified_time\" content=\"2024-11-06T12:24:17+00:00\" \/>\n<meta property=\"og:image\" content=\"http:\/\/laprovidenciaovalle.cl\/colegio\/wp-content\/uploads\/2024\/11\/WhatsApp-Image-2024-11-05-at-5.06.22-PM-1.jpeg\" \/>\n\t<meta property=\"og:image:width\" content=\"1600\" \/>\n\t<meta property=\"og:image:height\" content=\"1200\" \/>\n<meta name=\"twitter:card\" content=\"summary_large_image\" \/>\n<meta name=\"twitter:label1\" value=\"Escrito por\">\n\t<meta name=\"twitter:data1\" value=\"Comunicaciones Colegio\">\n\t<meta name=\"twitter:label2\" value=\"Tiempo de lectura\">\n\t<meta name=\"twitter:data2\" value=\"2 minutos\">\n<script type=\"application\/ld+json\" class=\"yoast-schema-graph\">{\"@context\":\"https:\/\/schema.org\",\"@graph\":[{\"@type\":\"WebSite\",\"@id\":\"https:\/\/laprovidenciaovalle.cl\/colegio\/#website\",\"url\":\"https:\/\/laprovidenciaovalle.cl\/colegio\/\",\"name\":\"Colegio La Providencia\",\"description\":\"Ovalle\",\"potentialAction\":[{\"@type\":\"SearchAction\",\"target\":\"https:\/\/laprovidenciaovalle.cl\/colegio\/?s={search_term_string}\",\"query-input\":\"required name=search_term_string\"}],\"inLanguage\":\"es\"},{\"@type\":\"ImageObject\",\"@id\":\"http:\/\/laprovidenciaovalle.cl\/colegio\/viaje-huellas-y-mision-con-carisma-providencia-2024-sello-altas-expectativas-academicas-y-sello-ambiental\/#primaryimage\",\"inLanguage\":\"es\",\"url\":\"http:\/\/laprovidenciaovalle.cl\/colegio\/wp-content\/uploads\/2024\/11\/WhatsApp-Image-2024-11-05-at-5.06.22-PM-1.jpeg\",\"width\":1600,\"height\":1200},{\"@type\":\"WebPage\",\"@id\":\"http:\/\/laprovidenciaovalle.cl\/colegio\/viaje-huellas-y-mision-con-carisma-providencia-2024-sello-altas-expectativas-academicas-y-sello-ambiental\/#webpage\",\"url\":\"http:\/\/laprovidenciaovalle.cl\/colegio\/viaje-huellas-y-mision-con-carisma-providencia-2024-sello-altas-expectativas-academicas-y-sello-ambiental\/\",\"name\":\"Viaje \\\"Huellas y Misi\\u00f3n con Carisma Providencia 2024\\\" Sello Altas Expectativas Acad\\u00e9micas y Sello Ambiental - Colegio La Providencia\",\"isPartOf\":{\"@id\":\"https:\/\/laprovidenciaovalle.cl\/colegio\/#website\"},\"primaryImageOfPage\":{\"@id\":\"http:\/\/laprovidenciaovalle.cl\/colegio\/viaje-huellas-y-mision-con-carisma-providencia-2024-sello-altas-expectativas-academicas-y-sello-ambiental\/#primaryimage\"},\"datePublished\":\"2024-11-06T12:12:20+00:00\",\"dateModified\":\"2024-11-06T12:24:17+00:00\",\"author\":{\"@id\":\"https:\/\/laprovidenciaovalle.cl\/colegio\/#\/schema\/person\/1035f45cd35e1948fb928fcdc74228fe\"},\"inLanguage\":\"es\",\"potentialAction\":[{\"@type\":\"ReadAction\",\"target\":[\"http:\/\/laprovidenciaovalle.cl\/colegio\/viaje-huellas-y-mision-con-carisma-providencia-2024-sello-altas-expectativas-academicas-y-sello-ambiental\/\"]}]},{\"@type\":\"Person\",\"@id\":\"https:\/\/laprovidenciaovalle.cl\/colegio\/#\/schema\/person\/1035f45cd35e1948fb928fcdc74228fe\",\"name\":\"Comunicaciones Colegio\",\"image\":{\"@type\":\"ImageObject\",\"@id\":\"https:\/\/laprovidenciaovalle.cl\/colegio\/#personlogo\",\"inLanguage\":\"es\",\"url\":\"http:\/\/2.gravatar.com\/avatar\/5d0b6f6fbda2852def0dc3e63e38d319?s=96&d=mm&r=g\",\"caption\":\"Comunicaciones Colegio\"}}]}<\/script>\n<!-- \/ Yoast SEO plugin. -->","_links":{"self":[{"href":"http:\/\/laprovidenciaovalle.cl\/colegio\/wp-json\/wp\/v2\/posts\/16351"}],"collection":[{"href":"http:\/\/laprovidenciaovalle.cl\/colegio\/wp-json\/wp\/v2\/posts"}],"about":[{"href":"http:\/\/laprovidenciaovalle.cl\/colegio\/wp-json\/wp\/v2\/types\/post"}],"author":[{"embeddable":true,"href":"http:\/\/laprovidenciaovalle.cl\/colegio\/wp-json\/wp\/v2\/users\/5"}],"replies":[{"embeddable":true,"href":"http:\/\/laprovidenciaovalle.cl\/colegio\/wp-json\/wp\/v2\/comments?post=16351"}],"version-history":[{"count":2,"href":"http:\/\/laprovidenciaovalle.cl\/colegio\/wp-json\/wp\/v2\/posts\/16351\/revisions"}],"predecessor-version":[{"id":16353,"href":"http:\/\/laprovidenciaovalle.cl\/colegio\/wp-json\/wp\/v2\/posts\/16351\/revisions\/16353"}],"wp:featuredmedia":[{"embeddable":true,"href":"http:\/\/laprovidenciaovalle.cl\/colegio\/wp-json\/wp\/v2\/media\/16298"}],"wp:attachment":[{"href":"http:\/\/laprovidenciaovalle.cl\/colegio\/wp-json\/wp\/v2\/media?parent=16351"}],"wp:term":[{"taxonomy":"category","embeddable":true,"href":"http:\/\/laprovidenciaovalle.cl\/colegio\/wp-json\/wp\/v2\/categories?post=16351"},{"taxonomy":"post_tag","embeddable":true,"href":"http:\/\/laprovidenciaovalle.cl\/colegio\/wp-json\/wp\/v2\/tags?post=16351"}],"curies":[{"name":"wp","href":"https:\/\/api.w.org\/{rel}","templated":true}]}}