{"id":1636,"date":"2018-04-05T18:28:35","date_gmt":"2018-04-05T21:28:35","guid":{"rendered":"http:\/\/laprovidenciaovalle.cl\/colegio\/?p=1636"},"modified":"2018-04-05T18:28:35","modified_gmt":"2018-04-05T21:28:35","slug":"celebramos-eucaristia-en-jueves-santo","status":"publish","type":"post","link":"http:\/\/laprovidenciaovalle.cl\/colegio\/celebramos-eucaristia-en-jueves-santo\/","title":{"rendered":"Celebramos Eucarist\u00eda en Jueves Santo"},"content":{"rendered":"<p>Con la participaci\u00f3n de toda la comunidad escolar, el d\u00eda jueves 29 de marzo (Jueves Santo) se celebr\u00f3 la Eucarist\u00eda, d\u00eda del Amor Fraterno, en el techado del establecimiento.<\/p>\n<p>La misa fue presidida por el Padre Jorge Arancibia y concelebrada por el Padre Juan Carlos Godoy, en la cual se hizo un llamado a celebrar con solidaridad y amor.<\/p>\n<p>El Padre Jorge manifest\u00f3 que esta ocasi\u00f3n es la fiesta m\u00e1s importante para los cristianos, invitando a los presentes a vivir durante este fin de semana el misterio maravilloso, entrando en uno mismo para evaluar d\u00f3nde ponemos nuestras seguridades, arrepentirnos, reconciliarnos familiarmente y as\u00ed liberarnos. \u201cQueremos dar las gracias porque tenemos un lugar hermoso como es este colegio para poder conocerte, Se\u00f1or&#8221;, manifest\u00f3.<\/p>\n<p>&#8220;Gracias por nuestra familia, porque podemos recordar este fin de semana lo que t\u00fa has hecho por nosotros, gracias por esta Eucarist\u00eda y hacerte presente hoy\u201d, a\u00f1adi\u00f3 en la Homil\u00eda el padre Jorge.<\/p>\n<p>En la celebraci\u00f3n tambi\u00e9n se realiz\u00f3 la procesi\u00f3n de las ofrendas, entregando un cirio encendido, que representa la luz de Cristo que gu\u00eda y enciende la fe en los esp\u00edritus; uvas, fruto de nuestro Valle del Limar\u00ed y fruta madre del vino; pan, tortilla campesina de masa generosa que representa el cuerpo de Cristo; y alimentos no perecibles, s\u00edmbolo de solidaridad y amor fraterno que expresa el compa\u00f1erismo y seguimiento de la caridad de Madre Emilia y Madre Bernarda.<\/p>\n\n\t\t<style type=\"text\/css\">\n\t\t\t#gallery-1 {\n\t\t\t\tmargin: auto;\n\t\t\t}\n\t\t\t#gallery-1 .gallery-item {\n\t\t\t\tfloat: left;\n\t\t\t\tmargin-top: 10px;\n\t\t\t\ttext-align: center;\n\t\t\t\twidth: 33%;\n\t\t\t}\n\t\t\t#gallery-1 img {\n\t\t\t\tborder: 2px solid #cfcfcf;\n\t\t\t}\n\t\t\t#gallery-1 .gallery-caption {\n\t\t\t\tmargin-left: 0;\n\t\t\t}\n\t\t\t\/* see gallery_shortcode() in wp-includes\/media.php *\/\n\t\t<\/style>\n\t\t<div id='gallery-1' class='gallery galleryid-1636 gallery-columns-3 gallery-size-thumbnail'><dl class='gallery-item'>\n\t\t\t<dt class='gallery-icon landscape'>\n\t\t\t\t<a href='http:\/\/laprovidenciaovalle.cl\/colegio\/wp-content\/uploads\/2018\/04\/MisaJuevesSanto2.jpg'><img width=\"150\" height=\"150\" src=\"http:\/\/laprovidenciaovalle.cl\/colegio\/wp-content\/uploads\/2018\/04\/MisaJuevesSanto2-150x150.jpg\" class=\"attachment-thumbnail size-thumbnail\" alt=\"\" loading=\"lazy\" srcset=\"http:\/\/laprovidenciaovalle.cl\/colegio\/wp-content\/uploads\/2018\/04\/MisaJuevesSanto2-150x150.jpg 150w, http:\/\/laprovidenciaovalle.cl\/colegio\/wp-content\/uploads\/2018\/04\/MisaJuevesSanto2-768x768.jpg 768w\" sizes=\"(max-width: 150px) 100vw, 150px\" \/><\/a>\n\t\t\t<\/dt><\/dl><dl class='gallery-item'>\n\t\t\t<dt class='gallery-icon landscape'>\n\t\t\t\t<a href='http:\/\/laprovidenciaovalle.cl\/colegio\/wp-content\/uploads\/2018\/04\/MisaJuevesSanto1.jpg'><img width=\"150\" height=\"150\" src=\"http:\/\/laprovidenciaovalle.cl\/colegio\/wp-content\/uploads\/2018\/04\/MisaJuevesSanto1-150x150.jpg\" class=\"attachment-thumbnail size-thumbnail\" alt=\"\" loading=\"lazy\" srcset=\"http:\/\/laprovidenciaovalle.cl\/colegio\/wp-content\/uploads\/2018\/04\/MisaJuevesSanto1-150x150.jpg 150w, http:\/\/laprovidenciaovalle.cl\/colegio\/wp-content\/uploads\/2018\/04\/MisaJuevesSanto1-768x768.jpg 768w\" sizes=\"(max-width: 150px) 100vw, 150px\" \/><\/a>\n\t\t\t<\/dt><\/dl><dl class='gallery-item'>\n\t\t\t<dt class='gallery-icon landscape'>\n\t\t\t\t<a href='http:\/\/laprovidenciaovalle.cl\/colegio\/wp-content\/uploads\/2018\/04\/MisaJuevesSanto3.jpg'><img width=\"150\" height=\"150\" src=\"http:\/\/laprovidenciaovalle.cl\/colegio\/wp-content\/uploads\/2018\/04\/MisaJuevesSanto3-150x150.jpg\" class=\"attachment-thumbnail size-thumbnail\" alt=\"\" loading=\"lazy\" srcset=\"http:\/\/laprovidenciaovalle.cl\/colegio\/wp-content\/uploads\/2018\/04\/MisaJuevesSanto3-150x150.jpg 150w, http:\/\/laprovidenciaovalle.cl\/colegio\/wp-content\/uploads\/2018\/04\/MisaJuevesSanto3-768x768.jpg 768w\" sizes=\"(max-width: 150px) 100vw, 150px\" \/><\/a>\n\t\t\t<\/dt><\/dl><br style=\"clear: both\" \/>\n\t\t<\/div>\n\n","protected":false},"excerpt":{"rendered":"<p>Con la participaci\u00f3n de toda la comunidad escolar, el d\u00eda jueves 29 de marzo (Jueves Santo) se celebr\u00f3 la Eucarist\u00eda, d\u00eda del Amor Fraterno, en el techado del establecimiento. La misa fue presidida por el Padre Jorge Arancibia y concelebrada por el Padre Juan Carlos Godoy, en la cual se hizo un llamado a celebrar con solidaridad y amor. El&nbsp;<a href=\"http:\/\/laprovidenciaovalle.cl\/colegio\/celebramos-eucaristia-en-jueves-santo\/\">[&hellip;]<\/a><\/p>\n","protected":false},"author":3,"featured_media":1639,"comment_status":"closed","ping_status":"closed","sticky":false,"template":"","format":"standard","meta":[],"categories":[16],"tags":[19,30,27,31],"yoast_head":"<!-- This site is optimized with the Yoast SEO plugin v15.2 - https:\/\/yoast.com\/wordpress\/plugins\/seo\/ -->\n<title>Celebramos Eucarist\u00eda en Jueves Santo - Colegio La Providencia<\/title>\n<meta name=\"robots\" content=\"index, follow, max-snippet:-1, max-image-preview:large, max-video-preview:-1\" \/>\n<link rel=\"canonical\" href=\"https:\/\/laprovidenciaovalle.cl\/colegio\/celebramos-eucaristia-en-jueves-santo\/\" \/>\n<meta property=\"og:locale\" content=\"es_ES\" \/>\n<meta property=\"og:type\" content=\"article\" \/>\n<meta property=\"og:title\" content=\"Celebramos Eucarist\u00eda en Jueves Santo - Colegio La Providencia\" \/>\n<meta property=\"og:description\" content=\"Con la participaci\u00f3n de toda la comunidad escolar, el d\u00eda jueves 29 de marzo (Jueves Santo) se celebr\u00f3 la Eucarist\u00eda, d\u00eda del Amor Fraterno, en el techado del establecimiento. La misa fue presidida por el Padre Jorge Arancibia y concelebrada por el Padre Juan Carlos Godoy, en la cual se hizo un llamado a celebrar con solidaridad y amor. El&nbsp;[&hellip;]\" \/>\n<meta property=\"og:url\" content=\"https:\/\/laprovidenciaovalle.cl\/colegio\/celebramos-eucaristia-en-jueves-santo\/\" \/>\n<meta property=\"og:site_name\" content=\"Colegio La Providencia\" \/>\n<meta property=\"article:published_time\" content=\"2018-04-05T21:28:35+00:00\" \/>\n<meta property=\"og:image\" content=\"http:\/\/laprovidenciaovalle.cl\/colegio\/wp-content\/uploads\/2018\/04\/MisaJuevesSanto3.jpg\" \/>\n\t<meta property=\"og:image:width\" content=\"1422\" \/>\n\t<meta property=\"og:image:height\" content=\"948\" \/>\n<meta name=\"twitter:card\" content=\"summary_large_image\" \/>\n<meta name=\"twitter:label1\" value=\"Escrito por\">\n\t<meta name=\"twitter:data1\" value=\"Colegio Providencia\">\n\t<meta name=\"twitter:label2\" value=\"Tiempo de lectura\">\n\t<meta name=\"twitter:data2\" value=\"1 minuto\">\n<script type=\"application\/ld+json\" class=\"yoast-schema-graph\">{\"@context\":\"https:\/\/schema.org\",\"@graph\":[{\"@type\":\"WebSite\",\"@id\":\"https:\/\/laprovidenciaovalle.cl\/colegio\/#website\",\"url\":\"https:\/\/laprovidenciaovalle.cl\/colegio\/\",\"name\":\"Colegio La Providencia\",\"description\":\"Ovalle\",\"potentialAction\":[{\"@type\":\"SearchAction\",\"target\":\"https:\/\/laprovidenciaovalle.cl\/colegio\/?s={search_term_string}\",\"query-input\":\"required name=search_term_string\"}],\"inLanguage\":\"es\"},{\"@type\":\"ImageObject\",\"@id\":\"https:\/\/laprovidenciaovalle.cl\/colegio\/celebramos-eucaristia-en-jueves-santo\/#primaryimage\",\"inLanguage\":\"es\",\"url\":\"http:\/\/laprovidenciaovalle.cl\/colegio\/wp-content\/uploads\/2018\/04\/MisaJuevesSanto3.jpg\",\"width\":1422,\"height\":948},{\"@type\":\"WebPage\",\"@id\":\"https:\/\/laprovidenciaovalle.cl\/colegio\/celebramos-eucaristia-en-jueves-santo\/#webpage\",\"url\":\"https:\/\/laprovidenciaovalle.cl\/colegio\/celebramos-eucaristia-en-jueves-santo\/\",\"name\":\"Celebramos Eucarist\\u00eda en Jueves Santo - Colegio La Providencia\",\"isPartOf\":{\"@id\":\"https:\/\/laprovidenciaovalle.cl\/colegio\/#website\"},\"primaryImageOfPage\":{\"@id\":\"https:\/\/laprovidenciaovalle.cl\/colegio\/celebramos-eucaristia-en-jueves-santo\/#primaryimage\"},\"datePublished\":\"2018-04-05T21:28:35+00:00\",\"dateModified\":\"2018-04-05T21:28:35+00:00\",\"author\":{\"@id\":\"https:\/\/laprovidenciaovalle.cl\/colegio\/#\/schema\/person\/1362444765d56016f579154ec8091ec5\"},\"inLanguage\":\"es\",\"potentialAction\":[{\"@type\":\"ReadAction\",\"target\":[\"https:\/\/laprovidenciaovalle.cl\/colegio\/celebramos-eucaristia-en-jueves-santo\/\"]}]},{\"@type\":\"Person\",\"@id\":\"https:\/\/laprovidenciaovalle.cl\/colegio\/#\/schema\/person\/1362444765d56016f579154ec8091ec5\",\"name\":\"Colegio Providencia\",\"image\":{\"@type\":\"ImageObject\",\"@id\":\"https:\/\/laprovidenciaovalle.cl\/colegio\/#personlogo\",\"inLanguage\":\"es\",\"url\":\"http:\/\/0.gravatar.com\/avatar\/34bc81a6b954b8d6bc45e2810f17145d?s=96&d=mm&r=g\",\"caption\":\"Colegio Providencia\"}}]}<\/script>\n<!-- \/ Yoast SEO plugin. -->","_links":{"self":[{"href":"http:\/\/laprovidenciaovalle.cl\/colegio\/wp-json\/wp\/v2\/posts\/1636"}],"collection":[{"href":"http:\/\/laprovidenciaovalle.cl\/colegio\/wp-json\/wp\/v2\/posts"}],"about":[{"href":"http:\/\/laprovidenciaovalle.cl\/colegio\/wp-json\/wp\/v2\/types\/post"}],"author":[{"embeddable":true,"href":"http:\/\/laprovidenciaovalle.cl\/colegio\/wp-json\/wp\/v2\/users\/3"}],"replies":[{"embeddable":true,"href":"http:\/\/laprovidenciaovalle.cl\/colegio\/wp-json\/wp\/v2\/comments?post=1636"}],"version-history":[{"count":1,"href":"http:\/\/laprovidenciaovalle.cl\/colegio\/wp-json\/wp\/v2\/posts\/1636\/revisions"}],"predecessor-version":[{"id":1640,"href":"http:\/\/laprovidenciaovalle.cl\/colegio\/wp-json\/wp\/v2\/posts\/1636\/revisions\/1640"}],"wp:featuredmedia":[{"embeddable":true,"href":"http:\/\/laprovidenciaovalle.cl\/colegio\/wp-json\/wp\/v2\/media\/1639"}],"wp:attachment":[{"href":"http:\/\/laprovidenciaovalle.cl\/colegio\/wp-json\/wp\/v2\/media?parent=1636"}],"wp:term":[{"taxonomy":"category","embeddable":true,"href":"http:\/\/laprovidenciaovalle.cl\/colegio\/wp-json\/wp\/v2\/categories?post=1636"},{"taxonomy":"post_tag","embeddable":true,"href":"http:\/\/laprovidenciaovalle.cl\/colegio\/wp-json\/wp\/v2\/tags?post=1636"}],"curies":[{"name":"wp","href":"https:\/\/api.w.org\/{rel}","templated":true}]}}