{"id":17099,"date":"2024-12-09T13:23:21","date_gmt":"2024-12-09T16:23:21","guid":{"rendered":"http:\/\/laprovidenciaovalle.cl\/colegio\/?p=17099"},"modified":"2024-12-09T13:23:32","modified_gmt":"2024-12-09T16:23:32","slug":"premiacion-concurso-provhistoria","status":"publish","type":"post","link":"http:\/\/laprovidenciaovalle.cl\/colegio\/premiacion-concurso-provhistoria\/","title":{"rendered":"Premiaci\u00f3n concurso ProvHistoria"},"content":{"rendered":"<p>Durante octubre el equipo CRA lanz\u00f3 un concurso llamado &#8220;ProvHistoria&#8221; en el cual las estudiantes de cada curso deb\u00edan recopilar fotos antiguas que plasmaran la historia del colegio, promoviendo el trabajo en equipo.<\/p>\n<p>Las fotograf\u00edas antiguas fueron evaluadas el d\u00eda 05 de noviembre a las 15:45 horas. donde el jurado (integrado por 3 funcionarias del colegio) seleccionaron los tres primeros lugares de este concurso, considerando la cantidad, antig\u00fcedad, fotos originales y envasado de las fotograf\u00edas.<\/p>\n<p>Premiaci\u00f3n: El premio consisti\u00f3 en un desayuno en biblioteca para el curso que obtuvo el primer lugar, junto a su profesora jefe, en horario de orientaci\u00f3n. Al segundo y tercer lugar,<br \/>\nse le entreg\u00f3 un chocolate a cada estudiante. Estos premios fueron entregados el lunes 25 de noviembre.<\/p>\n<p>1\u00b0 LUGAR: 2\u00b0 \u201cD\u201d<br \/>\n2\u00b0 LUGAR: 8\u00b0 \u201cA\u201d<br \/>\n3\u00b0 LUGAR: 1\u00b0 \u201cB\u201d<\/p>\n\n\t\t<style type=\"text\/css\">\n\t\t\t#gallery-1 {\n\t\t\t\tmargin: auto;\n\t\t\t}\n\t\t\t#gallery-1 .gallery-item {\n\t\t\t\tfloat: left;\n\t\t\t\tmargin-top: 10px;\n\t\t\t\ttext-align: center;\n\t\t\t\twidth: 33%;\n\t\t\t}\n\t\t\t#gallery-1 img {\n\t\t\t\tborder: 2px solid #cfcfcf;\n\t\t\t}\n\t\t\t#gallery-1 .gallery-caption {\n\t\t\t\tmargin-left: 0;\n\t\t\t}\n\t\t\t\/* see gallery_shortcode() in wp-includes\/media.php *\/\n\t\t<\/style>\n\t\t<div id='gallery-1' class='gallery galleryid-17099 gallery-columns-3 gallery-size-large'><dl class='gallery-item'>\n\t\t\t<dt class='gallery-icon portrait'>\n\t\t\t\t<a href='http:\/\/laprovidenciaovalle.cl\/colegio\/premiacion-concurso-provhistoria\/desayuno\/'><img width=\"768\" height=\"1024\" src=\"http:\/\/laprovidenciaovalle.cl\/colegio\/wp-content\/uploads\/2024\/12\/DESAYUNO-768x1024.jpg\" class=\"attachment-large size-large\" alt=\"\" loading=\"lazy\" srcset=\"http:\/\/laprovidenciaovalle.cl\/colegio\/wp-content\/uploads\/2024\/12\/DESAYUNO-768x1024.jpg 768w, http:\/\/laprovidenciaovalle.cl\/colegio\/wp-content\/uploads\/2024\/12\/DESAYUNO-225x300.jpg 225w, http:\/\/laprovidenciaovalle.cl\/colegio\/wp-content\/uploads\/2024\/12\/DESAYUNO-1152x1536.jpg 1152w, http:\/\/laprovidenciaovalle.cl\/colegio\/wp-content\/uploads\/2024\/12\/DESAYUNO-113x150.jpg 113w, http:\/\/laprovidenciaovalle.cl\/colegio\/wp-content\/uploads\/2024\/12\/DESAYUNO.jpg 1200w\" sizes=\"(max-width: 768px) 100vw, 768px\" \/><\/a>\n\t\t\t<\/dt><\/dl><dl class='gallery-item'>\n\t\t\t<dt class='gallery-icon portrait'>\n\t\t\t\t<a href='http:\/\/laprovidenciaovalle.cl\/colegio\/premiacion-concurso-provhistoria\/3er-lugar-1b\/'><img width=\"768\" height=\"1024\" src=\"http:\/\/laprovidenciaovalle.cl\/colegio\/wp-content\/uploads\/2024\/12\/3er-lugar-1B-768x1024.jpg\" class=\"attachment-large size-large\" alt=\"\" loading=\"lazy\" srcset=\"http:\/\/laprovidenciaovalle.cl\/colegio\/wp-content\/uploads\/2024\/12\/3er-lugar-1B-768x1024.jpg 768w, http:\/\/laprovidenciaovalle.cl\/colegio\/wp-content\/uploads\/2024\/12\/3er-lugar-1B-225x300.jpg 225w, http:\/\/laprovidenciaovalle.cl\/colegio\/wp-content\/uploads\/2024\/12\/3er-lugar-1B-1152x1536.jpg 1152w, http:\/\/laprovidenciaovalle.cl\/colegio\/wp-content\/uploads\/2024\/12\/3er-lugar-1B-113x150.jpg 113w, http:\/\/laprovidenciaovalle.cl\/colegio\/wp-content\/uploads\/2024\/12\/3er-lugar-1B.jpg 1200w\" sizes=\"(max-width: 768px) 100vw, 768px\" \/><\/a>\n\t\t\t<\/dt><\/dl><dl class='gallery-item'>\n\t\t\t<dt class='gallery-icon portrait'>\n\t\t\t\t<a href='http:\/\/laprovidenciaovalle.cl\/colegio\/premiacion-concurso-provhistoria\/2do-lugar-8a\/'><img width=\"768\" height=\"1024\" src=\"http:\/\/laprovidenciaovalle.cl\/colegio\/wp-content\/uploads\/2024\/12\/2DO-LUGAR-8A-768x1024.jpg\" class=\"attachment-large size-large\" alt=\"\" loading=\"lazy\" srcset=\"http:\/\/laprovidenciaovalle.cl\/colegio\/wp-content\/uploads\/2024\/12\/2DO-LUGAR-8A-768x1024.jpg 768w, http:\/\/laprovidenciaovalle.cl\/colegio\/wp-content\/uploads\/2024\/12\/2DO-LUGAR-8A-225x300.jpg 225w, http:\/\/laprovidenciaovalle.cl\/colegio\/wp-content\/uploads\/2024\/12\/2DO-LUGAR-8A-1152x1536.jpg 1152w, http:\/\/laprovidenciaovalle.cl\/colegio\/wp-content\/uploads\/2024\/12\/2DO-LUGAR-8A-113x150.jpg 113w, http:\/\/laprovidenciaovalle.cl\/colegio\/wp-content\/uploads\/2024\/12\/2DO-LUGAR-8A.jpg 1200w\" sizes=\"(max-width: 768px) 100vw, 768px\" \/><\/a>\n\t\t\t<\/dt><\/dl><br style=\"clear: both\" \/><dl class='gallery-item'>\n\t\t\t<dt class='gallery-icon portrait'>\n\t\t\t\t<a href='http:\/\/laprovidenciaovalle.cl\/colegio\/premiacion-concurso-provhistoria\/1er-lugar-2d\/'><img width=\"768\" height=\"1024\" src=\"http:\/\/laprovidenciaovalle.cl\/colegio\/wp-content\/uploads\/2024\/12\/1er-lugar-2D-768x1024.jpg\" class=\"attachment-large size-large\" alt=\"\" loading=\"lazy\" srcset=\"http:\/\/laprovidenciaovalle.cl\/colegio\/wp-content\/uploads\/2024\/12\/1er-lugar-2D-768x1024.jpg 768w, http:\/\/laprovidenciaovalle.cl\/colegio\/wp-content\/uploads\/2024\/12\/1er-lugar-2D-225x300.jpg 225w, http:\/\/laprovidenciaovalle.cl\/colegio\/wp-content\/uploads\/2024\/12\/1er-lugar-2D-1152x1536.jpg 1152w, http:\/\/laprovidenciaovalle.cl\/colegio\/wp-content\/uploads\/2024\/12\/1er-lugar-2D-113x150.jpg 113w, http:\/\/laprovidenciaovalle.cl\/colegio\/wp-content\/uploads\/2024\/12\/1er-lugar-2D.jpg 1200w\" sizes=\"(max-width: 768px) 100vw, 768px\" \/><\/a>\n\t\t\t<\/dt><\/dl>\n\t\t\t<br style='clear: both' \/>\n\t\t<\/div>\n\n","protected":false},"excerpt":{"rendered":"<p>Durante octubre el equipo CRA lanz\u00f3 un concurso llamado &#8220;ProvHistoria&#8221; en el cual las estudiantes de cada curso deb\u00edan recopilar fotos antiguas que plasmaran la historia del colegio, promoviendo el trabajo en equipo. Las fotograf\u00edas antiguas fueron evaluadas el d\u00eda 05 de noviembre a las 15:45 horas. donde el jurado (integrado por 3 funcionarias del colegio) seleccionaron los tres primeros&nbsp;<a href=\"http:\/\/laprovidenciaovalle.cl\/colegio\/premiacion-concurso-provhistoria\/\">[&hellip;]<\/a><\/p>\n","protected":false},"author":5,"featured_media":17101,"comment_status":"closed","ping_status":"closed","sticky":false,"template":"","format":"standard","meta":[],"categories":[16],"tags":[],"yoast_head":"<!-- This site is optimized with the Yoast SEO plugin v15.2 - https:\/\/yoast.com\/wordpress\/plugins\/seo\/ -->\n<title>Premiaci\u00f3n concurso ProvHistoria - Colegio La Providencia<\/title>\n<meta name=\"robots\" content=\"index, follow, max-snippet:-1, max-image-preview:large, max-video-preview:-1\" \/>\n<link rel=\"canonical\" href=\"http:\/\/laprovidenciaovalle.cl\/colegio\/premiacion-concurso-provhistoria\/\" \/>\n<meta property=\"og:locale\" content=\"es_ES\" \/>\n<meta property=\"og:type\" content=\"article\" \/>\n<meta property=\"og:title\" content=\"Premiaci\u00f3n concurso ProvHistoria - Colegio La Providencia\" \/>\n<meta property=\"og:description\" content=\"Durante octubre el equipo CRA lanz\u00f3 un concurso llamado &#8220;ProvHistoria&#8221; en el cual las estudiantes de cada curso deb\u00edan recopilar fotos antiguas que plasmaran la historia del colegio, promoviendo el trabajo en equipo. Las fotograf\u00edas antiguas fueron evaluadas el d\u00eda 05 de noviembre a las 15:45 horas. donde el jurado (integrado por 3 funcionarias del colegio) seleccionaron los tres primeros&nbsp;[&hellip;]\" \/>\n<meta property=\"og:url\" content=\"http:\/\/laprovidenciaovalle.cl\/colegio\/premiacion-concurso-provhistoria\/\" \/>\n<meta property=\"og:site_name\" content=\"Colegio La Providencia\" \/>\n<meta property=\"article:published_time\" content=\"2024-12-09T16:23:21+00:00\" \/>\n<meta property=\"article:modified_time\" content=\"2024-12-09T16:23:32+00:00\" \/>\n<meta property=\"og:image\" content=\"http:\/\/laprovidenciaovalle.cl\/colegio\/wp-content\/uploads\/2024\/12\/DESAYUNO.jpg\" \/>\n\t<meta property=\"og:image:width\" content=\"1200\" \/>\n\t<meta property=\"og:image:height\" content=\"1600\" \/>\n<meta name=\"twitter:card\" content=\"summary_large_image\" \/>\n<meta name=\"twitter:label1\" value=\"Escrito por\">\n\t<meta name=\"twitter:data1\" value=\"Comunicaciones Colegio\">\n\t<meta name=\"twitter:label2\" value=\"Tiempo de lectura\">\n\t<meta name=\"twitter:data2\" value=\"1 minuto\">\n<script type=\"application\/ld+json\" class=\"yoast-schema-graph\">{\"@context\":\"https:\/\/schema.org\",\"@graph\":[{\"@type\":\"WebSite\",\"@id\":\"https:\/\/laprovidenciaovalle.cl\/colegio\/#website\",\"url\":\"https:\/\/laprovidenciaovalle.cl\/colegio\/\",\"name\":\"Colegio La Providencia\",\"description\":\"Ovalle\",\"potentialAction\":[{\"@type\":\"SearchAction\",\"target\":\"https:\/\/laprovidenciaovalle.cl\/colegio\/?s={search_term_string}\",\"query-input\":\"required name=search_term_string\"}],\"inLanguage\":\"es\"},{\"@type\":\"ImageObject\",\"@id\":\"http:\/\/laprovidenciaovalle.cl\/colegio\/premiacion-concurso-provhistoria\/#primaryimage\",\"inLanguage\":\"es\",\"url\":\"http:\/\/laprovidenciaovalle.cl\/colegio\/wp-content\/uploads\/2024\/12\/DESAYUNO.jpg\",\"width\":1200,\"height\":1600},{\"@type\":\"WebPage\",\"@id\":\"http:\/\/laprovidenciaovalle.cl\/colegio\/premiacion-concurso-provhistoria\/#webpage\",\"url\":\"http:\/\/laprovidenciaovalle.cl\/colegio\/premiacion-concurso-provhistoria\/\",\"name\":\"Premiaci\\u00f3n concurso ProvHistoria - Colegio La Providencia\",\"isPartOf\":{\"@id\":\"https:\/\/laprovidenciaovalle.cl\/colegio\/#website\"},\"primaryImageOfPage\":{\"@id\":\"http:\/\/laprovidenciaovalle.cl\/colegio\/premiacion-concurso-provhistoria\/#primaryimage\"},\"datePublished\":\"2024-12-09T16:23:21+00:00\",\"dateModified\":\"2024-12-09T16:23:32+00:00\",\"author\":{\"@id\":\"https:\/\/laprovidenciaovalle.cl\/colegio\/#\/schema\/person\/1035f45cd35e1948fb928fcdc74228fe\"},\"inLanguage\":\"es\",\"potentialAction\":[{\"@type\":\"ReadAction\",\"target\":[\"http:\/\/laprovidenciaovalle.cl\/colegio\/premiacion-concurso-provhistoria\/\"]}]},{\"@type\":\"Person\",\"@id\":\"https:\/\/laprovidenciaovalle.cl\/colegio\/#\/schema\/person\/1035f45cd35e1948fb928fcdc74228fe\",\"name\":\"Comunicaciones Colegio\",\"image\":{\"@type\":\"ImageObject\",\"@id\":\"https:\/\/laprovidenciaovalle.cl\/colegio\/#personlogo\",\"inLanguage\":\"es\",\"url\":\"http:\/\/2.gravatar.com\/avatar\/5d0b6f6fbda2852def0dc3e63e38d319?s=96&d=mm&r=g\",\"caption\":\"Comunicaciones Colegio\"}}]}<\/script>\n<!-- \/ Yoast SEO plugin. -->","_links":{"self":[{"href":"http:\/\/laprovidenciaovalle.cl\/colegio\/wp-json\/wp\/v2\/posts\/17099"}],"collection":[{"href":"http:\/\/laprovidenciaovalle.cl\/colegio\/wp-json\/wp\/v2\/posts"}],"about":[{"href":"http:\/\/laprovidenciaovalle.cl\/colegio\/wp-json\/wp\/v2\/types\/post"}],"author":[{"embeddable":true,"href":"http:\/\/laprovidenciaovalle.cl\/colegio\/wp-json\/wp\/v2\/users\/5"}],"replies":[{"embeddable":true,"href":"http:\/\/laprovidenciaovalle.cl\/colegio\/wp-json\/wp\/v2\/comments?post=17099"}],"version-history":[{"count":2,"href":"http:\/\/laprovidenciaovalle.cl\/colegio\/wp-json\/wp\/v2\/posts\/17099\/revisions"}],"predecessor-version":[{"id":17105,"href":"http:\/\/laprovidenciaovalle.cl\/colegio\/wp-json\/wp\/v2\/posts\/17099\/revisions\/17105"}],"wp:featuredmedia":[{"embeddable":true,"href":"http:\/\/laprovidenciaovalle.cl\/colegio\/wp-json\/wp\/v2\/media\/17101"}],"wp:attachment":[{"href":"http:\/\/laprovidenciaovalle.cl\/colegio\/wp-json\/wp\/v2\/media?parent=17099"}],"wp:term":[{"taxonomy":"category","embeddable":true,"href":"http:\/\/laprovidenciaovalle.cl\/colegio\/wp-json\/wp\/v2\/categories?post=17099"},{"taxonomy":"post_tag","embeddable":true,"href":"http:\/\/laprovidenciaovalle.cl\/colegio\/wp-json\/wp\/v2\/tags?post=17099"}],"curies":[{"name":"wp","href":"https:\/\/api.w.org\/{rel}","templated":true}]}}