{"id":17160,"date":"2024-12-10T12:15:04","date_gmt":"2024-12-10T15:15:04","guid":{"rendered":"http:\/\/laprovidenciaovalle.cl\/colegio\/?p=17160"},"modified":"2024-12-16T12:47:01","modified_gmt":"2024-12-16T15:47:01","slug":"ceremonia-de-titulacion-promocion-2023","status":"publish","type":"post","link":"http:\/\/laprovidenciaovalle.cl\/colegio\/ceremonia-de-titulacion-promocion-2023\/","title":{"rendered":"Ceremonia de Titulaci\u00f3n Promoci\u00f3n 2023"},"content":{"rendered":"<p>El pasado viernes 06 de diciembre, se realiz\u00f3 por primera vez la ceremonia de titulaci\u00f3n de 81 estudiantes pertenecientes a la promoci\u00f3n 2023, comenzando con una Eucarist\u00eda a cargo del Padre Gerardo Soto Toledo, For\u00e1neo de la Vicar\u00eda del Limar\u00ed, para luego dar paso a la ceremonia de titulaci\u00f3n, que marca un hito en la historia de nuestro colegio.<\/p>\n<p>Las ex &#8211; estudiantes acompa\u00f1adas del equipo directivo, asistente de la educaci\u00f3n, docentes, profesores jefes, familiares y compa\u00f1eras, recibieron los t\u00edtulos profesionales de Atenci\u00f3n de Enfermer\u00eda, Atenci\u00f3n de P\u00e1rvulos, Gastronom\u00eda y Administraci\u00f3n, fruto de un exitoso proceso de formaci\u00f3n t\u00e9cnica de dos a\u00f1os y la aprobaci\u00f3n de la pr\u00e1ctica profesional.<\/p>\n<p>Durante el acto, el baile y la m\u00fasica se hizo presente con una muestra de la academia de Danza a cargo de la profesora In\u00e9s Boyd Ardiles y el canto del docente Iv\u00e1n Ram\u00edrez en un d\u00fao junto a Nelly Garc\u00eda, transmitiendo delicadeza y\u00a0 optimismo a las estudiantes que cumplen esta gran e importante etapa profesional.<\/p>\n<p>Nuestro colegio ha entregado las herramientas necesarias a las estudiantes para enfrentar el mundo laboral, ahora queda en sus manos el saber utilizarlas y aprovecharlas al m\u00e1ximo, este es un paso importante en el camino del aprendizaje y del conocimiento que seguir\u00e1n sembrando a lo largo de sus vidas, que impulsadas por nuestro colegio, les permitir\u00e1 ejercer con vocaci\u00f3n, valores, solidaridad y humildad\u00a0 cada uno de sus pasos.<\/p>\n<p>Al finalizar, la directora Sra. Mar\u00eda Cecilia Mart\u00ednez Salas entreg\u00f3 unas palabras para las tituladas y sus familiares, invit\u00e1ndoles a vivir y llevar siempre el sello Providencia con orgullo, el cual busca dar testimonio de vivir y proclamar una actitud de confianza en el amor infinito que Dios tiene a sus hijos. Al finalizar\u00a0 estas palabras se les invit\u00f3 a los presentes a participar de un refrigerio en el Patio San Jos\u00e9, gentileza de la Administradora del establecimiento, Miriam Ossand\u00f3n Vega.<\/p>\n<p>&nbsp;<\/p>\n\n\t\t<style type=\"text\/css\">\n\t\t\t#gallery-1 {\n\t\t\t\tmargin: auto;\n\t\t\t}\n\t\t\t#gallery-1 .gallery-item {\n\t\t\t\tfloat: left;\n\t\t\t\tmargin-top: 10px;\n\t\t\t\ttext-align: center;\n\t\t\t\twidth: 33%;\n\t\t\t}\n\t\t\t#gallery-1 img {\n\t\t\t\tborder: 2px solid #cfcfcf;\n\t\t\t}\n\t\t\t#gallery-1 .gallery-caption {\n\t\t\t\tmargin-left: 0;\n\t\t\t}\n\t\t\t\/* see gallery_shortcode() in wp-includes\/media.php *\/\n\t\t<\/style>\n\t\t<div id='gallery-1' class='gallery galleryid-17160 gallery-columns-3 gallery-size-large'><dl class='gallery-item'>\n\t\t\t<dt class='gallery-icon landscape'>\n\t\t\t\t<a href='http:\/\/laprovidenciaovalle.cl\/colegio\/_dsc8753\/'><img width=\"1024\" height=\"683\" src=\"http:\/\/laprovidenciaovalle.cl\/colegio\/wp-content\/uploads\/2024\/12\/DSC8753-1024x683.jpg\" class=\"attachment-large size-large\" alt=\"\" loading=\"lazy\" srcset=\"http:\/\/laprovidenciaovalle.cl\/colegio\/wp-content\/uploads\/2024\/12\/DSC8753-1024x683.jpg 1024w, http:\/\/laprovidenciaovalle.cl\/colegio\/wp-content\/uploads\/2024\/12\/DSC8753-300x200.jpg 300w, http:\/\/laprovidenciaovalle.cl\/colegio\/wp-content\/uploads\/2024\/12\/DSC8753-768x512.jpg 768w, http:\/\/laprovidenciaovalle.cl\/colegio\/wp-content\/uploads\/2024\/12\/DSC8753-1536x1024.jpg 1536w, http:\/\/laprovidenciaovalle.cl\/colegio\/wp-content\/uploads\/2024\/12\/DSC8753-2048x1365.jpg 2048w, http:\/\/laprovidenciaovalle.cl\/colegio\/wp-content\/uploads\/2024\/12\/DSC8753-150x100.jpg 150w\" sizes=\"(max-width: 1024px) 100vw, 1024px\" \/><\/a>\n\t\t\t<\/dt><\/dl><dl class='gallery-item'>\n\t\t\t<dt class='gallery-icon landscape'>\n\t\t\t\t<a href='http:\/\/laprovidenciaovalle.cl\/colegio\/_dsc8757\/'><img width=\"1024\" height=\"683\" src=\"http:\/\/laprovidenciaovalle.cl\/colegio\/wp-content\/uploads\/2024\/12\/DSC8757-1024x683.jpg\" class=\"attachment-large size-large\" alt=\"\" loading=\"lazy\" srcset=\"http:\/\/laprovidenciaovalle.cl\/colegio\/wp-content\/uploads\/2024\/12\/DSC8757-1024x683.jpg 1024w, http:\/\/laprovidenciaovalle.cl\/colegio\/wp-content\/uploads\/2024\/12\/DSC8757-300x200.jpg 300w, http:\/\/laprovidenciaovalle.cl\/colegio\/wp-content\/uploads\/2024\/12\/DSC8757-768x512.jpg 768w, http:\/\/laprovidenciaovalle.cl\/colegio\/wp-content\/uploads\/2024\/12\/DSC8757-1536x1024.jpg 1536w, http:\/\/laprovidenciaovalle.cl\/colegio\/wp-content\/uploads\/2024\/12\/DSC8757-2048x1365.jpg 2048w, http:\/\/laprovidenciaovalle.cl\/colegio\/wp-content\/uploads\/2024\/12\/DSC8757-150x100.jpg 150w\" sizes=\"(max-width: 1024px) 100vw, 1024px\" \/><\/a>\n\t\t\t<\/dt><\/dl><dl class='gallery-item'>\n\t\t\t<dt class='gallery-icon landscape'>\n\t\t\t\t<a href='http:\/\/laprovidenciaovalle.cl\/colegio\/_dsc8758\/'><img width=\"1024\" height=\"641\" src=\"http:\/\/laprovidenciaovalle.cl\/colegio\/wp-content\/uploads\/2024\/12\/DSC8758-1024x641.jpg\" class=\"attachment-large size-large\" alt=\"\" loading=\"lazy\" srcset=\"http:\/\/laprovidenciaovalle.cl\/colegio\/wp-content\/uploads\/2024\/12\/DSC8758-1024x641.jpg 1024w, http:\/\/laprovidenciaovalle.cl\/colegio\/wp-content\/uploads\/2024\/12\/DSC8758-300x188.jpg 300w, http:\/\/laprovidenciaovalle.cl\/colegio\/wp-content\/uploads\/2024\/12\/DSC8758-768x480.jpg 768w, http:\/\/laprovidenciaovalle.cl\/colegio\/wp-content\/uploads\/2024\/12\/DSC8758-1536x961.jpg 1536w, http:\/\/laprovidenciaovalle.cl\/colegio\/wp-content\/uploads\/2024\/12\/DSC8758-2048x1281.jpg 2048w, http:\/\/laprovidenciaovalle.cl\/colegio\/wp-content\/uploads\/2024\/12\/DSC8758-150x94.jpg 150w\" sizes=\"(max-width: 1024px) 100vw, 1024px\" \/><\/a>\n\t\t\t<\/dt><\/dl><br style=\"clear: both\" \/><dl class='gallery-item'>\n\t\t\t<dt class='gallery-icon landscape'>\n\t\t\t\t<a href='http:\/\/laprovidenciaovalle.cl\/colegio\/_dsc8764\/'><img width=\"1024\" height=\"683\" src=\"http:\/\/laprovidenciaovalle.cl\/colegio\/wp-content\/uploads\/2024\/12\/DSC8764-1024x683.jpg\" class=\"attachment-large size-large\" alt=\"\" loading=\"lazy\" srcset=\"http:\/\/laprovidenciaovalle.cl\/colegio\/wp-content\/uploads\/2024\/12\/DSC8764-1024x683.jpg 1024w, http:\/\/laprovidenciaovalle.cl\/colegio\/wp-content\/uploads\/2024\/12\/DSC8764-300x200.jpg 300w, http:\/\/laprovidenciaovalle.cl\/colegio\/wp-content\/uploads\/2024\/12\/DSC8764-768x512.jpg 768w, http:\/\/laprovidenciaovalle.cl\/colegio\/wp-content\/uploads\/2024\/12\/DSC8764-1536x1024.jpg 1536w, http:\/\/laprovidenciaovalle.cl\/colegio\/wp-content\/uploads\/2024\/12\/DSC8764-2048x1365.jpg 2048w, http:\/\/laprovidenciaovalle.cl\/colegio\/wp-content\/uploads\/2024\/12\/DSC8764-150x100.jpg 150w\" sizes=\"(max-width: 1024px) 100vw, 1024px\" \/><\/a>\n\t\t\t<\/dt><\/dl><dl class='gallery-item'>\n\t\t\t<dt class='gallery-icon landscape'>\n\t\t\t\t<a href='http:\/\/laprovidenciaovalle.cl\/colegio\/_dsc8773\/'><img width=\"1024\" height=\"683\" src=\"http:\/\/laprovidenciaovalle.cl\/colegio\/wp-content\/uploads\/2024\/12\/DSC8773-1024x683.jpg\" class=\"attachment-large size-large\" alt=\"\" loading=\"lazy\" srcset=\"http:\/\/laprovidenciaovalle.cl\/colegio\/wp-content\/uploads\/2024\/12\/DSC8773-1024x683.jpg 1024w, http:\/\/laprovidenciaovalle.cl\/colegio\/wp-content\/uploads\/2024\/12\/DSC8773-300x200.jpg 300w, http:\/\/laprovidenciaovalle.cl\/colegio\/wp-content\/uploads\/2024\/12\/DSC8773-768x512.jpg 768w, http:\/\/laprovidenciaovalle.cl\/colegio\/wp-content\/uploads\/2024\/12\/DSC8773-1536x1024.jpg 1536w, http:\/\/laprovidenciaovalle.cl\/colegio\/wp-content\/uploads\/2024\/12\/DSC8773-2048x1365.jpg 2048w, http:\/\/laprovidenciaovalle.cl\/colegio\/wp-content\/uploads\/2024\/12\/DSC8773-150x100.jpg 150w\" sizes=\"(max-width: 1024px) 100vw, 1024px\" \/><\/a>\n\t\t\t<\/dt><\/dl><dl class='gallery-item'>\n\t\t\t<dt class='gallery-icon portrait'>\n\t\t\t\t<a href='http:\/\/laprovidenciaovalle.cl\/colegio\/_dsc8777\/'><img width=\"683\" height=\"1024\" src=\"http:\/\/laprovidenciaovalle.cl\/colegio\/wp-content\/uploads\/2024\/12\/DSC8777-683x1024.jpg\" class=\"attachment-large size-large\" alt=\"\" loading=\"lazy\" srcset=\"http:\/\/laprovidenciaovalle.cl\/colegio\/wp-content\/uploads\/2024\/12\/DSC8777-683x1024.jpg 683w, http:\/\/laprovidenciaovalle.cl\/colegio\/wp-content\/uploads\/2024\/12\/DSC8777-200x300.jpg 200w, http:\/\/laprovidenciaovalle.cl\/colegio\/wp-content\/uploads\/2024\/12\/DSC8777-768x1152.jpg 768w, http:\/\/laprovidenciaovalle.cl\/colegio\/wp-content\/uploads\/2024\/12\/DSC8777-1024x1536.jpg 1024w, http:\/\/laprovidenciaovalle.cl\/colegio\/wp-content\/uploads\/2024\/12\/DSC8777-1365x2048.jpg 1365w, http:\/\/laprovidenciaovalle.cl\/colegio\/wp-content\/uploads\/2024\/12\/DSC8777-100x150.jpg 100w, http:\/\/laprovidenciaovalle.cl\/colegio\/wp-content\/uploads\/2024\/12\/DSC8777-scaled.jpg 1707w\" sizes=\"(max-width: 683px) 100vw, 683px\" \/><\/a>\n\t\t\t<\/dt><\/dl><br style=\"clear: both\" \/><dl class='gallery-item'>\n\t\t\t<dt class='gallery-icon landscape'>\n\t\t\t\t<a href='http:\/\/laprovidenciaovalle.cl\/colegio\/_dsc8822\/'><img width=\"1024\" height=\"672\" src=\"http:\/\/laprovidenciaovalle.cl\/colegio\/wp-content\/uploads\/2024\/12\/DSC8822-1024x672.jpg\" class=\"attachment-large size-large\" alt=\"\" loading=\"lazy\" srcset=\"http:\/\/laprovidenciaovalle.cl\/colegio\/wp-content\/uploads\/2024\/12\/DSC8822-1024x672.jpg 1024w, http:\/\/laprovidenciaovalle.cl\/colegio\/wp-content\/uploads\/2024\/12\/DSC8822-300x197.jpg 300w, http:\/\/laprovidenciaovalle.cl\/colegio\/wp-content\/uploads\/2024\/12\/DSC8822-768x504.jpg 768w, http:\/\/laprovidenciaovalle.cl\/colegio\/wp-content\/uploads\/2024\/12\/DSC8822-1536x1008.jpg 1536w, http:\/\/laprovidenciaovalle.cl\/colegio\/wp-content\/uploads\/2024\/12\/DSC8822-2048x1343.jpg 2048w, http:\/\/laprovidenciaovalle.cl\/colegio\/wp-content\/uploads\/2024\/12\/DSC8822-150x98.jpg 150w\" sizes=\"(max-width: 1024px) 100vw, 1024px\" \/><\/a>\n\t\t\t<\/dt><\/dl><dl class='gallery-item'>\n\t\t\t<dt class='gallery-icon portrait'>\n\t\t\t\t<a href='http:\/\/laprovidenciaovalle.cl\/colegio\/_dsc8824\/'><img width=\"671\" height=\"1024\" src=\"http:\/\/laprovidenciaovalle.cl\/colegio\/wp-content\/uploads\/2024\/12\/DSC8824-671x1024.jpg\" class=\"attachment-large size-large\" alt=\"\" loading=\"lazy\" srcset=\"http:\/\/laprovidenciaovalle.cl\/colegio\/wp-content\/uploads\/2024\/12\/DSC8824-671x1024.jpg 671w, http:\/\/laprovidenciaovalle.cl\/colegio\/wp-content\/uploads\/2024\/12\/DSC8824-197x300.jpg 197w, http:\/\/laprovidenciaovalle.cl\/colegio\/wp-content\/uploads\/2024\/12\/DSC8824-768x1172.jpg 768w, http:\/\/laprovidenciaovalle.cl\/colegio\/wp-content\/uploads\/2024\/12\/DSC8824-1006x1536.jpg 1006w, http:\/\/laprovidenciaovalle.cl\/colegio\/wp-content\/uploads\/2024\/12\/DSC8824-1342x2048.jpg 1342w, http:\/\/laprovidenciaovalle.cl\/colegio\/wp-content\/uploads\/2024\/12\/DSC8824-98x150.jpg 98w, http:\/\/laprovidenciaovalle.cl\/colegio\/wp-content\/uploads\/2024\/12\/DSC8824-scaled.jpg 1677w\" sizes=\"(max-width: 671px) 100vw, 671px\" \/><\/a>\n\t\t\t<\/dt><\/dl><dl class='gallery-item'>\n\t\t\t<dt class='gallery-icon landscape'>\n\t\t\t\t<a href='http:\/\/laprovidenciaovalle.cl\/colegio\/_dsc8826\/'><img width=\"1024\" height=\"683\" src=\"http:\/\/laprovidenciaovalle.cl\/colegio\/wp-content\/uploads\/2024\/12\/DSC8826-1024x683.jpg\" class=\"attachment-large size-large\" alt=\"\" loading=\"lazy\" srcset=\"http:\/\/laprovidenciaovalle.cl\/colegio\/wp-content\/uploads\/2024\/12\/DSC8826-1024x683.jpg 1024w, http:\/\/laprovidenciaovalle.cl\/colegio\/wp-content\/uploads\/2024\/12\/DSC8826-300x200.jpg 300w, http:\/\/laprovidenciaovalle.cl\/colegio\/wp-content\/uploads\/2024\/12\/DSC8826-768x512.jpg 768w, http:\/\/laprovidenciaovalle.cl\/colegio\/wp-content\/uploads\/2024\/12\/DSC8826-1536x1024.jpg 1536w, http:\/\/laprovidenciaovalle.cl\/colegio\/wp-content\/uploads\/2024\/12\/DSC8826-2048x1365.jpg 2048w, http:\/\/laprovidenciaovalle.cl\/colegio\/wp-content\/uploads\/2024\/12\/DSC8826-150x100.jpg 150w\" sizes=\"(max-width: 1024px) 100vw, 1024px\" \/><\/a>\n\t\t\t<\/dt><\/dl><br style=\"clear: both\" \/><dl class='gallery-item'>\n\t\t\t<dt class='gallery-icon landscape'>\n\t\t\t\t<a href='http:\/\/laprovidenciaovalle.cl\/colegio\/_dsc8837\/'><img width=\"1024\" height=\"683\" src=\"http:\/\/laprovidenciaovalle.cl\/colegio\/wp-content\/uploads\/2024\/12\/DSC8837-1024x683.jpg\" class=\"attachment-large size-large\" alt=\"\" loading=\"lazy\" srcset=\"http:\/\/laprovidenciaovalle.cl\/colegio\/wp-content\/uploads\/2024\/12\/DSC8837-1024x683.jpg 1024w, http:\/\/laprovidenciaovalle.cl\/colegio\/wp-content\/uploads\/2024\/12\/DSC8837-300x200.jpg 300w, http:\/\/laprovidenciaovalle.cl\/colegio\/wp-content\/uploads\/2024\/12\/DSC8837-768x512.jpg 768w, http:\/\/laprovidenciaovalle.cl\/colegio\/wp-content\/uploads\/2024\/12\/DSC8837-1536x1024.jpg 1536w, http:\/\/laprovidenciaovalle.cl\/colegio\/wp-content\/uploads\/2024\/12\/DSC8837-2048x1365.jpg 2048w, http:\/\/laprovidenciaovalle.cl\/colegio\/wp-content\/uploads\/2024\/12\/DSC8837-150x100.jpg 150w\" sizes=\"(max-width: 1024px) 100vw, 1024px\" \/><\/a>\n\t\t\t<\/dt><\/dl><dl class='gallery-item'>\n\t\t\t<dt class='gallery-icon landscape'>\n\t\t\t\t<a href='http:\/\/laprovidenciaovalle.cl\/colegio\/_dsc8840\/'><img width=\"1024\" height=\"683\" src=\"http:\/\/laprovidenciaovalle.cl\/colegio\/wp-content\/uploads\/2024\/12\/DSC8840-1024x683.jpg\" class=\"attachment-large size-large\" alt=\"\" loading=\"lazy\" srcset=\"http:\/\/laprovidenciaovalle.cl\/colegio\/wp-content\/uploads\/2024\/12\/DSC8840-1024x683.jpg 1024w, http:\/\/laprovidenciaovalle.cl\/colegio\/wp-content\/uploads\/2024\/12\/DSC8840-300x200.jpg 300w, http:\/\/laprovidenciaovalle.cl\/colegio\/wp-content\/uploads\/2024\/12\/DSC8840-768x512.jpg 768w, http:\/\/laprovidenciaovalle.cl\/colegio\/wp-content\/uploads\/2024\/12\/DSC8840-1536x1024.jpg 1536w, http:\/\/laprovidenciaovalle.cl\/colegio\/wp-content\/uploads\/2024\/12\/DSC8840-2048x1365.jpg 2048w, http:\/\/laprovidenciaovalle.cl\/colegio\/wp-content\/uploads\/2024\/12\/DSC8840-150x100.jpg 150w\" sizes=\"(max-width: 1024px) 100vw, 1024px\" \/><\/a>\n\t\t\t<\/dt><\/dl><dl class='gallery-item'>\n\t\t\t<dt class='gallery-icon landscape'>\n\t\t\t\t<a href='http:\/\/laprovidenciaovalle.cl\/colegio\/dsc_0016-3\/'><img width=\"1024\" height=\"683\" src=\"http:\/\/laprovidenciaovalle.cl\/colegio\/wp-content\/uploads\/2024\/12\/DSC_0016-1024x683.jpg\" class=\"attachment-large size-large\" alt=\"\" loading=\"lazy\" srcset=\"http:\/\/laprovidenciaovalle.cl\/colegio\/wp-content\/uploads\/2024\/12\/DSC_0016-1024x683.jpg 1024w, http:\/\/laprovidenciaovalle.cl\/colegio\/wp-content\/uploads\/2024\/12\/DSC_0016-300x200.jpg 300w, http:\/\/laprovidenciaovalle.cl\/colegio\/wp-content\/uploads\/2024\/12\/DSC_0016-768x512.jpg 768w, http:\/\/laprovidenciaovalle.cl\/colegio\/wp-content\/uploads\/2024\/12\/DSC_0016-1536x1024.jpg 1536w, http:\/\/laprovidenciaovalle.cl\/colegio\/wp-content\/uploads\/2024\/12\/DSC_0016-2048x1365.jpg 2048w, http:\/\/laprovidenciaovalle.cl\/colegio\/wp-content\/uploads\/2024\/12\/DSC_0016-150x100.jpg 150w\" sizes=\"(max-width: 1024px) 100vw, 1024px\" \/><\/a>\n\t\t\t<\/dt><\/dl><br style=\"clear: both\" \/><dl class='gallery-item'>\n\t\t\t<dt class='gallery-icon landscape'>\n\t\t\t\t<a href='http:\/\/laprovidenciaovalle.cl\/colegio\/dsc_0027\/'><img width=\"1024\" height=\"683\" src=\"http:\/\/laprovidenciaovalle.cl\/colegio\/wp-content\/uploads\/2024\/12\/DSC_0027-1024x683.jpg\" class=\"attachment-large size-large\" alt=\"\" loading=\"lazy\" srcset=\"http:\/\/laprovidenciaovalle.cl\/colegio\/wp-content\/uploads\/2024\/12\/DSC_0027-1024x683.jpg 1024w, http:\/\/laprovidenciaovalle.cl\/colegio\/wp-content\/uploads\/2024\/12\/DSC_0027-300x200.jpg 300w, http:\/\/laprovidenciaovalle.cl\/colegio\/wp-content\/uploads\/2024\/12\/DSC_0027-768x512.jpg 768w, http:\/\/laprovidenciaovalle.cl\/colegio\/wp-content\/uploads\/2024\/12\/DSC_0027-1536x1024.jpg 1536w, http:\/\/laprovidenciaovalle.cl\/colegio\/wp-content\/uploads\/2024\/12\/DSC_0027-2048x1365.jpg 2048w, http:\/\/laprovidenciaovalle.cl\/colegio\/wp-content\/uploads\/2024\/12\/DSC_0027-150x100.jpg 150w\" sizes=\"(max-width: 1024px) 100vw, 1024px\" \/><\/a>\n\t\t\t<\/dt><\/dl><dl class='gallery-item'>\n\t\t\t<dt class='gallery-icon landscape'>\n\t\t\t\t<a href='http:\/\/laprovidenciaovalle.cl\/colegio\/dsc_0041\/'><img width=\"1024\" height=\"683\" src=\"http:\/\/laprovidenciaovalle.cl\/colegio\/wp-content\/uploads\/2024\/12\/DSC_0041-1024x683.jpg\" class=\"attachment-large size-large\" alt=\"\" loading=\"lazy\" srcset=\"http:\/\/laprovidenciaovalle.cl\/colegio\/wp-content\/uploads\/2024\/12\/DSC_0041-1024x683.jpg 1024w, http:\/\/laprovidenciaovalle.cl\/colegio\/wp-content\/uploads\/2024\/12\/DSC_0041-300x200.jpg 300w, http:\/\/laprovidenciaovalle.cl\/colegio\/wp-content\/uploads\/2024\/12\/DSC_0041-768x512.jpg 768w, http:\/\/laprovidenciaovalle.cl\/colegio\/wp-content\/uploads\/2024\/12\/DSC_0041-1536x1024.jpg 1536w, http:\/\/laprovidenciaovalle.cl\/colegio\/wp-content\/uploads\/2024\/12\/DSC_0041-2048x1365.jpg 2048w, http:\/\/laprovidenciaovalle.cl\/colegio\/wp-content\/uploads\/2024\/12\/DSC_0041-150x100.jpg 150w\" sizes=\"(max-width: 1024px) 100vw, 1024px\" \/><\/a>\n\t\t\t<\/dt><\/dl><dl class='gallery-item'>\n\t\t\t<dt class='gallery-icon landscape'>\n\t\t\t\t<a href='http:\/\/laprovidenciaovalle.cl\/colegio\/dsc_0053\/'><img width=\"1024\" height=\"683\" src=\"http:\/\/laprovidenciaovalle.cl\/colegio\/wp-content\/uploads\/2024\/12\/DSC_0053-1024x683.jpg\" class=\"attachment-large size-large\" alt=\"\" loading=\"lazy\" srcset=\"http:\/\/laprovidenciaovalle.cl\/colegio\/wp-content\/uploads\/2024\/12\/DSC_0053-1024x683.jpg 1024w, http:\/\/laprovidenciaovalle.cl\/colegio\/wp-content\/uploads\/2024\/12\/DSC_0053-300x200.jpg 300w, http:\/\/laprovidenciaovalle.cl\/colegio\/wp-content\/uploads\/2024\/12\/DSC_0053-768x512.jpg 768w, http:\/\/laprovidenciaovalle.cl\/colegio\/wp-content\/uploads\/2024\/12\/DSC_0053-1536x1024.jpg 1536w, http:\/\/laprovidenciaovalle.cl\/colegio\/wp-content\/uploads\/2024\/12\/DSC_0053-2048x1365.jpg 2048w, http:\/\/laprovidenciaovalle.cl\/colegio\/wp-content\/uploads\/2024\/12\/DSC_0053-150x100.jpg 150w\" sizes=\"(max-width: 1024px) 100vw, 1024px\" \/><\/a>\n\t\t\t<\/dt><\/dl><br style=\"clear: both\" \/><dl class='gallery-item'>\n\t\t\t<dt class='gallery-icon landscape'>\n\t\t\t\t<a href='http:\/\/laprovidenciaovalle.cl\/colegio\/dsc_0067-2\/'><img width=\"1024\" height=\"683\" src=\"http:\/\/laprovidenciaovalle.cl\/colegio\/wp-content\/uploads\/2024\/12\/DSC_0067-1024x683.jpg\" class=\"attachment-large size-large\" alt=\"\" loading=\"lazy\" srcset=\"http:\/\/laprovidenciaovalle.cl\/colegio\/wp-content\/uploads\/2024\/12\/DSC_0067-1024x683.jpg 1024w, http:\/\/laprovidenciaovalle.cl\/colegio\/wp-content\/uploads\/2024\/12\/DSC_0067-300x200.jpg 300w, http:\/\/laprovidenciaovalle.cl\/colegio\/wp-content\/uploads\/2024\/12\/DSC_0067-768x512.jpg 768w, http:\/\/laprovidenciaovalle.cl\/colegio\/wp-content\/uploads\/2024\/12\/DSC_0067-1536x1024.jpg 1536w, http:\/\/laprovidenciaovalle.cl\/colegio\/wp-content\/uploads\/2024\/12\/DSC_0067-2048x1365.jpg 2048w, http:\/\/laprovidenciaovalle.cl\/colegio\/wp-content\/uploads\/2024\/12\/DSC_0067-150x100.jpg 150w\" sizes=\"(max-width: 1024px) 100vw, 1024px\" \/><\/a>\n\t\t\t<\/dt><\/dl><dl class='gallery-item'>\n\t\t\t<dt class='gallery-icon landscape'>\n\t\t\t\t<a href='http:\/\/laprovidenciaovalle.cl\/colegio\/dsc_0077\/'><img width=\"1024\" height=\"683\" src=\"http:\/\/laprovidenciaovalle.cl\/colegio\/wp-content\/uploads\/2024\/12\/DSC_0077-1024x683.jpg\" class=\"attachment-large size-large\" alt=\"\" loading=\"lazy\" srcset=\"http:\/\/laprovidenciaovalle.cl\/colegio\/wp-content\/uploads\/2024\/12\/DSC_0077-1024x683.jpg 1024w, http:\/\/laprovidenciaovalle.cl\/colegio\/wp-content\/uploads\/2024\/12\/DSC_0077-300x200.jpg 300w, http:\/\/laprovidenciaovalle.cl\/colegio\/wp-content\/uploads\/2024\/12\/DSC_0077-768x512.jpg 768w, http:\/\/laprovidenciaovalle.cl\/colegio\/wp-content\/uploads\/2024\/12\/DSC_0077-1536x1024.jpg 1536w, http:\/\/laprovidenciaovalle.cl\/colegio\/wp-content\/uploads\/2024\/12\/DSC_0077-2048x1365.jpg 2048w, http:\/\/laprovidenciaovalle.cl\/colegio\/wp-content\/uploads\/2024\/12\/DSC_0077-150x100.jpg 150w\" sizes=\"(max-width: 1024px) 100vw, 1024px\" \/><\/a>\n\t\t\t<\/dt><\/dl><dl class='gallery-item'>\n\t\t\t<dt class='gallery-icon landscape'>\n\t\t\t\t<a href='http:\/\/laprovidenciaovalle.cl\/colegio\/dsc_0085\/'><img width=\"1024\" height=\"683\" src=\"http:\/\/laprovidenciaovalle.cl\/colegio\/wp-content\/uploads\/2024\/12\/DSC_0085-1024x683.jpg\" class=\"attachment-large size-large\" alt=\"\" loading=\"lazy\" srcset=\"http:\/\/laprovidenciaovalle.cl\/colegio\/wp-content\/uploads\/2024\/12\/DSC_0085-1024x683.jpg 1024w, http:\/\/laprovidenciaovalle.cl\/colegio\/wp-content\/uploads\/2024\/12\/DSC_0085-300x200.jpg 300w, http:\/\/laprovidenciaovalle.cl\/colegio\/wp-content\/uploads\/2024\/12\/DSC_0085-768x512.jpg 768w, http:\/\/laprovidenciaovalle.cl\/colegio\/wp-content\/uploads\/2024\/12\/DSC_0085-1536x1024.jpg 1536w, http:\/\/laprovidenciaovalle.cl\/colegio\/wp-content\/uploads\/2024\/12\/DSC_0085-2048x1365.jpg 2048w, http:\/\/laprovidenciaovalle.cl\/colegio\/wp-content\/uploads\/2024\/12\/DSC_0085-150x100.jpg 150w\" sizes=\"(max-width: 1024px) 100vw, 1024px\" \/><\/a>\n\t\t\t<\/dt><\/dl><br style=\"clear: both\" \/><dl class='gallery-item'>\n\t\t\t<dt class='gallery-icon landscape'>\n\t\t\t\t<a href='http:\/\/laprovidenciaovalle.cl\/colegio\/dsc_0097\/'><img width=\"1024\" height=\"683\" src=\"http:\/\/laprovidenciaovalle.cl\/colegio\/wp-content\/uploads\/2024\/12\/DSC_0097-1024x683.jpg\" class=\"attachment-large size-large\" alt=\"\" loading=\"lazy\" srcset=\"http:\/\/laprovidenciaovalle.cl\/colegio\/wp-content\/uploads\/2024\/12\/DSC_0097-1024x683.jpg 1024w, http:\/\/laprovidenciaovalle.cl\/colegio\/wp-content\/uploads\/2024\/12\/DSC_0097-300x200.jpg 300w, http:\/\/laprovidenciaovalle.cl\/colegio\/wp-content\/uploads\/2024\/12\/DSC_0097-768x512.jpg 768w, http:\/\/laprovidenciaovalle.cl\/colegio\/wp-content\/uploads\/2024\/12\/DSC_0097-1536x1024.jpg 1536w, http:\/\/laprovidenciaovalle.cl\/colegio\/wp-content\/uploads\/2024\/12\/DSC_0097-2048x1365.jpg 2048w, http:\/\/laprovidenciaovalle.cl\/colegio\/wp-content\/uploads\/2024\/12\/DSC_0097-150x100.jpg 150w\" sizes=\"(max-width: 1024px) 100vw, 1024px\" \/><\/a>\n\t\t\t<\/dt><\/dl><dl class='gallery-item'>\n\t\t\t<dt class='gallery-icon landscape'>\n\t\t\t\t<a href='http:\/\/laprovidenciaovalle.cl\/colegio\/dsc_0108\/'><img width=\"1024\" height=\"683\" src=\"http:\/\/laprovidenciaovalle.cl\/colegio\/wp-content\/uploads\/2024\/12\/DSC_0108-1024x683.jpg\" class=\"attachment-large size-large\" alt=\"\" loading=\"lazy\" srcset=\"http:\/\/laprovidenciaovalle.cl\/colegio\/wp-content\/uploads\/2024\/12\/DSC_0108-1024x683.jpg 1024w, http:\/\/laprovidenciaovalle.cl\/colegio\/wp-content\/uploads\/2024\/12\/DSC_0108-300x200.jpg 300w, http:\/\/laprovidenciaovalle.cl\/colegio\/wp-content\/uploads\/2024\/12\/DSC_0108-768x512.jpg 768w, http:\/\/laprovidenciaovalle.cl\/colegio\/wp-content\/uploads\/2024\/12\/DSC_0108-1536x1024.jpg 1536w, http:\/\/laprovidenciaovalle.cl\/colegio\/wp-content\/uploads\/2024\/12\/DSC_0108-2048x1365.jpg 2048w, http:\/\/laprovidenciaovalle.cl\/colegio\/wp-content\/uploads\/2024\/12\/DSC_0108-150x100.jpg 150w\" sizes=\"(max-width: 1024px) 100vw, 1024px\" \/><\/a>\n\t\t\t<\/dt><\/dl><dl class='gallery-item'>\n\t\t\t<dt class='gallery-icon landscape'>\n\t\t\t\t<a href='http:\/\/laprovidenciaovalle.cl\/colegio\/dsc_0122\/'><img width=\"1024\" height=\"683\" src=\"http:\/\/laprovidenciaovalle.cl\/colegio\/wp-content\/uploads\/2024\/12\/DSC_0122-1024x683.jpg\" class=\"attachment-large size-large\" alt=\"\" loading=\"lazy\" srcset=\"http:\/\/laprovidenciaovalle.cl\/colegio\/wp-content\/uploads\/2024\/12\/DSC_0122-1024x683.jpg 1024w, http:\/\/laprovidenciaovalle.cl\/colegio\/wp-content\/uploads\/2024\/12\/DSC_0122-300x200.jpg 300w, http:\/\/laprovidenciaovalle.cl\/colegio\/wp-content\/uploads\/2024\/12\/DSC_0122-768x512.jpg 768w, http:\/\/laprovidenciaovalle.cl\/colegio\/wp-content\/uploads\/2024\/12\/DSC_0122-1536x1024.jpg 1536w, http:\/\/laprovidenciaovalle.cl\/colegio\/wp-content\/uploads\/2024\/12\/DSC_0122-2048x1365.jpg 2048w, http:\/\/laprovidenciaovalle.cl\/colegio\/wp-content\/uploads\/2024\/12\/DSC_0122-150x100.jpg 150w\" sizes=\"(max-width: 1024px) 100vw, 1024px\" \/><\/a>\n\t\t\t<\/dt><\/dl><br style=\"clear: both\" \/>\n\t\t<\/div>\n\n","protected":false},"excerpt":{"rendered":"<p>El pasado viernes 06 de diciembre, se realiz\u00f3 por primera vez la ceremonia de titulaci\u00f3n de 81 estudiantes pertenecientes a la promoci\u00f3n 2023, comenzando con una Eucarist\u00eda a cargo del Padre Gerardo Soto Toledo, For\u00e1neo de la Vicar\u00eda del Limar\u00ed, para luego dar paso a la ceremonia de titulaci\u00f3n, que marca un hito en la historia de nuestro colegio. Las&nbsp;<a href=\"http:\/\/laprovidenciaovalle.cl\/colegio\/ceremonia-de-titulacion-promocion-2023\/\">[&hellip;]<\/a><\/p>\n","protected":false},"author":5,"featured_media":17129,"comment_status":"closed","ping_status":"closed","sticky":false,"template":"","format":"standard","meta":[],"categories":[16],"tags":[],"yoast_head":"<!-- This site is optimized with the Yoast SEO plugin v15.2 - https:\/\/yoast.com\/wordpress\/plugins\/seo\/ -->\n<title>Ceremonia de Titulaci\u00f3n Promoci\u00f3n 2023 - Colegio La Providencia<\/title>\n<meta name=\"robots\" content=\"index, follow, max-snippet:-1, max-image-preview:large, max-video-preview:-1\" \/>\n<link rel=\"canonical\" href=\"http:\/\/laprovidenciaovalle.cl\/colegio\/ceremonia-de-titulacion-promocion-2023\/\" \/>\n<meta property=\"og:locale\" content=\"es_ES\" \/>\n<meta property=\"og:type\" content=\"article\" \/>\n<meta property=\"og:title\" content=\"Ceremonia de Titulaci\u00f3n Promoci\u00f3n 2023 - Colegio La Providencia\" \/>\n<meta property=\"og:description\" content=\"El pasado viernes 06 de diciembre, se realiz\u00f3 por primera vez la ceremonia de titulaci\u00f3n de 81 estudiantes pertenecientes a la promoci\u00f3n 2023, comenzando con una Eucarist\u00eda a cargo del Padre Gerardo Soto Toledo, For\u00e1neo de la Vicar\u00eda del Limar\u00ed, para luego dar paso a la ceremonia de titulaci\u00f3n, que marca un hito en la historia de nuestro colegio. Las&nbsp;[&hellip;]\" \/>\n<meta property=\"og:url\" content=\"http:\/\/laprovidenciaovalle.cl\/colegio\/ceremonia-de-titulacion-promocion-2023\/\" \/>\n<meta property=\"og:site_name\" content=\"Colegio La Providencia\" \/>\n<meta property=\"article:published_time\" content=\"2024-12-10T15:15:04+00:00\" \/>\n<meta property=\"article:modified_time\" content=\"2024-12-16T15:47:01+00:00\" \/>\n<meta property=\"og:image\" content=\"http:\/\/laprovidenciaovalle.cl\/colegio\/wp-content\/uploads\/2024\/12\/DSC8757-scaled.jpg\" \/>\n\t<meta property=\"og:image:width\" content=\"2560\" \/>\n\t<meta property=\"og:image:height\" content=\"1707\" \/>\n<meta name=\"twitter:card\" content=\"summary_large_image\" \/>\n<meta name=\"twitter:label1\" value=\"Escrito por\">\n\t<meta name=\"twitter:data1\" value=\"Comunicaciones Colegio\">\n\t<meta name=\"twitter:label2\" value=\"Tiempo de lectura\">\n\t<meta name=\"twitter:data2\" value=\"1 minuto\">\n<script type=\"application\/ld+json\" class=\"yoast-schema-graph\">{\"@context\":\"https:\/\/schema.org\",\"@graph\":[{\"@type\":\"WebSite\",\"@id\":\"https:\/\/laprovidenciaovalle.cl\/colegio\/#website\",\"url\":\"https:\/\/laprovidenciaovalle.cl\/colegio\/\",\"name\":\"Colegio La Providencia\",\"description\":\"Ovalle\",\"potentialAction\":[{\"@type\":\"SearchAction\",\"target\":\"https:\/\/laprovidenciaovalle.cl\/colegio\/?s={search_term_string}\",\"query-input\":\"required name=search_term_string\"}],\"inLanguage\":\"es\"},{\"@type\":\"ImageObject\",\"@id\":\"http:\/\/laprovidenciaovalle.cl\/colegio\/ceremonia-de-titulacion-promocion-2023\/#primaryimage\",\"inLanguage\":\"es\",\"url\":\"http:\/\/laprovidenciaovalle.cl\/colegio\/wp-content\/uploads\/2024\/12\/DSC8757-scaled.jpg\",\"width\":2560,\"height\":1707},{\"@type\":\"WebPage\",\"@id\":\"http:\/\/laprovidenciaovalle.cl\/colegio\/ceremonia-de-titulacion-promocion-2023\/#webpage\",\"url\":\"http:\/\/laprovidenciaovalle.cl\/colegio\/ceremonia-de-titulacion-promocion-2023\/\",\"name\":\"Ceremonia de Titulaci\\u00f3n Promoci\\u00f3n 2023 - Colegio La Providencia\",\"isPartOf\":{\"@id\":\"https:\/\/laprovidenciaovalle.cl\/colegio\/#website\"},\"primaryImageOfPage\":{\"@id\":\"http:\/\/laprovidenciaovalle.cl\/colegio\/ceremonia-de-titulacion-promocion-2023\/#primaryimage\"},\"datePublished\":\"2024-12-10T15:15:04+00:00\",\"dateModified\":\"2024-12-16T15:47:01+00:00\",\"author\":{\"@id\":\"https:\/\/laprovidenciaovalle.cl\/colegio\/#\/schema\/person\/1035f45cd35e1948fb928fcdc74228fe\"},\"inLanguage\":\"es\",\"potentialAction\":[{\"@type\":\"ReadAction\",\"target\":[\"http:\/\/laprovidenciaovalle.cl\/colegio\/ceremonia-de-titulacion-promocion-2023\/\"]}]},{\"@type\":\"Person\",\"@id\":\"https:\/\/laprovidenciaovalle.cl\/colegio\/#\/schema\/person\/1035f45cd35e1948fb928fcdc74228fe\",\"name\":\"Comunicaciones Colegio\",\"image\":{\"@type\":\"ImageObject\",\"@id\":\"https:\/\/laprovidenciaovalle.cl\/colegio\/#personlogo\",\"inLanguage\":\"es\",\"url\":\"http:\/\/2.gravatar.com\/avatar\/5d0b6f6fbda2852def0dc3e63e38d319?s=96&d=mm&r=g\",\"caption\":\"Comunicaciones Colegio\"}}]}<\/script>\n<!-- \/ Yoast SEO plugin. -->","_links":{"self":[{"href":"http:\/\/laprovidenciaovalle.cl\/colegio\/wp-json\/wp\/v2\/posts\/17160"}],"collection":[{"href":"http:\/\/laprovidenciaovalle.cl\/colegio\/wp-json\/wp\/v2\/posts"}],"about":[{"href":"http:\/\/laprovidenciaovalle.cl\/colegio\/wp-json\/wp\/v2\/types\/post"}],"author":[{"embeddable":true,"href":"http:\/\/laprovidenciaovalle.cl\/colegio\/wp-json\/wp\/v2\/users\/5"}],"replies":[{"embeddable":true,"href":"http:\/\/laprovidenciaovalle.cl\/colegio\/wp-json\/wp\/v2\/comments?post=17160"}],"version-history":[{"count":5,"href":"http:\/\/laprovidenciaovalle.cl\/colegio\/wp-json\/wp\/v2\/posts\/17160\/revisions"}],"predecessor-version":[{"id":17170,"href":"http:\/\/laprovidenciaovalle.cl\/colegio\/wp-json\/wp\/v2\/posts\/17160\/revisions\/17170"}],"wp:featuredmedia":[{"embeddable":true,"href":"http:\/\/laprovidenciaovalle.cl\/colegio\/wp-json\/wp\/v2\/media\/17129"}],"wp:attachment":[{"href":"http:\/\/laprovidenciaovalle.cl\/colegio\/wp-json\/wp\/v2\/media?parent=17160"}],"wp:term":[{"taxonomy":"category","embeddable":true,"href":"http:\/\/laprovidenciaovalle.cl\/colegio\/wp-json\/wp\/v2\/categories?post=17160"},{"taxonomy":"post_tag","embeddable":true,"href":"http:\/\/laprovidenciaovalle.cl\/colegio\/wp-json\/wp\/v2\/tags?post=17160"}],"curies":[{"name":"wp","href":"https:\/\/api.w.org\/{rel}","templated":true}]}}