{"id":17432,"date":"2025-03-17T13:14:15","date_gmt":"2025-03-17T16:14:15","guid":{"rendered":"http:\/\/laprovidenciaovalle.cl\/colegio\/?p=17432"},"modified":"2025-03-17T13:14:15","modified_gmt":"2025-03-17T16:14:15","slug":"conmemoracion-del-dia-contra-el-ciberacoso-o-ciberbullying","status":"publish","type":"post","link":"http:\/\/laprovidenciaovalle.cl\/colegio\/conmemoracion-del-dia-contra-el-ciberacoso-o-ciberbullying\/","title":{"rendered":"Conmemoraci\u00f3n del D\u00eda contra el Ciberacoso o Ciberbullying"},"content":{"rendered":"<p>El pasado viernes 14 de marzo conmemoramos el <strong>D\u00eda contra el Ciberacoso<\/strong> durante la instancia de formaci\u00f3n en nuestro establecimiento, con el prop\u00f3sito de invitar a la comunidad educativa a reflexionar sobre las consecuencias nocivas de este fen\u00f3meno y comprender la importancia de construir un entorno seguro y respetuoso para todos.<\/p>\n<p>La jornada inici\u00f3 con una breve rese\u00f1a sobre la conmemoraci\u00f3n del D\u00eda contra el Ciberacoso en Chile. Posteriormente, los funcionarios de todos los estamentos de nuestro colegio llevaron a cabo una intervenci\u00f3n significativa en el <strong>Patio San Jos\u00e9<\/strong>, donde levantaron carteles con mensajes positivos. Este gesto simboliz\u00f3 el compromiso colectivo de promover una cultura preventiva frente a las agresiones escolares y de fomentar una convivencia basada en el respeto, el cuidado mutuo, la inclusi\u00f3n y el sentido colectivo.<\/p>\n<p>Adem\u00e1s, se anunci\u00f3 el desarrollo de <strong>actividades din\u00e1micas durante todo el mes de marzo<\/strong>, incluyendo paneles informativos y espacios de reflexi\u00f3n. Estas iniciativas tienen como objetivo sensibilizar a los participantes sobre los riesgos y las consecuencias del ciberacoso, as\u00ed como reforzar los valores de respeto y apoyo dentro de nuestra comunidad escolar.<\/p>\n<p><strong>Unidos podemos avanzar hacia un entorno educativo m\u00e1s seguro\u00a0<\/strong><\/p>\n<div><\/div>\n","protected":false},"excerpt":{"rendered":"<p>El pasado viernes 14 de marzo conmemoramos el D\u00eda contra el Ciberacoso durante la instancia de formaci\u00f3n en nuestro establecimiento, con el prop\u00f3sito de invitar a la comunidad educativa a reflexionar sobre las consecuencias nocivas de este fen\u00f3meno y comprender la importancia de construir un entorno seguro y respetuoso para todos. La jornada inici\u00f3 con una breve rese\u00f1a sobre la&nbsp;<a href=\"http:\/\/laprovidenciaovalle.cl\/colegio\/conmemoracion-del-dia-contra-el-ciberacoso-o-ciberbullying\/\">[&hellip;]<\/a><\/p>\n","protected":false},"author":5,"featured_media":17435,"comment_status":"closed","ping_status":"closed","sticky":false,"template":"","format":"standard","meta":[],"categories":[16],"tags":[],"yoast_head":"<!-- This site is optimized with the Yoast SEO plugin v15.2 - https:\/\/yoast.com\/wordpress\/plugins\/seo\/ -->\n<title>Conmemoraci\u00f3n del D\u00eda contra el Ciberacoso o Ciberbullying - Colegio La Providencia<\/title>\n<meta name=\"robots\" content=\"index, follow, max-snippet:-1, max-image-preview:large, max-video-preview:-1\" \/>\n<link rel=\"canonical\" href=\"http:\/\/laprovidenciaovalle.cl\/colegio\/conmemoracion-del-dia-contra-el-ciberacoso-o-ciberbullying\/\" \/>\n<meta property=\"og:locale\" content=\"es_ES\" \/>\n<meta property=\"og:type\" content=\"article\" \/>\n<meta property=\"og:title\" content=\"Conmemoraci\u00f3n del D\u00eda contra el Ciberacoso o Ciberbullying - Colegio La Providencia\" \/>\n<meta property=\"og:description\" content=\"El pasado viernes 14 de marzo conmemoramos el D\u00eda contra el Ciberacoso durante la instancia de formaci\u00f3n en nuestro establecimiento, con el prop\u00f3sito de invitar a la comunidad educativa a reflexionar sobre las consecuencias nocivas de este fen\u00f3meno y comprender la importancia de construir un entorno seguro y respetuoso para todos. La jornada inici\u00f3 con una breve rese\u00f1a sobre la&nbsp;[&hellip;]\" \/>\n<meta property=\"og:url\" content=\"http:\/\/laprovidenciaovalle.cl\/colegio\/conmemoracion-del-dia-contra-el-ciberacoso-o-ciberbullying\/\" \/>\n<meta property=\"og:site_name\" content=\"Colegio La Providencia\" \/>\n<meta property=\"article:published_time\" content=\"2025-03-17T16:14:15+00:00\" \/>\n<meta property=\"og:image\" content=\"http:\/\/laprovidenciaovalle.cl\/colegio\/wp-content\/uploads\/2025\/03\/Anniversary-22-1024x683.png\" \/>\n\t<meta property=\"og:image:width\" content=\"1024\" \/>\n\t<meta property=\"og:image:height\" content=\"683\" \/>\n<meta name=\"twitter:card\" content=\"summary_large_image\" \/>\n<meta name=\"twitter:label1\" value=\"Escrito por\">\n\t<meta name=\"twitter:data1\" value=\"Comunicaciones Colegio\">\n\t<meta name=\"twitter:label2\" value=\"Tiempo de lectura\">\n\t<meta name=\"twitter:data2\" value=\"1 minuto\">\n<script type=\"application\/ld+json\" class=\"yoast-schema-graph\">{\"@context\":\"https:\/\/schema.org\",\"@graph\":[{\"@type\":\"WebSite\",\"@id\":\"https:\/\/laprovidenciaovalle.cl\/colegio\/#website\",\"url\":\"https:\/\/laprovidenciaovalle.cl\/colegio\/\",\"name\":\"Colegio La Providencia\",\"description\":\"Ovalle\",\"potentialAction\":[{\"@type\":\"SearchAction\",\"target\":\"https:\/\/laprovidenciaovalle.cl\/colegio\/?s={search_term_string}\",\"query-input\":\"required name=search_term_string\"}],\"inLanguage\":\"es\"},{\"@type\":\"ImageObject\",\"@id\":\"http:\/\/laprovidenciaovalle.cl\/colegio\/conmemoracion-del-dia-contra-el-ciberacoso-o-ciberbullying\/#primaryimage\",\"inLanguage\":\"es\",\"url\":\"http:\/\/laprovidenciaovalle.cl\/colegio\/wp-content\/uploads\/2025\/03\/Anniversary-22.png\",\"width\":6000,\"height\":4000},{\"@type\":\"WebPage\",\"@id\":\"http:\/\/laprovidenciaovalle.cl\/colegio\/conmemoracion-del-dia-contra-el-ciberacoso-o-ciberbullying\/#webpage\",\"url\":\"http:\/\/laprovidenciaovalle.cl\/colegio\/conmemoracion-del-dia-contra-el-ciberacoso-o-ciberbullying\/\",\"name\":\"Conmemoraci\\u00f3n del D\\u00eda contra el Ciberacoso o Ciberbullying - Colegio La Providencia\",\"isPartOf\":{\"@id\":\"https:\/\/laprovidenciaovalle.cl\/colegio\/#website\"},\"primaryImageOfPage\":{\"@id\":\"http:\/\/laprovidenciaovalle.cl\/colegio\/conmemoracion-del-dia-contra-el-ciberacoso-o-ciberbullying\/#primaryimage\"},\"datePublished\":\"2025-03-17T16:14:15+00:00\",\"dateModified\":\"2025-03-17T16:14:15+00:00\",\"author\":{\"@id\":\"https:\/\/laprovidenciaovalle.cl\/colegio\/#\/schema\/person\/1035f45cd35e1948fb928fcdc74228fe\"},\"inLanguage\":\"es\",\"potentialAction\":[{\"@type\":\"ReadAction\",\"target\":[\"http:\/\/laprovidenciaovalle.cl\/colegio\/conmemoracion-del-dia-contra-el-ciberacoso-o-ciberbullying\/\"]}]},{\"@type\":\"Person\",\"@id\":\"https:\/\/laprovidenciaovalle.cl\/colegio\/#\/schema\/person\/1035f45cd35e1948fb928fcdc74228fe\",\"name\":\"Comunicaciones Colegio\",\"image\":{\"@type\":\"ImageObject\",\"@id\":\"https:\/\/laprovidenciaovalle.cl\/colegio\/#personlogo\",\"inLanguage\":\"es\",\"url\":\"http:\/\/2.gravatar.com\/avatar\/5d0b6f6fbda2852def0dc3e63e38d319?s=96&d=mm&r=g\",\"caption\":\"Comunicaciones Colegio\"}}]}<\/script>\n<!-- \/ Yoast SEO plugin. -->","_links":{"self":[{"href":"http:\/\/laprovidenciaovalle.cl\/colegio\/wp-json\/wp\/v2\/posts\/17432"}],"collection":[{"href":"http:\/\/laprovidenciaovalle.cl\/colegio\/wp-json\/wp\/v2\/posts"}],"about":[{"href":"http:\/\/laprovidenciaovalle.cl\/colegio\/wp-json\/wp\/v2\/types\/post"}],"author":[{"embeddable":true,"href":"http:\/\/laprovidenciaovalle.cl\/colegio\/wp-json\/wp\/v2\/users\/5"}],"replies":[{"embeddable":true,"href":"http:\/\/laprovidenciaovalle.cl\/colegio\/wp-json\/wp\/v2\/comments?post=17432"}],"version-history":[{"count":2,"href":"http:\/\/laprovidenciaovalle.cl\/colegio\/wp-json\/wp\/v2\/posts\/17432\/revisions"}],"predecessor-version":[{"id":17436,"href":"http:\/\/laprovidenciaovalle.cl\/colegio\/wp-json\/wp\/v2\/posts\/17432\/revisions\/17436"}],"wp:featuredmedia":[{"embeddable":true,"href":"http:\/\/laprovidenciaovalle.cl\/colegio\/wp-json\/wp\/v2\/media\/17435"}],"wp:attachment":[{"href":"http:\/\/laprovidenciaovalle.cl\/colegio\/wp-json\/wp\/v2\/media?parent=17432"}],"wp:term":[{"taxonomy":"category","embeddable":true,"href":"http:\/\/laprovidenciaovalle.cl\/colegio\/wp-json\/wp\/v2\/categories?post=17432"},{"taxonomy":"post_tag","embeddable":true,"href":"http:\/\/laprovidenciaovalle.cl\/colegio\/wp-json\/wp\/v2\/tags?post=17432"}],"curies":[{"name":"wp","href":"https:\/\/api.w.org\/{rel}","templated":true}]}}