{"id":17457,"date":"2025-03-24T11:38:12","date_gmt":"2025-03-24T14:38:12","guid":{"rendered":"http:\/\/laprovidenciaovalle.cl\/colegio\/?p=17457"},"modified":"2025-03-24T12:02:34","modified_gmt":"2025-03-24T15:02:34","slug":"bendiciones-y-aprendizajes-la-eucaristia-que-da-inicio-al-2025-academico","status":"publish","type":"post","link":"http:\/\/laprovidenciaovalle.cl\/colegio\/bendiciones-y-aprendizajes-la-eucaristia-que-da-inicio-al-2025-academico\/","title":{"rendered":"Fe, comunidad y esperanza: as\u00ed inauguramos el a\u00f1o escolar 2025"},"content":{"rendered":"<p>El pasado 19 de marzo se llev\u00f3 a cabo la tradicional eucarist\u00eda que marca el inicio del a\u00f1o escolar 2025, presidida por el querido Padre Jorge Arancibia. En un ambiente lleno de espiritualidad y esperanza, se invit\u00f3 a los presentes a reflexionar sobre el plan divino que Dios tiene para cada uno, recordando que cada d\u00eda es una oportunidad para dar lo mejor y crecer en el camino del aprendizaje.<\/p>\n<p>Durante la ceremonia, se vivieron momentos profundamente emotivos que reflejan la esencia de nuestra comunidad. Las estudiantes ofrecieron sus uniformes escolares como un s\u00edmbolo de entrega y dedicaci\u00f3n, una muestra de que llevan en su coraz\u00f3n a Jes\u00fas y Mar\u00eda como gu\u00edas en sus vidas. Adem\u00e1s, se presentaron uvas y tortillas de rescoldo, en un hermoso gesto que recuerda el pan y el vino consagrados en la Santa Eucarist\u00eda, transformados en el cuerpo y la sangre de Cristo.<\/p>\n<p>Este inicio de a\u00f1o acad\u00e9mico no solo nos llena de entusiasmo, sino tambi\u00e9n de agradecimiento, al saber que caminamos juntos bajo la luz de la fe y el amor divino. Que esta etapa sea una bendici\u00f3n para todos, donde el esfuerzo y la dedicaci\u00f3n sean nuestras ofrendas para un futuro brillante.<\/p>\n\n\t\t<style type=\"text\/css\">\n\t\t\t#gallery-1 {\n\t\t\t\tmargin: auto;\n\t\t\t}\n\t\t\t#gallery-1 .gallery-item {\n\t\t\t\tfloat: left;\n\t\t\t\tmargin-top: 10px;\n\t\t\t\ttext-align: center;\n\t\t\t\twidth: 33%;\n\t\t\t}\n\t\t\t#gallery-1 img {\n\t\t\t\tborder: 2px solid #cfcfcf;\n\t\t\t}\n\t\t\t#gallery-1 .gallery-caption {\n\t\t\t\tmargin-left: 0;\n\t\t\t}\n\t\t\t\/* see gallery_shortcode() in wp-includes\/media.php *\/\n\t\t<\/style>\n\t\t<div id='gallery-1' class='gallery galleryid-17457 gallery-columns-3 gallery-size-large'><dl class='gallery-item'>\n\t\t\t<dt class='gallery-icon landscape'>\n\t\t\t\t<a href='http:\/\/laprovidenciaovalle.cl\/colegio\/89-2\/'><img width=\"1024\" height=\"683\" src=\"http:\/\/laprovidenciaovalle.cl\/colegio\/wp-content\/uploads\/2025\/03\/89-1024x683.png\" class=\"attachment-large size-large\" alt=\"\" loading=\"lazy\" srcset=\"http:\/\/laprovidenciaovalle.cl\/colegio\/wp-content\/uploads\/2025\/03\/89-1024x683.png 1024w, http:\/\/laprovidenciaovalle.cl\/colegio\/wp-content\/uploads\/2025\/03\/89-300x200.png 300w, http:\/\/laprovidenciaovalle.cl\/colegio\/wp-content\/uploads\/2025\/03\/89-768x512.png 768w, http:\/\/laprovidenciaovalle.cl\/colegio\/wp-content\/uploads\/2025\/03\/89-1536x1024.png 1536w, http:\/\/laprovidenciaovalle.cl\/colegio\/wp-content\/uploads\/2025\/03\/89-2048x1365.png 2048w, http:\/\/laprovidenciaovalle.cl\/colegio\/wp-content\/uploads\/2025\/03\/89-150x100.png 150w\" sizes=\"(max-width: 1024px) 100vw, 1024px\" \/><\/a>\n\t\t\t<\/dt><\/dl><dl class='gallery-item'>\n\t\t\t<dt class='gallery-icon landscape'>\n\t\t\t\t<a href='http:\/\/laprovidenciaovalle.cl\/colegio\/88-2\/'><img width=\"1024\" height=\"683\" src=\"http:\/\/laprovidenciaovalle.cl\/colegio\/wp-content\/uploads\/2025\/03\/88-1024x683.png\" class=\"attachment-large size-large\" alt=\"\" loading=\"lazy\" srcset=\"http:\/\/laprovidenciaovalle.cl\/colegio\/wp-content\/uploads\/2025\/03\/88-1024x683.png 1024w, http:\/\/laprovidenciaovalle.cl\/colegio\/wp-content\/uploads\/2025\/03\/88-300x200.png 300w, http:\/\/laprovidenciaovalle.cl\/colegio\/wp-content\/uploads\/2025\/03\/88-768x512.png 768w, http:\/\/laprovidenciaovalle.cl\/colegio\/wp-content\/uploads\/2025\/03\/88-1536x1024.png 1536w, http:\/\/laprovidenciaovalle.cl\/colegio\/wp-content\/uploads\/2025\/03\/88-2048x1365.png 2048w, http:\/\/laprovidenciaovalle.cl\/colegio\/wp-content\/uploads\/2025\/03\/88-150x100.png 150w\" sizes=\"(max-width: 1024px) 100vw, 1024px\" \/><\/a>\n\t\t\t<\/dt><\/dl><dl class='gallery-item'>\n\t\t\t<dt class='gallery-icon landscape'>\n\t\t\t\t<a href='http:\/\/laprovidenciaovalle.cl\/colegio\/87-3\/'><img width=\"1024\" height=\"683\" src=\"http:\/\/laprovidenciaovalle.cl\/colegio\/wp-content\/uploads\/2025\/03\/87-1-1024x683.png\" class=\"attachment-large size-large\" alt=\"\" loading=\"lazy\" srcset=\"http:\/\/laprovidenciaovalle.cl\/colegio\/wp-content\/uploads\/2025\/03\/87-1-1024x683.png 1024w, http:\/\/laprovidenciaovalle.cl\/colegio\/wp-content\/uploads\/2025\/03\/87-1-300x200.png 300w, http:\/\/laprovidenciaovalle.cl\/colegio\/wp-content\/uploads\/2025\/03\/87-1-768x512.png 768w, http:\/\/laprovidenciaovalle.cl\/colegio\/wp-content\/uploads\/2025\/03\/87-1-1536x1024.png 1536w, http:\/\/laprovidenciaovalle.cl\/colegio\/wp-content\/uploads\/2025\/03\/87-1-2048x1365.png 2048w, http:\/\/laprovidenciaovalle.cl\/colegio\/wp-content\/uploads\/2025\/03\/87-1-150x100.png 150w\" sizes=\"(max-width: 1024px) 100vw, 1024px\" \/><\/a>\n\t\t\t<\/dt><\/dl><br style=\"clear: both\" \/><dl class='gallery-item'>\n\t\t\t<dt class='gallery-icon landscape'>\n\t\t\t\t<a href='http:\/\/laprovidenciaovalle.cl\/colegio\/86-2\/'><img width=\"1024\" height=\"683\" src=\"http:\/\/laprovidenciaovalle.cl\/colegio\/wp-content\/uploads\/2025\/03\/86-1024x683.png\" class=\"attachment-large size-large\" alt=\"\" loading=\"lazy\" srcset=\"http:\/\/laprovidenciaovalle.cl\/colegio\/wp-content\/uploads\/2025\/03\/86-1024x683.png 1024w, http:\/\/laprovidenciaovalle.cl\/colegio\/wp-content\/uploads\/2025\/03\/86-300x200.png 300w, http:\/\/laprovidenciaovalle.cl\/colegio\/wp-content\/uploads\/2025\/03\/86-768x512.png 768w, http:\/\/laprovidenciaovalle.cl\/colegio\/wp-content\/uploads\/2025\/03\/86-1536x1024.png 1536w, http:\/\/laprovidenciaovalle.cl\/colegio\/wp-content\/uploads\/2025\/03\/86-2048x1365.png 2048w, http:\/\/laprovidenciaovalle.cl\/colegio\/wp-content\/uploads\/2025\/03\/86-150x100.png 150w\" sizes=\"(max-width: 1024px) 100vw, 1024px\" \/><\/a>\n\t\t\t<\/dt><\/dl><dl class='gallery-item'>\n\t\t\t<dt class='gallery-icon landscape'>\n\t\t\t\t<a href='http:\/\/laprovidenciaovalle.cl\/colegio\/85-2\/'><img width=\"1024\" height=\"683\" src=\"http:\/\/laprovidenciaovalle.cl\/colegio\/wp-content\/uploads\/2025\/03\/85-1024x683.png\" class=\"attachment-large size-large\" alt=\"\" loading=\"lazy\" srcset=\"http:\/\/laprovidenciaovalle.cl\/colegio\/wp-content\/uploads\/2025\/03\/85-1024x683.png 1024w, http:\/\/laprovidenciaovalle.cl\/colegio\/wp-content\/uploads\/2025\/03\/85-300x200.png 300w, http:\/\/laprovidenciaovalle.cl\/colegio\/wp-content\/uploads\/2025\/03\/85-768x512.png 768w, http:\/\/laprovidenciaovalle.cl\/colegio\/wp-content\/uploads\/2025\/03\/85-1536x1024.png 1536w, http:\/\/laprovidenciaovalle.cl\/colegio\/wp-content\/uploads\/2025\/03\/85-2048x1365.png 2048w, http:\/\/laprovidenciaovalle.cl\/colegio\/wp-content\/uploads\/2025\/03\/85-150x100.png 150w\" sizes=\"(max-width: 1024px) 100vw, 1024px\" \/><\/a>\n\t\t\t<\/dt><\/dl><dl class='gallery-item'>\n\t\t\t<dt class='gallery-icon landscape'>\n\t\t\t\t<a href='http:\/\/laprovidenciaovalle.cl\/colegio\/84-2\/'><img width=\"1024\" height=\"683\" src=\"http:\/\/laprovidenciaovalle.cl\/colegio\/wp-content\/uploads\/2025\/03\/84-1024x683.png\" class=\"attachment-large size-large\" alt=\"\" loading=\"lazy\" srcset=\"http:\/\/laprovidenciaovalle.cl\/colegio\/wp-content\/uploads\/2025\/03\/84-1024x683.png 1024w, http:\/\/laprovidenciaovalle.cl\/colegio\/wp-content\/uploads\/2025\/03\/84-300x200.png 300w, http:\/\/laprovidenciaovalle.cl\/colegio\/wp-content\/uploads\/2025\/03\/84-768x512.png 768w, http:\/\/laprovidenciaovalle.cl\/colegio\/wp-content\/uploads\/2025\/03\/84-1536x1024.png 1536w, http:\/\/laprovidenciaovalle.cl\/colegio\/wp-content\/uploads\/2025\/03\/84-2048x1365.png 2048w, http:\/\/laprovidenciaovalle.cl\/colegio\/wp-content\/uploads\/2025\/03\/84-150x100.png 150w\" sizes=\"(max-width: 1024px) 100vw, 1024px\" \/><\/a>\n\t\t\t<\/dt><\/dl><br style=\"clear: both\" \/><dl class='gallery-item'>\n\t\t\t<dt class='gallery-icon landscape'>\n\t\t\t\t<a href='http:\/\/laprovidenciaovalle.cl\/colegio\/83\/'><img width=\"1024\" height=\"683\" src=\"http:\/\/laprovidenciaovalle.cl\/colegio\/wp-content\/uploads\/2025\/03\/83-1024x683.png\" class=\"attachment-large size-large\" alt=\"\" loading=\"lazy\" srcset=\"http:\/\/laprovidenciaovalle.cl\/colegio\/wp-content\/uploads\/2025\/03\/83-1024x683.png 1024w, http:\/\/laprovidenciaovalle.cl\/colegio\/wp-content\/uploads\/2025\/03\/83-300x200.png 300w, http:\/\/laprovidenciaovalle.cl\/colegio\/wp-content\/uploads\/2025\/03\/83-768x512.png 768w, http:\/\/laprovidenciaovalle.cl\/colegio\/wp-content\/uploads\/2025\/03\/83-1536x1024.png 1536w, http:\/\/laprovidenciaovalle.cl\/colegio\/wp-content\/uploads\/2025\/03\/83-2048x1365.png 2048w, http:\/\/laprovidenciaovalle.cl\/colegio\/wp-content\/uploads\/2025\/03\/83-150x100.png 150w\" sizes=\"(max-width: 1024px) 100vw, 1024px\" \/><\/a>\n\t\t\t<\/dt><\/dl><dl class='gallery-item'>\n\t\t\t<dt class='gallery-icon landscape'>\n\t\t\t\t<a href='http:\/\/laprovidenciaovalle.cl\/colegio\/82\/'><img width=\"1024\" height=\"683\" src=\"http:\/\/laprovidenciaovalle.cl\/colegio\/wp-content\/uploads\/2025\/03\/82-1024x683.png\" class=\"attachment-large size-large\" alt=\"\" loading=\"lazy\" srcset=\"http:\/\/laprovidenciaovalle.cl\/colegio\/wp-content\/uploads\/2025\/03\/82-1024x683.png 1024w, http:\/\/laprovidenciaovalle.cl\/colegio\/wp-content\/uploads\/2025\/03\/82-300x200.png 300w, http:\/\/laprovidenciaovalle.cl\/colegio\/wp-content\/uploads\/2025\/03\/82-768x512.png 768w, http:\/\/laprovidenciaovalle.cl\/colegio\/wp-content\/uploads\/2025\/03\/82-1536x1024.png 1536w, http:\/\/laprovidenciaovalle.cl\/colegio\/wp-content\/uploads\/2025\/03\/82-2048x1365.png 2048w, http:\/\/laprovidenciaovalle.cl\/colegio\/wp-content\/uploads\/2025\/03\/82-150x100.png 150w\" sizes=\"(max-width: 1024px) 100vw, 1024px\" \/><\/a>\n\t\t\t<\/dt><\/dl><dl class='gallery-item'>\n\t\t\t<dt class='gallery-icon landscape'>\n\t\t\t\t<a href='http:\/\/laprovidenciaovalle.cl\/colegio\/81\/'><img width=\"1024\" height=\"683\" src=\"http:\/\/laprovidenciaovalle.cl\/colegio\/wp-content\/uploads\/2025\/03\/81-1024x683.png\" class=\"attachment-large size-large\" alt=\"\" loading=\"lazy\" srcset=\"http:\/\/laprovidenciaovalle.cl\/colegio\/wp-content\/uploads\/2025\/03\/81-1024x683.png 1024w, http:\/\/laprovidenciaovalle.cl\/colegio\/wp-content\/uploads\/2025\/03\/81-300x200.png 300w, http:\/\/laprovidenciaovalle.cl\/colegio\/wp-content\/uploads\/2025\/03\/81-768x512.png 768w, http:\/\/laprovidenciaovalle.cl\/colegio\/wp-content\/uploads\/2025\/03\/81-1536x1024.png 1536w, http:\/\/laprovidenciaovalle.cl\/colegio\/wp-content\/uploads\/2025\/03\/81-2048x1365.png 2048w, http:\/\/laprovidenciaovalle.cl\/colegio\/wp-content\/uploads\/2025\/03\/81-150x100.png 150w\" sizes=\"(max-width: 1024px) 100vw, 1024px\" \/><\/a>\n\t\t\t<\/dt><\/dl><br style=\"clear: both\" \/><dl class='gallery-item'>\n\t\t\t<dt class='gallery-icon landscape'>\n\t\t\t\t<a href='http:\/\/laprovidenciaovalle.cl\/colegio\/80\/'><img width=\"1024\" height=\"683\" src=\"http:\/\/laprovidenciaovalle.cl\/colegio\/wp-content\/uploads\/2025\/03\/80-1024x683.png\" class=\"attachment-large size-large\" alt=\"\" loading=\"lazy\" srcset=\"http:\/\/laprovidenciaovalle.cl\/colegio\/wp-content\/uploads\/2025\/03\/80-1024x683.png 1024w, http:\/\/laprovidenciaovalle.cl\/colegio\/wp-content\/uploads\/2025\/03\/80-300x200.png 300w, http:\/\/laprovidenciaovalle.cl\/colegio\/wp-content\/uploads\/2025\/03\/80-768x512.png 768w, http:\/\/laprovidenciaovalle.cl\/colegio\/wp-content\/uploads\/2025\/03\/80-1536x1024.png 1536w, http:\/\/laprovidenciaovalle.cl\/colegio\/wp-content\/uploads\/2025\/03\/80-2048x1365.png 2048w, http:\/\/laprovidenciaovalle.cl\/colegio\/wp-content\/uploads\/2025\/03\/80-150x100.png 150w\" sizes=\"(max-width: 1024px) 100vw, 1024px\" \/><\/a>\n\t\t\t<\/dt><\/dl><dl class='gallery-item'>\n\t\t\t<dt class='gallery-icon landscape'>\n\t\t\t\t<a href='http:\/\/laprovidenciaovalle.cl\/colegio\/79\/'><img width=\"1024\" height=\"683\" src=\"http:\/\/laprovidenciaovalle.cl\/colegio\/wp-content\/uploads\/2025\/03\/79-1024x683.png\" class=\"attachment-large size-large\" alt=\"\" loading=\"lazy\" srcset=\"http:\/\/laprovidenciaovalle.cl\/colegio\/wp-content\/uploads\/2025\/03\/79-1024x683.png 1024w, http:\/\/laprovidenciaovalle.cl\/colegio\/wp-content\/uploads\/2025\/03\/79-300x200.png 300w, http:\/\/laprovidenciaovalle.cl\/colegio\/wp-content\/uploads\/2025\/03\/79-768x512.png 768w, http:\/\/laprovidenciaovalle.cl\/colegio\/wp-content\/uploads\/2025\/03\/79-1536x1024.png 1536w, http:\/\/laprovidenciaovalle.cl\/colegio\/wp-content\/uploads\/2025\/03\/79-2048x1365.png 2048w, http:\/\/laprovidenciaovalle.cl\/colegio\/wp-content\/uploads\/2025\/03\/79-150x100.png 150w\" sizes=\"(max-width: 1024px) 100vw, 1024px\" \/><\/a>\n\t\t\t<\/dt><\/dl><dl class='gallery-item'>\n\t\t\t<dt class='gallery-icon landscape'>\n\t\t\t\t<a href='http:\/\/laprovidenciaovalle.cl\/colegio\/78\/'><img width=\"1024\" height=\"683\" src=\"http:\/\/laprovidenciaovalle.cl\/colegio\/wp-content\/uploads\/2025\/03\/78-1024x683.png\" class=\"attachment-large size-large\" alt=\"\" loading=\"lazy\" srcset=\"http:\/\/laprovidenciaovalle.cl\/colegio\/wp-content\/uploads\/2025\/03\/78-1024x683.png 1024w, http:\/\/laprovidenciaovalle.cl\/colegio\/wp-content\/uploads\/2025\/03\/78-300x200.png 300w, http:\/\/laprovidenciaovalle.cl\/colegio\/wp-content\/uploads\/2025\/03\/78-768x512.png 768w, http:\/\/laprovidenciaovalle.cl\/colegio\/wp-content\/uploads\/2025\/03\/78-1536x1024.png 1536w, http:\/\/laprovidenciaovalle.cl\/colegio\/wp-content\/uploads\/2025\/03\/78-2048x1365.png 2048w, http:\/\/laprovidenciaovalle.cl\/colegio\/wp-content\/uploads\/2025\/03\/78-150x100.png 150w\" sizes=\"(max-width: 1024px) 100vw, 1024px\" \/><\/a>\n\t\t\t<\/dt><\/dl><br style=\"clear: both\" \/><dl class='gallery-item'>\n\t\t\t<dt class='gallery-icon landscape'>\n\t\t\t\t<a href='http:\/\/laprovidenciaovalle.cl\/colegio\/77\/'><img width=\"1024\" height=\"683\" src=\"http:\/\/laprovidenciaovalle.cl\/colegio\/wp-content\/uploads\/2025\/03\/77-1024x683.png\" class=\"attachment-large size-large\" alt=\"\" loading=\"lazy\" srcset=\"http:\/\/laprovidenciaovalle.cl\/colegio\/wp-content\/uploads\/2025\/03\/77-1024x683.png 1024w, http:\/\/laprovidenciaovalle.cl\/colegio\/wp-content\/uploads\/2025\/03\/77-300x200.png 300w, http:\/\/laprovidenciaovalle.cl\/colegio\/wp-content\/uploads\/2025\/03\/77-768x512.png 768w, http:\/\/laprovidenciaovalle.cl\/colegio\/wp-content\/uploads\/2025\/03\/77-1536x1024.png 1536w, http:\/\/laprovidenciaovalle.cl\/colegio\/wp-content\/uploads\/2025\/03\/77-2048x1365.png 2048w, http:\/\/laprovidenciaovalle.cl\/colegio\/wp-content\/uploads\/2025\/03\/77-150x100.png 150w\" sizes=\"(max-width: 1024px) 100vw, 1024px\" \/><\/a>\n\t\t\t<\/dt><\/dl><dl class='gallery-item'>\n\t\t\t<dt class='gallery-icon landscape'>\n\t\t\t\t<a href='http:\/\/laprovidenciaovalle.cl\/colegio\/76\/'><img width=\"1024\" height=\"683\" src=\"http:\/\/laprovidenciaovalle.cl\/colegio\/wp-content\/uploads\/2025\/03\/76-1024x683.png\" class=\"attachment-large size-large\" alt=\"\" loading=\"lazy\" srcset=\"http:\/\/laprovidenciaovalle.cl\/colegio\/wp-content\/uploads\/2025\/03\/76-1024x683.png 1024w, http:\/\/laprovidenciaovalle.cl\/colegio\/wp-content\/uploads\/2025\/03\/76-300x200.png 300w, http:\/\/laprovidenciaovalle.cl\/colegio\/wp-content\/uploads\/2025\/03\/76-768x512.png 768w, http:\/\/laprovidenciaovalle.cl\/colegio\/wp-content\/uploads\/2025\/03\/76-1536x1024.png 1536w, http:\/\/laprovidenciaovalle.cl\/colegio\/wp-content\/uploads\/2025\/03\/76-2048x1365.png 2048w, http:\/\/laprovidenciaovalle.cl\/colegio\/wp-content\/uploads\/2025\/03\/76-150x100.png 150w\" sizes=\"(max-width: 1024px) 100vw, 1024px\" \/><\/a>\n\t\t\t<\/dt><\/dl><dl class='gallery-item'>\n\t\t\t<dt class='gallery-icon landscape'>\n\t\t\t\t<a href='http:\/\/laprovidenciaovalle.cl\/colegio\/75\/'><img width=\"1024\" height=\"683\" src=\"http:\/\/laprovidenciaovalle.cl\/colegio\/wp-content\/uploads\/2025\/03\/75-1024x683.png\" class=\"attachment-large size-large\" alt=\"\" loading=\"lazy\" srcset=\"http:\/\/laprovidenciaovalle.cl\/colegio\/wp-content\/uploads\/2025\/03\/75-1024x683.png 1024w, http:\/\/laprovidenciaovalle.cl\/colegio\/wp-content\/uploads\/2025\/03\/75-300x200.png 300w, http:\/\/laprovidenciaovalle.cl\/colegio\/wp-content\/uploads\/2025\/03\/75-768x512.png 768w, http:\/\/laprovidenciaovalle.cl\/colegio\/wp-content\/uploads\/2025\/03\/75-1536x1024.png 1536w, http:\/\/laprovidenciaovalle.cl\/colegio\/wp-content\/uploads\/2025\/03\/75-2048x1365.png 2048w, http:\/\/laprovidenciaovalle.cl\/colegio\/wp-content\/uploads\/2025\/03\/75-150x100.png 150w\" sizes=\"(max-width: 1024px) 100vw, 1024px\" \/><\/a>\n\t\t\t<\/dt><\/dl><br style=\"clear: both\" \/><dl class='gallery-item'>\n\t\t\t<dt class='gallery-icon landscape'>\n\t\t\t\t<a href='http:\/\/laprovidenciaovalle.cl\/colegio\/74\/'><img width=\"1024\" height=\"683\" src=\"http:\/\/laprovidenciaovalle.cl\/colegio\/wp-content\/uploads\/2025\/03\/74-1024x683.png\" class=\"attachment-large size-large\" alt=\"\" loading=\"lazy\" srcset=\"http:\/\/laprovidenciaovalle.cl\/colegio\/wp-content\/uploads\/2025\/03\/74-1024x683.png 1024w, http:\/\/laprovidenciaovalle.cl\/colegio\/wp-content\/uploads\/2025\/03\/74-300x200.png 300w, http:\/\/laprovidenciaovalle.cl\/colegio\/wp-content\/uploads\/2025\/03\/74-768x512.png 768w, http:\/\/laprovidenciaovalle.cl\/colegio\/wp-content\/uploads\/2025\/03\/74-1536x1024.png 1536w, http:\/\/laprovidenciaovalle.cl\/colegio\/wp-content\/uploads\/2025\/03\/74-2048x1365.png 2048w, http:\/\/laprovidenciaovalle.cl\/colegio\/wp-content\/uploads\/2025\/03\/74-150x100.png 150w\" sizes=\"(max-width: 1024px) 100vw, 1024px\" \/><\/a>\n\t\t\t<\/dt><\/dl><dl class='gallery-item'>\n\t\t\t<dt class='gallery-icon landscape'>\n\t\t\t\t<a href='http:\/\/laprovidenciaovalle.cl\/colegio\/73\/'><img width=\"1024\" height=\"683\" src=\"http:\/\/laprovidenciaovalle.cl\/colegio\/wp-content\/uploads\/2025\/03\/73-1024x683.png\" class=\"attachment-large size-large\" alt=\"\" loading=\"lazy\" srcset=\"http:\/\/laprovidenciaovalle.cl\/colegio\/wp-content\/uploads\/2025\/03\/73-1024x683.png 1024w, http:\/\/laprovidenciaovalle.cl\/colegio\/wp-content\/uploads\/2025\/03\/73-300x200.png 300w, http:\/\/laprovidenciaovalle.cl\/colegio\/wp-content\/uploads\/2025\/03\/73-768x512.png 768w, http:\/\/laprovidenciaovalle.cl\/colegio\/wp-content\/uploads\/2025\/03\/73-1536x1024.png 1536w, http:\/\/laprovidenciaovalle.cl\/colegio\/wp-content\/uploads\/2025\/03\/73-2048x1365.png 2048w, http:\/\/laprovidenciaovalle.cl\/colegio\/wp-content\/uploads\/2025\/03\/73-150x100.png 150w\" sizes=\"(max-width: 1024px) 100vw, 1024px\" \/><\/a>\n\t\t\t<\/dt><\/dl><dl class='gallery-item'>\n\t\t\t<dt class='gallery-icon landscape'>\n\t\t\t\t<a href='http:\/\/laprovidenciaovalle.cl\/colegio\/72-2\/'><img width=\"1024\" height=\"683\" src=\"http:\/\/laprovidenciaovalle.cl\/colegio\/wp-content\/uploads\/2025\/03\/72-1024x683.png\" class=\"attachment-large size-large\" alt=\"\" loading=\"lazy\" srcset=\"http:\/\/laprovidenciaovalle.cl\/colegio\/wp-content\/uploads\/2025\/03\/72-1024x683.png 1024w, http:\/\/laprovidenciaovalle.cl\/colegio\/wp-content\/uploads\/2025\/03\/72-300x200.png 300w, http:\/\/laprovidenciaovalle.cl\/colegio\/wp-content\/uploads\/2025\/03\/72-768x512.png 768w, http:\/\/laprovidenciaovalle.cl\/colegio\/wp-content\/uploads\/2025\/03\/72-1536x1024.png 1536w, http:\/\/laprovidenciaovalle.cl\/colegio\/wp-content\/uploads\/2025\/03\/72-2048x1365.png 2048w, http:\/\/laprovidenciaovalle.cl\/colegio\/wp-content\/uploads\/2025\/03\/72-150x100.png 150w\" sizes=\"(max-width: 1024px) 100vw, 1024px\" \/><\/a>\n\t\t\t<\/dt><\/dl><br style=\"clear: both\" \/>\n\t\t<\/div>\n\n","protected":false},"excerpt":{"rendered":"<p>El pasado 19 de marzo se llev\u00f3 a cabo la tradicional eucarist\u00eda que marca el inicio del a\u00f1o escolar 2025, presidida por el querido Padre Jorge Arancibia. En un ambiente lleno de espiritualidad y esperanza, se invit\u00f3 a los presentes a reflexionar sobre el plan divino que Dios tiene para cada uno, recordando que cada d\u00eda es una oportunidad para&nbsp;<a href=\"http:\/\/laprovidenciaovalle.cl\/colegio\/bendiciones-y-aprendizajes-la-eucaristia-que-da-inicio-al-2025-academico\/\">[&hellip;]<\/a><\/p>\n","protected":false},"author":5,"featured_media":17446,"comment_status":"closed","ping_status":"closed","sticky":false,"template":"","format":"standard","meta":[],"categories":[16],"tags":[],"yoast_head":"<!-- This site is optimized with the Yoast SEO plugin v15.2 - https:\/\/yoast.com\/wordpress\/plugins\/seo\/ -->\n<title>Fe, comunidad y esperanza: as\u00ed inauguramos el a\u00f1o escolar 2025 - Colegio La Providencia<\/title>\n<meta name=\"robots\" content=\"index, follow, max-snippet:-1, max-image-preview:large, max-video-preview:-1\" \/>\n<link rel=\"canonical\" href=\"http:\/\/laprovidenciaovalle.cl\/colegio\/bendiciones-y-aprendizajes-la-eucaristia-que-da-inicio-al-2025-academico\/\" \/>\n<meta property=\"og:locale\" content=\"es_ES\" \/>\n<meta property=\"og:type\" content=\"article\" \/>\n<meta property=\"og:title\" content=\"Fe, comunidad y esperanza: as\u00ed inauguramos el a\u00f1o escolar 2025 - Colegio La Providencia\" \/>\n<meta property=\"og:description\" content=\"El pasado 19 de marzo se llev\u00f3 a cabo la tradicional eucarist\u00eda que marca el inicio del a\u00f1o escolar 2025, presidida por el querido Padre Jorge Arancibia. En un ambiente lleno de espiritualidad y esperanza, se invit\u00f3 a los presentes a reflexionar sobre el plan divino que Dios tiene para cada uno, recordando que cada d\u00eda es una oportunidad para&nbsp;[&hellip;]\" \/>\n<meta property=\"og:url\" content=\"http:\/\/laprovidenciaovalle.cl\/colegio\/bendiciones-y-aprendizajes-la-eucaristia-que-da-inicio-al-2025-academico\/\" \/>\n<meta property=\"og:site_name\" content=\"Colegio La Providencia\" \/>\n<meta property=\"article:published_time\" content=\"2025-03-24T14:38:12+00:00\" \/>\n<meta property=\"article:modified_time\" content=\"2025-03-24T15:02:34+00:00\" \/>\n<meta property=\"og:image\" content=\"http:\/\/laprovidenciaovalle.cl\/colegio\/wp-content\/uploads\/2025\/03\/80-1024x683.png\" \/>\n\t<meta property=\"og:image:width\" content=\"1024\" \/>\n\t<meta property=\"og:image:height\" content=\"683\" \/>\n<meta name=\"twitter:card\" content=\"summary_large_image\" \/>\n<meta name=\"twitter:label1\" value=\"Escrito por\">\n\t<meta name=\"twitter:data1\" value=\"Comunicaciones Colegio\">\n\t<meta name=\"twitter:label2\" value=\"Tiempo de lectura\">\n\t<meta name=\"twitter:data2\" value=\"1 minuto\">\n<script type=\"application\/ld+json\" class=\"yoast-schema-graph\">{\"@context\":\"https:\/\/schema.org\",\"@graph\":[{\"@type\":\"WebSite\",\"@id\":\"https:\/\/laprovidenciaovalle.cl\/colegio\/#website\",\"url\":\"https:\/\/laprovidenciaovalle.cl\/colegio\/\",\"name\":\"Colegio La Providencia\",\"description\":\"Ovalle\",\"potentialAction\":[{\"@type\":\"SearchAction\",\"target\":\"https:\/\/laprovidenciaovalle.cl\/colegio\/?s={search_term_string}\",\"query-input\":\"required name=search_term_string\"}],\"inLanguage\":\"es\"},{\"@type\":\"ImageObject\",\"@id\":\"http:\/\/laprovidenciaovalle.cl\/colegio\/bendiciones-y-aprendizajes-la-eucaristia-que-da-inicio-al-2025-academico\/#primaryimage\",\"inLanguage\":\"es\",\"url\":\"http:\/\/laprovidenciaovalle.cl\/colegio\/wp-content\/uploads\/2025\/03\/80.png\",\"width\":6000,\"height\":4000},{\"@type\":\"WebPage\",\"@id\":\"http:\/\/laprovidenciaovalle.cl\/colegio\/bendiciones-y-aprendizajes-la-eucaristia-que-da-inicio-al-2025-academico\/#webpage\",\"url\":\"http:\/\/laprovidenciaovalle.cl\/colegio\/bendiciones-y-aprendizajes-la-eucaristia-que-da-inicio-al-2025-academico\/\",\"name\":\"Fe, comunidad y esperanza: as\\u00ed inauguramos el a\\u00f1o escolar 2025 - Colegio La Providencia\",\"isPartOf\":{\"@id\":\"https:\/\/laprovidenciaovalle.cl\/colegio\/#website\"},\"primaryImageOfPage\":{\"@id\":\"http:\/\/laprovidenciaovalle.cl\/colegio\/bendiciones-y-aprendizajes-la-eucaristia-que-da-inicio-al-2025-academico\/#primaryimage\"},\"datePublished\":\"2025-03-24T14:38:12+00:00\",\"dateModified\":\"2025-03-24T15:02:34+00:00\",\"author\":{\"@id\":\"https:\/\/laprovidenciaovalle.cl\/colegio\/#\/schema\/person\/1035f45cd35e1948fb928fcdc74228fe\"},\"inLanguage\":\"es\",\"potentialAction\":[{\"@type\":\"ReadAction\",\"target\":[\"http:\/\/laprovidenciaovalle.cl\/colegio\/bendiciones-y-aprendizajes-la-eucaristia-que-da-inicio-al-2025-academico\/\"]}]},{\"@type\":\"Person\",\"@id\":\"https:\/\/laprovidenciaovalle.cl\/colegio\/#\/schema\/person\/1035f45cd35e1948fb928fcdc74228fe\",\"name\":\"Comunicaciones Colegio\",\"image\":{\"@type\":\"ImageObject\",\"@id\":\"https:\/\/laprovidenciaovalle.cl\/colegio\/#personlogo\",\"inLanguage\":\"es\",\"url\":\"http:\/\/2.gravatar.com\/avatar\/5d0b6f6fbda2852def0dc3e63e38d319?s=96&d=mm&r=g\",\"caption\":\"Comunicaciones Colegio\"}}]}<\/script>\n<!-- \/ Yoast SEO plugin. -->","_links":{"self":[{"href":"http:\/\/laprovidenciaovalle.cl\/colegio\/wp-json\/wp\/v2\/posts\/17457"}],"collection":[{"href":"http:\/\/laprovidenciaovalle.cl\/colegio\/wp-json\/wp\/v2\/posts"}],"about":[{"href":"http:\/\/laprovidenciaovalle.cl\/colegio\/wp-json\/wp\/v2\/types\/post"}],"author":[{"embeddable":true,"href":"http:\/\/laprovidenciaovalle.cl\/colegio\/wp-json\/wp\/v2\/users\/5"}],"replies":[{"embeddable":true,"href":"http:\/\/laprovidenciaovalle.cl\/colegio\/wp-json\/wp\/v2\/comments?post=17457"}],"version-history":[{"count":3,"href":"http:\/\/laprovidenciaovalle.cl\/colegio\/wp-json\/wp\/v2\/posts\/17457\/revisions"}],"predecessor-version":[{"id":17460,"href":"http:\/\/laprovidenciaovalle.cl\/colegio\/wp-json\/wp\/v2\/posts\/17457\/revisions\/17460"}],"wp:featuredmedia":[{"embeddable":true,"href":"http:\/\/laprovidenciaovalle.cl\/colegio\/wp-json\/wp\/v2\/media\/17446"}],"wp:attachment":[{"href":"http:\/\/laprovidenciaovalle.cl\/colegio\/wp-json\/wp\/v2\/media?parent=17457"}],"wp:term":[{"taxonomy":"category","embeddable":true,"href":"http:\/\/laprovidenciaovalle.cl\/colegio\/wp-json\/wp\/v2\/categories?post=17457"},{"taxonomy":"post_tag","embeddable":true,"href":"http:\/\/laprovidenciaovalle.cl\/colegio\/wp-json\/wp\/v2\/tags?post=17457"}],"curies":[{"name":"wp","href":"https:\/\/api.w.org\/{rel}","templated":true}]}}