{"id":17469,"date":"2025-03-24T11:54:58","date_gmt":"2025-03-24T14:54:58","guid":{"rendered":"http:\/\/laprovidenciaovalle.cl\/colegio\/?p=17469"},"modified":"2025-03-24T12:00:38","modified_gmt":"2025-03-24T15:00:38","slug":"el-cra-da-la-bienvenida-a-las-nuevas-estudiantes-en-su-espacio-de-aprendizaje-y-descubrimiento","status":"publish","type":"post","link":"http:\/\/laprovidenciaovalle.cl\/colegio\/el-cra-da-la-bienvenida-a-las-nuevas-estudiantes-en-su-espacio-de-aprendizaje-y-descubrimiento\/","title":{"rendered":"El CRA da la bienvenida a las nuevas estudiantes en su espacio de aprendizaje y descubrimiento"},"content":{"rendered":"<p>Durante el mes de marzo, el Centro de Recursos para el Aprendizaje (CRA) llev\u00f3 a cabo una serie de visitas guiadas a la biblioteca para los cursos nuevos: 7\u00b0 b\u00e1sicos y 1\u00b0 medios. Estas actividades tuvieron como objetivo principal familiarizar a las estudiantes con este valioso espacio, destacando su importancia no solo como lugar de estudio, sino tambi\u00e9n como un ambiente acogedor para aprovechar durante los recreos y la hora de colaci\u00f3n.<\/p>\n<p>&nbsp;<\/p>\n<p>Durante las visitas, las estudiantes recibieron una cordial bienvenida y participaron en una orientaci\u00f3n completa sobre las normas que regulan el uso de la biblioteca. Adem\u00e1s, se explic\u00f3 el funcionamiento del sistema de pr\u00e9stamo de material, permiti\u00e9ndoles comprender c\u00f3mo solicitar recursos tanto para el trabajo en aula como para llevarlos a casa. Este espacio no solo fomenta el h\u00e1bito de la lectura y el aprendizaje aut\u00f3nomo, sino que tambi\u00e9n promueve valores como el respeto, la responsabilidad y el orden.<\/p>\n<p>&nbsp;<\/p>\n<p>Asimismo, se motiv\u00f3 a las estudiantes a ver la biblioteca como un lugar donde pueden encontrar inspiraci\u00f3n, explorar nuevos mundos a trav\u00e9s de los libros y desarrollar sus habilidades de investigaci\u00f3n. De este modo, el CRA refuerza su compromiso con el crecimiento acad\u00e9mico y personal de las alumnas, creando un v\u00ednculo cercano con este importante recurso escolar.<\/p>\n\n\t\t<style type=\"text\/css\">\n\t\t\t#gallery-1 {\n\t\t\t\tmargin: auto;\n\t\t\t}\n\t\t\t#gallery-1 .gallery-item {\n\t\t\t\tfloat: left;\n\t\t\t\tmargin-top: 10px;\n\t\t\t\ttext-align: center;\n\t\t\t\twidth: 33%;\n\t\t\t}\n\t\t\t#gallery-1 img {\n\t\t\t\tborder: 2px solid #cfcfcf;\n\t\t\t}\n\t\t\t#gallery-1 .gallery-caption {\n\t\t\t\tmargin-left: 0;\n\t\t\t}\n\t\t\t\/* see gallery_shortcode() in wp-includes\/media.php *\/\n\t\t<\/style>\n\t\t<div id='gallery-1' class='gallery galleryid-17469 gallery-columns-3 gallery-size-large'><dl class='gallery-item'>\n\t\t\t<dt class='gallery-icon portrait'>\n\t\t\t\t<a href='http:\/\/laprovidenciaovalle.cl\/colegio\/img-20250318-wa0010\/'><img width=\"768\" height=\"1024\" src=\"http:\/\/laprovidenciaovalle.cl\/colegio\/wp-content\/uploads\/2025\/03\/IMG-20250318-WA0010-768x1024.jpg\" class=\"attachment-large size-large\" alt=\"\" loading=\"lazy\" srcset=\"http:\/\/laprovidenciaovalle.cl\/colegio\/wp-content\/uploads\/2025\/03\/IMG-20250318-WA0010-768x1024.jpg 768w, http:\/\/laprovidenciaovalle.cl\/colegio\/wp-content\/uploads\/2025\/03\/IMG-20250318-WA0010-225x300.jpg 225w, http:\/\/laprovidenciaovalle.cl\/colegio\/wp-content\/uploads\/2025\/03\/IMG-20250318-WA0010-1152x1536.jpg 1152w, http:\/\/laprovidenciaovalle.cl\/colegio\/wp-content\/uploads\/2025\/03\/IMG-20250318-WA0010-113x150.jpg 113w, http:\/\/laprovidenciaovalle.cl\/colegio\/wp-content\/uploads\/2025\/03\/IMG-20250318-WA0010.jpg 1200w\" sizes=\"(max-width: 768px) 100vw, 768px\" \/><\/a>\n\t\t\t<\/dt><\/dl><dl class='gallery-item'>\n\t\t\t<dt class='gallery-icon portrait'>\n\t\t\t\t<a href='http:\/\/laprovidenciaovalle.cl\/colegio\/img-20250318-wa0009\/'><img width=\"768\" height=\"1024\" src=\"http:\/\/laprovidenciaovalle.cl\/colegio\/wp-content\/uploads\/2025\/03\/IMG-20250318-WA0009-768x1024.jpg\" class=\"attachment-large size-large\" alt=\"\" loading=\"lazy\" srcset=\"http:\/\/laprovidenciaovalle.cl\/colegio\/wp-content\/uploads\/2025\/03\/IMG-20250318-WA0009-768x1024.jpg 768w, http:\/\/laprovidenciaovalle.cl\/colegio\/wp-content\/uploads\/2025\/03\/IMG-20250318-WA0009-225x300.jpg 225w, http:\/\/laprovidenciaovalle.cl\/colegio\/wp-content\/uploads\/2025\/03\/IMG-20250318-WA0009-1152x1536.jpg 1152w, http:\/\/laprovidenciaovalle.cl\/colegio\/wp-content\/uploads\/2025\/03\/IMG-20250318-WA0009-113x150.jpg 113w, http:\/\/laprovidenciaovalle.cl\/colegio\/wp-content\/uploads\/2025\/03\/IMG-20250318-WA0009.jpg 1200w\" sizes=\"(max-width: 768px) 100vw, 768px\" \/><\/a>\n\t\t\t<\/dt><\/dl><dl class='gallery-item'>\n\t\t\t<dt class='gallery-icon portrait'>\n\t\t\t\t<a href='http:\/\/laprovidenciaovalle.cl\/colegio\/img-20250318-wa0006\/'><img width=\"768\" height=\"1024\" src=\"http:\/\/laprovidenciaovalle.cl\/colegio\/wp-content\/uploads\/2025\/03\/IMG-20250318-WA0006-768x1024.jpg\" class=\"attachment-large size-large\" alt=\"\" loading=\"lazy\" srcset=\"http:\/\/laprovidenciaovalle.cl\/colegio\/wp-content\/uploads\/2025\/03\/IMG-20250318-WA0006-768x1024.jpg 768w, http:\/\/laprovidenciaovalle.cl\/colegio\/wp-content\/uploads\/2025\/03\/IMG-20250318-WA0006-225x300.jpg 225w, http:\/\/laprovidenciaovalle.cl\/colegio\/wp-content\/uploads\/2025\/03\/IMG-20250318-WA0006-1152x1536.jpg 1152w, http:\/\/laprovidenciaovalle.cl\/colegio\/wp-content\/uploads\/2025\/03\/IMG-20250318-WA0006-113x150.jpg 113w, http:\/\/laprovidenciaovalle.cl\/colegio\/wp-content\/uploads\/2025\/03\/IMG-20250318-WA0006.jpg 1200w\" sizes=\"(max-width: 768px) 100vw, 768px\" \/><\/a>\n\t\t\t<\/dt><\/dl><br style=\"clear: both\" \/><dl class='gallery-item'>\n\t\t\t<dt class='gallery-icon portrait'>\n\t\t\t\t<a href='http:\/\/laprovidenciaovalle.cl\/colegio\/20250312_145745\/'><img width=\"768\" height=\"1024\" src=\"http:\/\/laprovidenciaovalle.cl\/colegio\/wp-content\/uploads\/2025\/03\/20250312_145745-768x1024.jpg\" class=\"attachment-large size-large\" alt=\"\" loading=\"lazy\" srcset=\"http:\/\/laprovidenciaovalle.cl\/colegio\/wp-content\/uploads\/2025\/03\/20250312_145745-768x1024.jpg 768w, http:\/\/laprovidenciaovalle.cl\/colegio\/wp-content\/uploads\/2025\/03\/20250312_145745-225x300.jpg 225w, http:\/\/laprovidenciaovalle.cl\/colegio\/wp-content\/uploads\/2025\/03\/20250312_145745-1152x1536.jpg 1152w, http:\/\/laprovidenciaovalle.cl\/colegio\/wp-content\/uploads\/2025\/03\/20250312_145745-1536x2048.jpg 1536w, http:\/\/laprovidenciaovalle.cl\/colegio\/wp-content\/uploads\/2025\/03\/20250312_145745-113x150.jpg 113w, http:\/\/laprovidenciaovalle.cl\/colegio\/wp-content\/uploads\/2025\/03\/20250312_145745-scaled.jpg 1920w\" sizes=\"(max-width: 768px) 100vw, 768px\" \/><\/a>\n\t\t\t<\/dt><\/dl><dl class='gallery-item'>\n\t\t\t<dt class='gallery-icon portrait'>\n\t\t\t\t<a href='http:\/\/laprovidenciaovalle.cl\/colegio\/20250314_124334\/'><img width=\"768\" height=\"1024\" src=\"http:\/\/laprovidenciaovalle.cl\/colegio\/wp-content\/uploads\/2025\/03\/20250314_124334-768x1024.jpg\" class=\"attachment-large size-large\" alt=\"\" loading=\"lazy\" srcset=\"http:\/\/laprovidenciaovalle.cl\/colegio\/wp-content\/uploads\/2025\/03\/20250314_124334-768x1024.jpg 768w, http:\/\/laprovidenciaovalle.cl\/colegio\/wp-content\/uploads\/2025\/03\/20250314_124334-225x300.jpg 225w, http:\/\/laprovidenciaovalle.cl\/colegio\/wp-content\/uploads\/2025\/03\/20250314_124334-1152x1536.jpg 1152w, http:\/\/laprovidenciaovalle.cl\/colegio\/wp-content\/uploads\/2025\/03\/20250314_124334-1536x2048.jpg 1536w, http:\/\/laprovidenciaovalle.cl\/colegio\/wp-content\/uploads\/2025\/03\/20250314_124334-113x150.jpg 113w, http:\/\/laprovidenciaovalle.cl\/colegio\/wp-content\/uploads\/2025\/03\/20250314_124334-scaled.jpg 1920w\" sizes=\"(max-width: 768px) 100vw, 768px\" \/><\/a>\n\t\t\t<\/dt><\/dl><dl class='gallery-item'>\n\t\t\t<dt class='gallery-icon portrait'>\n\t\t\t\t<a href='http:\/\/laprovidenciaovalle.cl\/colegio\/20250312_145737\/'><img width=\"768\" height=\"1024\" src=\"http:\/\/laprovidenciaovalle.cl\/colegio\/wp-content\/uploads\/2025\/03\/20250312_145737-768x1024.jpg\" class=\"attachment-large size-large\" alt=\"\" loading=\"lazy\" srcset=\"http:\/\/laprovidenciaovalle.cl\/colegio\/wp-content\/uploads\/2025\/03\/20250312_145737-768x1024.jpg 768w, http:\/\/laprovidenciaovalle.cl\/colegio\/wp-content\/uploads\/2025\/03\/20250312_145737-225x300.jpg 225w, http:\/\/laprovidenciaovalle.cl\/colegio\/wp-content\/uploads\/2025\/03\/20250312_145737-1152x1536.jpg 1152w, http:\/\/laprovidenciaovalle.cl\/colegio\/wp-content\/uploads\/2025\/03\/20250312_145737-1536x2048.jpg 1536w, http:\/\/laprovidenciaovalle.cl\/colegio\/wp-content\/uploads\/2025\/03\/20250312_145737-113x150.jpg 113w, http:\/\/laprovidenciaovalle.cl\/colegio\/wp-content\/uploads\/2025\/03\/20250312_145737-scaled.jpg 1920w\" sizes=\"(max-width: 768px) 100vw, 768px\" \/><\/a>\n\t\t\t<\/dt><\/dl><br style=\"clear: both\" \/><dl class='gallery-item'>\n\t\t\t<dt class='gallery-icon landscape'>\n\t\t\t\t<a href='http:\/\/laprovidenciaovalle.cl\/colegio\/20250312_145055\/'><img width=\"1024\" height=\"713\" src=\"http:\/\/laprovidenciaovalle.cl\/colegio\/wp-content\/uploads\/2025\/03\/20250312_145055-scaled-e1742828078138-1024x713.jpg\" class=\"attachment-large size-large\" alt=\"\" loading=\"lazy\" srcset=\"http:\/\/laprovidenciaovalle.cl\/colegio\/wp-content\/uploads\/2025\/03\/20250312_145055-scaled-e1742828078138-1024x713.jpg 1024w, http:\/\/laprovidenciaovalle.cl\/colegio\/wp-content\/uploads\/2025\/03\/20250312_145055-scaled-e1742828078138-300x209.jpg 300w, http:\/\/laprovidenciaovalle.cl\/colegio\/wp-content\/uploads\/2025\/03\/20250312_145055-scaled-e1742828078138-768x535.jpg 768w, http:\/\/laprovidenciaovalle.cl\/colegio\/wp-content\/uploads\/2025\/03\/20250312_145055-scaled-e1742828078138-1536x1070.jpg 1536w, http:\/\/laprovidenciaovalle.cl\/colegio\/wp-content\/uploads\/2025\/03\/20250312_145055-scaled-e1742828078138-150x104.jpg 150w, http:\/\/laprovidenciaovalle.cl\/colegio\/wp-content\/uploads\/2025\/03\/20250312_145055-scaled-e1742828078138.jpg 1920w\" sizes=\"(max-width: 1024px) 100vw, 1024px\" \/><\/a>\n\t\t\t<\/dt><\/dl><dl class='gallery-item'>\n\t\t\t<dt class='gallery-icon portrait'>\n\t\t\t\t<a href='http:\/\/laprovidenciaovalle.cl\/colegio\/20250312_145043\/'><img width=\"768\" height=\"1024\" src=\"http:\/\/laprovidenciaovalle.cl\/colegio\/wp-content\/uploads\/2025\/03\/20250312_145043-768x1024.jpg\" class=\"attachment-large size-large\" alt=\"\" loading=\"lazy\" srcset=\"http:\/\/laprovidenciaovalle.cl\/colegio\/wp-content\/uploads\/2025\/03\/20250312_145043-768x1024.jpg 768w, http:\/\/laprovidenciaovalle.cl\/colegio\/wp-content\/uploads\/2025\/03\/20250312_145043-225x300.jpg 225w, http:\/\/laprovidenciaovalle.cl\/colegio\/wp-content\/uploads\/2025\/03\/20250312_145043-1152x1536.jpg 1152w, http:\/\/laprovidenciaovalle.cl\/colegio\/wp-content\/uploads\/2025\/03\/20250312_145043-1536x2048.jpg 1536w, http:\/\/laprovidenciaovalle.cl\/colegio\/wp-content\/uploads\/2025\/03\/20250312_145043-113x150.jpg 113w, http:\/\/laprovidenciaovalle.cl\/colegio\/wp-content\/uploads\/2025\/03\/20250312_145043-scaled.jpg 1920w\" sizes=\"(max-width: 768px) 100vw, 768px\" \/><\/a>\n\t\t\t<\/dt><\/dl>\n\t\t\t<br style='clear: both' \/>\n\t\t<\/div>\n\n","protected":false},"excerpt":{"rendered":"<p>Durante el mes de marzo, el Centro de Recursos para el Aprendizaje (CRA) llev\u00f3 a cabo una serie de visitas guiadas a la biblioteca para los cursos nuevos: 7\u00b0 b\u00e1sicos y 1\u00b0 medios. Estas actividades tuvieron como objetivo principal familiarizar a las estudiantes con este valioso espacio, destacando su importancia no solo como lugar de estudio, sino tambi\u00e9n como un&nbsp;<a href=\"http:\/\/laprovidenciaovalle.cl\/colegio\/el-cra-da-la-bienvenida-a-las-nuevas-estudiantes-en-su-espacio-de-aprendizaje-y-descubrimiento\/\">[&hellip;]<\/a><\/p>\n","protected":false},"author":5,"featured_media":17462,"comment_status":"closed","ping_status":"closed","sticky":false,"template":"","format":"standard","meta":[],"categories":[16],"tags":[],"yoast_head":"<!-- This site is optimized with the Yoast SEO plugin v15.2 - https:\/\/yoast.com\/wordpress\/plugins\/seo\/ -->\n<title>El CRA da la bienvenida a las nuevas estudiantes en su espacio de aprendizaje y descubrimiento - Colegio La Providencia<\/title>\n<meta name=\"robots\" content=\"index, follow, max-snippet:-1, max-image-preview:large, max-video-preview:-1\" \/>\n<link rel=\"canonical\" href=\"http:\/\/laprovidenciaovalle.cl\/colegio\/el-cra-da-la-bienvenida-a-las-nuevas-estudiantes-en-su-espacio-de-aprendizaje-y-descubrimiento\/\" \/>\n<meta property=\"og:locale\" content=\"es_ES\" \/>\n<meta property=\"og:type\" content=\"article\" \/>\n<meta property=\"og:title\" content=\"El CRA da la bienvenida a las nuevas estudiantes en su espacio de aprendizaje y descubrimiento - Colegio La Providencia\" \/>\n<meta property=\"og:description\" content=\"Durante el mes de marzo, el Centro de Recursos para el Aprendizaje (CRA) llev\u00f3 a cabo una serie de visitas guiadas a la biblioteca para los cursos nuevos: 7\u00b0 b\u00e1sicos y 1\u00b0 medios. Estas actividades tuvieron como objetivo principal familiarizar a las estudiantes con este valioso espacio, destacando su importancia no solo como lugar de estudio, sino tambi\u00e9n como un&nbsp;[&hellip;]\" \/>\n<meta property=\"og:url\" content=\"http:\/\/laprovidenciaovalle.cl\/colegio\/el-cra-da-la-bienvenida-a-las-nuevas-estudiantes-en-su-espacio-de-aprendizaje-y-descubrimiento\/\" \/>\n<meta property=\"og:site_name\" content=\"Colegio La Providencia\" \/>\n<meta property=\"article:published_time\" content=\"2025-03-24T14:54:58+00:00\" \/>\n<meta property=\"article:modified_time\" content=\"2025-03-24T15:00:38+00:00\" \/>\n<meta property=\"og:image\" content=\"http:\/\/laprovidenciaovalle.cl\/colegio\/wp-content\/uploads\/2025\/03\/20250312_145055-scaled-e1742828078138.jpg\" \/>\n\t<meta property=\"og:image:width\" content=\"1920\" \/>\n\t<meta property=\"og:image:height\" content=\"1337\" \/>\n<meta name=\"twitter:card\" content=\"summary_large_image\" \/>\n<meta name=\"twitter:label1\" value=\"Escrito por\">\n\t<meta name=\"twitter:data1\" value=\"Comunicaciones Colegio\">\n\t<meta name=\"twitter:label2\" value=\"Tiempo de lectura\">\n\t<meta name=\"twitter:data2\" value=\"1 minuto\">\n<script type=\"application\/ld+json\" class=\"yoast-schema-graph\">{\"@context\":\"https:\/\/schema.org\",\"@graph\":[{\"@type\":\"WebSite\",\"@id\":\"https:\/\/laprovidenciaovalle.cl\/colegio\/#website\",\"url\":\"https:\/\/laprovidenciaovalle.cl\/colegio\/\",\"name\":\"Colegio La Providencia\",\"description\":\"Ovalle\",\"potentialAction\":[{\"@type\":\"SearchAction\",\"target\":\"https:\/\/laprovidenciaovalle.cl\/colegio\/?s={search_term_string}\",\"query-input\":\"required name=search_term_string\"}],\"inLanguage\":\"es\"},{\"@type\":\"ImageObject\",\"@id\":\"http:\/\/laprovidenciaovalle.cl\/colegio\/el-cra-da-la-bienvenida-a-las-nuevas-estudiantes-en-su-espacio-de-aprendizaje-y-descubrimiento\/#primaryimage\",\"inLanguage\":\"es\",\"url\":\"http:\/\/laprovidenciaovalle.cl\/colegio\/wp-content\/uploads\/2025\/03\/20250312_145055-scaled-e1742828078138.jpg\",\"width\":1920,\"height\":1337},{\"@type\":\"WebPage\",\"@id\":\"http:\/\/laprovidenciaovalle.cl\/colegio\/el-cra-da-la-bienvenida-a-las-nuevas-estudiantes-en-su-espacio-de-aprendizaje-y-descubrimiento\/#webpage\",\"url\":\"http:\/\/laprovidenciaovalle.cl\/colegio\/el-cra-da-la-bienvenida-a-las-nuevas-estudiantes-en-su-espacio-de-aprendizaje-y-descubrimiento\/\",\"name\":\"El CRA da la bienvenida a las nuevas estudiantes en su espacio de aprendizaje y descubrimiento - Colegio La Providencia\",\"isPartOf\":{\"@id\":\"https:\/\/laprovidenciaovalle.cl\/colegio\/#website\"},\"primaryImageOfPage\":{\"@id\":\"http:\/\/laprovidenciaovalle.cl\/colegio\/el-cra-da-la-bienvenida-a-las-nuevas-estudiantes-en-su-espacio-de-aprendizaje-y-descubrimiento\/#primaryimage\"},\"datePublished\":\"2025-03-24T14:54:58+00:00\",\"dateModified\":\"2025-03-24T15:00:38+00:00\",\"author\":{\"@id\":\"https:\/\/laprovidenciaovalle.cl\/colegio\/#\/schema\/person\/1035f45cd35e1948fb928fcdc74228fe\"},\"inLanguage\":\"es\",\"potentialAction\":[{\"@type\":\"ReadAction\",\"target\":[\"http:\/\/laprovidenciaovalle.cl\/colegio\/el-cra-da-la-bienvenida-a-las-nuevas-estudiantes-en-su-espacio-de-aprendizaje-y-descubrimiento\/\"]}]},{\"@type\":\"Person\",\"@id\":\"https:\/\/laprovidenciaovalle.cl\/colegio\/#\/schema\/person\/1035f45cd35e1948fb928fcdc74228fe\",\"name\":\"Comunicaciones Colegio\",\"image\":{\"@type\":\"ImageObject\",\"@id\":\"https:\/\/laprovidenciaovalle.cl\/colegio\/#personlogo\",\"inLanguage\":\"es\",\"url\":\"http:\/\/2.gravatar.com\/avatar\/5d0b6f6fbda2852def0dc3e63e38d319?s=96&d=mm&r=g\",\"caption\":\"Comunicaciones Colegio\"}}]}<\/script>\n<!-- \/ Yoast SEO plugin. -->","_links":{"self":[{"href":"http:\/\/laprovidenciaovalle.cl\/colegio\/wp-json\/wp\/v2\/posts\/17469"}],"collection":[{"href":"http:\/\/laprovidenciaovalle.cl\/colegio\/wp-json\/wp\/v2\/posts"}],"about":[{"href":"http:\/\/laprovidenciaovalle.cl\/colegio\/wp-json\/wp\/v2\/types\/post"}],"author":[{"embeddable":true,"href":"http:\/\/laprovidenciaovalle.cl\/colegio\/wp-json\/wp\/v2\/users\/5"}],"replies":[{"embeddable":true,"href":"http:\/\/laprovidenciaovalle.cl\/colegio\/wp-json\/wp\/v2\/comments?post=17469"}],"version-history":[{"count":1,"href":"http:\/\/laprovidenciaovalle.cl\/colegio\/wp-json\/wp\/v2\/posts\/17469\/revisions"}],"predecessor-version":[{"id":17470,"href":"http:\/\/laprovidenciaovalle.cl\/colegio\/wp-json\/wp\/v2\/posts\/17469\/revisions\/17470"}],"wp:featuredmedia":[{"embeddable":true,"href":"http:\/\/laprovidenciaovalle.cl\/colegio\/wp-json\/wp\/v2\/media\/17462"}],"wp:attachment":[{"href":"http:\/\/laprovidenciaovalle.cl\/colegio\/wp-json\/wp\/v2\/media?parent=17469"}],"wp:term":[{"taxonomy":"category","embeddable":true,"href":"http:\/\/laprovidenciaovalle.cl\/colegio\/wp-json\/wp\/v2\/categories?post=17469"},{"taxonomy":"post_tag","embeddable":true,"href":"http:\/\/laprovidenciaovalle.cl\/colegio\/wp-json\/wp\/v2\/tags?post=17469"}],"curies":[{"name":"wp","href":"https:\/\/api.w.org\/{rel}","templated":true}]}}