{"id":17537,"date":"2025-03-25T12:13:59","date_gmt":"2025-03-25T15:13:59","guid":{"rendered":"http:\/\/laprovidenciaovalle.cl\/colegio\/?p=17537"},"modified":"2025-03-25T13:00:51","modified_gmt":"2025-03-25T16:00:51","slug":"calendario-ambiental-de-marzo-un-mes-para-cuidar-el-planeta","status":"publish","type":"post","link":"http:\/\/laprovidenciaovalle.cl\/colegio\/calendario-ambiental-de-marzo-un-mes-para-cuidar-el-planeta\/","title":{"rendered":"Calendario Ambiental de Marzo: Un Mes para Cuidar el Planeta"},"content":{"rendered":"<p>El equipo de gesti\u00f3n ambiental nos presenta el calendario de ambiental de marzo, dise\u00f1ado para fomentar la conciencia ecol\u00f3gica y la acci\u00f3n sostenible en nuestra comunidad educativa.<br \/>\nEste mes est\u00e1 lleno de oportunidades para reflexionar sobre nuestro impacto en el medio ambiente y tomar medidas positivas para protegerlo.<\/p>\n<p>Este calendario no solo busca informar, sino tambi\u00e9n involucrar a cada miembro de nuestra comunidad educativa en la protecci\u00f3n del medio ambiente. Cada acci\u00f3n cuenta, y juntos podemos marcar la diferencia para un futuro m\u00e1s verde.<\/p>\n<p>&nbsp;<\/p>\n<div><img loading=\"lazy\" class=\"CToWUd a6T\" tabindex=\"0\" src=\"https:\/\/mail.google.com\/mail\/u\/0?ui=2&amp;ik=f5367880be&amp;attid=0.1&amp;permmsgid=msg-f:1826311866982926931&amp;th=19585cf780990a53&amp;view=fimg&amp;fur=ip&amp;permmsgid=msg-f:1826311866982926931&amp;sz=s0-l75-ft&amp;attbid=ANGjdJ_bz0zE9y18tsCfaGMJVb78xzEngwgTnEhTZgaVeZvDwPuDvv0OsypYKKyds36wT7N_9qzyIaTVK85hQvPeywxZJMDiREoAPOtQoDpFOR-LcqdihOVY6FWEO5s&amp;disp=emb&amp;realattid=ii_m84irfdm0&amp;zw\" alt=\"image.png\" width=\"180\" height=\"180\" data-image-whitelisted=\"\" data-bit=\"iit\" \/><\/div>\n<div>1 marzo d\u00eda del reciclador base<\/p>\n<div class=\"gmail_quote\">\n<div class=\"gmail_attr\" dir=\"ltr\"><\/div>\n<div class=\"gmail_attr\" dir=\"ltr\"><\/div>\n<div class=\"gmail_attr\" dir=\"ltr\">El 20 de diciembre de 2013, la\u00a0<a href=\"http:\/\/www.un.org\/es\/comun\/docs\/?symbol=A\/RES\/68\/205\" target=\"_blank\" rel=\"noopener noreferrer\" data-saferedirecturl=\"https:\/\/www.google.com\/url?q=http:\/\/www.un.org\/es\/comun\/docs\/?symbol%3DA\/RES\/68\/205&amp;source=gmail&amp;ust=1743003143570000&amp;usg=AOvVaw0GpYAxyBPTjREY95uwgi8n\">Asamblea General de la ONU<\/a>, decidi\u00f3 proclamar el\u00a03 de marzo\u00a0como el\u00a0<a href=\"http:\/\/www.un.org\/es\/events\/wildlifeday\/\" target=\"_blank\" rel=\"noopener noreferrer\" data-saferedirecturl=\"https:\/\/www.google.com\/url?q=http:\/\/www.un.org\/es\/events\/wildlifeday\/&amp;source=gmail&amp;ust=1743003143570000&amp;usg=AOvVaw1JUbloQ7OZT5Vigs1nyVD1\">D\u00eda Mundial de la Naturaleza<\/a>\u00a0con el objetivo de\u00a0concienciar acerca del valor de la fauna y la flora salvajes.<\/div>\n<div class=\"gmail_attr\" dir=\"ltr\"><img loading=\"lazy\" class=\"CToWUd\" src=\"https:\/\/mail.google.com\/mail\/u\/0?ui=2&amp;ik=f5367880be&amp;attid=0.2&amp;permmsgid=msg-f:1826311866982926931&amp;th=19585cf780990a53&amp;view=fimg&amp;fur=ip&amp;permmsgid=msg-f:1826311866982926931&amp;sz=s0-l75-ft&amp;attbid=ANGjdJ90lRoEBbcMpZCN7kEosY4jok2F7M60G1i2nRKBRziVaKBzucX5NzE5DgSaYbWjKj3hUgi6cjzfFT9Xa0C_2rqPFZLBN-TKaUh2IHp-WMwtAY5_ibZCzFfPSMc&amp;disp=emb&amp;realattid=ii_m84jxc751&amp;zw\" alt=\"image.png\" width=\"184\" height=\"98\" data-image-whitelisted=\"\" data-bit=\"iit\" \/><\/div>\n<div class=\"gmail_attr\">3 de marzo d\u00eda de la naturaleza<\/div>\n<div class=\"gmail_attr\"><\/div>\n<div class=\"gmail_attr\"><\/div>\n<div class=\"gmail_attr\">\u00a0\u00a0<span style=\"font-family: tahoma, sans-serif;\">El D\u00eda Mundial de la Eficiencia Energ\u00e9tica se celebra cada 5 de marzo. Esta fecha fue creada durante la primera Conferencia Internacional de Eficiencia Energ\u00e9tica, celebrada en Austria, en 1998. El objetivo de este d\u00eda es reflexionar sobre la importancia de utilizar la energ\u00eda de forma eficiente, lo que permitir\u00e1 combatir el cambio clim\u00e1tico y garantizar sociedades sostenibles.\u00a0La eficiencia energ\u00e9tica contribuye a la sustentabilidad, la productividad, la competitividad, a reducir la contaminaci\u00f3n y a mejorar la salud p\u00fablica, a una mayor prosperidad y la reducci\u00f3n de la huella de carbono.<\/span><\/p>\n<div>\n<div><\/div>\n<\/div>\n<\/div>\n<div class=\"gmail_attr\"><img loading=\"lazy\" class=\"CToWUd a6T\" tabindex=\"0\" src=\"https:\/\/mail.google.com\/mail\/u\/0?ui=2&amp;ik=f5367880be&amp;attid=0.3&amp;permmsgid=msg-f:1826311866982926931&amp;th=19585cf780990a53&amp;view=fimg&amp;fur=ip&amp;permmsgid=msg-f:1826311866982926931&amp;sz=s0-l75-ft&amp;attbid=ANGjdJ8fHN_2LUtyNkpg3vTob0JsqkQY0W624Ekhz34Zo-WhZtO_UDaVNhQI6DsKFplTcqI-B1IaeWW3rdo714K6mMa2lsJe4kHg9rjpyh4y6jeurgtnKG-TKGi8iEA&amp;disp=emb&amp;realattid=ii_m84k27p82&amp;zw\" alt=\"image.png\" width=\"188\" height=\"111\" data-image-whitelisted=\"\" data-bit=\"iit\" \/><\/div>\n<div class=\"gmail_attr\">5 de marzo d\u00eda mundial de la eficiencia energ\u00e9tica<\/div>\n<div class=\"gmail_attr\"><\/div>\n<div class=\"gmail_attr\"><\/div>\n<p>El\u00a0D\u00eda Mundial del Agua, celebrado cada 22 de marzo, tiene como objetivo crear conciencia sobre la crisis mundial del agua y el saneamiento. A\u00fan hay 2000 millones de personas sin acceso al agua potable.\u00a0Este d\u00eda es una invitaci\u00f3n global a reflexionar sobre la importancia cr\u00edtica del agua, un recurso vital sin el cual la vida en la Tierra no ser\u00eda posible.<\/p>\n<div dir=\"ltr\"><a href=\"https:\/\/youtu.be\/UwNoLolzA9U\" target=\"_blank\" rel=\"noopener noreferrer\" data-saferedirecturl=\"https:\/\/www.google.com\/url?q=https:\/\/youtu.be\/UwNoLolzA9U&amp;source=gmail&amp;ust=1743003143570000&amp;usg=AOvVaw05kyB6LyFPv-sD0_8cOvm1\">https:\/\/youtu.be\/UwNoLolzA9U<\/a><\/p>\n<div>22 de marzo d\u00eda mundial del agua<\/div>\n<div><\/div>\n<div><\/div>\n<div><img loading=\"lazy\" class=\"CToWUd a6T\" tabindex=\"0\" src=\"https:\/\/mail.google.com\/mail\/u\/0?ui=2&amp;ik=f5367880be&amp;attid=0.4&amp;permmsgid=msg-f:1826311866982926931&amp;th=19585cf780990a53&amp;view=fimg&amp;fur=ip&amp;permmsgid=msg-f:1826311866982926931&amp;sz=s0-l75-ft&amp;attbid=ANGjdJ93Mavm9UVHWyB_hnc3PSTFHTv9h2InJqMBHdq0Wy5QeSsd41HM4_csZ2bPEbQJIt2Mj_EoYUIc-dU0QOPNrrp7PgmG6ytka9fM7roB3mA_z-MCyhzhYhWl7dY&amp;disp=emb&amp;realattid=ii_m84n4ydp3&amp;zw\" alt=\"image.png\" width=\"188\" height=\"188\" data-image-whitelisted=\"\" data-bit=\"iit\" \/><\/div>\n<div><\/div>\n<div>El D\u00eda Internacional de los Bosques se celebra el\u00a0<strong>21 de marzo<\/strong>\u00a0de cada a\u00f1o desde el 2013, con el objetivo de generar conciencia acerca del rol fundamental que desempe\u00f1an los bosques y lo imprescindible que resulta conservarlos. No solo la fauna y la flora dependen de estos ambientes para su supervivencia, sino que alrededor de 1.600 millones de personas dependen de los mismos para su sustento.<\/div>\n<div><\/div>\n<div>21 de marzo d\u00eda mundial de los bosques<\/div>\n<div><\/div>\n<div><\/div>\n<div><\/div>\n<div>22 de marzo d\u00eda hora del planeta<\/div>\n<div>\n<p>E<span style=\"font-family: tahoma, sans-serif;\">l pr\u00f3ximo\u00a022 de marzo entre las 20:30 y las 21:30 horas\u00a0se conmemorar\u00e1 en Chile y el mundo una nueva \u201cHora del Planeta\u201d. Se trata de la acci\u00f3n ambiental voluntaria m\u00e1s masiva e importante a nivel global.\u00a0<\/span>Esta iniciativa naci\u00f3 en 2007 en S\u00eddney, Australia, como\u00a0una iniciativa para llamar la atenci\u00f3n sobre la crisis clim\u00e1tica, y desde entonces, es replicada en gran parte del planeta.<\/p>\n<p><a href=\"https:\/\/youtu.be\/pzETTngYDJ4?feature=shared\" target=\"_blank\" rel=\"noopener noreferrer\" data-saferedirecturl=\"https:\/\/www.google.com\/url?q=https:\/\/youtu.be\/pzETTngYDJ4?feature%3Dshared&amp;source=gmail&amp;ust=1743003143570000&amp;usg=AOvVaw2rE4KyxQlcTqv7dskwHVeR\">https:\/\/youtu.be\/pzETTngYDJ4?<wbr \/>feature=shared<\/a><\/p>\n<p><span>Este a\u00f1o la Hora del Planeta tomar\u00e1 un giro musical en nuestro pa\u00eds,\u00a0<b>utilizando la m\u00fasica como un poderoso recurso para conectar emocionalmente con la audiencia<\/b>\u00a0y motivar un compromiso real con la sostenibilidad.<span style=\"color: #212529; font-family: Roboto Slab, serif;\">\u00a0<\/span><\/span>La WWF ha convocado al reconocido compositor chileno<b>\u00a0<\/b><a title=\"https:\/\/www.instagram.com\/tomasbrantmayer\/\" href=\"https:\/\/www.instagram.com\/tomasbrantmayer\/\" target=\"_blank\" rel=\"noopener noreferrer\" data-saferedirecturl=\"https:\/\/www.google.com\/url?q=https:\/\/www.instagram.com\/tomasbrantmayer\/&amp;source=gmail&amp;ust=1743003143570000&amp;usg=AOvVaw01V8Hs_Ik9n8ioMfx5iCkg\"><b>Tom\u00e1s Brantmayer<\/b><\/a>, quien ha compuesto una pieza musical exclusiva para esta edici\u00f3n.\u00a0La melod\u00eda\u00a0<b>ser\u00e1 interpretada por la Orquesta de C\u00e1mara de Valdivia<\/b>\u00a0(OCV), en el Teatro Regional Cervantes, y tambi\u00e9n\u00a0<b>ser\u00e1 transmitida en vivo a trav\u00e9s de la Orquesta Cl\u00e1sica de la Universidad de Santiago<\/b>\u00a0(USACh) en el Aula Magna de dicha universidad. En esta ocasi\u00f3n, la violonchelista belga\u00a0<a title=\"https:\/\/www.instagram.com\/sylviahuangviolin\/?hl=es\" href=\"https:\/\/www.instagram.com\/sylviahuangviolin\/?hl=es\" target=\"_blank\" rel=\"noopener noreferrer\" data-saferedirecturl=\"https:\/\/www.google.com\/url?q=https:\/\/www.instagram.com\/sylviahuangviolin\/?hl%3Des&amp;source=gmail&amp;ust=1743003143570000&amp;usg=AOvVaw0iuXklkpliU4k2pRp3FGdu\">Sylvia Huang<\/a>, reconocida por su talento internacional, tambi\u00e9n formar\u00e1 parte de esta experiencia \u00fanica.<\/p>\n<p><a href=\"https:\/\/www.instagram.com\/p\/DGwT319puf9\/?utm_source=ig_embed&amp;ig_rid=f1873a73-8c87-4b20-922a-2934ed932633\" target=\"_blank\" rel=\"noopener noreferrer\" data-saferedirecturl=\"https:\/\/www.google.com\/url?q=https:\/\/www.instagram.com\/p\/DGwT319puf9\/?utm_source%3Dig_embed%26ig_rid%3Df1873a73-8c87-4b20-922a-2934ed932633&amp;source=gmail&amp;ust=1743003143570000&amp;usg=AOvVaw3OTM2RTwpPiYxoUpzTv7Eu\">https:\/\/www.instagram.com\/p\/<wbr \/>DGwT319puf9\/?utm_source=ig_<wbr \/>embed&amp;ig_rid=f1873a73-8c87-<wbr \/>4b20-922a-2934ed932633<\/a><\/p>\n<p>El 26 de marzo de cada a\u00f1o celebramos el\u00a0D\u00eda Mundial del Clima. Este d\u00eda tiene como objetivo concienciar y sensibilizar a la poblaci\u00f3n de la repercusi\u00f3n que tienen todas nuestras acciones y actividades sobre el clima y su importancia en nuestra sociedad.<\/p>\n<p><a href=\"https:\/\/youtu.be\/vKuO25LuLjk?feature=shared\" target=\"_blank\" rel=\"noopener noreferrer\" data-saferedirecturl=\"https:\/\/www.google.com\/url?q=https:\/\/youtu.be\/vKuO25LuLjk?feature%3Dshared&amp;source=gmail&amp;ust=1743003143570000&amp;usg=AOvVaw0t1YfmR0Erg2UmNA5NW7od\">https:\/\/youtu.be\/vKuO25LuLjk?<wbr \/>feature=shared<\/a><\/p>\n<p>26 de marzo d\u00eda del clima<\/p>\n<\/div>\n<\/div>\n<\/div>\n<\/div>\n\n\t\t<style type=\"text\/css\">\n\t\t\t#gallery-1 {\n\t\t\t\tmargin: auto;\n\t\t\t}\n\t\t\t#gallery-1 .gallery-item {\n\t\t\t\tfloat: left;\n\t\t\t\tmargin-top: 10px;\n\t\t\t\ttext-align: center;\n\t\t\t\twidth: 33%;\n\t\t\t}\n\t\t\t#gallery-1 img {\n\t\t\t\tborder: 2px solid #cfcfcf;\n\t\t\t}\n\t\t\t#gallery-1 .gallery-caption {\n\t\t\t\tmargin-left: 0;\n\t\t\t}\n\t\t\t\/* see gallery_shortcode() in wp-includes\/media.php *\/\n\t\t<\/style>\n\t\t<div id='gallery-1' class='gallery galleryid-17537 gallery-columns-3 gallery-size-large'><dl class='gallery-item'>\n\t\t\t<dt class='gallery-icon landscape'>\n\t\t\t\t<a href='http:\/\/laprovidenciaovalle.cl\/colegio\/calendario-ambiental-de-marzo-un-mes-para-cuidar-el-planeta\/image-3\/'><img width=\"1024\" height=\"1024\" src=\"http:\/\/laprovidenciaovalle.cl\/colegio\/wp-content\/uploads\/2025\/03\/image-3-1024x1024.png\" class=\"attachment-large size-large\" alt=\"\" loading=\"lazy\" srcset=\"http:\/\/laprovidenciaovalle.cl\/colegio\/wp-content\/uploads\/2025\/03\/image-3-1024x1024.png 1024w, http:\/\/laprovidenciaovalle.cl\/colegio\/wp-content\/uploads\/2025\/03\/image-3-300x300.png 300w, http:\/\/laprovidenciaovalle.cl\/colegio\/wp-content\/uploads\/2025\/03\/image-3-150x150.png 150w, http:\/\/laprovidenciaovalle.cl\/colegio\/wp-content\/uploads\/2025\/03\/image-3-768x768.png 768w, http:\/\/laprovidenciaovalle.cl\/colegio\/wp-content\/uploads\/2025\/03\/image-3-1536x1536.png 1536w, http:\/\/laprovidenciaovalle.cl\/colegio\/wp-content\/uploads\/2025\/03\/image-3.png 1599w\" sizes=\"(max-width: 1024px) 100vw, 1024px\" \/><\/a>\n\t\t\t<\/dt><\/dl><dl class='gallery-item'>\n\t\t\t<dt class='gallery-icon landscape'>\n\t\t\t\t<a href='http:\/\/laprovidenciaovalle.cl\/colegio\/calendario-ambiental-de-marzo-un-mes-para-cuidar-el-planeta\/image-2\/'><img width=\"1024\" height=\"602\" src=\"http:\/\/laprovidenciaovalle.cl\/colegio\/wp-content\/uploads\/2025\/03\/image-2-1024x602.png\" class=\"attachment-large size-large\" alt=\"\" loading=\"lazy\" srcset=\"http:\/\/laprovidenciaovalle.cl\/colegio\/wp-content\/uploads\/2025\/03\/image-2-1024x602.png 1024w, http:\/\/laprovidenciaovalle.cl\/colegio\/wp-content\/uploads\/2025\/03\/image-2-300x176.png 300w, http:\/\/laprovidenciaovalle.cl\/colegio\/wp-content\/uploads\/2025\/03\/image-2-768x452.png 768w, http:\/\/laprovidenciaovalle.cl\/colegio\/wp-content\/uploads\/2025\/03\/image-2-150x88.png 150w, http:\/\/laprovidenciaovalle.cl\/colegio\/wp-content\/uploads\/2025\/03\/image-2.png 1068w\" sizes=\"(max-width: 1024px) 100vw, 1024px\" \/><\/a>\n\t\t\t<\/dt><\/dl><dl class='gallery-item'>\n\t\t\t<dt class='gallery-icon landscape'>\n\t\t\t\t<a href='http:\/\/laprovidenciaovalle.cl\/colegio\/calendario-ambiental-de-marzo-un-mes-para-cuidar-el-planeta\/unnamed-1-2\/'><img width=\"460\" height=\"245\" src=\"http:\/\/laprovidenciaovalle.cl\/colegio\/wp-content\/uploads\/2025\/03\/unnamed-1.png\" class=\"attachment-large size-large\" alt=\"\" loading=\"lazy\" srcset=\"http:\/\/laprovidenciaovalle.cl\/colegio\/wp-content\/uploads\/2025\/03\/unnamed-1.png 460w, http:\/\/laprovidenciaovalle.cl\/colegio\/wp-content\/uploads\/2025\/03\/unnamed-1-300x160.png 300w, http:\/\/laprovidenciaovalle.cl\/colegio\/wp-content\/uploads\/2025\/03\/unnamed-1-150x80.png 150w\" sizes=\"(max-width: 460px) 100vw, 460px\" \/><\/a>\n\t\t\t<\/dt><\/dl><br style=\"clear: both\" \/><dl class='gallery-item'>\n\t\t\t<dt class='gallery-icon landscape'>\n\t\t\t\t<a href='http:\/\/laprovidenciaovalle.cl\/colegio\/calendario-ambiental-de-marzo-un-mes-para-cuidar-el-planeta\/image-1\/'><img width=\"780\" height=\"780\" src=\"http:\/\/laprovidenciaovalle.cl\/colegio\/wp-content\/uploads\/2025\/03\/image-1.png\" class=\"attachment-large size-large\" alt=\"\" loading=\"lazy\" srcset=\"http:\/\/laprovidenciaovalle.cl\/colegio\/wp-content\/uploads\/2025\/03\/image-1.png 780w, http:\/\/laprovidenciaovalle.cl\/colegio\/wp-content\/uploads\/2025\/03\/image-1-300x300.png 300w, http:\/\/laprovidenciaovalle.cl\/colegio\/wp-content\/uploads\/2025\/03\/image-1-150x150.png 150w, http:\/\/laprovidenciaovalle.cl\/colegio\/wp-content\/uploads\/2025\/03\/image-1-768x768.png 768w\" sizes=\"(max-width: 780px) 100vw, 780px\" \/><\/a>\n\t\t\t<\/dt><\/dl><dl class='gallery-item'>\n\t\t\t<dt class='gallery-icon landscape'>\n\t\t\t\t<a href='http:\/\/laprovidenciaovalle.cl\/colegio\/calendario-ambiental-de-marzo-un-mes-para-cuidar-el-planeta\/documento-a4-afiche-poster-medio-ambiente-estilo-ilustrado-con-doodles-color-blanco-celeste-rosado-amarillo-post-de-instagram-1\/'><img width=\"1024\" height=\"1024\" src=\"http:\/\/laprovidenciaovalle.cl\/colegio\/wp-content\/uploads\/2025\/03\/Documento-A4-afiche-poster-medio-ambiente-estilo-ilustrado-con-doodles-color-blanco-celeste-rosado-amarillo-Post-de-Instagram-1-1024x1024.png\" class=\"attachment-large size-large\" alt=\"\" loading=\"lazy\" srcset=\"http:\/\/laprovidenciaovalle.cl\/colegio\/wp-content\/uploads\/2025\/03\/Documento-A4-afiche-poster-medio-ambiente-estilo-ilustrado-con-doodles-color-blanco-celeste-rosado-amarillo-Post-de-Instagram-1-1024x1024.png 1024w, http:\/\/laprovidenciaovalle.cl\/colegio\/wp-content\/uploads\/2025\/03\/Documento-A4-afiche-poster-medio-ambiente-estilo-ilustrado-con-doodles-color-blanco-celeste-rosado-amarillo-Post-de-Instagram-1-300x300.png 300w, http:\/\/laprovidenciaovalle.cl\/colegio\/wp-content\/uploads\/2025\/03\/Documento-A4-afiche-poster-medio-ambiente-estilo-ilustrado-con-doodles-color-blanco-celeste-rosado-amarillo-Post-de-Instagram-1-150x150.png 150w, http:\/\/laprovidenciaovalle.cl\/colegio\/wp-content\/uploads\/2025\/03\/Documento-A4-afiche-poster-medio-ambiente-estilo-ilustrado-con-doodles-color-blanco-celeste-rosado-amarillo-Post-de-Instagram-1-768x768.png 768w, http:\/\/laprovidenciaovalle.cl\/colegio\/wp-content\/uploads\/2025\/03\/Documento-A4-afiche-poster-medio-ambiente-estilo-ilustrado-con-doodles-color-blanco-celeste-rosado-amarillo-Post-de-Instagram-1.png 1080w\" sizes=\"(max-width: 1024px) 100vw, 1024px\" \/><\/a>\n\t\t\t<\/dt><\/dl>\n\t\t\t<br style='clear: both' \/>\n\t\t<\/div>\n\n","protected":false},"excerpt":{"rendered":"<p>El equipo de gesti\u00f3n ambiental nos presenta el calendario de ambiental de marzo, dise\u00f1ado para fomentar la conciencia ecol\u00f3gica y la acci\u00f3n sostenible en nuestra comunidad educativa. Este mes est\u00e1 lleno de oportunidades para reflexionar sobre nuestro impacto en el medio ambiente y tomar medidas positivas para protegerlo. Este calendario no solo busca informar, sino tambi\u00e9n involucrar a cada miembro&nbsp;<a href=\"http:\/\/laprovidenciaovalle.cl\/colegio\/calendario-ambiental-de-marzo-un-mes-para-cuidar-el-planeta\/\">[&hellip;]<\/a><\/p>\n","protected":false},"author":5,"featured_media":17539,"comment_status":"closed","ping_status":"closed","sticky":false,"template":"","format":"standard","meta":[],"categories":[40],"tags":[],"yoast_head":"<!-- This site is optimized with the Yoast SEO plugin v15.2 - https:\/\/yoast.com\/wordpress\/plugins\/seo\/ -->\n<title>Calendario Ambiental de Marzo: Un Mes para Cuidar el Planeta - Colegio La Providencia<\/title>\n<meta name=\"robots\" content=\"index, follow, max-snippet:-1, max-image-preview:large, max-video-preview:-1\" \/>\n<link rel=\"canonical\" href=\"http:\/\/laprovidenciaovalle.cl\/colegio\/calendario-ambiental-de-marzo-un-mes-para-cuidar-el-planeta\/\" \/>\n<meta property=\"og:locale\" content=\"es_ES\" \/>\n<meta property=\"og:type\" content=\"article\" \/>\n<meta property=\"og:title\" content=\"Calendario Ambiental de Marzo: Un Mes para Cuidar el Planeta - Colegio La Providencia\" \/>\n<meta property=\"og:description\" content=\"El equipo de gesti\u00f3n ambiental nos presenta el calendario de ambiental de marzo, dise\u00f1ado para fomentar la conciencia ecol\u00f3gica y la acci\u00f3n sostenible en nuestra comunidad educativa. Este mes est\u00e1 lleno de oportunidades para reflexionar sobre nuestro impacto en el medio ambiente y tomar medidas positivas para protegerlo. Este calendario no solo busca informar, sino tambi\u00e9n involucrar a cada miembro&nbsp;[&hellip;]\" \/>\n<meta property=\"og:url\" content=\"http:\/\/laprovidenciaovalle.cl\/colegio\/calendario-ambiental-de-marzo-un-mes-para-cuidar-el-planeta\/\" \/>\n<meta property=\"og:site_name\" content=\"Colegio La Providencia\" \/>\n<meta property=\"article:published_time\" content=\"2025-03-25T15:13:59+00:00\" \/>\n<meta property=\"article:modified_time\" content=\"2025-03-25T16:00:51+00:00\" \/>\n<meta property=\"og:image\" content=\"http:\/\/laprovidenciaovalle.cl\/colegio\/wp-content\/uploads\/2025\/03\/image-2.png\" \/>\n\t<meta property=\"og:image:width\" content=\"1068\" \/>\n\t<meta property=\"og:image:height\" content=\"628\" \/>\n<meta name=\"twitter:card\" content=\"summary_large_image\" \/>\n<meta name=\"twitter:label1\" value=\"Escrito por\">\n\t<meta name=\"twitter:data1\" value=\"Comunicaciones Colegio\">\n\t<meta name=\"twitter:label2\" value=\"Tiempo de lectura\">\n\t<meta name=\"twitter:data2\" value=\"3 minutos\">\n<script type=\"application\/ld+json\" class=\"yoast-schema-graph\">{\"@context\":\"https:\/\/schema.org\",\"@graph\":[{\"@type\":\"WebSite\",\"@id\":\"https:\/\/laprovidenciaovalle.cl\/colegio\/#website\",\"url\":\"https:\/\/laprovidenciaovalle.cl\/colegio\/\",\"name\":\"Colegio La Providencia\",\"description\":\"Ovalle\",\"potentialAction\":[{\"@type\":\"SearchAction\",\"target\":\"https:\/\/laprovidenciaovalle.cl\/colegio\/?s={search_term_string}\",\"query-input\":\"required name=search_term_string\"}],\"inLanguage\":\"es\"},{\"@type\":\"ImageObject\",\"@id\":\"http:\/\/laprovidenciaovalle.cl\/colegio\/calendario-ambiental-de-marzo-un-mes-para-cuidar-el-planeta\/#primaryimage\",\"inLanguage\":\"es\",\"url\":\"http:\/\/laprovidenciaovalle.cl\/colegio\/wp-content\/uploads\/2025\/03\/image-2.png\",\"width\":1068,\"height\":628},{\"@type\":\"WebPage\",\"@id\":\"http:\/\/laprovidenciaovalle.cl\/colegio\/calendario-ambiental-de-marzo-un-mes-para-cuidar-el-planeta\/#webpage\",\"url\":\"http:\/\/laprovidenciaovalle.cl\/colegio\/calendario-ambiental-de-marzo-un-mes-para-cuidar-el-planeta\/\",\"name\":\"Calendario Ambiental de Marzo: Un Mes para Cuidar el Planeta - Colegio La Providencia\",\"isPartOf\":{\"@id\":\"https:\/\/laprovidenciaovalle.cl\/colegio\/#website\"},\"primaryImageOfPage\":{\"@id\":\"http:\/\/laprovidenciaovalle.cl\/colegio\/calendario-ambiental-de-marzo-un-mes-para-cuidar-el-planeta\/#primaryimage\"},\"datePublished\":\"2025-03-25T15:13:59+00:00\",\"dateModified\":\"2025-03-25T16:00:51+00:00\",\"author\":{\"@id\":\"https:\/\/laprovidenciaovalle.cl\/colegio\/#\/schema\/person\/1035f45cd35e1948fb928fcdc74228fe\"},\"inLanguage\":\"es\",\"potentialAction\":[{\"@type\":\"ReadAction\",\"target\":[\"http:\/\/laprovidenciaovalle.cl\/colegio\/calendario-ambiental-de-marzo-un-mes-para-cuidar-el-planeta\/\"]}]},{\"@type\":\"Person\",\"@id\":\"https:\/\/laprovidenciaovalle.cl\/colegio\/#\/schema\/person\/1035f45cd35e1948fb928fcdc74228fe\",\"name\":\"Comunicaciones Colegio\",\"image\":{\"@type\":\"ImageObject\",\"@id\":\"https:\/\/laprovidenciaovalle.cl\/colegio\/#personlogo\",\"inLanguage\":\"es\",\"url\":\"http:\/\/2.gravatar.com\/avatar\/5d0b6f6fbda2852def0dc3e63e38d319?s=96&d=mm&r=g\",\"caption\":\"Comunicaciones Colegio\"}}]}<\/script>\n<!-- \/ Yoast SEO plugin. -->","_links":{"self":[{"href":"http:\/\/laprovidenciaovalle.cl\/colegio\/wp-json\/wp\/v2\/posts\/17537"}],"collection":[{"href":"http:\/\/laprovidenciaovalle.cl\/colegio\/wp-json\/wp\/v2\/posts"}],"about":[{"href":"http:\/\/laprovidenciaovalle.cl\/colegio\/wp-json\/wp\/v2\/types\/post"}],"author":[{"embeddable":true,"href":"http:\/\/laprovidenciaovalle.cl\/colegio\/wp-json\/wp\/v2\/users\/5"}],"replies":[{"embeddable":true,"href":"http:\/\/laprovidenciaovalle.cl\/colegio\/wp-json\/wp\/v2\/comments?post=17537"}],"version-history":[{"count":2,"href":"http:\/\/laprovidenciaovalle.cl\/colegio\/wp-json\/wp\/v2\/posts\/17537\/revisions"}],"predecessor-version":[{"id":17544,"href":"http:\/\/laprovidenciaovalle.cl\/colegio\/wp-json\/wp\/v2\/posts\/17537\/revisions\/17544"}],"wp:featuredmedia":[{"embeddable":true,"href":"http:\/\/laprovidenciaovalle.cl\/colegio\/wp-json\/wp\/v2\/media\/17539"}],"wp:attachment":[{"href":"http:\/\/laprovidenciaovalle.cl\/colegio\/wp-json\/wp\/v2\/media?parent=17537"}],"wp:term":[{"taxonomy":"category","embeddable":true,"href":"http:\/\/laprovidenciaovalle.cl\/colegio\/wp-json\/wp\/v2\/categories?post=17537"},{"taxonomy":"post_tag","embeddable":true,"href":"http:\/\/laprovidenciaovalle.cl\/colegio\/wp-json\/wp\/v2\/tags?post=17537"}],"curies":[{"name":"wp","href":"https:\/\/api.w.org\/{rel}","templated":true}]}}