{"id":17547,"date":"2025-03-26T09:21:24","date_gmt":"2025-03-26T12:21:24","guid":{"rendered":"http:\/\/laprovidenciaovalle.cl\/colegio\/?p=17547"},"modified":"2025-03-26T12:36:25","modified_gmt":"2025-03-26T15:36:25","slug":"la-magia-de-las-flores-amarillas-un-encuentro-de-alegria-en-el-colegio-la-providencia","status":"publish","type":"post","link":"http:\/\/laprovidenciaovalle.cl\/colegio\/la-magia-de-las-flores-amarillas-un-encuentro-de-alegria-en-el-colegio-la-providencia\/","title":{"rendered":"La Magia de las Flores Amarillas: Un Encuentro de Alegr\u00eda en el Colegio La Providencia"},"content":{"rendered":"<p>En una actividad llena de colores y significados, las estudiantes del 3\u00b0B de la especialidad de P\u00e1rvulos del Colegio La Providencia de Ovalle organizaron una emotiva celebraci\u00f3n del <strong>D\u00eda de Regalo de Flores Amarillas<\/strong>. Esta iniciativa busc\u00f3 destacar la belleza y el simbolismo de las flores amarillas, que representan la amistad, la alegr\u00eda y la felicidad.<\/p>\n<p>Durante los recreos, en el Patio San Jos\u00e9, se instalaron stands donde se ofrecieron girasoles confeccionados a mano y tarjetas de saludos personalizadas. Adem\u00e1s, las estudiantes ofrecieron un servicio especial de entrega en las salas de clases que inclu\u00eda m\u00fasica y chocolates, creando momentos memorables para quienes participaron.<\/p>\n<p>Esta actividad fue impulsada por las estudiantes en conjunto con su profesora, Silvia Tello, con el prop\u00f3sito de fortalecer los lazos de amistad entre las j\u00f3venes y promover un ambiente de respeto, colaboraci\u00f3n y sentido de pertenencia en la comunidad educativa. La celebraci\u00f3n no solo foment\u00f3 la interacci\u00f3n social, sino que tambi\u00e9n contribuy\u00f3 al desarrollo emocional de las estudiantes.<\/p>\n<p>El origen de esta tradici\u00f3n proviene de un fen\u00f3meno viral en redes sociales que, con su mensaje de alegr\u00eda y conexi\u00f3n, ha traspasado fronteras para convertirse en una pr\u00e1ctica arraigada en nuestro pa\u00eds. Las estudiantes del Colegio La Providencia supieron aprovechar esta oportunidad y transformarla en un \u00e9xito dentro del establecimiento.<\/p>\n<p>Sin duda, el <strong>D\u00eda de Regalo de Flores Amarillas<\/strong> se consolid\u00f3 como una actividad que ilumina corazones y fortalece los v\u00ednculos en la comunidad escolar.<\/p>\n<p><img loading=\"lazy\" class=\"alignnone size-medium wp-image-17550\" src=\"http:\/\/laprovidenciaovalle.cl\/colegio\/wp-content\/uploads\/2025\/03\/PHOTO-2025-03-21-09-46-19-2-169x300.jpg\" alt=\"\" width=\"169\" height=\"300\" srcset=\"http:\/\/laprovidenciaovalle.cl\/colegio\/wp-content\/uploads\/2025\/03\/PHOTO-2025-03-21-09-46-19-2-169x300.jpg 169w, http:\/\/laprovidenciaovalle.cl\/colegio\/wp-content\/uploads\/2025\/03\/PHOTO-2025-03-21-09-46-19-2-576x1024.jpg 576w, http:\/\/laprovidenciaovalle.cl\/colegio\/wp-content\/uploads\/2025\/03\/PHOTO-2025-03-21-09-46-19-2-768x1366.jpg 768w, http:\/\/laprovidenciaovalle.cl\/colegio\/wp-content\/uploads\/2025\/03\/PHOTO-2025-03-21-09-46-19-2-864x1536.jpg 864w, http:\/\/laprovidenciaovalle.cl\/colegio\/wp-content\/uploads\/2025\/03\/PHOTO-2025-03-21-09-46-19-2-84x150.jpg 84w, http:\/\/laprovidenciaovalle.cl\/colegio\/wp-content\/uploads\/2025\/03\/PHOTO-2025-03-21-09-46-19-2.jpg 899w\" sizes=\"(max-width: 169px) 100vw, 169px\" \/> <img loading=\"lazy\" class=\"alignnone size-medium wp-image-17551\" src=\"http:\/\/laprovidenciaovalle.cl\/colegio\/wp-content\/uploads\/2025\/03\/PHOTO-2025-03-21-09-46-22-2-169x300.jpg\" alt=\"\" width=\"169\" height=\"300\" srcset=\"http:\/\/laprovidenciaovalle.cl\/colegio\/wp-content\/uploads\/2025\/03\/PHOTO-2025-03-21-09-46-22-2-169x300.jpg 169w, http:\/\/laprovidenciaovalle.cl\/colegio\/wp-content\/uploads\/2025\/03\/PHOTO-2025-03-21-09-46-22-2-576x1024.jpg 576w, http:\/\/laprovidenciaovalle.cl\/colegio\/wp-content\/uploads\/2025\/03\/PHOTO-2025-03-21-09-46-22-2-768x1366.jpg 768w, http:\/\/laprovidenciaovalle.cl\/colegio\/wp-content\/uploads\/2025\/03\/PHOTO-2025-03-21-09-46-22-2-864x1536.jpg 864w, http:\/\/laprovidenciaovalle.cl\/colegio\/wp-content\/uploads\/2025\/03\/PHOTO-2025-03-21-09-46-22-2-84x150.jpg 84w, http:\/\/laprovidenciaovalle.cl\/colegio\/wp-content\/uploads\/2025\/03\/PHOTO-2025-03-21-09-46-22-2.jpg 899w\" sizes=\"(max-width: 169px) 100vw, 169px\" \/> <img loading=\"lazy\" class=\"alignnone size-medium wp-image-17552\" src=\"http:\/\/laprovidenciaovalle.cl\/colegio\/wp-content\/uploads\/2025\/03\/PHOTO-2025-03-21-09-46-23-3-169x300.jpg\" alt=\"\" width=\"169\" height=\"300\" srcset=\"http:\/\/laprovidenciaovalle.cl\/colegio\/wp-content\/uploads\/2025\/03\/PHOTO-2025-03-21-09-46-23-3-169x300.jpg 169w, http:\/\/laprovidenciaovalle.cl\/colegio\/wp-content\/uploads\/2025\/03\/PHOTO-2025-03-21-09-46-23-3-576x1024.jpg 576w, http:\/\/laprovidenciaovalle.cl\/colegio\/wp-content\/uploads\/2025\/03\/PHOTO-2025-03-21-09-46-23-3-768x1366.jpg 768w, http:\/\/laprovidenciaovalle.cl\/colegio\/wp-content\/uploads\/2025\/03\/PHOTO-2025-03-21-09-46-23-3-864x1536.jpg 864w, http:\/\/laprovidenciaovalle.cl\/colegio\/wp-content\/uploads\/2025\/03\/PHOTO-2025-03-21-09-46-23-3-84x150.jpg 84w, http:\/\/laprovidenciaovalle.cl\/colegio\/wp-content\/uploads\/2025\/03\/PHOTO-2025-03-21-09-46-23-3.jpg 899w\" sizes=\"(max-width: 169px) 100vw, 169px\" \/> <img loading=\"lazy\" class=\"alignnone size-medium wp-image-17553\" src=\"http:\/\/laprovidenciaovalle.cl\/colegio\/wp-content\/uploads\/2025\/03\/PHOTO-2025-03-21-09-46-20-2-169x300.jpg\" alt=\"\" width=\"169\" height=\"300\" srcset=\"http:\/\/laprovidenciaovalle.cl\/colegio\/wp-content\/uploads\/2025\/03\/PHOTO-2025-03-21-09-46-20-2-169x300.jpg 169w, http:\/\/laprovidenciaovalle.cl\/colegio\/wp-content\/uploads\/2025\/03\/PHOTO-2025-03-21-09-46-20-2-576x1024.jpg 576w, http:\/\/laprovidenciaovalle.cl\/colegio\/wp-content\/uploads\/2025\/03\/PHOTO-2025-03-21-09-46-20-2-768x1366.jpg 768w, http:\/\/laprovidenciaovalle.cl\/colegio\/wp-content\/uploads\/2025\/03\/PHOTO-2025-03-21-09-46-20-2-864x1536.jpg 864w, http:\/\/laprovidenciaovalle.cl\/colegio\/wp-content\/uploads\/2025\/03\/PHOTO-2025-03-21-09-46-20-2-84x150.jpg 84w, http:\/\/laprovidenciaovalle.cl\/colegio\/wp-content\/uploads\/2025\/03\/PHOTO-2025-03-21-09-46-20-2.jpg 899w\" sizes=\"(max-width: 169px) 100vw, 169px\" \/> <img loading=\"lazy\" class=\"alignnone size-medium wp-image-17554\" src=\"http:\/\/laprovidenciaovalle.cl\/colegio\/wp-content\/uploads\/2025\/03\/PHOTO-2025-03-21-09-46-18-1-169x300.jpg\" alt=\"\" width=\"169\" height=\"300\" srcset=\"http:\/\/laprovidenciaovalle.cl\/colegio\/wp-content\/uploads\/2025\/03\/PHOTO-2025-03-21-09-46-18-1-169x300.jpg 169w, http:\/\/laprovidenciaovalle.cl\/colegio\/wp-content\/uploads\/2025\/03\/PHOTO-2025-03-21-09-46-18-1-576x1024.jpg 576w, http:\/\/laprovidenciaovalle.cl\/colegio\/wp-content\/uploads\/2025\/03\/PHOTO-2025-03-21-09-46-18-1-768x1366.jpg 768w, http:\/\/laprovidenciaovalle.cl\/colegio\/wp-content\/uploads\/2025\/03\/PHOTO-2025-03-21-09-46-18-1-864x1536.jpg 864w, http:\/\/laprovidenciaovalle.cl\/colegio\/wp-content\/uploads\/2025\/03\/PHOTO-2025-03-21-09-46-18-1-84x150.jpg 84w, http:\/\/laprovidenciaovalle.cl\/colegio\/wp-content\/uploads\/2025\/03\/PHOTO-2025-03-21-09-46-18-1.jpg 899w\" sizes=\"(max-width: 169px) 100vw, 169px\" \/> <img loading=\"lazy\" class=\"alignnone size-medium wp-image-17555\" src=\"http:\/\/laprovidenciaovalle.cl\/colegio\/wp-content\/uploads\/2025\/03\/PHOTO-2025-03-21-09-46-18-169x300.jpg\" alt=\"\" width=\"169\" height=\"300\" srcset=\"http:\/\/laprovidenciaovalle.cl\/colegio\/wp-content\/uploads\/2025\/03\/PHOTO-2025-03-21-09-46-18-169x300.jpg 169w, http:\/\/laprovidenciaovalle.cl\/colegio\/wp-content\/uploads\/2025\/03\/PHOTO-2025-03-21-09-46-18-576x1024.jpg 576w, http:\/\/laprovidenciaovalle.cl\/colegio\/wp-content\/uploads\/2025\/03\/PHOTO-2025-03-21-09-46-18-768x1366.jpg 768w, http:\/\/laprovidenciaovalle.cl\/colegio\/wp-content\/uploads\/2025\/03\/PHOTO-2025-03-21-09-46-18-864x1536.jpg 864w, http:\/\/laprovidenciaovalle.cl\/colegio\/wp-content\/uploads\/2025\/03\/PHOTO-2025-03-21-09-46-18-84x150.jpg 84w, http:\/\/laprovidenciaovalle.cl\/colegio\/wp-content\/uploads\/2025\/03\/PHOTO-2025-03-21-09-46-18.jpg 899w\" sizes=\"(max-width: 169px) 100vw, 169px\" \/> <img loading=\"lazy\" class=\"alignnone size-medium wp-image-17556\" src=\"http:\/\/laprovidenciaovalle.cl\/colegio\/wp-content\/uploads\/2025\/03\/PHOTO-2025-03-21-09-46-21-3-169x300.jpg\" alt=\"\" width=\"169\" height=\"300\" srcset=\"http:\/\/laprovidenciaovalle.cl\/colegio\/wp-content\/uploads\/2025\/03\/PHOTO-2025-03-21-09-46-21-3-169x300.jpg 169w, http:\/\/laprovidenciaovalle.cl\/colegio\/wp-content\/uploads\/2025\/03\/PHOTO-2025-03-21-09-46-21-3-576x1024.jpg 576w, http:\/\/laprovidenciaovalle.cl\/colegio\/wp-content\/uploads\/2025\/03\/PHOTO-2025-03-21-09-46-21-3-768x1366.jpg 768w, http:\/\/laprovidenciaovalle.cl\/colegio\/wp-content\/uploads\/2025\/03\/PHOTO-2025-03-21-09-46-21-3-864x1536.jpg 864w, http:\/\/laprovidenciaovalle.cl\/colegio\/wp-content\/uploads\/2025\/03\/PHOTO-2025-03-21-09-46-21-3-84x150.jpg 84w, http:\/\/laprovidenciaovalle.cl\/colegio\/wp-content\/uploads\/2025\/03\/PHOTO-2025-03-21-09-46-21-3.jpg 899w\" sizes=\"(max-width: 169px) 100vw, 169px\" \/> <img loading=\"lazy\" class=\"alignnone size-medium wp-image-17557\" src=\"http:\/\/laprovidenciaovalle.cl\/colegio\/wp-content\/uploads\/2025\/03\/PHOTO-2025-03-21-09-46-19-1-169x300.jpg\" alt=\"\" width=\"169\" height=\"300\" srcset=\"http:\/\/laprovidenciaovalle.cl\/colegio\/wp-content\/uploads\/2025\/03\/PHOTO-2025-03-21-09-46-19-1-169x300.jpg 169w, http:\/\/laprovidenciaovalle.cl\/colegio\/wp-content\/uploads\/2025\/03\/PHOTO-2025-03-21-09-46-19-1-576x1024.jpg 576w, http:\/\/laprovidenciaovalle.cl\/colegio\/wp-content\/uploads\/2025\/03\/PHOTO-2025-03-21-09-46-19-1-768x1366.jpg 768w, http:\/\/laprovidenciaovalle.cl\/colegio\/wp-content\/uploads\/2025\/03\/PHOTO-2025-03-21-09-46-19-1-864x1536.jpg 864w, http:\/\/laprovidenciaovalle.cl\/colegio\/wp-content\/uploads\/2025\/03\/PHOTO-2025-03-21-09-46-19-1-84x150.jpg 84w, http:\/\/laprovidenciaovalle.cl\/colegio\/wp-content\/uploads\/2025\/03\/PHOTO-2025-03-21-09-46-19-1.jpg 899w\" sizes=\"(max-width: 169px) 100vw, 169px\" \/> <img loading=\"lazy\" class=\"alignnone size-medium wp-image-17558\" src=\"http:\/\/laprovidenciaovalle.cl\/colegio\/wp-content\/uploads\/2025\/03\/PHOTO-2025-03-21-09-46-23-2-169x300.jpg\" alt=\"\" width=\"169\" height=\"300\" srcset=\"http:\/\/laprovidenciaovalle.cl\/colegio\/wp-content\/uploads\/2025\/03\/PHOTO-2025-03-21-09-46-23-2-169x300.jpg 169w, http:\/\/laprovidenciaovalle.cl\/colegio\/wp-content\/uploads\/2025\/03\/PHOTO-2025-03-21-09-46-23-2-576x1024.jpg 576w, http:\/\/laprovidenciaovalle.cl\/colegio\/wp-content\/uploads\/2025\/03\/PHOTO-2025-03-21-09-46-23-2-768x1366.jpg 768w, http:\/\/laprovidenciaovalle.cl\/colegio\/wp-content\/uploads\/2025\/03\/PHOTO-2025-03-21-09-46-23-2-864x1536.jpg 864w, http:\/\/laprovidenciaovalle.cl\/colegio\/wp-content\/uploads\/2025\/03\/PHOTO-2025-03-21-09-46-23-2-84x150.jpg 84w, http:\/\/laprovidenciaovalle.cl\/colegio\/wp-content\/uploads\/2025\/03\/PHOTO-2025-03-21-09-46-23-2.jpg 899w\" sizes=\"(max-width: 169px) 100vw, 169px\" \/> <img loading=\"lazy\" class=\"alignnone size-medium wp-image-17559\" src=\"http:\/\/laprovidenciaovalle.cl\/colegio\/wp-content\/uploads\/2025\/03\/PHOTO-2025-03-21-09-46-23-1-169x300.jpg\" alt=\"\" width=\"169\" height=\"300\" srcset=\"http:\/\/laprovidenciaovalle.cl\/colegio\/wp-content\/uploads\/2025\/03\/PHOTO-2025-03-21-09-46-23-1-169x300.jpg 169w, http:\/\/laprovidenciaovalle.cl\/colegio\/wp-content\/uploads\/2025\/03\/PHOTO-2025-03-21-09-46-23-1-576x1024.jpg 576w, http:\/\/laprovidenciaovalle.cl\/colegio\/wp-content\/uploads\/2025\/03\/PHOTO-2025-03-21-09-46-23-1-768x1366.jpg 768w, http:\/\/laprovidenciaovalle.cl\/colegio\/wp-content\/uploads\/2025\/03\/PHOTO-2025-03-21-09-46-23-1-864x1536.jpg 864w, http:\/\/laprovidenciaovalle.cl\/colegio\/wp-content\/uploads\/2025\/03\/PHOTO-2025-03-21-09-46-23-1-84x150.jpg 84w, http:\/\/laprovidenciaovalle.cl\/colegio\/wp-content\/uploads\/2025\/03\/PHOTO-2025-03-21-09-46-23-1.jpg 899w\" sizes=\"(max-width: 169px) 100vw, 169px\" \/> <img loading=\"lazy\" class=\"alignnone size-medium wp-image-17560\" src=\"http:\/\/laprovidenciaovalle.cl\/colegio\/wp-content\/uploads\/2025\/03\/PHOTO-2025-03-21-09-49-04-300x169.jpg\" alt=\"\" width=\"300\" height=\"169\" srcset=\"http:\/\/laprovidenciaovalle.cl\/colegio\/wp-content\/uploads\/2025\/03\/PHOTO-2025-03-21-09-49-04-300x169.jpg 300w, http:\/\/laprovidenciaovalle.cl\/colegio\/wp-content\/uploads\/2025\/03\/PHOTO-2025-03-21-09-49-04-1024x576.jpg 1024w, http:\/\/laprovidenciaovalle.cl\/colegio\/wp-content\/uploads\/2025\/03\/PHOTO-2025-03-21-09-49-04-768x432.jpg 768w, http:\/\/laprovidenciaovalle.cl\/colegio\/wp-content\/uploads\/2025\/03\/PHOTO-2025-03-21-09-49-04-1536x864.jpg 1536w, http:\/\/laprovidenciaovalle.cl\/colegio\/wp-content\/uploads\/2025\/03\/PHOTO-2025-03-21-09-49-04-150x84.jpg 150w, http:\/\/laprovidenciaovalle.cl\/colegio\/wp-content\/uploads\/2025\/03\/PHOTO-2025-03-21-09-49-04.jpg 1599w\" sizes=\"(max-width: 300px) 100vw, 300px\" \/> <img loading=\"lazy\" class=\"alignnone size-medium wp-image-17561\" src=\"http:\/\/laprovidenciaovalle.cl\/colegio\/wp-content\/uploads\/2025\/03\/PHOTO-2025-03-21-09-46-19-169x300.jpg\" alt=\"\" width=\"169\" height=\"300\" srcset=\"http:\/\/laprovidenciaovalle.cl\/colegio\/wp-content\/uploads\/2025\/03\/PHOTO-2025-03-21-09-46-19-169x300.jpg 169w, http:\/\/laprovidenciaovalle.cl\/colegio\/wp-content\/uploads\/2025\/03\/PHOTO-2025-03-21-09-46-19-576x1024.jpg 576w, http:\/\/laprovidenciaovalle.cl\/colegio\/wp-content\/uploads\/2025\/03\/PHOTO-2025-03-21-09-46-19-768x1366.jpg 768w, http:\/\/laprovidenciaovalle.cl\/colegio\/wp-content\/uploads\/2025\/03\/PHOTO-2025-03-21-09-46-19-864x1536.jpg 864w, http:\/\/laprovidenciaovalle.cl\/colegio\/wp-content\/uploads\/2025\/03\/PHOTO-2025-03-21-09-46-19-84x150.jpg 84w, http:\/\/laprovidenciaovalle.cl\/colegio\/wp-content\/uploads\/2025\/03\/PHOTO-2025-03-21-09-46-19.jpg 899w\" sizes=\"(max-width: 169px) 100vw, 169px\" \/> <img loading=\"lazy\" class=\"alignnone size-medium wp-image-17562\" src=\"http:\/\/laprovidenciaovalle.cl\/colegio\/wp-content\/uploads\/2025\/03\/PHOTO-2025-03-21-09-46-23-169x300.jpg\" alt=\"\" width=\"169\" height=\"300\" srcset=\"http:\/\/laprovidenciaovalle.cl\/colegio\/wp-content\/uploads\/2025\/03\/PHOTO-2025-03-21-09-46-23-169x300.jpg 169w, http:\/\/laprovidenciaovalle.cl\/colegio\/wp-content\/uploads\/2025\/03\/PHOTO-2025-03-21-09-46-23-576x1024.jpg 576w, http:\/\/laprovidenciaovalle.cl\/colegio\/wp-content\/uploads\/2025\/03\/PHOTO-2025-03-21-09-46-23-768x1366.jpg 768w, http:\/\/laprovidenciaovalle.cl\/colegio\/wp-content\/uploads\/2025\/03\/PHOTO-2025-03-21-09-46-23-864x1536.jpg 864w, http:\/\/laprovidenciaovalle.cl\/colegio\/wp-content\/uploads\/2025\/03\/PHOTO-2025-03-21-09-46-23-84x150.jpg 84w, http:\/\/laprovidenciaovalle.cl\/colegio\/wp-content\/uploads\/2025\/03\/PHOTO-2025-03-21-09-46-23.jpg 899w\" sizes=\"(max-width: 169px) 100vw, 169px\" \/> <img loading=\"lazy\" class=\"alignnone size-medium wp-image-17563\" src=\"http:\/\/laprovidenciaovalle.cl\/colegio\/wp-content\/uploads\/2025\/03\/PHOTO-2025-03-21-09-46-20-1-169x300.jpg\" alt=\"\" width=\"169\" height=\"300\" srcset=\"http:\/\/laprovidenciaovalle.cl\/colegio\/wp-content\/uploads\/2025\/03\/PHOTO-2025-03-21-09-46-20-1-169x300.jpg 169w, http:\/\/laprovidenciaovalle.cl\/colegio\/wp-content\/uploads\/2025\/03\/PHOTO-2025-03-21-09-46-20-1-576x1024.jpg 576w, http:\/\/laprovidenciaovalle.cl\/colegio\/wp-content\/uploads\/2025\/03\/PHOTO-2025-03-21-09-46-20-1-768x1366.jpg 768w, http:\/\/laprovidenciaovalle.cl\/colegio\/wp-content\/uploads\/2025\/03\/PHOTO-2025-03-21-09-46-20-1-864x1536.jpg 864w, http:\/\/laprovidenciaovalle.cl\/colegio\/wp-content\/uploads\/2025\/03\/PHOTO-2025-03-21-09-46-20-1-84x150.jpg 84w, http:\/\/laprovidenciaovalle.cl\/colegio\/wp-content\/uploads\/2025\/03\/PHOTO-2025-03-21-09-46-20-1.jpg 899w\" sizes=\"(max-width: 169px) 100vw, 169px\" \/> <img loading=\"lazy\" class=\"alignnone size-medium wp-image-17564\" src=\"http:\/\/laprovidenciaovalle.cl\/colegio\/wp-content\/uploads\/2025\/03\/PHOTO-2025-03-21-09-46-24-1-169x300.jpg\" alt=\"\" width=\"169\" height=\"300\" srcset=\"http:\/\/laprovidenciaovalle.cl\/colegio\/wp-content\/uploads\/2025\/03\/PHOTO-2025-03-21-09-46-24-1-169x300.jpg 169w, http:\/\/laprovidenciaovalle.cl\/colegio\/wp-content\/uploads\/2025\/03\/PHOTO-2025-03-21-09-46-24-1-576x1024.jpg 576w, http:\/\/laprovidenciaovalle.cl\/colegio\/wp-content\/uploads\/2025\/03\/PHOTO-2025-03-21-09-46-24-1-768x1366.jpg 768w, http:\/\/laprovidenciaovalle.cl\/colegio\/wp-content\/uploads\/2025\/03\/PHOTO-2025-03-21-09-46-24-1-864x1536.jpg 864w, http:\/\/laprovidenciaovalle.cl\/colegio\/wp-content\/uploads\/2025\/03\/PHOTO-2025-03-21-09-46-24-1-84x150.jpg 84w, http:\/\/laprovidenciaovalle.cl\/colegio\/wp-content\/uploads\/2025\/03\/PHOTO-2025-03-21-09-46-24-1.jpg 899w\" sizes=\"(max-width: 169px) 100vw, 169px\" \/> <img loading=\"lazy\" class=\"alignnone size-medium wp-image-17565\" src=\"http:\/\/laprovidenciaovalle.cl\/colegio\/wp-content\/uploads\/2025\/03\/PHOTO-2025-03-21-09-46-22-1-169x300.jpg\" alt=\"\" width=\"169\" height=\"300\" srcset=\"http:\/\/laprovidenciaovalle.cl\/colegio\/wp-content\/uploads\/2025\/03\/PHOTO-2025-03-21-09-46-22-1-169x300.jpg 169w, http:\/\/laprovidenciaovalle.cl\/colegio\/wp-content\/uploads\/2025\/03\/PHOTO-2025-03-21-09-46-22-1-576x1024.jpg 576w, http:\/\/laprovidenciaovalle.cl\/colegio\/wp-content\/uploads\/2025\/03\/PHOTO-2025-03-21-09-46-22-1-768x1366.jpg 768w, http:\/\/laprovidenciaovalle.cl\/colegio\/wp-content\/uploads\/2025\/03\/PHOTO-2025-03-21-09-46-22-1-864x1536.jpg 864w, http:\/\/laprovidenciaovalle.cl\/colegio\/wp-content\/uploads\/2025\/03\/PHOTO-2025-03-21-09-46-22-1-84x150.jpg 84w, http:\/\/laprovidenciaovalle.cl\/colegio\/wp-content\/uploads\/2025\/03\/PHOTO-2025-03-21-09-46-22-1.jpg 899w\" sizes=\"(max-width: 169px) 100vw, 169px\" \/> <img loading=\"lazy\" class=\"alignnone size-medium wp-image-17566\" src=\"http:\/\/laprovidenciaovalle.cl\/colegio\/wp-content\/uploads\/2025\/03\/PHOTO-2025-03-21-09-46-21-2-169x300.jpg\" alt=\"\" width=\"169\" height=\"300\" srcset=\"http:\/\/laprovidenciaovalle.cl\/colegio\/wp-content\/uploads\/2025\/03\/PHOTO-2025-03-21-09-46-21-2-169x300.jpg 169w, http:\/\/laprovidenciaovalle.cl\/colegio\/wp-content\/uploads\/2025\/03\/PHOTO-2025-03-21-09-46-21-2-576x1024.jpg 576w, http:\/\/laprovidenciaovalle.cl\/colegio\/wp-content\/uploads\/2025\/03\/PHOTO-2025-03-21-09-46-21-2-768x1366.jpg 768w, http:\/\/laprovidenciaovalle.cl\/colegio\/wp-content\/uploads\/2025\/03\/PHOTO-2025-03-21-09-46-21-2-864x1536.jpg 864w, http:\/\/laprovidenciaovalle.cl\/colegio\/wp-content\/uploads\/2025\/03\/PHOTO-2025-03-21-09-46-21-2-84x150.jpg 84w, http:\/\/laprovidenciaovalle.cl\/colegio\/wp-content\/uploads\/2025\/03\/PHOTO-2025-03-21-09-46-21-2.jpg 899w\" sizes=\"(max-width: 169px) 100vw, 169px\" \/> <img loading=\"lazy\" class=\"alignnone size-medium wp-image-17567\" src=\"http:\/\/laprovidenciaovalle.cl\/colegio\/wp-content\/uploads\/2025\/03\/PHOTO-2025-03-21-09-46-22-169x300.jpg\" alt=\"\" width=\"169\" height=\"300\" srcset=\"http:\/\/laprovidenciaovalle.cl\/colegio\/wp-content\/uploads\/2025\/03\/PHOTO-2025-03-21-09-46-22-169x300.jpg 169w, http:\/\/laprovidenciaovalle.cl\/colegio\/wp-content\/uploads\/2025\/03\/PHOTO-2025-03-21-09-46-22-576x1024.jpg 576w, http:\/\/laprovidenciaovalle.cl\/colegio\/wp-content\/uploads\/2025\/03\/PHOTO-2025-03-21-09-46-22-768x1366.jpg 768w, http:\/\/laprovidenciaovalle.cl\/colegio\/wp-content\/uploads\/2025\/03\/PHOTO-2025-03-21-09-46-22-864x1536.jpg 864w, http:\/\/laprovidenciaovalle.cl\/colegio\/wp-content\/uploads\/2025\/03\/PHOTO-2025-03-21-09-46-22-84x150.jpg 84w, http:\/\/laprovidenciaovalle.cl\/colegio\/wp-content\/uploads\/2025\/03\/PHOTO-2025-03-21-09-46-22.jpg 899w\" sizes=\"(max-width: 169px) 100vw, 169px\" \/> <img loading=\"lazy\" class=\"alignnone size-medium wp-image-17568\" src=\"http:\/\/laprovidenciaovalle.cl\/colegio\/wp-content\/uploads\/2025\/03\/PHOTO-2025-03-21-09-46-21-1-169x300.jpg\" alt=\"\" width=\"169\" height=\"300\" srcset=\"http:\/\/laprovidenciaovalle.cl\/colegio\/wp-content\/uploads\/2025\/03\/PHOTO-2025-03-21-09-46-21-1-169x300.jpg 169w, http:\/\/laprovidenciaovalle.cl\/colegio\/wp-content\/uploads\/2025\/03\/PHOTO-2025-03-21-09-46-21-1-576x1024.jpg 576w, http:\/\/laprovidenciaovalle.cl\/colegio\/wp-content\/uploads\/2025\/03\/PHOTO-2025-03-21-09-46-21-1-768x1366.jpg 768w, http:\/\/laprovidenciaovalle.cl\/colegio\/wp-content\/uploads\/2025\/03\/PHOTO-2025-03-21-09-46-21-1-864x1536.jpg 864w, http:\/\/laprovidenciaovalle.cl\/colegio\/wp-content\/uploads\/2025\/03\/PHOTO-2025-03-21-09-46-21-1-84x150.jpg 84w, http:\/\/laprovidenciaovalle.cl\/colegio\/wp-content\/uploads\/2025\/03\/PHOTO-2025-03-21-09-46-21-1.jpg 899w\" sizes=\"(max-width: 169px) 100vw, 169px\" \/> <img loading=\"lazy\" class=\"alignnone size-medium wp-image-17569\" src=\"http:\/\/laprovidenciaovalle.cl\/colegio\/wp-content\/uploads\/2025\/03\/PHOTO-2025-03-21-09-46-21-169x300.jpg\" alt=\"\" width=\"169\" height=\"300\" srcset=\"http:\/\/laprovidenciaovalle.cl\/colegio\/wp-content\/uploads\/2025\/03\/PHOTO-2025-03-21-09-46-21-169x300.jpg 169w, http:\/\/laprovidenciaovalle.cl\/colegio\/wp-content\/uploads\/2025\/03\/PHOTO-2025-03-21-09-46-21-576x1024.jpg 576w, http:\/\/laprovidenciaovalle.cl\/colegio\/wp-content\/uploads\/2025\/03\/PHOTO-2025-03-21-09-46-21-768x1366.jpg 768w, http:\/\/laprovidenciaovalle.cl\/colegio\/wp-content\/uploads\/2025\/03\/PHOTO-2025-03-21-09-46-21-864x1536.jpg 864w, http:\/\/laprovidenciaovalle.cl\/colegio\/wp-content\/uploads\/2025\/03\/PHOTO-2025-03-21-09-46-21-84x150.jpg 84w, http:\/\/laprovidenciaovalle.cl\/colegio\/wp-content\/uploads\/2025\/03\/PHOTO-2025-03-21-09-46-21.jpg 899w\" sizes=\"(max-width: 169px) 100vw, 169px\" \/> <img loading=\"lazy\" class=\"alignnone size-medium wp-image-17570\" src=\"http:\/\/laprovidenciaovalle.cl\/colegio\/wp-content\/uploads\/2025\/03\/PHOTO-2025-03-21-09-46-24-169x300.jpg\" alt=\"\" width=\"169\" height=\"300\" srcset=\"http:\/\/laprovidenciaovalle.cl\/colegio\/wp-content\/uploads\/2025\/03\/PHOTO-2025-03-21-09-46-24-169x300.jpg 169w, http:\/\/laprovidenciaovalle.cl\/colegio\/wp-content\/uploads\/2025\/03\/PHOTO-2025-03-21-09-46-24-576x1024.jpg 576w, http:\/\/laprovidenciaovalle.cl\/colegio\/wp-content\/uploads\/2025\/03\/PHOTO-2025-03-21-09-46-24-768x1366.jpg 768w, http:\/\/laprovidenciaovalle.cl\/colegio\/wp-content\/uploads\/2025\/03\/PHOTO-2025-03-21-09-46-24-864x1536.jpg 864w, http:\/\/laprovidenciaovalle.cl\/colegio\/wp-content\/uploads\/2025\/03\/PHOTO-2025-03-21-09-46-24-84x150.jpg 84w, http:\/\/laprovidenciaovalle.cl\/colegio\/wp-content\/uploads\/2025\/03\/PHOTO-2025-03-21-09-46-24.jpg 899w\" sizes=\"(max-width: 169px) 100vw, 169px\" \/> <img loading=\"lazy\" class=\"alignnone size-medium wp-image-17571\" src=\"http:\/\/laprovidenciaovalle.cl\/colegio\/wp-content\/uploads\/2025\/03\/PHOTO-2025-03-21-09-46-20-169x300.jpg\" alt=\"\" width=\"169\" height=\"300\" srcset=\"http:\/\/laprovidenciaovalle.cl\/colegio\/wp-content\/uploads\/2025\/03\/PHOTO-2025-03-21-09-46-20-169x300.jpg 169w, http:\/\/laprovidenciaovalle.cl\/colegio\/wp-content\/uploads\/2025\/03\/PHOTO-2025-03-21-09-46-20-576x1024.jpg 576w, http:\/\/laprovidenciaovalle.cl\/colegio\/wp-content\/uploads\/2025\/03\/PHOTO-2025-03-21-09-46-20-768x1366.jpg 768w, http:\/\/laprovidenciaovalle.cl\/colegio\/wp-content\/uploads\/2025\/03\/PHOTO-2025-03-21-09-46-20-864x1536.jpg 864w, http:\/\/laprovidenciaovalle.cl\/colegio\/wp-content\/uploads\/2025\/03\/PHOTO-2025-03-21-09-46-20-84x150.jpg 84w, http:\/\/laprovidenciaovalle.cl\/colegio\/wp-content\/uploads\/2025\/03\/PHOTO-2025-03-21-09-46-20.jpg 899w\" sizes=\"(max-width: 169px) 100vw, 169px\" \/><\/p>\n","protected":false},"excerpt":{"rendered":"<p>En una actividad llena de colores y significados, las estudiantes del 3\u00b0B de la especialidad de P\u00e1rvulos del Colegio La Providencia de Ovalle organizaron una emotiva celebraci\u00f3n del D\u00eda de Regalo de Flores Amarillas. Esta iniciativa busc\u00f3 destacar la belleza y el simbolismo de las flores amarillas, que representan la amistad, la alegr\u00eda y la felicidad. Durante los recreos, en&nbsp;<a href=\"http:\/\/laprovidenciaovalle.cl\/colegio\/la-magia-de-las-flores-amarillas-un-encuentro-de-alegria-en-el-colegio-la-providencia\/\">[&hellip;]<\/a><\/p>\n","protected":false},"author":5,"featured_media":17560,"comment_status":"closed","ping_status":"closed","sticky":false,"template":"","format":"standard","meta":[],"categories":[16],"tags":[],"yoast_head":"<!-- This site is optimized with the Yoast SEO plugin v15.2 - https:\/\/yoast.com\/wordpress\/plugins\/seo\/ -->\n<title>La Magia de las Flores Amarillas: Un Encuentro de Alegr\u00eda en el Colegio La Providencia - Colegio La Providencia<\/title>\n<meta name=\"robots\" content=\"index, follow, max-snippet:-1, max-image-preview:large, max-video-preview:-1\" \/>\n<link rel=\"canonical\" href=\"http:\/\/laprovidenciaovalle.cl\/colegio\/la-magia-de-las-flores-amarillas-un-encuentro-de-alegria-en-el-colegio-la-providencia\/\" \/>\n<meta property=\"og:locale\" content=\"es_ES\" \/>\n<meta property=\"og:type\" content=\"article\" \/>\n<meta property=\"og:title\" content=\"La Magia de las Flores Amarillas: Un Encuentro de Alegr\u00eda en el Colegio La Providencia - Colegio La Providencia\" \/>\n<meta property=\"og:description\" content=\"En una actividad llena de colores y significados, las estudiantes del 3\u00b0B de la especialidad de P\u00e1rvulos del Colegio La Providencia de Ovalle organizaron una emotiva celebraci\u00f3n del D\u00eda de Regalo de Flores Amarillas. Esta iniciativa busc\u00f3 destacar la belleza y el simbolismo de las flores amarillas, que representan la amistad, la alegr\u00eda y la felicidad. Durante los recreos, en&nbsp;[&hellip;]\" \/>\n<meta property=\"og:url\" content=\"http:\/\/laprovidenciaovalle.cl\/colegio\/la-magia-de-las-flores-amarillas-un-encuentro-de-alegria-en-el-colegio-la-providencia\/\" \/>\n<meta property=\"og:site_name\" content=\"Colegio La Providencia\" \/>\n<meta property=\"article:published_time\" content=\"2025-03-26T12:21:24+00:00\" \/>\n<meta property=\"article:modified_time\" content=\"2025-03-26T15:36:25+00:00\" \/>\n<meta property=\"og:image\" content=\"http:\/\/laprovidenciaovalle.cl\/colegio\/wp-content\/uploads\/2025\/03\/PHOTO-2025-03-21-09-49-04.jpg\" \/>\n\t<meta property=\"og:image:width\" content=\"1599\" \/>\n\t<meta property=\"og:image:height\" content=\"899\" \/>\n<meta name=\"twitter:card\" content=\"summary_large_image\" \/>\n<meta name=\"twitter:label1\" value=\"Escrito por\">\n\t<meta name=\"twitter:data1\" value=\"Comunicaciones Colegio\">\n\t<meta name=\"twitter:label2\" value=\"Tiempo de lectura\">\n\t<meta name=\"twitter:data2\" value=\"1 minuto\">\n<script type=\"application\/ld+json\" class=\"yoast-schema-graph\">{\"@context\":\"https:\/\/schema.org\",\"@graph\":[{\"@type\":\"WebSite\",\"@id\":\"https:\/\/laprovidenciaovalle.cl\/colegio\/#website\",\"url\":\"https:\/\/laprovidenciaovalle.cl\/colegio\/\",\"name\":\"Colegio La Providencia\",\"description\":\"Ovalle\",\"potentialAction\":[{\"@type\":\"SearchAction\",\"target\":\"https:\/\/laprovidenciaovalle.cl\/colegio\/?s={search_term_string}\",\"query-input\":\"required name=search_term_string\"}],\"inLanguage\":\"es\"},{\"@type\":\"ImageObject\",\"@id\":\"http:\/\/laprovidenciaovalle.cl\/colegio\/la-magia-de-las-flores-amarillas-un-encuentro-de-alegria-en-el-colegio-la-providencia\/#primaryimage\",\"inLanguage\":\"es\",\"url\":\"http:\/\/laprovidenciaovalle.cl\/colegio\/wp-content\/uploads\/2025\/03\/PHOTO-2025-03-21-09-49-04.jpg\",\"width\":1599,\"height\":899},{\"@type\":\"WebPage\",\"@id\":\"http:\/\/laprovidenciaovalle.cl\/colegio\/la-magia-de-las-flores-amarillas-un-encuentro-de-alegria-en-el-colegio-la-providencia\/#webpage\",\"url\":\"http:\/\/laprovidenciaovalle.cl\/colegio\/la-magia-de-las-flores-amarillas-un-encuentro-de-alegria-en-el-colegio-la-providencia\/\",\"name\":\"La Magia de las Flores Amarillas: Un Encuentro de Alegr\\u00eda en el Colegio La Providencia - Colegio La Providencia\",\"isPartOf\":{\"@id\":\"https:\/\/laprovidenciaovalle.cl\/colegio\/#website\"},\"primaryImageOfPage\":{\"@id\":\"http:\/\/laprovidenciaovalle.cl\/colegio\/la-magia-de-las-flores-amarillas-un-encuentro-de-alegria-en-el-colegio-la-providencia\/#primaryimage\"},\"datePublished\":\"2025-03-26T12:21:24+00:00\",\"dateModified\":\"2025-03-26T15:36:25+00:00\",\"author\":{\"@id\":\"https:\/\/laprovidenciaovalle.cl\/colegio\/#\/schema\/person\/1035f45cd35e1948fb928fcdc74228fe\"},\"inLanguage\":\"es\",\"potentialAction\":[{\"@type\":\"ReadAction\",\"target\":[\"http:\/\/laprovidenciaovalle.cl\/colegio\/la-magia-de-las-flores-amarillas-un-encuentro-de-alegria-en-el-colegio-la-providencia\/\"]}]},{\"@type\":\"Person\",\"@id\":\"https:\/\/laprovidenciaovalle.cl\/colegio\/#\/schema\/person\/1035f45cd35e1948fb928fcdc74228fe\",\"name\":\"Comunicaciones Colegio\",\"image\":{\"@type\":\"ImageObject\",\"@id\":\"https:\/\/laprovidenciaovalle.cl\/colegio\/#personlogo\",\"inLanguage\":\"es\",\"url\":\"http:\/\/2.gravatar.com\/avatar\/5d0b6f6fbda2852def0dc3e63e38d319?s=96&d=mm&r=g\",\"caption\":\"Comunicaciones Colegio\"}}]}<\/script>\n<!-- \/ Yoast SEO plugin. -->","_links":{"self":[{"href":"http:\/\/laprovidenciaovalle.cl\/colegio\/wp-json\/wp\/v2\/posts\/17547"}],"collection":[{"href":"http:\/\/laprovidenciaovalle.cl\/colegio\/wp-json\/wp\/v2\/posts"}],"about":[{"href":"http:\/\/laprovidenciaovalle.cl\/colegio\/wp-json\/wp\/v2\/types\/post"}],"author":[{"embeddable":true,"href":"http:\/\/laprovidenciaovalle.cl\/colegio\/wp-json\/wp\/v2\/users\/5"}],"replies":[{"embeddable":true,"href":"http:\/\/laprovidenciaovalle.cl\/colegio\/wp-json\/wp\/v2\/comments?post=17547"}],"version-history":[{"count":2,"href":"http:\/\/laprovidenciaovalle.cl\/colegio\/wp-json\/wp\/v2\/posts\/17547\/revisions"}],"predecessor-version":[{"id":17573,"href":"http:\/\/laprovidenciaovalle.cl\/colegio\/wp-json\/wp\/v2\/posts\/17547\/revisions\/17573"}],"wp:featuredmedia":[{"embeddable":true,"href":"http:\/\/laprovidenciaovalle.cl\/colegio\/wp-json\/wp\/v2\/media\/17560"}],"wp:attachment":[{"href":"http:\/\/laprovidenciaovalle.cl\/colegio\/wp-json\/wp\/v2\/media?parent=17547"}],"wp:term":[{"taxonomy":"category","embeddable":true,"href":"http:\/\/laprovidenciaovalle.cl\/colegio\/wp-json\/wp\/v2\/categories?post=17547"},{"taxonomy":"post_tag","embeddable":true,"href":"http:\/\/laprovidenciaovalle.cl\/colegio\/wp-json\/wp\/v2\/tags?post=17547"}],"curies":[{"name":"wp","href":"https:\/\/api.w.org\/{rel}","templated":true}]}}