{"id":17574,"date":"2025-03-27T09:43:10","date_gmt":"2025-03-27T12:43:10","guid":{"rendered":"http:\/\/laprovidenciaovalle.cl\/colegio\/?p=17574"},"modified":"2025-03-27T09:43:10","modified_gmt":"2025-03-27T12:43:10","slug":"primer-encuentro-de-delegadas-de-pastoral-marca-el-inicio-de-un-ano-lleno-de-actividades-educativas-y-espirituales","status":"publish","type":"post","link":"http:\/\/laprovidenciaovalle.cl\/colegio\/primer-encuentro-de-delegadas-de-pastoral-marca-el-inicio-de-un-ano-lleno-de-actividades-educativas-y-espirituales\/","title":{"rendered":"Primer encuentro de delegadas de pastoral marca el inicio de un a\u00f1o lleno de actividades educativas y espirituales"},"content":{"rendered":"<p>El pasado martes 25 de marzo se llev\u00f3 a cabo el primer encuentro de las delegadas de pastoral desde 7\u00b0 b\u00e1sico hasta 4\u00b0 medio, con el prop\u00f3sito de presentar a las coordinadoras a cargo, las docentes Jeanette Y\u00e1\u00f1ez y Rossana Guzm\u00e1n, mostrar el plan pastoral y proyectar el a\u00f1o 2025. Este encuentro tiene como objetivo animar y fortalecer el movimiento juvenil inspirado en el Esp\u00edritu Providente de nuestra comunidad.<\/p>\n<p>La primera gran actividad de este a\u00f1o ser\u00e1 la Eucarist\u00eda de Acci\u00f3n de Gracias por el inicio del a\u00f1o escolar, organizada por la Vicar\u00eda de la Educaci\u00f3n y presidida por el Padre Alejandro Silva. Este encuentro espiritual busca fomentar en los j\u00f3venes valores como la gratitud, la solidaridad y el compa\u00f1erismo, integrando a los colegios de la Provincia del Limar\u00ed. La Eucarist\u00eda se celebrar\u00e1 este viernes 28 de marzo, de 10:30 a 12:00 horas, en la emblem\u00e1tica Parroquia Divino Salvador.<\/p>\n<p>Este evento promete ser un espacio de crecimiento y reflexi\u00f3n para las estudiantes, fortaleciendo los lazos entre las instituciones educativas de la provincia y promoviendo valores esenciales para construir una sociedad m\u00e1s justa y solidaria.<\/p>\n<p><img loading=\"lazy\" class=\"alignnone wp-image-17575 size-large\" src=\"http:\/\/laprovidenciaovalle.cl\/colegio\/wp-content\/uploads\/2025\/03\/IMG-20250325-WA0026-1024x768.jpg\" alt=\"\" width=\"1024\" height=\"768\" srcset=\"http:\/\/laprovidenciaovalle.cl\/colegio\/wp-content\/uploads\/2025\/03\/IMG-20250325-WA0026-1024x768.jpg 1024w, http:\/\/laprovidenciaovalle.cl\/colegio\/wp-content\/uploads\/2025\/03\/IMG-20250325-WA0026-300x225.jpg 300w, http:\/\/laprovidenciaovalle.cl\/colegio\/wp-content\/uploads\/2025\/03\/IMG-20250325-WA0026-768x576.jpg 768w, http:\/\/laprovidenciaovalle.cl\/colegio\/wp-content\/uploads\/2025\/03\/IMG-20250325-WA0026-1536x1152.jpg 1536w, http:\/\/laprovidenciaovalle.cl\/colegio\/wp-content\/uploads\/2025\/03\/IMG-20250325-WA0026-150x113.jpg 150w, http:\/\/laprovidenciaovalle.cl\/colegio\/wp-content\/uploads\/2025\/03\/IMG-20250325-WA0026.jpg 1600w\" sizes=\"(max-width: 1024px) 100vw, 1024px\" \/><\/p>\n","protected":false},"excerpt":{"rendered":"<p>El pasado martes 25 de marzo se llev\u00f3 a cabo el primer encuentro de las delegadas de pastoral desde 7\u00b0 b\u00e1sico hasta 4\u00b0 medio, con el prop\u00f3sito de presentar a las coordinadoras a cargo, las docentes Jeanette Y\u00e1\u00f1ez y Rossana Guzm\u00e1n, mostrar el plan pastoral y proyectar el a\u00f1o 2025. Este encuentro tiene como objetivo animar y fortalecer el movimiento&nbsp;<a href=\"http:\/\/laprovidenciaovalle.cl\/colegio\/primer-encuentro-de-delegadas-de-pastoral-marca-el-inicio-de-un-ano-lleno-de-actividades-educativas-y-espirituales\/\">[&hellip;]<\/a><\/p>\n","protected":false},"author":5,"featured_media":17575,"comment_status":"closed","ping_status":"closed","sticky":false,"template":"","format":"standard","meta":[],"categories":[16],"tags":[],"yoast_head":"<!-- This site is optimized with the Yoast SEO plugin v15.2 - https:\/\/yoast.com\/wordpress\/plugins\/seo\/ -->\n<title>Primer encuentro de delegadas de pastoral marca el inicio de un a\u00f1o lleno de actividades educativas y espirituales - Colegio La Providencia<\/title>\n<meta name=\"robots\" content=\"index, follow, max-snippet:-1, max-image-preview:large, max-video-preview:-1\" \/>\n<link rel=\"canonical\" href=\"http:\/\/laprovidenciaovalle.cl\/colegio\/primer-encuentro-de-delegadas-de-pastoral-marca-el-inicio-de-un-ano-lleno-de-actividades-educativas-y-espirituales\/\" \/>\n<meta property=\"og:locale\" content=\"es_ES\" \/>\n<meta property=\"og:type\" content=\"article\" \/>\n<meta property=\"og:title\" content=\"Primer encuentro de delegadas de pastoral marca el inicio de un a\u00f1o lleno de actividades educativas y espirituales - Colegio La Providencia\" \/>\n<meta property=\"og:description\" content=\"El pasado martes 25 de marzo se llev\u00f3 a cabo el primer encuentro de las delegadas de pastoral desde 7\u00b0 b\u00e1sico hasta 4\u00b0 medio, con el prop\u00f3sito de presentar a las coordinadoras a cargo, las docentes Jeanette Y\u00e1\u00f1ez y Rossana Guzm\u00e1n, mostrar el plan pastoral y proyectar el a\u00f1o 2025. Este encuentro tiene como objetivo animar y fortalecer el movimiento&nbsp;[&hellip;]\" \/>\n<meta property=\"og:url\" content=\"http:\/\/laprovidenciaovalle.cl\/colegio\/primer-encuentro-de-delegadas-de-pastoral-marca-el-inicio-de-un-ano-lleno-de-actividades-educativas-y-espirituales\/\" \/>\n<meta property=\"og:site_name\" content=\"Colegio La Providencia\" \/>\n<meta property=\"article:published_time\" content=\"2025-03-27T12:43:10+00:00\" \/>\n<meta property=\"og:image\" content=\"http:\/\/laprovidenciaovalle.cl\/colegio\/wp-content\/uploads\/2025\/03\/IMG-20250325-WA0026.jpg\" \/>\n\t<meta property=\"og:image:width\" content=\"1600\" \/>\n\t<meta property=\"og:image:height\" content=\"1200\" \/>\n<meta name=\"twitter:card\" content=\"summary_large_image\" \/>\n<meta name=\"twitter:label1\" value=\"Escrito por\">\n\t<meta name=\"twitter:data1\" value=\"Comunicaciones Colegio\">\n\t<meta name=\"twitter:label2\" value=\"Tiempo de lectura\">\n\t<meta name=\"twitter:data2\" value=\"1 minuto\">\n<script type=\"application\/ld+json\" class=\"yoast-schema-graph\">{\"@context\":\"https:\/\/schema.org\",\"@graph\":[{\"@type\":\"WebSite\",\"@id\":\"https:\/\/laprovidenciaovalle.cl\/colegio\/#website\",\"url\":\"https:\/\/laprovidenciaovalle.cl\/colegio\/\",\"name\":\"Colegio La Providencia\",\"description\":\"Ovalle\",\"potentialAction\":[{\"@type\":\"SearchAction\",\"target\":\"https:\/\/laprovidenciaovalle.cl\/colegio\/?s={search_term_string}\",\"query-input\":\"required name=search_term_string\"}],\"inLanguage\":\"es\"},{\"@type\":\"ImageObject\",\"@id\":\"http:\/\/laprovidenciaovalle.cl\/colegio\/primer-encuentro-de-delegadas-de-pastoral-marca-el-inicio-de-un-ano-lleno-de-actividades-educativas-y-espirituales\/#primaryimage\",\"inLanguage\":\"es\",\"url\":\"http:\/\/laprovidenciaovalle.cl\/colegio\/wp-content\/uploads\/2025\/03\/IMG-20250325-WA0026.jpg\",\"width\":1600,\"height\":1200},{\"@type\":\"WebPage\",\"@id\":\"http:\/\/laprovidenciaovalle.cl\/colegio\/primer-encuentro-de-delegadas-de-pastoral-marca-el-inicio-de-un-ano-lleno-de-actividades-educativas-y-espirituales\/#webpage\",\"url\":\"http:\/\/laprovidenciaovalle.cl\/colegio\/primer-encuentro-de-delegadas-de-pastoral-marca-el-inicio-de-un-ano-lleno-de-actividades-educativas-y-espirituales\/\",\"name\":\"Primer encuentro de delegadas de pastoral marca el inicio de un a\\u00f1o lleno de actividades educativas y espirituales - Colegio La Providencia\",\"isPartOf\":{\"@id\":\"https:\/\/laprovidenciaovalle.cl\/colegio\/#website\"},\"primaryImageOfPage\":{\"@id\":\"http:\/\/laprovidenciaovalle.cl\/colegio\/primer-encuentro-de-delegadas-de-pastoral-marca-el-inicio-de-un-ano-lleno-de-actividades-educativas-y-espirituales\/#primaryimage\"},\"datePublished\":\"2025-03-27T12:43:10+00:00\",\"dateModified\":\"2025-03-27T12:43:10+00:00\",\"author\":{\"@id\":\"https:\/\/laprovidenciaovalle.cl\/colegio\/#\/schema\/person\/1035f45cd35e1948fb928fcdc74228fe\"},\"inLanguage\":\"es\",\"potentialAction\":[{\"@type\":\"ReadAction\",\"target\":[\"http:\/\/laprovidenciaovalle.cl\/colegio\/primer-encuentro-de-delegadas-de-pastoral-marca-el-inicio-de-un-ano-lleno-de-actividades-educativas-y-espirituales\/\"]}]},{\"@type\":\"Person\",\"@id\":\"https:\/\/laprovidenciaovalle.cl\/colegio\/#\/schema\/person\/1035f45cd35e1948fb928fcdc74228fe\",\"name\":\"Comunicaciones Colegio\",\"image\":{\"@type\":\"ImageObject\",\"@id\":\"https:\/\/laprovidenciaovalle.cl\/colegio\/#personlogo\",\"inLanguage\":\"es\",\"url\":\"http:\/\/2.gravatar.com\/avatar\/5d0b6f6fbda2852def0dc3e63e38d319?s=96&d=mm&r=g\",\"caption\":\"Comunicaciones Colegio\"}}]}<\/script>\n<!-- \/ Yoast SEO plugin. -->","_links":{"self":[{"href":"http:\/\/laprovidenciaovalle.cl\/colegio\/wp-json\/wp\/v2\/posts\/17574"}],"collection":[{"href":"http:\/\/laprovidenciaovalle.cl\/colegio\/wp-json\/wp\/v2\/posts"}],"about":[{"href":"http:\/\/laprovidenciaovalle.cl\/colegio\/wp-json\/wp\/v2\/types\/post"}],"author":[{"embeddable":true,"href":"http:\/\/laprovidenciaovalle.cl\/colegio\/wp-json\/wp\/v2\/users\/5"}],"replies":[{"embeddable":true,"href":"http:\/\/laprovidenciaovalle.cl\/colegio\/wp-json\/wp\/v2\/comments?post=17574"}],"version-history":[{"count":1,"href":"http:\/\/laprovidenciaovalle.cl\/colegio\/wp-json\/wp\/v2\/posts\/17574\/revisions"}],"predecessor-version":[{"id":17576,"href":"http:\/\/laprovidenciaovalle.cl\/colegio\/wp-json\/wp\/v2\/posts\/17574\/revisions\/17576"}],"wp:featuredmedia":[{"embeddable":true,"href":"http:\/\/laprovidenciaovalle.cl\/colegio\/wp-json\/wp\/v2\/media\/17575"}],"wp:attachment":[{"href":"http:\/\/laprovidenciaovalle.cl\/colegio\/wp-json\/wp\/v2\/media?parent=17574"}],"wp:term":[{"taxonomy":"category","embeddable":true,"href":"http:\/\/laprovidenciaovalle.cl\/colegio\/wp-json\/wp\/v2\/categories?post=17574"},{"taxonomy":"post_tag","embeddable":true,"href":"http:\/\/laprovidenciaovalle.cl\/colegio\/wp-json\/wp\/v2\/tags?post=17574"}],"curies":[{"name":"wp","href":"https:\/\/api.w.org\/{rel}","templated":true}]}}