{"id":17585,"date":"2025-03-31T11:34:15","date_gmt":"2025-03-31T14:34:15","guid":{"rendered":"http:\/\/laprovidenciaovalle.cl\/colegio\/?p=17585"},"modified":"2025-03-31T11:34:15","modified_gmt":"2025-03-31T14:34:15","slug":"celebramos-el-inicio-del-ano-escolar-2025-con-esperanza-y-unidad","status":"publish","type":"post","link":"http:\/\/laprovidenciaovalle.cl\/colegio\/celebramos-el-inicio-del-ano-escolar-2025-con-esperanza-y-unidad\/","title":{"rendered":"Celebramos el inicio del a\u00f1o escolar 2025 con esperanza y unidad"},"content":{"rendered":"<p>El pasado <strong>viernes 28 de marzo<\/strong>, en un emotivo encuentro celebrado en la parroquia &#8220;El Divino Salvador&#8221;, nuestro colegio tuvo el honor de participar en la Eucarist\u00eda de Acci\u00f3n de Gracias por el inicio del a\u00f1o escolar 2025. Organizada por la Vicar\u00eda de la Educaci\u00f3n y presidida por el Monse\u00f1or Auxiliar Enrique Jos\u00e9 Balzan Caruana, esta ceremonia espiritual reuni\u00f3 a estudiantes, docentes, asistentes de la educaci\u00f3n y directores de diversos colegios cat\u00f3licos y afines de la Vicar\u00eda del Limar\u00ed.<\/p>\n<p>Durante la misa, nuestras estudiantes tuvieron un rol especial al leer las intenciones, aportando un momento significativo y reflexivo dentro de la ceremonia. Por otro lado, la eucarist\u00eda entreg\u00f3 un mensaje de esperanza y motivaci\u00f3n, resaltando la importancia de iniciar este nuevo ciclo acad\u00e9mico con alegr\u00eda y confianza en el Se\u00f1or.<\/p>\n<h3>Colegios presentes:<\/h3>\n<ul>\n<li>San Juan Bautista<\/li>\n<li>Amalia Errazuriz<\/li>\n<li>Gabriela Mistral<\/li>\n<li>Santa Teresa<\/li>\n<li>Santa Mar\u00eda<\/li>\n<li>Santa Mar\u00eda Eufrasia<\/li>\n<li>San Viator<\/li>\n<li>La Providencia de Ovalle<\/li>\n<\/ul>\n\n\t\t<style type=\"text\/css\">\n\t\t\t#gallery-1 {\n\t\t\t\tmargin: auto;\n\t\t\t}\n\t\t\t#gallery-1 .gallery-item {\n\t\t\t\tfloat: left;\n\t\t\t\tmargin-top: 10px;\n\t\t\t\ttext-align: center;\n\t\t\t\twidth: 33%;\n\t\t\t}\n\t\t\t#gallery-1 img {\n\t\t\t\tborder: 2px solid #cfcfcf;\n\t\t\t}\n\t\t\t#gallery-1 .gallery-caption {\n\t\t\t\tmargin-left: 0;\n\t\t\t}\n\t\t\t\/* see gallery_shortcode() in wp-includes\/media.php *\/\n\t\t<\/style>\n\t\t<div id='gallery-1' class='gallery galleryid-17585 gallery-columns-3 gallery-size-large'><dl class='gallery-item'>\n\t\t\t<dt class='gallery-icon landscape'>\n\t\t\t\t<a href='http:\/\/laprovidenciaovalle.cl\/colegio\/celebramos-el-inicio-del-ano-escolar-2025-con-esperanza-y-unidad\/whatsapp-image-2025-03-28-at-14-45-46\/'><img width=\"1024\" height=\"768\" src=\"http:\/\/laprovidenciaovalle.cl\/colegio\/wp-content\/uploads\/2025\/03\/WhatsApp-Image-2025-03-28-at-14.45.46-1024x768.jpeg\" class=\"attachment-large size-large\" alt=\"\" loading=\"lazy\" srcset=\"http:\/\/laprovidenciaovalle.cl\/colegio\/wp-content\/uploads\/2025\/03\/WhatsApp-Image-2025-03-28-at-14.45.46-1024x768.jpeg 1024w, http:\/\/laprovidenciaovalle.cl\/colegio\/wp-content\/uploads\/2025\/03\/WhatsApp-Image-2025-03-28-at-14.45.46-300x225.jpeg 300w, http:\/\/laprovidenciaovalle.cl\/colegio\/wp-content\/uploads\/2025\/03\/WhatsApp-Image-2025-03-28-at-14.45.46-768x576.jpeg 768w, http:\/\/laprovidenciaovalle.cl\/colegio\/wp-content\/uploads\/2025\/03\/WhatsApp-Image-2025-03-28-at-14.45.46-150x113.jpeg 150w, http:\/\/laprovidenciaovalle.cl\/colegio\/wp-content\/uploads\/2025\/03\/WhatsApp-Image-2025-03-28-at-14.45.46.jpeg 1280w\" sizes=\"(max-width: 1024px) 100vw, 1024px\" \/><\/a>\n\t\t\t<\/dt><\/dl><dl class='gallery-item'>\n\t\t\t<dt class='gallery-icon portrait'>\n\t\t\t\t<a href='http:\/\/laprovidenciaovalle.cl\/colegio\/celebramos-el-inicio-del-ano-escolar-2025-con-esperanza-y-unidad\/whatsapp-image-2025-03-28-at-14-45-57\/'><img width=\"768\" height=\"1024\" src=\"http:\/\/laprovidenciaovalle.cl\/colegio\/wp-content\/uploads\/2025\/03\/WhatsApp-Image-2025-03-28-at-14.45.57-768x1024.jpeg\" class=\"attachment-large size-large\" alt=\"\" loading=\"lazy\" srcset=\"http:\/\/laprovidenciaovalle.cl\/colegio\/wp-content\/uploads\/2025\/03\/WhatsApp-Image-2025-03-28-at-14.45.57-768x1024.jpeg 768w, http:\/\/laprovidenciaovalle.cl\/colegio\/wp-content\/uploads\/2025\/03\/WhatsApp-Image-2025-03-28-at-14.45.57-225x300.jpeg 225w, http:\/\/laprovidenciaovalle.cl\/colegio\/wp-content\/uploads\/2025\/03\/WhatsApp-Image-2025-03-28-at-14.45.57-113x150.jpeg 113w, http:\/\/laprovidenciaovalle.cl\/colegio\/wp-content\/uploads\/2025\/03\/WhatsApp-Image-2025-03-28-at-14.45.57.jpeg 960w\" sizes=\"(max-width: 768px) 100vw, 768px\" \/><\/a>\n\t\t\t<\/dt><\/dl><dl class='gallery-item'>\n\t\t\t<dt class='gallery-icon landscape'>\n\t\t\t\t<a href='http:\/\/laprovidenciaovalle.cl\/colegio\/celebramos-el-inicio-del-ano-escolar-2025-con-esperanza-y-unidad\/whatsapp-image-2025-03-28-at-12-22-09\/'><img width=\"1024\" height=\"768\" src=\"http:\/\/laprovidenciaovalle.cl\/colegio\/wp-content\/uploads\/2025\/03\/WhatsApp-Image-2025-03-28-at-12.22.09-1024x768.jpeg\" class=\"attachment-large size-large\" alt=\"\" loading=\"lazy\" srcset=\"http:\/\/laprovidenciaovalle.cl\/colegio\/wp-content\/uploads\/2025\/03\/WhatsApp-Image-2025-03-28-at-12.22.09-1024x768.jpeg 1024w, http:\/\/laprovidenciaovalle.cl\/colegio\/wp-content\/uploads\/2025\/03\/WhatsApp-Image-2025-03-28-at-12.22.09-300x225.jpeg 300w, http:\/\/laprovidenciaovalle.cl\/colegio\/wp-content\/uploads\/2025\/03\/WhatsApp-Image-2025-03-28-at-12.22.09-768x576.jpeg 768w, http:\/\/laprovidenciaovalle.cl\/colegio\/wp-content\/uploads\/2025\/03\/WhatsApp-Image-2025-03-28-at-12.22.09-150x113.jpeg 150w, http:\/\/laprovidenciaovalle.cl\/colegio\/wp-content\/uploads\/2025\/03\/WhatsApp-Image-2025-03-28-at-12.22.09.jpeg 1280w\" sizes=\"(max-width: 1024px) 100vw, 1024px\" \/><\/a>\n\t\t\t<\/dt><\/dl><br style=\"clear: both\" \/><dl class='gallery-item'>\n\t\t\t<dt class='gallery-icon landscape'>\n\t\t\t\t<a href='http:\/\/laprovidenciaovalle.cl\/colegio\/celebramos-el-inicio-del-ano-escolar-2025-con-esperanza-y-unidad\/whatsapp-image-2025-03-28-at-12-21-37\/'><img width=\"1024\" height=\"768\" src=\"http:\/\/laprovidenciaovalle.cl\/colegio\/wp-content\/uploads\/2025\/03\/WhatsApp-Image-2025-03-28-at-12.21.37-1024x768.jpeg\" class=\"attachment-large size-large\" alt=\"\" loading=\"lazy\" srcset=\"http:\/\/laprovidenciaovalle.cl\/colegio\/wp-content\/uploads\/2025\/03\/WhatsApp-Image-2025-03-28-at-12.21.37-1024x768.jpeg 1024w, http:\/\/laprovidenciaovalle.cl\/colegio\/wp-content\/uploads\/2025\/03\/WhatsApp-Image-2025-03-28-at-12.21.37-300x225.jpeg 300w, http:\/\/laprovidenciaovalle.cl\/colegio\/wp-content\/uploads\/2025\/03\/WhatsApp-Image-2025-03-28-at-12.21.37-768x576.jpeg 768w, http:\/\/laprovidenciaovalle.cl\/colegio\/wp-content\/uploads\/2025\/03\/WhatsApp-Image-2025-03-28-at-12.21.37-1536x1152.jpeg 1536w, http:\/\/laprovidenciaovalle.cl\/colegio\/wp-content\/uploads\/2025\/03\/WhatsApp-Image-2025-03-28-at-12.21.37-150x113.jpeg 150w, http:\/\/laprovidenciaovalle.cl\/colegio\/wp-content\/uploads\/2025\/03\/WhatsApp-Image-2025-03-28-at-12.21.37.jpeg 1600w\" sizes=\"(max-width: 1024px) 100vw, 1024px\" \/><\/a>\n\t\t\t<\/dt><\/dl><dl class='gallery-item'>\n\t\t\t<dt class='gallery-icon landscape'>\n\t\t\t\t<a href='http:\/\/laprovidenciaovalle.cl\/colegio\/celebramos-el-inicio-del-ano-escolar-2025-con-esperanza-y-unidad\/whatsapp-image-2025-03-28-at-12-21-36\/'><img width=\"1024\" height=\"768\" src=\"http:\/\/laprovidenciaovalle.cl\/colegio\/wp-content\/uploads\/2025\/03\/WhatsApp-Image-2025-03-28-at-12.21.36-1024x768.jpeg\" class=\"attachment-large size-large\" alt=\"\" loading=\"lazy\" srcset=\"http:\/\/laprovidenciaovalle.cl\/colegio\/wp-content\/uploads\/2025\/03\/WhatsApp-Image-2025-03-28-at-12.21.36-1024x768.jpeg 1024w, http:\/\/laprovidenciaovalle.cl\/colegio\/wp-content\/uploads\/2025\/03\/WhatsApp-Image-2025-03-28-at-12.21.36-300x225.jpeg 300w, http:\/\/laprovidenciaovalle.cl\/colegio\/wp-content\/uploads\/2025\/03\/WhatsApp-Image-2025-03-28-at-12.21.36-768x576.jpeg 768w, http:\/\/laprovidenciaovalle.cl\/colegio\/wp-content\/uploads\/2025\/03\/WhatsApp-Image-2025-03-28-at-12.21.36-1536x1152.jpeg 1536w, http:\/\/laprovidenciaovalle.cl\/colegio\/wp-content\/uploads\/2025\/03\/WhatsApp-Image-2025-03-28-at-12.21.36-150x113.jpeg 150w, http:\/\/laprovidenciaovalle.cl\/colegio\/wp-content\/uploads\/2025\/03\/WhatsApp-Image-2025-03-28-at-12.21.36.jpeg 1600w\" sizes=\"(max-width: 1024px) 100vw, 1024px\" \/><\/a>\n\t\t\t<\/dt><\/dl><dl class='gallery-item'>\n\t\t\t<dt class='gallery-icon landscape'>\n\t\t\t\t<a href='http:\/\/laprovidenciaovalle.cl\/colegio\/celebramos-el-inicio-del-ano-escolar-2025-con-esperanza-y-unidad\/whatsapp-image-2025-03-28-at-12-21-35\/'><img width=\"1024\" height=\"768\" src=\"http:\/\/laprovidenciaovalle.cl\/colegio\/wp-content\/uploads\/2025\/03\/WhatsApp-Image-2025-03-28-at-12.21.35-1024x768.jpeg\" class=\"attachment-large size-large\" alt=\"\" loading=\"lazy\" srcset=\"http:\/\/laprovidenciaovalle.cl\/colegio\/wp-content\/uploads\/2025\/03\/WhatsApp-Image-2025-03-28-at-12.21.35-1024x768.jpeg 1024w, http:\/\/laprovidenciaovalle.cl\/colegio\/wp-content\/uploads\/2025\/03\/WhatsApp-Image-2025-03-28-at-12.21.35-300x225.jpeg 300w, http:\/\/laprovidenciaovalle.cl\/colegio\/wp-content\/uploads\/2025\/03\/WhatsApp-Image-2025-03-28-at-12.21.35-768x576.jpeg 768w, http:\/\/laprovidenciaovalle.cl\/colegio\/wp-content\/uploads\/2025\/03\/WhatsApp-Image-2025-03-28-at-12.21.35-1536x1152.jpeg 1536w, http:\/\/laprovidenciaovalle.cl\/colegio\/wp-content\/uploads\/2025\/03\/WhatsApp-Image-2025-03-28-at-12.21.35-150x113.jpeg 150w, http:\/\/laprovidenciaovalle.cl\/colegio\/wp-content\/uploads\/2025\/03\/WhatsApp-Image-2025-03-28-at-12.21.35.jpeg 1600w\" sizes=\"(max-width: 1024px) 100vw, 1024px\" \/><\/a>\n\t\t\t<\/dt><\/dl><br style=\"clear: both\" \/><dl class='gallery-item'>\n\t\t\t<dt class='gallery-icon landscape'>\n\t\t\t\t<a href='http:\/\/laprovidenciaovalle.cl\/colegio\/celebramos-el-inicio-del-ano-escolar-2025-con-esperanza-y-unidad\/whatsapp-image-2025-03-28-at-12-21-33-2\/'><img width=\"1024\" height=\"768\" src=\"http:\/\/laprovidenciaovalle.cl\/colegio\/wp-content\/uploads\/2025\/03\/WhatsApp-Image-2025-03-28-at-12.21.33-2-1024x768.jpeg\" class=\"attachment-large size-large\" alt=\"\" loading=\"lazy\" srcset=\"http:\/\/laprovidenciaovalle.cl\/colegio\/wp-content\/uploads\/2025\/03\/WhatsApp-Image-2025-03-28-at-12.21.33-2-1024x768.jpeg 1024w, http:\/\/laprovidenciaovalle.cl\/colegio\/wp-content\/uploads\/2025\/03\/WhatsApp-Image-2025-03-28-at-12.21.33-2-300x225.jpeg 300w, http:\/\/laprovidenciaovalle.cl\/colegio\/wp-content\/uploads\/2025\/03\/WhatsApp-Image-2025-03-28-at-12.21.33-2-768x576.jpeg 768w, http:\/\/laprovidenciaovalle.cl\/colegio\/wp-content\/uploads\/2025\/03\/WhatsApp-Image-2025-03-28-at-12.21.33-2-1536x1152.jpeg 1536w, http:\/\/laprovidenciaovalle.cl\/colegio\/wp-content\/uploads\/2025\/03\/WhatsApp-Image-2025-03-28-at-12.21.33-2-150x113.jpeg 150w, http:\/\/laprovidenciaovalle.cl\/colegio\/wp-content\/uploads\/2025\/03\/WhatsApp-Image-2025-03-28-at-12.21.33-2.jpeg 1600w\" sizes=\"(max-width: 1024px) 100vw, 1024px\" \/><\/a>\n\t\t\t<\/dt><\/dl><dl class='gallery-item'>\n\t\t\t<dt class='gallery-icon landscape'>\n\t\t\t\t<a href='http:\/\/laprovidenciaovalle.cl\/colegio\/celebramos-el-inicio-del-ano-escolar-2025-con-esperanza-y-unidad\/whatsapp-image-2025-03-28-at-12-21-33-1\/'><img width=\"1024\" height=\"768\" src=\"http:\/\/laprovidenciaovalle.cl\/colegio\/wp-content\/uploads\/2025\/03\/WhatsApp-Image-2025-03-28-at-12.21.33-1-1024x768.jpeg\" class=\"attachment-large size-large\" alt=\"\" loading=\"lazy\" srcset=\"http:\/\/laprovidenciaovalle.cl\/colegio\/wp-content\/uploads\/2025\/03\/WhatsApp-Image-2025-03-28-at-12.21.33-1-1024x768.jpeg 1024w, http:\/\/laprovidenciaovalle.cl\/colegio\/wp-content\/uploads\/2025\/03\/WhatsApp-Image-2025-03-28-at-12.21.33-1-300x225.jpeg 300w, http:\/\/laprovidenciaovalle.cl\/colegio\/wp-content\/uploads\/2025\/03\/WhatsApp-Image-2025-03-28-at-12.21.33-1-768x576.jpeg 768w, http:\/\/laprovidenciaovalle.cl\/colegio\/wp-content\/uploads\/2025\/03\/WhatsApp-Image-2025-03-28-at-12.21.33-1-1536x1152.jpeg 1536w, http:\/\/laprovidenciaovalle.cl\/colegio\/wp-content\/uploads\/2025\/03\/WhatsApp-Image-2025-03-28-at-12.21.33-1-150x113.jpeg 150w, http:\/\/laprovidenciaovalle.cl\/colegio\/wp-content\/uploads\/2025\/03\/WhatsApp-Image-2025-03-28-at-12.21.33-1.jpeg 1600w\" sizes=\"(max-width: 1024px) 100vw, 1024px\" \/><\/a>\n\t\t\t<\/dt><\/dl><dl class='gallery-item'>\n\t\t\t<dt class='gallery-icon portrait'>\n\t\t\t\t<a href='http:\/\/laprovidenciaovalle.cl\/colegio\/celebramos-el-inicio-del-ano-escolar-2025-con-esperanza-y-unidad\/whatsapp-image-2025-03-28-at-12-21-33\/'><img width=\"768\" height=\"1024\" src=\"http:\/\/laprovidenciaovalle.cl\/colegio\/wp-content\/uploads\/2025\/03\/WhatsApp-Image-2025-03-28-at-12.21.33-768x1024.jpeg\" class=\"attachment-large size-large\" alt=\"\" loading=\"lazy\" srcset=\"http:\/\/laprovidenciaovalle.cl\/colegio\/wp-content\/uploads\/2025\/03\/WhatsApp-Image-2025-03-28-at-12.21.33-768x1024.jpeg 768w, http:\/\/laprovidenciaovalle.cl\/colegio\/wp-content\/uploads\/2025\/03\/WhatsApp-Image-2025-03-28-at-12.21.33-225x300.jpeg 225w, http:\/\/laprovidenciaovalle.cl\/colegio\/wp-content\/uploads\/2025\/03\/WhatsApp-Image-2025-03-28-at-12.21.33-1152x1536.jpeg 1152w, http:\/\/laprovidenciaovalle.cl\/colegio\/wp-content\/uploads\/2025\/03\/WhatsApp-Image-2025-03-28-at-12.21.33-113x150.jpeg 113w, http:\/\/laprovidenciaovalle.cl\/colegio\/wp-content\/uploads\/2025\/03\/WhatsApp-Image-2025-03-28-at-12.21.33.jpeg 1200w\" sizes=\"(max-width: 768px) 100vw, 768px\" \/><\/a>\n\t\t\t<\/dt><\/dl><br style=\"clear: both\" \/><dl class='gallery-item'>\n\t\t\t<dt class='gallery-icon portrait'>\n\t\t\t\t<a href='http:\/\/laprovidenciaovalle.cl\/colegio\/celebramos-el-inicio-del-ano-escolar-2025-con-esperanza-y-unidad\/whatsapp-image-2025-03-28-at-12-21-12\/'><img width=\"768\" height=\"1024\" src=\"http:\/\/laprovidenciaovalle.cl\/colegio\/wp-content\/uploads\/2025\/03\/WhatsApp-Image-2025-03-28-at-12.21.12-768x1024.jpeg\" class=\"attachment-large size-large\" alt=\"\" loading=\"lazy\" srcset=\"http:\/\/laprovidenciaovalle.cl\/colegio\/wp-content\/uploads\/2025\/03\/WhatsApp-Image-2025-03-28-at-12.21.12-768x1024.jpeg 768w, http:\/\/laprovidenciaovalle.cl\/colegio\/wp-content\/uploads\/2025\/03\/WhatsApp-Image-2025-03-28-at-12.21.12-225x300.jpeg 225w, http:\/\/laprovidenciaovalle.cl\/colegio\/wp-content\/uploads\/2025\/03\/WhatsApp-Image-2025-03-28-at-12.21.12-1152x1536.jpeg 1152w, http:\/\/laprovidenciaovalle.cl\/colegio\/wp-content\/uploads\/2025\/03\/WhatsApp-Image-2025-03-28-at-12.21.12-113x150.jpeg 113w, http:\/\/laprovidenciaovalle.cl\/colegio\/wp-content\/uploads\/2025\/03\/WhatsApp-Image-2025-03-28-at-12.21.12.jpeg 1200w\" sizes=\"(max-width: 768px) 100vw, 768px\" \/><\/a>\n\t\t\t<\/dt><\/dl><dl class='gallery-item'>\n\t\t\t<dt class='gallery-icon portrait'>\n\t\t\t\t<a href='http:\/\/laprovidenciaovalle.cl\/colegio\/celebramos-el-inicio-del-ano-escolar-2025-con-esperanza-y-unidad\/whatsapp-image-2025-03-28-at-12-21-09\/'><img width=\"768\" height=\"1024\" src=\"http:\/\/laprovidenciaovalle.cl\/colegio\/wp-content\/uploads\/2025\/03\/WhatsApp-Image-2025-03-28-at-12.21.09-768x1024.jpeg\" class=\"attachment-large size-large\" alt=\"\" loading=\"lazy\" srcset=\"http:\/\/laprovidenciaovalle.cl\/colegio\/wp-content\/uploads\/2025\/03\/WhatsApp-Image-2025-03-28-at-12.21.09-768x1024.jpeg 768w, http:\/\/laprovidenciaovalle.cl\/colegio\/wp-content\/uploads\/2025\/03\/WhatsApp-Image-2025-03-28-at-12.21.09-225x300.jpeg 225w, http:\/\/laprovidenciaovalle.cl\/colegio\/wp-content\/uploads\/2025\/03\/WhatsApp-Image-2025-03-28-at-12.21.09-1152x1536.jpeg 1152w, http:\/\/laprovidenciaovalle.cl\/colegio\/wp-content\/uploads\/2025\/03\/WhatsApp-Image-2025-03-28-at-12.21.09-113x150.jpeg 113w, http:\/\/laprovidenciaovalle.cl\/colegio\/wp-content\/uploads\/2025\/03\/WhatsApp-Image-2025-03-28-at-12.21.09.jpeg 1200w\" sizes=\"(max-width: 768px) 100vw, 768px\" \/><\/a>\n\t\t\t<\/dt><\/dl><dl class='gallery-item'>\n\t\t\t<dt class='gallery-icon portrait'>\n\t\t\t\t<a href='http:\/\/laprovidenciaovalle.cl\/colegio\/celebramos-el-inicio-del-ano-escolar-2025-con-esperanza-y-unidad\/whatsapp-image-2025-03-28-at-12-21-08\/'><img width=\"768\" height=\"1024\" src=\"http:\/\/laprovidenciaovalle.cl\/colegio\/wp-content\/uploads\/2025\/03\/WhatsApp-Image-2025-03-28-at-12.21.08-768x1024.jpeg\" class=\"attachment-large size-large\" alt=\"\" loading=\"lazy\" srcset=\"http:\/\/laprovidenciaovalle.cl\/colegio\/wp-content\/uploads\/2025\/03\/WhatsApp-Image-2025-03-28-at-12.21.08-768x1024.jpeg 768w, http:\/\/laprovidenciaovalle.cl\/colegio\/wp-content\/uploads\/2025\/03\/WhatsApp-Image-2025-03-28-at-12.21.08-225x300.jpeg 225w, http:\/\/laprovidenciaovalle.cl\/colegio\/wp-content\/uploads\/2025\/03\/WhatsApp-Image-2025-03-28-at-12.21.08-1152x1536.jpeg 1152w, http:\/\/laprovidenciaovalle.cl\/colegio\/wp-content\/uploads\/2025\/03\/WhatsApp-Image-2025-03-28-at-12.21.08-113x150.jpeg 113w, http:\/\/laprovidenciaovalle.cl\/colegio\/wp-content\/uploads\/2025\/03\/WhatsApp-Image-2025-03-28-at-12.21.08.jpeg 1200w\" sizes=\"(max-width: 768px) 100vw, 768px\" \/><\/a>\n\t\t\t<\/dt><\/dl><br style=\"clear: both\" \/><dl class='gallery-item'>\n\t\t\t<dt class='gallery-icon portrait'>\n\t\t\t\t<a href='http:\/\/laprovidenciaovalle.cl\/colegio\/celebramos-el-inicio-del-ano-escolar-2025-con-esperanza-y-unidad\/whatsapp-image-2025-03-28-at-12-21-06\/'><img width=\"768\" height=\"1024\" src=\"http:\/\/laprovidenciaovalle.cl\/colegio\/wp-content\/uploads\/2025\/03\/WhatsApp-Image-2025-03-28-at-12.21.06-768x1024.jpeg\" class=\"attachment-large size-large\" alt=\"\" loading=\"lazy\" srcset=\"http:\/\/laprovidenciaovalle.cl\/colegio\/wp-content\/uploads\/2025\/03\/WhatsApp-Image-2025-03-28-at-12.21.06-768x1024.jpeg 768w, http:\/\/laprovidenciaovalle.cl\/colegio\/wp-content\/uploads\/2025\/03\/WhatsApp-Image-2025-03-28-at-12.21.06-225x300.jpeg 225w, http:\/\/laprovidenciaovalle.cl\/colegio\/wp-content\/uploads\/2025\/03\/WhatsApp-Image-2025-03-28-at-12.21.06-1152x1536.jpeg 1152w, http:\/\/laprovidenciaovalle.cl\/colegio\/wp-content\/uploads\/2025\/03\/WhatsApp-Image-2025-03-28-at-12.21.06-113x150.jpeg 113w, http:\/\/laprovidenciaovalle.cl\/colegio\/wp-content\/uploads\/2025\/03\/WhatsApp-Image-2025-03-28-at-12.21.06.jpeg 1200w\" sizes=\"(max-width: 768px) 100vw, 768px\" \/><\/a>\n\t\t\t<\/dt><\/dl><dl class='gallery-item'>\n\t\t\t<dt class='gallery-icon portrait'>\n\t\t\t\t<a href='http:\/\/laprovidenciaovalle.cl\/colegio\/celebramos-el-inicio-del-ano-escolar-2025-con-esperanza-y-unidad\/whatsapp-image-2025-03-28-at-12-21-05\/'><img width=\"768\" height=\"1024\" src=\"http:\/\/laprovidenciaovalle.cl\/colegio\/wp-content\/uploads\/2025\/03\/WhatsApp-Image-2025-03-28-at-12.21.05-768x1024.jpeg\" class=\"attachment-large size-large\" alt=\"\" loading=\"lazy\" srcset=\"http:\/\/laprovidenciaovalle.cl\/colegio\/wp-content\/uploads\/2025\/03\/WhatsApp-Image-2025-03-28-at-12.21.05-768x1024.jpeg 768w, http:\/\/laprovidenciaovalle.cl\/colegio\/wp-content\/uploads\/2025\/03\/WhatsApp-Image-2025-03-28-at-12.21.05-225x300.jpeg 225w, http:\/\/laprovidenciaovalle.cl\/colegio\/wp-content\/uploads\/2025\/03\/WhatsApp-Image-2025-03-28-at-12.21.05-1152x1536.jpeg 1152w, http:\/\/laprovidenciaovalle.cl\/colegio\/wp-content\/uploads\/2025\/03\/WhatsApp-Image-2025-03-28-at-12.21.05-113x150.jpeg 113w, http:\/\/laprovidenciaovalle.cl\/colegio\/wp-content\/uploads\/2025\/03\/WhatsApp-Image-2025-03-28-at-12.21.05.jpeg 1200w\" sizes=\"(max-width: 768px) 100vw, 768px\" \/><\/a>\n\t\t\t<\/dt><\/dl><dl class='gallery-item'>\n\t\t\t<dt class='gallery-icon portrait'>\n\t\t\t\t<a href='http:\/\/laprovidenciaovalle.cl\/colegio\/celebramos-el-inicio-del-ano-escolar-2025-con-esperanza-y-unidad\/whatsapp-image-2025-03-28-at-12-21-04\/'><img width=\"768\" height=\"1024\" src=\"http:\/\/laprovidenciaovalle.cl\/colegio\/wp-content\/uploads\/2025\/03\/WhatsApp-Image-2025-03-28-at-12.21.04-768x1024.jpeg\" class=\"attachment-large size-large\" alt=\"\" loading=\"lazy\" srcset=\"http:\/\/laprovidenciaovalle.cl\/colegio\/wp-content\/uploads\/2025\/03\/WhatsApp-Image-2025-03-28-at-12.21.04-768x1024.jpeg 768w, http:\/\/laprovidenciaovalle.cl\/colegio\/wp-content\/uploads\/2025\/03\/WhatsApp-Image-2025-03-28-at-12.21.04-225x300.jpeg 225w, http:\/\/laprovidenciaovalle.cl\/colegio\/wp-content\/uploads\/2025\/03\/WhatsApp-Image-2025-03-28-at-12.21.04-1152x1536.jpeg 1152w, http:\/\/laprovidenciaovalle.cl\/colegio\/wp-content\/uploads\/2025\/03\/WhatsApp-Image-2025-03-28-at-12.21.04-113x150.jpeg 113w, http:\/\/laprovidenciaovalle.cl\/colegio\/wp-content\/uploads\/2025\/03\/WhatsApp-Image-2025-03-28-at-12.21.04.jpeg 1200w\" sizes=\"(max-width: 768px) 100vw, 768px\" \/><\/a>\n\t\t\t<\/dt><\/dl><br style=\"clear: both\" \/>\n\t\t<\/div>\n\n","protected":false},"excerpt":{"rendered":"<p>El pasado viernes 28 de marzo, en un emotivo encuentro celebrado en la parroquia &#8220;El Divino Salvador&#8221;, nuestro colegio tuvo el honor de participar en la Eucarist\u00eda de Acci\u00f3n de Gracias por el inicio del a\u00f1o escolar 2025. Organizada por la Vicar\u00eda de la Educaci\u00f3n y presidida por el Monse\u00f1or Auxiliar Enrique Jos\u00e9 Balzan Caruana, esta ceremonia espiritual reuni\u00f3 a&nbsp;<a href=\"http:\/\/laprovidenciaovalle.cl\/colegio\/celebramos-el-inicio-del-ano-escolar-2025-con-esperanza-y-unidad\/\">[&hellip;]<\/a><\/p>\n","protected":false},"author":5,"featured_media":17586,"comment_status":"closed","ping_status":"closed","sticky":false,"template":"","format":"standard","meta":[],"categories":[16],"tags":[],"yoast_head":"<!-- This site is optimized with the Yoast SEO plugin v15.2 - https:\/\/yoast.com\/wordpress\/plugins\/seo\/ -->\n<title>Celebramos el inicio del a\u00f1o escolar 2025 con esperanza y unidad - Colegio La Providencia<\/title>\n<meta name=\"robots\" content=\"index, follow, max-snippet:-1, max-image-preview:large, max-video-preview:-1\" \/>\n<link rel=\"canonical\" href=\"http:\/\/laprovidenciaovalle.cl\/colegio\/celebramos-el-inicio-del-ano-escolar-2025-con-esperanza-y-unidad\/\" \/>\n<meta property=\"og:locale\" content=\"es_ES\" \/>\n<meta property=\"og:type\" content=\"article\" \/>\n<meta property=\"og:title\" content=\"Celebramos el inicio del a\u00f1o escolar 2025 con esperanza y unidad - Colegio La Providencia\" \/>\n<meta property=\"og:description\" content=\"El pasado viernes 28 de marzo, en un emotivo encuentro celebrado en la parroquia &#8220;El Divino Salvador&#8221;, nuestro colegio tuvo el honor de participar en la Eucarist\u00eda de Acci\u00f3n de Gracias por el inicio del a\u00f1o escolar 2025. Organizada por la Vicar\u00eda de la Educaci\u00f3n y presidida por el Monse\u00f1or Auxiliar Enrique Jos\u00e9 Balzan Caruana, esta ceremonia espiritual reuni\u00f3 a&nbsp;[&hellip;]\" \/>\n<meta property=\"og:url\" content=\"http:\/\/laprovidenciaovalle.cl\/colegio\/celebramos-el-inicio-del-ano-escolar-2025-con-esperanza-y-unidad\/\" \/>\n<meta property=\"og:site_name\" content=\"Colegio La Providencia\" \/>\n<meta property=\"article:published_time\" content=\"2025-03-31T14:34:15+00:00\" \/>\n<meta property=\"og:image\" content=\"http:\/\/laprovidenciaovalle.cl\/colegio\/wp-content\/uploads\/2025\/03\/WhatsApp-Image-2025-03-28-at-14.45.46.jpeg\" \/>\n\t<meta property=\"og:image:width\" content=\"1280\" \/>\n\t<meta property=\"og:image:height\" content=\"960\" \/>\n<meta name=\"twitter:card\" content=\"summary_large_image\" \/>\n<meta name=\"twitter:label1\" value=\"Escrito por\">\n\t<meta name=\"twitter:data1\" value=\"Comunicaciones Colegio\">\n\t<meta name=\"twitter:label2\" value=\"Tiempo de lectura\">\n\t<meta name=\"twitter:data2\" value=\"1 minuto\">\n<script type=\"application\/ld+json\" class=\"yoast-schema-graph\">{\"@context\":\"https:\/\/schema.org\",\"@graph\":[{\"@type\":\"WebSite\",\"@id\":\"https:\/\/laprovidenciaovalle.cl\/colegio\/#website\",\"url\":\"https:\/\/laprovidenciaovalle.cl\/colegio\/\",\"name\":\"Colegio La Providencia\",\"description\":\"Ovalle\",\"potentialAction\":[{\"@type\":\"SearchAction\",\"target\":\"https:\/\/laprovidenciaovalle.cl\/colegio\/?s={search_term_string}\",\"query-input\":\"required name=search_term_string\"}],\"inLanguage\":\"es\"},{\"@type\":\"ImageObject\",\"@id\":\"http:\/\/laprovidenciaovalle.cl\/colegio\/celebramos-el-inicio-del-ano-escolar-2025-con-esperanza-y-unidad\/#primaryimage\",\"inLanguage\":\"es\",\"url\":\"http:\/\/laprovidenciaovalle.cl\/colegio\/wp-content\/uploads\/2025\/03\/WhatsApp-Image-2025-03-28-at-14.45.46.jpeg\",\"width\":1280,\"height\":960},{\"@type\":\"WebPage\",\"@id\":\"http:\/\/laprovidenciaovalle.cl\/colegio\/celebramos-el-inicio-del-ano-escolar-2025-con-esperanza-y-unidad\/#webpage\",\"url\":\"http:\/\/laprovidenciaovalle.cl\/colegio\/celebramos-el-inicio-del-ano-escolar-2025-con-esperanza-y-unidad\/\",\"name\":\"Celebramos el inicio del a\\u00f1o escolar 2025 con esperanza y unidad - Colegio La Providencia\",\"isPartOf\":{\"@id\":\"https:\/\/laprovidenciaovalle.cl\/colegio\/#website\"},\"primaryImageOfPage\":{\"@id\":\"http:\/\/laprovidenciaovalle.cl\/colegio\/celebramos-el-inicio-del-ano-escolar-2025-con-esperanza-y-unidad\/#primaryimage\"},\"datePublished\":\"2025-03-31T14:34:15+00:00\",\"dateModified\":\"2025-03-31T14:34:15+00:00\",\"author\":{\"@id\":\"https:\/\/laprovidenciaovalle.cl\/colegio\/#\/schema\/person\/1035f45cd35e1948fb928fcdc74228fe\"},\"inLanguage\":\"es\",\"potentialAction\":[{\"@type\":\"ReadAction\",\"target\":[\"http:\/\/laprovidenciaovalle.cl\/colegio\/celebramos-el-inicio-del-ano-escolar-2025-con-esperanza-y-unidad\/\"]}]},{\"@type\":\"Person\",\"@id\":\"https:\/\/laprovidenciaovalle.cl\/colegio\/#\/schema\/person\/1035f45cd35e1948fb928fcdc74228fe\",\"name\":\"Comunicaciones Colegio\",\"image\":{\"@type\":\"ImageObject\",\"@id\":\"https:\/\/laprovidenciaovalle.cl\/colegio\/#personlogo\",\"inLanguage\":\"es\",\"url\":\"http:\/\/2.gravatar.com\/avatar\/5d0b6f6fbda2852def0dc3e63e38d319?s=96&d=mm&r=g\",\"caption\":\"Comunicaciones Colegio\"}}]}<\/script>\n<!-- \/ Yoast SEO plugin. -->","_links":{"self":[{"href":"http:\/\/laprovidenciaovalle.cl\/colegio\/wp-json\/wp\/v2\/posts\/17585"}],"collection":[{"href":"http:\/\/laprovidenciaovalle.cl\/colegio\/wp-json\/wp\/v2\/posts"}],"about":[{"href":"http:\/\/laprovidenciaovalle.cl\/colegio\/wp-json\/wp\/v2\/types\/post"}],"author":[{"embeddable":true,"href":"http:\/\/laprovidenciaovalle.cl\/colegio\/wp-json\/wp\/v2\/users\/5"}],"replies":[{"embeddable":true,"href":"http:\/\/laprovidenciaovalle.cl\/colegio\/wp-json\/wp\/v2\/comments?post=17585"}],"version-history":[{"count":1,"href":"http:\/\/laprovidenciaovalle.cl\/colegio\/wp-json\/wp\/v2\/posts\/17585\/revisions"}],"predecessor-version":[{"id":17601,"href":"http:\/\/laprovidenciaovalle.cl\/colegio\/wp-json\/wp\/v2\/posts\/17585\/revisions\/17601"}],"wp:featuredmedia":[{"embeddable":true,"href":"http:\/\/laprovidenciaovalle.cl\/colegio\/wp-json\/wp\/v2\/media\/17586"}],"wp:attachment":[{"href":"http:\/\/laprovidenciaovalle.cl\/colegio\/wp-json\/wp\/v2\/media?parent=17585"}],"wp:term":[{"taxonomy":"category","embeddable":true,"href":"http:\/\/laprovidenciaovalle.cl\/colegio\/wp-json\/wp\/v2\/categories?post=17585"},{"taxonomy":"post_tag","embeddable":true,"href":"http:\/\/laprovidenciaovalle.cl\/colegio\/wp-json\/wp\/v2\/tags?post=17585"}],"curies":[{"name":"wp","href":"https:\/\/api.w.org\/{rel}","templated":true}]}}