{"id":17602,"date":"2025-03-31T12:21:33","date_gmt":"2025-03-31T15:21:33","guid":{"rendered":"http:\/\/laprovidenciaovalle.cl\/colegio\/?p=17602"},"modified":"2025-03-31T12:21:33","modified_gmt":"2025-03-31T15:21:33","slug":"dia-contra-el-ciberacoso-una-campana-para-promover-el-respeto-en-el-entorno-digital","status":"publish","type":"post","link":"http:\/\/laprovidenciaovalle.cl\/colegio\/dia-contra-el-ciberacoso-una-campana-para-promover-el-respeto-en-el-entorno-digital\/","title":{"rendered":"D\u00eda contra el Ciberacoso: Una campa\u00f1a para promover el respeto en el entorno digital"},"content":{"rendered":"<p>El pasado <strong>13 de marzo<\/strong>, en el marco del <strong>D\u00eda contra el Ciberacoso<\/strong>, el equipo de Convivencia Escolar de nuestro colegio lanz\u00f3 una significativa campa\u00f1a destinada a concientizar a la comunidad educativa sobre la importancia de prevenir la violencia en las interacciones dentro del mundo digital.<\/p>\n<p>La jornada comenz\u00f3 con una <strong>oraci\u00f3n matinal<\/strong> en la que docentes, asistentes de la educaci\u00f3n, directivos, estudiantes y representantes del centro de padres participaron levantando carteles con mensajes positivos. Este acto fue seguido por enriquecedores <strong>di\u00e1logos formativos en las aulas<\/strong>, donde docentes y estudiantes reflexionaron sobre temas sensibles como las p\u00e1ginas de confesiones y los actos de violencia que surgen desde el anonimato, incluidas im\u00e1genes, videos y comentarios que causan da\u00f1o.<\/p>\n<p>Como parte de esta campa\u00f1a, se desarroll\u00f3 tambi\u00e9n una <strong>c\u00e1psula audiovisual<\/strong> con la participaci\u00f3n activa de las estudiantes. La iniciativa culminar\u00e1 el pr\u00f3ximo <strong>7 de abril<\/strong> durante la reuni\u00f3n\u00a0 padres y apoderados, cuyo objetivo ser\u00e1 entregar herramientas para promover el bien com\u00fan y modelar el buen trato en la comunidad educativa.<\/p>\n<p><strong>Con el compromiso de toda la comunidad, seguimos trabajando por un entorno digital m\u00e1s respetuoso y seguro para todos.<\/strong><\/p>\n<div style=\"width: 720px;\" class=\"wp-video\"><!--[if lt IE 9]><script>document.createElement('video');<\/script><![endif]-->\n<video class=\"wp-video-shortcode\" id=\"video-17602-1\" width=\"720\" height=\"1280\" preload=\"metadata\" controls=\"controls\"><source type=\"video\/mp4\" src=\"http:\/\/laprovidenciaovalle.cl\/colegio\/wp-content\/uploads\/2025\/03\/Welcome-1.mp4?_=1\" \/><a href=\"http:\/\/laprovidenciaovalle.cl\/colegio\/wp-content\/uploads\/2025\/03\/Welcome-1.mp4\">http:\/\/laprovidenciaovalle.cl\/colegio\/wp-content\/uploads\/2025\/03\/Welcome-1.mp4<\/a><\/video><\/div>\n","protected":false},"excerpt":{"rendered":"<p>El pasado 13 de marzo, en el marco del D\u00eda contra el Ciberacoso, el equipo de Convivencia Escolar de nuestro colegio lanz\u00f3 una significativa campa\u00f1a destinada a concientizar a la comunidad educativa sobre la importancia de prevenir la violencia en las interacciones dentro del mundo digital. La jornada comenz\u00f3 con una oraci\u00f3n matinal en la que docentes, asistentes de la&nbsp;<a href=\"http:\/\/laprovidenciaovalle.cl\/colegio\/dia-contra-el-ciberacoso-una-campana-para-promover-el-respeto-en-el-entorno-digital\/\">[&hellip;]<\/a><\/p>\n","protected":false},"author":5,"featured_media":17604,"comment_status":"closed","ping_status":"closed","sticky":false,"template":"","format":"standard","meta":[],"categories":[16],"tags":[],"yoast_head":"<!-- This site is optimized with the Yoast SEO plugin v15.2 - https:\/\/yoast.com\/wordpress\/plugins\/seo\/ -->\n<title>D\u00eda contra el Ciberacoso: Una campa\u00f1a para promover el respeto en el entorno digital - Colegio La Providencia<\/title>\n<meta name=\"robots\" content=\"index, follow, max-snippet:-1, max-image-preview:large, max-video-preview:-1\" \/>\n<link rel=\"canonical\" href=\"http:\/\/laprovidenciaovalle.cl\/colegio\/dia-contra-el-ciberacoso-una-campana-para-promover-el-respeto-en-el-entorno-digital\/\" \/>\n<meta property=\"og:locale\" content=\"es_ES\" \/>\n<meta property=\"og:type\" content=\"article\" \/>\n<meta property=\"og:title\" content=\"D\u00eda contra el Ciberacoso: Una campa\u00f1a para promover el respeto en el entorno digital - Colegio La Providencia\" \/>\n<meta property=\"og:description\" content=\"El pasado 13 de marzo, en el marco del D\u00eda contra el Ciberacoso, el equipo de Convivencia Escolar de nuestro colegio lanz\u00f3 una significativa campa\u00f1a destinada a concientizar a la comunidad educativa sobre la importancia de prevenir la violencia en las interacciones dentro del mundo digital. La jornada comenz\u00f3 con una oraci\u00f3n matinal en la que docentes, asistentes de la&nbsp;[&hellip;]\" \/>\n<meta property=\"og:url\" content=\"http:\/\/laprovidenciaovalle.cl\/colegio\/dia-contra-el-ciberacoso-una-campana-para-promover-el-respeto-en-el-entorno-digital\/\" \/>\n<meta property=\"og:site_name\" content=\"Colegio La Providencia\" \/>\n<meta property=\"article:published_time\" content=\"2025-03-31T15:21:33+00:00\" \/>\n<meta property=\"og:image\" content=\"http:\/\/laprovidenciaovalle.cl\/colegio\/wp-content\/uploads\/2025\/03\/Diseno-sin-titulo-5-1024x576.png\" \/>\n\t<meta property=\"og:image:width\" content=\"1024\" \/>\n\t<meta property=\"og:image:height\" content=\"576\" \/>\n<meta name=\"twitter:card\" content=\"summary_large_image\" \/>\n<meta name=\"twitter:label1\" value=\"Escrito por\">\n\t<meta name=\"twitter:data1\" value=\"Comunicaciones Colegio\">\n\t<meta name=\"twitter:label2\" value=\"Tiempo de lectura\">\n\t<meta name=\"twitter:data2\" value=\"1 minuto\">\n<script type=\"application\/ld+json\" class=\"yoast-schema-graph\">{\"@context\":\"https:\/\/schema.org\",\"@graph\":[{\"@type\":\"WebSite\",\"@id\":\"https:\/\/laprovidenciaovalle.cl\/colegio\/#website\",\"url\":\"https:\/\/laprovidenciaovalle.cl\/colegio\/\",\"name\":\"Colegio La Providencia\",\"description\":\"Ovalle\",\"potentialAction\":[{\"@type\":\"SearchAction\",\"target\":\"https:\/\/laprovidenciaovalle.cl\/colegio\/?s={search_term_string}\",\"query-input\":\"required name=search_term_string\"}],\"inLanguage\":\"es\"},{\"@type\":\"ImageObject\",\"@id\":\"http:\/\/laprovidenciaovalle.cl\/colegio\/dia-contra-el-ciberacoso-una-campana-para-promover-el-respeto-en-el-entorno-digital\/#primaryimage\",\"inLanguage\":\"es\",\"url\":\"http:\/\/laprovidenciaovalle.cl\/colegio\/wp-content\/uploads\/2025\/03\/Diseno-sin-titulo-5.png\",\"width\":1920,\"height\":1080},{\"@type\":\"WebPage\",\"@id\":\"http:\/\/laprovidenciaovalle.cl\/colegio\/dia-contra-el-ciberacoso-una-campana-para-promover-el-respeto-en-el-entorno-digital\/#webpage\",\"url\":\"http:\/\/laprovidenciaovalle.cl\/colegio\/dia-contra-el-ciberacoso-una-campana-para-promover-el-respeto-en-el-entorno-digital\/\",\"name\":\"D\\u00eda contra el Ciberacoso: Una campa\\u00f1a para promover el respeto en el entorno digital - Colegio La Providencia\",\"isPartOf\":{\"@id\":\"https:\/\/laprovidenciaovalle.cl\/colegio\/#website\"},\"primaryImageOfPage\":{\"@id\":\"http:\/\/laprovidenciaovalle.cl\/colegio\/dia-contra-el-ciberacoso-una-campana-para-promover-el-respeto-en-el-entorno-digital\/#primaryimage\"},\"datePublished\":\"2025-03-31T15:21:33+00:00\",\"dateModified\":\"2025-03-31T15:21:33+00:00\",\"author\":{\"@id\":\"https:\/\/laprovidenciaovalle.cl\/colegio\/#\/schema\/person\/1035f45cd35e1948fb928fcdc74228fe\"},\"inLanguage\":\"es\",\"potentialAction\":[{\"@type\":\"ReadAction\",\"target\":[\"http:\/\/laprovidenciaovalle.cl\/colegio\/dia-contra-el-ciberacoso-una-campana-para-promover-el-respeto-en-el-entorno-digital\/\"]}]},{\"@type\":\"Person\",\"@id\":\"https:\/\/laprovidenciaovalle.cl\/colegio\/#\/schema\/person\/1035f45cd35e1948fb928fcdc74228fe\",\"name\":\"Comunicaciones Colegio\",\"image\":{\"@type\":\"ImageObject\",\"@id\":\"https:\/\/laprovidenciaovalle.cl\/colegio\/#personlogo\",\"inLanguage\":\"es\",\"url\":\"http:\/\/2.gravatar.com\/avatar\/5d0b6f6fbda2852def0dc3e63e38d319?s=96&d=mm&r=g\",\"caption\":\"Comunicaciones Colegio\"}}]}<\/script>\n<!-- \/ Yoast SEO plugin. -->","_links":{"self":[{"href":"http:\/\/laprovidenciaovalle.cl\/colegio\/wp-json\/wp\/v2\/posts\/17602"}],"collection":[{"href":"http:\/\/laprovidenciaovalle.cl\/colegio\/wp-json\/wp\/v2\/posts"}],"about":[{"href":"http:\/\/laprovidenciaovalle.cl\/colegio\/wp-json\/wp\/v2\/types\/post"}],"author":[{"embeddable":true,"href":"http:\/\/laprovidenciaovalle.cl\/colegio\/wp-json\/wp\/v2\/users\/5"}],"replies":[{"embeddable":true,"href":"http:\/\/laprovidenciaovalle.cl\/colegio\/wp-json\/wp\/v2\/comments?post=17602"}],"version-history":[{"count":1,"href":"http:\/\/laprovidenciaovalle.cl\/colegio\/wp-json\/wp\/v2\/posts\/17602\/revisions"}],"predecessor-version":[{"id":17605,"href":"http:\/\/laprovidenciaovalle.cl\/colegio\/wp-json\/wp\/v2\/posts\/17602\/revisions\/17605"}],"wp:featuredmedia":[{"embeddable":true,"href":"http:\/\/laprovidenciaovalle.cl\/colegio\/wp-json\/wp\/v2\/media\/17604"}],"wp:attachment":[{"href":"http:\/\/laprovidenciaovalle.cl\/colegio\/wp-json\/wp\/v2\/media?parent=17602"}],"wp:term":[{"taxonomy":"category","embeddable":true,"href":"http:\/\/laprovidenciaovalle.cl\/colegio\/wp-json\/wp\/v2\/categories?post=17602"},{"taxonomy":"post_tag","embeddable":true,"href":"http:\/\/laprovidenciaovalle.cl\/colegio\/wp-json\/wp\/v2\/tags?post=17602"}],"curies":[{"name":"wp","href":"https:\/\/api.w.org\/{rel}","templated":true}]}}