{"id":2010,"date":"2018-09-03T10:53:22","date_gmt":"2018-09-03T13:53:22","guid":{"rendered":"http:\/\/laprovidenciaovalle.cl\/colegio\/?p=2010"},"modified":"2018-09-03T13:15:09","modified_gmt":"2018-09-03T16:15:09","slug":"exposicion-dia-de-la-educacion-tecnica","status":"publish","type":"post","link":"http:\/\/laprovidenciaovalle.cl\/colegio\/exposicion-dia-de-la-educacion-tecnica\/","title":{"rendered":"Exposici\u00f3n D\u00eda de la Educaci\u00f3n T\u00e9cnica"},"content":{"rendered":"<p>Este a\u00f1o se cumplen 76 a\u00f1os desde que el Presidente Juan Antonio R\u00edos reconoci\u00f3 la importancia de la Educaci\u00f3n T\u00e9cnica en el desarrollo productivo del pa\u00eds a trav\u00e9s de la creaci\u00f3n de la Direcci\u00f3n General de Ense\u00f1anza Profesional, la cual se realiz\u00f3 el 26 de agosto de 1942. En el marco de esta celebraci\u00f3n, las alumnas de 3\u00b0 y 4\u00b0 nivel de las cuatro especialidades de nuestro establecimiento realizaron una muestra con la finalidad de exponer los trabajos que desarrollan las est<span class=\"text_exposed_show\">udiantes durante el a\u00f1o. La exposici\u00f3n cont\u00f3 con muestras de reposter\u00eda, stands de legislaci\u00f3n laboral, transferencia de conocimientos en reanimaci\u00f3n, expresi\u00f3n literaria y teatral, entre otras actividades que llamaron la atenci\u00f3n de los presentes.<\/span><\/p>\n<div class=\"text_exposed_show\">\n<p>Felicitamos a nuestras estudiantes y Coordinadores de Especialidades por haber participado de esta experiencia.<\/p>\n<p>Agradecemos tambi\u00e9n la visita de las alumnas de 8\u00b0 b\u00e1sico de la Escuela Santa Teresita de Los Andes de Punitaqui por su vista.<\/p>\n<p>&nbsp;<\/p>\n\n\t\t<style type=\"text\/css\">\n\t\t\t#gallery-1 {\n\t\t\t\tmargin: auto;\n\t\t\t}\n\t\t\t#gallery-1 .gallery-item {\n\t\t\t\tfloat: left;\n\t\t\t\tmargin-top: 10px;\n\t\t\t\ttext-align: center;\n\t\t\t\twidth: 33%;\n\t\t\t}\n\t\t\t#gallery-1 img {\n\t\t\t\tborder: 2px solid #cfcfcf;\n\t\t\t}\n\t\t\t#gallery-1 .gallery-caption {\n\t\t\t\tmargin-left: 0;\n\t\t\t}\n\t\t\t\/* see gallery_shortcode() in wp-includes\/media.php *\/\n\t\t<\/style>\n\t\t<div id='gallery-1' class='gallery galleryid-2010 gallery-columns-3 gallery-size-thumbnail'><dl class='gallery-item'>\n\t\t\t<dt class='gallery-icon portrait'>\n\t\t\t\t<a href='http:\/\/laprovidenciaovalle.cl\/colegio\/wp-content\/uploads\/2018\/09\/40562581_543972096047939_622277169904615424_o.jpg'><img width=\"150\" height=\"150\" src=\"http:\/\/laprovidenciaovalle.cl\/colegio\/wp-content\/uploads\/2018\/09\/40562581_543972096047939_622277169904615424_o-150x150.jpg\" class=\"attachment-thumbnail size-thumbnail\" alt=\"\" loading=\"lazy\" srcset=\"http:\/\/laprovidenciaovalle.cl\/colegio\/wp-content\/uploads\/2018\/09\/40562581_543972096047939_622277169904615424_o-150x150.jpg 150w, http:\/\/laprovidenciaovalle.cl\/colegio\/wp-content\/uploads\/2018\/09\/40562581_543972096047939_622277169904615424_o-768x768.jpg 768w\" sizes=\"(max-width: 150px) 100vw, 150px\" \/><\/a>\n\t\t\t<\/dt><\/dl><dl class='gallery-item'>\n\t\t\t<dt class='gallery-icon landscape'>\n\t\t\t\t<a href='http:\/\/laprovidenciaovalle.cl\/colegio\/wp-content\/uploads\/2018\/09\/40513612_543974426047706_207430406247546880_o.jpg'><img width=\"150\" height=\"150\" src=\"http:\/\/laprovidenciaovalle.cl\/colegio\/wp-content\/uploads\/2018\/09\/40513612_543974426047706_207430406247546880_o-150x150.jpg\" class=\"attachment-thumbnail size-thumbnail\" alt=\"\" loading=\"lazy\" srcset=\"http:\/\/laprovidenciaovalle.cl\/colegio\/wp-content\/uploads\/2018\/09\/40513612_543974426047706_207430406247546880_o-150x150.jpg 150w, http:\/\/laprovidenciaovalle.cl\/colegio\/wp-content\/uploads\/2018\/09\/40513612_543974426047706_207430406247546880_o-768x768.jpg 768w\" sizes=\"(max-width: 150px) 100vw, 150px\" \/><\/a>\n\t\t\t<\/dt><\/dl><dl class='gallery-item'>\n\t\t\t<dt class='gallery-icon landscape'>\n\t\t\t\t<a href='http:\/\/laprovidenciaovalle.cl\/colegio\/wp-content\/uploads\/2018\/09\/40458187_543973049381177_4021039173828870144_o.jpg'><img width=\"150\" height=\"150\" src=\"http:\/\/laprovidenciaovalle.cl\/colegio\/wp-content\/uploads\/2018\/09\/40458187_543973049381177_4021039173828870144_o-150x150.jpg\" class=\"attachment-thumbnail size-thumbnail\" alt=\"\" loading=\"lazy\" srcset=\"http:\/\/laprovidenciaovalle.cl\/colegio\/wp-content\/uploads\/2018\/09\/40458187_543973049381177_4021039173828870144_o-150x150.jpg 150w, http:\/\/laprovidenciaovalle.cl\/colegio\/wp-content\/uploads\/2018\/09\/40458187_543973049381177_4021039173828870144_o-768x768.jpg 768w\" sizes=\"(max-width: 150px) 100vw, 150px\" \/><\/a>\n\t\t\t<\/dt><\/dl><br style=\"clear: both\" \/><dl class='gallery-item'>\n\t\t\t<dt class='gallery-icon landscape'>\n\t\t\t\t<a href='http:\/\/laprovidenciaovalle.cl\/colegio\/wp-content\/uploads\/2018\/09\/40429980_543973036047845_708424039084851200_o.jpg'><img width=\"150\" height=\"150\" src=\"http:\/\/laprovidenciaovalle.cl\/colegio\/wp-content\/uploads\/2018\/09\/40429980_543973036047845_708424039084851200_o-150x150.jpg\" class=\"attachment-thumbnail size-thumbnail\" alt=\"\" loading=\"lazy\" srcset=\"http:\/\/laprovidenciaovalle.cl\/colegio\/wp-content\/uploads\/2018\/09\/40429980_543973036047845_708424039084851200_o-150x150.jpg 150w, http:\/\/laprovidenciaovalle.cl\/colegio\/wp-content\/uploads\/2018\/09\/40429980_543973036047845_708424039084851200_o-768x768.jpg 768w\" sizes=\"(max-width: 150px) 100vw, 150px\" \/><\/a>\n\t\t\t<\/dt><\/dl><dl class='gallery-item'>\n\t\t\t<dt class='gallery-icon portrait'>\n\t\t\t\t<a href='http:\/\/laprovidenciaovalle.cl\/colegio\/wp-content\/uploads\/2018\/09\/40421139_543972149381267_4583859771425161216_o.jpg'><img width=\"150\" height=\"150\" src=\"http:\/\/laprovidenciaovalle.cl\/colegio\/wp-content\/uploads\/2018\/09\/40421139_543972149381267_4583859771425161216_o-150x150.jpg\" class=\"attachment-thumbnail size-thumbnail\" alt=\"\" loading=\"lazy\" aria-describedby=\"gallery-1-2011\" srcset=\"http:\/\/laprovidenciaovalle.cl\/colegio\/wp-content\/uploads\/2018\/09\/40421139_543972149381267_4583859771425161216_o-150x150.jpg 150w, http:\/\/laprovidenciaovalle.cl\/colegio\/wp-content\/uploads\/2018\/09\/40421139_543972149381267_4583859771425161216_o-768x768.jpg 768w\" sizes=\"(max-width: 150px) 100vw, 150px\" \/><\/a>\n\t\t\t<\/dt>\n\t\t\t\t<dd class='wp-caption-text gallery-caption' id='gallery-1-2011'>\n\t\t\t\tEspecialidades: Atenci\u00f3n de Enfermer\u00eda\n\t\t\t\t<\/dd><\/dl>\n\t\t\t<br style='clear: both' \/>\n\t\t<\/div>\n\n<p>&nbsp;<\/p>\n<p>&nbsp;<\/p>\n<\/div>\n","protected":false},"excerpt":{"rendered":"<p>Este a\u00f1o se cumplen 76 a\u00f1os desde que el Presidente Juan Antonio R\u00edos reconoci\u00f3 la importancia de la Educaci\u00f3n T\u00e9cnica en el desarrollo productivo del pa\u00eds a trav\u00e9s de la creaci\u00f3n de la Direcci\u00f3n General de Ense\u00f1anza Profesional, la cual se realiz\u00f3 el 26 de agosto de 1942. En el marco de esta celebraci\u00f3n, las alumnas de 3\u00b0 y 4\u00b0&nbsp;<a href=\"http:\/\/laprovidenciaovalle.cl\/colegio\/exposicion-dia-de-la-educacion-tecnica\/\">[&hellip;]<\/a><\/p>\n","protected":false},"author":5,"featured_media":2014,"comment_status":"closed","ping_status":"closed","sticky":false,"template":"","format":"standard","meta":[],"categories":[16],"tags":[32],"yoast_head":"<!-- This site is optimized with the Yoast SEO plugin v15.2 - https:\/\/yoast.com\/wordpress\/plugins\/seo\/ -->\n<title>Exposici\u00f3n D\u00eda de la Educaci\u00f3n T\u00e9cnica - Colegio La Providencia<\/title>\n<meta name=\"robots\" content=\"index, follow, max-snippet:-1, max-image-preview:large, max-video-preview:-1\" \/>\n<link rel=\"canonical\" href=\"https:\/\/laprovidenciaovalle.cl\/colegio\/exposicion-dia-de-la-educacion-tecnica\/\" \/>\n<meta property=\"og:locale\" content=\"es_ES\" \/>\n<meta property=\"og:type\" content=\"article\" \/>\n<meta property=\"og:title\" content=\"Exposici\u00f3n D\u00eda de la Educaci\u00f3n T\u00e9cnica - Colegio La Providencia\" \/>\n<meta property=\"og:description\" content=\"Este a\u00f1o se cumplen 76 a\u00f1os desde que el Presidente Juan Antonio R\u00edos reconoci\u00f3 la importancia de la Educaci\u00f3n T\u00e9cnica en el desarrollo productivo del pa\u00eds a trav\u00e9s de la creaci\u00f3n de la Direcci\u00f3n General de Ense\u00f1anza Profesional, la cual se realiz\u00f3 el 26 de agosto de 1942. En el marco de esta celebraci\u00f3n, las alumnas de 3\u00b0 y 4\u00b0&nbsp;[&hellip;]\" \/>\n<meta property=\"og:url\" content=\"https:\/\/laprovidenciaovalle.cl\/colegio\/exposicion-dia-de-la-educacion-tecnica\/\" \/>\n<meta property=\"og:site_name\" content=\"Colegio La Providencia\" \/>\n<meta property=\"article:published_time\" content=\"2018-09-03T13:53:22+00:00\" \/>\n<meta property=\"article:modified_time\" content=\"2018-09-03T16:15:09+00:00\" \/>\n<meta property=\"og:image\" content=\"http:\/\/laprovidenciaovalle.cl\/colegio\/wp-content\/uploads\/2018\/09\/40513612_543974426047706_207430406247546880_o.jpg\" \/>\n\t<meta property=\"og:image:width\" content=\"1944\" \/>\n\t<meta property=\"og:image:height\" content=\"1296\" \/>\n<meta name=\"twitter:card\" content=\"summary_large_image\" \/>\n<meta name=\"twitter:label1\" value=\"Escrito por\">\n\t<meta name=\"twitter:data1\" value=\"Comunicaciones Colegio\">\n\t<meta name=\"twitter:label2\" value=\"Tiempo de lectura\">\n\t<meta name=\"twitter:data2\" value=\"1 minuto\">\n<script type=\"application\/ld+json\" class=\"yoast-schema-graph\">{\"@context\":\"https:\/\/schema.org\",\"@graph\":[{\"@type\":\"WebSite\",\"@id\":\"https:\/\/laprovidenciaovalle.cl\/colegio\/#website\",\"url\":\"https:\/\/laprovidenciaovalle.cl\/colegio\/\",\"name\":\"Colegio La Providencia\",\"description\":\"Ovalle\",\"potentialAction\":[{\"@type\":\"SearchAction\",\"target\":\"https:\/\/laprovidenciaovalle.cl\/colegio\/?s={search_term_string}\",\"query-input\":\"required name=search_term_string\"}],\"inLanguage\":\"es\"},{\"@type\":\"ImageObject\",\"@id\":\"https:\/\/laprovidenciaovalle.cl\/colegio\/exposicion-dia-de-la-educacion-tecnica\/#primaryimage\",\"inLanguage\":\"es\",\"url\":\"http:\/\/laprovidenciaovalle.cl\/colegio\/wp-content\/uploads\/2018\/09\/40513612_543974426047706_207430406247546880_o.jpg\",\"width\":1944,\"height\":1296},{\"@type\":\"WebPage\",\"@id\":\"https:\/\/laprovidenciaovalle.cl\/colegio\/exposicion-dia-de-la-educacion-tecnica\/#webpage\",\"url\":\"https:\/\/laprovidenciaovalle.cl\/colegio\/exposicion-dia-de-la-educacion-tecnica\/\",\"name\":\"Exposici\\u00f3n D\\u00eda de la Educaci\\u00f3n T\\u00e9cnica - Colegio La Providencia\",\"isPartOf\":{\"@id\":\"https:\/\/laprovidenciaovalle.cl\/colegio\/#website\"},\"primaryImageOfPage\":{\"@id\":\"https:\/\/laprovidenciaovalle.cl\/colegio\/exposicion-dia-de-la-educacion-tecnica\/#primaryimage\"},\"datePublished\":\"2018-09-03T13:53:22+00:00\",\"dateModified\":\"2018-09-03T16:15:09+00:00\",\"author\":{\"@id\":\"https:\/\/laprovidenciaovalle.cl\/colegio\/#\/schema\/person\/1035f45cd35e1948fb928fcdc74228fe\"},\"inLanguage\":\"es\",\"potentialAction\":[{\"@type\":\"ReadAction\",\"target\":[\"https:\/\/laprovidenciaovalle.cl\/colegio\/exposicion-dia-de-la-educacion-tecnica\/\"]}]},{\"@type\":\"Person\",\"@id\":\"https:\/\/laprovidenciaovalle.cl\/colegio\/#\/schema\/person\/1035f45cd35e1948fb928fcdc74228fe\",\"name\":\"Comunicaciones Colegio\",\"image\":{\"@type\":\"ImageObject\",\"@id\":\"https:\/\/laprovidenciaovalle.cl\/colegio\/#personlogo\",\"inLanguage\":\"es\",\"url\":\"http:\/\/2.gravatar.com\/avatar\/5d0b6f6fbda2852def0dc3e63e38d319?s=96&d=mm&r=g\",\"caption\":\"Comunicaciones Colegio\"}}]}<\/script>\n<!-- \/ Yoast SEO plugin. -->","_links":{"self":[{"href":"http:\/\/laprovidenciaovalle.cl\/colegio\/wp-json\/wp\/v2\/posts\/2010"}],"collection":[{"href":"http:\/\/laprovidenciaovalle.cl\/colegio\/wp-json\/wp\/v2\/posts"}],"about":[{"href":"http:\/\/laprovidenciaovalle.cl\/colegio\/wp-json\/wp\/v2\/types\/post"}],"author":[{"embeddable":true,"href":"http:\/\/laprovidenciaovalle.cl\/colegio\/wp-json\/wp\/v2\/users\/5"}],"replies":[{"embeddable":true,"href":"http:\/\/laprovidenciaovalle.cl\/colegio\/wp-json\/wp\/v2\/comments?post=2010"}],"version-history":[{"count":3,"href":"http:\/\/laprovidenciaovalle.cl\/colegio\/wp-json\/wp\/v2\/posts\/2010\/revisions"}],"predecessor-version":[{"id":2025,"href":"http:\/\/laprovidenciaovalle.cl\/colegio\/wp-json\/wp\/v2\/posts\/2010\/revisions\/2025"}],"wp:featuredmedia":[{"embeddable":true,"href":"http:\/\/laprovidenciaovalle.cl\/colegio\/wp-json\/wp\/v2\/media\/2014"}],"wp:attachment":[{"href":"http:\/\/laprovidenciaovalle.cl\/colegio\/wp-json\/wp\/v2\/media?parent=2010"}],"wp:term":[{"taxonomy":"category","embeddable":true,"href":"http:\/\/laprovidenciaovalle.cl\/colegio\/wp-json\/wp\/v2\/categories?post=2010"},{"taxonomy":"post_tag","embeddable":true,"href":"http:\/\/laprovidenciaovalle.cl\/colegio\/wp-json\/wp\/v2\/tags?post=2010"}],"curies":[{"name":"wp","href":"https:\/\/api.w.org\/{rel}","templated":true}]}}