{"id":2018,"date":"2018-09-03T11:20:07","date_gmt":"2018-09-03T14:20:07","guid":{"rendered":"http:\/\/laprovidenciaovalle.cl\/colegio\/?p=2018"},"modified":"2018-09-03T13:11:20","modified_gmt":"2018-09-03T16:11:20","slug":"academia-de-basquetbol-sigue-sumando-triunfos-y-se-prepara-para-el-regional","status":"publish","type":"post","link":"http:\/\/laprovidenciaovalle.cl\/colegio\/academia-de-basquetbol-sigue-sumando-triunfos-y-se-prepara-para-el-regional\/","title":{"rendered":"Academia de B\u00e1squetbol sigue sumando triunfos y se prepara para el Regional"},"content":{"rendered":"<p>Con dedicaci\u00f3n y esfuerzo , la Academia de B\u00e1squetbol del Colegio dirigida por el Profesor Allan Rojas Past\u00e9n, est\u00e1 trabajando semana a semana en mejorar el rendimiento y esto se ha visto reflejado en los triunfos obtenidos durante este \u00faltimo\u00a0 en tiempo en los Juegos Deportivos Escolares, organizado por el Instituto Nacional del Deporte, el Equipo Sub 14 , obtuvo el 1\u00b0 Lugar Comunal y represent\u00f3 a la Comuna en la Etapa Provincial realizada en Combarbal\u00e1, por otra parte el equipo Sub 17, obtuvo el 1\u00b0 Lugar en la Etapa Comunal y Provincial y participar\u00e1 en los Regionales a realizarse el mi\u00e9rcoles 05 Septiembre en La Serena, \u00e9xito y a seguir representando al Colegio en las Competencias Deportivas.<\/p>\n\n\t\t<style type=\"text\/css\">\n\t\t\t#gallery-1 {\n\t\t\t\tmargin: auto;\n\t\t\t}\n\t\t\t#gallery-1 .gallery-item {\n\t\t\t\tfloat: left;\n\t\t\t\tmargin-top: 10px;\n\t\t\t\ttext-align: center;\n\t\t\t\twidth: 33%;\n\t\t\t}\n\t\t\t#gallery-1 img {\n\t\t\t\tborder: 2px solid #cfcfcf;\n\t\t\t}\n\t\t\t#gallery-1 .gallery-caption {\n\t\t\t\tmargin-left: 0;\n\t\t\t}\n\t\t\t\/* see gallery_shortcode() in wp-includes\/media.php *\/\n\t\t<\/style>\n\t\t<div id='gallery-1' class='gallery galleryid-2018 gallery-columns-3 gallery-size-thumbnail'><dl class='gallery-item'>\n\t\t\t<dt class='gallery-icon landscape'>\n\t\t\t\t<a href='http:\/\/laprovidenciaovalle.cl\/colegio\/wp-content\/uploads\/2018\/09\/40625743_10155974267682635_1177539295074844672_o.jpg'><img width=\"150\" height=\"150\" src=\"http:\/\/laprovidenciaovalle.cl\/colegio\/wp-content\/uploads\/2018\/09\/40625743_10155974267682635_1177539295074844672_o-150x150.jpg\" class=\"attachment-thumbnail size-thumbnail\" alt=\"\" loading=\"lazy\" srcset=\"http:\/\/laprovidenciaovalle.cl\/colegio\/wp-content\/uploads\/2018\/09\/40625743_10155974267682635_1177539295074844672_o-150x150.jpg 150w, http:\/\/laprovidenciaovalle.cl\/colegio\/wp-content\/uploads\/2018\/09\/40625743_10155974267682635_1177539295074844672_o-768x768.jpg 768w\" sizes=\"(max-width: 150px) 100vw, 150px\" \/><\/a>\n\t\t\t<\/dt><\/dl><dl class='gallery-item'>\n\t\t\t<dt class='gallery-icon landscape'>\n\t\t\t\t<a href='http:\/\/laprovidenciaovalle.cl\/colegio\/wp-content\/uploads\/2018\/09\/40760376_10155974267732635_6826511120086335488_o.jpg'><img width=\"150\" height=\"150\" src=\"http:\/\/laprovidenciaovalle.cl\/colegio\/wp-content\/uploads\/2018\/09\/40760376_10155974267732635_6826511120086335488_o-150x150.jpg\" class=\"attachment-thumbnail size-thumbnail\" alt=\"\" loading=\"lazy\" srcset=\"http:\/\/laprovidenciaovalle.cl\/colegio\/wp-content\/uploads\/2018\/09\/40760376_10155974267732635_6826511120086335488_o-150x150.jpg 150w, http:\/\/laprovidenciaovalle.cl\/colegio\/wp-content\/uploads\/2018\/09\/40760376_10155974267732635_6826511120086335488_o-768x768.jpg 768w\" sizes=\"(max-width: 150px) 100vw, 150px\" \/><\/a>\n\t\t\t<\/dt><\/dl>\n\t\t\t<br style='clear: both' \/>\n\t\t<\/div>\n\n<p>&nbsp;<\/p>\n","protected":false},"excerpt":{"rendered":"<p>Con dedicaci\u00f3n y esfuerzo , la Academia de B\u00e1squetbol del Colegio dirigida por el Profesor Allan Rojas Past\u00e9n, est\u00e1 trabajando semana a semana en mejorar el rendimiento y esto se ha visto reflejado en los triunfos obtenidos durante este \u00faltimo\u00a0 en tiempo en los Juegos Deportivos Escolares, organizado por el Instituto Nacional del Deporte, el Equipo Sub 14 , obtuvo&nbsp;<a href=\"http:\/\/laprovidenciaovalle.cl\/colegio\/academia-de-basquetbol-sigue-sumando-triunfos-y-se-prepara-para-el-regional\/\">[&hellip;]<\/a><\/p>\n","protected":false},"author":5,"featured_media":2019,"comment_status":"closed","ping_status":"closed","sticky":false,"template":"","format":"standard","meta":[],"categories":[16],"tags":[33,36,35,34],"yoast_head":"<!-- This site is optimized with the Yoast SEO plugin v15.2 - https:\/\/yoast.com\/wordpress\/plugins\/seo\/ -->\n<title>Academia de B\u00e1squetbol sigue sumando triunfos y se prepara para el Regional - Colegio La Providencia<\/title>\n<meta name=\"robots\" content=\"index, follow, max-snippet:-1, max-image-preview:large, max-video-preview:-1\" \/>\n<link rel=\"canonical\" href=\"http:\/\/laprovidenciaovalle.cl\/colegio\/academia-de-basquetbol-sigue-sumando-triunfos-y-se-prepara-para-el-regional\/\" \/>\n<meta property=\"og:locale\" content=\"es_ES\" \/>\n<meta property=\"og:type\" content=\"article\" \/>\n<meta property=\"og:title\" content=\"Academia de B\u00e1squetbol sigue sumando triunfos y se prepara para el Regional - Colegio La Providencia\" \/>\n<meta property=\"og:description\" content=\"Con dedicaci\u00f3n y esfuerzo , la Academia de B\u00e1squetbol del Colegio dirigida por el Profesor Allan Rojas Past\u00e9n, est\u00e1 trabajando semana a semana en mejorar el rendimiento y esto se ha visto reflejado en los triunfos obtenidos durante este \u00faltimo\u00a0 en tiempo en los Juegos Deportivos Escolares, organizado por el Instituto Nacional del Deporte, el Equipo Sub 14 , obtuvo&nbsp;[&hellip;]\" \/>\n<meta property=\"og:url\" content=\"http:\/\/laprovidenciaovalle.cl\/colegio\/academia-de-basquetbol-sigue-sumando-triunfos-y-se-prepara-para-el-regional\/\" \/>\n<meta property=\"og:site_name\" content=\"Colegio La Providencia\" \/>\n<meta property=\"article:published_time\" content=\"2018-09-03T14:20:07+00:00\" \/>\n<meta property=\"article:modified_time\" content=\"2018-09-03T16:11:20+00:00\" \/>\n<meta property=\"og:image\" content=\"http:\/\/laprovidenciaovalle.cl\/colegio\/wp-content\/uploads\/2018\/09\/40760376_10155974267732635_6826511120086335488_o.jpg\" \/>\n\t<meta property=\"og:image:width\" content=\"2048\" \/>\n\t<meta property=\"og:image:height\" content=\"1361\" \/>\n<meta name=\"twitter:card\" content=\"summary_large_image\" \/>\n<meta name=\"twitter:label1\" value=\"Escrito por\">\n\t<meta name=\"twitter:data1\" value=\"Comunicaciones Colegio\">\n\t<meta name=\"twitter:label2\" value=\"Tiempo de lectura\">\n\t<meta name=\"twitter:data2\" value=\"0 minutos\">\n<script type=\"application\/ld+json\" class=\"yoast-schema-graph\">{\"@context\":\"https:\/\/schema.org\",\"@graph\":[{\"@type\":\"WebSite\",\"@id\":\"https:\/\/laprovidenciaovalle.cl\/colegio\/#website\",\"url\":\"https:\/\/laprovidenciaovalle.cl\/colegio\/\",\"name\":\"Colegio La Providencia\",\"description\":\"Ovalle\",\"potentialAction\":[{\"@type\":\"SearchAction\",\"target\":\"https:\/\/laprovidenciaovalle.cl\/colegio\/?s={search_term_string}\",\"query-input\":\"required name=search_term_string\"}],\"inLanguage\":\"es\"},{\"@type\":\"ImageObject\",\"@id\":\"http:\/\/laprovidenciaovalle.cl\/colegio\/academia-de-basquetbol-sigue-sumando-triunfos-y-se-prepara-para-el-regional\/#primaryimage\",\"inLanguage\":\"es\",\"url\":\"http:\/\/laprovidenciaovalle.cl\/colegio\/wp-content\/uploads\/2018\/09\/40760376_10155974267732635_6826511120086335488_o.jpg\",\"width\":2048,\"height\":1361},{\"@type\":\"WebPage\",\"@id\":\"http:\/\/laprovidenciaovalle.cl\/colegio\/academia-de-basquetbol-sigue-sumando-triunfos-y-se-prepara-para-el-regional\/#webpage\",\"url\":\"http:\/\/laprovidenciaovalle.cl\/colegio\/academia-de-basquetbol-sigue-sumando-triunfos-y-se-prepara-para-el-regional\/\",\"name\":\"Academia de B\\u00e1squetbol sigue sumando triunfos y se prepara para el Regional - Colegio La Providencia\",\"isPartOf\":{\"@id\":\"https:\/\/laprovidenciaovalle.cl\/colegio\/#website\"},\"primaryImageOfPage\":{\"@id\":\"http:\/\/laprovidenciaovalle.cl\/colegio\/academia-de-basquetbol-sigue-sumando-triunfos-y-se-prepara-para-el-regional\/#primaryimage\"},\"datePublished\":\"2018-09-03T14:20:07+00:00\",\"dateModified\":\"2018-09-03T16:11:20+00:00\",\"author\":{\"@id\":\"https:\/\/laprovidenciaovalle.cl\/colegio\/#\/schema\/person\/1035f45cd35e1948fb928fcdc74228fe\"},\"inLanguage\":\"es\",\"potentialAction\":[{\"@type\":\"ReadAction\",\"target\":[\"http:\/\/laprovidenciaovalle.cl\/colegio\/academia-de-basquetbol-sigue-sumando-triunfos-y-se-prepara-para-el-regional\/\"]}]},{\"@type\":\"Person\",\"@id\":\"https:\/\/laprovidenciaovalle.cl\/colegio\/#\/schema\/person\/1035f45cd35e1948fb928fcdc74228fe\",\"name\":\"Comunicaciones Colegio\",\"image\":{\"@type\":\"ImageObject\",\"@id\":\"https:\/\/laprovidenciaovalle.cl\/colegio\/#personlogo\",\"inLanguage\":\"es\",\"url\":\"http:\/\/2.gravatar.com\/avatar\/5d0b6f6fbda2852def0dc3e63e38d319?s=96&d=mm&r=g\",\"caption\":\"Comunicaciones Colegio\"}}]}<\/script>\n<!-- \/ Yoast SEO plugin. -->","_links":{"self":[{"href":"http:\/\/laprovidenciaovalle.cl\/colegio\/wp-json\/wp\/v2\/posts\/2018"}],"collection":[{"href":"http:\/\/laprovidenciaovalle.cl\/colegio\/wp-json\/wp\/v2\/posts"}],"about":[{"href":"http:\/\/laprovidenciaovalle.cl\/colegio\/wp-json\/wp\/v2\/types\/post"}],"author":[{"embeddable":true,"href":"http:\/\/laprovidenciaovalle.cl\/colegio\/wp-json\/wp\/v2\/users\/5"}],"replies":[{"embeddable":true,"href":"http:\/\/laprovidenciaovalle.cl\/colegio\/wp-json\/wp\/v2\/comments?post=2018"}],"version-history":[{"count":3,"href":"http:\/\/laprovidenciaovalle.cl\/colegio\/wp-json\/wp\/v2\/posts\/2018\/revisions"}],"predecessor-version":[{"id":2023,"href":"http:\/\/laprovidenciaovalle.cl\/colegio\/wp-json\/wp\/v2\/posts\/2018\/revisions\/2023"}],"wp:featuredmedia":[{"embeddable":true,"href":"http:\/\/laprovidenciaovalle.cl\/colegio\/wp-json\/wp\/v2\/media\/2019"}],"wp:attachment":[{"href":"http:\/\/laprovidenciaovalle.cl\/colegio\/wp-json\/wp\/v2\/media?parent=2018"}],"wp:term":[{"taxonomy":"category","embeddable":true,"href":"http:\/\/laprovidenciaovalle.cl\/colegio\/wp-json\/wp\/v2\/categories?post=2018"},{"taxonomy":"post_tag","embeddable":true,"href":"http:\/\/laprovidenciaovalle.cl\/colegio\/wp-json\/wp\/v2\/tags?post=2018"}],"curies":[{"name":"wp","href":"https:\/\/api.w.org\/{rel}","templated":true}]}}