{"id":2029,"date":"2018-09-09T23:27:38","date_gmt":"2018-09-10T02:27:38","guid":{"rendered":"http:\/\/laprovidenciaovalle.cl\/colegio\/?p=2029"},"modified":"2018-09-09T23:39:12","modified_gmt":"2018-09-10T02:39:12","slug":"celebracion-de-la-educacion-media-tecnico-profesional","status":"publish","type":"post","link":"http:\/\/laprovidenciaovalle.cl\/colegio\/celebracion-de-la-educacion-media-tecnico-profesional\/","title":{"rendered":"Celebraci\u00f3n de la Educaci\u00f3n Media T\u00e9cnico Profesional"},"content":{"rendered":"<p>En el marco de la celebraci\u00f3n de la creaci\u00f3n de la Direcci\u00f3n de educaci\u00f3n T\u00e9cnico Profesional, la Red de Colegios T\u00e9cnicos Profesional del Limar\u00ed (RED TP), organiz\u00f3 una ceremonia en la Direcci\u00f3n Provincial de Educaci\u00f3n del Limar\u00ed, en donde los 11 establecimientos de la Provincia premiaron a sus alumn@s destacados por cada una de las especialidades, en la ocasi\u00f3n nuestras alumnas presentaron dos n\u00famero art\u00edstico a cargo de la Academia de Danza de la Profesora In\u00e9s Boyd.<\/p>\n<p>Nuestras alumnas destacadas:<\/p>\n<ul>\n<li>Atenci\u00f3n de Enfermer\u00eda: Camila Andrea Perez Robles.<\/li>\n<li>Atenci\u00f3n de P\u00e1rvulos: Luisa Hern\u00e1ndez G\u00f3mez.<\/li>\n<li>Gastronom\u00eda, menci\u00f3n Pasteler\u00eda y Reposter\u00eda: Mayra Tatiana D\u00edaz D\u00edaz.<\/li>\n<li>Gastronom\u00eda, menci\u00f3n Cocina: Anita Araya Andrade.<\/li>\n<li>Administraci\u00f3n: Ver\u00f3nica Toro Wuillians.<\/li>\n<\/ul>\n<p><img loading=\"lazy\" class=\"alignnone size-medium wp-image-2033\" src=\"http:\/\/laprovidenciaovalle.cl\/colegio\/wp-content\/uploads\/2018\/09\/40904783_546556975789451_1607954413236781056_n-1-300x200.jpg\" alt=\"\" width=\"300\" height=\"200\" srcset=\"http:\/\/laprovidenciaovalle.cl\/colegio\/wp-content\/uploads\/2018\/09\/40904783_546556975789451_1607954413236781056_n-1-300x200.jpg 300w, http:\/\/laprovidenciaovalle.cl\/colegio\/wp-content\/uploads\/2018\/09\/40904783_546556975789451_1607954413236781056_n-1-768x510.jpg 768w, http:\/\/laprovidenciaovalle.cl\/colegio\/wp-content\/uploads\/2018\/09\/40904783_546556975789451_1607954413236781056_n-1-150x100.jpg 150w, http:\/\/laprovidenciaovalle.cl\/colegio\/wp-content\/uploads\/2018\/09\/40904783_546556975789451_1607954413236781056_n-1.jpg 960w\" sizes=\"(max-width: 300px) 100vw, 300px\" \/><img loading=\"lazy\" class=\"alignnone size-medium wp-image-2031\" src=\"http:\/\/laprovidenciaovalle.cl\/colegio\/wp-content\/uploads\/2018\/09\/41020295_546556562456159_3408544784078340096_n-300x200.jpg\" alt=\"\" width=\"300\" height=\"200\" srcset=\"http:\/\/laprovidenciaovalle.cl\/colegio\/wp-content\/uploads\/2018\/09\/41020295_546556562456159_3408544784078340096_n-300x200.jpg 300w, http:\/\/laprovidenciaovalle.cl\/colegio\/wp-content\/uploads\/2018\/09\/41020295_546556562456159_3408544784078340096_n-768x510.jpg 768w, http:\/\/laprovidenciaovalle.cl\/colegio\/wp-content\/uploads\/2018\/09\/41020295_546556562456159_3408544784078340096_n-150x100.jpg 150w, http:\/\/laprovidenciaovalle.cl\/colegio\/wp-content\/uploads\/2018\/09\/41020295_546556562456159_3408544784078340096_n.jpg 960w\" sizes=\"(max-width: 300px) 100vw, 300px\" \/><\/p>\n<p>&nbsp;<\/p>\n","protected":false},"excerpt":{"rendered":"<p>En el marco de la celebraci\u00f3n de la creaci\u00f3n de la Direcci\u00f3n de educaci\u00f3n T\u00e9cnico Profesional, la Red de Colegios T\u00e9cnicos Profesional del Limar\u00ed (RED TP), organiz\u00f3 una ceremonia en la Direcci\u00f3n Provincial de Educaci\u00f3n del Limar\u00ed, en donde los 11 establecimientos de la Provincia premiaron a sus alumn@s destacados por cada una de las especialidades, en la ocasi\u00f3n nuestras&nbsp;<a href=\"http:\/\/laprovidenciaovalle.cl\/colegio\/celebracion-de-la-educacion-media-tecnico-profesional\/\">[&hellip;]<\/a><\/p>\n","protected":false},"author":5,"featured_media":2032,"comment_status":"closed","ping_status":"closed","sticky":false,"template":"","format":"standard","meta":[],"categories":[16],"tags":[],"yoast_head":"<!-- This site is optimized with the Yoast SEO plugin v15.2 - https:\/\/yoast.com\/wordpress\/plugins\/seo\/ -->\n<title>Celebraci\u00f3n de la Educaci\u00f3n Media T\u00e9cnico Profesional - Colegio La Providencia<\/title>\n<meta name=\"robots\" content=\"index, follow, max-snippet:-1, max-image-preview:large, max-video-preview:-1\" \/>\n<link rel=\"canonical\" href=\"http:\/\/laprovidenciaovalle.cl\/colegio\/celebracion-de-la-educacion-media-tecnico-profesional\/\" \/>\n<meta property=\"og:locale\" content=\"es_ES\" \/>\n<meta property=\"og:type\" content=\"article\" \/>\n<meta property=\"og:title\" content=\"Celebraci\u00f3n de la Educaci\u00f3n Media T\u00e9cnico Profesional - Colegio La Providencia\" \/>\n<meta property=\"og:description\" content=\"En el marco de la celebraci\u00f3n de la creaci\u00f3n de la Direcci\u00f3n de educaci\u00f3n T\u00e9cnico Profesional, la Red de Colegios T\u00e9cnicos Profesional del Limar\u00ed (RED TP), organiz\u00f3 una ceremonia en la Direcci\u00f3n Provincial de Educaci\u00f3n del Limar\u00ed, en donde los 11 establecimientos de la Provincia premiaron a sus alumn@s destacados por cada una de las especialidades, en la ocasi\u00f3n nuestras&nbsp;[&hellip;]\" \/>\n<meta property=\"og:url\" content=\"http:\/\/laprovidenciaovalle.cl\/colegio\/celebracion-de-la-educacion-media-tecnico-profesional\/\" \/>\n<meta property=\"og:site_name\" content=\"Colegio La Providencia\" \/>\n<meta property=\"article:published_time\" content=\"2018-09-10T02:27:38+00:00\" \/>\n<meta property=\"article:modified_time\" content=\"2018-09-10T02:39:12+00:00\" \/>\n<meta property=\"og:image\" content=\"http:\/\/laprovidenciaovalle.cl\/colegio\/wp-content\/uploads\/2018\/09\/40962655_546556312456184_712973324279349248_n.jpg\" \/>\n\t<meta property=\"og:image:width\" content=\"960\" \/>\n\t<meta property=\"og:image:height\" content=\"640\" \/>\n<meta name=\"twitter:card\" content=\"summary_large_image\" \/>\n<meta name=\"twitter:label1\" value=\"Escrito por\">\n\t<meta name=\"twitter:data1\" value=\"Comunicaciones Colegio\">\n\t<meta name=\"twitter:label2\" value=\"Tiempo de lectura\">\n\t<meta name=\"twitter:data2\" value=\"1 minuto\">\n<script type=\"application\/ld+json\" class=\"yoast-schema-graph\">{\"@context\":\"https:\/\/schema.org\",\"@graph\":[{\"@type\":\"WebSite\",\"@id\":\"http:\/\/laprovidenciaovalle.cl\/colegio\/#website\",\"url\":\"http:\/\/laprovidenciaovalle.cl\/colegio\/\",\"name\":\"Colegio La Providencia\",\"description\":\"Ovalle\",\"potentialAction\":[{\"@type\":\"SearchAction\",\"target\":\"http:\/\/laprovidenciaovalle.cl\/colegio\/?s={search_term_string}\",\"query-input\":\"required name=search_term_string\"}],\"inLanguage\":\"es\"},{\"@type\":\"ImageObject\",\"@id\":\"http:\/\/laprovidenciaovalle.cl\/colegio\/celebracion-de-la-educacion-media-tecnico-profesional\/#primaryimage\",\"inLanguage\":\"es\",\"url\":\"http:\/\/laprovidenciaovalle.cl\/colegio\/wp-content\/uploads\/2018\/09\/40962655_546556312456184_712973324279349248_n.jpg\",\"width\":960,\"height\":640},{\"@type\":\"WebPage\",\"@id\":\"http:\/\/laprovidenciaovalle.cl\/colegio\/celebracion-de-la-educacion-media-tecnico-profesional\/#webpage\",\"url\":\"http:\/\/laprovidenciaovalle.cl\/colegio\/celebracion-de-la-educacion-media-tecnico-profesional\/\",\"name\":\"Celebraci\\u00f3n de la Educaci\\u00f3n Media T\\u00e9cnico Profesional - Colegio La Providencia\",\"isPartOf\":{\"@id\":\"http:\/\/laprovidenciaovalle.cl\/colegio\/#website\"},\"primaryImageOfPage\":{\"@id\":\"http:\/\/laprovidenciaovalle.cl\/colegio\/celebracion-de-la-educacion-media-tecnico-profesional\/#primaryimage\"},\"datePublished\":\"2018-09-10T02:27:38+00:00\",\"dateModified\":\"2018-09-10T02:39:12+00:00\",\"author\":{\"@id\":\"http:\/\/laprovidenciaovalle.cl\/colegio\/#\/schema\/person\/1035f45cd35e1948fb928fcdc74228fe\"},\"inLanguage\":\"es\",\"potentialAction\":[{\"@type\":\"ReadAction\",\"target\":[\"http:\/\/laprovidenciaovalle.cl\/colegio\/celebracion-de-la-educacion-media-tecnico-profesional\/\"]}]},{\"@type\":\"Person\",\"@id\":\"http:\/\/laprovidenciaovalle.cl\/colegio\/#\/schema\/person\/1035f45cd35e1948fb928fcdc74228fe\",\"name\":\"Comunicaciones Colegio\",\"image\":{\"@type\":\"ImageObject\",\"@id\":\"http:\/\/laprovidenciaovalle.cl\/colegio\/#personlogo\",\"inLanguage\":\"es\",\"url\":\"http:\/\/2.gravatar.com\/avatar\/5d0b6f6fbda2852def0dc3e63e38d319?s=96&d=mm&r=g\",\"caption\":\"Comunicaciones Colegio\"}}]}<\/script>\n<!-- \/ Yoast SEO plugin. -->","_links":{"self":[{"href":"http:\/\/laprovidenciaovalle.cl\/colegio\/wp-json\/wp\/v2\/posts\/2029"}],"collection":[{"href":"http:\/\/laprovidenciaovalle.cl\/colegio\/wp-json\/wp\/v2\/posts"}],"about":[{"href":"http:\/\/laprovidenciaovalle.cl\/colegio\/wp-json\/wp\/v2\/types\/post"}],"author":[{"embeddable":true,"href":"http:\/\/laprovidenciaovalle.cl\/colegio\/wp-json\/wp\/v2\/users\/5"}],"replies":[{"embeddable":true,"href":"http:\/\/laprovidenciaovalle.cl\/colegio\/wp-json\/wp\/v2\/comments?post=2029"}],"version-history":[{"count":4,"href":"http:\/\/laprovidenciaovalle.cl\/colegio\/wp-json\/wp\/v2\/posts\/2029\/revisions"}],"predecessor-version":[{"id":2038,"href":"http:\/\/laprovidenciaovalle.cl\/colegio\/wp-json\/wp\/v2\/posts\/2029\/revisions\/2038"}],"wp:featuredmedia":[{"embeddable":true,"href":"http:\/\/laprovidenciaovalle.cl\/colegio\/wp-json\/wp\/v2\/media\/2032"}],"wp:attachment":[{"href":"http:\/\/laprovidenciaovalle.cl\/colegio\/wp-json\/wp\/v2\/media?parent=2029"}],"wp:term":[{"taxonomy":"category","embeddable":true,"href":"http:\/\/laprovidenciaovalle.cl\/colegio\/wp-json\/wp\/v2\/categories?post=2029"},{"taxonomy":"post_tag","embeddable":true,"href":"http:\/\/laprovidenciaovalle.cl\/colegio\/wp-json\/wp\/v2\/tags?post=2029"}],"curies":[{"name":"wp","href":"https:\/\/api.w.org\/{rel}","templated":true}]}}