{"id":2039,"date":"2018-09-09T23:49:26","date_gmt":"2018-09-10T02:49:26","guid":{"rendered":"http:\/\/laprovidenciaovalle.cl\/colegio\/?p=2039"},"modified":"2018-09-09T23:49:26","modified_gmt":"2018-09-10T02:49:26","slug":"celebracion-del-sacramento-de-la-confirmacion-2018","status":"publish","type":"post","link":"http:\/\/laprovidenciaovalle.cl\/colegio\/celebracion-del-sacramento-de-la-confirmacion-2018\/","title":{"rendered":"Celebraci\u00f3n del Sacramento de la Confirmaci\u00f3n 2018"},"content":{"rendered":"<p>El techado de nuestro establecimiento fue lugar en donde 105 alumnas de Tercer a\u00f1o medio recibieron el Sacramento de la Confirmaci\u00f3n, al lugar asistieron padrinos y familiares de nuestras alumnas.<br \/>\nLa Coordinadora Pastoral, Mar\u00eda Cecilia Mart\u00ednez fue la encargada de presentar ante el Arzobizpo de La Serena, don Ren\u00e9 Rebolledo, al grupo de j\u00f3venes pertenecientes a nuestra comunidad educativa providente para confirmar la fe, proceso para el cual se prepararon con la oraci\u00f3n continua, lectura del Evangelio y el anhelo de renovar sus compromisos bautismales.<br \/>\nLa Santa misa fue presidida por Monse\u00f1or Ren\u00e9 Rebolledo, en compa\u00f1\u00eda de los capellanes de nuestro Colegio, Padres Jorge Arancibia y Juan Carlos Godoy, adem\u00e1s del P\u00e1rroco del sector Padre Ra\u00fal Marchant.<\/p>\n<p><img loading=\"lazy\" class=\"alignnone size-medium wp-image-2041\" src=\"http:\/\/laprovidenciaovalle.cl\/colegio\/wp-content\/uploads\/2018\/09\/41307717_547588432352972_5817096661956034560_o-300x200.jpg\" alt=\"\" width=\"300\" height=\"200\" srcset=\"http:\/\/laprovidenciaovalle.cl\/colegio\/wp-content\/uploads\/2018\/09\/41307717_547588432352972_5817096661956034560_o-300x200.jpg 300w, http:\/\/laprovidenciaovalle.cl\/colegio\/wp-content\/uploads\/2018\/09\/41307717_547588432352972_5817096661956034560_o-768x510.jpg 768w, http:\/\/laprovidenciaovalle.cl\/colegio\/wp-content\/uploads\/2018\/09\/41307717_547588432352972_5817096661956034560_o-1024x683.jpg 1024w, http:\/\/laprovidenciaovalle.cl\/colegio\/wp-content\/uploads\/2018\/09\/41307717_547588432352972_5817096661956034560_o-150x100.jpg 150w, http:\/\/laprovidenciaovalle.cl\/colegio\/wp-content\/uploads\/2018\/09\/41307717_547588432352972_5817096661956034560_o.jpg 1944w\" sizes=\"(max-width: 300px) 100vw, 300px\" \/><img loading=\"lazy\" class=\"alignnone size-medium wp-image-2042\" src=\"http:\/\/laprovidenciaovalle.cl\/colegio\/wp-content\/uploads\/2018\/09\/41290324_547588815686267_606137412950687744_o-300x200.jpg\" alt=\"\" width=\"300\" height=\"200\" srcset=\"http:\/\/laprovidenciaovalle.cl\/colegio\/wp-content\/uploads\/2018\/09\/41290324_547588815686267_606137412950687744_o-300x200.jpg 300w, http:\/\/laprovidenciaovalle.cl\/colegio\/wp-content\/uploads\/2018\/09\/41290324_547588815686267_606137412950687744_o-768x510.jpg 768w, http:\/\/laprovidenciaovalle.cl\/colegio\/wp-content\/uploads\/2018\/09\/41290324_547588815686267_606137412950687744_o-1024x683.jpg 1024w, http:\/\/laprovidenciaovalle.cl\/colegio\/wp-content\/uploads\/2018\/09\/41290324_547588815686267_606137412950687744_o-150x100.jpg 150w, http:\/\/laprovidenciaovalle.cl\/colegio\/wp-content\/uploads\/2018\/09\/41290324_547588815686267_606137412950687744_o.jpg 1944w\" sizes=\"(max-width: 300px) 100vw, 300px\" \/><img loading=\"lazy\" class=\"alignnone size-medium wp-image-2043\" src=\"http:\/\/laprovidenciaovalle.cl\/colegio\/wp-content\/uploads\/2018\/09\/41267201_547588599019622_6169592633757794304_o-300x200.jpg\" alt=\"\" width=\"300\" height=\"200\" srcset=\"http:\/\/laprovidenciaovalle.cl\/colegio\/wp-content\/uploads\/2018\/09\/41267201_547588599019622_6169592633757794304_o-300x200.jpg 300w, http:\/\/laprovidenciaovalle.cl\/colegio\/wp-content\/uploads\/2018\/09\/41267201_547588599019622_6169592633757794304_o-768x510.jpg 768w, http:\/\/laprovidenciaovalle.cl\/colegio\/wp-content\/uploads\/2018\/09\/41267201_547588599019622_6169592633757794304_o-1024x683.jpg 1024w, http:\/\/laprovidenciaovalle.cl\/colegio\/wp-content\/uploads\/2018\/09\/41267201_547588599019622_6169592633757794304_o-150x100.jpg 150w, http:\/\/laprovidenciaovalle.cl\/colegio\/wp-content\/uploads\/2018\/09\/41267201_547588599019622_6169592633757794304_o.jpg 1944w\" sizes=\"(max-width: 300px) 100vw, 300px\" \/><\/p>\n","protected":false},"excerpt":{"rendered":"<p>El techado de nuestro establecimiento fue lugar en donde 105 alumnas de Tercer a\u00f1o medio recibieron el Sacramento de la Confirmaci\u00f3n, al lugar asistieron padrinos y familiares de nuestras alumnas. La Coordinadora Pastoral, Mar\u00eda Cecilia Mart\u00ednez fue la encargada de presentar ante el Arzobizpo de La Serena, don Ren\u00e9 Rebolledo, al grupo de j\u00f3venes pertenecientes a nuestra comunidad educativa providente&nbsp;<a href=\"http:\/\/laprovidenciaovalle.cl\/colegio\/celebracion-del-sacramento-de-la-confirmacion-2018\/\">[&hellip;]<\/a><\/p>\n","protected":false},"author":5,"featured_media":2040,"comment_status":"closed","ping_status":"closed","sticky":false,"template":"","format":"standard","meta":[],"categories":[16],"tags":[],"yoast_head":"<!-- This site is optimized with the Yoast SEO plugin v15.2 - https:\/\/yoast.com\/wordpress\/plugins\/seo\/ -->\n<title>Celebraci\u00f3n del Sacramento de la Confirmaci\u00f3n 2018 - Colegio La Providencia<\/title>\n<meta name=\"robots\" content=\"index, follow, max-snippet:-1, max-image-preview:large, max-video-preview:-1\" \/>\n<link rel=\"canonical\" href=\"http:\/\/laprovidenciaovalle.cl\/colegio\/celebracion-del-sacramento-de-la-confirmacion-2018\/\" \/>\n<meta property=\"og:locale\" content=\"es_ES\" \/>\n<meta property=\"og:type\" content=\"article\" \/>\n<meta property=\"og:title\" content=\"Celebraci\u00f3n del Sacramento de la Confirmaci\u00f3n 2018 - Colegio La Providencia\" \/>\n<meta property=\"og:description\" content=\"El techado de nuestro establecimiento fue lugar en donde 105 alumnas de Tercer a\u00f1o medio recibieron el Sacramento de la Confirmaci\u00f3n, al lugar asistieron padrinos y familiares de nuestras alumnas. La Coordinadora Pastoral, Mar\u00eda Cecilia Mart\u00ednez fue la encargada de presentar ante el Arzobizpo de La Serena, don Ren\u00e9 Rebolledo, al grupo de j\u00f3venes pertenecientes a nuestra comunidad educativa providente&nbsp;[&hellip;]\" \/>\n<meta property=\"og:url\" content=\"http:\/\/laprovidenciaovalle.cl\/colegio\/celebracion-del-sacramento-de-la-confirmacion-2018\/\" \/>\n<meta property=\"og:site_name\" content=\"Colegio La Providencia\" \/>\n<meta property=\"article:published_time\" content=\"2018-09-10T02:49:26+00:00\" \/>\n<meta property=\"og:image\" content=\"http:\/\/laprovidenciaovalle.cl\/colegio\/wp-content\/uploads\/2018\/09\/41294288_547363702375445_2526117266051825664_o.jpg\" \/>\n\t<meta property=\"og:image:width\" content=\"1080\" \/>\n\t<meta property=\"og:image:height\" content=\"565\" \/>\n<meta name=\"twitter:card\" content=\"summary_large_image\" \/>\n<meta name=\"twitter:label1\" value=\"Escrito por\">\n\t<meta name=\"twitter:data1\" value=\"Comunicaciones Colegio\">\n\t<meta name=\"twitter:label2\" value=\"Tiempo de lectura\">\n\t<meta name=\"twitter:data2\" value=\"1 minuto\">\n<script type=\"application\/ld+json\" class=\"yoast-schema-graph\">{\"@context\":\"https:\/\/schema.org\",\"@graph\":[{\"@type\":\"WebSite\",\"@id\":\"https:\/\/laprovidenciaovalle.cl\/colegio\/#website\",\"url\":\"https:\/\/laprovidenciaovalle.cl\/colegio\/\",\"name\":\"Colegio La Providencia\",\"description\":\"Ovalle\",\"potentialAction\":[{\"@type\":\"SearchAction\",\"target\":\"https:\/\/laprovidenciaovalle.cl\/colegio\/?s={search_term_string}\",\"query-input\":\"required name=search_term_string\"}],\"inLanguage\":\"es\"},{\"@type\":\"ImageObject\",\"@id\":\"http:\/\/laprovidenciaovalle.cl\/colegio\/celebracion-del-sacramento-de-la-confirmacion-2018\/#primaryimage\",\"inLanguage\":\"es\",\"url\":\"http:\/\/laprovidenciaovalle.cl\/colegio\/wp-content\/uploads\/2018\/09\/41294288_547363702375445_2526117266051825664_o.jpg\",\"width\":1080,\"height\":565},{\"@type\":\"WebPage\",\"@id\":\"http:\/\/laprovidenciaovalle.cl\/colegio\/celebracion-del-sacramento-de-la-confirmacion-2018\/#webpage\",\"url\":\"http:\/\/laprovidenciaovalle.cl\/colegio\/celebracion-del-sacramento-de-la-confirmacion-2018\/\",\"name\":\"Celebraci\\u00f3n del Sacramento de la Confirmaci\\u00f3n 2018 - Colegio La Providencia\",\"isPartOf\":{\"@id\":\"https:\/\/laprovidenciaovalle.cl\/colegio\/#website\"},\"primaryImageOfPage\":{\"@id\":\"http:\/\/laprovidenciaovalle.cl\/colegio\/celebracion-del-sacramento-de-la-confirmacion-2018\/#primaryimage\"},\"datePublished\":\"2018-09-10T02:49:26+00:00\",\"dateModified\":\"2018-09-10T02:49:26+00:00\",\"author\":{\"@id\":\"https:\/\/laprovidenciaovalle.cl\/colegio\/#\/schema\/person\/1035f45cd35e1948fb928fcdc74228fe\"},\"inLanguage\":\"es\",\"potentialAction\":[{\"@type\":\"ReadAction\",\"target\":[\"http:\/\/laprovidenciaovalle.cl\/colegio\/celebracion-del-sacramento-de-la-confirmacion-2018\/\"]}]},{\"@type\":\"Person\",\"@id\":\"https:\/\/laprovidenciaovalle.cl\/colegio\/#\/schema\/person\/1035f45cd35e1948fb928fcdc74228fe\",\"name\":\"Comunicaciones Colegio\",\"image\":{\"@type\":\"ImageObject\",\"@id\":\"https:\/\/laprovidenciaovalle.cl\/colegio\/#personlogo\",\"inLanguage\":\"es\",\"url\":\"http:\/\/2.gravatar.com\/avatar\/5d0b6f6fbda2852def0dc3e63e38d319?s=96&d=mm&r=g\",\"caption\":\"Comunicaciones Colegio\"}}]}<\/script>\n<!-- \/ Yoast SEO plugin. -->","_links":{"self":[{"href":"http:\/\/laprovidenciaovalle.cl\/colegio\/wp-json\/wp\/v2\/posts\/2039"}],"collection":[{"href":"http:\/\/laprovidenciaovalle.cl\/colegio\/wp-json\/wp\/v2\/posts"}],"about":[{"href":"http:\/\/laprovidenciaovalle.cl\/colegio\/wp-json\/wp\/v2\/types\/post"}],"author":[{"embeddable":true,"href":"http:\/\/laprovidenciaovalle.cl\/colegio\/wp-json\/wp\/v2\/users\/5"}],"replies":[{"embeddable":true,"href":"http:\/\/laprovidenciaovalle.cl\/colegio\/wp-json\/wp\/v2\/comments?post=2039"}],"version-history":[{"count":1,"href":"http:\/\/laprovidenciaovalle.cl\/colegio\/wp-json\/wp\/v2\/posts\/2039\/revisions"}],"predecessor-version":[{"id":2044,"href":"http:\/\/laprovidenciaovalle.cl\/colegio\/wp-json\/wp\/v2\/posts\/2039\/revisions\/2044"}],"wp:featuredmedia":[{"embeddable":true,"href":"http:\/\/laprovidenciaovalle.cl\/colegio\/wp-json\/wp\/v2\/media\/2040"}],"wp:attachment":[{"href":"http:\/\/laprovidenciaovalle.cl\/colegio\/wp-json\/wp\/v2\/media?parent=2039"}],"wp:term":[{"taxonomy":"category","embeddable":true,"href":"http:\/\/laprovidenciaovalle.cl\/colegio\/wp-json\/wp\/v2\/categories?post=2039"},{"taxonomy":"post_tag","embeddable":true,"href":"http:\/\/laprovidenciaovalle.cl\/colegio\/wp-json\/wp\/v2\/tags?post=2039"}],"curies":[{"name":"wp","href":"https:\/\/api.w.org\/{rel}","templated":true}]}}