{"id":2088,"date":"2018-09-28T04:49:37","date_gmt":"2018-09-28T07:49:37","guid":{"rendered":"http:\/\/laprovidenciaovalle.cl\/colegio\/?p=2088"},"modified":"2018-09-28T04:49:37","modified_gmt":"2018-09-28T07:49:37","slug":"eucaristia-aniversario-112-anos","status":"publish","type":"post","link":"http:\/\/laprovidenciaovalle.cl\/colegio\/eucaristia-aniversario-112-anos\/","title":{"rendered":"Eucarist\u00eda Aniversario 112 a\u00f1os"},"content":{"rendered":"<p>Este 27 de septiembre, a partir de las 11 horas en el Techado del Colegio, se desarroll\u00f3 la ya tradicional Eucarist\u00eda de Acci\u00f3n de Gracias de nuestro Aniversario, este a\u00f1o cumplimos 112 a\u00f1os de vida en nuestra hermosa ciudad de Ovalle. En la ocasi\u00f3n estuvieron presentes autoridades provinciales, alumnas, administrativos, profesores, cuerpo directivo y apoderados, quienes formaron parte de la celebraci\u00f3n.<\/p>\n<p>Durante la Eucarist\u00eda, se or\u00f3 especialmente por las vocaciones, para que el testimonio de vida de las Madres fundadoras motive a las j\u00f3venes que quieran continuar con la misi\u00f3n de la Congregaci\u00f3n y \u201cseguir siendo signo de esperanza y vida nueva\u201d.<\/p>\n<p>En a Santa Misa, la Directora del establecimiento, Hermana Mar\u00eda Eugenia Arancibia, tuvo muestras de agradecimientos con los presentes, manifestando gratitud a Dios por el acompa\u00f1amiento en su labor pastoral y educativa. Adem\u00e1s, destac\u00f3 al Cuerpo Docente y Asistentes de Educaci\u00f3n por el importante trabajo que realizan d\u00eda a d\u00eda al interior del colegio. Finalmente, se realiz\u00f3 un reconocimiento a todos los docentes y asistentes de la educaci\u00f3n de cada especialidad, quienes contribuyen de manera espiritual y acad\u00e9mica en la misi\u00f3n educativa que realiza nuestro establecimiento.<\/p>\n<p>En la ocasi\u00f3n, el Jefe Provincial de la Educaci\u00f3n, don Jos\u00e9 Manzano Alvarez, agradeci\u00f3 el poder compartir y celebrar al Colegio en su aniversario 112 de vida institucional y se\u00f1al\u00f3 &#8220;Agradecer al Colegio, ya que cumplen desde el punto de vista social y educativo en la comuna de Ovalle y en la provincia del Limar\u00ed un importante rol, porque todos sabemos que aqu\u00ed tenemos un Colegio T\u00e9cnico Profesional en donde preparan a las alumnas para incorporarse a la vida de la comunidad de forma activa con formaci\u00f3n val\u00f3rica que se les entrega aqu\u00ed, que para nosotros como Departamento Provincial de Educaci\u00f3n es muy importante. Estamos seguros, de que las alumnas est\u00e1n recibiendo una educaci\u00f3n integral y eso es muy valioso para nuestra comunidad de nuestra Provincia del Limar\u00ed&#8221;.<\/p>\n<p>Por su parte, el alcalde Claudio Renteria Larrondo agradeci\u00f3 la invitaci\u00f3n por parte de la Congregaci\u00f3n a participar junto a padres y apoderados, cuadro directivo, funcionarios de la unidad educativa y alumnas de nuestro establecimiento en la Eucarist\u00eda y env\u00edo un saludo especial a la Hermana Directora Mar\u00eda Eugenia Arancibia en esta oportunidad y agreg\u00f3 &#8220;Estoy muy fel\u00edz de que el Colegio La Providencia este inserto en nuestra Comuna de Ovalle, quiero agradecer la contribuci\u00f3n que hacen a la educaci\u00f3n no tan s\u00f3lo en la Comuna sino tambi\u00e9n en el pa\u00eds, fel\u00edz 112 a\u00f1os&#8221;.<\/p>\n<p>El Padre Jorge Arancibia se\u00f1al\u00f3 que &#8220;Estos a\u00f1os han sido a\u00f1os de bendici\u00f3n, damos gracias al Se\u00f1or por el ambiente que hay en este Colegio, por la fraternidad, el cari\u00f1o, el amor y como se siente la presencia providente entre nosotros. Sobre todo agradecer el cari\u00f1o que presentan los profesores hacia las alumnas, el cari\u00f1o de la directiva hacia nosotros como profesores y sacerdote. Damos las gracias al Se\u00f1or por estos 112 a\u00f1os&#8221;. Posterior a la Eucarist\u00eda se invit\u00f3 a presentes a celebrar con un brindis y c\u00f3ctel a cargo de la Especialidad de Gastronom\u00eda de nuestro establecimiento.<\/p>\n\n\t\t<style type=\"text\/css\">\n\t\t\t#gallery-1 {\n\t\t\t\tmargin: auto;\n\t\t\t}\n\t\t\t#gallery-1 .gallery-item {\n\t\t\t\tfloat: left;\n\t\t\t\tmargin-top: 10px;\n\t\t\t\ttext-align: center;\n\t\t\t\twidth: 25%;\n\t\t\t}\n\t\t\t#gallery-1 img {\n\t\t\t\tborder: 2px solid #cfcfcf;\n\t\t\t}\n\t\t\t#gallery-1 .gallery-caption {\n\t\t\t\tmargin-left: 0;\n\t\t\t}\n\t\t\t\/* see gallery_shortcode() in wp-includes\/media.php *\/\n\t\t<\/style>\n\t\t<div id='gallery-1' class='gallery galleryid-2088 gallery-columns-4 gallery-size-thumbnail'><dl class='gallery-item'>\n\t\t\t<dt class='gallery-icon portrait'>\n\t\t\t\t<a href='http:\/\/laprovidenciaovalle.cl\/colegio\/wp-content\/uploads\/2018\/09\/42669609_556642458114236_8232200495263907840_o.jpg'><img width=\"150\" height=\"150\" src=\"http:\/\/laprovidenciaovalle.cl\/colegio\/wp-content\/uploads\/2018\/09\/42669609_556642458114236_8232200495263907840_o-150x150.jpg\" class=\"attachment-thumbnail size-thumbnail\" alt=\"\" loading=\"lazy\" srcset=\"http:\/\/laprovidenciaovalle.cl\/colegio\/wp-content\/uploads\/2018\/09\/42669609_556642458114236_8232200495263907840_o-150x150.jpg 150w, http:\/\/laprovidenciaovalle.cl\/colegio\/wp-content\/uploads\/2018\/09\/42669609_556642458114236_8232200495263907840_o-768x768.jpg 768w\" sizes=\"(max-width: 150px) 100vw, 150px\" \/><\/a>\n\t\t\t<\/dt><\/dl><dl class='gallery-item'>\n\t\t\t<dt class='gallery-icon landscape'>\n\t\t\t\t<a href='http:\/\/laprovidenciaovalle.cl\/colegio\/wp-content\/uploads\/2018\/09\/42661527_556645701447245_4496807944045723648_o.jpg'><img width=\"150\" height=\"150\" src=\"http:\/\/laprovidenciaovalle.cl\/colegio\/wp-content\/uploads\/2018\/09\/42661527_556645701447245_4496807944045723648_o-150x150.jpg\" class=\"attachment-thumbnail size-thumbnail\" alt=\"\" loading=\"lazy\" srcset=\"http:\/\/laprovidenciaovalle.cl\/colegio\/wp-content\/uploads\/2018\/09\/42661527_556645701447245_4496807944045723648_o-150x150.jpg 150w, http:\/\/laprovidenciaovalle.cl\/colegio\/wp-content\/uploads\/2018\/09\/42661527_556645701447245_4496807944045723648_o-768x768.jpg 768w\" sizes=\"(max-width: 150px) 100vw, 150px\" \/><\/a>\n\t\t\t<\/dt><\/dl><dl class='gallery-item'>\n\t\t\t<dt class='gallery-icon portrait'>\n\t\t\t\t<a href='http:\/\/laprovidenciaovalle.cl\/colegio\/wp-content\/uploads\/2018\/09\/42665029_556644354780713_4300435863109632000_o.jpg'><img width=\"150\" height=\"150\" src=\"http:\/\/laprovidenciaovalle.cl\/colegio\/wp-content\/uploads\/2018\/09\/42665029_556644354780713_4300435863109632000_o-150x150.jpg\" class=\"attachment-thumbnail size-thumbnail\" alt=\"\" loading=\"lazy\" srcset=\"http:\/\/laprovidenciaovalle.cl\/colegio\/wp-content\/uploads\/2018\/09\/42665029_556644354780713_4300435863109632000_o-150x150.jpg 150w, http:\/\/laprovidenciaovalle.cl\/colegio\/wp-content\/uploads\/2018\/09\/42665029_556644354780713_4300435863109632000_o-768x768.jpg 768w\" sizes=\"(max-width: 150px) 100vw, 150px\" \/><\/a>\n\t\t\t<\/dt><\/dl><dl class='gallery-item'>\n\t\t\t<dt class='gallery-icon landscape'>\n\t\t\t\t<a href='http:\/\/laprovidenciaovalle.cl\/colegio\/wp-content\/uploads\/2018\/09\/42667514_556644474780701_3049112053546483712_o.jpg'><img width=\"150\" height=\"150\" src=\"http:\/\/laprovidenciaovalle.cl\/colegio\/wp-content\/uploads\/2018\/09\/42667514_556644474780701_3049112053546483712_o-150x150.jpg\" class=\"attachment-thumbnail size-thumbnail\" alt=\"\" loading=\"lazy\" srcset=\"http:\/\/laprovidenciaovalle.cl\/colegio\/wp-content\/uploads\/2018\/09\/42667514_556644474780701_3049112053546483712_o-150x150.jpg 150w, http:\/\/laprovidenciaovalle.cl\/colegio\/wp-content\/uploads\/2018\/09\/42667514_556644474780701_3049112053546483712_o-768x768.jpg 768w\" sizes=\"(max-width: 150px) 100vw, 150px\" \/><\/a>\n\t\t\t<\/dt><\/dl><br style=\"clear: both\" \/><dl class='gallery-item'>\n\t\t\t<dt class='gallery-icon landscape'>\n\t\t\t\t<a href='http:\/\/laprovidenciaovalle.cl\/colegio\/wp-content\/uploads\/2018\/09\/42664146_556642821447533_8479114205151100928_o.jpg'><img width=\"150\" height=\"150\" src=\"http:\/\/laprovidenciaovalle.cl\/colegio\/wp-content\/uploads\/2018\/09\/42664146_556642821447533_8479114205151100928_o-150x150.jpg\" class=\"attachment-thumbnail size-thumbnail\" alt=\"\" loading=\"lazy\" srcset=\"http:\/\/laprovidenciaovalle.cl\/colegio\/wp-content\/uploads\/2018\/09\/42664146_556642821447533_8479114205151100928_o-150x150.jpg 150w, http:\/\/laprovidenciaovalle.cl\/colegio\/wp-content\/uploads\/2018\/09\/42664146_556642821447533_8479114205151100928_o-768x768.jpg 768w\" sizes=\"(max-width: 150px) 100vw, 150px\" \/><\/a>\n\t\t\t<\/dt><\/dl><dl class='gallery-item'>\n\t\t\t<dt class='gallery-icon landscape'>\n\t\t\t\t<a href='http:\/\/laprovidenciaovalle.cl\/colegio\/wp-content\/uploads\/2018\/09\/42713196_556644778114004_8054766505683845120_o.jpg'><img width=\"150\" height=\"150\" src=\"http:\/\/laprovidenciaovalle.cl\/colegio\/wp-content\/uploads\/2018\/09\/42713196_556644778114004_8054766505683845120_o-150x150.jpg\" class=\"attachment-thumbnail size-thumbnail\" alt=\"\" loading=\"lazy\" srcset=\"http:\/\/laprovidenciaovalle.cl\/colegio\/wp-content\/uploads\/2018\/09\/42713196_556644778114004_8054766505683845120_o-150x150.jpg 150w, http:\/\/laprovidenciaovalle.cl\/colegio\/wp-content\/uploads\/2018\/09\/42713196_556644778114004_8054766505683845120_o-768x768.jpg 768w\" sizes=\"(max-width: 150px) 100vw, 150px\" \/><\/a>\n\t\t\t<\/dt><\/dl><dl class='gallery-item'>\n\t\t\t<dt class='gallery-icon landscape'>\n\t\t\t\t<a href='http:\/\/laprovidenciaovalle.cl\/colegio\/wp-content\/uploads\/2018\/09\/42649073_556643564780792_5954680072358068224_o.jpg'><img width=\"150\" height=\"150\" src=\"http:\/\/laprovidenciaovalle.cl\/colegio\/wp-content\/uploads\/2018\/09\/42649073_556643564780792_5954680072358068224_o-150x150.jpg\" class=\"attachment-thumbnail size-thumbnail\" alt=\"\" loading=\"lazy\" srcset=\"http:\/\/laprovidenciaovalle.cl\/colegio\/wp-content\/uploads\/2018\/09\/42649073_556643564780792_5954680072358068224_o-150x150.jpg 150w, http:\/\/laprovidenciaovalle.cl\/colegio\/wp-content\/uploads\/2018\/09\/42649073_556643564780792_5954680072358068224_o-768x768.jpg 768w\" sizes=\"(max-width: 150px) 100vw, 150px\" \/><\/a>\n\t\t\t<\/dt><\/dl><dl class='gallery-item'>\n\t\t\t<dt class='gallery-icon portrait'>\n\t\t\t\t<a href='http:\/\/laprovidenciaovalle.cl\/colegio\/wp-content\/uploads\/2018\/09\/42627537_556642628114219_8583860851113459712_o.jpg'><img width=\"150\" height=\"150\" src=\"http:\/\/laprovidenciaovalle.cl\/colegio\/wp-content\/uploads\/2018\/09\/42627537_556642628114219_8583860851113459712_o-150x150.jpg\" class=\"attachment-thumbnail size-thumbnail\" alt=\"\" loading=\"lazy\" srcset=\"http:\/\/laprovidenciaovalle.cl\/colegio\/wp-content\/uploads\/2018\/09\/42627537_556642628114219_8583860851113459712_o-150x150.jpg 150w, http:\/\/laprovidenciaovalle.cl\/colegio\/wp-content\/uploads\/2018\/09\/42627537_556642628114219_8583860851113459712_o-768x768.jpg 768w\" sizes=\"(max-width: 150px) 100vw, 150px\" \/><\/a>\n\t\t\t<\/dt><\/dl><br style=\"clear: both\" \/>\n\t\t<\/div>\n\n","protected":false},"excerpt":{"rendered":"<p>Este 27 de septiembre, a partir de las 11 horas en el Techado del Colegio, se desarroll\u00f3 la ya tradicional Eucarist\u00eda de Acci\u00f3n de Gracias de nuestro Aniversario, este a\u00f1o cumplimos 112 a\u00f1os de vida en nuestra hermosa ciudad de Ovalle. En la ocasi\u00f3n estuvieron presentes autoridades provinciales, alumnas, administrativos, profesores, cuerpo directivo y apoderados, quienes formaron parte de la&nbsp;<a href=\"http:\/\/laprovidenciaovalle.cl\/colegio\/eucaristia-aniversario-112-anos\/\">[&hellip;]<\/a><\/p>\n","protected":false},"author":5,"featured_media":2096,"comment_status":"closed","ping_status":"closed","sticky":false,"template":"","format":"standard","meta":[],"categories":[16],"tags":[18,20,19],"yoast_head":"<!-- This site is optimized with the Yoast SEO plugin v15.2 - https:\/\/yoast.com\/wordpress\/plugins\/seo\/ -->\n<title>Eucarist\u00eda Aniversario 112 a\u00f1os - Colegio La Providencia<\/title>\n<meta name=\"robots\" content=\"index, follow, max-snippet:-1, max-image-preview:large, max-video-preview:-1\" \/>\n<link rel=\"canonical\" href=\"http:\/\/laprovidenciaovalle.cl\/colegio\/eucaristia-aniversario-112-anos\/\" \/>\n<meta property=\"og:locale\" content=\"es_ES\" \/>\n<meta property=\"og:type\" content=\"article\" \/>\n<meta property=\"og:title\" content=\"Eucarist\u00eda Aniversario 112 a\u00f1os - Colegio La Providencia\" \/>\n<meta property=\"og:description\" content=\"Este 27 de septiembre, a partir de las 11 horas en el Techado del Colegio, se desarroll\u00f3 la ya tradicional Eucarist\u00eda de Acci\u00f3n de Gracias de nuestro Aniversario, este a\u00f1o cumplimos 112 a\u00f1os de vida en nuestra hermosa ciudad de Ovalle. En la ocasi\u00f3n estuvieron presentes autoridades provinciales, alumnas, administrativos, profesores, cuerpo directivo y apoderados, quienes formaron parte de la&nbsp;[&hellip;]\" \/>\n<meta property=\"og:url\" content=\"http:\/\/laprovidenciaovalle.cl\/colegio\/eucaristia-aniversario-112-anos\/\" \/>\n<meta property=\"og:site_name\" content=\"Colegio La Providencia\" \/>\n<meta property=\"article:published_time\" content=\"2018-09-28T07:49:37+00:00\" \/>\n<meta property=\"og:image\" content=\"http:\/\/laprovidenciaovalle.cl\/colegio\/wp-content\/uploads\/2018\/09\/42661527_556645701447245_4496807944045723648_o.jpg\" \/>\n\t<meta property=\"og:image:width\" content=\"1944\" \/>\n\t<meta property=\"og:image:height\" content=\"1296\" \/>\n<meta name=\"twitter:card\" content=\"summary_large_image\" \/>\n<meta name=\"twitter:label1\" value=\"Escrito por\">\n\t<meta name=\"twitter:data1\" value=\"Comunicaciones Colegio\">\n\t<meta name=\"twitter:label2\" value=\"Tiempo de lectura\">\n\t<meta name=\"twitter:data2\" value=\"2 minutos\">\n<script type=\"application\/ld+json\" class=\"yoast-schema-graph\">{\"@context\":\"https:\/\/schema.org\",\"@graph\":[{\"@type\":\"WebSite\",\"@id\":\"https:\/\/laprovidenciaovalle.cl\/colegio\/#website\",\"url\":\"https:\/\/laprovidenciaovalle.cl\/colegio\/\",\"name\":\"Colegio La Providencia\",\"description\":\"Ovalle\",\"potentialAction\":[{\"@type\":\"SearchAction\",\"target\":\"https:\/\/laprovidenciaovalle.cl\/colegio\/?s={search_term_string}\",\"query-input\":\"required name=search_term_string\"}],\"inLanguage\":\"es\"},{\"@type\":\"ImageObject\",\"@id\":\"http:\/\/laprovidenciaovalle.cl\/colegio\/eucaristia-aniversario-112-anos\/#primaryimage\",\"inLanguage\":\"es\",\"url\":\"http:\/\/laprovidenciaovalle.cl\/colegio\/wp-content\/uploads\/2018\/09\/42661527_556645701447245_4496807944045723648_o.jpg\",\"width\":1944,\"height\":1296},{\"@type\":\"WebPage\",\"@id\":\"http:\/\/laprovidenciaovalle.cl\/colegio\/eucaristia-aniversario-112-anos\/#webpage\",\"url\":\"http:\/\/laprovidenciaovalle.cl\/colegio\/eucaristia-aniversario-112-anos\/\",\"name\":\"Eucarist\\u00eda Aniversario 112 a\\u00f1os - Colegio La Providencia\",\"isPartOf\":{\"@id\":\"https:\/\/laprovidenciaovalle.cl\/colegio\/#website\"},\"primaryImageOfPage\":{\"@id\":\"http:\/\/laprovidenciaovalle.cl\/colegio\/eucaristia-aniversario-112-anos\/#primaryimage\"},\"datePublished\":\"2018-09-28T07:49:37+00:00\",\"dateModified\":\"2018-09-28T07:49:37+00:00\",\"author\":{\"@id\":\"https:\/\/laprovidenciaovalle.cl\/colegio\/#\/schema\/person\/1035f45cd35e1948fb928fcdc74228fe\"},\"inLanguage\":\"es\",\"potentialAction\":[{\"@type\":\"ReadAction\",\"target\":[\"http:\/\/laprovidenciaovalle.cl\/colegio\/eucaristia-aniversario-112-anos\/\"]}]},{\"@type\":\"Person\",\"@id\":\"https:\/\/laprovidenciaovalle.cl\/colegio\/#\/schema\/person\/1035f45cd35e1948fb928fcdc74228fe\",\"name\":\"Comunicaciones Colegio\",\"image\":{\"@type\":\"ImageObject\",\"@id\":\"https:\/\/laprovidenciaovalle.cl\/colegio\/#personlogo\",\"inLanguage\":\"es\",\"url\":\"http:\/\/2.gravatar.com\/avatar\/5d0b6f6fbda2852def0dc3e63e38d319?s=96&d=mm&r=g\",\"caption\":\"Comunicaciones Colegio\"}}]}<\/script>\n<!-- \/ Yoast SEO plugin. -->","_links":{"self":[{"href":"http:\/\/laprovidenciaovalle.cl\/colegio\/wp-json\/wp\/v2\/posts\/2088"}],"collection":[{"href":"http:\/\/laprovidenciaovalle.cl\/colegio\/wp-json\/wp\/v2\/posts"}],"about":[{"href":"http:\/\/laprovidenciaovalle.cl\/colegio\/wp-json\/wp\/v2\/types\/post"}],"author":[{"embeddable":true,"href":"http:\/\/laprovidenciaovalle.cl\/colegio\/wp-json\/wp\/v2\/users\/5"}],"replies":[{"embeddable":true,"href":"http:\/\/laprovidenciaovalle.cl\/colegio\/wp-json\/wp\/v2\/comments?post=2088"}],"version-history":[{"count":1,"href":"http:\/\/laprovidenciaovalle.cl\/colegio\/wp-json\/wp\/v2\/posts\/2088\/revisions"}],"predecessor-version":[{"id":2099,"href":"http:\/\/laprovidenciaovalle.cl\/colegio\/wp-json\/wp\/v2\/posts\/2088\/revisions\/2099"}],"wp:featuredmedia":[{"embeddable":true,"href":"http:\/\/laprovidenciaovalle.cl\/colegio\/wp-json\/wp\/v2\/media\/2096"}],"wp:attachment":[{"href":"http:\/\/laprovidenciaovalle.cl\/colegio\/wp-json\/wp\/v2\/media?parent=2088"}],"wp:term":[{"taxonomy":"category","embeddable":true,"href":"http:\/\/laprovidenciaovalle.cl\/colegio\/wp-json\/wp\/v2\/categories?post=2088"},{"taxonomy":"post_tag","embeddable":true,"href":"http:\/\/laprovidenciaovalle.cl\/colegio\/wp-json\/wp\/v2\/tags?post=2088"}],"curies":[{"name":"wp","href":"https:\/\/api.w.org\/{rel}","templated":true}]}}