{"id":20899,"date":"2025-10-02T09:19:19","date_gmt":"2025-10-02T12:19:19","guid":{"rendered":"http:\/\/laprovidenciaovalle.cl\/colegio\/?p=20899"},"modified":"2025-10-02T10:44:36","modified_gmt":"2025-10-02T13:44:36","slug":"nuestro-colegio-fue-sede-de-la-ceremonia-regional-de-seguridad-minera-organizada-por-la-seremia-de-educacion","status":"publish","type":"post","link":"http:\/\/laprovidenciaovalle.cl\/colegio\/nuestro-colegio-fue-sede-de-la-ceremonia-regional-de-seguridad-minera-organizada-por-la-seremia-de-educacion\/","title":{"rendered":"Nuestro colegio fue sede de la Ceremonia Regional de Seguridad Minera organizada por la Serem\u00eda de Educaci\u00f3n"},"content":{"rendered":"<p>El pasado martes 30 de septiembre de 2025, entre las 09:30 y las 13:00 horas, nuestro establecimiento tuvo el honor de ser sede de la <strong>Ceremonia de cierre del curso de Monitores de Seguridad Minera<\/strong>, una iniciativa conjunta entre <strong>Sernageomin<\/strong> y <strong>Secreduc<\/strong>, dirigida a estudiantes de 3\u00b0 y 4\u00b0 medio de la Regi\u00f3n de Coquimbo.<\/p>\n<p>Aunque no fue una actividad organizada directamente por nuestro colegio, la <strong>Serem\u00eda de Educaci\u00f3n<\/strong>, encabezada por el Sr. <strong>Nicol\u00e1s P\u00e9rez Allendes<\/strong>, solicit\u00f3 expresamente el uso de nuestras instalaciones para este importante evento, reconociendo el compromiso y la calidad de nuestra comunidad educativa. Adem\u00e1s, se extendi\u00f3 una invitaci\u00f3n especial a la <strong>banda &#8220;Moonday&#8221; del colegio<\/strong>, integrada por estudiantes junto a su profesor Iv\u00e1n Ram\u00edrez, quienes deleitaron a los asistentes con un repertorio musical que ya hab\u00eda sido destacado en presentaciones acad\u00e9micas anteriores.<\/p>\n<p>Esta ceremonia marc\u00f3 un hito significativo: fue la <strong>octava versi\u00f3n del curso para Sernageomin<\/strong> y la <strong>primera para Secreduc<\/strong>, ampliando su alcance a estudiantes de todas las modalidades de Ense\u00f1anza Media, tanto Humanista Cient\u00edfica como T\u00e9cnico Profesional.<\/p>\n<p>Durante el evento, se entregaron <strong>certificados de aprobaci\u00f3n a cerca de 200 estudiantes y docentes<\/strong> provenientes de diversos establecimientos de la <strong>Provincia de Limar\u00ed<\/strong>, reconociendo su participaci\u00f3n en este programa que fortalece los proyectos vocacionales y de vida de los j\u00f3venes de la regi\u00f3n.<\/p>\n<p>Desde nuestro colegio, agradecemos la confianza depositada por las autoridades y reafirmamos nuestro compromiso con el desarrollo educativo regional.<\/p>\n\n\t\t<style type=\"text\/css\">\n\t\t\t#gallery-1 {\n\t\t\t\tmargin: auto;\n\t\t\t}\n\t\t\t#gallery-1 .gallery-item {\n\t\t\t\tfloat: left;\n\t\t\t\tmargin-top: 10px;\n\t\t\t\ttext-align: center;\n\t\t\t\twidth: 33%;\n\t\t\t}\n\t\t\t#gallery-1 img {\n\t\t\t\tborder: 2px solid #cfcfcf;\n\t\t\t}\n\t\t\t#gallery-1 .gallery-caption {\n\t\t\t\tmargin-left: 0;\n\t\t\t}\n\t\t\t\/* see gallery_shortcode() in wp-includes\/media.php *\/\n\t\t<\/style>\n\t\t<div id='gallery-1' class='gallery galleryid-20899 gallery-columns-3 gallery-size-full'><dl class='gallery-item'>\n\t\t\t<dt class='gallery-icon landscape'>\n\t\t\t\t<a href='http:\/\/laprovidenciaovalle.cl\/colegio\/nuestro-colegio-fue-sede-de-la-ceremonia-regional-de-seguridad-minera-organizada-por-la-seremia-de-educacion\/img_6823\/'><img width=\"2560\" height=\"1707\" src=\"http:\/\/laprovidenciaovalle.cl\/colegio\/wp-content\/uploads\/2025\/10\/IMG_6823-scaled.jpg\" class=\"attachment-full size-full\" alt=\"\" loading=\"lazy\" srcset=\"http:\/\/laprovidenciaovalle.cl\/colegio\/wp-content\/uploads\/2025\/10\/IMG_6823-scaled.jpg 2560w, http:\/\/laprovidenciaovalle.cl\/colegio\/wp-content\/uploads\/2025\/10\/IMG_6823-300x200.jpg 300w, http:\/\/laprovidenciaovalle.cl\/colegio\/wp-content\/uploads\/2025\/10\/IMG_6823-1024x683.jpg 1024w, http:\/\/laprovidenciaovalle.cl\/colegio\/wp-content\/uploads\/2025\/10\/IMG_6823-768x512.jpg 768w, http:\/\/laprovidenciaovalle.cl\/colegio\/wp-content\/uploads\/2025\/10\/IMG_6823-1536x1024.jpg 1536w, http:\/\/laprovidenciaovalle.cl\/colegio\/wp-content\/uploads\/2025\/10\/IMG_6823-2048x1365.jpg 2048w, http:\/\/laprovidenciaovalle.cl\/colegio\/wp-content\/uploads\/2025\/10\/IMG_6823-150x100.jpg 150w\" sizes=\"(max-width: 2560px) 100vw, 2560px\" \/><\/a>\n\t\t\t<\/dt><\/dl><dl class='gallery-item'>\n\t\t\t<dt class='gallery-icon landscape'>\n\t\t\t\t<a href='http:\/\/laprovidenciaovalle.cl\/colegio\/nuestro-colegio-fue-sede-de-la-ceremonia-regional-de-seguridad-minera-organizada-por-la-seremia-de-educacion\/img_6825-2\/'><img width=\"2560\" height=\"1707\" src=\"http:\/\/laprovidenciaovalle.cl\/colegio\/wp-content\/uploads\/2025\/10\/IMG_6825-scaled.jpg\" class=\"attachment-full size-full\" alt=\"\" loading=\"lazy\" srcset=\"http:\/\/laprovidenciaovalle.cl\/colegio\/wp-content\/uploads\/2025\/10\/IMG_6825-scaled.jpg 2560w, http:\/\/laprovidenciaovalle.cl\/colegio\/wp-content\/uploads\/2025\/10\/IMG_6825-300x200.jpg 300w, http:\/\/laprovidenciaovalle.cl\/colegio\/wp-content\/uploads\/2025\/10\/IMG_6825-1024x683.jpg 1024w, http:\/\/laprovidenciaovalle.cl\/colegio\/wp-content\/uploads\/2025\/10\/IMG_6825-768x512.jpg 768w, http:\/\/laprovidenciaovalle.cl\/colegio\/wp-content\/uploads\/2025\/10\/IMG_6825-1536x1024.jpg 1536w, http:\/\/laprovidenciaovalle.cl\/colegio\/wp-content\/uploads\/2025\/10\/IMG_6825-2048x1365.jpg 2048w, http:\/\/laprovidenciaovalle.cl\/colegio\/wp-content\/uploads\/2025\/10\/IMG_6825-150x100.jpg 150w\" sizes=\"(max-width: 2560px) 100vw, 2560px\" \/><\/a>\n\t\t\t<\/dt><\/dl><dl class='gallery-item'>\n\t\t\t<dt class='gallery-icon landscape'>\n\t\t\t\t<a href='http:\/\/laprovidenciaovalle.cl\/colegio\/nuestro-colegio-fue-sede-de-la-ceremonia-regional-de-seguridad-minera-organizada-por-la-seremia-de-educacion\/img_6833\/'><img width=\"2560\" height=\"1707\" src=\"http:\/\/laprovidenciaovalle.cl\/colegio\/wp-content\/uploads\/2025\/10\/IMG_6833-scaled.jpg\" class=\"attachment-full size-full\" alt=\"\" loading=\"lazy\" srcset=\"http:\/\/laprovidenciaovalle.cl\/colegio\/wp-content\/uploads\/2025\/10\/IMG_6833-scaled.jpg 2560w, http:\/\/laprovidenciaovalle.cl\/colegio\/wp-content\/uploads\/2025\/10\/IMG_6833-300x200.jpg 300w, http:\/\/laprovidenciaovalle.cl\/colegio\/wp-content\/uploads\/2025\/10\/IMG_6833-1024x683.jpg 1024w, http:\/\/laprovidenciaovalle.cl\/colegio\/wp-content\/uploads\/2025\/10\/IMG_6833-768x512.jpg 768w, http:\/\/laprovidenciaovalle.cl\/colegio\/wp-content\/uploads\/2025\/10\/IMG_6833-1536x1024.jpg 1536w, http:\/\/laprovidenciaovalle.cl\/colegio\/wp-content\/uploads\/2025\/10\/IMG_6833-2048x1365.jpg 2048w, http:\/\/laprovidenciaovalle.cl\/colegio\/wp-content\/uploads\/2025\/10\/IMG_6833-150x100.jpg 150w\" sizes=\"(max-width: 2560px) 100vw, 2560px\" \/><\/a>\n\t\t\t<\/dt><\/dl><br style=\"clear: both\" \/><dl class='gallery-item'>\n\t\t\t<dt class='gallery-icon landscape'>\n\t\t\t\t<a href='http:\/\/laprovidenciaovalle.cl\/colegio\/nuestro-colegio-fue-sede-de-la-ceremonia-regional-de-seguridad-minera-organizada-por-la-seremia-de-educacion\/img_6838-2\/'><img width=\"2560\" height=\"1707\" src=\"http:\/\/laprovidenciaovalle.cl\/colegio\/wp-content\/uploads\/2025\/10\/IMG_6838-scaled.jpg\" class=\"attachment-full size-full\" alt=\"\" loading=\"lazy\" srcset=\"http:\/\/laprovidenciaovalle.cl\/colegio\/wp-content\/uploads\/2025\/10\/IMG_6838-scaled.jpg 2560w, http:\/\/laprovidenciaovalle.cl\/colegio\/wp-content\/uploads\/2025\/10\/IMG_6838-300x200.jpg 300w, http:\/\/laprovidenciaovalle.cl\/colegio\/wp-content\/uploads\/2025\/10\/IMG_6838-1024x683.jpg 1024w, http:\/\/laprovidenciaovalle.cl\/colegio\/wp-content\/uploads\/2025\/10\/IMG_6838-768x512.jpg 768w, http:\/\/laprovidenciaovalle.cl\/colegio\/wp-content\/uploads\/2025\/10\/IMG_6838-1536x1024.jpg 1536w, http:\/\/laprovidenciaovalle.cl\/colegio\/wp-content\/uploads\/2025\/10\/IMG_6838-2048x1365.jpg 2048w, http:\/\/laprovidenciaovalle.cl\/colegio\/wp-content\/uploads\/2025\/10\/IMG_6838-150x100.jpg 150w\" sizes=\"(max-width: 2560px) 100vw, 2560px\" \/><\/a>\n\t\t\t<\/dt><\/dl><dl class='gallery-item'>\n\t\t\t<dt class='gallery-icon landscape'>\n\t\t\t\t<a href='http:\/\/laprovidenciaovalle.cl\/colegio\/nuestro-colegio-fue-sede-de-la-ceremonia-regional-de-seguridad-minera-organizada-por-la-seremia-de-educacion\/img_6840-2\/'><img width=\"2560\" height=\"1707\" src=\"http:\/\/laprovidenciaovalle.cl\/colegio\/wp-content\/uploads\/2025\/10\/IMG_6840-scaled.jpg\" class=\"attachment-full size-full\" alt=\"\" loading=\"lazy\" srcset=\"http:\/\/laprovidenciaovalle.cl\/colegio\/wp-content\/uploads\/2025\/10\/IMG_6840-scaled.jpg 2560w, http:\/\/laprovidenciaovalle.cl\/colegio\/wp-content\/uploads\/2025\/10\/IMG_6840-300x200.jpg 300w, http:\/\/laprovidenciaovalle.cl\/colegio\/wp-content\/uploads\/2025\/10\/IMG_6840-1024x683.jpg 1024w, http:\/\/laprovidenciaovalle.cl\/colegio\/wp-content\/uploads\/2025\/10\/IMG_6840-768x512.jpg 768w, http:\/\/laprovidenciaovalle.cl\/colegio\/wp-content\/uploads\/2025\/10\/IMG_6840-1536x1024.jpg 1536w, http:\/\/laprovidenciaovalle.cl\/colegio\/wp-content\/uploads\/2025\/10\/IMG_6840-2048x1365.jpg 2048w, http:\/\/laprovidenciaovalle.cl\/colegio\/wp-content\/uploads\/2025\/10\/IMG_6840-150x100.jpg 150w\" sizes=\"(max-width: 2560px) 100vw, 2560px\" \/><\/a>\n\t\t\t<\/dt><\/dl><dl class='gallery-item'>\n\t\t\t<dt class='gallery-icon landscape'>\n\t\t\t\t<a href='http:\/\/laprovidenciaovalle.cl\/colegio\/nuestro-colegio-fue-sede-de-la-ceremonia-regional-de-seguridad-minera-organizada-por-la-seremia-de-educacion\/img_6844-2\/'><img width=\"2560\" height=\"1707\" src=\"http:\/\/laprovidenciaovalle.cl\/colegio\/wp-content\/uploads\/2025\/10\/IMG_6844-scaled.jpg\" class=\"attachment-full size-full\" alt=\"\" loading=\"lazy\" srcset=\"http:\/\/laprovidenciaovalle.cl\/colegio\/wp-content\/uploads\/2025\/10\/IMG_6844-scaled.jpg 2560w, http:\/\/laprovidenciaovalle.cl\/colegio\/wp-content\/uploads\/2025\/10\/IMG_6844-300x200.jpg 300w, http:\/\/laprovidenciaovalle.cl\/colegio\/wp-content\/uploads\/2025\/10\/IMG_6844-1024x683.jpg 1024w, http:\/\/laprovidenciaovalle.cl\/colegio\/wp-content\/uploads\/2025\/10\/IMG_6844-768x512.jpg 768w, http:\/\/laprovidenciaovalle.cl\/colegio\/wp-content\/uploads\/2025\/10\/IMG_6844-1536x1024.jpg 1536w, http:\/\/laprovidenciaovalle.cl\/colegio\/wp-content\/uploads\/2025\/10\/IMG_6844-2048x1365.jpg 2048w, http:\/\/laprovidenciaovalle.cl\/colegio\/wp-content\/uploads\/2025\/10\/IMG_6844-150x100.jpg 150w\" sizes=\"(max-width: 2560px) 100vw, 2560px\" \/><\/a>\n\t\t\t<\/dt><\/dl><br style=\"clear: both\" \/><dl class='gallery-item'>\n\t\t\t<dt class='gallery-icon landscape'>\n\t\t\t\t<a href='http:\/\/laprovidenciaovalle.cl\/colegio\/nuestro-colegio-fue-sede-de-la-ceremonia-regional-de-seguridad-minera-organizada-por-la-seremia-de-educacion\/img_6847-2\/'><img width=\"2560\" height=\"1707\" src=\"http:\/\/laprovidenciaovalle.cl\/colegio\/wp-content\/uploads\/2025\/10\/IMG_6847-scaled.jpg\" class=\"attachment-full size-full\" alt=\"\" loading=\"lazy\" srcset=\"http:\/\/laprovidenciaovalle.cl\/colegio\/wp-content\/uploads\/2025\/10\/IMG_6847-scaled.jpg 2560w, http:\/\/laprovidenciaovalle.cl\/colegio\/wp-content\/uploads\/2025\/10\/IMG_6847-300x200.jpg 300w, http:\/\/laprovidenciaovalle.cl\/colegio\/wp-content\/uploads\/2025\/10\/IMG_6847-1024x683.jpg 1024w, http:\/\/laprovidenciaovalle.cl\/colegio\/wp-content\/uploads\/2025\/10\/IMG_6847-768x512.jpg 768w, http:\/\/laprovidenciaovalle.cl\/colegio\/wp-content\/uploads\/2025\/10\/IMG_6847-1536x1024.jpg 1536w, http:\/\/laprovidenciaovalle.cl\/colegio\/wp-content\/uploads\/2025\/10\/IMG_6847-2048x1365.jpg 2048w, http:\/\/laprovidenciaovalle.cl\/colegio\/wp-content\/uploads\/2025\/10\/IMG_6847-150x100.jpg 150w\" sizes=\"(max-width: 2560px) 100vw, 2560px\" \/><\/a>\n\t\t\t<\/dt><\/dl><dl class='gallery-item'>\n\t\t\t<dt class='gallery-icon landscape'>\n\t\t\t\t<a href='http:\/\/laprovidenciaovalle.cl\/colegio\/nuestro-colegio-fue-sede-de-la-ceremonia-regional-de-seguridad-minera-organizada-por-la-seremia-de-educacion\/img_6851-2\/'><img width=\"2560\" height=\"1707\" src=\"http:\/\/laprovidenciaovalle.cl\/colegio\/wp-content\/uploads\/2025\/10\/IMG_6851-scaled.jpg\" class=\"attachment-full size-full\" alt=\"\" loading=\"lazy\" srcset=\"http:\/\/laprovidenciaovalle.cl\/colegio\/wp-content\/uploads\/2025\/10\/IMG_6851-scaled.jpg 2560w, http:\/\/laprovidenciaovalle.cl\/colegio\/wp-content\/uploads\/2025\/10\/IMG_6851-300x200.jpg 300w, http:\/\/laprovidenciaovalle.cl\/colegio\/wp-content\/uploads\/2025\/10\/IMG_6851-1024x683.jpg 1024w, http:\/\/laprovidenciaovalle.cl\/colegio\/wp-content\/uploads\/2025\/10\/IMG_6851-768x512.jpg 768w, http:\/\/laprovidenciaovalle.cl\/colegio\/wp-content\/uploads\/2025\/10\/IMG_6851-1536x1024.jpg 1536w, http:\/\/laprovidenciaovalle.cl\/colegio\/wp-content\/uploads\/2025\/10\/IMG_6851-2048x1365.jpg 2048w, http:\/\/laprovidenciaovalle.cl\/colegio\/wp-content\/uploads\/2025\/10\/IMG_6851-150x100.jpg 150w\" sizes=\"(max-width: 2560px) 100vw, 2560px\" \/><\/a>\n\t\t\t<\/dt><\/dl><dl class='gallery-item'>\n\t\t\t<dt class='gallery-icon landscape'>\n\t\t\t\t<a href='http:\/\/laprovidenciaovalle.cl\/colegio\/nuestro-colegio-fue-sede-de-la-ceremonia-regional-de-seguridad-minera-organizada-por-la-seremia-de-educacion\/img_6853-2\/'><img width=\"2560\" height=\"1707\" src=\"http:\/\/laprovidenciaovalle.cl\/colegio\/wp-content\/uploads\/2025\/10\/IMG_6853-scaled.jpg\" class=\"attachment-full size-full\" alt=\"\" loading=\"lazy\" srcset=\"http:\/\/laprovidenciaovalle.cl\/colegio\/wp-content\/uploads\/2025\/10\/IMG_6853-scaled.jpg 2560w, http:\/\/laprovidenciaovalle.cl\/colegio\/wp-content\/uploads\/2025\/10\/IMG_6853-300x200.jpg 300w, http:\/\/laprovidenciaovalle.cl\/colegio\/wp-content\/uploads\/2025\/10\/IMG_6853-1024x683.jpg 1024w, http:\/\/laprovidenciaovalle.cl\/colegio\/wp-content\/uploads\/2025\/10\/IMG_6853-768x512.jpg 768w, http:\/\/laprovidenciaovalle.cl\/colegio\/wp-content\/uploads\/2025\/10\/IMG_6853-1536x1024.jpg 1536w, http:\/\/laprovidenciaovalle.cl\/colegio\/wp-content\/uploads\/2025\/10\/IMG_6853-2048x1365.jpg 2048w, http:\/\/laprovidenciaovalle.cl\/colegio\/wp-content\/uploads\/2025\/10\/IMG_6853-150x100.jpg 150w\" sizes=\"(max-width: 2560px) 100vw, 2560px\" \/><\/a>\n\t\t\t<\/dt><\/dl><br style=\"clear: both\" \/><dl class='gallery-item'>\n\t\t\t<dt class='gallery-icon landscape'>\n\t\t\t\t<a href='http:\/\/laprovidenciaovalle.cl\/colegio\/nuestro-colegio-fue-sede-de-la-ceremonia-regional-de-seguridad-minera-organizada-por-la-seremia-de-educacion\/img_6858\/'><img width=\"2560\" height=\"1707\" src=\"http:\/\/laprovidenciaovalle.cl\/colegio\/wp-content\/uploads\/2025\/10\/IMG_6858-scaled.jpg\" class=\"attachment-full size-full\" alt=\"\" loading=\"lazy\" srcset=\"http:\/\/laprovidenciaovalle.cl\/colegio\/wp-content\/uploads\/2025\/10\/IMG_6858-scaled.jpg 2560w, http:\/\/laprovidenciaovalle.cl\/colegio\/wp-content\/uploads\/2025\/10\/IMG_6858-300x200.jpg 300w, http:\/\/laprovidenciaovalle.cl\/colegio\/wp-content\/uploads\/2025\/10\/IMG_6858-1024x683.jpg 1024w, http:\/\/laprovidenciaovalle.cl\/colegio\/wp-content\/uploads\/2025\/10\/IMG_6858-768x512.jpg 768w, http:\/\/laprovidenciaovalle.cl\/colegio\/wp-content\/uploads\/2025\/10\/IMG_6858-1536x1024.jpg 1536w, http:\/\/laprovidenciaovalle.cl\/colegio\/wp-content\/uploads\/2025\/10\/IMG_6858-2048x1365.jpg 2048w, http:\/\/laprovidenciaovalle.cl\/colegio\/wp-content\/uploads\/2025\/10\/IMG_6858-150x100.jpg 150w\" sizes=\"(max-width: 2560px) 100vw, 2560px\" \/><\/a>\n\t\t\t<\/dt><\/dl><dl class='gallery-item'>\n\t\t\t<dt class='gallery-icon landscape'>\n\t\t\t\t<a href='http:\/\/laprovidenciaovalle.cl\/colegio\/nuestro-colegio-fue-sede-de-la-ceremonia-regional-de-seguridad-minera-organizada-por-la-seremia-de-educacion\/img_6860\/'><img width=\"2560\" height=\"1707\" src=\"http:\/\/laprovidenciaovalle.cl\/colegio\/wp-content\/uploads\/2025\/10\/IMG_6860-scaled.jpg\" class=\"attachment-full size-full\" alt=\"\" loading=\"lazy\" srcset=\"http:\/\/laprovidenciaovalle.cl\/colegio\/wp-content\/uploads\/2025\/10\/IMG_6860-scaled.jpg 2560w, http:\/\/laprovidenciaovalle.cl\/colegio\/wp-content\/uploads\/2025\/10\/IMG_6860-300x200.jpg 300w, http:\/\/laprovidenciaovalle.cl\/colegio\/wp-content\/uploads\/2025\/10\/IMG_6860-1024x683.jpg 1024w, http:\/\/laprovidenciaovalle.cl\/colegio\/wp-content\/uploads\/2025\/10\/IMG_6860-768x512.jpg 768w, http:\/\/laprovidenciaovalle.cl\/colegio\/wp-content\/uploads\/2025\/10\/IMG_6860-1536x1024.jpg 1536w, http:\/\/laprovidenciaovalle.cl\/colegio\/wp-content\/uploads\/2025\/10\/IMG_6860-2048x1365.jpg 2048w, http:\/\/laprovidenciaovalle.cl\/colegio\/wp-content\/uploads\/2025\/10\/IMG_6860-150x100.jpg 150w\" sizes=\"(max-width: 2560px) 100vw, 2560px\" \/><\/a>\n\t\t\t<\/dt><\/dl>\n\t\t\t<br style='clear: both' \/>\n\t\t<\/div>\n\n","protected":false},"excerpt":{"rendered":"<p>El pasado martes 30 de septiembre de 2025, entre las 09:30 y las 13:00 horas, nuestro establecimiento tuvo el honor de ser sede de la Ceremonia de cierre del curso de Monitores de Seguridad Minera, una iniciativa conjunta entre Sernageomin y Secreduc, dirigida a estudiantes de 3\u00b0 y 4\u00b0 medio de la Regi\u00f3n de Coquimbo. Aunque no fue una actividad&nbsp;<a href=\"http:\/\/laprovidenciaovalle.cl\/colegio\/nuestro-colegio-fue-sede-de-la-ceremonia-regional-de-seguridad-minera-organizada-por-la-seremia-de-educacion\/\">[&hellip;]<\/a><\/p>\n","protected":false},"author":5,"featured_media":20905,"comment_status":"closed","ping_status":"closed","sticky":false,"template":"","format":"standard","meta":[],"categories":[16],"tags":[],"yoast_head":"<!-- This site is optimized with the Yoast SEO plugin v15.2 - https:\/\/yoast.com\/wordpress\/plugins\/seo\/ -->\n<title>Nuestro colegio fue sede de la Ceremonia Regional de Seguridad Minera organizada por la Serem\u00eda de Educaci\u00f3n - Colegio La Providencia<\/title>\n<meta name=\"robots\" content=\"index, follow, max-snippet:-1, max-image-preview:large, max-video-preview:-1\" \/>\n<link rel=\"canonical\" href=\"http:\/\/laprovidenciaovalle.cl\/colegio\/nuestro-colegio-fue-sede-de-la-ceremonia-regional-de-seguridad-minera-organizada-por-la-seremia-de-educacion\/\" \/>\n<meta property=\"og:locale\" content=\"es_ES\" \/>\n<meta property=\"og:type\" content=\"article\" \/>\n<meta property=\"og:title\" content=\"Nuestro colegio fue sede de la Ceremonia Regional de Seguridad Minera organizada por la Serem\u00eda de Educaci\u00f3n - Colegio La Providencia\" \/>\n<meta property=\"og:description\" content=\"El pasado martes 30 de septiembre de 2025, entre las 09:30 y las 13:00 horas, nuestro establecimiento tuvo el honor de ser sede de la Ceremonia de cierre del curso de Monitores de Seguridad Minera, una iniciativa conjunta entre Sernageomin y Secreduc, dirigida a estudiantes de 3\u00b0 y 4\u00b0 medio de la Regi\u00f3n de Coquimbo. Aunque no fue una actividad&nbsp;[&hellip;]\" \/>\n<meta property=\"og:url\" content=\"http:\/\/laprovidenciaovalle.cl\/colegio\/nuestro-colegio-fue-sede-de-la-ceremonia-regional-de-seguridad-minera-organizada-por-la-seremia-de-educacion\/\" \/>\n<meta property=\"og:site_name\" content=\"Colegio La Providencia\" \/>\n<meta property=\"article:published_time\" content=\"2025-10-02T12:19:19+00:00\" \/>\n<meta property=\"article:modified_time\" content=\"2025-10-02T13:44:36+00:00\" \/>\n<meta property=\"og:image\" content=\"http:\/\/laprovidenciaovalle.cl\/colegio\/wp-content\/uploads\/2025\/10\/IMG_6844-scaled.jpg\" \/>\n\t<meta property=\"og:image:width\" content=\"2560\" \/>\n\t<meta property=\"og:image:height\" content=\"1707\" \/>\n<meta name=\"twitter:card\" content=\"summary_large_image\" \/>\n<meta name=\"twitter:label1\" value=\"Escrito por\">\n\t<meta name=\"twitter:data1\" value=\"Comunicaciones Colegio\">\n\t<meta name=\"twitter:label2\" value=\"Tiempo de lectura\">\n\t<meta name=\"twitter:data2\" value=\"1 minuto\">\n<script type=\"application\/ld+json\" class=\"yoast-schema-graph\">{\"@context\":\"https:\/\/schema.org\",\"@graph\":[{\"@type\":\"WebSite\",\"@id\":\"https:\/\/laprovidenciaovalle.cl\/colegio\/#website\",\"url\":\"https:\/\/laprovidenciaovalle.cl\/colegio\/\",\"name\":\"Colegio La Providencia\",\"description\":\"Ovalle\",\"potentialAction\":[{\"@type\":\"SearchAction\",\"target\":\"https:\/\/laprovidenciaovalle.cl\/colegio\/?s={search_term_string}\",\"query-input\":\"required name=search_term_string\"}],\"inLanguage\":\"es\"},{\"@type\":\"ImageObject\",\"@id\":\"http:\/\/laprovidenciaovalle.cl\/colegio\/nuestro-colegio-fue-sede-de-la-ceremonia-regional-de-seguridad-minera-organizada-por-la-seremia-de-educacion\/#primaryimage\",\"inLanguage\":\"es\",\"url\":\"http:\/\/laprovidenciaovalle.cl\/colegio\/wp-content\/uploads\/2025\/10\/IMG_6844-scaled.jpg\",\"width\":2560,\"height\":1707},{\"@type\":\"WebPage\",\"@id\":\"http:\/\/laprovidenciaovalle.cl\/colegio\/nuestro-colegio-fue-sede-de-la-ceremonia-regional-de-seguridad-minera-organizada-por-la-seremia-de-educacion\/#webpage\",\"url\":\"http:\/\/laprovidenciaovalle.cl\/colegio\/nuestro-colegio-fue-sede-de-la-ceremonia-regional-de-seguridad-minera-organizada-por-la-seremia-de-educacion\/\",\"name\":\"Nuestro colegio fue sede de la Ceremonia Regional de Seguridad Minera organizada por la Serem\\u00eda de Educaci\\u00f3n - Colegio La Providencia\",\"isPartOf\":{\"@id\":\"https:\/\/laprovidenciaovalle.cl\/colegio\/#website\"},\"primaryImageOfPage\":{\"@id\":\"http:\/\/laprovidenciaovalle.cl\/colegio\/nuestro-colegio-fue-sede-de-la-ceremonia-regional-de-seguridad-minera-organizada-por-la-seremia-de-educacion\/#primaryimage\"},\"datePublished\":\"2025-10-02T12:19:19+00:00\",\"dateModified\":\"2025-10-02T13:44:36+00:00\",\"author\":{\"@id\":\"https:\/\/laprovidenciaovalle.cl\/colegio\/#\/schema\/person\/1035f45cd35e1948fb928fcdc74228fe\"},\"inLanguage\":\"es\",\"potentialAction\":[{\"@type\":\"ReadAction\",\"target\":[\"http:\/\/laprovidenciaovalle.cl\/colegio\/nuestro-colegio-fue-sede-de-la-ceremonia-regional-de-seguridad-minera-organizada-por-la-seremia-de-educacion\/\"]}]},{\"@type\":\"Person\",\"@id\":\"https:\/\/laprovidenciaovalle.cl\/colegio\/#\/schema\/person\/1035f45cd35e1948fb928fcdc74228fe\",\"name\":\"Comunicaciones Colegio\",\"image\":{\"@type\":\"ImageObject\",\"@id\":\"https:\/\/laprovidenciaovalle.cl\/colegio\/#personlogo\",\"inLanguage\":\"es\",\"url\":\"http:\/\/2.gravatar.com\/avatar\/5d0b6f6fbda2852def0dc3e63e38d319?s=96&d=mm&r=g\",\"caption\":\"Comunicaciones Colegio\"}}]}<\/script>\n<!-- \/ Yoast SEO plugin. -->","_links":{"self":[{"href":"http:\/\/laprovidenciaovalle.cl\/colegio\/wp-json\/wp\/v2\/posts\/20899"}],"collection":[{"href":"http:\/\/laprovidenciaovalle.cl\/colegio\/wp-json\/wp\/v2\/posts"}],"about":[{"href":"http:\/\/laprovidenciaovalle.cl\/colegio\/wp-json\/wp\/v2\/types\/post"}],"author":[{"embeddable":true,"href":"http:\/\/laprovidenciaovalle.cl\/colegio\/wp-json\/wp\/v2\/users\/5"}],"replies":[{"embeddable":true,"href":"http:\/\/laprovidenciaovalle.cl\/colegio\/wp-json\/wp\/v2\/comments?post=20899"}],"version-history":[{"count":3,"href":"http:\/\/laprovidenciaovalle.cl\/colegio\/wp-json\/wp\/v2\/posts\/20899\/revisions"}],"predecessor-version":[{"id":20913,"href":"http:\/\/laprovidenciaovalle.cl\/colegio\/wp-json\/wp\/v2\/posts\/20899\/revisions\/20913"}],"wp:featuredmedia":[{"embeddable":true,"href":"http:\/\/laprovidenciaovalle.cl\/colegio\/wp-json\/wp\/v2\/media\/20905"}],"wp:attachment":[{"href":"http:\/\/laprovidenciaovalle.cl\/colegio\/wp-json\/wp\/v2\/media?parent=20899"}],"wp:term":[{"taxonomy":"category","embeddable":true,"href":"http:\/\/laprovidenciaovalle.cl\/colegio\/wp-json\/wp\/v2\/categories?post=20899"},{"taxonomy":"post_tag","embeddable":true,"href":"http:\/\/laprovidenciaovalle.cl\/colegio\/wp-json\/wp\/v2\/tags?post=20899"}],"curies":[{"name":"wp","href":"https:\/\/api.w.org\/{rel}","templated":true}]}}