{"id":20946,"date":"2025-10-02T13:25:22","date_gmt":"2025-10-02T16:25:22","guid":{"rendered":"http:\/\/laprovidenciaovalle.cl\/colegio\/?p=20946"},"modified":"2025-10-02T13:26:37","modified_gmt":"2025-10-02T16:26:37","slug":"estudiantes-de-4e-lideran-taller-de-compostaje-para-funcionarios-del-colegio","status":"publish","type":"post","link":"http:\/\/laprovidenciaovalle.cl\/colegio\/estudiantes-de-4e-lideran-taller-de-compostaje-para-funcionarios-del-colegio\/","title":{"rendered":"Estudiantes de 4\u00b0E lideran Taller de Compostaje para funcionarios del colegio"},"content":{"rendered":"<p>El pasado martes 30 de septiembre, las estudiantes del 4\u00b0E de la especialidad de Administraci\u00f3n realizaron un <strong>taller te\u00f3rico-pr\u00e1ctico de compostaje<\/strong> dirigido a 15 funcionarios de nuestro establecimiento, como parte del <strong>Proyecto de Compostaje<\/strong> impulsado por las docentes <strong>Paola Olivares<\/strong> (Departamento de Ciencias) y <strong>Rossana Guzm\u00e1n<\/strong> (Especialidad de Administraci\u00f3n), junto a las estudiantes participantes.<\/p>\n<p>Esta iniciativa forma parte del programa <strong>Aprendizaje + Servicio (AS)<\/strong> de <strong>Innovaci\u00f3n Pedag\u00f3gica<\/strong>, alineado con nuestro compromiso institucional hacia la <strong>educaci\u00f3n ambiental<\/strong> y la <strong>construcci\u00f3n de h\u00e1bitos sostenibles<\/strong>.<\/p>\n<p>Durante las etapas iniciales, las estudiantes participaron en clases de <strong>separaci\u00f3n de residuos<\/strong>, observando el entorno para distinguir entre materiales org\u00e1nicos, reciclables y no reciclables. Esta base permiti\u00f3 iniciar el proceso de compostaje, que actualmente se desarrolla en el espacio <strong>\u201cAula Verde\u201d (Huerto Escolar)<\/strong> mediante pr\u00e1cticas con botellas reutilizadas.<\/p>\n<p>El taller realizado esta semana marca el inicio de una nueva fase: las estudiantes se preparan para convertirse en <strong>agentes de cambio<\/strong>, ense\u00f1ando a distintos grupos de la comunidad c\u00f3mo realizar compostaje desde sus hogares. A trav\u00e9s de charlas, demostraciones y materiales educativos, buscan compartir lo aprendido para que m\u00e1s familias puedan transformar sus residuos org\u00e1nicos en abono natural.<\/p>\n<p>Durante el taller,\u00a0 los funcionarios recibieron <strong>certificados de participaci\u00f3n <\/strong>por parte de las estudiantes, como parte de su preparaci\u00f3n para replicar esta experiencia en otros grupos y establecimientos de la comuna de Ovalle.<\/p>\n<p>Felicitamos a las estudiantes y docentes por este valioso aporte al desarrollo sostenible y al fortalecimiento del v\u00ednculo entre aprendizaje y servicio comunitario.<\/p>\n\n\t\t<style type=\"text\/css\">\n\t\t\t#gallery-1 {\n\t\t\t\tmargin: auto;\n\t\t\t}\n\t\t\t#gallery-1 .gallery-item {\n\t\t\t\tfloat: left;\n\t\t\t\tmargin-top: 10px;\n\t\t\t\ttext-align: center;\n\t\t\t\twidth: 33%;\n\t\t\t}\n\t\t\t#gallery-1 img {\n\t\t\t\tborder: 2px solid #cfcfcf;\n\t\t\t}\n\t\t\t#gallery-1 .gallery-caption {\n\t\t\t\tmargin-left: 0;\n\t\t\t}\n\t\t\t\/* see gallery_shortcode() in wp-includes\/media.php *\/\n\t\t<\/style>\n\t\t<div id='gallery-1' class='gallery galleryid-20946 gallery-columns-3 gallery-size-full'><dl class='gallery-item'>\n\t\t\t<dt class='gallery-icon landscape'>\n\t\t\t\t<a href='http:\/\/laprovidenciaovalle.cl\/colegio\/whatsapp-image-2025-10-01-at-11-53-20\/'><img width=\"1280\" height=\"960\" src=\"http:\/\/laprovidenciaovalle.cl\/colegio\/wp-content\/uploads\/2025\/10\/WhatsApp-Image-2025-10-01-at-11.53.20.jpeg\" class=\"attachment-full size-full\" alt=\"\" loading=\"lazy\" srcset=\"http:\/\/laprovidenciaovalle.cl\/colegio\/wp-content\/uploads\/2025\/10\/WhatsApp-Image-2025-10-01-at-11.53.20.jpeg 1280w, http:\/\/laprovidenciaovalle.cl\/colegio\/wp-content\/uploads\/2025\/10\/WhatsApp-Image-2025-10-01-at-11.53.20-300x225.jpeg 300w, http:\/\/laprovidenciaovalle.cl\/colegio\/wp-content\/uploads\/2025\/10\/WhatsApp-Image-2025-10-01-at-11.53.20-1024x768.jpeg 1024w, http:\/\/laprovidenciaovalle.cl\/colegio\/wp-content\/uploads\/2025\/10\/WhatsApp-Image-2025-10-01-at-11.53.20-768x576.jpeg 768w, http:\/\/laprovidenciaovalle.cl\/colegio\/wp-content\/uploads\/2025\/10\/WhatsApp-Image-2025-10-01-at-11.53.20-150x113.jpeg 150w\" sizes=\"(max-width: 1280px) 100vw, 1280px\" \/><\/a>\n\t\t\t<\/dt><\/dl><dl class='gallery-item'>\n\t\t\t<dt class='gallery-icon landscape'>\n\t\t\t\t<a href='http:\/\/laprovidenciaovalle.cl\/colegio\/whatsapp-image-2025-10-01-at-11-53-19\/'><img width=\"1280\" height=\"960\" src=\"http:\/\/laprovidenciaovalle.cl\/colegio\/wp-content\/uploads\/2025\/10\/WhatsApp-Image-2025-10-01-at-11.53.19.jpeg\" class=\"attachment-full size-full\" alt=\"\" loading=\"lazy\" srcset=\"http:\/\/laprovidenciaovalle.cl\/colegio\/wp-content\/uploads\/2025\/10\/WhatsApp-Image-2025-10-01-at-11.53.19.jpeg 1280w, http:\/\/laprovidenciaovalle.cl\/colegio\/wp-content\/uploads\/2025\/10\/WhatsApp-Image-2025-10-01-at-11.53.19-300x225.jpeg 300w, http:\/\/laprovidenciaovalle.cl\/colegio\/wp-content\/uploads\/2025\/10\/WhatsApp-Image-2025-10-01-at-11.53.19-1024x768.jpeg 1024w, http:\/\/laprovidenciaovalle.cl\/colegio\/wp-content\/uploads\/2025\/10\/WhatsApp-Image-2025-10-01-at-11.53.19-768x576.jpeg 768w, http:\/\/laprovidenciaovalle.cl\/colegio\/wp-content\/uploads\/2025\/10\/WhatsApp-Image-2025-10-01-at-11.53.19-150x113.jpeg 150w\" sizes=\"(max-width: 1280px) 100vw, 1280px\" \/><\/a>\n\t\t\t<\/dt><\/dl><dl class='gallery-item'>\n\t\t\t<dt class='gallery-icon landscape'>\n\t\t\t\t<a href='http:\/\/laprovidenciaovalle.cl\/colegio\/whatsapp-image-2025-10-01-at-11-52-43\/'><img width=\"1600\" height=\"1200\" src=\"http:\/\/laprovidenciaovalle.cl\/colegio\/wp-content\/uploads\/2025\/10\/WhatsApp-Image-2025-10-01-at-11.52.43.jpeg\" class=\"attachment-full size-full\" alt=\"\" loading=\"lazy\" srcset=\"http:\/\/laprovidenciaovalle.cl\/colegio\/wp-content\/uploads\/2025\/10\/WhatsApp-Image-2025-10-01-at-11.52.43.jpeg 1600w, http:\/\/laprovidenciaovalle.cl\/colegio\/wp-content\/uploads\/2025\/10\/WhatsApp-Image-2025-10-01-at-11.52.43-300x225.jpeg 300w, http:\/\/laprovidenciaovalle.cl\/colegio\/wp-content\/uploads\/2025\/10\/WhatsApp-Image-2025-10-01-at-11.52.43-1024x768.jpeg 1024w, http:\/\/laprovidenciaovalle.cl\/colegio\/wp-content\/uploads\/2025\/10\/WhatsApp-Image-2025-10-01-at-11.52.43-768x576.jpeg 768w, http:\/\/laprovidenciaovalle.cl\/colegio\/wp-content\/uploads\/2025\/10\/WhatsApp-Image-2025-10-01-at-11.52.43-1536x1152.jpeg 1536w, http:\/\/laprovidenciaovalle.cl\/colegio\/wp-content\/uploads\/2025\/10\/WhatsApp-Image-2025-10-01-at-11.52.43-150x113.jpeg 150w\" sizes=\"(max-width: 1600px) 100vw, 1600px\" \/><\/a>\n\t\t\t<\/dt><\/dl><br style=\"clear: both\" \/><dl class='gallery-item'>\n\t\t\t<dt class='gallery-icon portrait'>\n\t\t\t\t<a href='http:\/\/laprovidenciaovalle.cl\/colegio\/whatsapp-image-2025-10-01-at-11-52-44\/'><img width=\"1200\" height=\"1600\" src=\"http:\/\/laprovidenciaovalle.cl\/colegio\/wp-content\/uploads\/2025\/10\/WhatsApp-Image-2025-10-01-at-11.52.44.jpeg\" class=\"attachment-full size-full\" alt=\"\" loading=\"lazy\" srcset=\"http:\/\/laprovidenciaovalle.cl\/colegio\/wp-content\/uploads\/2025\/10\/WhatsApp-Image-2025-10-01-at-11.52.44.jpeg 1200w, http:\/\/laprovidenciaovalle.cl\/colegio\/wp-content\/uploads\/2025\/10\/WhatsApp-Image-2025-10-01-at-11.52.44-225x300.jpeg 225w, http:\/\/laprovidenciaovalle.cl\/colegio\/wp-content\/uploads\/2025\/10\/WhatsApp-Image-2025-10-01-at-11.52.44-768x1024.jpeg 768w, http:\/\/laprovidenciaovalle.cl\/colegio\/wp-content\/uploads\/2025\/10\/WhatsApp-Image-2025-10-01-at-11.52.44-1152x1536.jpeg 1152w, http:\/\/laprovidenciaovalle.cl\/colegio\/wp-content\/uploads\/2025\/10\/WhatsApp-Image-2025-10-01-at-11.52.44-113x150.jpeg 113w\" sizes=\"(max-width: 1200px) 100vw, 1200px\" \/><\/a>\n\t\t\t<\/dt><\/dl><dl class='gallery-item'>\n\t\t\t<dt class='gallery-icon landscape'>\n\t\t\t\t<a href='http:\/\/laprovidenciaovalle.cl\/colegio\/whatsapp-image-2025-10-01-at-11-52-44-1\/'><img width=\"1600\" height=\"1200\" src=\"http:\/\/laprovidenciaovalle.cl\/colegio\/wp-content\/uploads\/2025\/10\/WhatsApp-Image-2025-10-01-at-11.52.44-1.jpeg\" class=\"attachment-full size-full\" alt=\"\" loading=\"lazy\" srcset=\"http:\/\/laprovidenciaovalle.cl\/colegio\/wp-content\/uploads\/2025\/10\/WhatsApp-Image-2025-10-01-at-11.52.44-1.jpeg 1600w, http:\/\/laprovidenciaovalle.cl\/colegio\/wp-content\/uploads\/2025\/10\/WhatsApp-Image-2025-10-01-at-11.52.44-1-300x225.jpeg 300w, http:\/\/laprovidenciaovalle.cl\/colegio\/wp-content\/uploads\/2025\/10\/WhatsApp-Image-2025-10-01-at-11.52.44-1-1024x768.jpeg 1024w, http:\/\/laprovidenciaovalle.cl\/colegio\/wp-content\/uploads\/2025\/10\/WhatsApp-Image-2025-10-01-at-11.52.44-1-768x576.jpeg 768w, http:\/\/laprovidenciaovalle.cl\/colegio\/wp-content\/uploads\/2025\/10\/WhatsApp-Image-2025-10-01-at-11.52.44-1-1536x1152.jpeg 1536w, http:\/\/laprovidenciaovalle.cl\/colegio\/wp-content\/uploads\/2025\/10\/WhatsApp-Image-2025-10-01-at-11.52.44-1-150x113.jpeg 150w\" sizes=\"(max-width: 1600px) 100vw, 1600px\" \/><\/a>\n\t\t\t<\/dt><\/dl><dl class='gallery-item'>\n\t\t\t<dt class='gallery-icon landscape'>\n\t\t\t\t<a href='http:\/\/laprovidenciaovalle.cl\/colegio\/whatsapp-image-2025-10-01-at-11-52-44-2\/'><img width=\"1600\" height=\"1200\" src=\"http:\/\/laprovidenciaovalle.cl\/colegio\/wp-content\/uploads\/2025\/10\/WhatsApp-Image-2025-10-01-at-11.52.44-2.jpeg\" class=\"attachment-full size-full\" alt=\"\" loading=\"lazy\" srcset=\"http:\/\/laprovidenciaovalle.cl\/colegio\/wp-content\/uploads\/2025\/10\/WhatsApp-Image-2025-10-01-at-11.52.44-2.jpeg 1600w, http:\/\/laprovidenciaovalle.cl\/colegio\/wp-content\/uploads\/2025\/10\/WhatsApp-Image-2025-10-01-at-11.52.44-2-300x225.jpeg 300w, http:\/\/laprovidenciaovalle.cl\/colegio\/wp-content\/uploads\/2025\/10\/WhatsApp-Image-2025-10-01-at-11.52.44-2-1024x768.jpeg 1024w, http:\/\/laprovidenciaovalle.cl\/colegio\/wp-content\/uploads\/2025\/10\/WhatsApp-Image-2025-10-01-at-11.52.44-2-768x576.jpeg 768w, http:\/\/laprovidenciaovalle.cl\/colegio\/wp-content\/uploads\/2025\/10\/WhatsApp-Image-2025-10-01-at-11.52.44-2-1536x1152.jpeg 1536w, http:\/\/laprovidenciaovalle.cl\/colegio\/wp-content\/uploads\/2025\/10\/WhatsApp-Image-2025-10-01-at-11.52.44-2-150x113.jpeg 150w\" sizes=\"(max-width: 1600px) 100vw, 1600px\" \/><\/a>\n\t\t\t<\/dt><\/dl><br style=\"clear: both\" \/><dl class='gallery-item'>\n\t\t\t<dt class='gallery-icon landscape'>\n\t\t\t\t<a href='http:\/\/laprovidenciaovalle.cl\/colegio\/whatsapp-image-2025-10-01-at-11-52-45\/'><img width=\"1600\" height=\"1200\" src=\"http:\/\/laprovidenciaovalle.cl\/colegio\/wp-content\/uploads\/2025\/10\/WhatsApp-Image-2025-10-01-at-11.52.45.jpeg\" class=\"attachment-full size-full\" alt=\"\" loading=\"lazy\" srcset=\"http:\/\/laprovidenciaovalle.cl\/colegio\/wp-content\/uploads\/2025\/10\/WhatsApp-Image-2025-10-01-at-11.52.45.jpeg 1600w, http:\/\/laprovidenciaovalle.cl\/colegio\/wp-content\/uploads\/2025\/10\/WhatsApp-Image-2025-10-01-at-11.52.45-300x225.jpeg 300w, http:\/\/laprovidenciaovalle.cl\/colegio\/wp-content\/uploads\/2025\/10\/WhatsApp-Image-2025-10-01-at-11.52.45-1024x768.jpeg 1024w, http:\/\/laprovidenciaovalle.cl\/colegio\/wp-content\/uploads\/2025\/10\/WhatsApp-Image-2025-10-01-at-11.52.45-768x576.jpeg 768w, http:\/\/laprovidenciaovalle.cl\/colegio\/wp-content\/uploads\/2025\/10\/WhatsApp-Image-2025-10-01-at-11.52.45-1536x1152.jpeg 1536w, http:\/\/laprovidenciaovalle.cl\/colegio\/wp-content\/uploads\/2025\/10\/WhatsApp-Image-2025-10-01-at-11.52.45-150x113.jpeg 150w\" sizes=\"(max-width: 1600px) 100vw, 1600px\" \/><\/a>\n\t\t\t<\/dt><\/dl><dl class='gallery-item'>\n\t\t\t<dt class='gallery-icon landscape'>\n\t\t\t\t<a href='http:\/\/laprovidenciaovalle.cl\/colegio\/whatsapp-image-2025-10-01-at-11-52-45-1\/'><img width=\"1600\" height=\"1200\" src=\"http:\/\/laprovidenciaovalle.cl\/colegio\/wp-content\/uploads\/2025\/10\/WhatsApp-Image-2025-10-01-at-11.52.45-1.jpeg\" class=\"attachment-full size-full\" alt=\"\" loading=\"lazy\" srcset=\"http:\/\/laprovidenciaovalle.cl\/colegio\/wp-content\/uploads\/2025\/10\/WhatsApp-Image-2025-10-01-at-11.52.45-1.jpeg 1600w, http:\/\/laprovidenciaovalle.cl\/colegio\/wp-content\/uploads\/2025\/10\/WhatsApp-Image-2025-10-01-at-11.52.45-1-300x225.jpeg 300w, http:\/\/laprovidenciaovalle.cl\/colegio\/wp-content\/uploads\/2025\/10\/WhatsApp-Image-2025-10-01-at-11.52.45-1-1024x768.jpeg 1024w, http:\/\/laprovidenciaovalle.cl\/colegio\/wp-content\/uploads\/2025\/10\/WhatsApp-Image-2025-10-01-at-11.52.45-1-768x576.jpeg 768w, http:\/\/laprovidenciaovalle.cl\/colegio\/wp-content\/uploads\/2025\/10\/WhatsApp-Image-2025-10-01-at-11.52.45-1-1536x1152.jpeg 1536w, http:\/\/laprovidenciaovalle.cl\/colegio\/wp-content\/uploads\/2025\/10\/WhatsApp-Image-2025-10-01-at-11.52.45-1-150x113.jpeg 150w\" sizes=\"(max-width: 1600px) 100vw, 1600px\" \/><\/a>\n\t\t\t<\/dt><\/dl><dl class='gallery-item'>\n\t\t\t<dt class='gallery-icon landscape'>\n\t\t\t\t<a href='http:\/\/laprovidenciaovalle.cl\/colegio\/whatsapp-image-2025-10-01-at-11-52-45-2\/'><img width=\"1600\" height=\"1200\" src=\"http:\/\/laprovidenciaovalle.cl\/colegio\/wp-content\/uploads\/2025\/10\/WhatsApp-Image-2025-10-01-at-11.52.45-2.jpeg\" class=\"attachment-full size-full\" alt=\"\" loading=\"lazy\" srcset=\"http:\/\/laprovidenciaovalle.cl\/colegio\/wp-content\/uploads\/2025\/10\/WhatsApp-Image-2025-10-01-at-11.52.45-2.jpeg 1600w, http:\/\/laprovidenciaovalle.cl\/colegio\/wp-content\/uploads\/2025\/10\/WhatsApp-Image-2025-10-01-at-11.52.45-2-300x225.jpeg 300w, http:\/\/laprovidenciaovalle.cl\/colegio\/wp-content\/uploads\/2025\/10\/WhatsApp-Image-2025-10-01-at-11.52.45-2-1024x768.jpeg 1024w, http:\/\/laprovidenciaovalle.cl\/colegio\/wp-content\/uploads\/2025\/10\/WhatsApp-Image-2025-10-01-at-11.52.45-2-768x576.jpeg 768w, http:\/\/laprovidenciaovalle.cl\/colegio\/wp-content\/uploads\/2025\/10\/WhatsApp-Image-2025-10-01-at-11.52.45-2-1536x1152.jpeg 1536w, http:\/\/laprovidenciaovalle.cl\/colegio\/wp-content\/uploads\/2025\/10\/WhatsApp-Image-2025-10-01-at-11.52.45-2-150x113.jpeg 150w\" sizes=\"(max-width: 1600px) 100vw, 1600px\" \/><\/a>\n\t\t\t<\/dt><\/dl><br style=\"clear: both\" \/><dl class='gallery-item'>\n\t\t\t<dt class='gallery-icon portrait'>\n\t\t\t\t<a href='http:\/\/laprovidenciaovalle.cl\/colegio\/whatsapp-image-2025-10-01-at-11-52-38\/'><img width=\"1200\" height=\"1600\" src=\"http:\/\/laprovidenciaovalle.cl\/colegio\/wp-content\/uploads\/2025\/10\/WhatsApp-Image-2025-10-01-at-11.52.38.jpeg\" class=\"attachment-full size-full\" alt=\"\" loading=\"lazy\" srcset=\"http:\/\/laprovidenciaovalle.cl\/colegio\/wp-content\/uploads\/2025\/10\/WhatsApp-Image-2025-10-01-at-11.52.38.jpeg 1200w, http:\/\/laprovidenciaovalle.cl\/colegio\/wp-content\/uploads\/2025\/10\/WhatsApp-Image-2025-10-01-at-11.52.38-225x300.jpeg 225w, http:\/\/laprovidenciaovalle.cl\/colegio\/wp-content\/uploads\/2025\/10\/WhatsApp-Image-2025-10-01-at-11.52.38-768x1024.jpeg 768w, http:\/\/laprovidenciaovalle.cl\/colegio\/wp-content\/uploads\/2025\/10\/WhatsApp-Image-2025-10-01-at-11.52.38-1152x1536.jpeg 1152w, http:\/\/laprovidenciaovalle.cl\/colegio\/wp-content\/uploads\/2025\/10\/WhatsApp-Image-2025-10-01-at-11.52.38-113x150.jpeg 113w\" sizes=\"(max-width: 1200px) 100vw, 1200px\" \/><\/a>\n\t\t\t<\/dt><\/dl><dl class='gallery-item'>\n\t\t\t<dt class='gallery-icon portrait'>\n\t\t\t\t<a href='http:\/\/laprovidenciaovalle.cl\/colegio\/whatsapp-image-2025-10-01-at-11-52-37-2\/'><img width=\"1200\" height=\"1600\" src=\"http:\/\/laprovidenciaovalle.cl\/colegio\/wp-content\/uploads\/2025\/10\/WhatsApp-Image-2025-10-01-at-11.52.37-2.jpeg\" class=\"attachment-full size-full\" alt=\"\" loading=\"lazy\" srcset=\"http:\/\/laprovidenciaovalle.cl\/colegio\/wp-content\/uploads\/2025\/10\/WhatsApp-Image-2025-10-01-at-11.52.37-2.jpeg 1200w, http:\/\/laprovidenciaovalle.cl\/colegio\/wp-content\/uploads\/2025\/10\/WhatsApp-Image-2025-10-01-at-11.52.37-2-225x300.jpeg 225w, http:\/\/laprovidenciaovalle.cl\/colegio\/wp-content\/uploads\/2025\/10\/WhatsApp-Image-2025-10-01-at-11.52.37-2-768x1024.jpeg 768w, http:\/\/laprovidenciaovalle.cl\/colegio\/wp-content\/uploads\/2025\/10\/WhatsApp-Image-2025-10-01-at-11.52.37-2-1152x1536.jpeg 1152w, http:\/\/laprovidenciaovalle.cl\/colegio\/wp-content\/uploads\/2025\/10\/WhatsApp-Image-2025-10-01-at-11.52.37-2-113x150.jpeg 113w\" sizes=\"(max-width: 1200px) 100vw, 1200px\" \/><\/a>\n\t\t\t<\/dt><\/dl><dl class='gallery-item'>\n\t\t\t<dt class='gallery-icon landscape'>\n\t\t\t\t<a href='http:\/\/laprovidenciaovalle.cl\/colegio\/whatsapp-image-2025-10-01-at-11-52-37-1\/'><img width=\"1600\" height=\"1200\" src=\"http:\/\/laprovidenciaovalle.cl\/colegio\/wp-content\/uploads\/2025\/10\/WhatsApp-Image-2025-10-01-at-11.52.37-1.jpeg\" class=\"attachment-full size-full\" alt=\"\" loading=\"lazy\" srcset=\"http:\/\/laprovidenciaovalle.cl\/colegio\/wp-content\/uploads\/2025\/10\/WhatsApp-Image-2025-10-01-at-11.52.37-1.jpeg 1600w, http:\/\/laprovidenciaovalle.cl\/colegio\/wp-content\/uploads\/2025\/10\/WhatsApp-Image-2025-10-01-at-11.52.37-1-300x225.jpeg 300w, http:\/\/laprovidenciaovalle.cl\/colegio\/wp-content\/uploads\/2025\/10\/WhatsApp-Image-2025-10-01-at-11.52.37-1-1024x768.jpeg 1024w, http:\/\/laprovidenciaovalle.cl\/colegio\/wp-content\/uploads\/2025\/10\/WhatsApp-Image-2025-10-01-at-11.52.37-1-768x576.jpeg 768w, http:\/\/laprovidenciaovalle.cl\/colegio\/wp-content\/uploads\/2025\/10\/WhatsApp-Image-2025-10-01-at-11.52.37-1-1536x1152.jpeg 1536w, http:\/\/laprovidenciaovalle.cl\/colegio\/wp-content\/uploads\/2025\/10\/WhatsApp-Image-2025-10-01-at-11.52.37-1-150x113.jpeg 150w\" sizes=\"(max-width: 1600px) 100vw, 1600px\" \/><\/a>\n\t\t\t<\/dt><\/dl><br style=\"clear: both\" \/><dl class='gallery-item'>\n\t\t\t<dt class='gallery-icon landscape'>\n\t\t\t\t<a href='http:\/\/laprovidenciaovalle.cl\/colegio\/whatsapp-image-2025-10-01-at-11-52-37\/'><img width=\"1600\" height=\"1200\" src=\"http:\/\/laprovidenciaovalle.cl\/colegio\/wp-content\/uploads\/2025\/10\/WhatsApp-Image-2025-10-01-at-11.52.37.jpeg\" class=\"attachment-full size-full\" alt=\"\" loading=\"lazy\" srcset=\"http:\/\/laprovidenciaovalle.cl\/colegio\/wp-content\/uploads\/2025\/10\/WhatsApp-Image-2025-10-01-at-11.52.37.jpeg 1600w, http:\/\/laprovidenciaovalle.cl\/colegio\/wp-content\/uploads\/2025\/10\/WhatsApp-Image-2025-10-01-at-11.52.37-300x225.jpeg 300w, http:\/\/laprovidenciaovalle.cl\/colegio\/wp-content\/uploads\/2025\/10\/WhatsApp-Image-2025-10-01-at-11.52.37-1024x768.jpeg 1024w, http:\/\/laprovidenciaovalle.cl\/colegio\/wp-content\/uploads\/2025\/10\/WhatsApp-Image-2025-10-01-at-11.52.37-768x576.jpeg 768w, http:\/\/laprovidenciaovalle.cl\/colegio\/wp-content\/uploads\/2025\/10\/WhatsApp-Image-2025-10-01-at-11.52.37-1536x1152.jpeg 1536w, http:\/\/laprovidenciaovalle.cl\/colegio\/wp-content\/uploads\/2025\/10\/WhatsApp-Image-2025-10-01-at-11.52.37-150x113.jpeg 150w\" sizes=\"(max-width: 1600px) 100vw, 1600px\" \/><\/a>\n\t\t\t<\/dt><\/dl><dl class='gallery-item'>\n\t\t\t<dt class='gallery-icon landscape'>\n\t\t\t\t<a href='http:\/\/laprovidenciaovalle.cl\/colegio\/whatsapp-image-2025-10-01-at-11-52-36-1\/'><img width=\"1600\" height=\"1200\" src=\"http:\/\/laprovidenciaovalle.cl\/colegio\/wp-content\/uploads\/2025\/10\/WhatsApp-Image-2025-10-01-at-11.52.36-1.jpeg\" class=\"attachment-full size-full\" alt=\"\" loading=\"lazy\" srcset=\"http:\/\/laprovidenciaovalle.cl\/colegio\/wp-content\/uploads\/2025\/10\/WhatsApp-Image-2025-10-01-at-11.52.36-1.jpeg 1600w, http:\/\/laprovidenciaovalle.cl\/colegio\/wp-content\/uploads\/2025\/10\/WhatsApp-Image-2025-10-01-at-11.52.36-1-300x225.jpeg 300w, http:\/\/laprovidenciaovalle.cl\/colegio\/wp-content\/uploads\/2025\/10\/WhatsApp-Image-2025-10-01-at-11.52.36-1-1024x768.jpeg 1024w, http:\/\/laprovidenciaovalle.cl\/colegio\/wp-content\/uploads\/2025\/10\/WhatsApp-Image-2025-10-01-at-11.52.36-1-768x576.jpeg 768w, http:\/\/laprovidenciaovalle.cl\/colegio\/wp-content\/uploads\/2025\/10\/WhatsApp-Image-2025-10-01-at-11.52.36-1-1536x1152.jpeg 1536w, http:\/\/laprovidenciaovalle.cl\/colegio\/wp-content\/uploads\/2025\/10\/WhatsApp-Image-2025-10-01-at-11.52.36-1-150x113.jpeg 150w\" sizes=\"(max-width: 1600px) 100vw, 1600px\" \/><\/a>\n\t\t\t<\/dt><\/dl><dl class='gallery-item'>\n\t\t\t<dt class='gallery-icon landscape'>\n\t\t\t\t<a href='http:\/\/laprovidenciaovalle.cl\/colegio\/whatsapp-image-2025-10-01-at-11-52-36\/'><img width=\"1600\" height=\"1200\" src=\"http:\/\/laprovidenciaovalle.cl\/colegio\/wp-content\/uploads\/2025\/10\/WhatsApp-Image-2025-10-01-at-11.52.36.jpeg\" class=\"attachment-full size-full\" alt=\"\" loading=\"lazy\" srcset=\"http:\/\/laprovidenciaovalle.cl\/colegio\/wp-content\/uploads\/2025\/10\/WhatsApp-Image-2025-10-01-at-11.52.36.jpeg 1600w, http:\/\/laprovidenciaovalle.cl\/colegio\/wp-content\/uploads\/2025\/10\/WhatsApp-Image-2025-10-01-at-11.52.36-300x225.jpeg 300w, http:\/\/laprovidenciaovalle.cl\/colegio\/wp-content\/uploads\/2025\/10\/WhatsApp-Image-2025-10-01-at-11.52.36-1024x768.jpeg 1024w, http:\/\/laprovidenciaovalle.cl\/colegio\/wp-content\/uploads\/2025\/10\/WhatsApp-Image-2025-10-01-at-11.52.36-768x576.jpeg 768w, http:\/\/laprovidenciaovalle.cl\/colegio\/wp-content\/uploads\/2025\/10\/WhatsApp-Image-2025-10-01-at-11.52.36-1536x1152.jpeg 1536w, http:\/\/laprovidenciaovalle.cl\/colegio\/wp-content\/uploads\/2025\/10\/WhatsApp-Image-2025-10-01-at-11.52.36-150x113.jpeg 150w\" sizes=\"(max-width: 1600px) 100vw, 1600px\" \/><\/a>\n\t\t\t<\/dt><\/dl><br style=\"clear: both\" \/><dl class='gallery-item'>\n\t\t\t<dt class='gallery-icon landscape'>\n\t\t\t\t<a href='http:\/\/laprovidenciaovalle.cl\/colegio\/whatsapp-image-2025-10-01-at-11-52-46\/'><img width=\"1600\" height=\"1200\" src=\"http:\/\/laprovidenciaovalle.cl\/colegio\/wp-content\/uploads\/2025\/10\/WhatsApp-Image-2025-10-01-at-11.52.46.jpeg\" class=\"attachment-full size-full\" alt=\"\" loading=\"lazy\" srcset=\"http:\/\/laprovidenciaovalle.cl\/colegio\/wp-content\/uploads\/2025\/10\/WhatsApp-Image-2025-10-01-at-11.52.46.jpeg 1600w, http:\/\/laprovidenciaovalle.cl\/colegio\/wp-content\/uploads\/2025\/10\/WhatsApp-Image-2025-10-01-at-11.52.46-300x225.jpeg 300w, http:\/\/laprovidenciaovalle.cl\/colegio\/wp-content\/uploads\/2025\/10\/WhatsApp-Image-2025-10-01-at-11.52.46-1024x768.jpeg 1024w, http:\/\/laprovidenciaovalle.cl\/colegio\/wp-content\/uploads\/2025\/10\/WhatsApp-Image-2025-10-01-at-11.52.46-768x576.jpeg 768w, http:\/\/laprovidenciaovalle.cl\/colegio\/wp-content\/uploads\/2025\/10\/WhatsApp-Image-2025-10-01-at-11.52.46-1536x1152.jpeg 1536w, http:\/\/laprovidenciaovalle.cl\/colegio\/wp-content\/uploads\/2025\/10\/WhatsApp-Image-2025-10-01-at-11.52.46-150x113.jpeg 150w\" sizes=\"(max-width: 1600px) 100vw, 1600px\" \/><\/a>\n\t\t\t<\/dt><\/dl><dl class='gallery-item'>\n\t\t\t<dt class='gallery-icon landscape'>\n\t\t\t\t<a href='http:\/\/laprovidenciaovalle.cl\/colegio\/whatsapp-image-2025-10-01-at-11-53-19-1\/'><img width=\"1280\" height=\"960\" src=\"http:\/\/laprovidenciaovalle.cl\/colegio\/wp-content\/uploads\/2025\/10\/WhatsApp-Image-2025-10-01-at-11.53.19-1.jpeg\" class=\"attachment-full size-full\" alt=\"\" loading=\"lazy\" srcset=\"http:\/\/laprovidenciaovalle.cl\/colegio\/wp-content\/uploads\/2025\/10\/WhatsApp-Image-2025-10-01-at-11.53.19-1.jpeg 1280w, http:\/\/laprovidenciaovalle.cl\/colegio\/wp-content\/uploads\/2025\/10\/WhatsApp-Image-2025-10-01-at-11.53.19-1-300x225.jpeg 300w, http:\/\/laprovidenciaovalle.cl\/colegio\/wp-content\/uploads\/2025\/10\/WhatsApp-Image-2025-10-01-at-11.53.19-1-1024x768.jpeg 1024w, http:\/\/laprovidenciaovalle.cl\/colegio\/wp-content\/uploads\/2025\/10\/WhatsApp-Image-2025-10-01-at-11.53.19-1-768x576.jpeg 768w, http:\/\/laprovidenciaovalle.cl\/colegio\/wp-content\/uploads\/2025\/10\/WhatsApp-Image-2025-10-01-at-11.53.19-1-150x113.jpeg 150w\" sizes=\"(max-width: 1280px) 100vw, 1280px\" \/><\/a>\n\t\t\t<\/dt><\/dl><dl class='gallery-item'>\n\t\t\t<dt class='gallery-icon landscape'>\n\t\t\t\t<a href='http:\/\/laprovidenciaovalle.cl\/colegio\/whatsapp-image-2025-10-01-at-11-53-20-1\/'><img width=\"1280\" height=\"960\" src=\"http:\/\/laprovidenciaovalle.cl\/colegio\/wp-content\/uploads\/2025\/10\/WhatsApp-Image-2025-10-01-at-11.53.20-1.jpeg\" class=\"attachment-full size-full\" alt=\"\" loading=\"lazy\" srcset=\"http:\/\/laprovidenciaovalle.cl\/colegio\/wp-content\/uploads\/2025\/10\/WhatsApp-Image-2025-10-01-at-11.53.20-1.jpeg 1280w, http:\/\/laprovidenciaovalle.cl\/colegio\/wp-content\/uploads\/2025\/10\/WhatsApp-Image-2025-10-01-at-11.53.20-1-300x225.jpeg 300w, http:\/\/laprovidenciaovalle.cl\/colegio\/wp-content\/uploads\/2025\/10\/WhatsApp-Image-2025-10-01-at-11.53.20-1-1024x768.jpeg 1024w, http:\/\/laprovidenciaovalle.cl\/colegio\/wp-content\/uploads\/2025\/10\/WhatsApp-Image-2025-10-01-at-11.53.20-1-768x576.jpeg 768w, http:\/\/laprovidenciaovalle.cl\/colegio\/wp-content\/uploads\/2025\/10\/WhatsApp-Image-2025-10-01-at-11.53.20-1-150x113.jpeg 150w\" sizes=\"(max-width: 1280px) 100vw, 1280px\" \/><\/a>\n\t\t\t<\/dt><\/dl><br style=\"clear: both\" \/><dl class='gallery-item'>\n\t\t\t<dt class='gallery-icon portrait'>\n\t\t\t\t<a href='http:\/\/laprovidenciaovalle.cl\/colegio\/whatsapp-image-2025-10-01-at-11-52-39\/'><img width=\"1200\" height=\"1600\" src=\"http:\/\/laprovidenciaovalle.cl\/colegio\/wp-content\/uploads\/2025\/10\/WhatsApp-Image-2025-10-01-at-11.52.39.jpeg\" class=\"attachment-full size-full\" alt=\"\" loading=\"lazy\" srcset=\"http:\/\/laprovidenciaovalle.cl\/colegio\/wp-content\/uploads\/2025\/10\/WhatsApp-Image-2025-10-01-at-11.52.39.jpeg 1200w, http:\/\/laprovidenciaovalle.cl\/colegio\/wp-content\/uploads\/2025\/10\/WhatsApp-Image-2025-10-01-at-11.52.39-225x300.jpeg 225w, http:\/\/laprovidenciaovalle.cl\/colegio\/wp-content\/uploads\/2025\/10\/WhatsApp-Image-2025-10-01-at-11.52.39-768x1024.jpeg 768w, http:\/\/laprovidenciaovalle.cl\/colegio\/wp-content\/uploads\/2025\/10\/WhatsApp-Image-2025-10-01-at-11.52.39-1152x1536.jpeg 1152w, http:\/\/laprovidenciaovalle.cl\/colegio\/wp-content\/uploads\/2025\/10\/WhatsApp-Image-2025-10-01-at-11.52.39-113x150.jpeg 113w\" sizes=\"(max-width: 1200px) 100vw, 1200px\" \/><\/a>\n\t\t\t<\/dt><\/dl><dl class='gallery-item'>\n\t\t\t<dt class='gallery-icon portrait'>\n\t\t\t\t<a href='http:\/\/laprovidenciaovalle.cl\/colegio\/whatsapp-image-2025-10-01-at-11-52-39-1\/'><img width=\"1200\" height=\"1600\" src=\"http:\/\/laprovidenciaovalle.cl\/colegio\/wp-content\/uploads\/2025\/10\/WhatsApp-Image-2025-10-01-at-11.52.39-1.jpeg\" class=\"attachment-full size-full\" alt=\"\" loading=\"lazy\" srcset=\"http:\/\/laprovidenciaovalle.cl\/colegio\/wp-content\/uploads\/2025\/10\/WhatsApp-Image-2025-10-01-at-11.52.39-1.jpeg 1200w, http:\/\/laprovidenciaovalle.cl\/colegio\/wp-content\/uploads\/2025\/10\/WhatsApp-Image-2025-10-01-at-11.52.39-1-225x300.jpeg 225w, http:\/\/laprovidenciaovalle.cl\/colegio\/wp-content\/uploads\/2025\/10\/WhatsApp-Image-2025-10-01-at-11.52.39-1-768x1024.jpeg 768w, http:\/\/laprovidenciaovalle.cl\/colegio\/wp-content\/uploads\/2025\/10\/WhatsApp-Image-2025-10-01-at-11.52.39-1-1152x1536.jpeg 1152w, http:\/\/laprovidenciaovalle.cl\/colegio\/wp-content\/uploads\/2025\/10\/WhatsApp-Image-2025-10-01-at-11.52.39-1-113x150.jpeg 113w\" sizes=\"(max-width: 1200px) 100vw, 1200px\" \/><\/a>\n\t\t\t<\/dt><\/dl><dl class='gallery-item'>\n\t\t\t<dt class='gallery-icon portrait'>\n\t\t\t\t<a href='http:\/\/laprovidenciaovalle.cl\/colegio\/whatsapp-image-2025-10-01-at-11-52-39-2\/'><img width=\"1200\" height=\"1600\" src=\"http:\/\/laprovidenciaovalle.cl\/colegio\/wp-content\/uploads\/2025\/10\/WhatsApp-Image-2025-10-01-at-11.52.39-2.jpeg\" class=\"attachment-full size-full\" alt=\"\" loading=\"lazy\" srcset=\"http:\/\/laprovidenciaovalle.cl\/colegio\/wp-content\/uploads\/2025\/10\/WhatsApp-Image-2025-10-01-at-11.52.39-2.jpeg 1200w, http:\/\/laprovidenciaovalle.cl\/colegio\/wp-content\/uploads\/2025\/10\/WhatsApp-Image-2025-10-01-at-11.52.39-2-225x300.jpeg 225w, http:\/\/laprovidenciaovalle.cl\/colegio\/wp-content\/uploads\/2025\/10\/WhatsApp-Image-2025-10-01-at-11.52.39-2-768x1024.jpeg 768w, http:\/\/laprovidenciaovalle.cl\/colegio\/wp-content\/uploads\/2025\/10\/WhatsApp-Image-2025-10-01-at-11.52.39-2-1152x1536.jpeg 1152w, http:\/\/laprovidenciaovalle.cl\/colegio\/wp-content\/uploads\/2025\/10\/WhatsApp-Image-2025-10-01-at-11.52.39-2-113x150.jpeg 113w\" sizes=\"(max-width: 1200px) 100vw, 1200px\" \/><\/a>\n\t\t\t<\/dt><\/dl><br style=\"clear: both\" \/><dl class='gallery-item'>\n\t\t\t<dt class='gallery-icon portrait'>\n\t\t\t\t<a href='http:\/\/laprovidenciaovalle.cl\/colegio\/whatsapp-image-2025-10-01-at-11-52-40\/'><img width=\"1200\" height=\"1600\" src=\"http:\/\/laprovidenciaovalle.cl\/colegio\/wp-content\/uploads\/2025\/10\/WhatsApp-Image-2025-10-01-at-11.52.40.jpeg\" class=\"attachment-full size-full\" alt=\"\" loading=\"lazy\" srcset=\"http:\/\/laprovidenciaovalle.cl\/colegio\/wp-content\/uploads\/2025\/10\/WhatsApp-Image-2025-10-01-at-11.52.40.jpeg 1200w, http:\/\/laprovidenciaovalle.cl\/colegio\/wp-content\/uploads\/2025\/10\/WhatsApp-Image-2025-10-01-at-11.52.40-225x300.jpeg 225w, http:\/\/laprovidenciaovalle.cl\/colegio\/wp-content\/uploads\/2025\/10\/WhatsApp-Image-2025-10-01-at-11.52.40-768x1024.jpeg 768w, http:\/\/laprovidenciaovalle.cl\/colegio\/wp-content\/uploads\/2025\/10\/WhatsApp-Image-2025-10-01-at-11.52.40-1152x1536.jpeg 1152w, http:\/\/laprovidenciaovalle.cl\/colegio\/wp-content\/uploads\/2025\/10\/WhatsApp-Image-2025-10-01-at-11.52.40-113x150.jpeg 113w\" sizes=\"(max-width: 1200px) 100vw, 1200px\" \/><\/a>\n\t\t\t<\/dt><\/dl><dl class='gallery-item'>\n\t\t\t<dt class='gallery-icon portrait'>\n\t\t\t\t<a href='http:\/\/laprovidenciaovalle.cl\/colegio\/whatsapp-image-2025-10-01-at-11-52-40-1\/'><img width=\"1200\" height=\"1600\" src=\"http:\/\/laprovidenciaovalle.cl\/colegio\/wp-content\/uploads\/2025\/10\/WhatsApp-Image-2025-10-01-at-11.52.40-1.jpeg\" class=\"attachment-full size-full\" alt=\"\" loading=\"lazy\" srcset=\"http:\/\/laprovidenciaovalle.cl\/colegio\/wp-content\/uploads\/2025\/10\/WhatsApp-Image-2025-10-01-at-11.52.40-1.jpeg 1200w, http:\/\/laprovidenciaovalle.cl\/colegio\/wp-content\/uploads\/2025\/10\/WhatsApp-Image-2025-10-01-at-11.52.40-1-225x300.jpeg 225w, http:\/\/laprovidenciaovalle.cl\/colegio\/wp-content\/uploads\/2025\/10\/WhatsApp-Image-2025-10-01-at-11.52.40-1-768x1024.jpeg 768w, http:\/\/laprovidenciaovalle.cl\/colegio\/wp-content\/uploads\/2025\/10\/WhatsApp-Image-2025-10-01-at-11.52.40-1-1152x1536.jpeg 1152w, http:\/\/laprovidenciaovalle.cl\/colegio\/wp-content\/uploads\/2025\/10\/WhatsApp-Image-2025-10-01-at-11.52.40-1-113x150.jpeg 113w\" sizes=\"(max-width: 1200px) 100vw, 1200px\" \/><\/a>\n\t\t\t<\/dt><\/dl><dl class='gallery-item'>\n\t\t\t<dt class='gallery-icon portrait'>\n\t\t\t\t<a href='http:\/\/laprovidenciaovalle.cl\/colegio\/whatsapp-image-2025-10-01-at-11-52-41\/'><img width=\"1200\" height=\"1600\" src=\"http:\/\/laprovidenciaovalle.cl\/colegio\/wp-content\/uploads\/2025\/10\/WhatsApp-Image-2025-10-01-at-11.52.41.jpeg\" class=\"attachment-full size-full\" alt=\"\" loading=\"lazy\" srcset=\"http:\/\/laprovidenciaovalle.cl\/colegio\/wp-content\/uploads\/2025\/10\/WhatsApp-Image-2025-10-01-at-11.52.41.jpeg 1200w, http:\/\/laprovidenciaovalle.cl\/colegio\/wp-content\/uploads\/2025\/10\/WhatsApp-Image-2025-10-01-at-11.52.41-225x300.jpeg 225w, http:\/\/laprovidenciaovalle.cl\/colegio\/wp-content\/uploads\/2025\/10\/WhatsApp-Image-2025-10-01-at-11.52.41-768x1024.jpeg 768w, http:\/\/laprovidenciaovalle.cl\/colegio\/wp-content\/uploads\/2025\/10\/WhatsApp-Image-2025-10-01-at-11.52.41-1152x1536.jpeg 1152w, http:\/\/laprovidenciaovalle.cl\/colegio\/wp-content\/uploads\/2025\/10\/WhatsApp-Image-2025-10-01-at-11.52.41-113x150.jpeg 113w\" sizes=\"(max-width: 1200px) 100vw, 1200px\" \/><\/a>\n\t\t\t<\/dt><\/dl><br style=\"clear: both\" \/><dl class='gallery-item'>\n\t\t\t<dt class='gallery-icon portrait'>\n\t\t\t\t<a href='http:\/\/laprovidenciaovalle.cl\/colegio\/whatsapp-image-2025-10-01-at-11-52-41-1\/'><img width=\"1200\" height=\"1600\" src=\"http:\/\/laprovidenciaovalle.cl\/colegio\/wp-content\/uploads\/2025\/10\/WhatsApp-Image-2025-10-01-at-11.52.41-1.jpeg\" class=\"attachment-full size-full\" alt=\"\" loading=\"lazy\" srcset=\"http:\/\/laprovidenciaovalle.cl\/colegio\/wp-content\/uploads\/2025\/10\/WhatsApp-Image-2025-10-01-at-11.52.41-1.jpeg 1200w, http:\/\/laprovidenciaovalle.cl\/colegio\/wp-content\/uploads\/2025\/10\/WhatsApp-Image-2025-10-01-at-11.52.41-1-225x300.jpeg 225w, http:\/\/laprovidenciaovalle.cl\/colegio\/wp-content\/uploads\/2025\/10\/WhatsApp-Image-2025-10-01-at-11.52.41-1-768x1024.jpeg 768w, http:\/\/laprovidenciaovalle.cl\/colegio\/wp-content\/uploads\/2025\/10\/WhatsApp-Image-2025-10-01-at-11.52.41-1-1152x1536.jpeg 1152w, http:\/\/laprovidenciaovalle.cl\/colegio\/wp-content\/uploads\/2025\/10\/WhatsApp-Image-2025-10-01-at-11.52.41-1-113x150.jpeg 113w\" sizes=\"(max-width: 1200px) 100vw, 1200px\" \/><\/a>\n\t\t\t<\/dt><\/dl><dl class='gallery-item'>\n\t\t\t<dt class='gallery-icon portrait'>\n\t\t\t\t<a href='http:\/\/laprovidenciaovalle.cl\/colegio\/whatsapp-image-2025-10-01-at-11-52-41-2\/'><img width=\"1200\" height=\"1600\" src=\"http:\/\/laprovidenciaovalle.cl\/colegio\/wp-content\/uploads\/2025\/10\/WhatsApp-Image-2025-10-01-at-11.52.41-2.jpeg\" class=\"attachment-full size-full\" alt=\"\" loading=\"lazy\" srcset=\"http:\/\/laprovidenciaovalle.cl\/colegio\/wp-content\/uploads\/2025\/10\/WhatsApp-Image-2025-10-01-at-11.52.41-2.jpeg 1200w, http:\/\/laprovidenciaovalle.cl\/colegio\/wp-content\/uploads\/2025\/10\/WhatsApp-Image-2025-10-01-at-11.52.41-2-225x300.jpeg 225w, http:\/\/laprovidenciaovalle.cl\/colegio\/wp-content\/uploads\/2025\/10\/WhatsApp-Image-2025-10-01-at-11.52.41-2-768x1024.jpeg 768w, http:\/\/laprovidenciaovalle.cl\/colegio\/wp-content\/uploads\/2025\/10\/WhatsApp-Image-2025-10-01-at-11.52.41-2-1152x1536.jpeg 1152w, http:\/\/laprovidenciaovalle.cl\/colegio\/wp-content\/uploads\/2025\/10\/WhatsApp-Image-2025-10-01-at-11.52.41-2-113x150.jpeg 113w\" sizes=\"(max-width: 1200px) 100vw, 1200px\" \/><\/a>\n\t\t\t<\/dt><\/dl><dl class='gallery-item'>\n\t\t\t<dt class='gallery-icon portrait'>\n\t\t\t\t<a href='http:\/\/laprovidenciaovalle.cl\/colegio\/whatsapp-image-2025-10-01-at-11-52-42\/'><img width=\"1200\" height=\"1600\" src=\"http:\/\/laprovidenciaovalle.cl\/colegio\/wp-content\/uploads\/2025\/10\/WhatsApp-Image-2025-10-01-at-11.52.42.jpeg\" class=\"attachment-full size-full\" alt=\"\" loading=\"lazy\" srcset=\"http:\/\/laprovidenciaovalle.cl\/colegio\/wp-content\/uploads\/2025\/10\/WhatsApp-Image-2025-10-01-at-11.52.42.jpeg 1200w, http:\/\/laprovidenciaovalle.cl\/colegio\/wp-content\/uploads\/2025\/10\/WhatsApp-Image-2025-10-01-at-11.52.42-225x300.jpeg 225w, http:\/\/laprovidenciaovalle.cl\/colegio\/wp-content\/uploads\/2025\/10\/WhatsApp-Image-2025-10-01-at-11.52.42-768x1024.jpeg 768w, http:\/\/laprovidenciaovalle.cl\/colegio\/wp-content\/uploads\/2025\/10\/WhatsApp-Image-2025-10-01-at-11.52.42-1152x1536.jpeg 1152w, http:\/\/laprovidenciaovalle.cl\/colegio\/wp-content\/uploads\/2025\/10\/WhatsApp-Image-2025-10-01-at-11.52.42-113x150.jpeg 113w\" sizes=\"(max-width: 1200px) 100vw, 1200px\" \/><\/a>\n\t\t\t<\/dt><\/dl><br style=\"clear: both\" \/><dl class='gallery-item'>\n\t\t\t<dt class='gallery-icon portrait'>\n\t\t\t\t<a href='http:\/\/laprovidenciaovalle.cl\/colegio\/whatsapp-image-2025-10-01-at-11-52-42-1\/'><img width=\"1200\" height=\"1600\" src=\"http:\/\/laprovidenciaovalle.cl\/colegio\/wp-content\/uploads\/2025\/10\/WhatsApp-Image-2025-10-01-at-11.52.42-1.jpeg\" class=\"attachment-full size-full\" alt=\"\" loading=\"lazy\" srcset=\"http:\/\/laprovidenciaovalle.cl\/colegio\/wp-content\/uploads\/2025\/10\/WhatsApp-Image-2025-10-01-at-11.52.42-1.jpeg 1200w, http:\/\/laprovidenciaovalle.cl\/colegio\/wp-content\/uploads\/2025\/10\/WhatsApp-Image-2025-10-01-at-11.52.42-1-225x300.jpeg 225w, http:\/\/laprovidenciaovalle.cl\/colegio\/wp-content\/uploads\/2025\/10\/WhatsApp-Image-2025-10-01-at-11.52.42-1-768x1024.jpeg 768w, http:\/\/laprovidenciaovalle.cl\/colegio\/wp-content\/uploads\/2025\/10\/WhatsApp-Image-2025-10-01-at-11.52.42-1-1152x1536.jpeg 1152w, http:\/\/laprovidenciaovalle.cl\/colegio\/wp-content\/uploads\/2025\/10\/WhatsApp-Image-2025-10-01-at-11.52.42-1-113x150.jpeg 113w\" sizes=\"(max-width: 1200px) 100vw, 1200px\" \/><\/a>\n\t\t\t<\/dt><\/dl><dl class='gallery-item'>\n\t\t\t<dt class='gallery-icon portrait'>\n\t\t\t\t<a href='http:\/\/laprovidenciaovalle.cl\/colegio\/whatsapp-image-2025-10-01-at-11-52-42-2\/'><img width=\"1200\" height=\"1600\" src=\"http:\/\/laprovidenciaovalle.cl\/colegio\/wp-content\/uploads\/2025\/10\/WhatsApp-Image-2025-10-01-at-11.52.42-2.jpeg\" class=\"attachment-full size-full\" alt=\"\" loading=\"lazy\" srcset=\"http:\/\/laprovidenciaovalle.cl\/colegio\/wp-content\/uploads\/2025\/10\/WhatsApp-Image-2025-10-01-at-11.52.42-2.jpeg 1200w, http:\/\/laprovidenciaovalle.cl\/colegio\/wp-content\/uploads\/2025\/10\/WhatsApp-Image-2025-10-01-at-11.52.42-2-225x300.jpeg 225w, http:\/\/laprovidenciaovalle.cl\/colegio\/wp-content\/uploads\/2025\/10\/WhatsApp-Image-2025-10-01-at-11.52.42-2-768x1024.jpeg 768w, http:\/\/laprovidenciaovalle.cl\/colegio\/wp-content\/uploads\/2025\/10\/WhatsApp-Image-2025-10-01-at-11.52.42-2-1152x1536.jpeg 1152w, http:\/\/laprovidenciaovalle.cl\/colegio\/wp-content\/uploads\/2025\/10\/WhatsApp-Image-2025-10-01-at-11.52.42-2-113x150.jpeg 113w\" sizes=\"(max-width: 1200px) 100vw, 1200px\" \/><\/a>\n\t\t\t<\/dt><\/dl><dl class='gallery-item'>\n\t\t\t<dt class='gallery-icon landscape'>\n\t\t\t\t<a href='http:\/\/laprovidenciaovalle.cl\/colegio\/whatsapp-image-2025-10-01-at-11-52-43-1\/'><img width=\"1600\" height=\"1200\" src=\"http:\/\/laprovidenciaovalle.cl\/colegio\/wp-content\/uploads\/2025\/10\/WhatsApp-Image-2025-10-01-at-11.52.43-1.jpeg\" class=\"attachment-full size-full\" alt=\"\" loading=\"lazy\" srcset=\"http:\/\/laprovidenciaovalle.cl\/colegio\/wp-content\/uploads\/2025\/10\/WhatsApp-Image-2025-10-01-at-11.52.43-1.jpeg 1600w, http:\/\/laprovidenciaovalle.cl\/colegio\/wp-content\/uploads\/2025\/10\/WhatsApp-Image-2025-10-01-at-11.52.43-1-300x225.jpeg 300w, http:\/\/laprovidenciaovalle.cl\/colegio\/wp-content\/uploads\/2025\/10\/WhatsApp-Image-2025-10-01-at-11.52.43-1-1024x768.jpeg 1024w, http:\/\/laprovidenciaovalle.cl\/colegio\/wp-content\/uploads\/2025\/10\/WhatsApp-Image-2025-10-01-at-11.52.43-1-768x576.jpeg 768w, http:\/\/laprovidenciaovalle.cl\/colegio\/wp-content\/uploads\/2025\/10\/WhatsApp-Image-2025-10-01-at-11.52.43-1-1536x1152.jpeg 1536w, http:\/\/laprovidenciaovalle.cl\/colegio\/wp-content\/uploads\/2025\/10\/WhatsApp-Image-2025-10-01-at-11.52.43-1-150x113.jpeg 150w\" sizes=\"(max-width: 1600px) 100vw, 1600px\" \/><\/a>\n\t\t\t<\/dt><\/dl><br style=\"clear: both\" \/><dl class='gallery-item'>\n\t\t\t<dt class='gallery-icon landscape'>\n\t\t\t\t<a href='http:\/\/laprovidenciaovalle.cl\/colegio\/whatsapp-image-2025-10-01-at-11-52-43-2\/'><img width=\"1600\" height=\"1200\" src=\"http:\/\/laprovidenciaovalle.cl\/colegio\/wp-content\/uploads\/2025\/10\/WhatsApp-Image-2025-10-01-at-11.52.43-2.jpeg\" class=\"attachment-full size-full\" alt=\"\" loading=\"lazy\" srcset=\"http:\/\/laprovidenciaovalle.cl\/colegio\/wp-content\/uploads\/2025\/10\/WhatsApp-Image-2025-10-01-at-11.52.43-2.jpeg 1600w, http:\/\/laprovidenciaovalle.cl\/colegio\/wp-content\/uploads\/2025\/10\/WhatsApp-Image-2025-10-01-at-11.52.43-2-300x225.jpeg 300w, http:\/\/laprovidenciaovalle.cl\/colegio\/wp-content\/uploads\/2025\/10\/WhatsApp-Image-2025-10-01-at-11.52.43-2-1024x768.jpeg 1024w, http:\/\/laprovidenciaovalle.cl\/colegio\/wp-content\/uploads\/2025\/10\/WhatsApp-Image-2025-10-01-at-11.52.43-2-768x576.jpeg 768w, http:\/\/laprovidenciaovalle.cl\/colegio\/wp-content\/uploads\/2025\/10\/WhatsApp-Image-2025-10-01-at-11.52.43-2-1536x1152.jpeg 1536w, http:\/\/laprovidenciaovalle.cl\/colegio\/wp-content\/uploads\/2025\/10\/WhatsApp-Image-2025-10-01-at-11.52.43-2-150x113.jpeg 150w\" sizes=\"(max-width: 1600px) 100vw, 1600px\" \/><\/a>\n\t\t\t<\/dt><\/dl><dl class='gallery-item'>\n\t\t\t<dt class='gallery-icon portrait'>\n\t\t\t\t<a href='http:\/\/laprovidenciaovalle.cl\/colegio\/whatsapp-image-2025-10-01-at-11-52-44-3\/'><img width=\"1200\" height=\"1600\" src=\"http:\/\/laprovidenciaovalle.cl\/colegio\/wp-content\/uploads\/2025\/10\/WhatsApp-Image-2025-10-01-at-11.52.44-3.jpeg\" class=\"attachment-full size-full\" alt=\"\" loading=\"lazy\" srcset=\"http:\/\/laprovidenciaovalle.cl\/colegio\/wp-content\/uploads\/2025\/10\/WhatsApp-Image-2025-10-01-at-11.52.44-3.jpeg 1200w, http:\/\/laprovidenciaovalle.cl\/colegio\/wp-content\/uploads\/2025\/10\/WhatsApp-Image-2025-10-01-at-11.52.44-3-225x300.jpeg 225w, http:\/\/laprovidenciaovalle.cl\/colegio\/wp-content\/uploads\/2025\/10\/WhatsApp-Image-2025-10-01-at-11.52.44-3-768x1024.jpeg 768w, http:\/\/laprovidenciaovalle.cl\/colegio\/wp-content\/uploads\/2025\/10\/WhatsApp-Image-2025-10-01-at-11.52.44-3-1152x1536.jpeg 1152w, http:\/\/laprovidenciaovalle.cl\/colegio\/wp-content\/uploads\/2025\/10\/WhatsApp-Image-2025-10-01-at-11.52.44-3-113x150.jpeg 113w\" sizes=\"(max-width: 1200px) 100vw, 1200px\" \/><\/a>\n\t\t\t<\/dt><\/dl>\n\t\t\t<br style='clear: both' \/>\n\t\t<\/div>\n\n","protected":false},"excerpt":{"rendered":"<p>El pasado martes 30 de septiembre, las estudiantes del 4\u00b0E de la especialidad de Administraci\u00f3n realizaron un taller te\u00f3rico-pr\u00e1ctico de compostaje dirigido a 15 funcionarios de nuestro establecimiento, como parte del Proyecto de Compostaje impulsado por las docentes Paola Olivares (Departamento de Ciencias) y Rossana Guzm\u00e1n (Especialidad de Administraci\u00f3n), junto a las estudiantes participantes. Esta iniciativa forma parte del programa&nbsp;<a href=\"http:\/\/laprovidenciaovalle.cl\/colegio\/estudiantes-de-4e-lideran-taller-de-compostaje-para-funcionarios-del-colegio\/\">[&hellip;]<\/a><\/p>\n","protected":false},"author":5,"featured_media":20945,"comment_status":"closed","ping_status":"closed","sticky":false,"template":"","format":"standard","meta":[],"categories":[16],"tags":[],"yoast_head":"<!-- This site is optimized with the Yoast SEO plugin v15.2 - https:\/\/yoast.com\/wordpress\/plugins\/seo\/ -->\n<title>Estudiantes de 4\u00b0E lideran Taller de Compostaje para funcionarios del colegio - Colegio La Providencia<\/title>\n<meta name=\"robots\" content=\"index, follow, max-snippet:-1, max-image-preview:large, max-video-preview:-1\" \/>\n<link rel=\"canonical\" href=\"http:\/\/laprovidenciaovalle.cl\/colegio\/estudiantes-de-4e-lideran-taller-de-compostaje-para-funcionarios-del-colegio\/\" \/>\n<meta property=\"og:locale\" content=\"es_ES\" \/>\n<meta property=\"og:type\" content=\"article\" \/>\n<meta property=\"og:title\" content=\"Estudiantes de 4\u00b0E lideran Taller de Compostaje para funcionarios del colegio - Colegio La Providencia\" \/>\n<meta property=\"og:description\" content=\"El pasado martes 30 de septiembre, las estudiantes del 4\u00b0E de la especialidad de Administraci\u00f3n realizaron un taller te\u00f3rico-pr\u00e1ctico de compostaje dirigido a 15 funcionarios de nuestro establecimiento, como parte del Proyecto de Compostaje impulsado por las docentes Paola Olivares (Departamento de Ciencias) y Rossana Guzm\u00e1n (Especialidad de Administraci\u00f3n), junto a las estudiantes participantes. Esta iniciativa forma parte del programa&nbsp;[&hellip;]\" \/>\n<meta property=\"og:url\" content=\"http:\/\/laprovidenciaovalle.cl\/colegio\/estudiantes-de-4e-lideran-taller-de-compostaje-para-funcionarios-del-colegio\/\" \/>\n<meta property=\"og:site_name\" content=\"Colegio La Providencia\" \/>\n<meta property=\"article:published_time\" content=\"2025-10-02T16:25:22+00:00\" \/>\n<meta property=\"article:modified_time\" content=\"2025-10-02T16:26:37+00:00\" \/>\n<meta property=\"og:image\" content=\"http:\/\/laprovidenciaovalle.cl\/colegio\/wp-content\/uploads\/2025\/10\/WhatsApp-Image-2025-10-01-at-11.53.20.jpeg\" \/>\n\t<meta property=\"og:image:width\" content=\"1280\" \/>\n\t<meta property=\"og:image:height\" content=\"960\" \/>\n<meta name=\"twitter:card\" content=\"summary_large_image\" \/>\n<meta name=\"twitter:label1\" value=\"Escrito por\">\n\t<meta name=\"twitter:data1\" value=\"Comunicaciones Colegio\">\n\t<meta name=\"twitter:label2\" value=\"Tiempo de lectura\">\n\t<meta name=\"twitter:data2\" value=\"1 minuto\">\n<script type=\"application\/ld+json\" class=\"yoast-schema-graph\">{\"@context\":\"https:\/\/schema.org\",\"@graph\":[{\"@type\":\"WebSite\",\"@id\":\"https:\/\/laprovidenciaovalle.cl\/colegio\/#website\",\"url\":\"https:\/\/laprovidenciaovalle.cl\/colegio\/\",\"name\":\"Colegio La Providencia\",\"description\":\"Ovalle\",\"potentialAction\":[{\"@type\":\"SearchAction\",\"target\":\"https:\/\/laprovidenciaovalle.cl\/colegio\/?s={search_term_string}\",\"query-input\":\"required name=search_term_string\"}],\"inLanguage\":\"es\"},{\"@type\":\"ImageObject\",\"@id\":\"http:\/\/laprovidenciaovalle.cl\/colegio\/estudiantes-de-4e-lideran-taller-de-compostaje-para-funcionarios-del-colegio\/#primaryimage\",\"inLanguage\":\"es\",\"url\":\"http:\/\/laprovidenciaovalle.cl\/colegio\/wp-content\/uploads\/2025\/10\/WhatsApp-Image-2025-10-01-at-11.53.20.jpeg\",\"width\":1280,\"height\":960},{\"@type\":\"WebPage\",\"@id\":\"http:\/\/laprovidenciaovalle.cl\/colegio\/estudiantes-de-4e-lideran-taller-de-compostaje-para-funcionarios-del-colegio\/#webpage\",\"url\":\"http:\/\/laprovidenciaovalle.cl\/colegio\/estudiantes-de-4e-lideran-taller-de-compostaje-para-funcionarios-del-colegio\/\",\"name\":\"Estudiantes de 4\\u00b0E lideran Taller de Compostaje para funcionarios del colegio - Colegio La Providencia\",\"isPartOf\":{\"@id\":\"https:\/\/laprovidenciaovalle.cl\/colegio\/#website\"},\"primaryImageOfPage\":{\"@id\":\"http:\/\/laprovidenciaovalle.cl\/colegio\/estudiantes-de-4e-lideran-taller-de-compostaje-para-funcionarios-del-colegio\/#primaryimage\"},\"datePublished\":\"2025-10-02T16:25:22+00:00\",\"dateModified\":\"2025-10-02T16:26:37+00:00\",\"author\":{\"@id\":\"https:\/\/laprovidenciaovalle.cl\/colegio\/#\/schema\/person\/1035f45cd35e1948fb928fcdc74228fe\"},\"inLanguage\":\"es\",\"potentialAction\":[{\"@type\":\"ReadAction\",\"target\":[\"http:\/\/laprovidenciaovalle.cl\/colegio\/estudiantes-de-4e-lideran-taller-de-compostaje-para-funcionarios-del-colegio\/\"]}]},{\"@type\":\"Person\",\"@id\":\"https:\/\/laprovidenciaovalle.cl\/colegio\/#\/schema\/person\/1035f45cd35e1948fb928fcdc74228fe\",\"name\":\"Comunicaciones Colegio\",\"image\":{\"@type\":\"ImageObject\",\"@id\":\"https:\/\/laprovidenciaovalle.cl\/colegio\/#personlogo\",\"inLanguage\":\"es\",\"url\":\"http:\/\/2.gravatar.com\/avatar\/5d0b6f6fbda2852def0dc3e63e38d319?s=96&d=mm&r=g\",\"caption\":\"Comunicaciones Colegio\"}}]}<\/script>\n<!-- \/ Yoast SEO plugin. -->","_links":{"self":[{"href":"http:\/\/laprovidenciaovalle.cl\/colegio\/wp-json\/wp\/v2\/posts\/20946"}],"collection":[{"href":"http:\/\/laprovidenciaovalle.cl\/colegio\/wp-json\/wp\/v2\/posts"}],"about":[{"href":"http:\/\/laprovidenciaovalle.cl\/colegio\/wp-json\/wp\/v2\/types\/post"}],"author":[{"embeddable":true,"href":"http:\/\/laprovidenciaovalle.cl\/colegio\/wp-json\/wp\/v2\/users\/5"}],"replies":[{"embeddable":true,"href":"http:\/\/laprovidenciaovalle.cl\/colegio\/wp-json\/wp\/v2\/comments?post=20946"}],"version-history":[{"count":1,"href":"http:\/\/laprovidenciaovalle.cl\/colegio\/wp-json\/wp\/v2\/posts\/20946\/revisions"}],"predecessor-version":[{"id":20947,"href":"http:\/\/laprovidenciaovalle.cl\/colegio\/wp-json\/wp\/v2\/posts\/20946\/revisions\/20947"}],"wp:featuredmedia":[{"embeddable":true,"href":"http:\/\/laprovidenciaovalle.cl\/colegio\/wp-json\/wp\/v2\/media\/20945"}],"wp:attachment":[{"href":"http:\/\/laprovidenciaovalle.cl\/colegio\/wp-json\/wp\/v2\/media?parent=20946"}],"wp:term":[{"taxonomy":"category","embeddable":true,"href":"http:\/\/laprovidenciaovalle.cl\/colegio\/wp-json\/wp\/v2\/categories?post=20946"},{"taxonomy":"post_tag","embeddable":true,"href":"http:\/\/laprovidenciaovalle.cl\/colegio\/wp-json\/wp\/v2\/tags?post=20946"}],"curies":[{"name":"wp","href":"https:\/\/api.w.org\/{rel}","templated":true}]}}