{"id":20953,"date":"2025-10-07T09:53:17","date_gmt":"2025-10-07T12:53:17","guid":{"rendered":"http:\/\/laprovidenciaovalle.cl\/colegio\/?p=20953"},"modified":"2025-10-07T09:53:25","modified_gmt":"2025-10-07T12:53:25","slug":"estudiantes-de-la-especialidad-de-administracion-llevan-el-compostaje-a-jardines-infantiles-en-ovalle","status":"publish","type":"post","link":"http:\/\/laprovidenciaovalle.cl\/colegio\/estudiantes-de-la-especialidad-de-administracion-llevan-el-compostaje-a-jardines-infantiles-en-ovalle\/","title":{"rendered":"Estudiantes de la especialidad de Administraci\u00f3n llevan el compostaje a jardines infantiles en Ovalle"},"content":{"rendered":"<p>Como parte del Proyecto de Compostaje impulsado por las docentes Paola Olivares (Departamento de Ciencias) y Rossana Guzm\u00e1n (Especialidad de Administraci\u00f3n), las estudiantes de la especialidad de Administraci\u00f3n contin\u00faan fortaleciendo su rol como agentes de cambio en el \u00e1mbito de la educaci\u00f3n ambiental.<\/p>\n<p>El pasado lunes 6 de octubre, durante la ma\u00f1ana, se realiz\u00f3 la primera salida pedag\u00f3gica del grupo, en el marco del programa Aprendizaje + Servicio (AS) de Innovaci\u00f3n Pedag\u00f3gica. En esta ocasi\u00f3n, las estudiantes visitaron los jardines infantiles \u201cRayito de Sol\u201d\u00a0 y \u201cEl Mundo de los Pelusitas\u201d, donde compartieron una capacitaci\u00f3n b\u00e1sica sobre compostaje con los p\u00e1rvulos del nivel de transici\u00f3n.<\/p>\n<p>Esta instancia formativa tuvo como objetivo entregar conocimientos pr\u00e1cticos y sencillos sobre el proceso de compostaje, su importancia para el cuidado del medio ambiente y c\u00f3mo aplicarlo en los hogares o espacios comunitarios. A trav\u00e9s de din\u00e1micas l\u00fadicas, materiales educativos adaptados y un lenguaje cercano, las estudiantes lograron conectar con los m\u00e1s peque\u00f1os, sembrando las primeras semillas de conciencia ecol\u00f3gica.<\/p>\n<p>Como reconocimiento a su participaci\u00f3n, ambos jardines infantiles recibieron certificados entregados por las estudiantes, destacando el compromiso de estas instituciones con la educaci\u00f3n ambiental desde la primera infancia.<\/p>\n<p>Esta actividad marca un nuevo hito en el desarrollo del proyecto, que comenz\u00f3 con un taller te\u00f3rico-pr\u00e1ctico dirigido a funcionarios del establecimiento el pasado 30 de septiembre. En esa oportunidad, las estudiantes capacitaron a 15 trabajadores del colegio y entregaron certificados de participaci\u00f3n, preparando el terreno para futuras r\u00e9plicas en otros espacios de la comuna de Ovalle.<\/p>\n<p>Felicitamos nuevamente a las estudiantes y docentes por su compromiso con el desarrollo sostenible, la educaci\u00f3n ambiental y el fortalecimiento del v\u00ednculo entre aprendizaje y servicio comunitario. \u00a1Que sigan floreciendo las iniciativas verdes!<\/p>\n<p><img loading=\"lazy\" class=\"alignnone size-medium wp-image-20954\" src=\"http:\/\/laprovidenciaovalle.cl\/colegio\/wp-content\/uploads\/2025\/10\/WhatsApp-Image-2025-10-06-at-12.01.32-1-225x300.jpeg\" alt=\"\" width=\"225\" height=\"300\" srcset=\"http:\/\/laprovidenciaovalle.cl\/colegio\/wp-content\/uploads\/2025\/10\/WhatsApp-Image-2025-10-06-at-12.01.32-1-225x300.jpeg 225w, http:\/\/laprovidenciaovalle.cl\/colegio\/wp-content\/uploads\/2025\/10\/WhatsApp-Image-2025-10-06-at-12.01.32-1-768x1024.jpeg 768w, http:\/\/laprovidenciaovalle.cl\/colegio\/wp-content\/uploads\/2025\/10\/WhatsApp-Image-2025-10-06-at-12.01.32-1-113x150.jpeg 113w, http:\/\/laprovidenciaovalle.cl\/colegio\/wp-content\/uploads\/2025\/10\/WhatsApp-Image-2025-10-06-at-12.01.32-1.jpeg 960w\" sizes=\"(max-width: 225px) 100vw, 225px\" \/> <img loading=\"lazy\" class=\"alignnone size-medium wp-image-20955\" src=\"http:\/\/laprovidenciaovalle.cl\/colegio\/wp-content\/uploads\/2025\/10\/WhatsApp-Image-2025-10-06-at-12.01.32-225x300.jpeg\" alt=\"\" width=\"225\" height=\"300\" srcset=\"http:\/\/laprovidenciaovalle.cl\/colegio\/wp-content\/uploads\/2025\/10\/WhatsApp-Image-2025-10-06-at-12.01.32-225x300.jpeg 225w, http:\/\/laprovidenciaovalle.cl\/colegio\/wp-content\/uploads\/2025\/10\/WhatsApp-Image-2025-10-06-at-12.01.32-768x1024.jpeg 768w, http:\/\/laprovidenciaovalle.cl\/colegio\/wp-content\/uploads\/2025\/10\/WhatsApp-Image-2025-10-06-at-12.01.32-113x150.jpeg 113w, http:\/\/laprovidenciaovalle.cl\/colegio\/wp-content\/uploads\/2025\/10\/WhatsApp-Image-2025-10-06-at-12.01.32.jpeg 960w\" sizes=\"(max-width: 225px) 100vw, 225px\" \/> <img loading=\"lazy\" class=\"alignnone size-medium wp-image-20956\" src=\"http:\/\/laprovidenciaovalle.cl\/colegio\/wp-content\/uploads\/2025\/10\/WhatsApp-Image-2025-10-06-at-12.01.31-3-225x300.jpeg\" alt=\"\" width=\"225\" height=\"300\" srcset=\"http:\/\/laprovidenciaovalle.cl\/colegio\/wp-content\/uploads\/2025\/10\/WhatsApp-Image-2025-10-06-at-12.01.31-3-225x300.jpeg 225w, http:\/\/laprovidenciaovalle.cl\/colegio\/wp-content\/uploads\/2025\/10\/WhatsApp-Image-2025-10-06-at-12.01.31-3-768x1024.jpeg 768w, http:\/\/laprovidenciaovalle.cl\/colegio\/wp-content\/uploads\/2025\/10\/WhatsApp-Image-2025-10-06-at-12.01.31-3-113x150.jpeg 113w, http:\/\/laprovidenciaovalle.cl\/colegio\/wp-content\/uploads\/2025\/10\/WhatsApp-Image-2025-10-06-at-12.01.31-3.jpeg 960w\" sizes=\"(max-width: 225px) 100vw, 225px\" \/> <img loading=\"lazy\" class=\"alignnone size-medium wp-image-20957\" src=\"http:\/\/laprovidenciaovalle.cl\/colegio\/wp-content\/uploads\/2025\/10\/WhatsApp-Image-2025-10-06-at-12.01.31-2-225x300.jpeg\" alt=\"\" width=\"225\" height=\"300\" srcset=\"http:\/\/laprovidenciaovalle.cl\/colegio\/wp-content\/uploads\/2025\/10\/WhatsApp-Image-2025-10-06-at-12.01.31-2-225x300.jpeg 225w, http:\/\/laprovidenciaovalle.cl\/colegio\/wp-content\/uploads\/2025\/10\/WhatsApp-Image-2025-10-06-at-12.01.31-2-768x1024.jpeg 768w, http:\/\/laprovidenciaovalle.cl\/colegio\/wp-content\/uploads\/2025\/10\/WhatsApp-Image-2025-10-06-at-12.01.31-2-113x150.jpeg 113w, http:\/\/laprovidenciaovalle.cl\/colegio\/wp-content\/uploads\/2025\/10\/WhatsApp-Image-2025-10-06-at-12.01.31-2.jpeg 960w\" sizes=\"(max-width: 225px) 100vw, 225px\" \/> <img loading=\"lazy\" class=\"alignnone size-medium wp-image-20958\" src=\"http:\/\/laprovidenciaovalle.cl\/colegio\/wp-content\/uploads\/2025\/10\/WhatsApp-Image-2025-10-06-at-12.01.31-1-225x300.jpeg\" alt=\"\" width=\"225\" height=\"300\" srcset=\"http:\/\/laprovidenciaovalle.cl\/colegio\/wp-content\/uploads\/2025\/10\/WhatsApp-Image-2025-10-06-at-12.01.31-1-225x300.jpeg 225w, http:\/\/laprovidenciaovalle.cl\/colegio\/wp-content\/uploads\/2025\/10\/WhatsApp-Image-2025-10-06-at-12.01.31-1-768x1024.jpeg 768w, http:\/\/laprovidenciaovalle.cl\/colegio\/wp-content\/uploads\/2025\/10\/WhatsApp-Image-2025-10-06-at-12.01.31-1-113x150.jpeg 113w, http:\/\/laprovidenciaovalle.cl\/colegio\/wp-content\/uploads\/2025\/10\/WhatsApp-Image-2025-10-06-at-12.01.31-1.jpeg 960w\" sizes=\"(max-width: 225px) 100vw, 225px\" \/> <img loading=\"lazy\" class=\"alignnone size-medium wp-image-20959\" src=\"http:\/\/laprovidenciaovalle.cl\/colegio\/wp-content\/uploads\/2025\/10\/WhatsApp-Image-2025-10-06-at-12.01.31-225x300.jpeg\" alt=\"\" width=\"225\" height=\"300\" srcset=\"http:\/\/laprovidenciaovalle.cl\/colegio\/wp-content\/uploads\/2025\/10\/WhatsApp-Image-2025-10-06-at-12.01.31-225x300.jpeg 225w, http:\/\/laprovidenciaovalle.cl\/colegio\/wp-content\/uploads\/2025\/10\/WhatsApp-Image-2025-10-06-at-12.01.31-768x1024.jpeg 768w, http:\/\/laprovidenciaovalle.cl\/colegio\/wp-content\/uploads\/2025\/10\/WhatsApp-Image-2025-10-06-at-12.01.31-113x150.jpeg 113w, http:\/\/laprovidenciaovalle.cl\/colegio\/wp-content\/uploads\/2025\/10\/WhatsApp-Image-2025-10-06-at-12.01.31.jpeg 960w\" sizes=\"(max-width: 225px) 100vw, 225px\" \/> <img loading=\"lazy\" class=\"alignnone size-medium wp-image-20960\" src=\"http:\/\/laprovidenciaovalle.cl\/colegio\/wp-content\/uploads\/2025\/10\/WhatsApp-Image-2025-10-06-at-12.01.30-1-225x300.jpeg\" alt=\"\" width=\"225\" height=\"300\" srcset=\"http:\/\/laprovidenciaovalle.cl\/colegio\/wp-content\/uploads\/2025\/10\/WhatsApp-Image-2025-10-06-at-12.01.30-1-225x300.jpeg 225w, http:\/\/laprovidenciaovalle.cl\/colegio\/wp-content\/uploads\/2025\/10\/WhatsApp-Image-2025-10-06-at-12.01.30-1-768x1024.jpeg 768w, http:\/\/laprovidenciaovalle.cl\/colegio\/wp-content\/uploads\/2025\/10\/WhatsApp-Image-2025-10-06-at-12.01.30-1-113x150.jpeg 113w, http:\/\/laprovidenciaovalle.cl\/colegio\/wp-content\/uploads\/2025\/10\/WhatsApp-Image-2025-10-06-at-12.01.30-1.jpeg 960w\" sizes=\"(max-width: 225px) 100vw, 225px\" \/> <img loading=\"lazy\" class=\"alignnone size-medium wp-image-20961\" src=\"http:\/\/laprovidenciaovalle.cl\/colegio\/wp-content\/uploads\/2025\/10\/WhatsApp-Image-2025-10-06-at-12.01.30-225x300.jpeg\" alt=\"\" width=\"225\" height=\"300\" srcset=\"http:\/\/laprovidenciaovalle.cl\/colegio\/wp-content\/uploads\/2025\/10\/WhatsApp-Image-2025-10-06-at-12.01.30-225x300.jpeg 225w, http:\/\/laprovidenciaovalle.cl\/colegio\/wp-content\/uploads\/2025\/10\/WhatsApp-Image-2025-10-06-at-12.01.30-768x1024.jpeg 768w, http:\/\/laprovidenciaovalle.cl\/colegio\/wp-content\/uploads\/2025\/10\/WhatsApp-Image-2025-10-06-at-12.01.30-113x150.jpeg 113w, http:\/\/laprovidenciaovalle.cl\/colegio\/wp-content\/uploads\/2025\/10\/WhatsApp-Image-2025-10-06-at-12.01.30.jpeg 960w\" sizes=\"(max-width: 225px) 100vw, 225px\" \/> <img loading=\"lazy\" class=\"alignnone size-medium wp-image-20962\" src=\"http:\/\/laprovidenciaovalle.cl\/colegio\/wp-content\/uploads\/2025\/10\/WhatsApp-Image-2025-10-06-at-12.00.14-1-225x300.jpeg\" alt=\"\" width=\"225\" height=\"300\" srcset=\"http:\/\/laprovidenciaovalle.cl\/colegio\/wp-content\/uploads\/2025\/10\/WhatsApp-Image-2025-10-06-at-12.00.14-1-225x300.jpeg 225w, http:\/\/laprovidenciaovalle.cl\/colegio\/wp-content\/uploads\/2025\/10\/WhatsApp-Image-2025-10-06-at-12.00.14-1-768x1024.jpeg 768w, http:\/\/laprovidenciaovalle.cl\/colegio\/wp-content\/uploads\/2025\/10\/WhatsApp-Image-2025-10-06-at-12.00.14-1-113x150.jpeg 113w, http:\/\/laprovidenciaovalle.cl\/colegio\/wp-content\/uploads\/2025\/10\/WhatsApp-Image-2025-10-06-at-12.00.14-1.jpeg 960w\" sizes=\"(max-width: 225px) 100vw, 225px\" \/> <img loading=\"lazy\" class=\"alignnone size-medium wp-image-20963\" src=\"http:\/\/laprovidenciaovalle.cl\/colegio\/wp-content\/uploads\/2025\/10\/WhatsApp-Image-2025-10-06-at-12.00.14-225x300.jpeg\" alt=\"\" width=\"225\" height=\"300\" srcset=\"http:\/\/laprovidenciaovalle.cl\/colegio\/wp-content\/uploads\/2025\/10\/WhatsApp-Image-2025-10-06-at-12.00.14-225x300.jpeg 225w, http:\/\/laprovidenciaovalle.cl\/colegio\/wp-content\/uploads\/2025\/10\/WhatsApp-Image-2025-10-06-at-12.00.14-768x1024.jpeg 768w, http:\/\/laprovidenciaovalle.cl\/colegio\/wp-content\/uploads\/2025\/10\/WhatsApp-Image-2025-10-06-at-12.00.14-113x150.jpeg 113w, http:\/\/laprovidenciaovalle.cl\/colegio\/wp-content\/uploads\/2025\/10\/WhatsApp-Image-2025-10-06-at-12.00.14.jpeg 960w\" sizes=\"(max-width: 225px) 100vw, 225px\" \/> <img loading=\"lazy\" class=\"alignnone size-medium wp-image-20964\" src=\"http:\/\/laprovidenciaovalle.cl\/colegio\/wp-content\/uploads\/2025\/10\/WhatsApp-Image-2025-10-06-at-12.00.13-225x300.jpeg\" alt=\"\" width=\"225\" height=\"300\" srcset=\"http:\/\/laprovidenciaovalle.cl\/colegio\/wp-content\/uploads\/2025\/10\/WhatsApp-Image-2025-10-06-at-12.00.13-225x300.jpeg 225w, http:\/\/laprovidenciaovalle.cl\/colegio\/wp-content\/uploads\/2025\/10\/WhatsApp-Image-2025-10-06-at-12.00.13-768x1024.jpeg 768w, http:\/\/laprovidenciaovalle.cl\/colegio\/wp-content\/uploads\/2025\/10\/WhatsApp-Image-2025-10-06-at-12.00.13-113x150.jpeg 113w, http:\/\/laprovidenciaovalle.cl\/colegio\/wp-content\/uploads\/2025\/10\/WhatsApp-Image-2025-10-06-at-12.00.13.jpeg 960w\" sizes=\"(max-width: 225px) 100vw, 225px\" \/> <img loading=\"lazy\" class=\"alignnone size-medium wp-image-20965\" src=\"http:\/\/laprovidenciaovalle.cl\/colegio\/wp-content\/uploads\/2025\/10\/WhatsApp-Image-2025-10-06-at-11.59.13-225x300.jpeg\" alt=\"\" width=\"225\" height=\"300\" srcset=\"http:\/\/laprovidenciaovalle.cl\/colegio\/wp-content\/uploads\/2025\/10\/WhatsApp-Image-2025-10-06-at-11.59.13-225x300.jpeg 225w, http:\/\/laprovidenciaovalle.cl\/colegio\/wp-content\/uploads\/2025\/10\/WhatsApp-Image-2025-10-06-at-11.59.13-768x1024.jpeg 768w, http:\/\/laprovidenciaovalle.cl\/colegio\/wp-content\/uploads\/2025\/10\/WhatsApp-Image-2025-10-06-at-11.59.13-1152x1536.jpeg 1152w, http:\/\/laprovidenciaovalle.cl\/colegio\/wp-content\/uploads\/2025\/10\/WhatsApp-Image-2025-10-06-at-11.59.13-113x150.jpeg 113w, http:\/\/laprovidenciaovalle.cl\/colegio\/wp-content\/uploads\/2025\/10\/WhatsApp-Image-2025-10-06-at-11.59.13.jpeg 1200w\" sizes=\"(max-width: 225px) 100vw, 225px\" \/> <img loading=\"lazy\" class=\"alignnone size-medium wp-image-20966\" src=\"http:\/\/laprovidenciaovalle.cl\/colegio\/wp-content\/uploads\/2025\/10\/WhatsApp-Image-2025-10-06-at-11.59.12-3-225x300.jpeg\" alt=\"\" width=\"225\" height=\"300\" srcset=\"http:\/\/laprovidenciaovalle.cl\/colegio\/wp-content\/uploads\/2025\/10\/WhatsApp-Image-2025-10-06-at-11.59.12-3-225x300.jpeg 225w, http:\/\/laprovidenciaovalle.cl\/colegio\/wp-content\/uploads\/2025\/10\/WhatsApp-Image-2025-10-06-at-11.59.12-3-768x1024.jpeg 768w, http:\/\/laprovidenciaovalle.cl\/colegio\/wp-content\/uploads\/2025\/10\/WhatsApp-Image-2025-10-06-at-11.59.12-3-1152x1536.jpeg 1152w, http:\/\/laprovidenciaovalle.cl\/colegio\/wp-content\/uploads\/2025\/10\/WhatsApp-Image-2025-10-06-at-11.59.12-3-113x150.jpeg 113w, http:\/\/laprovidenciaovalle.cl\/colegio\/wp-content\/uploads\/2025\/10\/WhatsApp-Image-2025-10-06-at-11.59.12-3.jpeg 1200w\" sizes=\"(max-width: 225px) 100vw, 225px\" \/> <img loading=\"lazy\" class=\"alignnone size-medium wp-image-20967\" src=\"http:\/\/laprovidenciaovalle.cl\/colegio\/wp-content\/uploads\/2025\/10\/WhatsApp-Image-2025-10-06-at-11.59.12-2-225x300.jpeg\" alt=\"\" width=\"225\" height=\"300\" srcset=\"http:\/\/laprovidenciaovalle.cl\/colegio\/wp-content\/uploads\/2025\/10\/WhatsApp-Image-2025-10-06-at-11.59.12-2-225x300.jpeg 225w, http:\/\/laprovidenciaovalle.cl\/colegio\/wp-content\/uploads\/2025\/10\/WhatsApp-Image-2025-10-06-at-11.59.12-2-768x1024.jpeg 768w, http:\/\/laprovidenciaovalle.cl\/colegio\/wp-content\/uploads\/2025\/10\/WhatsApp-Image-2025-10-06-at-11.59.12-2-1152x1536.jpeg 1152w, http:\/\/laprovidenciaovalle.cl\/colegio\/wp-content\/uploads\/2025\/10\/WhatsApp-Image-2025-10-06-at-11.59.12-2-113x150.jpeg 113w, http:\/\/laprovidenciaovalle.cl\/colegio\/wp-content\/uploads\/2025\/10\/WhatsApp-Image-2025-10-06-at-11.59.12-2.jpeg 1200w\" sizes=\"(max-width: 225px) 100vw, 225px\" \/> <img loading=\"lazy\" class=\"alignnone size-medium wp-image-20968\" src=\"http:\/\/laprovidenciaovalle.cl\/colegio\/wp-content\/uploads\/2025\/10\/WhatsApp-Image-2025-10-06-at-11.59.12-1-225x300.jpeg\" alt=\"\" width=\"225\" height=\"300\" srcset=\"http:\/\/laprovidenciaovalle.cl\/colegio\/wp-content\/uploads\/2025\/10\/WhatsApp-Image-2025-10-06-at-11.59.12-1-225x300.jpeg 225w, http:\/\/laprovidenciaovalle.cl\/colegio\/wp-content\/uploads\/2025\/10\/WhatsApp-Image-2025-10-06-at-11.59.12-1-768x1024.jpeg 768w, http:\/\/laprovidenciaovalle.cl\/colegio\/wp-content\/uploads\/2025\/10\/WhatsApp-Image-2025-10-06-at-11.59.12-1-1152x1536.jpeg 1152w, http:\/\/laprovidenciaovalle.cl\/colegio\/wp-content\/uploads\/2025\/10\/WhatsApp-Image-2025-10-06-at-11.59.12-1-113x150.jpeg 113w, http:\/\/laprovidenciaovalle.cl\/colegio\/wp-content\/uploads\/2025\/10\/WhatsApp-Image-2025-10-06-at-11.59.12-1.jpeg 1200w\" sizes=\"(max-width: 225px) 100vw, 225px\" \/> <img loading=\"lazy\" class=\"alignnone size-medium wp-image-20969\" src=\"http:\/\/laprovidenciaovalle.cl\/colegio\/wp-content\/uploads\/2025\/10\/WhatsApp-Image-2025-10-06-at-11.59.12-225x300.jpeg\" alt=\"\" width=\"225\" height=\"300\" srcset=\"http:\/\/laprovidenciaovalle.cl\/colegio\/wp-content\/uploads\/2025\/10\/WhatsApp-Image-2025-10-06-at-11.59.12-225x300.jpeg 225w, http:\/\/laprovidenciaovalle.cl\/colegio\/wp-content\/uploads\/2025\/10\/WhatsApp-Image-2025-10-06-at-11.59.12-768x1024.jpeg 768w, http:\/\/laprovidenciaovalle.cl\/colegio\/wp-content\/uploads\/2025\/10\/WhatsApp-Image-2025-10-06-at-11.59.12-1152x1536.jpeg 1152w, http:\/\/laprovidenciaovalle.cl\/colegio\/wp-content\/uploads\/2025\/10\/WhatsApp-Image-2025-10-06-at-11.59.12-113x150.jpeg 113w, http:\/\/laprovidenciaovalle.cl\/colegio\/wp-content\/uploads\/2025\/10\/WhatsApp-Image-2025-10-06-at-11.59.12.jpeg 1200w\" sizes=\"(max-width: 225px) 100vw, 225px\" \/> <img loading=\"lazy\" class=\"alignnone size-medium wp-image-20970\" src=\"http:\/\/laprovidenciaovalle.cl\/colegio\/wp-content\/uploads\/2025\/10\/WhatsApp-Image-2025-10-06-at-11.59.11-3-225x300.jpeg\" alt=\"\" width=\"225\" height=\"300\" srcset=\"http:\/\/laprovidenciaovalle.cl\/colegio\/wp-content\/uploads\/2025\/10\/WhatsApp-Image-2025-10-06-at-11.59.11-3-225x300.jpeg 225w, http:\/\/laprovidenciaovalle.cl\/colegio\/wp-content\/uploads\/2025\/10\/WhatsApp-Image-2025-10-06-at-11.59.11-3-768x1024.jpeg 768w, http:\/\/laprovidenciaovalle.cl\/colegio\/wp-content\/uploads\/2025\/10\/WhatsApp-Image-2025-10-06-at-11.59.11-3-1152x1536.jpeg 1152w, http:\/\/laprovidenciaovalle.cl\/colegio\/wp-content\/uploads\/2025\/10\/WhatsApp-Image-2025-10-06-at-11.59.11-3-113x150.jpeg 113w, http:\/\/laprovidenciaovalle.cl\/colegio\/wp-content\/uploads\/2025\/10\/WhatsApp-Image-2025-10-06-at-11.59.11-3.jpeg 1200w\" sizes=\"(max-width: 225px) 100vw, 225px\" \/> <img loading=\"lazy\" class=\"alignnone size-medium wp-image-20971\" src=\"http:\/\/laprovidenciaovalle.cl\/colegio\/wp-content\/uploads\/2025\/10\/WhatsApp-Image-2025-10-06-at-11.59.11-2-225x300.jpeg\" alt=\"\" width=\"225\" height=\"300\" srcset=\"http:\/\/laprovidenciaovalle.cl\/colegio\/wp-content\/uploads\/2025\/10\/WhatsApp-Image-2025-10-06-at-11.59.11-2-225x300.jpeg 225w, http:\/\/laprovidenciaovalle.cl\/colegio\/wp-content\/uploads\/2025\/10\/WhatsApp-Image-2025-10-06-at-11.59.11-2-768x1024.jpeg 768w, http:\/\/laprovidenciaovalle.cl\/colegio\/wp-content\/uploads\/2025\/10\/WhatsApp-Image-2025-10-06-at-11.59.11-2-1152x1536.jpeg 1152w, http:\/\/laprovidenciaovalle.cl\/colegio\/wp-content\/uploads\/2025\/10\/WhatsApp-Image-2025-10-06-at-11.59.11-2-113x150.jpeg 113w, http:\/\/laprovidenciaovalle.cl\/colegio\/wp-content\/uploads\/2025\/10\/WhatsApp-Image-2025-10-06-at-11.59.11-2.jpeg 1200w\" sizes=\"(max-width: 225px) 100vw, 225px\" \/> <img loading=\"lazy\" class=\"alignnone size-medium wp-image-20972\" src=\"http:\/\/laprovidenciaovalle.cl\/colegio\/wp-content\/uploads\/2025\/10\/WhatsApp-Image-2025-10-06-at-11.59.11-1-225x300.jpeg\" alt=\"\" width=\"225\" height=\"300\" srcset=\"http:\/\/laprovidenciaovalle.cl\/colegio\/wp-content\/uploads\/2025\/10\/WhatsApp-Image-2025-10-06-at-11.59.11-1-225x300.jpeg 225w, http:\/\/laprovidenciaovalle.cl\/colegio\/wp-content\/uploads\/2025\/10\/WhatsApp-Image-2025-10-06-at-11.59.11-1-768x1024.jpeg 768w, http:\/\/laprovidenciaovalle.cl\/colegio\/wp-content\/uploads\/2025\/10\/WhatsApp-Image-2025-10-06-at-11.59.11-1-1152x1536.jpeg 1152w, http:\/\/laprovidenciaovalle.cl\/colegio\/wp-content\/uploads\/2025\/10\/WhatsApp-Image-2025-10-06-at-11.59.11-1-113x150.jpeg 113w, http:\/\/laprovidenciaovalle.cl\/colegio\/wp-content\/uploads\/2025\/10\/WhatsApp-Image-2025-10-06-at-11.59.11-1.jpeg 1200w\" sizes=\"(max-width: 225px) 100vw, 225px\" \/> <img loading=\"lazy\" class=\"alignnone size-medium wp-image-20973\" src=\"http:\/\/laprovidenciaovalle.cl\/colegio\/wp-content\/uploads\/2025\/10\/WhatsApp-Image-2025-10-06-at-11.59.11-225x300.jpeg\" alt=\"\" width=\"225\" height=\"300\" srcset=\"http:\/\/laprovidenciaovalle.cl\/colegio\/wp-content\/uploads\/2025\/10\/WhatsApp-Image-2025-10-06-at-11.59.11-225x300.jpeg 225w, http:\/\/laprovidenciaovalle.cl\/colegio\/wp-content\/uploads\/2025\/10\/WhatsApp-Image-2025-10-06-at-11.59.11-768x1024.jpeg 768w, http:\/\/laprovidenciaovalle.cl\/colegio\/wp-content\/uploads\/2025\/10\/WhatsApp-Image-2025-10-06-at-11.59.11-1152x1536.jpeg 1152w, http:\/\/laprovidenciaovalle.cl\/colegio\/wp-content\/uploads\/2025\/10\/WhatsApp-Image-2025-10-06-at-11.59.11-113x150.jpeg 113w, http:\/\/laprovidenciaovalle.cl\/colegio\/wp-content\/uploads\/2025\/10\/WhatsApp-Image-2025-10-06-at-11.59.11.jpeg 1200w\" sizes=\"(max-width: 225px) 100vw, 225px\" \/> <img loading=\"lazy\" class=\"alignnone size-medium wp-image-20974\" src=\"http:\/\/laprovidenciaovalle.cl\/colegio\/wp-content\/uploads\/2025\/10\/WhatsApp-Image-2025-10-06-at-11.59.10-2-225x300.jpeg\" alt=\"\" width=\"225\" height=\"300\" srcset=\"http:\/\/laprovidenciaovalle.cl\/colegio\/wp-content\/uploads\/2025\/10\/WhatsApp-Image-2025-10-06-at-11.59.10-2-225x300.jpeg 225w, http:\/\/laprovidenciaovalle.cl\/colegio\/wp-content\/uploads\/2025\/10\/WhatsApp-Image-2025-10-06-at-11.59.10-2-768x1024.jpeg 768w, http:\/\/laprovidenciaovalle.cl\/colegio\/wp-content\/uploads\/2025\/10\/WhatsApp-Image-2025-10-06-at-11.59.10-2-1152x1536.jpeg 1152w, http:\/\/laprovidenciaovalle.cl\/colegio\/wp-content\/uploads\/2025\/10\/WhatsApp-Image-2025-10-06-at-11.59.10-2-113x150.jpeg 113w, http:\/\/laprovidenciaovalle.cl\/colegio\/wp-content\/uploads\/2025\/10\/WhatsApp-Image-2025-10-06-at-11.59.10-2.jpeg 1200w\" sizes=\"(max-width: 225px) 100vw, 225px\" \/> <img loading=\"lazy\" class=\"alignnone size-medium wp-image-20975\" src=\"http:\/\/laprovidenciaovalle.cl\/colegio\/wp-content\/uploads\/2025\/10\/WhatsApp-Image-2025-10-06-at-11.59.10-1-225x300.jpeg\" alt=\"\" width=\"225\" height=\"300\" srcset=\"http:\/\/laprovidenciaovalle.cl\/colegio\/wp-content\/uploads\/2025\/10\/WhatsApp-Image-2025-10-06-at-11.59.10-1-225x300.jpeg 225w, http:\/\/laprovidenciaovalle.cl\/colegio\/wp-content\/uploads\/2025\/10\/WhatsApp-Image-2025-10-06-at-11.59.10-1-768x1024.jpeg 768w, http:\/\/laprovidenciaovalle.cl\/colegio\/wp-content\/uploads\/2025\/10\/WhatsApp-Image-2025-10-06-at-11.59.10-1-1152x1536.jpeg 1152w, http:\/\/laprovidenciaovalle.cl\/colegio\/wp-content\/uploads\/2025\/10\/WhatsApp-Image-2025-10-06-at-11.59.10-1-113x150.jpeg 113w, http:\/\/laprovidenciaovalle.cl\/colegio\/wp-content\/uploads\/2025\/10\/WhatsApp-Image-2025-10-06-at-11.59.10-1.jpeg 1200w\" sizes=\"(max-width: 225px) 100vw, 225px\" \/> <img loading=\"lazy\" class=\"alignnone size-medium wp-image-20976\" src=\"http:\/\/laprovidenciaovalle.cl\/colegio\/wp-content\/uploads\/2025\/10\/WhatsApp-Image-2025-10-06-at-11.59.10-225x300.jpeg\" alt=\"\" width=\"225\" height=\"300\" srcset=\"http:\/\/laprovidenciaovalle.cl\/colegio\/wp-content\/uploads\/2025\/10\/WhatsApp-Image-2025-10-06-at-11.59.10-225x300.jpeg 225w, http:\/\/laprovidenciaovalle.cl\/colegio\/wp-content\/uploads\/2025\/10\/WhatsApp-Image-2025-10-06-at-11.59.10-768x1024.jpeg 768w, http:\/\/laprovidenciaovalle.cl\/colegio\/wp-content\/uploads\/2025\/10\/WhatsApp-Image-2025-10-06-at-11.59.10-1152x1536.jpeg 1152w, http:\/\/laprovidenciaovalle.cl\/colegio\/wp-content\/uploads\/2025\/10\/WhatsApp-Image-2025-10-06-at-11.59.10-113x150.jpeg 113w, http:\/\/laprovidenciaovalle.cl\/colegio\/wp-content\/uploads\/2025\/10\/WhatsApp-Image-2025-10-06-at-11.59.10.jpeg 1200w\" sizes=\"(max-width: 225px) 100vw, 225px\" \/> <img loading=\"lazy\" class=\"alignnone size-medium wp-image-20977\" src=\"http:\/\/laprovidenciaovalle.cl\/colegio\/wp-content\/uploads\/2025\/10\/WhatsApp-Image-2025-10-06-at-11.56.19-300x225.jpeg\" alt=\"\" width=\"300\" height=\"225\" srcset=\"http:\/\/laprovidenciaovalle.cl\/colegio\/wp-content\/uploads\/2025\/10\/WhatsApp-Image-2025-10-06-at-11.56.19-300x225.jpeg 300w, http:\/\/laprovidenciaovalle.cl\/colegio\/wp-content\/uploads\/2025\/10\/WhatsApp-Image-2025-10-06-at-11.56.19-1024x768.jpeg 1024w, http:\/\/laprovidenciaovalle.cl\/colegio\/wp-content\/uploads\/2025\/10\/WhatsApp-Image-2025-10-06-at-11.56.19-768x576.jpeg 768w, http:\/\/laprovidenciaovalle.cl\/colegio\/wp-content\/uploads\/2025\/10\/WhatsApp-Image-2025-10-06-at-11.56.19-1536x1152.jpeg 1536w, http:\/\/laprovidenciaovalle.cl\/colegio\/wp-content\/uploads\/2025\/10\/WhatsApp-Image-2025-10-06-at-11.56.19-150x113.jpeg 150w, http:\/\/laprovidenciaovalle.cl\/colegio\/wp-content\/uploads\/2025\/10\/WhatsApp-Image-2025-10-06-at-11.56.19.jpeg 1600w\" sizes=\"(max-width: 300px) 100vw, 300px\" \/><\/p>\n","protected":false},"excerpt":{"rendered":"<p>Como parte del Proyecto de Compostaje impulsado por las docentes Paola Olivares (Departamento de Ciencias) y Rossana Guzm\u00e1n (Especialidad de Administraci\u00f3n), las estudiantes de la especialidad de Administraci\u00f3n contin\u00faan fortaleciendo su rol como agentes de cambio en el \u00e1mbito de la educaci\u00f3n ambiental. El pasado lunes 6 de octubre, durante la ma\u00f1ana, se realiz\u00f3 la primera salida pedag\u00f3gica del grupo,&nbsp;<a href=\"http:\/\/laprovidenciaovalle.cl\/colegio\/estudiantes-de-la-especialidad-de-administracion-llevan-el-compostaje-a-jardines-infantiles-en-ovalle\/\">[&hellip;]<\/a><\/p>\n","protected":false},"author":5,"featured_media":20978,"comment_status":"closed","ping_status":"closed","sticky":false,"template":"","format":"standard","meta":[],"categories":[16],"tags":[],"yoast_head":"<!-- This site is optimized with the Yoast SEO plugin v15.2 - https:\/\/yoast.com\/wordpress\/plugins\/seo\/ -->\n<title>Estudiantes de la especialidad de Administraci\u00f3n llevan el compostaje a jardines infantiles en Ovalle - Colegio La Providencia<\/title>\n<meta name=\"robots\" content=\"index, follow, max-snippet:-1, max-image-preview:large, max-video-preview:-1\" \/>\n<link rel=\"canonical\" href=\"http:\/\/laprovidenciaovalle.cl\/colegio\/estudiantes-de-la-especialidad-de-administracion-llevan-el-compostaje-a-jardines-infantiles-en-ovalle\/\" \/>\n<meta property=\"og:locale\" content=\"es_ES\" \/>\n<meta property=\"og:type\" content=\"article\" \/>\n<meta property=\"og:title\" content=\"Estudiantes de la especialidad de Administraci\u00f3n llevan el compostaje a jardines infantiles en Ovalle - Colegio La Providencia\" \/>\n<meta property=\"og:description\" content=\"Como parte del Proyecto de Compostaje impulsado por las docentes Paola Olivares (Departamento de Ciencias) y Rossana Guzm\u00e1n (Especialidad de Administraci\u00f3n), las estudiantes de la especialidad de Administraci\u00f3n contin\u00faan fortaleciendo su rol como agentes de cambio en el \u00e1mbito de la educaci\u00f3n ambiental. El pasado lunes 6 de octubre, durante la ma\u00f1ana, se realiz\u00f3 la primera salida pedag\u00f3gica del grupo,&nbsp;[&hellip;]\" \/>\n<meta property=\"og:url\" content=\"http:\/\/laprovidenciaovalle.cl\/colegio\/estudiantes-de-la-especialidad-de-administracion-llevan-el-compostaje-a-jardines-infantiles-en-ovalle\/\" \/>\n<meta property=\"og:site_name\" content=\"Colegio La Providencia\" \/>\n<meta property=\"article:published_time\" content=\"2025-10-07T12:53:17+00:00\" \/>\n<meta property=\"article:modified_time\" content=\"2025-10-07T12:53:25+00:00\" \/>\n<meta property=\"og:image\" content=\"http:\/\/laprovidenciaovalle.cl\/colegio\/wp-content\/uploads\/2025\/10\/Diseno-sin-titulo-13-1024x697.png\" \/>\n\t<meta property=\"og:image:width\" content=\"1024\" \/>\n\t<meta property=\"og:image:height\" content=\"697\" \/>\n<meta name=\"twitter:card\" content=\"summary_large_image\" \/>\n<meta name=\"twitter:label1\" value=\"Escrito por\">\n\t<meta name=\"twitter:data1\" value=\"Comunicaciones Colegio\">\n\t<meta name=\"twitter:label2\" value=\"Tiempo de lectura\">\n\t<meta name=\"twitter:data2\" value=\"1 minuto\">\n<script type=\"application\/ld+json\" class=\"yoast-schema-graph\">{\"@context\":\"https:\/\/schema.org\",\"@graph\":[{\"@type\":\"WebSite\",\"@id\":\"https:\/\/laprovidenciaovalle.cl\/colegio\/#website\",\"url\":\"https:\/\/laprovidenciaovalle.cl\/colegio\/\",\"name\":\"Colegio La Providencia\",\"description\":\"Ovalle\",\"potentialAction\":[{\"@type\":\"SearchAction\",\"target\":\"https:\/\/laprovidenciaovalle.cl\/colegio\/?s={search_term_string}\",\"query-input\":\"required name=search_term_string\"}],\"inLanguage\":\"es\"},{\"@type\":\"ImageObject\",\"@id\":\"http:\/\/laprovidenciaovalle.cl\/colegio\/estudiantes-de-la-especialidad-de-administracion-llevan-el-compostaje-a-jardines-infantiles-en-ovalle\/#primaryimage\",\"inLanguage\":\"es\",\"url\":\"http:\/\/laprovidenciaovalle.cl\/colegio\/wp-content\/uploads\/2025\/10\/Diseno-sin-titulo-13.png\",\"width\":1476,\"height\":1004},{\"@type\":\"WebPage\",\"@id\":\"http:\/\/laprovidenciaovalle.cl\/colegio\/estudiantes-de-la-especialidad-de-administracion-llevan-el-compostaje-a-jardines-infantiles-en-ovalle\/#webpage\",\"url\":\"http:\/\/laprovidenciaovalle.cl\/colegio\/estudiantes-de-la-especialidad-de-administracion-llevan-el-compostaje-a-jardines-infantiles-en-ovalle\/\",\"name\":\"Estudiantes de la especialidad de Administraci\\u00f3n llevan el compostaje a jardines infantiles en Ovalle - Colegio La Providencia\",\"isPartOf\":{\"@id\":\"https:\/\/laprovidenciaovalle.cl\/colegio\/#website\"},\"primaryImageOfPage\":{\"@id\":\"http:\/\/laprovidenciaovalle.cl\/colegio\/estudiantes-de-la-especialidad-de-administracion-llevan-el-compostaje-a-jardines-infantiles-en-ovalle\/#primaryimage\"},\"datePublished\":\"2025-10-07T12:53:17+00:00\",\"dateModified\":\"2025-10-07T12:53:25+00:00\",\"author\":{\"@id\":\"https:\/\/laprovidenciaovalle.cl\/colegio\/#\/schema\/person\/1035f45cd35e1948fb928fcdc74228fe\"},\"inLanguage\":\"es\",\"potentialAction\":[{\"@type\":\"ReadAction\",\"target\":[\"http:\/\/laprovidenciaovalle.cl\/colegio\/estudiantes-de-la-especialidad-de-administracion-llevan-el-compostaje-a-jardines-infantiles-en-ovalle\/\"]}]},{\"@type\":\"Person\",\"@id\":\"https:\/\/laprovidenciaovalle.cl\/colegio\/#\/schema\/person\/1035f45cd35e1948fb928fcdc74228fe\",\"name\":\"Comunicaciones Colegio\",\"image\":{\"@type\":\"ImageObject\",\"@id\":\"https:\/\/laprovidenciaovalle.cl\/colegio\/#personlogo\",\"inLanguage\":\"es\",\"url\":\"http:\/\/2.gravatar.com\/avatar\/5d0b6f6fbda2852def0dc3e63e38d319?s=96&d=mm&r=g\",\"caption\":\"Comunicaciones Colegio\"}}]}<\/script>\n<!-- \/ Yoast SEO plugin. -->","_links":{"self":[{"href":"http:\/\/laprovidenciaovalle.cl\/colegio\/wp-json\/wp\/v2\/posts\/20953"}],"collection":[{"href":"http:\/\/laprovidenciaovalle.cl\/colegio\/wp-json\/wp\/v2\/posts"}],"about":[{"href":"http:\/\/laprovidenciaovalle.cl\/colegio\/wp-json\/wp\/v2\/types\/post"}],"author":[{"embeddable":true,"href":"http:\/\/laprovidenciaovalle.cl\/colegio\/wp-json\/wp\/v2\/users\/5"}],"replies":[{"embeddable":true,"href":"http:\/\/laprovidenciaovalle.cl\/colegio\/wp-json\/wp\/v2\/comments?post=20953"}],"version-history":[{"count":1,"href":"http:\/\/laprovidenciaovalle.cl\/colegio\/wp-json\/wp\/v2\/posts\/20953\/revisions"}],"predecessor-version":[{"id":20979,"href":"http:\/\/laprovidenciaovalle.cl\/colegio\/wp-json\/wp\/v2\/posts\/20953\/revisions\/20979"}],"wp:featuredmedia":[{"embeddable":true,"href":"http:\/\/laprovidenciaovalle.cl\/colegio\/wp-json\/wp\/v2\/media\/20978"}],"wp:attachment":[{"href":"http:\/\/laprovidenciaovalle.cl\/colegio\/wp-json\/wp\/v2\/media?parent=20953"}],"wp:term":[{"taxonomy":"category","embeddable":true,"href":"http:\/\/laprovidenciaovalle.cl\/colegio\/wp-json\/wp\/v2\/categories?post=20953"},{"taxonomy":"post_tag","embeddable":true,"href":"http:\/\/laprovidenciaovalle.cl\/colegio\/wp-json\/wp\/v2\/tags?post=20953"}],"curies":[{"name":"wp","href":"https:\/\/api.w.org\/{rel}","templated":true}]}}