{"id":20981,"date":"2025-10-07T13:14:05","date_gmt":"2025-10-07T16:14:05","guid":{"rendered":"http:\/\/laprovidenciaovalle.cl\/colegio\/?p=20981"},"modified":"2025-10-07T13:14:15","modified_gmt":"2025-10-07T16:14:15","slug":"estudiantes-reciben-emotivo-reconocimiento-tras-viaje-huellas-y-mision-con-carisma-providencia","status":"publish","type":"post","link":"http:\/\/laprovidenciaovalle.cl\/colegio\/estudiantes-reciben-emotivo-reconocimiento-tras-viaje-huellas-y-mision-con-carisma-providencia\/","title":{"rendered":"\u00a0Estudiantes reciben emotivo reconocimiento tras viaje \u201cHuellas y Misi\u00f3n con Carisma Providencia\u201d"},"content":{"rendered":"<p>Luego de vivir una experiencia formativa, cultural y misionera en las ciudades de Santiago, Valpara\u00edso y Buin, las estudiantes seleccionadas para el viaje vocacional pedag\u00f3gico \u201cHuellas y Misi\u00f3n con Carisma Providencia\u201d se reunieron el lunes 6 de octubre en el CRA de nuestro colegio para compartir reflexiones y recibir un especial reconocimiento por parte de la comunidad educativa.<\/p>\n<p>La Sra. Miriam Ossand\u00f3n, administradora del establecimiento, entreg\u00f3 palabras de agradecimiento y felicitaciones a las j\u00f3venes por su comportamiento ejemplar durante el viaje, destacando su compa\u00f1erismo, optimismo y responsabilidad. \u201cEs importante que se valore el esfuerzo que hay detr\u00e1s de estas oportunidades, y que se reconozca a quienes, con dedicaci\u00f3n, han logrado ganarse un espacio para vivir esta experiencia \u00fanica\u201d, se\u00f1al\u00f3.<\/p>\n<p>Durante el encuentro, cada estudiante recibi\u00f3 un rosario como obsequio simb\u00f3lico, gesto que representa la protecci\u00f3n y gu\u00eda espiritual del Se\u00f1or y la Virgen en cada paso de su camino vocacional.<\/p>\n<p>Las estudiantes compartieron sus vivencias, recordando con cari\u00f1o los momentos en que pudieron apreciar la naturaleza, convivir con los m\u00e1s peque\u00f1os en jardines infantiles y acompa\u00f1ar a los abuelitos en Valpara\u00edso, como parte de las obras de la Congregaci\u00f3n de las Hermanas de la Providencia.<\/p>\n<p>Jennifer Arancibia Pe\u00f1a, estudiante de 4\u00b0A de la especialidad de Enfermer\u00eda, expres\u00f3: <em>\u201cFue una experiencia muy bonita y enriquecedora. Conoc\u00ed compa\u00f1eras de otras especialidades que se convirtieron en amigas. Lo que m\u00e1s me gust\u00f3 fue la uni\u00f3n y el cari\u00f1o que recibimos, especialmente de la orientadora Paola Araya, quien nos llamaba \u2018sus ni\u00f1as\u2019 y esos detalles nos llenan el coraz\u00f3n. Visitar la casa de las Hermanas en Santiago fue muy especial, un lugar lleno de respeto y paz. A las pr\u00f3ximas generaciones les dir\u00eda que le pongan empe\u00f1o, que siempre se puede avanzar m\u00e1s de lo que uno cree, y que ojal\u00e1 puedan vivir esta linda experiencia.\u201d<\/em><\/p>\n<p>Este encuentro cerr\u00f3 con emoci\u00f3n una etapa significativa del Proyecto de Mejoramiento Educativo (PME), reafirmando el compromiso del colegio con la formaci\u00f3n integral, el carisma Providencia y el acompa\u00f1amiento vocacional de sus estudiantes.<\/p>\n\n\t\t<style type=\"text\/css\">\n\t\t\t#gallery-1 {\n\t\t\t\tmargin: auto;\n\t\t\t}\n\t\t\t#gallery-1 .gallery-item {\n\t\t\t\tfloat: left;\n\t\t\t\tmargin-top: 10px;\n\t\t\t\ttext-align: center;\n\t\t\t\twidth: 33%;\n\t\t\t}\n\t\t\t#gallery-1 img {\n\t\t\t\tborder: 2px solid #cfcfcf;\n\t\t\t}\n\t\t\t#gallery-1 .gallery-caption {\n\t\t\t\tmargin-left: 0;\n\t\t\t}\n\t\t\t\/* see gallery_shortcode() in wp-includes\/media.php *\/\n\t\t<\/style>\n\t\t<div id='gallery-1' class='gallery galleryid-20981 gallery-columns-3 gallery-size-large'><dl class='gallery-item'>\n\t\t\t<dt class='gallery-icon landscape'>\n\t\t\t\t<a href='http:\/\/laprovidenciaovalle.cl\/colegio\/estudiantes-reciben-emotivo-reconocimiento-tras-viaje-huellas-y-mision-con-carisma-providencia\/whatsapp-image-2025-10-07-at-11-28-51\/'><img width=\"1024\" height=\"768\" src=\"http:\/\/laprovidenciaovalle.cl\/colegio\/wp-content\/uploads\/2025\/10\/WhatsApp-Image-2025-10-07-at-11.28.51-1024x768.jpeg\" class=\"attachment-large size-large\" alt=\"\" loading=\"lazy\" srcset=\"http:\/\/laprovidenciaovalle.cl\/colegio\/wp-content\/uploads\/2025\/10\/WhatsApp-Image-2025-10-07-at-11.28.51-1024x768.jpeg 1024w, http:\/\/laprovidenciaovalle.cl\/colegio\/wp-content\/uploads\/2025\/10\/WhatsApp-Image-2025-10-07-at-11.28.51-300x225.jpeg 300w, http:\/\/laprovidenciaovalle.cl\/colegio\/wp-content\/uploads\/2025\/10\/WhatsApp-Image-2025-10-07-at-11.28.51-768x576.jpeg 768w, http:\/\/laprovidenciaovalle.cl\/colegio\/wp-content\/uploads\/2025\/10\/WhatsApp-Image-2025-10-07-at-11.28.51-1536x1152.jpeg 1536w, http:\/\/laprovidenciaovalle.cl\/colegio\/wp-content\/uploads\/2025\/10\/WhatsApp-Image-2025-10-07-at-11.28.51-150x113.jpeg 150w, http:\/\/laprovidenciaovalle.cl\/colegio\/wp-content\/uploads\/2025\/10\/WhatsApp-Image-2025-10-07-at-11.28.51.jpeg 1600w\" sizes=\"(max-width: 1024px) 100vw, 1024px\" \/><\/a>\n\t\t\t<\/dt><\/dl><dl class='gallery-item'>\n\t\t\t<dt class='gallery-icon landscape'>\n\t\t\t\t<a href='http:\/\/laprovidenciaovalle.cl\/colegio\/estudiantes-reciben-emotivo-reconocimiento-tras-viaje-huellas-y-mision-con-carisma-providencia\/whatsapp-image-2025-10-07-at-11-28-53\/'><img width=\"1024\" height=\"768\" src=\"http:\/\/laprovidenciaovalle.cl\/colegio\/wp-content\/uploads\/2025\/10\/WhatsApp-Image-2025-10-07-at-11.28.53-1024x768.jpeg\" class=\"attachment-large size-large\" alt=\"\" loading=\"lazy\" srcset=\"http:\/\/laprovidenciaovalle.cl\/colegio\/wp-content\/uploads\/2025\/10\/WhatsApp-Image-2025-10-07-at-11.28.53-1024x768.jpeg 1024w, http:\/\/laprovidenciaovalle.cl\/colegio\/wp-content\/uploads\/2025\/10\/WhatsApp-Image-2025-10-07-at-11.28.53-300x225.jpeg 300w, http:\/\/laprovidenciaovalle.cl\/colegio\/wp-content\/uploads\/2025\/10\/WhatsApp-Image-2025-10-07-at-11.28.53-768x576.jpeg 768w, http:\/\/laprovidenciaovalle.cl\/colegio\/wp-content\/uploads\/2025\/10\/WhatsApp-Image-2025-10-07-at-11.28.53-1536x1152.jpeg 1536w, http:\/\/laprovidenciaovalle.cl\/colegio\/wp-content\/uploads\/2025\/10\/WhatsApp-Image-2025-10-07-at-11.28.53-150x113.jpeg 150w, http:\/\/laprovidenciaovalle.cl\/colegio\/wp-content\/uploads\/2025\/10\/WhatsApp-Image-2025-10-07-at-11.28.53.jpeg 1600w\" sizes=\"(max-width: 1024px) 100vw, 1024px\" \/><\/a>\n\t\t\t<\/dt><\/dl><dl class='gallery-item'>\n\t\t\t<dt class='gallery-icon landscape'>\n\t\t\t\t<a href='http:\/\/laprovidenciaovalle.cl\/colegio\/estudiantes-reciben-emotivo-reconocimiento-tras-viaje-huellas-y-mision-con-carisma-providencia\/whatsapp-image-2025-10-07-at-11-28-50\/'><img width=\"1024\" height=\"768\" src=\"http:\/\/laprovidenciaovalle.cl\/colegio\/wp-content\/uploads\/2025\/10\/WhatsApp-Image-2025-10-07-at-11.28.50-1024x768.jpeg\" class=\"attachment-large size-large\" alt=\"\" loading=\"lazy\" srcset=\"http:\/\/laprovidenciaovalle.cl\/colegio\/wp-content\/uploads\/2025\/10\/WhatsApp-Image-2025-10-07-at-11.28.50-1024x768.jpeg 1024w, http:\/\/laprovidenciaovalle.cl\/colegio\/wp-content\/uploads\/2025\/10\/WhatsApp-Image-2025-10-07-at-11.28.50-300x225.jpeg 300w, http:\/\/laprovidenciaovalle.cl\/colegio\/wp-content\/uploads\/2025\/10\/WhatsApp-Image-2025-10-07-at-11.28.50-768x576.jpeg 768w, http:\/\/laprovidenciaovalle.cl\/colegio\/wp-content\/uploads\/2025\/10\/WhatsApp-Image-2025-10-07-at-11.28.50-1536x1152.jpeg 1536w, http:\/\/laprovidenciaovalle.cl\/colegio\/wp-content\/uploads\/2025\/10\/WhatsApp-Image-2025-10-07-at-11.28.50-150x113.jpeg 150w, http:\/\/laprovidenciaovalle.cl\/colegio\/wp-content\/uploads\/2025\/10\/WhatsApp-Image-2025-10-07-at-11.28.50.jpeg 1600w\" sizes=\"(max-width: 1024px) 100vw, 1024px\" \/><\/a>\n\t\t\t<\/dt><\/dl><br style=\"clear: both\" \/><dl class='gallery-item'>\n\t\t\t<dt class='gallery-icon landscape'>\n\t\t\t\t<a href='http:\/\/laprovidenciaovalle.cl\/colegio\/estudiantes-reciben-emotivo-reconocimiento-tras-viaje-huellas-y-mision-con-carisma-providencia\/whatsapp-image-2025-10-07-at-11-28-49-1\/'><img width=\"1024\" height=\"768\" src=\"http:\/\/laprovidenciaovalle.cl\/colegio\/wp-content\/uploads\/2025\/10\/WhatsApp-Image-2025-10-07-at-11.28.49-1-1024x768.jpeg\" class=\"attachment-large size-large\" alt=\"\" loading=\"lazy\" srcset=\"http:\/\/laprovidenciaovalle.cl\/colegio\/wp-content\/uploads\/2025\/10\/WhatsApp-Image-2025-10-07-at-11.28.49-1-1024x768.jpeg 1024w, http:\/\/laprovidenciaovalle.cl\/colegio\/wp-content\/uploads\/2025\/10\/WhatsApp-Image-2025-10-07-at-11.28.49-1-300x225.jpeg 300w, http:\/\/laprovidenciaovalle.cl\/colegio\/wp-content\/uploads\/2025\/10\/WhatsApp-Image-2025-10-07-at-11.28.49-1-768x576.jpeg 768w, http:\/\/laprovidenciaovalle.cl\/colegio\/wp-content\/uploads\/2025\/10\/WhatsApp-Image-2025-10-07-at-11.28.49-1-1536x1152.jpeg 1536w, http:\/\/laprovidenciaovalle.cl\/colegio\/wp-content\/uploads\/2025\/10\/WhatsApp-Image-2025-10-07-at-11.28.49-1-150x113.jpeg 150w, http:\/\/laprovidenciaovalle.cl\/colegio\/wp-content\/uploads\/2025\/10\/WhatsApp-Image-2025-10-07-at-11.28.49-1.jpeg 1600w\" sizes=\"(max-width: 1024px) 100vw, 1024px\" \/><\/a>\n\t\t\t<\/dt><\/dl><dl class='gallery-item'>\n\t\t\t<dt class='gallery-icon landscape'>\n\t\t\t\t<a href='http:\/\/laprovidenciaovalle.cl\/colegio\/estudiantes-reciben-emotivo-reconocimiento-tras-viaje-huellas-y-mision-con-carisma-providencia\/whatsapp-image-2025-10-07-at-11-28-49\/'><img width=\"1024\" height=\"768\" src=\"http:\/\/laprovidenciaovalle.cl\/colegio\/wp-content\/uploads\/2025\/10\/WhatsApp-Image-2025-10-07-at-11.28.49-1024x768.jpeg\" class=\"attachment-large size-large\" alt=\"\" loading=\"lazy\" srcset=\"http:\/\/laprovidenciaovalle.cl\/colegio\/wp-content\/uploads\/2025\/10\/WhatsApp-Image-2025-10-07-at-11.28.49-1024x768.jpeg 1024w, http:\/\/laprovidenciaovalle.cl\/colegio\/wp-content\/uploads\/2025\/10\/WhatsApp-Image-2025-10-07-at-11.28.49-300x225.jpeg 300w, http:\/\/laprovidenciaovalle.cl\/colegio\/wp-content\/uploads\/2025\/10\/WhatsApp-Image-2025-10-07-at-11.28.49-768x576.jpeg 768w, http:\/\/laprovidenciaovalle.cl\/colegio\/wp-content\/uploads\/2025\/10\/WhatsApp-Image-2025-10-07-at-11.28.49-1536x1152.jpeg 1536w, http:\/\/laprovidenciaovalle.cl\/colegio\/wp-content\/uploads\/2025\/10\/WhatsApp-Image-2025-10-07-at-11.28.49-150x113.jpeg 150w, http:\/\/laprovidenciaovalle.cl\/colegio\/wp-content\/uploads\/2025\/10\/WhatsApp-Image-2025-10-07-at-11.28.49.jpeg 1600w\" sizes=\"(max-width: 1024px) 100vw, 1024px\" \/><\/a>\n\t\t\t<\/dt><\/dl><dl class='gallery-item'>\n\t\t\t<dt class='gallery-icon landscape'>\n\t\t\t\t<a href='http:\/\/laprovidenciaovalle.cl\/colegio\/estudiantes-reciben-emotivo-reconocimiento-tras-viaje-huellas-y-mision-con-carisma-providencia\/whatsapp-image-2025-10-07-at-11-28-51-1\/'><img width=\"1024\" height=\"768\" src=\"http:\/\/laprovidenciaovalle.cl\/colegio\/wp-content\/uploads\/2025\/10\/WhatsApp-Image-2025-10-07-at-11.28.51-1-1024x768.jpeg\" class=\"attachment-large size-large\" alt=\"\" loading=\"lazy\" srcset=\"http:\/\/laprovidenciaovalle.cl\/colegio\/wp-content\/uploads\/2025\/10\/WhatsApp-Image-2025-10-07-at-11.28.51-1-1024x768.jpeg 1024w, http:\/\/laprovidenciaovalle.cl\/colegio\/wp-content\/uploads\/2025\/10\/WhatsApp-Image-2025-10-07-at-11.28.51-1-300x225.jpeg 300w, http:\/\/laprovidenciaovalle.cl\/colegio\/wp-content\/uploads\/2025\/10\/WhatsApp-Image-2025-10-07-at-11.28.51-1-768x576.jpeg 768w, http:\/\/laprovidenciaovalle.cl\/colegio\/wp-content\/uploads\/2025\/10\/WhatsApp-Image-2025-10-07-at-11.28.51-1-1536x1152.jpeg 1536w, http:\/\/laprovidenciaovalle.cl\/colegio\/wp-content\/uploads\/2025\/10\/WhatsApp-Image-2025-10-07-at-11.28.51-1-150x113.jpeg 150w, http:\/\/laprovidenciaovalle.cl\/colegio\/wp-content\/uploads\/2025\/10\/WhatsApp-Image-2025-10-07-at-11.28.51-1.jpeg 1600w\" sizes=\"(max-width: 1024px) 100vw, 1024px\" \/><\/a>\n\t\t\t<\/dt><\/dl><br style=\"clear: both\" \/><dl class='gallery-item'>\n\t\t\t<dt class='gallery-icon landscape'>\n\t\t\t\t<a href='http:\/\/laprovidenciaovalle.cl\/colegio\/estudiantes-reciben-emotivo-reconocimiento-tras-viaje-huellas-y-mision-con-carisma-providencia\/whatsapp-image-2025-10-03-at-10-27-49-2\/'><img width=\"1024\" height=\"768\" src=\"http:\/\/laprovidenciaovalle.cl\/colegio\/wp-content\/uploads\/2025\/10\/WhatsApp-Image-2025-10-03-at-10.27.49-2-1024x768.jpeg\" class=\"attachment-large size-large\" alt=\"\" loading=\"lazy\" srcset=\"http:\/\/laprovidenciaovalle.cl\/colegio\/wp-content\/uploads\/2025\/10\/WhatsApp-Image-2025-10-03-at-10.27.49-2-1024x768.jpeg 1024w, http:\/\/laprovidenciaovalle.cl\/colegio\/wp-content\/uploads\/2025\/10\/WhatsApp-Image-2025-10-03-at-10.27.49-2-300x225.jpeg 300w, http:\/\/laprovidenciaovalle.cl\/colegio\/wp-content\/uploads\/2025\/10\/WhatsApp-Image-2025-10-03-at-10.27.49-2-768x576.jpeg 768w, http:\/\/laprovidenciaovalle.cl\/colegio\/wp-content\/uploads\/2025\/10\/WhatsApp-Image-2025-10-03-at-10.27.49-2-1536x1152.jpeg 1536w, http:\/\/laprovidenciaovalle.cl\/colegio\/wp-content\/uploads\/2025\/10\/WhatsApp-Image-2025-10-03-at-10.27.49-2-150x113.jpeg 150w, http:\/\/laprovidenciaovalle.cl\/colegio\/wp-content\/uploads\/2025\/10\/WhatsApp-Image-2025-10-03-at-10.27.49-2.jpeg 1600w\" sizes=\"(max-width: 1024px) 100vw, 1024px\" \/><\/a>\n\t\t\t<\/dt><\/dl><dl class='gallery-item'>\n\t\t\t<dt class='gallery-icon landscape'>\n\t\t\t\t<a href='http:\/\/laprovidenciaovalle.cl\/colegio\/estudiantes-reciben-emotivo-reconocimiento-tras-viaje-huellas-y-mision-con-carisma-providencia\/whatsapp-image-2025-10-03-at-10-27-49-1\/'><img width=\"1024\" height=\"768\" src=\"http:\/\/laprovidenciaovalle.cl\/colegio\/wp-content\/uploads\/2025\/10\/WhatsApp-Image-2025-10-03-at-10.27.49-1-1024x768.jpeg\" class=\"attachment-large size-large\" alt=\"\" loading=\"lazy\" srcset=\"http:\/\/laprovidenciaovalle.cl\/colegio\/wp-content\/uploads\/2025\/10\/WhatsApp-Image-2025-10-03-at-10.27.49-1-1024x768.jpeg 1024w, http:\/\/laprovidenciaovalle.cl\/colegio\/wp-content\/uploads\/2025\/10\/WhatsApp-Image-2025-10-03-at-10.27.49-1-300x225.jpeg 300w, http:\/\/laprovidenciaovalle.cl\/colegio\/wp-content\/uploads\/2025\/10\/WhatsApp-Image-2025-10-03-at-10.27.49-1-768x576.jpeg 768w, http:\/\/laprovidenciaovalle.cl\/colegio\/wp-content\/uploads\/2025\/10\/WhatsApp-Image-2025-10-03-at-10.27.49-1-1536x1152.jpeg 1536w, http:\/\/laprovidenciaovalle.cl\/colegio\/wp-content\/uploads\/2025\/10\/WhatsApp-Image-2025-10-03-at-10.27.49-1-150x113.jpeg 150w, http:\/\/laprovidenciaovalle.cl\/colegio\/wp-content\/uploads\/2025\/10\/WhatsApp-Image-2025-10-03-at-10.27.49-1.jpeg 1600w\" sizes=\"(max-width: 1024px) 100vw, 1024px\" \/><\/a>\n\t\t\t<\/dt><\/dl><dl class='gallery-item'>\n\t\t\t<dt class='gallery-icon landscape'>\n\t\t\t\t<a href='http:\/\/laprovidenciaovalle.cl\/colegio\/estudiantes-reciben-emotivo-reconocimiento-tras-viaje-huellas-y-mision-con-carisma-providencia\/whatsapp-image-2025-10-03-at-10-27-49\/'><img width=\"1024\" height=\"768\" src=\"http:\/\/laprovidenciaovalle.cl\/colegio\/wp-content\/uploads\/2025\/10\/WhatsApp-Image-2025-10-03-at-10.27.49-1024x768.jpeg\" class=\"attachment-large size-large\" alt=\"\" loading=\"lazy\" srcset=\"http:\/\/laprovidenciaovalle.cl\/colegio\/wp-content\/uploads\/2025\/10\/WhatsApp-Image-2025-10-03-at-10.27.49-1024x768.jpeg 1024w, http:\/\/laprovidenciaovalle.cl\/colegio\/wp-content\/uploads\/2025\/10\/WhatsApp-Image-2025-10-03-at-10.27.49-300x225.jpeg 300w, http:\/\/laprovidenciaovalle.cl\/colegio\/wp-content\/uploads\/2025\/10\/WhatsApp-Image-2025-10-03-at-10.27.49-768x576.jpeg 768w, http:\/\/laprovidenciaovalle.cl\/colegio\/wp-content\/uploads\/2025\/10\/WhatsApp-Image-2025-10-03-at-10.27.49-1536x1152.jpeg 1536w, http:\/\/laprovidenciaovalle.cl\/colegio\/wp-content\/uploads\/2025\/10\/WhatsApp-Image-2025-10-03-at-10.27.49-150x113.jpeg 150w, http:\/\/laprovidenciaovalle.cl\/colegio\/wp-content\/uploads\/2025\/10\/WhatsApp-Image-2025-10-03-at-10.27.49.jpeg 1600w\" sizes=\"(max-width: 1024px) 100vw, 1024px\" \/><\/a>\n\t\t\t<\/dt><\/dl><br style=\"clear: both\" \/><dl class='gallery-item'>\n\t\t\t<dt class='gallery-icon landscape'>\n\t\t\t\t<a href='http:\/\/laprovidenciaovalle.cl\/colegio\/estudiantes-reciben-emotivo-reconocimiento-tras-viaje-huellas-y-mision-con-carisma-providencia\/whatsapp-image-2025-10-03-at-10-27-48-4\/'><img width=\"1024\" height=\"768\" src=\"http:\/\/laprovidenciaovalle.cl\/colegio\/wp-content\/uploads\/2025\/10\/WhatsApp-Image-2025-10-03-at-10.27.48-4-1024x768.jpeg\" class=\"attachment-large size-large\" alt=\"\" loading=\"lazy\" srcset=\"http:\/\/laprovidenciaovalle.cl\/colegio\/wp-content\/uploads\/2025\/10\/WhatsApp-Image-2025-10-03-at-10.27.48-4-1024x768.jpeg 1024w, http:\/\/laprovidenciaovalle.cl\/colegio\/wp-content\/uploads\/2025\/10\/WhatsApp-Image-2025-10-03-at-10.27.48-4-300x225.jpeg 300w, http:\/\/laprovidenciaovalle.cl\/colegio\/wp-content\/uploads\/2025\/10\/WhatsApp-Image-2025-10-03-at-10.27.48-4-768x576.jpeg 768w, http:\/\/laprovidenciaovalle.cl\/colegio\/wp-content\/uploads\/2025\/10\/WhatsApp-Image-2025-10-03-at-10.27.48-4-1536x1152.jpeg 1536w, http:\/\/laprovidenciaovalle.cl\/colegio\/wp-content\/uploads\/2025\/10\/WhatsApp-Image-2025-10-03-at-10.27.48-4-150x113.jpeg 150w, http:\/\/laprovidenciaovalle.cl\/colegio\/wp-content\/uploads\/2025\/10\/WhatsApp-Image-2025-10-03-at-10.27.48-4.jpeg 1600w\" sizes=\"(max-width: 1024px) 100vw, 1024px\" \/><\/a>\n\t\t\t<\/dt><\/dl><dl class='gallery-item'>\n\t\t\t<dt class='gallery-icon landscape'>\n\t\t\t\t<a href='http:\/\/laprovidenciaovalle.cl\/colegio\/estudiantes-reciben-emotivo-reconocimiento-tras-viaje-huellas-y-mision-con-carisma-providencia\/whatsapp-image-2025-10-03-at-10-27-48-3\/'><img width=\"1024\" height=\"768\" src=\"http:\/\/laprovidenciaovalle.cl\/colegio\/wp-content\/uploads\/2025\/10\/WhatsApp-Image-2025-10-03-at-10.27.48-3-1024x768.jpeg\" class=\"attachment-large size-large\" alt=\"\" loading=\"lazy\" srcset=\"http:\/\/laprovidenciaovalle.cl\/colegio\/wp-content\/uploads\/2025\/10\/WhatsApp-Image-2025-10-03-at-10.27.48-3-1024x768.jpeg 1024w, http:\/\/laprovidenciaovalle.cl\/colegio\/wp-content\/uploads\/2025\/10\/WhatsApp-Image-2025-10-03-at-10.27.48-3-300x225.jpeg 300w, http:\/\/laprovidenciaovalle.cl\/colegio\/wp-content\/uploads\/2025\/10\/WhatsApp-Image-2025-10-03-at-10.27.48-3-768x576.jpeg 768w, http:\/\/laprovidenciaovalle.cl\/colegio\/wp-content\/uploads\/2025\/10\/WhatsApp-Image-2025-10-03-at-10.27.48-3-1536x1152.jpeg 1536w, http:\/\/laprovidenciaovalle.cl\/colegio\/wp-content\/uploads\/2025\/10\/WhatsApp-Image-2025-10-03-at-10.27.48-3-150x113.jpeg 150w, http:\/\/laprovidenciaovalle.cl\/colegio\/wp-content\/uploads\/2025\/10\/WhatsApp-Image-2025-10-03-at-10.27.48-3.jpeg 1600w\" sizes=\"(max-width: 1024px) 100vw, 1024px\" \/><\/a>\n\t\t\t<\/dt><\/dl><dl class='gallery-item'>\n\t\t\t<dt class='gallery-icon landscape'>\n\t\t\t\t<a href='http:\/\/laprovidenciaovalle.cl\/colegio\/estudiantes-reciben-emotivo-reconocimiento-tras-viaje-huellas-y-mision-con-carisma-providencia\/whatsapp-image-2025-10-03-at-10-27-48-1\/'><img width=\"1024\" height=\"768\" src=\"http:\/\/laprovidenciaovalle.cl\/colegio\/wp-content\/uploads\/2025\/10\/WhatsApp-Image-2025-10-03-at-10.27.48-1-1024x768.jpeg\" class=\"attachment-large size-large\" alt=\"\" loading=\"lazy\" srcset=\"http:\/\/laprovidenciaovalle.cl\/colegio\/wp-content\/uploads\/2025\/10\/WhatsApp-Image-2025-10-03-at-10.27.48-1-1024x768.jpeg 1024w, http:\/\/laprovidenciaovalle.cl\/colegio\/wp-content\/uploads\/2025\/10\/WhatsApp-Image-2025-10-03-at-10.27.48-1-300x225.jpeg 300w, http:\/\/laprovidenciaovalle.cl\/colegio\/wp-content\/uploads\/2025\/10\/WhatsApp-Image-2025-10-03-at-10.27.48-1-768x576.jpeg 768w, http:\/\/laprovidenciaovalle.cl\/colegio\/wp-content\/uploads\/2025\/10\/WhatsApp-Image-2025-10-03-at-10.27.48-1-1536x1152.jpeg 1536w, http:\/\/laprovidenciaovalle.cl\/colegio\/wp-content\/uploads\/2025\/10\/WhatsApp-Image-2025-10-03-at-10.27.48-1-150x113.jpeg 150w, http:\/\/laprovidenciaovalle.cl\/colegio\/wp-content\/uploads\/2025\/10\/WhatsApp-Image-2025-10-03-at-10.27.48-1.jpeg 1600w\" sizes=\"(max-width: 1024px) 100vw, 1024px\" \/><\/a>\n\t\t\t<\/dt><\/dl><br style=\"clear: both\" \/><dl class='gallery-item'>\n\t\t\t<dt class='gallery-icon landscape'>\n\t\t\t\t<a href='http:\/\/laprovidenciaovalle.cl\/colegio\/estudiantes-reciben-emotivo-reconocimiento-tras-viaje-huellas-y-mision-con-carisma-providencia\/whatsapp-image-2025-10-03-at-10-27-48\/'><img width=\"1024\" height=\"768\" src=\"http:\/\/laprovidenciaovalle.cl\/colegio\/wp-content\/uploads\/2025\/10\/WhatsApp-Image-2025-10-03-at-10.27.48-1024x768.jpeg\" class=\"attachment-large size-large\" alt=\"\" loading=\"lazy\" srcset=\"http:\/\/laprovidenciaovalle.cl\/colegio\/wp-content\/uploads\/2025\/10\/WhatsApp-Image-2025-10-03-at-10.27.48-1024x768.jpeg 1024w, http:\/\/laprovidenciaovalle.cl\/colegio\/wp-content\/uploads\/2025\/10\/WhatsApp-Image-2025-10-03-at-10.27.48-300x225.jpeg 300w, http:\/\/laprovidenciaovalle.cl\/colegio\/wp-content\/uploads\/2025\/10\/WhatsApp-Image-2025-10-03-at-10.27.48-768x576.jpeg 768w, http:\/\/laprovidenciaovalle.cl\/colegio\/wp-content\/uploads\/2025\/10\/WhatsApp-Image-2025-10-03-at-10.27.48-1536x1152.jpeg 1536w, http:\/\/laprovidenciaovalle.cl\/colegio\/wp-content\/uploads\/2025\/10\/WhatsApp-Image-2025-10-03-at-10.27.48-150x113.jpeg 150w, http:\/\/laprovidenciaovalle.cl\/colegio\/wp-content\/uploads\/2025\/10\/WhatsApp-Image-2025-10-03-at-10.27.48.jpeg 1600w\" sizes=\"(max-width: 1024px) 100vw, 1024px\" \/><\/a>\n\t\t\t<\/dt><\/dl><dl class='gallery-item'>\n\t\t\t<dt class='gallery-icon landscape'>\n\t\t\t\t<a href='http:\/\/laprovidenciaovalle.cl\/colegio\/estudiantes-reciben-emotivo-reconocimiento-tras-viaje-huellas-y-mision-con-carisma-providencia\/whatsapp-image-2025-10-03-at-10-27-47-2\/'><img width=\"1024\" height=\"768\" src=\"http:\/\/laprovidenciaovalle.cl\/colegio\/wp-content\/uploads\/2025\/10\/WhatsApp-Image-2025-10-03-at-10.27.47-2-1024x768.jpeg\" class=\"attachment-large size-large\" alt=\"\" loading=\"lazy\" srcset=\"http:\/\/laprovidenciaovalle.cl\/colegio\/wp-content\/uploads\/2025\/10\/WhatsApp-Image-2025-10-03-at-10.27.47-2-1024x768.jpeg 1024w, http:\/\/laprovidenciaovalle.cl\/colegio\/wp-content\/uploads\/2025\/10\/WhatsApp-Image-2025-10-03-at-10.27.47-2-300x225.jpeg 300w, http:\/\/laprovidenciaovalle.cl\/colegio\/wp-content\/uploads\/2025\/10\/WhatsApp-Image-2025-10-03-at-10.27.47-2-768x576.jpeg 768w, http:\/\/laprovidenciaovalle.cl\/colegio\/wp-content\/uploads\/2025\/10\/WhatsApp-Image-2025-10-03-at-10.27.47-2-1536x1152.jpeg 1536w, http:\/\/laprovidenciaovalle.cl\/colegio\/wp-content\/uploads\/2025\/10\/WhatsApp-Image-2025-10-03-at-10.27.47-2-150x113.jpeg 150w, http:\/\/laprovidenciaovalle.cl\/colegio\/wp-content\/uploads\/2025\/10\/WhatsApp-Image-2025-10-03-at-10.27.47-2.jpeg 1600w\" sizes=\"(max-width: 1024px) 100vw, 1024px\" \/><\/a>\n\t\t\t<\/dt><\/dl><dl class='gallery-item'>\n\t\t\t<dt class='gallery-icon landscape'>\n\t\t\t\t<a href='http:\/\/laprovidenciaovalle.cl\/colegio\/estudiantes-reciben-emotivo-reconocimiento-tras-viaje-huellas-y-mision-con-carisma-providencia\/whatsapp-image-2025-10-03-at-10-27-47-1\/'><img width=\"1024\" height=\"768\" src=\"http:\/\/laprovidenciaovalle.cl\/colegio\/wp-content\/uploads\/2025\/10\/WhatsApp-Image-2025-10-03-at-10.27.47-1-1024x768.jpeg\" class=\"attachment-large size-large\" alt=\"\" loading=\"lazy\" srcset=\"http:\/\/laprovidenciaovalle.cl\/colegio\/wp-content\/uploads\/2025\/10\/WhatsApp-Image-2025-10-03-at-10.27.47-1-1024x768.jpeg 1024w, http:\/\/laprovidenciaovalle.cl\/colegio\/wp-content\/uploads\/2025\/10\/WhatsApp-Image-2025-10-03-at-10.27.47-1-300x225.jpeg 300w, http:\/\/laprovidenciaovalle.cl\/colegio\/wp-content\/uploads\/2025\/10\/WhatsApp-Image-2025-10-03-at-10.27.47-1-768x576.jpeg 768w, http:\/\/laprovidenciaovalle.cl\/colegio\/wp-content\/uploads\/2025\/10\/WhatsApp-Image-2025-10-03-at-10.27.47-1-1536x1152.jpeg 1536w, http:\/\/laprovidenciaovalle.cl\/colegio\/wp-content\/uploads\/2025\/10\/WhatsApp-Image-2025-10-03-at-10.27.47-1-150x113.jpeg 150w, http:\/\/laprovidenciaovalle.cl\/colegio\/wp-content\/uploads\/2025\/10\/WhatsApp-Image-2025-10-03-at-10.27.47-1.jpeg 1600w\" sizes=\"(max-width: 1024px) 100vw, 1024px\" \/><\/a>\n\t\t\t<\/dt><\/dl><br style=\"clear: both\" \/><dl class='gallery-item'>\n\t\t\t<dt class='gallery-icon landscape'>\n\t\t\t\t<a href='http:\/\/laprovidenciaovalle.cl\/colegio\/estudiantes-reciben-emotivo-reconocimiento-tras-viaje-huellas-y-mision-con-carisma-providencia\/whatsapp-image-2025-10-03-at-10-27-47\/'><img width=\"1024\" height=\"768\" src=\"http:\/\/laprovidenciaovalle.cl\/colegio\/wp-content\/uploads\/2025\/10\/WhatsApp-Image-2025-10-03-at-10.27.47-1024x768.jpeg\" class=\"attachment-large size-large\" alt=\"\" loading=\"lazy\" srcset=\"http:\/\/laprovidenciaovalle.cl\/colegio\/wp-content\/uploads\/2025\/10\/WhatsApp-Image-2025-10-03-at-10.27.47-1024x768.jpeg 1024w, http:\/\/laprovidenciaovalle.cl\/colegio\/wp-content\/uploads\/2025\/10\/WhatsApp-Image-2025-10-03-at-10.27.47-300x225.jpeg 300w, http:\/\/laprovidenciaovalle.cl\/colegio\/wp-content\/uploads\/2025\/10\/WhatsApp-Image-2025-10-03-at-10.27.47-768x576.jpeg 768w, http:\/\/laprovidenciaovalle.cl\/colegio\/wp-content\/uploads\/2025\/10\/WhatsApp-Image-2025-10-03-at-10.27.47-1536x1152.jpeg 1536w, http:\/\/laprovidenciaovalle.cl\/colegio\/wp-content\/uploads\/2025\/10\/WhatsApp-Image-2025-10-03-at-10.27.47-150x113.jpeg 150w, http:\/\/laprovidenciaovalle.cl\/colegio\/wp-content\/uploads\/2025\/10\/WhatsApp-Image-2025-10-03-at-10.27.47.jpeg 1600w\" sizes=\"(max-width: 1024px) 100vw, 1024px\" \/><\/a>\n\t\t\t<\/dt><\/dl><dl class='gallery-item'>\n\t\t\t<dt class='gallery-icon landscape'>\n\t\t\t\t<a href='http:\/\/laprovidenciaovalle.cl\/colegio\/estudiantes-reciben-emotivo-reconocimiento-tras-viaje-huellas-y-mision-con-carisma-providencia\/whatsapp-image-2025-10-03-at-10-27-46-3\/'><img width=\"1024\" height=\"768\" src=\"http:\/\/laprovidenciaovalle.cl\/colegio\/wp-content\/uploads\/2025\/10\/WhatsApp-Image-2025-10-03-at-10.27.46-3-1024x768.jpeg\" class=\"attachment-large size-large\" alt=\"\" loading=\"lazy\" srcset=\"http:\/\/laprovidenciaovalle.cl\/colegio\/wp-content\/uploads\/2025\/10\/WhatsApp-Image-2025-10-03-at-10.27.46-3-1024x768.jpeg 1024w, http:\/\/laprovidenciaovalle.cl\/colegio\/wp-content\/uploads\/2025\/10\/WhatsApp-Image-2025-10-03-at-10.27.46-3-300x225.jpeg 300w, http:\/\/laprovidenciaovalle.cl\/colegio\/wp-content\/uploads\/2025\/10\/WhatsApp-Image-2025-10-03-at-10.27.46-3-768x576.jpeg 768w, http:\/\/laprovidenciaovalle.cl\/colegio\/wp-content\/uploads\/2025\/10\/WhatsApp-Image-2025-10-03-at-10.27.46-3-1536x1152.jpeg 1536w, http:\/\/laprovidenciaovalle.cl\/colegio\/wp-content\/uploads\/2025\/10\/WhatsApp-Image-2025-10-03-at-10.27.46-3-150x113.jpeg 150w, http:\/\/laprovidenciaovalle.cl\/colegio\/wp-content\/uploads\/2025\/10\/WhatsApp-Image-2025-10-03-at-10.27.46-3.jpeg 1600w\" sizes=\"(max-width: 1024px) 100vw, 1024px\" \/><\/a>\n\t\t\t<\/dt><\/dl><dl class='gallery-item'>\n\t\t\t<dt class='gallery-icon landscape'>\n\t\t\t\t<a href='http:\/\/laprovidenciaovalle.cl\/colegio\/estudiantes-reciben-emotivo-reconocimiento-tras-viaje-huellas-y-mision-con-carisma-providencia\/whatsapp-image-2025-10-03-at-10-27-46-2\/'><img width=\"1024\" height=\"768\" src=\"http:\/\/laprovidenciaovalle.cl\/colegio\/wp-content\/uploads\/2025\/10\/WhatsApp-Image-2025-10-03-at-10.27.46-2-1024x768.jpeg\" class=\"attachment-large size-large\" alt=\"\" loading=\"lazy\" srcset=\"http:\/\/laprovidenciaovalle.cl\/colegio\/wp-content\/uploads\/2025\/10\/WhatsApp-Image-2025-10-03-at-10.27.46-2-1024x768.jpeg 1024w, http:\/\/laprovidenciaovalle.cl\/colegio\/wp-content\/uploads\/2025\/10\/WhatsApp-Image-2025-10-03-at-10.27.46-2-300x225.jpeg 300w, http:\/\/laprovidenciaovalle.cl\/colegio\/wp-content\/uploads\/2025\/10\/WhatsApp-Image-2025-10-03-at-10.27.46-2-768x576.jpeg 768w, http:\/\/laprovidenciaovalle.cl\/colegio\/wp-content\/uploads\/2025\/10\/WhatsApp-Image-2025-10-03-at-10.27.46-2-1536x1152.jpeg 1536w, http:\/\/laprovidenciaovalle.cl\/colegio\/wp-content\/uploads\/2025\/10\/WhatsApp-Image-2025-10-03-at-10.27.46-2-150x113.jpeg 150w, http:\/\/laprovidenciaovalle.cl\/colegio\/wp-content\/uploads\/2025\/10\/WhatsApp-Image-2025-10-03-at-10.27.46-2.jpeg 1600w\" sizes=\"(max-width: 1024px) 100vw, 1024px\" \/><\/a>\n\t\t\t<\/dt><\/dl><br style=\"clear: both\" \/><dl class='gallery-item'>\n\t\t\t<dt class='gallery-icon landscape'>\n\t\t\t\t<a href='http:\/\/laprovidenciaovalle.cl\/colegio\/estudiantes-reciben-emotivo-reconocimiento-tras-viaje-huellas-y-mision-con-carisma-providencia\/whatsapp-image-2025-10-03-at-10-27-46-1\/'><img width=\"1024\" height=\"768\" src=\"http:\/\/laprovidenciaovalle.cl\/colegio\/wp-content\/uploads\/2025\/10\/WhatsApp-Image-2025-10-03-at-10.27.46-1-1024x768.jpeg\" class=\"attachment-large size-large\" alt=\"\" loading=\"lazy\" srcset=\"http:\/\/laprovidenciaovalle.cl\/colegio\/wp-content\/uploads\/2025\/10\/WhatsApp-Image-2025-10-03-at-10.27.46-1-1024x768.jpeg 1024w, http:\/\/laprovidenciaovalle.cl\/colegio\/wp-content\/uploads\/2025\/10\/WhatsApp-Image-2025-10-03-at-10.27.46-1-300x225.jpeg 300w, http:\/\/laprovidenciaovalle.cl\/colegio\/wp-content\/uploads\/2025\/10\/WhatsApp-Image-2025-10-03-at-10.27.46-1-768x576.jpeg 768w, http:\/\/laprovidenciaovalle.cl\/colegio\/wp-content\/uploads\/2025\/10\/WhatsApp-Image-2025-10-03-at-10.27.46-1-1536x1152.jpeg 1536w, http:\/\/laprovidenciaovalle.cl\/colegio\/wp-content\/uploads\/2025\/10\/WhatsApp-Image-2025-10-03-at-10.27.46-1-150x113.jpeg 150w, http:\/\/laprovidenciaovalle.cl\/colegio\/wp-content\/uploads\/2025\/10\/WhatsApp-Image-2025-10-03-at-10.27.46-1.jpeg 1600w\" sizes=\"(max-width: 1024px) 100vw, 1024px\" \/><\/a>\n\t\t\t<\/dt><\/dl><dl class='gallery-item'>\n\t\t\t<dt class='gallery-icon landscape'>\n\t\t\t\t<a href='http:\/\/laprovidenciaovalle.cl\/colegio\/estudiantes-reciben-emotivo-reconocimiento-tras-viaje-huellas-y-mision-con-carisma-providencia\/whatsapp-image-2025-10-03-at-10-27-46\/'><img width=\"1024\" height=\"768\" src=\"http:\/\/laprovidenciaovalle.cl\/colegio\/wp-content\/uploads\/2025\/10\/WhatsApp-Image-2025-10-03-at-10.27.46-1024x768.jpeg\" class=\"attachment-large size-large\" alt=\"\" loading=\"lazy\" srcset=\"http:\/\/laprovidenciaovalle.cl\/colegio\/wp-content\/uploads\/2025\/10\/WhatsApp-Image-2025-10-03-at-10.27.46-1024x768.jpeg 1024w, http:\/\/laprovidenciaovalle.cl\/colegio\/wp-content\/uploads\/2025\/10\/WhatsApp-Image-2025-10-03-at-10.27.46-300x225.jpeg 300w, http:\/\/laprovidenciaovalle.cl\/colegio\/wp-content\/uploads\/2025\/10\/WhatsApp-Image-2025-10-03-at-10.27.46-768x576.jpeg 768w, http:\/\/laprovidenciaovalle.cl\/colegio\/wp-content\/uploads\/2025\/10\/WhatsApp-Image-2025-10-03-at-10.27.46-1536x1152.jpeg 1536w, http:\/\/laprovidenciaovalle.cl\/colegio\/wp-content\/uploads\/2025\/10\/WhatsApp-Image-2025-10-03-at-10.27.46-150x113.jpeg 150w, http:\/\/laprovidenciaovalle.cl\/colegio\/wp-content\/uploads\/2025\/10\/WhatsApp-Image-2025-10-03-at-10.27.46.jpeg 1600w\" sizes=\"(max-width: 1024px) 100vw, 1024px\" \/><\/a>\n\t\t\t<\/dt><\/dl><dl class='gallery-item'>\n\t\t\t<dt class='gallery-icon landscape'>\n\t\t\t\t<a href='http:\/\/laprovidenciaovalle.cl\/colegio\/estudiantes-reciben-emotivo-reconocimiento-tras-viaje-huellas-y-mision-con-carisma-providencia\/whatsapp-image-2025-10-03-at-10-27-45-3\/'><img width=\"1024\" height=\"768\" src=\"http:\/\/laprovidenciaovalle.cl\/colegio\/wp-content\/uploads\/2025\/10\/WhatsApp-Image-2025-10-03-at-10.27.45-3-1024x768.jpeg\" class=\"attachment-large size-large\" alt=\"\" loading=\"lazy\" srcset=\"http:\/\/laprovidenciaovalle.cl\/colegio\/wp-content\/uploads\/2025\/10\/WhatsApp-Image-2025-10-03-at-10.27.45-3-1024x768.jpeg 1024w, http:\/\/laprovidenciaovalle.cl\/colegio\/wp-content\/uploads\/2025\/10\/WhatsApp-Image-2025-10-03-at-10.27.45-3-300x225.jpeg 300w, http:\/\/laprovidenciaovalle.cl\/colegio\/wp-content\/uploads\/2025\/10\/WhatsApp-Image-2025-10-03-at-10.27.45-3-768x576.jpeg 768w, http:\/\/laprovidenciaovalle.cl\/colegio\/wp-content\/uploads\/2025\/10\/WhatsApp-Image-2025-10-03-at-10.27.45-3-1536x1152.jpeg 1536w, http:\/\/laprovidenciaovalle.cl\/colegio\/wp-content\/uploads\/2025\/10\/WhatsApp-Image-2025-10-03-at-10.27.45-3-150x113.jpeg 150w, http:\/\/laprovidenciaovalle.cl\/colegio\/wp-content\/uploads\/2025\/10\/WhatsApp-Image-2025-10-03-at-10.27.45-3.jpeg 1600w\" sizes=\"(max-width: 1024px) 100vw, 1024px\" \/><\/a>\n\t\t\t<\/dt><\/dl><br style=\"clear: both\" \/><dl class='gallery-item'>\n\t\t\t<dt class='gallery-icon landscape'>\n\t\t\t\t<a href='http:\/\/laprovidenciaovalle.cl\/colegio\/estudiantes-reciben-emotivo-reconocimiento-tras-viaje-huellas-y-mision-con-carisma-providencia\/whatsapp-image-2025-10-03-at-10-27-45-2\/'><img width=\"1024\" height=\"768\" src=\"http:\/\/laprovidenciaovalle.cl\/colegio\/wp-content\/uploads\/2025\/10\/WhatsApp-Image-2025-10-03-at-10.27.45-2-1024x768.jpeg\" class=\"attachment-large size-large\" alt=\"\" loading=\"lazy\" srcset=\"http:\/\/laprovidenciaovalle.cl\/colegio\/wp-content\/uploads\/2025\/10\/WhatsApp-Image-2025-10-03-at-10.27.45-2-1024x768.jpeg 1024w, http:\/\/laprovidenciaovalle.cl\/colegio\/wp-content\/uploads\/2025\/10\/WhatsApp-Image-2025-10-03-at-10.27.45-2-300x225.jpeg 300w, http:\/\/laprovidenciaovalle.cl\/colegio\/wp-content\/uploads\/2025\/10\/WhatsApp-Image-2025-10-03-at-10.27.45-2-768x576.jpeg 768w, http:\/\/laprovidenciaovalle.cl\/colegio\/wp-content\/uploads\/2025\/10\/WhatsApp-Image-2025-10-03-at-10.27.45-2-1536x1152.jpeg 1536w, http:\/\/laprovidenciaovalle.cl\/colegio\/wp-content\/uploads\/2025\/10\/WhatsApp-Image-2025-10-03-at-10.27.45-2-150x113.jpeg 150w, http:\/\/laprovidenciaovalle.cl\/colegio\/wp-content\/uploads\/2025\/10\/WhatsApp-Image-2025-10-03-at-10.27.45-2.jpeg 1600w\" sizes=\"(max-width: 1024px) 100vw, 1024px\" \/><\/a>\n\t\t\t<\/dt><\/dl><dl class='gallery-item'>\n\t\t\t<dt class='gallery-icon landscape'>\n\t\t\t\t<a href='http:\/\/laprovidenciaovalle.cl\/colegio\/estudiantes-reciben-emotivo-reconocimiento-tras-viaje-huellas-y-mision-con-carisma-providencia\/whatsapp-image-2025-10-03-at-10-27-45-1\/'><img width=\"1024\" height=\"768\" src=\"http:\/\/laprovidenciaovalle.cl\/colegio\/wp-content\/uploads\/2025\/10\/WhatsApp-Image-2025-10-03-at-10.27.45-1-1024x768.jpeg\" class=\"attachment-large size-large\" alt=\"\" loading=\"lazy\" srcset=\"http:\/\/laprovidenciaovalle.cl\/colegio\/wp-content\/uploads\/2025\/10\/WhatsApp-Image-2025-10-03-at-10.27.45-1-1024x768.jpeg 1024w, http:\/\/laprovidenciaovalle.cl\/colegio\/wp-content\/uploads\/2025\/10\/WhatsApp-Image-2025-10-03-at-10.27.45-1-300x225.jpeg 300w, http:\/\/laprovidenciaovalle.cl\/colegio\/wp-content\/uploads\/2025\/10\/WhatsApp-Image-2025-10-03-at-10.27.45-1-768x576.jpeg 768w, http:\/\/laprovidenciaovalle.cl\/colegio\/wp-content\/uploads\/2025\/10\/WhatsApp-Image-2025-10-03-at-10.27.45-1-1536x1152.jpeg 1536w, http:\/\/laprovidenciaovalle.cl\/colegio\/wp-content\/uploads\/2025\/10\/WhatsApp-Image-2025-10-03-at-10.27.45-1-150x113.jpeg 150w, http:\/\/laprovidenciaovalle.cl\/colegio\/wp-content\/uploads\/2025\/10\/WhatsApp-Image-2025-10-03-at-10.27.45-1.jpeg 1600w\" sizes=\"(max-width: 1024px) 100vw, 1024px\" \/><\/a>\n\t\t\t<\/dt><\/dl><dl class='gallery-item'>\n\t\t\t<dt class='gallery-icon landscape'>\n\t\t\t\t<a href='http:\/\/laprovidenciaovalle.cl\/colegio\/estudiantes-reciben-emotivo-reconocimiento-tras-viaje-huellas-y-mision-con-carisma-providencia\/whatsapp-image-2025-10-03-at-10-27-45\/'><img width=\"1024\" height=\"768\" src=\"http:\/\/laprovidenciaovalle.cl\/colegio\/wp-content\/uploads\/2025\/10\/WhatsApp-Image-2025-10-03-at-10.27.45-1024x768.jpeg\" class=\"attachment-large size-large\" alt=\"\" loading=\"lazy\" srcset=\"http:\/\/laprovidenciaovalle.cl\/colegio\/wp-content\/uploads\/2025\/10\/WhatsApp-Image-2025-10-03-at-10.27.45-1024x768.jpeg 1024w, http:\/\/laprovidenciaovalle.cl\/colegio\/wp-content\/uploads\/2025\/10\/WhatsApp-Image-2025-10-03-at-10.27.45-300x225.jpeg 300w, http:\/\/laprovidenciaovalle.cl\/colegio\/wp-content\/uploads\/2025\/10\/WhatsApp-Image-2025-10-03-at-10.27.45-768x576.jpeg 768w, http:\/\/laprovidenciaovalle.cl\/colegio\/wp-content\/uploads\/2025\/10\/WhatsApp-Image-2025-10-03-at-10.27.45-1536x1152.jpeg 1536w, http:\/\/laprovidenciaovalle.cl\/colegio\/wp-content\/uploads\/2025\/10\/WhatsApp-Image-2025-10-03-at-10.27.45-150x113.jpeg 150w, http:\/\/laprovidenciaovalle.cl\/colegio\/wp-content\/uploads\/2025\/10\/WhatsApp-Image-2025-10-03-at-10.27.45.jpeg 1600w\" sizes=\"(max-width: 1024px) 100vw, 1024px\" \/><\/a>\n\t\t\t<\/dt><\/dl><br style=\"clear: both\" \/><dl class='gallery-item'>\n\t\t\t<dt class='gallery-icon portrait'>\n\t\t\t\t<a href='http:\/\/laprovidenciaovalle.cl\/colegio\/estudiantes-reciben-emotivo-reconocimiento-tras-viaje-huellas-y-mision-con-carisma-providencia\/whatsapp-image-2025-10-02-at-12-18-27-1\/'><img width=\"768\" height=\"1024\" src=\"http:\/\/laprovidenciaovalle.cl\/colegio\/wp-content\/uploads\/2025\/10\/WhatsApp-Image-2025-10-02-at-12.18.27-1-768x1024.jpeg\" class=\"attachment-large size-large\" alt=\"\" loading=\"lazy\" srcset=\"http:\/\/laprovidenciaovalle.cl\/colegio\/wp-content\/uploads\/2025\/10\/WhatsApp-Image-2025-10-02-at-12.18.27-1-768x1024.jpeg 768w, http:\/\/laprovidenciaovalle.cl\/colegio\/wp-content\/uploads\/2025\/10\/WhatsApp-Image-2025-10-02-at-12.18.27-1-225x300.jpeg 225w, http:\/\/laprovidenciaovalle.cl\/colegio\/wp-content\/uploads\/2025\/10\/WhatsApp-Image-2025-10-02-at-12.18.27-1-1152x1536.jpeg 1152w, http:\/\/laprovidenciaovalle.cl\/colegio\/wp-content\/uploads\/2025\/10\/WhatsApp-Image-2025-10-02-at-12.18.27-1-113x150.jpeg 113w, http:\/\/laprovidenciaovalle.cl\/colegio\/wp-content\/uploads\/2025\/10\/WhatsApp-Image-2025-10-02-at-12.18.27-1.jpeg 1200w\" sizes=\"(max-width: 768px) 100vw, 768px\" \/><\/a>\n\t\t\t<\/dt><\/dl><dl class='gallery-item'>\n\t\t\t<dt class='gallery-icon portrait'>\n\t\t\t\t<a href='http:\/\/laprovidenciaovalle.cl\/colegio\/estudiantes-reciben-emotivo-reconocimiento-tras-viaje-huellas-y-mision-con-carisma-providencia\/whatsapp-image-2025-10-02-at-12-18-27\/'><img width=\"768\" height=\"1024\" src=\"http:\/\/laprovidenciaovalle.cl\/colegio\/wp-content\/uploads\/2025\/10\/WhatsApp-Image-2025-10-02-at-12.18.27-768x1024.jpeg\" class=\"attachment-large size-large\" alt=\"\" loading=\"lazy\" srcset=\"http:\/\/laprovidenciaovalle.cl\/colegio\/wp-content\/uploads\/2025\/10\/WhatsApp-Image-2025-10-02-at-12.18.27-768x1024.jpeg 768w, http:\/\/laprovidenciaovalle.cl\/colegio\/wp-content\/uploads\/2025\/10\/WhatsApp-Image-2025-10-02-at-12.18.27-225x300.jpeg 225w, http:\/\/laprovidenciaovalle.cl\/colegio\/wp-content\/uploads\/2025\/10\/WhatsApp-Image-2025-10-02-at-12.18.27-1152x1536.jpeg 1152w, http:\/\/laprovidenciaovalle.cl\/colegio\/wp-content\/uploads\/2025\/10\/WhatsApp-Image-2025-10-02-at-12.18.27-113x150.jpeg 113w, http:\/\/laprovidenciaovalle.cl\/colegio\/wp-content\/uploads\/2025\/10\/WhatsApp-Image-2025-10-02-at-12.18.27.jpeg 1200w\" sizes=\"(max-width: 768px) 100vw, 768px\" \/><\/a>\n\t\t\t<\/dt><\/dl><dl class='gallery-item'>\n\t\t\t<dt class='gallery-icon landscape'>\n\t\t\t\t<a href='http:\/\/laprovidenciaovalle.cl\/colegio\/estudiantes-reciben-emotivo-reconocimiento-tras-viaje-huellas-y-mision-con-carisma-providencia\/whatsapp-image-2025-10-01-at-17-37-39-1\/'><img width=\"1024\" height=\"768\" src=\"http:\/\/laprovidenciaovalle.cl\/colegio\/wp-content\/uploads\/2025\/10\/WhatsApp-Image-2025-10-01-at-17.37.39-1-1024x768.jpeg\" class=\"attachment-large size-large\" alt=\"\" loading=\"lazy\" srcset=\"http:\/\/laprovidenciaovalle.cl\/colegio\/wp-content\/uploads\/2025\/10\/WhatsApp-Image-2025-10-01-at-17.37.39-1-1024x768.jpeg 1024w, http:\/\/laprovidenciaovalle.cl\/colegio\/wp-content\/uploads\/2025\/10\/WhatsApp-Image-2025-10-01-at-17.37.39-1-300x225.jpeg 300w, http:\/\/laprovidenciaovalle.cl\/colegio\/wp-content\/uploads\/2025\/10\/WhatsApp-Image-2025-10-01-at-17.37.39-1-768x576.jpeg 768w, http:\/\/laprovidenciaovalle.cl\/colegio\/wp-content\/uploads\/2025\/10\/WhatsApp-Image-2025-10-01-at-17.37.39-1-1536x1152.jpeg 1536w, http:\/\/laprovidenciaovalle.cl\/colegio\/wp-content\/uploads\/2025\/10\/WhatsApp-Image-2025-10-01-at-17.37.39-1-150x113.jpeg 150w, http:\/\/laprovidenciaovalle.cl\/colegio\/wp-content\/uploads\/2025\/10\/WhatsApp-Image-2025-10-01-at-17.37.39-1.jpeg 1600w\" sizes=\"(max-width: 1024px) 100vw, 1024px\" \/><\/a>\n\t\t\t<\/dt><\/dl><br style=\"clear: both\" \/><dl class='gallery-item'>\n\t\t\t<dt class='gallery-icon landscape'>\n\t\t\t\t<a href='http:\/\/laprovidenciaovalle.cl\/colegio\/estudiantes-reciben-emotivo-reconocimiento-tras-viaje-huellas-y-mision-con-carisma-providencia\/whatsapp-image-2025-10-01-at-17-37-39\/'><img width=\"1024\" height=\"768\" src=\"http:\/\/laprovidenciaovalle.cl\/colegio\/wp-content\/uploads\/2025\/10\/WhatsApp-Image-2025-10-01-at-17.37.39-1024x768.jpeg\" class=\"attachment-large size-large\" alt=\"\" loading=\"lazy\" srcset=\"http:\/\/laprovidenciaovalle.cl\/colegio\/wp-content\/uploads\/2025\/10\/WhatsApp-Image-2025-10-01-at-17.37.39-1024x768.jpeg 1024w, http:\/\/laprovidenciaovalle.cl\/colegio\/wp-content\/uploads\/2025\/10\/WhatsApp-Image-2025-10-01-at-17.37.39-300x225.jpeg 300w, http:\/\/laprovidenciaovalle.cl\/colegio\/wp-content\/uploads\/2025\/10\/WhatsApp-Image-2025-10-01-at-17.37.39-768x576.jpeg 768w, http:\/\/laprovidenciaovalle.cl\/colegio\/wp-content\/uploads\/2025\/10\/WhatsApp-Image-2025-10-01-at-17.37.39-1536x1152.jpeg 1536w, http:\/\/laprovidenciaovalle.cl\/colegio\/wp-content\/uploads\/2025\/10\/WhatsApp-Image-2025-10-01-at-17.37.39-150x113.jpeg 150w, http:\/\/laprovidenciaovalle.cl\/colegio\/wp-content\/uploads\/2025\/10\/WhatsApp-Image-2025-10-01-at-17.37.39.jpeg 1600w\" sizes=\"(max-width: 1024px) 100vw, 1024px\" \/><\/a>\n\t\t\t<\/dt><\/dl><dl class='gallery-item'>\n\t\t\t<dt class='gallery-icon landscape'>\n\t\t\t\t<a href='http:\/\/laprovidenciaovalle.cl\/colegio\/estudiantes-reciben-emotivo-reconocimiento-tras-viaje-huellas-y-mision-con-carisma-providencia\/whatsapp-image-2025-10-01-at-17-37-38-1\/'><img width=\"1024\" height=\"768\" src=\"http:\/\/laprovidenciaovalle.cl\/colegio\/wp-content\/uploads\/2025\/10\/WhatsApp-Image-2025-10-01-at-17.37.38-1-1024x768.jpeg\" class=\"attachment-large size-large\" alt=\"\" loading=\"lazy\" srcset=\"http:\/\/laprovidenciaovalle.cl\/colegio\/wp-content\/uploads\/2025\/10\/WhatsApp-Image-2025-10-01-at-17.37.38-1-1024x768.jpeg 1024w, http:\/\/laprovidenciaovalle.cl\/colegio\/wp-content\/uploads\/2025\/10\/WhatsApp-Image-2025-10-01-at-17.37.38-1-300x225.jpeg 300w, http:\/\/laprovidenciaovalle.cl\/colegio\/wp-content\/uploads\/2025\/10\/WhatsApp-Image-2025-10-01-at-17.37.38-1-768x576.jpeg 768w, http:\/\/laprovidenciaovalle.cl\/colegio\/wp-content\/uploads\/2025\/10\/WhatsApp-Image-2025-10-01-at-17.37.38-1-1536x1152.jpeg 1536w, http:\/\/laprovidenciaovalle.cl\/colegio\/wp-content\/uploads\/2025\/10\/WhatsApp-Image-2025-10-01-at-17.37.38-1-150x113.jpeg 150w, http:\/\/laprovidenciaovalle.cl\/colegio\/wp-content\/uploads\/2025\/10\/WhatsApp-Image-2025-10-01-at-17.37.38-1.jpeg 1600w\" sizes=\"(max-width: 1024px) 100vw, 1024px\" \/><\/a>\n\t\t\t<\/dt><\/dl><dl class='gallery-item'>\n\t\t\t<dt class='gallery-icon landscape'>\n\t\t\t\t<a href='http:\/\/laprovidenciaovalle.cl\/colegio\/estudiantes-reciben-emotivo-reconocimiento-tras-viaje-huellas-y-mision-con-carisma-providencia\/whatsapp-image-2025-10-01-at-17-37-38\/'><img width=\"1024\" height=\"768\" src=\"http:\/\/laprovidenciaovalle.cl\/colegio\/wp-content\/uploads\/2025\/10\/WhatsApp-Image-2025-10-01-at-17.37.38-1024x768.jpeg\" class=\"attachment-large size-large\" alt=\"\" loading=\"lazy\" srcset=\"http:\/\/laprovidenciaovalle.cl\/colegio\/wp-content\/uploads\/2025\/10\/WhatsApp-Image-2025-10-01-at-17.37.38-1024x768.jpeg 1024w, http:\/\/laprovidenciaovalle.cl\/colegio\/wp-content\/uploads\/2025\/10\/WhatsApp-Image-2025-10-01-at-17.37.38-300x225.jpeg 300w, http:\/\/laprovidenciaovalle.cl\/colegio\/wp-content\/uploads\/2025\/10\/WhatsApp-Image-2025-10-01-at-17.37.38-768x576.jpeg 768w, http:\/\/laprovidenciaovalle.cl\/colegio\/wp-content\/uploads\/2025\/10\/WhatsApp-Image-2025-10-01-at-17.37.38-1536x1152.jpeg 1536w, http:\/\/laprovidenciaovalle.cl\/colegio\/wp-content\/uploads\/2025\/10\/WhatsApp-Image-2025-10-01-at-17.37.38-150x113.jpeg 150w, http:\/\/laprovidenciaovalle.cl\/colegio\/wp-content\/uploads\/2025\/10\/WhatsApp-Image-2025-10-01-at-17.37.38.jpeg 1600w\" sizes=\"(max-width: 1024px) 100vw, 1024px\" \/><\/a>\n\t\t\t<\/dt><\/dl><br style=\"clear: both\" \/><dl class='gallery-item'>\n\t\t\t<dt class='gallery-icon landscape'>\n\t\t\t\t<a href='http:\/\/laprovidenciaovalle.cl\/colegio\/estudiantes-reciben-emotivo-reconocimiento-tras-viaje-huellas-y-mision-con-carisma-providencia\/whatsapp-image-2025-10-01-at-17-37-37-2\/'><img width=\"1024\" height=\"768\" src=\"http:\/\/laprovidenciaovalle.cl\/colegio\/wp-content\/uploads\/2025\/10\/WhatsApp-Image-2025-10-01-at-17.37.37-2-1024x768.jpeg\" class=\"attachment-large size-large\" alt=\"\" loading=\"lazy\" srcset=\"http:\/\/laprovidenciaovalle.cl\/colegio\/wp-content\/uploads\/2025\/10\/WhatsApp-Image-2025-10-01-at-17.37.37-2-1024x768.jpeg 1024w, http:\/\/laprovidenciaovalle.cl\/colegio\/wp-content\/uploads\/2025\/10\/WhatsApp-Image-2025-10-01-at-17.37.37-2-300x225.jpeg 300w, http:\/\/laprovidenciaovalle.cl\/colegio\/wp-content\/uploads\/2025\/10\/WhatsApp-Image-2025-10-01-at-17.37.37-2-768x576.jpeg 768w, http:\/\/laprovidenciaovalle.cl\/colegio\/wp-content\/uploads\/2025\/10\/WhatsApp-Image-2025-10-01-at-17.37.37-2-1536x1152.jpeg 1536w, http:\/\/laprovidenciaovalle.cl\/colegio\/wp-content\/uploads\/2025\/10\/WhatsApp-Image-2025-10-01-at-17.37.37-2-150x113.jpeg 150w, http:\/\/laprovidenciaovalle.cl\/colegio\/wp-content\/uploads\/2025\/10\/WhatsApp-Image-2025-10-01-at-17.37.37-2.jpeg 1600w\" sizes=\"(max-width: 1024px) 100vw, 1024px\" \/><\/a>\n\t\t\t<\/dt><\/dl><dl class='gallery-item'>\n\t\t\t<dt class='gallery-icon landscape'>\n\t\t\t\t<a href='http:\/\/laprovidenciaovalle.cl\/colegio\/estudiantes-reciben-emotivo-reconocimiento-tras-viaje-huellas-y-mision-con-carisma-providencia\/whatsapp-image-2025-10-01-at-17-37-37-1\/'><img width=\"1024\" height=\"768\" src=\"http:\/\/laprovidenciaovalle.cl\/colegio\/wp-content\/uploads\/2025\/10\/WhatsApp-Image-2025-10-01-at-17.37.37-1-1024x768.jpeg\" class=\"attachment-large size-large\" alt=\"\" loading=\"lazy\" srcset=\"http:\/\/laprovidenciaovalle.cl\/colegio\/wp-content\/uploads\/2025\/10\/WhatsApp-Image-2025-10-01-at-17.37.37-1-1024x768.jpeg 1024w, http:\/\/laprovidenciaovalle.cl\/colegio\/wp-content\/uploads\/2025\/10\/WhatsApp-Image-2025-10-01-at-17.37.37-1-300x225.jpeg 300w, http:\/\/laprovidenciaovalle.cl\/colegio\/wp-content\/uploads\/2025\/10\/WhatsApp-Image-2025-10-01-at-17.37.37-1-768x576.jpeg 768w, http:\/\/laprovidenciaovalle.cl\/colegio\/wp-content\/uploads\/2025\/10\/WhatsApp-Image-2025-10-01-at-17.37.37-1-1536x1152.jpeg 1536w, http:\/\/laprovidenciaovalle.cl\/colegio\/wp-content\/uploads\/2025\/10\/WhatsApp-Image-2025-10-01-at-17.37.37-1-150x113.jpeg 150w, http:\/\/laprovidenciaovalle.cl\/colegio\/wp-content\/uploads\/2025\/10\/WhatsApp-Image-2025-10-01-at-17.37.37-1.jpeg 1600w\" sizes=\"(max-width: 1024px) 100vw, 1024px\" \/><\/a>\n\t\t\t<\/dt><\/dl><dl class='gallery-item'>\n\t\t\t<dt class='gallery-icon portrait'>\n\t\t\t\t<a href='http:\/\/laprovidenciaovalle.cl\/colegio\/estudiantes-reciben-emotivo-reconocimiento-tras-viaje-huellas-y-mision-con-carisma-providencia\/whatsapp-image-2025-10-01-at-17-37-37\/'><img width=\"768\" height=\"1024\" src=\"http:\/\/laprovidenciaovalle.cl\/colegio\/wp-content\/uploads\/2025\/10\/WhatsApp-Image-2025-10-01-at-17.37.37-768x1024.jpeg\" class=\"attachment-large size-large\" alt=\"\" loading=\"lazy\" srcset=\"http:\/\/laprovidenciaovalle.cl\/colegio\/wp-content\/uploads\/2025\/10\/WhatsApp-Image-2025-10-01-at-17.37.37-768x1024.jpeg 768w, http:\/\/laprovidenciaovalle.cl\/colegio\/wp-content\/uploads\/2025\/10\/WhatsApp-Image-2025-10-01-at-17.37.37-225x300.jpeg 225w, http:\/\/laprovidenciaovalle.cl\/colegio\/wp-content\/uploads\/2025\/10\/WhatsApp-Image-2025-10-01-at-17.37.37-1152x1536.jpeg 1152w, http:\/\/laprovidenciaovalle.cl\/colegio\/wp-content\/uploads\/2025\/10\/WhatsApp-Image-2025-10-01-at-17.37.37-113x150.jpeg 113w, http:\/\/laprovidenciaovalle.cl\/colegio\/wp-content\/uploads\/2025\/10\/WhatsApp-Image-2025-10-01-at-17.37.37.jpeg 1200w\" sizes=\"(max-width: 768px) 100vw, 768px\" \/><\/a>\n\t\t\t<\/dt><\/dl><br style=\"clear: both\" \/><dl class='gallery-item'>\n\t\t\t<dt class='gallery-icon landscape'>\n\t\t\t\t<a href='http:\/\/laprovidenciaovalle.cl\/colegio\/estudiantes-reciben-emotivo-reconocimiento-tras-viaje-huellas-y-mision-con-carisma-providencia\/whatsapp-image-2025-10-01-at-17-37-36\/'><img width=\"1024\" height=\"768\" src=\"http:\/\/laprovidenciaovalle.cl\/colegio\/wp-content\/uploads\/2025\/10\/WhatsApp-Image-2025-10-01-at-17.37.36-1024x768.jpeg\" class=\"attachment-large size-large\" alt=\"\" loading=\"lazy\" srcset=\"http:\/\/laprovidenciaovalle.cl\/colegio\/wp-content\/uploads\/2025\/10\/WhatsApp-Image-2025-10-01-at-17.37.36-1024x768.jpeg 1024w, http:\/\/laprovidenciaovalle.cl\/colegio\/wp-content\/uploads\/2025\/10\/WhatsApp-Image-2025-10-01-at-17.37.36-300x225.jpeg 300w, http:\/\/laprovidenciaovalle.cl\/colegio\/wp-content\/uploads\/2025\/10\/WhatsApp-Image-2025-10-01-at-17.37.36-768x576.jpeg 768w, http:\/\/laprovidenciaovalle.cl\/colegio\/wp-content\/uploads\/2025\/10\/WhatsApp-Image-2025-10-01-at-17.37.36-1536x1152.jpeg 1536w, http:\/\/laprovidenciaovalle.cl\/colegio\/wp-content\/uploads\/2025\/10\/WhatsApp-Image-2025-10-01-at-17.37.36-150x113.jpeg 150w, http:\/\/laprovidenciaovalle.cl\/colegio\/wp-content\/uploads\/2025\/10\/WhatsApp-Image-2025-10-01-at-17.37.36.jpeg 1600w\" sizes=\"(max-width: 1024px) 100vw, 1024px\" \/><\/a>\n\t\t\t<\/dt><\/dl><dl class='gallery-item'>\n\t\t\t<dt class='gallery-icon landscape'>\n\t\t\t\t<a href='http:\/\/laprovidenciaovalle.cl\/colegio\/estudiantes-reciben-emotivo-reconocimiento-tras-viaje-huellas-y-mision-con-carisma-providencia\/whatsapp-image-2025-10-01-at-15-33-18-1\/'><img width=\"1024\" height=\"768\" src=\"http:\/\/laprovidenciaovalle.cl\/colegio\/wp-content\/uploads\/2025\/10\/WhatsApp-Image-2025-10-01-at-15.33.18-1-1024x768.jpeg\" class=\"attachment-large size-large\" alt=\"\" loading=\"lazy\" srcset=\"http:\/\/laprovidenciaovalle.cl\/colegio\/wp-content\/uploads\/2025\/10\/WhatsApp-Image-2025-10-01-at-15.33.18-1-1024x768.jpeg 1024w, http:\/\/laprovidenciaovalle.cl\/colegio\/wp-content\/uploads\/2025\/10\/WhatsApp-Image-2025-10-01-at-15.33.18-1-300x225.jpeg 300w, http:\/\/laprovidenciaovalle.cl\/colegio\/wp-content\/uploads\/2025\/10\/WhatsApp-Image-2025-10-01-at-15.33.18-1-768x576.jpeg 768w, http:\/\/laprovidenciaovalle.cl\/colegio\/wp-content\/uploads\/2025\/10\/WhatsApp-Image-2025-10-01-at-15.33.18-1-1536x1152.jpeg 1536w, http:\/\/laprovidenciaovalle.cl\/colegio\/wp-content\/uploads\/2025\/10\/WhatsApp-Image-2025-10-01-at-15.33.18-1-150x113.jpeg 150w, http:\/\/laprovidenciaovalle.cl\/colegio\/wp-content\/uploads\/2025\/10\/WhatsApp-Image-2025-10-01-at-15.33.18-1.jpeg 1600w\" sizes=\"(max-width: 1024px) 100vw, 1024px\" \/><\/a>\n\t\t\t<\/dt><\/dl><dl class='gallery-item'>\n\t\t\t<dt class='gallery-icon landscape'>\n\t\t\t\t<a href='http:\/\/laprovidenciaovalle.cl\/colegio\/estudiantes-reciben-emotivo-reconocimiento-tras-viaje-huellas-y-mision-con-carisma-providencia\/whatsapp-image-2025-10-01-at-15-33-18\/'><img width=\"1024\" height=\"768\" src=\"http:\/\/laprovidenciaovalle.cl\/colegio\/wp-content\/uploads\/2025\/10\/WhatsApp-Image-2025-10-01-at-15.33.18-1024x768.jpeg\" class=\"attachment-large size-large\" alt=\"\" loading=\"lazy\" srcset=\"http:\/\/laprovidenciaovalle.cl\/colegio\/wp-content\/uploads\/2025\/10\/WhatsApp-Image-2025-10-01-at-15.33.18-1024x768.jpeg 1024w, http:\/\/laprovidenciaovalle.cl\/colegio\/wp-content\/uploads\/2025\/10\/WhatsApp-Image-2025-10-01-at-15.33.18-300x225.jpeg 300w, http:\/\/laprovidenciaovalle.cl\/colegio\/wp-content\/uploads\/2025\/10\/WhatsApp-Image-2025-10-01-at-15.33.18-768x576.jpeg 768w, http:\/\/laprovidenciaovalle.cl\/colegio\/wp-content\/uploads\/2025\/10\/WhatsApp-Image-2025-10-01-at-15.33.18-1536x1152.jpeg 1536w, http:\/\/laprovidenciaovalle.cl\/colegio\/wp-content\/uploads\/2025\/10\/WhatsApp-Image-2025-10-01-at-15.33.18-150x113.jpeg 150w, http:\/\/laprovidenciaovalle.cl\/colegio\/wp-content\/uploads\/2025\/10\/WhatsApp-Image-2025-10-01-at-15.33.18.jpeg 1600w\" sizes=\"(max-width: 1024px) 100vw, 1024px\" \/><\/a>\n\t\t\t<\/dt><\/dl><br style=\"clear: both\" \/><dl class='gallery-item'>\n\t\t\t<dt class='gallery-icon landscape'>\n\t\t\t\t<a href='http:\/\/laprovidenciaovalle.cl\/colegio\/estudiantes-reciben-emotivo-reconocimiento-tras-viaje-huellas-y-mision-con-carisma-providencia\/whatsapp-image-2025-10-01-at-15-33-17-3\/'><img width=\"1024\" height=\"768\" src=\"http:\/\/laprovidenciaovalle.cl\/colegio\/wp-content\/uploads\/2025\/10\/WhatsApp-Image-2025-10-01-at-15.33.17-3-1024x768.jpeg\" class=\"attachment-large size-large\" alt=\"\" loading=\"lazy\" srcset=\"http:\/\/laprovidenciaovalle.cl\/colegio\/wp-content\/uploads\/2025\/10\/WhatsApp-Image-2025-10-01-at-15.33.17-3-1024x768.jpeg 1024w, http:\/\/laprovidenciaovalle.cl\/colegio\/wp-content\/uploads\/2025\/10\/WhatsApp-Image-2025-10-01-at-15.33.17-3-300x225.jpeg 300w, http:\/\/laprovidenciaovalle.cl\/colegio\/wp-content\/uploads\/2025\/10\/WhatsApp-Image-2025-10-01-at-15.33.17-3-768x576.jpeg 768w, http:\/\/laprovidenciaovalle.cl\/colegio\/wp-content\/uploads\/2025\/10\/WhatsApp-Image-2025-10-01-at-15.33.17-3-1536x1152.jpeg 1536w, http:\/\/laprovidenciaovalle.cl\/colegio\/wp-content\/uploads\/2025\/10\/WhatsApp-Image-2025-10-01-at-15.33.17-3-150x113.jpeg 150w, http:\/\/laprovidenciaovalle.cl\/colegio\/wp-content\/uploads\/2025\/10\/WhatsApp-Image-2025-10-01-at-15.33.17-3.jpeg 1600w\" sizes=\"(max-width: 1024px) 100vw, 1024px\" \/><\/a>\n\t\t\t<\/dt><\/dl><dl class='gallery-item'>\n\t\t\t<dt class='gallery-icon landscape'>\n\t\t\t\t<a href='http:\/\/laprovidenciaovalle.cl\/colegio\/estudiantes-reciben-emotivo-reconocimiento-tras-viaje-huellas-y-mision-con-carisma-providencia\/whatsapp-image-2025-10-01-at-15-33-17-2\/'><img width=\"1024\" height=\"768\" src=\"http:\/\/laprovidenciaovalle.cl\/colegio\/wp-content\/uploads\/2025\/10\/WhatsApp-Image-2025-10-01-at-15.33.17-2-1024x768.jpeg\" class=\"attachment-large size-large\" alt=\"\" loading=\"lazy\" srcset=\"http:\/\/laprovidenciaovalle.cl\/colegio\/wp-content\/uploads\/2025\/10\/WhatsApp-Image-2025-10-01-at-15.33.17-2-1024x768.jpeg 1024w, http:\/\/laprovidenciaovalle.cl\/colegio\/wp-content\/uploads\/2025\/10\/WhatsApp-Image-2025-10-01-at-15.33.17-2-300x225.jpeg 300w, http:\/\/laprovidenciaovalle.cl\/colegio\/wp-content\/uploads\/2025\/10\/WhatsApp-Image-2025-10-01-at-15.33.17-2-768x576.jpeg 768w, http:\/\/laprovidenciaovalle.cl\/colegio\/wp-content\/uploads\/2025\/10\/WhatsApp-Image-2025-10-01-at-15.33.17-2-1536x1152.jpeg 1536w, http:\/\/laprovidenciaovalle.cl\/colegio\/wp-content\/uploads\/2025\/10\/WhatsApp-Image-2025-10-01-at-15.33.17-2-150x113.jpeg 150w, http:\/\/laprovidenciaovalle.cl\/colegio\/wp-content\/uploads\/2025\/10\/WhatsApp-Image-2025-10-01-at-15.33.17-2.jpeg 1600w\" sizes=\"(max-width: 1024px) 100vw, 1024px\" \/><\/a>\n\t\t\t<\/dt><\/dl><dl class='gallery-item'>\n\t\t\t<dt class='gallery-icon landscape'>\n\t\t\t\t<a href='http:\/\/laprovidenciaovalle.cl\/colegio\/estudiantes-reciben-emotivo-reconocimiento-tras-viaje-huellas-y-mision-con-carisma-providencia\/whatsapp-image-2025-10-01-at-15-33-17-1\/'><img width=\"1024\" height=\"768\" src=\"http:\/\/laprovidenciaovalle.cl\/colegio\/wp-content\/uploads\/2025\/10\/WhatsApp-Image-2025-10-01-at-15.33.17-1-1024x768.jpeg\" class=\"attachment-large size-large\" alt=\"\" loading=\"lazy\" srcset=\"http:\/\/laprovidenciaovalle.cl\/colegio\/wp-content\/uploads\/2025\/10\/WhatsApp-Image-2025-10-01-at-15.33.17-1-1024x768.jpeg 1024w, http:\/\/laprovidenciaovalle.cl\/colegio\/wp-content\/uploads\/2025\/10\/WhatsApp-Image-2025-10-01-at-15.33.17-1-300x225.jpeg 300w, http:\/\/laprovidenciaovalle.cl\/colegio\/wp-content\/uploads\/2025\/10\/WhatsApp-Image-2025-10-01-at-15.33.17-1-768x576.jpeg 768w, http:\/\/laprovidenciaovalle.cl\/colegio\/wp-content\/uploads\/2025\/10\/WhatsApp-Image-2025-10-01-at-15.33.17-1-1536x1152.jpeg 1536w, http:\/\/laprovidenciaovalle.cl\/colegio\/wp-content\/uploads\/2025\/10\/WhatsApp-Image-2025-10-01-at-15.33.17-1-150x113.jpeg 150w, http:\/\/laprovidenciaovalle.cl\/colegio\/wp-content\/uploads\/2025\/10\/WhatsApp-Image-2025-10-01-at-15.33.17-1.jpeg 1600w\" sizes=\"(max-width: 1024px) 100vw, 1024px\" \/><\/a>\n\t\t\t<\/dt><\/dl><br style=\"clear: both\" \/><dl class='gallery-item'>\n\t\t\t<dt class='gallery-icon landscape'>\n\t\t\t\t<a href='http:\/\/laprovidenciaovalle.cl\/colegio\/estudiantes-reciben-emotivo-reconocimiento-tras-viaje-huellas-y-mision-con-carisma-providencia\/whatsapp-image-2025-10-01-at-15-33-17\/'><img width=\"1024\" height=\"768\" src=\"http:\/\/laprovidenciaovalle.cl\/colegio\/wp-content\/uploads\/2025\/10\/WhatsApp-Image-2025-10-01-at-15.33.17-1024x768.jpeg\" class=\"attachment-large size-large\" alt=\"\" loading=\"lazy\" srcset=\"http:\/\/laprovidenciaovalle.cl\/colegio\/wp-content\/uploads\/2025\/10\/WhatsApp-Image-2025-10-01-at-15.33.17-1024x768.jpeg 1024w, http:\/\/laprovidenciaovalle.cl\/colegio\/wp-content\/uploads\/2025\/10\/WhatsApp-Image-2025-10-01-at-15.33.17-300x225.jpeg 300w, http:\/\/laprovidenciaovalle.cl\/colegio\/wp-content\/uploads\/2025\/10\/WhatsApp-Image-2025-10-01-at-15.33.17-768x576.jpeg 768w, http:\/\/laprovidenciaovalle.cl\/colegio\/wp-content\/uploads\/2025\/10\/WhatsApp-Image-2025-10-01-at-15.33.17-1536x1152.jpeg 1536w, http:\/\/laprovidenciaovalle.cl\/colegio\/wp-content\/uploads\/2025\/10\/WhatsApp-Image-2025-10-01-at-15.33.17-150x113.jpeg 150w, http:\/\/laprovidenciaovalle.cl\/colegio\/wp-content\/uploads\/2025\/10\/WhatsApp-Image-2025-10-01-at-15.33.17.jpeg 1600w\" sizes=\"(max-width: 1024px) 100vw, 1024px\" \/><\/a>\n\t\t\t<\/dt><\/dl><dl class='gallery-item'>\n\t\t\t<dt class='gallery-icon landscape'>\n\t\t\t\t<a href='http:\/\/laprovidenciaovalle.cl\/colegio\/estudiantes-reciben-emotivo-reconocimiento-tras-viaje-huellas-y-mision-con-carisma-providencia\/whatsapp-image-2025-10-01-at-15-33-16-1\/'><img width=\"1024\" height=\"768\" src=\"http:\/\/laprovidenciaovalle.cl\/colegio\/wp-content\/uploads\/2025\/10\/WhatsApp-Image-2025-10-01-at-15.33.16-1-1024x768.jpeg\" class=\"attachment-large size-large\" alt=\"\" loading=\"lazy\" srcset=\"http:\/\/laprovidenciaovalle.cl\/colegio\/wp-content\/uploads\/2025\/10\/WhatsApp-Image-2025-10-01-at-15.33.16-1-1024x768.jpeg 1024w, http:\/\/laprovidenciaovalle.cl\/colegio\/wp-content\/uploads\/2025\/10\/WhatsApp-Image-2025-10-01-at-15.33.16-1-300x225.jpeg 300w, http:\/\/laprovidenciaovalle.cl\/colegio\/wp-content\/uploads\/2025\/10\/WhatsApp-Image-2025-10-01-at-15.33.16-1-768x576.jpeg 768w, http:\/\/laprovidenciaovalle.cl\/colegio\/wp-content\/uploads\/2025\/10\/WhatsApp-Image-2025-10-01-at-15.33.16-1-1536x1152.jpeg 1536w, http:\/\/laprovidenciaovalle.cl\/colegio\/wp-content\/uploads\/2025\/10\/WhatsApp-Image-2025-10-01-at-15.33.16-1-150x113.jpeg 150w, http:\/\/laprovidenciaovalle.cl\/colegio\/wp-content\/uploads\/2025\/10\/WhatsApp-Image-2025-10-01-at-15.33.16-1.jpeg 1600w\" sizes=\"(max-width: 1024px) 100vw, 1024px\" \/><\/a>\n\t\t\t<\/dt><\/dl><dl class='gallery-item'>\n\t\t\t<dt class='gallery-icon landscape'>\n\t\t\t\t<a href='http:\/\/laprovidenciaovalle.cl\/colegio\/estudiantes-reciben-emotivo-reconocimiento-tras-viaje-huellas-y-mision-con-carisma-providencia\/whatsapp-image-2025-10-01-at-15-33-16\/'><img width=\"1024\" height=\"768\" src=\"http:\/\/laprovidenciaovalle.cl\/colegio\/wp-content\/uploads\/2025\/10\/WhatsApp-Image-2025-10-01-at-15.33.16-1024x768.jpeg\" class=\"attachment-large size-large\" alt=\"\" loading=\"lazy\" srcset=\"http:\/\/laprovidenciaovalle.cl\/colegio\/wp-content\/uploads\/2025\/10\/WhatsApp-Image-2025-10-01-at-15.33.16-1024x768.jpeg 1024w, http:\/\/laprovidenciaovalle.cl\/colegio\/wp-content\/uploads\/2025\/10\/WhatsApp-Image-2025-10-01-at-15.33.16-300x225.jpeg 300w, http:\/\/laprovidenciaovalle.cl\/colegio\/wp-content\/uploads\/2025\/10\/WhatsApp-Image-2025-10-01-at-15.33.16-768x576.jpeg 768w, http:\/\/laprovidenciaovalle.cl\/colegio\/wp-content\/uploads\/2025\/10\/WhatsApp-Image-2025-10-01-at-15.33.16-1536x1152.jpeg 1536w, http:\/\/laprovidenciaovalle.cl\/colegio\/wp-content\/uploads\/2025\/10\/WhatsApp-Image-2025-10-01-at-15.33.16-150x113.jpeg 150w, http:\/\/laprovidenciaovalle.cl\/colegio\/wp-content\/uploads\/2025\/10\/WhatsApp-Image-2025-10-01-at-15.33.16.jpeg 1600w\" sizes=\"(max-width: 1024px) 100vw, 1024px\" \/><\/a>\n\t\t\t<\/dt><\/dl><br style=\"clear: both\" \/><dl class='gallery-item'>\n\t\t\t<dt class='gallery-icon portrait'>\n\t\t\t\t<a href='http:\/\/laprovidenciaovalle.cl\/colegio\/estudiantes-reciben-emotivo-reconocimiento-tras-viaje-huellas-y-mision-con-carisma-providencia\/whatsapp-image-2025-10-03-at-11-01-37\/'><img width=\"576\" height=\"1024\" src=\"http:\/\/laprovidenciaovalle.cl\/colegio\/wp-content\/uploads\/2025\/10\/WhatsApp-Image-2025-10-03-at-11.01.37-576x1024.jpeg\" class=\"attachment-large size-large\" alt=\"\" loading=\"lazy\" srcset=\"http:\/\/laprovidenciaovalle.cl\/colegio\/wp-content\/uploads\/2025\/10\/WhatsApp-Image-2025-10-03-at-11.01.37-576x1024.jpeg 576w, http:\/\/laprovidenciaovalle.cl\/colegio\/wp-content\/uploads\/2025\/10\/WhatsApp-Image-2025-10-03-at-11.01.37-169x300.jpeg 169w, http:\/\/laprovidenciaovalle.cl\/colegio\/wp-content\/uploads\/2025\/10\/WhatsApp-Image-2025-10-03-at-11.01.37-768x1365.jpeg 768w, http:\/\/laprovidenciaovalle.cl\/colegio\/wp-content\/uploads\/2025\/10\/WhatsApp-Image-2025-10-03-at-11.01.37-864x1536.jpeg 864w, http:\/\/laprovidenciaovalle.cl\/colegio\/wp-content\/uploads\/2025\/10\/WhatsApp-Image-2025-10-03-at-11.01.37-84x150.jpeg 84w, http:\/\/laprovidenciaovalle.cl\/colegio\/wp-content\/uploads\/2025\/10\/WhatsApp-Image-2025-10-03-at-11.01.37.jpeg 900w\" sizes=\"(max-width: 576px) 100vw, 576px\" \/><\/a>\n\t\t\t<\/dt><\/dl><dl class='gallery-item'>\n\t\t\t<dt class='gallery-icon landscape'>\n\t\t\t\t<a href='http:\/\/laprovidenciaovalle.cl\/colegio\/estudiantes-reciben-emotivo-reconocimiento-tras-viaje-huellas-y-mision-con-carisma-providencia\/whatsapp-image-2025-10-01-at-15-33-15\/'><img width=\"1024\" height=\"768\" src=\"http:\/\/laprovidenciaovalle.cl\/colegio\/wp-content\/uploads\/2025\/10\/WhatsApp-Image-2025-10-01-at-15.33.15-1024x768.jpeg\" class=\"attachment-large size-large\" alt=\"\" loading=\"lazy\" srcset=\"http:\/\/laprovidenciaovalle.cl\/colegio\/wp-content\/uploads\/2025\/10\/WhatsApp-Image-2025-10-01-at-15.33.15-1024x768.jpeg 1024w, http:\/\/laprovidenciaovalle.cl\/colegio\/wp-content\/uploads\/2025\/10\/WhatsApp-Image-2025-10-01-at-15.33.15-300x225.jpeg 300w, http:\/\/laprovidenciaovalle.cl\/colegio\/wp-content\/uploads\/2025\/10\/WhatsApp-Image-2025-10-01-at-15.33.15-768x576.jpeg 768w, http:\/\/laprovidenciaovalle.cl\/colegio\/wp-content\/uploads\/2025\/10\/WhatsApp-Image-2025-10-01-at-15.33.15-1536x1152.jpeg 1536w, http:\/\/laprovidenciaovalle.cl\/colegio\/wp-content\/uploads\/2025\/10\/WhatsApp-Image-2025-10-01-at-15.33.15-150x113.jpeg 150w, http:\/\/laprovidenciaovalle.cl\/colegio\/wp-content\/uploads\/2025\/10\/WhatsApp-Image-2025-10-01-at-15.33.15.jpeg 1600w\" sizes=\"(max-width: 1024px) 100vw, 1024px\" \/><\/a>\n\t\t\t<\/dt><\/dl><dl class='gallery-item'>\n\t\t\t<dt class='gallery-icon portrait'>\n\t\t\t\t<a href='http:\/\/laprovidenciaovalle.cl\/colegio\/estudiantes-reciben-emotivo-reconocimiento-tras-viaje-huellas-y-mision-con-carisma-providencia\/whatsapp-image-2025-10-03-at-11-00-23\/'><img width=\"768\" height=\"1024\" src=\"http:\/\/laprovidenciaovalle.cl\/colegio\/wp-content\/uploads\/2025\/10\/WhatsApp-Image-2025-10-03-at-11.00.23-768x1024.jpeg\" class=\"attachment-large size-large\" alt=\"\" loading=\"lazy\" srcset=\"http:\/\/laprovidenciaovalle.cl\/colegio\/wp-content\/uploads\/2025\/10\/WhatsApp-Image-2025-10-03-at-11.00.23-768x1024.jpeg 768w, http:\/\/laprovidenciaovalle.cl\/colegio\/wp-content\/uploads\/2025\/10\/WhatsApp-Image-2025-10-03-at-11.00.23-225x300.jpeg 225w, http:\/\/laprovidenciaovalle.cl\/colegio\/wp-content\/uploads\/2025\/10\/WhatsApp-Image-2025-10-03-at-11.00.23-1152x1536.jpeg 1152w, http:\/\/laprovidenciaovalle.cl\/colegio\/wp-content\/uploads\/2025\/10\/WhatsApp-Image-2025-10-03-at-11.00.23-113x150.jpeg 113w, http:\/\/laprovidenciaovalle.cl\/colegio\/wp-content\/uploads\/2025\/10\/WhatsApp-Image-2025-10-03-at-11.00.23.jpeg 1200w\" sizes=\"(max-width: 768px) 100vw, 768px\" \/><\/a>\n\t\t\t<\/dt><\/dl><br style=\"clear: both\" \/><dl class='gallery-item'>\n\t\t\t<dt class='gallery-icon landscape'>\n\t\t\t\t<a href='http:\/\/laprovidenciaovalle.cl\/colegio\/estudiantes-reciben-emotivo-reconocimiento-tras-viaje-huellas-y-mision-con-carisma-providencia\/whatsapp-image-2025-10-03-at-11-00-45\/'><img width=\"1024\" height=\"938\" src=\"http:\/\/laprovidenciaovalle.cl\/colegio\/wp-content\/uploads\/2025\/10\/WhatsApp-Image-2025-10-03-at-11.00.45-1024x938.jpeg\" class=\"attachment-large size-large\" alt=\"\" loading=\"lazy\" srcset=\"http:\/\/laprovidenciaovalle.cl\/colegio\/wp-content\/uploads\/2025\/10\/WhatsApp-Image-2025-10-03-at-11.00.45-1024x938.jpeg 1024w, http:\/\/laprovidenciaovalle.cl\/colegio\/wp-content\/uploads\/2025\/10\/WhatsApp-Image-2025-10-03-at-11.00.45-300x275.jpeg 300w, http:\/\/laprovidenciaovalle.cl\/colegio\/wp-content\/uploads\/2025\/10\/WhatsApp-Image-2025-10-03-at-11.00.45-768x703.jpeg 768w, http:\/\/laprovidenciaovalle.cl\/colegio\/wp-content\/uploads\/2025\/10\/WhatsApp-Image-2025-10-03-at-11.00.45-1536x1406.jpeg 1536w, http:\/\/laprovidenciaovalle.cl\/colegio\/wp-content\/uploads\/2025\/10\/WhatsApp-Image-2025-10-03-at-11.00.45-150x137.jpeg 150w, http:\/\/laprovidenciaovalle.cl\/colegio\/wp-content\/uploads\/2025\/10\/WhatsApp-Image-2025-10-03-at-11.00.45.jpeg 1600w\" sizes=\"(max-width: 1024px) 100vw, 1024px\" \/><\/a>\n\t\t\t<\/dt><\/dl><dl class='gallery-item'>\n\t\t\t<dt class='gallery-icon landscape'>\n\t\t\t\t<a href='http:\/\/laprovidenciaovalle.cl\/colegio\/estudiantes-reciben-emotivo-reconocimiento-tras-viaje-huellas-y-mision-con-carisma-providencia\/whatsapp-image-2025-10-01-at-15-32-16-1\/'><img width=\"1024\" height=\"768\" src=\"http:\/\/laprovidenciaovalle.cl\/colegio\/wp-content\/uploads\/2025\/10\/WhatsApp-Image-2025-10-01-at-15.32.16-1-1024x768.jpeg\" class=\"attachment-large size-large\" alt=\"\" loading=\"lazy\" srcset=\"http:\/\/laprovidenciaovalle.cl\/colegio\/wp-content\/uploads\/2025\/10\/WhatsApp-Image-2025-10-01-at-15.32.16-1-1024x768.jpeg 1024w, http:\/\/laprovidenciaovalle.cl\/colegio\/wp-content\/uploads\/2025\/10\/WhatsApp-Image-2025-10-01-at-15.32.16-1-300x225.jpeg 300w, http:\/\/laprovidenciaovalle.cl\/colegio\/wp-content\/uploads\/2025\/10\/WhatsApp-Image-2025-10-01-at-15.32.16-1-768x576.jpeg 768w, http:\/\/laprovidenciaovalle.cl\/colegio\/wp-content\/uploads\/2025\/10\/WhatsApp-Image-2025-10-01-at-15.32.16-1-1536x1152.jpeg 1536w, http:\/\/laprovidenciaovalle.cl\/colegio\/wp-content\/uploads\/2025\/10\/WhatsApp-Image-2025-10-01-at-15.32.16-1-150x113.jpeg 150w, http:\/\/laprovidenciaovalle.cl\/colegio\/wp-content\/uploads\/2025\/10\/WhatsApp-Image-2025-10-01-at-15.32.16-1.jpeg 1600w\" sizes=\"(max-width: 1024px) 100vw, 1024px\" \/><\/a>\n\t\t\t<\/dt><\/dl><dl class='gallery-item'>\n\t\t\t<dt class='gallery-icon landscape'>\n\t\t\t\t<a href='http:\/\/laprovidenciaovalle.cl\/colegio\/estudiantes-reciben-emotivo-reconocimiento-tras-viaje-huellas-y-mision-con-carisma-providencia\/whatsapp-image-2025-10-01-at-15-32-16\/'><img width=\"1024\" height=\"768\" src=\"http:\/\/laprovidenciaovalle.cl\/colegio\/wp-content\/uploads\/2025\/10\/WhatsApp-Image-2025-10-01-at-15.32.16-1024x768.jpeg\" class=\"attachment-large size-large\" alt=\"\" loading=\"lazy\" srcset=\"http:\/\/laprovidenciaovalle.cl\/colegio\/wp-content\/uploads\/2025\/10\/WhatsApp-Image-2025-10-01-at-15.32.16-1024x768.jpeg 1024w, http:\/\/laprovidenciaovalle.cl\/colegio\/wp-content\/uploads\/2025\/10\/WhatsApp-Image-2025-10-01-at-15.32.16-300x225.jpeg 300w, http:\/\/laprovidenciaovalle.cl\/colegio\/wp-content\/uploads\/2025\/10\/WhatsApp-Image-2025-10-01-at-15.32.16-768x576.jpeg 768w, http:\/\/laprovidenciaovalle.cl\/colegio\/wp-content\/uploads\/2025\/10\/WhatsApp-Image-2025-10-01-at-15.32.16-1536x1152.jpeg 1536w, http:\/\/laprovidenciaovalle.cl\/colegio\/wp-content\/uploads\/2025\/10\/WhatsApp-Image-2025-10-01-at-15.32.16-150x113.jpeg 150w, http:\/\/laprovidenciaovalle.cl\/colegio\/wp-content\/uploads\/2025\/10\/WhatsApp-Image-2025-10-01-at-15.32.16.jpeg 1600w\" sizes=\"(max-width: 1024px) 100vw, 1024px\" \/><\/a>\n\t\t\t<\/dt><\/dl><br style=\"clear: both\" \/><dl class='gallery-item'>\n\t\t\t<dt class='gallery-icon landscape'>\n\t\t\t\t<a href='http:\/\/laprovidenciaovalle.cl\/colegio\/estudiantes-reciben-emotivo-reconocimiento-tras-viaje-huellas-y-mision-con-carisma-providencia\/whatsapp-image-2025-10-01-at-15-31-59-3\/'><img width=\"1024\" height=\"768\" src=\"http:\/\/laprovidenciaovalle.cl\/colegio\/wp-content\/uploads\/2025\/10\/WhatsApp-Image-2025-10-01-at-15.31.59-3-1024x768.jpeg\" class=\"attachment-large size-large\" alt=\"\" loading=\"lazy\" srcset=\"http:\/\/laprovidenciaovalle.cl\/colegio\/wp-content\/uploads\/2025\/10\/WhatsApp-Image-2025-10-01-at-15.31.59-3-1024x768.jpeg 1024w, http:\/\/laprovidenciaovalle.cl\/colegio\/wp-content\/uploads\/2025\/10\/WhatsApp-Image-2025-10-01-at-15.31.59-3-300x225.jpeg 300w, http:\/\/laprovidenciaovalle.cl\/colegio\/wp-content\/uploads\/2025\/10\/WhatsApp-Image-2025-10-01-at-15.31.59-3-768x576.jpeg 768w, http:\/\/laprovidenciaovalle.cl\/colegio\/wp-content\/uploads\/2025\/10\/WhatsApp-Image-2025-10-01-at-15.31.59-3-1536x1152.jpeg 1536w, http:\/\/laprovidenciaovalle.cl\/colegio\/wp-content\/uploads\/2025\/10\/WhatsApp-Image-2025-10-01-at-15.31.59-3-150x113.jpeg 150w, http:\/\/laprovidenciaovalle.cl\/colegio\/wp-content\/uploads\/2025\/10\/WhatsApp-Image-2025-10-01-at-15.31.59-3.jpeg 1600w\" sizes=\"(max-width: 1024px) 100vw, 1024px\" \/><\/a>\n\t\t\t<\/dt><\/dl><dl class='gallery-item'>\n\t\t\t<dt class='gallery-icon landscape'>\n\t\t\t\t<a href='http:\/\/laprovidenciaovalle.cl\/colegio\/estudiantes-reciben-emotivo-reconocimiento-tras-viaje-huellas-y-mision-con-carisma-providencia\/whatsapp-image-2025-10-01-at-15-31-59-2\/'><img width=\"1024\" height=\"768\" src=\"http:\/\/laprovidenciaovalle.cl\/colegio\/wp-content\/uploads\/2025\/10\/WhatsApp-Image-2025-10-01-at-15.31.59-2-1024x768.jpeg\" class=\"attachment-large size-large\" alt=\"\" loading=\"lazy\" srcset=\"http:\/\/laprovidenciaovalle.cl\/colegio\/wp-content\/uploads\/2025\/10\/WhatsApp-Image-2025-10-01-at-15.31.59-2-1024x768.jpeg 1024w, http:\/\/laprovidenciaovalle.cl\/colegio\/wp-content\/uploads\/2025\/10\/WhatsApp-Image-2025-10-01-at-15.31.59-2-300x225.jpeg 300w, http:\/\/laprovidenciaovalle.cl\/colegio\/wp-content\/uploads\/2025\/10\/WhatsApp-Image-2025-10-01-at-15.31.59-2-768x576.jpeg 768w, http:\/\/laprovidenciaovalle.cl\/colegio\/wp-content\/uploads\/2025\/10\/WhatsApp-Image-2025-10-01-at-15.31.59-2-1536x1152.jpeg 1536w, http:\/\/laprovidenciaovalle.cl\/colegio\/wp-content\/uploads\/2025\/10\/WhatsApp-Image-2025-10-01-at-15.31.59-2-150x113.jpeg 150w, http:\/\/laprovidenciaovalle.cl\/colegio\/wp-content\/uploads\/2025\/10\/WhatsApp-Image-2025-10-01-at-15.31.59-2.jpeg 1600w\" sizes=\"(max-width: 1024px) 100vw, 1024px\" \/><\/a>\n\t\t\t<\/dt><\/dl><dl class='gallery-item'>\n\t\t\t<dt class='gallery-icon landscape'>\n\t\t\t\t<a href='http:\/\/laprovidenciaovalle.cl\/colegio\/estudiantes-reciben-emotivo-reconocimiento-tras-viaje-huellas-y-mision-con-carisma-providencia\/whatsapp-image-2025-10-01-at-15-31-59-1\/'><img width=\"1024\" height=\"768\" src=\"http:\/\/laprovidenciaovalle.cl\/colegio\/wp-content\/uploads\/2025\/10\/WhatsApp-Image-2025-10-01-at-15.31.59-1-1024x768.jpeg\" class=\"attachment-large size-large\" alt=\"\" loading=\"lazy\" srcset=\"http:\/\/laprovidenciaovalle.cl\/colegio\/wp-content\/uploads\/2025\/10\/WhatsApp-Image-2025-10-01-at-15.31.59-1-1024x768.jpeg 1024w, http:\/\/laprovidenciaovalle.cl\/colegio\/wp-content\/uploads\/2025\/10\/WhatsApp-Image-2025-10-01-at-15.31.59-1-300x225.jpeg 300w, http:\/\/laprovidenciaovalle.cl\/colegio\/wp-content\/uploads\/2025\/10\/WhatsApp-Image-2025-10-01-at-15.31.59-1-768x576.jpeg 768w, http:\/\/laprovidenciaovalle.cl\/colegio\/wp-content\/uploads\/2025\/10\/WhatsApp-Image-2025-10-01-at-15.31.59-1-1536x1152.jpeg 1536w, http:\/\/laprovidenciaovalle.cl\/colegio\/wp-content\/uploads\/2025\/10\/WhatsApp-Image-2025-10-01-at-15.31.59-1-150x113.jpeg 150w, http:\/\/laprovidenciaovalle.cl\/colegio\/wp-content\/uploads\/2025\/10\/WhatsApp-Image-2025-10-01-at-15.31.59-1.jpeg 1600w\" sizes=\"(max-width: 1024px) 100vw, 1024px\" \/><\/a>\n\t\t\t<\/dt><\/dl><br style=\"clear: both\" \/><dl class='gallery-item'>\n\t\t\t<dt class='gallery-icon portrait'>\n\t\t\t\t<a href='http:\/\/laprovidenciaovalle.cl\/colegio\/estudiantes-reciben-emotivo-reconocimiento-tras-viaje-huellas-y-mision-con-carisma-providencia\/whatsapp-image-2025-10-03-at-11-44-29\/'><img width=\"768\" height=\"1024\" src=\"http:\/\/laprovidenciaovalle.cl\/colegio\/wp-content\/uploads\/2025\/10\/WhatsApp-Image-2025-10-03-at-11.44.29-768x1024.jpeg\" class=\"attachment-large size-large\" alt=\"\" loading=\"lazy\" srcset=\"http:\/\/laprovidenciaovalle.cl\/colegio\/wp-content\/uploads\/2025\/10\/WhatsApp-Image-2025-10-03-at-11.44.29-768x1024.jpeg 768w, http:\/\/laprovidenciaovalle.cl\/colegio\/wp-content\/uploads\/2025\/10\/WhatsApp-Image-2025-10-03-at-11.44.29-225x300.jpeg 225w, http:\/\/laprovidenciaovalle.cl\/colegio\/wp-content\/uploads\/2025\/10\/WhatsApp-Image-2025-10-03-at-11.44.29-1152x1536.jpeg 1152w, http:\/\/laprovidenciaovalle.cl\/colegio\/wp-content\/uploads\/2025\/10\/WhatsApp-Image-2025-10-03-at-11.44.29-113x150.jpeg 113w, http:\/\/laprovidenciaovalle.cl\/colegio\/wp-content\/uploads\/2025\/10\/WhatsApp-Image-2025-10-03-at-11.44.29.jpeg 1200w\" sizes=\"(max-width: 768px) 100vw, 768px\" \/><\/a>\n\t\t\t<\/dt><\/dl><dl class='gallery-item'>\n\t\t\t<dt class='gallery-icon landscape'>\n\t\t\t\t<a href='http:\/\/laprovidenciaovalle.cl\/colegio\/estudiantes-reciben-emotivo-reconocimiento-tras-viaje-huellas-y-mision-con-carisma-providencia\/whatsapp-image-2025-10-01-at-15-31-59\/'><img width=\"1024\" height=\"768\" src=\"http:\/\/laprovidenciaovalle.cl\/colegio\/wp-content\/uploads\/2025\/10\/WhatsApp-Image-2025-10-01-at-15.31.59-1024x768.jpeg\" class=\"attachment-large size-large\" alt=\"\" loading=\"lazy\" srcset=\"http:\/\/laprovidenciaovalle.cl\/colegio\/wp-content\/uploads\/2025\/10\/WhatsApp-Image-2025-10-01-at-15.31.59-1024x768.jpeg 1024w, http:\/\/laprovidenciaovalle.cl\/colegio\/wp-content\/uploads\/2025\/10\/WhatsApp-Image-2025-10-01-at-15.31.59-300x225.jpeg 300w, http:\/\/laprovidenciaovalle.cl\/colegio\/wp-content\/uploads\/2025\/10\/WhatsApp-Image-2025-10-01-at-15.31.59-768x576.jpeg 768w, http:\/\/laprovidenciaovalle.cl\/colegio\/wp-content\/uploads\/2025\/10\/WhatsApp-Image-2025-10-01-at-15.31.59-1536x1152.jpeg 1536w, http:\/\/laprovidenciaovalle.cl\/colegio\/wp-content\/uploads\/2025\/10\/WhatsApp-Image-2025-10-01-at-15.31.59-150x113.jpeg 150w, http:\/\/laprovidenciaovalle.cl\/colegio\/wp-content\/uploads\/2025\/10\/WhatsApp-Image-2025-10-01-at-15.31.59.jpeg 1600w\" sizes=\"(max-width: 1024px) 100vw, 1024px\" \/><\/a>\n\t\t\t<\/dt><\/dl><dl class='gallery-item'>\n\t\t\t<dt class='gallery-icon landscape'>\n\t\t\t\t<a href='http:\/\/laprovidenciaovalle.cl\/colegio\/estudiantes-reciben-emotivo-reconocimiento-tras-viaje-huellas-y-mision-con-carisma-providencia\/whatsapp-image-2025-10-01-at-15-31-58-1\/'><img width=\"1024\" height=\"768\" src=\"http:\/\/laprovidenciaovalle.cl\/colegio\/wp-content\/uploads\/2025\/10\/WhatsApp-Image-2025-10-01-at-15.31.58-1-1024x768.jpeg\" class=\"attachment-large size-large\" alt=\"\" loading=\"lazy\" srcset=\"http:\/\/laprovidenciaovalle.cl\/colegio\/wp-content\/uploads\/2025\/10\/WhatsApp-Image-2025-10-01-at-15.31.58-1-1024x768.jpeg 1024w, http:\/\/laprovidenciaovalle.cl\/colegio\/wp-content\/uploads\/2025\/10\/WhatsApp-Image-2025-10-01-at-15.31.58-1-300x225.jpeg 300w, http:\/\/laprovidenciaovalle.cl\/colegio\/wp-content\/uploads\/2025\/10\/WhatsApp-Image-2025-10-01-at-15.31.58-1-768x576.jpeg 768w, http:\/\/laprovidenciaovalle.cl\/colegio\/wp-content\/uploads\/2025\/10\/WhatsApp-Image-2025-10-01-at-15.31.58-1-1536x1152.jpeg 1536w, http:\/\/laprovidenciaovalle.cl\/colegio\/wp-content\/uploads\/2025\/10\/WhatsApp-Image-2025-10-01-at-15.31.58-1-150x113.jpeg 150w, http:\/\/laprovidenciaovalle.cl\/colegio\/wp-content\/uploads\/2025\/10\/WhatsApp-Image-2025-10-01-at-15.31.58-1.jpeg 1600w\" sizes=\"(max-width: 1024px) 100vw, 1024px\" \/><\/a>\n\t\t\t<\/dt><\/dl><br style=\"clear: both\" \/><dl class='gallery-item'>\n\t\t\t<dt class='gallery-icon landscape'>\n\t\t\t\t<a href='http:\/\/laprovidenciaovalle.cl\/colegio\/estudiantes-reciben-emotivo-reconocimiento-tras-viaje-huellas-y-mision-con-carisma-providencia\/whatsapp-image-2025-10-01-at-15-31-58\/'><img width=\"1024\" height=\"768\" src=\"http:\/\/laprovidenciaovalle.cl\/colegio\/wp-content\/uploads\/2025\/10\/WhatsApp-Image-2025-10-01-at-15.31.58-1024x768.jpeg\" class=\"attachment-large size-large\" alt=\"\" loading=\"lazy\" srcset=\"http:\/\/laprovidenciaovalle.cl\/colegio\/wp-content\/uploads\/2025\/10\/WhatsApp-Image-2025-10-01-at-15.31.58-1024x768.jpeg 1024w, http:\/\/laprovidenciaovalle.cl\/colegio\/wp-content\/uploads\/2025\/10\/WhatsApp-Image-2025-10-01-at-15.31.58-300x225.jpeg 300w, http:\/\/laprovidenciaovalle.cl\/colegio\/wp-content\/uploads\/2025\/10\/WhatsApp-Image-2025-10-01-at-15.31.58-768x576.jpeg 768w, http:\/\/laprovidenciaovalle.cl\/colegio\/wp-content\/uploads\/2025\/10\/WhatsApp-Image-2025-10-01-at-15.31.58-1536x1152.jpeg 1536w, http:\/\/laprovidenciaovalle.cl\/colegio\/wp-content\/uploads\/2025\/10\/WhatsApp-Image-2025-10-01-at-15.31.58-150x113.jpeg 150w, http:\/\/laprovidenciaovalle.cl\/colegio\/wp-content\/uploads\/2025\/10\/WhatsApp-Image-2025-10-01-at-15.31.58.jpeg 1600w\" sizes=\"(max-width: 1024px) 100vw, 1024px\" \/><\/a>\n\t\t\t<\/dt><\/dl><dl class='gallery-item'>\n\t\t\t<dt class='gallery-icon portrait'>\n\t\t\t\t<a href='http:\/\/laprovidenciaovalle.cl\/colegio\/estudiantes-reciben-emotivo-reconocimiento-tras-viaje-huellas-y-mision-con-carisma-providencia\/whatsapp-image-2025-10-01-at-12-57-53\/'><img width=\"768\" height=\"1024\" src=\"http:\/\/laprovidenciaovalle.cl\/colegio\/wp-content\/uploads\/2025\/10\/WhatsApp-Image-2025-10-01-at-12.57.53-768x1024.jpeg\" class=\"attachment-large size-large\" alt=\"\" loading=\"lazy\" srcset=\"http:\/\/laprovidenciaovalle.cl\/colegio\/wp-content\/uploads\/2025\/10\/WhatsApp-Image-2025-10-01-at-12.57.53-768x1024.jpeg 768w, http:\/\/laprovidenciaovalle.cl\/colegio\/wp-content\/uploads\/2025\/10\/WhatsApp-Image-2025-10-01-at-12.57.53-225x300.jpeg 225w, http:\/\/laprovidenciaovalle.cl\/colegio\/wp-content\/uploads\/2025\/10\/WhatsApp-Image-2025-10-01-at-12.57.53-1152x1536.jpeg 1152w, http:\/\/laprovidenciaovalle.cl\/colegio\/wp-content\/uploads\/2025\/10\/WhatsApp-Image-2025-10-01-at-12.57.53-113x150.jpeg 113w, http:\/\/laprovidenciaovalle.cl\/colegio\/wp-content\/uploads\/2025\/10\/WhatsApp-Image-2025-10-01-at-12.57.53.jpeg 1200w\" sizes=\"(max-width: 768px) 100vw, 768px\" \/><\/a>\n\t\t\t<\/dt><\/dl><dl class='gallery-item'>\n\t\t\t<dt class='gallery-icon portrait'>\n\t\t\t\t<a href='http:\/\/laprovidenciaovalle.cl\/colegio\/estudiantes-reciben-emotivo-reconocimiento-tras-viaje-huellas-y-mision-con-carisma-providencia\/whatsapp-image-2025-10-01-at-12-57-40\/'><img width=\"768\" height=\"1024\" src=\"http:\/\/laprovidenciaovalle.cl\/colegio\/wp-content\/uploads\/2025\/10\/WhatsApp-Image-2025-10-01-at-12.57.40-768x1024.jpeg\" class=\"attachment-large size-large\" alt=\"\" loading=\"lazy\" srcset=\"http:\/\/laprovidenciaovalle.cl\/colegio\/wp-content\/uploads\/2025\/10\/WhatsApp-Image-2025-10-01-at-12.57.40-768x1024.jpeg 768w, http:\/\/laprovidenciaovalle.cl\/colegio\/wp-content\/uploads\/2025\/10\/WhatsApp-Image-2025-10-01-at-12.57.40-225x300.jpeg 225w, http:\/\/laprovidenciaovalle.cl\/colegio\/wp-content\/uploads\/2025\/10\/WhatsApp-Image-2025-10-01-at-12.57.40-1152x1536.jpeg 1152w, http:\/\/laprovidenciaovalle.cl\/colegio\/wp-content\/uploads\/2025\/10\/WhatsApp-Image-2025-10-01-at-12.57.40-113x150.jpeg 113w, http:\/\/laprovidenciaovalle.cl\/colegio\/wp-content\/uploads\/2025\/10\/WhatsApp-Image-2025-10-01-at-12.57.40.jpeg 1200w\" sizes=\"(max-width: 768px) 100vw, 768px\" \/><\/a>\n\t\t\t<\/dt><\/dl><br style=\"clear: both\" \/><dl class='gallery-item'>\n\t\t\t<dt class='gallery-icon portrait'>\n\t\t\t\t<a href='http:\/\/laprovidenciaovalle.cl\/colegio\/estudiantes-reciben-emotivo-reconocimiento-tras-viaje-huellas-y-mision-con-carisma-providencia\/whatsapp-image-2025-10-01-at-12-55-31\/'><img width=\"768\" height=\"1024\" src=\"http:\/\/laprovidenciaovalle.cl\/colegio\/wp-content\/uploads\/2025\/10\/WhatsApp-Image-2025-10-01-at-12.55.31-768x1024.jpeg\" class=\"attachment-large size-large\" alt=\"\" loading=\"lazy\" srcset=\"http:\/\/laprovidenciaovalle.cl\/colegio\/wp-content\/uploads\/2025\/10\/WhatsApp-Image-2025-10-01-at-12.55.31-768x1024.jpeg 768w, http:\/\/laprovidenciaovalle.cl\/colegio\/wp-content\/uploads\/2025\/10\/WhatsApp-Image-2025-10-01-at-12.55.31-225x300.jpeg 225w, http:\/\/laprovidenciaovalle.cl\/colegio\/wp-content\/uploads\/2025\/10\/WhatsApp-Image-2025-10-01-at-12.55.31-1152x1536.jpeg 1152w, http:\/\/laprovidenciaovalle.cl\/colegio\/wp-content\/uploads\/2025\/10\/WhatsApp-Image-2025-10-01-at-12.55.31-113x150.jpeg 113w, http:\/\/laprovidenciaovalle.cl\/colegio\/wp-content\/uploads\/2025\/10\/WhatsApp-Image-2025-10-01-at-12.55.31.jpeg 1200w\" sizes=\"(max-width: 768px) 100vw, 768px\" \/><\/a>\n\t\t\t<\/dt><\/dl><dl class='gallery-item'>\n\t\t\t<dt class='gallery-icon landscape'>\n\t\t\t\t<a href='http:\/\/laprovidenciaovalle.cl\/colegio\/estudiantes-reciben-emotivo-reconocimiento-tras-viaje-huellas-y-mision-con-carisma-providencia\/whatsapp-image-2025-10-02-at-09-52-50\/'><img width=\"1024\" height=\"768\" src=\"http:\/\/laprovidenciaovalle.cl\/colegio\/wp-content\/uploads\/2025\/10\/WhatsApp-Image-2025-10-02-at-09.52.50-1024x768.jpeg\" class=\"attachment-large size-large\" alt=\"\" loading=\"lazy\" srcset=\"http:\/\/laprovidenciaovalle.cl\/colegio\/wp-content\/uploads\/2025\/10\/WhatsApp-Image-2025-10-02-at-09.52.50-1024x768.jpeg 1024w, http:\/\/laprovidenciaovalle.cl\/colegio\/wp-content\/uploads\/2025\/10\/WhatsApp-Image-2025-10-02-at-09.52.50-300x225.jpeg 300w, http:\/\/laprovidenciaovalle.cl\/colegio\/wp-content\/uploads\/2025\/10\/WhatsApp-Image-2025-10-02-at-09.52.50-768x576.jpeg 768w, http:\/\/laprovidenciaovalle.cl\/colegio\/wp-content\/uploads\/2025\/10\/WhatsApp-Image-2025-10-02-at-09.52.50-1536x1152.jpeg 1536w, http:\/\/laprovidenciaovalle.cl\/colegio\/wp-content\/uploads\/2025\/10\/WhatsApp-Image-2025-10-02-at-09.52.50-150x113.jpeg 150w, http:\/\/laprovidenciaovalle.cl\/colegio\/wp-content\/uploads\/2025\/10\/WhatsApp-Image-2025-10-02-at-09.52.50.jpeg 1600w\" sizes=\"(max-width: 1024px) 100vw, 1024px\" \/><\/a>\n\t\t\t<\/dt><\/dl><dl class='gallery-item'>\n\t\t\t<dt class='gallery-icon landscape'>\n\t\t\t\t<a href='http:\/\/laprovidenciaovalle.cl\/colegio\/estudiantes-reciben-emotivo-reconocimiento-tras-viaje-huellas-y-mision-con-carisma-providencia\/whatsapp-image-2025-10-02-at-09-51-01\/'><img width=\"1024\" height=\"768\" src=\"http:\/\/laprovidenciaovalle.cl\/colegio\/wp-content\/uploads\/2025\/10\/WhatsApp-Image-2025-10-02-at-09.51.01-1024x768.jpeg\" class=\"attachment-large size-large\" alt=\"\" loading=\"lazy\" srcset=\"http:\/\/laprovidenciaovalle.cl\/colegio\/wp-content\/uploads\/2025\/10\/WhatsApp-Image-2025-10-02-at-09.51.01-1024x768.jpeg 1024w, http:\/\/laprovidenciaovalle.cl\/colegio\/wp-content\/uploads\/2025\/10\/WhatsApp-Image-2025-10-02-at-09.51.01-300x225.jpeg 300w, http:\/\/laprovidenciaovalle.cl\/colegio\/wp-content\/uploads\/2025\/10\/WhatsApp-Image-2025-10-02-at-09.51.01-768x576.jpeg 768w, http:\/\/laprovidenciaovalle.cl\/colegio\/wp-content\/uploads\/2025\/10\/WhatsApp-Image-2025-10-02-at-09.51.01-1536x1152.jpeg 1536w, http:\/\/laprovidenciaovalle.cl\/colegio\/wp-content\/uploads\/2025\/10\/WhatsApp-Image-2025-10-02-at-09.51.01-150x113.jpeg 150w, http:\/\/laprovidenciaovalle.cl\/colegio\/wp-content\/uploads\/2025\/10\/WhatsApp-Image-2025-10-02-at-09.51.01.jpeg 1600w\" sizes=\"(max-width: 1024px) 100vw, 1024px\" \/><\/a>\n\t\t\t<\/dt><\/dl><br style=\"clear: both\" \/><dl class='gallery-item'>\n\t\t\t<dt class='gallery-icon landscape'>\n\t\t\t\t<a href='http:\/\/laprovidenciaovalle.cl\/colegio\/estudiantes-reciben-emotivo-reconocimiento-tras-viaje-huellas-y-mision-con-carisma-providencia\/whatsapp-image-2025-10-02-at-09-51-00-1\/'><img width=\"1024\" height=\"768\" src=\"http:\/\/laprovidenciaovalle.cl\/colegio\/wp-content\/uploads\/2025\/10\/WhatsApp-Image-2025-10-02-at-09.51.00-1-1024x768.jpeg\" class=\"attachment-large size-large\" alt=\"\" loading=\"lazy\" srcset=\"http:\/\/laprovidenciaovalle.cl\/colegio\/wp-content\/uploads\/2025\/10\/WhatsApp-Image-2025-10-02-at-09.51.00-1-1024x768.jpeg 1024w, http:\/\/laprovidenciaovalle.cl\/colegio\/wp-content\/uploads\/2025\/10\/WhatsApp-Image-2025-10-02-at-09.51.00-1-300x225.jpeg 300w, http:\/\/laprovidenciaovalle.cl\/colegio\/wp-content\/uploads\/2025\/10\/WhatsApp-Image-2025-10-02-at-09.51.00-1-768x576.jpeg 768w, http:\/\/laprovidenciaovalle.cl\/colegio\/wp-content\/uploads\/2025\/10\/WhatsApp-Image-2025-10-02-at-09.51.00-1-1536x1152.jpeg 1536w, http:\/\/laprovidenciaovalle.cl\/colegio\/wp-content\/uploads\/2025\/10\/WhatsApp-Image-2025-10-02-at-09.51.00-1-150x113.jpeg 150w, http:\/\/laprovidenciaovalle.cl\/colegio\/wp-content\/uploads\/2025\/10\/WhatsApp-Image-2025-10-02-at-09.51.00-1.jpeg 1600w\" sizes=\"(max-width: 1024px) 100vw, 1024px\" \/><\/a>\n\t\t\t<\/dt><\/dl><dl class='gallery-item'>\n\t\t\t<dt class='gallery-icon portrait'>\n\t\t\t\t<a href='http:\/\/laprovidenciaovalle.cl\/colegio\/estudiantes-reciben-emotivo-reconocimiento-tras-viaje-huellas-y-mision-con-carisma-providencia\/whatsapp-image-2025-10-03-at-11-44-30-2\/'><img width=\"768\" height=\"1024\" src=\"http:\/\/laprovidenciaovalle.cl\/colegio\/wp-content\/uploads\/2025\/10\/WhatsApp-Image-2025-10-03-at-11.44.30-1-768x1024.jpeg\" class=\"attachment-large size-large\" alt=\"\" loading=\"lazy\" srcset=\"http:\/\/laprovidenciaovalle.cl\/colegio\/wp-content\/uploads\/2025\/10\/WhatsApp-Image-2025-10-03-at-11.44.30-1-768x1024.jpeg 768w, http:\/\/laprovidenciaovalle.cl\/colegio\/wp-content\/uploads\/2025\/10\/WhatsApp-Image-2025-10-03-at-11.44.30-1-225x300.jpeg 225w, http:\/\/laprovidenciaovalle.cl\/colegio\/wp-content\/uploads\/2025\/10\/WhatsApp-Image-2025-10-03-at-11.44.30-1-1152x1536.jpeg 1152w, http:\/\/laprovidenciaovalle.cl\/colegio\/wp-content\/uploads\/2025\/10\/WhatsApp-Image-2025-10-03-at-11.44.30-1-113x150.jpeg 113w, http:\/\/laprovidenciaovalle.cl\/colegio\/wp-content\/uploads\/2025\/10\/WhatsApp-Image-2025-10-03-at-11.44.30-1.jpeg 1200w\" sizes=\"(max-width: 768px) 100vw, 768px\" \/><\/a>\n\t\t\t<\/dt><\/dl><dl class='gallery-item'>\n\t\t\t<dt class='gallery-icon portrait'>\n\t\t\t\t<a href='http:\/\/laprovidenciaovalle.cl\/colegio\/estudiantes-reciben-emotivo-reconocimiento-tras-viaje-huellas-y-mision-con-carisma-providencia\/whatsapp-image-2025-10-03-at-11-44-29-1-2\/'><img width=\"768\" height=\"1024\" src=\"http:\/\/laprovidenciaovalle.cl\/colegio\/wp-content\/uploads\/2025\/10\/WhatsApp-Image-2025-10-03-at-11.44.29-1-1-768x1024.jpeg\" class=\"attachment-large size-large\" alt=\"\" loading=\"lazy\" srcset=\"http:\/\/laprovidenciaovalle.cl\/colegio\/wp-content\/uploads\/2025\/10\/WhatsApp-Image-2025-10-03-at-11.44.29-1-1-768x1024.jpeg 768w, http:\/\/laprovidenciaovalle.cl\/colegio\/wp-content\/uploads\/2025\/10\/WhatsApp-Image-2025-10-03-at-11.44.29-1-1-225x300.jpeg 225w, http:\/\/laprovidenciaovalle.cl\/colegio\/wp-content\/uploads\/2025\/10\/WhatsApp-Image-2025-10-03-at-11.44.29-1-1-1152x1536.jpeg 1152w, http:\/\/laprovidenciaovalle.cl\/colegio\/wp-content\/uploads\/2025\/10\/WhatsApp-Image-2025-10-03-at-11.44.29-1-1-113x150.jpeg 113w, http:\/\/laprovidenciaovalle.cl\/colegio\/wp-content\/uploads\/2025\/10\/WhatsApp-Image-2025-10-03-at-11.44.29-1-1.jpeg 1200w\" sizes=\"(max-width: 768px) 100vw, 768px\" \/><\/a>\n\t\t\t<\/dt><\/dl><br style=\"clear: both\" \/><dl class='gallery-item'>\n\t\t\t<dt class='gallery-icon portrait'>\n\t\t\t\t<a href='http:\/\/laprovidenciaovalle.cl\/colegio\/estudiantes-reciben-emotivo-reconocimiento-tras-viaje-huellas-y-mision-con-carisma-providencia\/whatsapp-image-2025-10-03-at-11-44-29-2\/'><img width=\"768\" height=\"1024\" src=\"http:\/\/laprovidenciaovalle.cl\/colegio\/wp-content\/uploads\/2025\/10\/WhatsApp-Image-2025-10-03-at-11.44.29-2-768x1024.jpeg\" class=\"attachment-large size-large\" alt=\"\" loading=\"lazy\" srcset=\"http:\/\/laprovidenciaovalle.cl\/colegio\/wp-content\/uploads\/2025\/10\/WhatsApp-Image-2025-10-03-at-11.44.29-2-768x1024.jpeg 768w, http:\/\/laprovidenciaovalle.cl\/colegio\/wp-content\/uploads\/2025\/10\/WhatsApp-Image-2025-10-03-at-11.44.29-2-225x300.jpeg 225w, http:\/\/laprovidenciaovalle.cl\/colegio\/wp-content\/uploads\/2025\/10\/WhatsApp-Image-2025-10-03-at-11.44.29-2-1152x1536.jpeg 1152w, http:\/\/laprovidenciaovalle.cl\/colegio\/wp-content\/uploads\/2025\/10\/WhatsApp-Image-2025-10-03-at-11.44.29-2-113x150.jpeg 113w, http:\/\/laprovidenciaovalle.cl\/colegio\/wp-content\/uploads\/2025\/10\/WhatsApp-Image-2025-10-03-at-11.44.29-2.jpeg 1200w\" sizes=\"(max-width: 768px) 100vw, 768px\" \/><\/a>\n\t\t\t<\/dt><\/dl><dl class='gallery-item'>\n\t\t\t<dt class='gallery-icon portrait'>\n\t\t\t\t<a href='http:\/\/laprovidenciaovalle.cl\/colegio\/estudiantes-reciben-emotivo-reconocimiento-tras-viaje-huellas-y-mision-con-carisma-providencia\/whatsapp-image-2025-10-03-at-11-01-37-2\/'><img width=\"576\" height=\"1024\" src=\"http:\/\/laprovidenciaovalle.cl\/colegio\/wp-content\/uploads\/2025\/10\/WhatsApp-Image-2025-10-03-at-11.01.37-1-576x1024.jpeg\" class=\"attachment-large size-large\" alt=\"\" loading=\"lazy\" srcset=\"http:\/\/laprovidenciaovalle.cl\/colegio\/wp-content\/uploads\/2025\/10\/WhatsApp-Image-2025-10-03-at-11.01.37-1-576x1024.jpeg 576w, http:\/\/laprovidenciaovalle.cl\/colegio\/wp-content\/uploads\/2025\/10\/WhatsApp-Image-2025-10-03-at-11.01.37-1-169x300.jpeg 169w, http:\/\/laprovidenciaovalle.cl\/colegio\/wp-content\/uploads\/2025\/10\/WhatsApp-Image-2025-10-03-at-11.01.37-1-768x1365.jpeg 768w, http:\/\/laprovidenciaovalle.cl\/colegio\/wp-content\/uploads\/2025\/10\/WhatsApp-Image-2025-10-03-at-11.01.37-1-864x1536.jpeg 864w, http:\/\/laprovidenciaovalle.cl\/colegio\/wp-content\/uploads\/2025\/10\/WhatsApp-Image-2025-10-03-at-11.01.37-1-84x150.jpeg 84w, http:\/\/laprovidenciaovalle.cl\/colegio\/wp-content\/uploads\/2025\/10\/WhatsApp-Image-2025-10-03-at-11.01.37-1.jpeg 900w\" sizes=\"(max-width: 576px) 100vw, 576px\" \/><\/a>\n\t\t\t<\/dt><\/dl><dl class='gallery-item'>\n\t\t\t<dt class='gallery-icon landscape'>\n\t\t\t\t<a href='http:\/\/laprovidenciaovalle.cl\/colegio\/estudiantes-reciben-emotivo-reconocimiento-tras-viaje-huellas-y-mision-con-carisma-providencia\/whatsapp-image-2025-10-03-at-11-00-45-2\/'><img width=\"1024\" height=\"938\" src=\"http:\/\/laprovidenciaovalle.cl\/colegio\/wp-content\/uploads\/2025\/10\/WhatsApp-Image-2025-10-03-at-11.00.45-1-1024x938.jpeg\" class=\"attachment-large size-large\" alt=\"\" loading=\"lazy\" srcset=\"http:\/\/laprovidenciaovalle.cl\/colegio\/wp-content\/uploads\/2025\/10\/WhatsApp-Image-2025-10-03-at-11.00.45-1-1024x938.jpeg 1024w, http:\/\/laprovidenciaovalle.cl\/colegio\/wp-content\/uploads\/2025\/10\/WhatsApp-Image-2025-10-03-at-11.00.45-1-300x275.jpeg 300w, http:\/\/laprovidenciaovalle.cl\/colegio\/wp-content\/uploads\/2025\/10\/WhatsApp-Image-2025-10-03-at-11.00.45-1-768x703.jpeg 768w, http:\/\/laprovidenciaovalle.cl\/colegio\/wp-content\/uploads\/2025\/10\/WhatsApp-Image-2025-10-03-at-11.00.45-1-1536x1406.jpeg 1536w, http:\/\/laprovidenciaovalle.cl\/colegio\/wp-content\/uploads\/2025\/10\/WhatsApp-Image-2025-10-03-at-11.00.45-1-150x137.jpeg 150w, http:\/\/laprovidenciaovalle.cl\/colegio\/wp-content\/uploads\/2025\/10\/WhatsApp-Image-2025-10-03-at-11.00.45-1.jpeg 1600w\" sizes=\"(max-width: 1024px) 100vw, 1024px\" \/><\/a>\n\t\t\t<\/dt><\/dl><br style=\"clear: both\" \/><dl class='gallery-item'>\n\t\t\t<dt class='gallery-icon portrait'>\n\t\t\t\t<a href='http:\/\/laprovidenciaovalle.cl\/colegio\/estudiantes-reciben-emotivo-reconocimiento-tras-viaje-huellas-y-mision-con-carisma-providencia\/whatsapp-image-2025-10-03-at-11-00-23-2\/'><img width=\"768\" height=\"1024\" src=\"http:\/\/laprovidenciaovalle.cl\/colegio\/wp-content\/uploads\/2025\/10\/WhatsApp-Image-2025-10-03-at-11.00.23-1-768x1024.jpeg\" class=\"attachment-large size-large\" alt=\"\" loading=\"lazy\" srcset=\"http:\/\/laprovidenciaovalle.cl\/colegio\/wp-content\/uploads\/2025\/10\/WhatsApp-Image-2025-10-03-at-11.00.23-1-768x1024.jpeg 768w, http:\/\/laprovidenciaovalle.cl\/colegio\/wp-content\/uploads\/2025\/10\/WhatsApp-Image-2025-10-03-at-11.00.23-1-225x300.jpeg 225w, http:\/\/laprovidenciaovalle.cl\/colegio\/wp-content\/uploads\/2025\/10\/WhatsApp-Image-2025-10-03-at-11.00.23-1-1152x1536.jpeg 1152w, http:\/\/laprovidenciaovalle.cl\/colegio\/wp-content\/uploads\/2025\/10\/WhatsApp-Image-2025-10-03-at-11.00.23-1-113x150.jpeg 113w, http:\/\/laprovidenciaovalle.cl\/colegio\/wp-content\/uploads\/2025\/10\/WhatsApp-Image-2025-10-03-at-11.00.23-1.jpeg 1200w\" sizes=\"(max-width: 768px) 100vw, 768px\" \/><\/a>\n\t\t\t<\/dt><\/dl><dl class='gallery-item'>\n\t\t\t<dt class='gallery-icon landscape'>\n\t\t\t\t<a href='http:\/\/laprovidenciaovalle.cl\/colegio\/estudiantes-reciben-emotivo-reconocimiento-tras-viaje-huellas-y-mision-con-carisma-providencia\/whatsapp-image-2025-10-03-at-10-27-49-2-2\/'><img width=\"1024\" height=\"768\" src=\"http:\/\/laprovidenciaovalle.cl\/colegio\/wp-content\/uploads\/2025\/10\/WhatsApp-Image-2025-10-03-at-10.27.49-2-1-1024x768.jpeg\" class=\"attachment-large size-large\" alt=\"\" loading=\"lazy\" srcset=\"http:\/\/laprovidenciaovalle.cl\/colegio\/wp-content\/uploads\/2025\/10\/WhatsApp-Image-2025-10-03-at-10.27.49-2-1-1024x768.jpeg 1024w, http:\/\/laprovidenciaovalle.cl\/colegio\/wp-content\/uploads\/2025\/10\/WhatsApp-Image-2025-10-03-at-10.27.49-2-1-300x225.jpeg 300w, http:\/\/laprovidenciaovalle.cl\/colegio\/wp-content\/uploads\/2025\/10\/WhatsApp-Image-2025-10-03-at-10.27.49-2-1-768x576.jpeg 768w, http:\/\/laprovidenciaovalle.cl\/colegio\/wp-content\/uploads\/2025\/10\/WhatsApp-Image-2025-10-03-at-10.27.49-2-1-1536x1152.jpeg 1536w, http:\/\/laprovidenciaovalle.cl\/colegio\/wp-content\/uploads\/2025\/10\/WhatsApp-Image-2025-10-03-at-10.27.49-2-1-150x113.jpeg 150w, http:\/\/laprovidenciaovalle.cl\/colegio\/wp-content\/uploads\/2025\/10\/WhatsApp-Image-2025-10-03-at-10.27.49-2-1.jpeg 1600w\" sizes=\"(max-width: 1024px) 100vw, 1024px\" \/><\/a>\n\t\t\t<\/dt><\/dl><dl class='gallery-item'>\n\t\t\t<dt class='gallery-icon landscape'>\n\t\t\t\t<a href='http:\/\/laprovidenciaovalle.cl\/colegio\/estudiantes-reciben-emotivo-reconocimiento-tras-viaje-huellas-y-mision-con-carisma-providencia\/whatsapp-image-2025-10-03-at-10-27-49-1-2\/'><img width=\"1024\" height=\"768\" src=\"http:\/\/laprovidenciaovalle.cl\/colegio\/wp-content\/uploads\/2025\/10\/WhatsApp-Image-2025-10-03-at-10.27.49-1-1-1024x768.jpeg\" class=\"attachment-large size-large\" alt=\"\" loading=\"lazy\" srcset=\"http:\/\/laprovidenciaovalle.cl\/colegio\/wp-content\/uploads\/2025\/10\/WhatsApp-Image-2025-10-03-at-10.27.49-1-1-1024x768.jpeg 1024w, http:\/\/laprovidenciaovalle.cl\/colegio\/wp-content\/uploads\/2025\/10\/WhatsApp-Image-2025-10-03-at-10.27.49-1-1-300x225.jpeg 300w, http:\/\/laprovidenciaovalle.cl\/colegio\/wp-content\/uploads\/2025\/10\/WhatsApp-Image-2025-10-03-at-10.27.49-1-1-768x576.jpeg 768w, http:\/\/laprovidenciaovalle.cl\/colegio\/wp-content\/uploads\/2025\/10\/WhatsApp-Image-2025-10-03-at-10.27.49-1-1-1536x1152.jpeg 1536w, http:\/\/laprovidenciaovalle.cl\/colegio\/wp-content\/uploads\/2025\/10\/WhatsApp-Image-2025-10-03-at-10.27.49-1-1-150x113.jpeg 150w, http:\/\/laprovidenciaovalle.cl\/colegio\/wp-content\/uploads\/2025\/10\/WhatsApp-Image-2025-10-03-at-10.27.49-1-1.jpeg 1600w\" sizes=\"(max-width: 1024px) 100vw, 1024px\" \/><\/a>\n\t\t\t<\/dt><\/dl><br style=\"clear: both\" \/><dl class='gallery-item'>\n\t\t\t<dt class='gallery-icon landscape'>\n\t\t\t\t<a href='http:\/\/laprovidenciaovalle.cl\/colegio\/estudiantes-reciben-emotivo-reconocimiento-tras-viaje-huellas-y-mision-con-carisma-providencia\/whatsapp-image-2025-10-03-at-10-27-49-3\/'><img width=\"1024\" height=\"768\" src=\"http:\/\/laprovidenciaovalle.cl\/colegio\/wp-content\/uploads\/2025\/10\/WhatsApp-Image-2025-10-03-at-10.27.49-3-1024x768.jpeg\" class=\"attachment-large size-large\" alt=\"\" loading=\"lazy\" srcset=\"http:\/\/laprovidenciaovalle.cl\/colegio\/wp-content\/uploads\/2025\/10\/WhatsApp-Image-2025-10-03-at-10.27.49-3-1024x768.jpeg 1024w, http:\/\/laprovidenciaovalle.cl\/colegio\/wp-content\/uploads\/2025\/10\/WhatsApp-Image-2025-10-03-at-10.27.49-3-300x225.jpeg 300w, http:\/\/laprovidenciaovalle.cl\/colegio\/wp-content\/uploads\/2025\/10\/WhatsApp-Image-2025-10-03-at-10.27.49-3-768x576.jpeg 768w, http:\/\/laprovidenciaovalle.cl\/colegio\/wp-content\/uploads\/2025\/10\/WhatsApp-Image-2025-10-03-at-10.27.49-3-1536x1152.jpeg 1536w, http:\/\/laprovidenciaovalle.cl\/colegio\/wp-content\/uploads\/2025\/10\/WhatsApp-Image-2025-10-03-at-10.27.49-3-150x113.jpeg 150w, http:\/\/laprovidenciaovalle.cl\/colegio\/wp-content\/uploads\/2025\/10\/WhatsApp-Image-2025-10-03-at-10.27.49-3.jpeg 1600w\" sizes=\"(max-width: 1024px) 100vw, 1024px\" \/><\/a>\n\t\t\t<\/dt><\/dl><dl class='gallery-item'>\n\t\t\t<dt class='gallery-icon landscape'>\n\t\t\t\t<a href='http:\/\/laprovidenciaovalle.cl\/colegio\/estudiantes-reciben-emotivo-reconocimiento-tras-viaje-huellas-y-mision-con-carisma-providencia\/whatsapp-image-2025-10-03-at-10-27-48-4-2\/'><img width=\"1024\" height=\"768\" src=\"http:\/\/laprovidenciaovalle.cl\/colegio\/wp-content\/uploads\/2025\/10\/WhatsApp-Image-2025-10-03-at-10.27.48-4-1-1024x768.jpeg\" class=\"attachment-large size-large\" alt=\"\" loading=\"lazy\" srcset=\"http:\/\/laprovidenciaovalle.cl\/colegio\/wp-content\/uploads\/2025\/10\/WhatsApp-Image-2025-10-03-at-10.27.48-4-1-1024x768.jpeg 1024w, http:\/\/laprovidenciaovalle.cl\/colegio\/wp-content\/uploads\/2025\/10\/WhatsApp-Image-2025-10-03-at-10.27.48-4-1-300x225.jpeg 300w, http:\/\/laprovidenciaovalle.cl\/colegio\/wp-content\/uploads\/2025\/10\/WhatsApp-Image-2025-10-03-at-10.27.48-4-1-768x576.jpeg 768w, http:\/\/laprovidenciaovalle.cl\/colegio\/wp-content\/uploads\/2025\/10\/WhatsApp-Image-2025-10-03-at-10.27.48-4-1-1536x1152.jpeg 1536w, http:\/\/laprovidenciaovalle.cl\/colegio\/wp-content\/uploads\/2025\/10\/WhatsApp-Image-2025-10-03-at-10.27.48-4-1-150x113.jpeg 150w, http:\/\/laprovidenciaovalle.cl\/colegio\/wp-content\/uploads\/2025\/10\/WhatsApp-Image-2025-10-03-at-10.27.48-4-1.jpeg 1600w\" sizes=\"(max-width: 1024px) 100vw, 1024px\" \/><\/a>\n\t\t\t<\/dt><\/dl><dl class='gallery-item'>\n\t\t\t<dt class='gallery-icon landscape'>\n\t\t\t\t<a href='http:\/\/laprovidenciaovalle.cl\/colegio\/estudiantes-reciben-emotivo-reconocimiento-tras-viaje-huellas-y-mision-con-carisma-providencia\/whatsapp-image-2025-10-03-at-10-27-48-3-2\/'><img width=\"1024\" height=\"768\" src=\"http:\/\/laprovidenciaovalle.cl\/colegio\/wp-content\/uploads\/2025\/10\/WhatsApp-Image-2025-10-03-at-10.27.48-3-1-1024x768.jpeg\" class=\"attachment-large size-large\" alt=\"\" loading=\"lazy\" srcset=\"http:\/\/laprovidenciaovalle.cl\/colegio\/wp-content\/uploads\/2025\/10\/WhatsApp-Image-2025-10-03-at-10.27.48-3-1-1024x768.jpeg 1024w, http:\/\/laprovidenciaovalle.cl\/colegio\/wp-content\/uploads\/2025\/10\/WhatsApp-Image-2025-10-03-at-10.27.48-3-1-300x225.jpeg 300w, http:\/\/laprovidenciaovalle.cl\/colegio\/wp-content\/uploads\/2025\/10\/WhatsApp-Image-2025-10-03-at-10.27.48-3-1-768x576.jpeg 768w, http:\/\/laprovidenciaovalle.cl\/colegio\/wp-content\/uploads\/2025\/10\/WhatsApp-Image-2025-10-03-at-10.27.48-3-1-1536x1152.jpeg 1536w, http:\/\/laprovidenciaovalle.cl\/colegio\/wp-content\/uploads\/2025\/10\/WhatsApp-Image-2025-10-03-at-10.27.48-3-1-150x113.jpeg 150w, http:\/\/laprovidenciaovalle.cl\/colegio\/wp-content\/uploads\/2025\/10\/WhatsApp-Image-2025-10-03-at-10.27.48-3-1.jpeg 1600w\" sizes=\"(max-width: 1024px) 100vw, 1024px\" \/><\/a>\n\t\t\t<\/dt><\/dl><br style=\"clear: both\" \/><dl class='gallery-item'>\n\t\t\t<dt class='gallery-icon landscape'>\n\t\t\t\t<a href='http:\/\/laprovidenciaovalle.cl\/colegio\/estudiantes-reciben-emotivo-reconocimiento-tras-viaje-huellas-y-mision-con-carisma-providencia\/whatsapp-image-2025-10-03-at-10-27-48-1-2\/'><img width=\"1024\" height=\"768\" src=\"http:\/\/laprovidenciaovalle.cl\/colegio\/wp-content\/uploads\/2025\/10\/WhatsApp-Image-2025-10-03-at-10.27.48-1-1-1024x768.jpeg\" class=\"attachment-large size-large\" alt=\"\" loading=\"lazy\" srcset=\"http:\/\/laprovidenciaovalle.cl\/colegio\/wp-content\/uploads\/2025\/10\/WhatsApp-Image-2025-10-03-at-10.27.48-1-1-1024x768.jpeg 1024w, http:\/\/laprovidenciaovalle.cl\/colegio\/wp-content\/uploads\/2025\/10\/WhatsApp-Image-2025-10-03-at-10.27.48-1-1-300x225.jpeg 300w, http:\/\/laprovidenciaovalle.cl\/colegio\/wp-content\/uploads\/2025\/10\/WhatsApp-Image-2025-10-03-at-10.27.48-1-1-768x576.jpeg 768w, http:\/\/laprovidenciaovalle.cl\/colegio\/wp-content\/uploads\/2025\/10\/WhatsApp-Image-2025-10-03-at-10.27.48-1-1-1536x1152.jpeg 1536w, http:\/\/laprovidenciaovalle.cl\/colegio\/wp-content\/uploads\/2025\/10\/WhatsApp-Image-2025-10-03-at-10.27.48-1-1-150x113.jpeg 150w, http:\/\/laprovidenciaovalle.cl\/colegio\/wp-content\/uploads\/2025\/10\/WhatsApp-Image-2025-10-03-at-10.27.48-1-1.jpeg 1600w\" sizes=\"(max-width: 1024px) 100vw, 1024px\" \/><\/a>\n\t\t\t<\/dt><\/dl><dl class='gallery-item'>\n\t\t\t<dt class='gallery-icon landscape'>\n\t\t\t\t<a href='http:\/\/laprovidenciaovalle.cl\/colegio\/estudiantes-reciben-emotivo-reconocimiento-tras-viaje-huellas-y-mision-con-carisma-providencia\/whatsapp-image-2025-10-03-at-10-27-48-5\/'><img width=\"1024\" height=\"768\" src=\"http:\/\/laprovidenciaovalle.cl\/colegio\/wp-content\/uploads\/2025\/10\/WhatsApp-Image-2025-10-03-at-10.27.48-5-1024x768.jpeg\" class=\"attachment-large size-large\" alt=\"\" loading=\"lazy\" srcset=\"http:\/\/laprovidenciaovalle.cl\/colegio\/wp-content\/uploads\/2025\/10\/WhatsApp-Image-2025-10-03-at-10.27.48-5-1024x768.jpeg 1024w, http:\/\/laprovidenciaovalle.cl\/colegio\/wp-content\/uploads\/2025\/10\/WhatsApp-Image-2025-10-03-at-10.27.48-5-300x225.jpeg 300w, http:\/\/laprovidenciaovalle.cl\/colegio\/wp-content\/uploads\/2025\/10\/WhatsApp-Image-2025-10-03-at-10.27.48-5-768x576.jpeg 768w, http:\/\/laprovidenciaovalle.cl\/colegio\/wp-content\/uploads\/2025\/10\/WhatsApp-Image-2025-10-03-at-10.27.48-5-1536x1152.jpeg 1536w, http:\/\/laprovidenciaovalle.cl\/colegio\/wp-content\/uploads\/2025\/10\/WhatsApp-Image-2025-10-03-at-10.27.48-5-150x113.jpeg 150w, http:\/\/laprovidenciaovalle.cl\/colegio\/wp-content\/uploads\/2025\/10\/WhatsApp-Image-2025-10-03-at-10.27.48-5.jpeg 1600w\" sizes=\"(max-width: 1024px) 100vw, 1024px\" \/><\/a>\n\t\t\t<\/dt><\/dl><dl class='gallery-item'>\n\t\t\t<dt class='gallery-icon landscape'>\n\t\t\t\t<a href='http:\/\/laprovidenciaovalle.cl\/colegio\/estudiantes-reciben-emotivo-reconocimiento-tras-viaje-huellas-y-mision-con-carisma-providencia\/whatsapp-image-2025-10-03-at-10-27-47-1-2\/'><img width=\"1024\" height=\"768\" src=\"http:\/\/laprovidenciaovalle.cl\/colegio\/wp-content\/uploads\/2025\/10\/WhatsApp-Image-2025-10-03-at-10.27.47-1-1-1024x768.jpeg\" class=\"attachment-large size-large\" alt=\"\" loading=\"lazy\" srcset=\"http:\/\/laprovidenciaovalle.cl\/colegio\/wp-content\/uploads\/2025\/10\/WhatsApp-Image-2025-10-03-at-10.27.47-1-1-1024x768.jpeg 1024w, http:\/\/laprovidenciaovalle.cl\/colegio\/wp-content\/uploads\/2025\/10\/WhatsApp-Image-2025-10-03-at-10.27.47-1-1-300x225.jpeg 300w, http:\/\/laprovidenciaovalle.cl\/colegio\/wp-content\/uploads\/2025\/10\/WhatsApp-Image-2025-10-03-at-10.27.47-1-1-768x576.jpeg 768w, http:\/\/laprovidenciaovalle.cl\/colegio\/wp-content\/uploads\/2025\/10\/WhatsApp-Image-2025-10-03-at-10.27.47-1-1-1536x1152.jpeg 1536w, http:\/\/laprovidenciaovalle.cl\/colegio\/wp-content\/uploads\/2025\/10\/WhatsApp-Image-2025-10-03-at-10.27.47-1-1-150x113.jpeg 150w, http:\/\/laprovidenciaovalle.cl\/colegio\/wp-content\/uploads\/2025\/10\/WhatsApp-Image-2025-10-03-at-10.27.47-1-1.jpeg 1600w\" sizes=\"(max-width: 1024px) 100vw, 1024px\" \/><\/a>\n\t\t\t<\/dt><\/dl><br style=\"clear: both\" \/><dl class='gallery-item'>\n\t\t\t<dt class='gallery-icon landscape'>\n\t\t\t\t<a href='http:\/\/laprovidenciaovalle.cl\/colegio\/estudiantes-reciben-emotivo-reconocimiento-tras-viaje-huellas-y-mision-con-carisma-providencia\/whatsapp-image-2025-10-03-at-10-27-47-3\/'><img width=\"1024\" height=\"768\" src=\"http:\/\/laprovidenciaovalle.cl\/colegio\/wp-content\/uploads\/2025\/10\/WhatsApp-Image-2025-10-03-at-10.27.47-3-1024x768.jpeg\" class=\"attachment-large size-large\" alt=\"\" loading=\"lazy\" srcset=\"http:\/\/laprovidenciaovalle.cl\/colegio\/wp-content\/uploads\/2025\/10\/WhatsApp-Image-2025-10-03-at-10.27.47-3-1024x768.jpeg 1024w, http:\/\/laprovidenciaovalle.cl\/colegio\/wp-content\/uploads\/2025\/10\/WhatsApp-Image-2025-10-03-at-10.27.47-3-300x225.jpeg 300w, http:\/\/laprovidenciaovalle.cl\/colegio\/wp-content\/uploads\/2025\/10\/WhatsApp-Image-2025-10-03-at-10.27.47-3-768x576.jpeg 768w, http:\/\/laprovidenciaovalle.cl\/colegio\/wp-content\/uploads\/2025\/10\/WhatsApp-Image-2025-10-03-at-10.27.47-3-1536x1152.jpeg 1536w, http:\/\/laprovidenciaovalle.cl\/colegio\/wp-content\/uploads\/2025\/10\/WhatsApp-Image-2025-10-03-at-10.27.47-3-150x113.jpeg 150w, http:\/\/laprovidenciaovalle.cl\/colegio\/wp-content\/uploads\/2025\/10\/WhatsApp-Image-2025-10-03-at-10.27.47-3.jpeg 1600w\" sizes=\"(max-width: 1024px) 100vw, 1024px\" \/><\/a>\n\t\t\t<\/dt><\/dl><dl class='gallery-item'>\n\t\t\t<dt class='gallery-icon landscape'>\n\t\t\t\t<a href='http:\/\/laprovidenciaovalle.cl\/colegio\/estudiantes-reciben-emotivo-reconocimiento-tras-viaje-huellas-y-mision-con-carisma-providencia\/whatsapp-image-2025-10-03-at-10-27-46-3-2\/'><img width=\"1024\" height=\"768\" src=\"http:\/\/laprovidenciaovalle.cl\/colegio\/wp-content\/uploads\/2025\/10\/WhatsApp-Image-2025-10-03-at-10.27.46-3-1-1024x768.jpeg\" class=\"attachment-large size-large\" alt=\"\" loading=\"lazy\" srcset=\"http:\/\/laprovidenciaovalle.cl\/colegio\/wp-content\/uploads\/2025\/10\/WhatsApp-Image-2025-10-03-at-10.27.46-3-1-1024x768.jpeg 1024w, http:\/\/laprovidenciaovalle.cl\/colegio\/wp-content\/uploads\/2025\/10\/WhatsApp-Image-2025-10-03-at-10.27.46-3-1-300x225.jpeg 300w, http:\/\/laprovidenciaovalle.cl\/colegio\/wp-content\/uploads\/2025\/10\/WhatsApp-Image-2025-10-03-at-10.27.46-3-1-768x576.jpeg 768w, http:\/\/laprovidenciaovalle.cl\/colegio\/wp-content\/uploads\/2025\/10\/WhatsApp-Image-2025-10-03-at-10.27.46-3-1-1536x1152.jpeg 1536w, http:\/\/laprovidenciaovalle.cl\/colegio\/wp-content\/uploads\/2025\/10\/WhatsApp-Image-2025-10-03-at-10.27.46-3-1-150x113.jpeg 150w, http:\/\/laprovidenciaovalle.cl\/colegio\/wp-content\/uploads\/2025\/10\/WhatsApp-Image-2025-10-03-at-10.27.46-3-1.jpeg 1600w\" sizes=\"(max-width: 1024px) 100vw, 1024px\" \/><\/a>\n\t\t\t<\/dt><\/dl><dl class='gallery-item'>\n\t\t\t<dt class='gallery-icon landscape'>\n\t\t\t\t<a href='http:\/\/laprovidenciaovalle.cl\/colegio\/estudiantes-reciben-emotivo-reconocimiento-tras-viaje-huellas-y-mision-con-carisma-providencia\/whatsapp-image-2025-10-03-at-10-27-46-2-2\/'><img width=\"1024\" height=\"768\" src=\"http:\/\/laprovidenciaovalle.cl\/colegio\/wp-content\/uploads\/2025\/10\/WhatsApp-Image-2025-10-03-at-10.27.46-2-1-1024x768.jpeg\" class=\"attachment-large size-large\" alt=\"\" loading=\"lazy\" srcset=\"http:\/\/laprovidenciaovalle.cl\/colegio\/wp-content\/uploads\/2025\/10\/WhatsApp-Image-2025-10-03-at-10.27.46-2-1-1024x768.jpeg 1024w, http:\/\/laprovidenciaovalle.cl\/colegio\/wp-content\/uploads\/2025\/10\/WhatsApp-Image-2025-10-03-at-10.27.46-2-1-300x225.jpeg 300w, http:\/\/laprovidenciaovalle.cl\/colegio\/wp-content\/uploads\/2025\/10\/WhatsApp-Image-2025-10-03-at-10.27.46-2-1-768x576.jpeg 768w, http:\/\/laprovidenciaovalle.cl\/colegio\/wp-content\/uploads\/2025\/10\/WhatsApp-Image-2025-10-03-at-10.27.46-2-1-1536x1152.jpeg 1536w, http:\/\/laprovidenciaovalle.cl\/colegio\/wp-content\/uploads\/2025\/10\/WhatsApp-Image-2025-10-03-at-10.27.46-2-1-150x113.jpeg 150w, http:\/\/laprovidenciaovalle.cl\/colegio\/wp-content\/uploads\/2025\/10\/WhatsApp-Image-2025-10-03-at-10.27.46-2-1.jpeg 1600w\" sizes=\"(max-width: 1024px) 100vw, 1024px\" \/><\/a>\n\t\t\t<\/dt><\/dl><br style=\"clear: both\" \/><dl class='gallery-item'>\n\t\t\t<dt class='gallery-icon landscape'>\n\t\t\t\t<a href='http:\/\/laprovidenciaovalle.cl\/colegio\/estudiantes-reciben-emotivo-reconocimiento-tras-viaje-huellas-y-mision-con-carisma-providencia\/whatsapp-image-2025-10-03-at-10-27-46-1-2\/'><img width=\"1024\" height=\"768\" src=\"http:\/\/laprovidenciaovalle.cl\/colegio\/wp-content\/uploads\/2025\/10\/WhatsApp-Image-2025-10-03-at-10.27.46-1-1-1024x768.jpeg\" class=\"attachment-large size-large\" alt=\"\" loading=\"lazy\" srcset=\"http:\/\/laprovidenciaovalle.cl\/colegio\/wp-content\/uploads\/2025\/10\/WhatsApp-Image-2025-10-03-at-10.27.46-1-1-1024x768.jpeg 1024w, http:\/\/laprovidenciaovalle.cl\/colegio\/wp-content\/uploads\/2025\/10\/WhatsApp-Image-2025-10-03-at-10.27.46-1-1-300x225.jpeg 300w, http:\/\/laprovidenciaovalle.cl\/colegio\/wp-content\/uploads\/2025\/10\/WhatsApp-Image-2025-10-03-at-10.27.46-1-1-768x576.jpeg 768w, http:\/\/laprovidenciaovalle.cl\/colegio\/wp-content\/uploads\/2025\/10\/WhatsApp-Image-2025-10-03-at-10.27.46-1-1-1536x1152.jpeg 1536w, http:\/\/laprovidenciaovalle.cl\/colegio\/wp-content\/uploads\/2025\/10\/WhatsApp-Image-2025-10-03-at-10.27.46-1-1-150x113.jpeg 150w, http:\/\/laprovidenciaovalle.cl\/colegio\/wp-content\/uploads\/2025\/10\/WhatsApp-Image-2025-10-03-at-10.27.46-1-1.jpeg 1600w\" sizes=\"(max-width: 1024px) 100vw, 1024px\" \/><\/a>\n\t\t\t<\/dt><\/dl><dl class='gallery-item'>\n\t\t\t<dt class='gallery-icon landscape'>\n\t\t\t\t<a href='http:\/\/laprovidenciaovalle.cl\/colegio\/estudiantes-reciben-emotivo-reconocimiento-tras-viaje-huellas-y-mision-con-carisma-providencia\/whatsapp-image-2025-10-03-at-10-27-46-4\/'><img width=\"1024\" height=\"768\" src=\"http:\/\/laprovidenciaovalle.cl\/colegio\/wp-content\/uploads\/2025\/10\/WhatsApp-Image-2025-10-03-at-10.27.46-4-1024x768.jpeg\" class=\"attachment-large size-large\" alt=\"\" loading=\"lazy\" srcset=\"http:\/\/laprovidenciaovalle.cl\/colegio\/wp-content\/uploads\/2025\/10\/WhatsApp-Image-2025-10-03-at-10.27.46-4-1024x768.jpeg 1024w, http:\/\/laprovidenciaovalle.cl\/colegio\/wp-content\/uploads\/2025\/10\/WhatsApp-Image-2025-10-03-at-10.27.46-4-300x225.jpeg 300w, http:\/\/laprovidenciaovalle.cl\/colegio\/wp-content\/uploads\/2025\/10\/WhatsApp-Image-2025-10-03-at-10.27.46-4-768x576.jpeg 768w, http:\/\/laprovidenciaovalle.cl\/colegio\/wp-content\/uploads\/2025\/10\/WhatsApp-Image-2025-10-03-at-10.27.46-4-1536x1152.jpeg 1536w, http:\/\/laprovidenciaovalle.cl\/colegio\/wp-content\/uploads\/2025\/10\/WhatsApp-Image-2025-10-03-at-10.27.46-4-150x113.jpeg 150w, http:\/\/laprovidenciaovalle.cl\/colegio\/wp-content\/uploads\/2025\/10\/WhatsApp-Image-2025-10-03-at-10.27.46-4.jpeg 1600w\" sizes=\"(max-width: 1024px) 100vw, 1024px\" \/><\/a>\n\t\t\t<\/dt><\/dl><dl class='gallery-item'>\n\t\t\t<dt class='gallery-icon landscape'>\n\t\t\t\t<a href='http:\/\/laprovidenciaovalle.cl\/colegio\/estudiantes-reciben-emotivo-reconocimiento-tras-viaje-huellas-y-mision-con-carisma-providencia\/whatsapp-image-2025-10-03-at-10-27-45-3-2\/'><img width=\"1024\" height=\"768\" src=\"http:\/\/laprovidenciaovalle.cl\/colegio\/wp-content\/uploads\/2025\/10\/WhatsApp-Image-2025-10-03-at-10.27.45-3-1-1024x768.jpeg\" class=\"attachment-large size-large\" alt=\"\" loading=\"lazy\" srcset=\"http:\/\/laprovidenciaovalle.cl\/colegio\/wp-content\/uploads\/2025\/10\/WhatsApp-Image-2025-10-03-at-10.27.45-3-1-1024x768.jpeg 1024w, http:\/\/laprovidenciaovalle.cl\/colegio\/wp-content\/uploads\/2025\/10\/WhatsApp-Image-2025-10-03-at-10.27.45-3-1-300x225.jpeg 300w, http:\/\/laprovidenciaovalle.cl\/colegio\/wp-content\/uploads\/2025\/10\/WhatsApp-Image-2025-10-03-at-10.27.45-3-1-768x576.jpeg 768w, http:\/\/laprovidenciaovalle.cl\/colegio\/wp-content\/uploads\/2025\/10\/WhatsApp-Image-2025-10-03-at-10.27.45-3-1-1536x1152.jpeg 1536w, http:\/\/laprovidenciaovalle.cl\/colegio\/wp-content\/uploads\/2025\/10\/WhatsApp-Image-2025-10-03-at-10.27.45-3-1-150x113.jpeg 150w, http:\/\/laprovidenciaovalle.cl\/colegio\/wp-content\/uploads\/2025\/10\/WhatsApp-Image-2025-10-03-at-10.27.45-3-1.jpeg 1600w\" sizes=\"(max-width: 1024px) 100vw, 1024px\" \/><\/a>\n\t\t\t<\/dt><\/dl><br style=\"clear: both\" \/><dl class='gallery-item'>\n\t\t\t<dt class='gallery-icon landscape'>\n\t\t\t\t<a href='http:\/\/laprovidenciaovalle.cl\/colegio\/estudiantes-reciben-emotivo-reconocimiento-tras-viaje-huellas-y-mision-con-carisma-providencia\/whatsapp-image-2025-10-03-at-10-27-45-1-2\/'><img width=\"1024\" height=\"768\" src=\"http:\/\/laprovidenciaovalle.cl\/colegio\/wp-content\/uploads\/2025\/10\/WhatsApp-Image-2025-10-03-at-10.27.45-1-1-1024x768.jpeg\" class=\"attachment-large size-large\" alt=\"\" loading=\"lazy\" srcset=\"http:\/\/laprovidenciaovalle.cl\/colegio\/wp-content\/uploads\/2025\/10\/WhatsApp-Image-2025-10-03-at-10.27.45-1-1-1024x768.jpeg 1024w, http:\/\/laprovidenciaovalle.cl\/colegio\/wp-content\/uploads\/2025\/10\/WhatsApp-Image-2025-10-03-at-10.27.45-1-1-300x225.jpeg 300w, http:\/\/laprovidenciaovalle.cl\/colegio\/wp-content\/uploads\/2025\/10\/WhatsApp-Image-2025-10-03-at-10.27.45-1-1-768x576.jpeg 768w, http:\/\/laprovidenciaovalle.cl\/colegio\/wp-content\/uploads\/2025\/10\/WhatsApp-Image-2025-10-03-at-10.27.45-1-1-1536x1152.jpeg 1536w, http:\/\/laprovidenciaovalle.cl\/colegio\/wp-content\/uploads\/2025\/10\/WhatsApp-Image-2025-10-03-at-10.27.45-1-1-150x113.jpeg 150w, http:\/\/laprovidenciaovalle.cl\/colegio\/wp-content\/uploads\/2025\/10\/WhatsApp-Image-2025-10-03-at-10.27.45-1-1.jpeg 1600w\" sizes=\"(max-width: 1024px) 100vw, 1024px\" \/><\/a>\n\t\t\t<\/dt><\/dl><dl class='gallery-item'>\n\t\t\t<dt class='gallery-icon portrait'>\n\t\t\t\t<a href='http:\/\/laprovidenciaovalle.cl\/colegio\/estudiantes-reciben-emotivo-reconocimiento-tras-viaje-huellas-y-mision-con-carisma-providencia\/whatsapp-image-2025-10-02-at-12-18-27-1-2\/'><img width=\"768\" height=\"1024\" src=\"http:\/\/laprovidenciaovalle.cl\/colegio\/wp-content\/uploads\/2025\/10\/WhatsApp-Image-2025-10-02-at-12.18.27-1-1-768x1024.jpeg\" class=\"attachment-large size-large\" alt=\"\" loading=\"lazy\" srcset=\"http:\/\/laprovidenciaovalle.cl\/colegio\/wp-content\/uploads\/2025\/10\/WhatsApp-Image-2025-10-02-at-12.18.27-1-1-768x1024.jpeg 768w, http:\/\/laprovidenciaovalle.cl\/colegio\/wp-content\/uploads\/2025\/10\/WhatsApp-Image-2025-10-02-at-12.18.27-1-1-225x300.jpeg 225w, http:\/\/laprovidenciaovalle.cl\/colegio\/wp-content\/uploads\/2025\/10\/WhatsApp-Image-2025-10-02-at-12.18.27-1-1-1152x1536.jpeg 1152w, http:\/\/laprovidenciaovalle.cl\/colegio\/wp-content\/uploads\/2025\/10\/WhatsApp-Image-2025-10-02-at-12.18.27-1-1-113x150.jpeg 113w, http:\/\/laprovidenciaovalle.cl\/colegio\/wp-content\/uploads\/2025\/10\/WhatsApp-Image-2025-10-02-at-12.18.27-1-1.jpeg 1200w\" sizes=\"(max-width: 768px) 100vw, 768px\" \/><\/a>\n\t\t\t<\/dt><\/dl><dl class='gallery-item'>\n\t\t\t<dt class='gallery-icon portrait'>\n\t\t\t\t<a href='http:\/\/laprovidenciaovalle.cl\/colegio\/estudiantes-reciben-emotivo-reconocimiento-tras-viaje-huellas-y-mision-con-carisma-providencia\/whatsapp-image-2025-10-02-at-12-18-27-2\/'><img width=\"768\" height=\"1024\" src=\"http:\/\/laprovidenciaovalle.cl\/colegio\/wp-content\/uploads\/2025\/10\/WhatsApp-Image-2025-10-02-at-12.18.27-2-768x1024.jpeg\" class=\"attachment-large size-large\" alt=\"\" loading=\"lazy\" srcset=\"http:\/\/laprovidenciaovalle.cl\/colegio\/wp-content\/uploads\/2025\/10\/WhatsApp-Image-2025-10-02-at-12.18.27-2-768x1024.jpeg 768w, http:\/\/laprovidenciaovalle.cl\/colegio\/wp-content\/uploads\/2025\/10\/WhatsApp-Image-2025-10-02-at-12.18.27-2-225x300.jpeg 225w, http:\/\/laprovidenciaovalle.cl\/colegio\/wp-content\/uploads\/2025\/10\/WhatsApp-Image-2025-10-02-at-12.18.27-2-1152x1536.jpeg 1152w, http:\/\/laprovidenciaovalle.cl\/colegio\/wp-content\/uploads\/2025\/10\/WhatsApp-Image-2025-10-02-at-12.18.27-2-113x150.jpeg 113w, http:\/\/laprovidenciaovalle.cl\/colegio\/wp-content\/uploads\/2025\/10\/WhatsApp-Image-2025-10-02-at-12.18.27-2.jpeg 1200w\" sizes=\"(max-width: 768px) 100vw, 768px\" \/><\/a>\n\t\t\t<\/dt><\/dl><br style=\"clear: both\" \/><dl class='gallery-item'>\n\t\t\t<dt class='gallery-icon landscape'>\n\t\t\t\t<a href='http:\/\/laprovidenciaovalle.cl\/colegio\/estudiantes-reciben-emotivo-reconocimiento-tras-viaje-huellas-y-mision-con-carisma-providencia\/whatsapp-image-2025-10-01-at-17-37-39-1-2\/'><img width=\"1024\" height=\"768\" src=\"http:\/\/laprovidenciaovalle.cl\/colegio\/wp-content\/uploads\/2025\/10\/WhatsApp-Image-2025-10-01-at-17.37.39-1-1-1024x768.jpeg\" class=\"attachment-large size-large\" alt=\"\" loading=\"lazy\" srcset=\"http:\/\/laprovidenciaovalle.cl\/colegio\/wp-content\/uploads\/2025\/10\/WhatsApp-Image-2025-10-01-at-17.37.39-1-1-1024x768.jpeg 1024w, http:\/\/laprovidenciaovalle.cl\/colegio\/wp-content\/uploads\/2025\/10\/WhatsApp-Image-2025-10-01-at-17.37.39-1-1-300x225.jpeg 300w, http:\/\/laprovidenciaovalle.cl\/colegio\/wp-content\/uploads\/2025\/10\/WhatsApp-Image-2025-10-01-at-17.37.39-1-1-768x576.jpeg 768w, http:\/\/laprovidenciaovalle.cl\/colegio\/wp-content\/uploads\/2025\/10\/WhatsApp-Image-2025-10-01-at-17.37.39-1-1-1536x1152.jpeg 1536w, http:\/\/laprovidenciaovalle.cl\/colegio\/wp-content\/uploads\/2025\/10\/WhatsApp-Image-2025-10-01-at-17.37.39-1-1-150x113.jpeg 150w, http:\/\/laprovidenciaovalle.cl\/colegio\/wp-content\/uploads\/2025\/10\/WhatsApp-Image-2025-10-01-at-17.37.39-1-1.jpeg 1600w\" sizes=\"(max-width: 1024px) 100vw, 1024px\" \/><\/a>\n\t\t\t<\/dt><\/dl><dl class='gallery-item'>\n\t\t\t<dt class='gallery-icon landscape'>\n\t\t\t\t<a href='http:\/\/laprovidenciaovalle.cl\/colegio\/estudiantes-reciben-emotivo-reconocimiento-tras-viaje-huellas-y-mision-con-carisma-providencia\/whatsapp-image-2025-10-01-at-17-37-39-2\/'><img width=\"1024\" height=\"768\" src=\"http:\/\/laprovidenciaovalle.cl\/colegio\/wp-content\/uploads\/2025\/10\/WhatsApp-Image-2025-10-01-at-17.37.39-2-1024x768.jpeg\" class=\"attachment-large size-large\" alt=\"\" loading=\"lazy\" srcset=\"http:\/\/laprovidenciaovalle.cl\/colegio\/wp-content\/uploads\/2025\/10\/WhatsApp-Image-2025-10-01-at-17.37.39-2-1024x768.jpeg 1024w, http:\/\/laprovidenciaovalle.cl\/colegio\/wp-content\/uploads\/2025\/10\/WhatsApp-Image-2025-10-01-at-17.37.39-2-300x225.jpeg 300w, http:\/\/laprovidenciaovalle.cl\/colegio\/wp-content\/uploads\/2025\/10\/WhatsApp-Image-2025-10-01-at-17.37.39-2-768x576.jpeg 768w, http:\/\/laprovidenciaovalle.cl\/colegio\/wp-content\/uploads\/2025\/10\/WhatsApp-Image-2025-10-01-at-17.37.39-2-1536x1152.jpeg 1536w, http:\/\/laprovidenciaovalle.cl\/colegio\/wp-content\/uploads\/2025\/10\/WhatsApp-Image-2025-10-01-at-17.37.39-2-150x113.jpeg 150w, http:\/\/laprovidenciaovalle.cl\/colegio\/wp-content\/uploads\/2025\/10\/WhatsApp-Image-2025-10-01-at-17.37.39-2.jpeg 1600w\" sizes=\"(max-width: 1024px) 100vw, 1024px\" \/><\/a>\n\t\t\t<\/dt><\/dl><dl class='gallery-item'>\n\t\t\t<dt class='gallery-icon landscape'>\n\t\t\t\t<a href='http:\/\/laprovidenciaovalle.cl\/colegio\/estudiantes-reciben-emotivo-reconocimiento-tras-viaje-huellas-y-mision-con-carisma-providencia\/whatsapp-image-2025-10-01-at-17-37-38-1-2\/'><img width=\"1024\" height=\"768\" src=\"http:\/\/laprovidenciaovalle.cl\/colegio\/wp-content\/uploads\/2025\/10\/WhatsApp-Image-2025-10-01-at-17.37.38-1-1-1024x768.jpeg\" class=\"attachment-large size-large\" alt=\"\" loading=\"lazy\" srcset=\"http:\/\/laprovidenciaovalle.cl\/colegio\/wp-content\/uploads\/2025\/10\/WhatsApp-Image-2025-10-01-at-17.37.38-1-1-1024x768.jpeg 1024w, http:\/\/laprovidenciaovalle.cl\/colegio\/wp-content\/uploads\/2025\/10\/WhatsApp-Image-2025-10-01-at-17.37.38-1-1-300x225.jpeg 300w, http:\/\/laprovidenciaovalle.cl\/colegio\/wp-content\/uploads\/2025\/10\/WhatsApp-Image-2025-10-01-at-17.37.38-1-1-768x576.jpeg 768w, http:\/\/laprovidenciaovalle.cl\/colegio\/wp-content\/uploads\/2025\/10\/WhatsApp-Image-2025-10-01-at-17.37.38-1-1-1536x1152.jpeg 1536w, http:\/\/laprovidenciaovalle.cl\/colegio\/wp-content\/uploads\/2025\/10\/WhatsApp-Image-2025-10-01-at-17.37.38-1-1-150x113.jpeg 150w, http:\/\/laprovidenciaovalle.cl\/colegio\/wp-content\/uploads\/2025\/10\/WhatsApp-Image-2025-10-01-at-17.37.38-1-1.jpeg 1600w\" sizes=\"(max-width: 1024px) 100vw, 1024px\" \/><\/a>\n\t\t\t<\/dt><\/dl><br style=\"clear: both\" \/><dl class='gallery-item'>\n\t\t\t<dt class='gallery-icon landscape'>\n\t\t\t\t<a href='http:\/\/laprovidenciaovalle.cl\/colegio\/estudiantes-reciben-emotivo-reconocimiento-tras-viaje-huellas-y-mision-con-carisma-providencia\/whatsapp-image-2025-10-01-at-17-37-38-2\/'><img width=\"1024\" height=\"768\" src=\"http:\/\/laprovidenciaovalle.cl\/colegio\/wp-content\/uploads\/2025\/10\/WhatsApp-Image-2025-10-01-at-17.37.38-2-1024x768.jpeg\" class=\"attachment-large size-large\" alt=\"\" loading=\"lazy\" srcset=\"http:\/\/laprovidenciaovalle.cl\/colegio\/wp-content\/uploads\/2025\/10\/WhatsApp-Image-2025-10-01-at-17.37.38-2-1024x768.jpeg 1024w, http:\/\/laprovidenciaovalle.cl\/colegio\/wp-content\/uploads\/2025\/10\/WhatsApp-Image-2025-10-01-at-17.37.38-2-300x225.jpeg 300w, http:\/\/laprovidenciaovalle.cl\/colegio\/wp-content\/uploads\/2025\/10\/WhatsApp-Image-2025-10-01-at-17.37.38-2-768x576.jpeg 768w, http:\/\/laprovidenciaovalle.cl\/colegio\/wp-content\/uploads\/2025\/10\/WhatsApp-Image-2025-10-01-at-17.37.38-2-1536x1152.jpeg 1536w, http:\/\/laprovidenciaovalle.cl\/colegio\/wp-content\/uploads\/2025\/10\/WhatsApp-Image-2025-10-01-at-17.37.38-2-150x113.jpeg 150w, http:\/\/laprovidenciaovalle.cl\/colegio\/wp-content\/uploads\/2025\/10\/WhatsApp-Image-2025-10-01-at-17.37.38-2.jpeg 1600w\" sizes=\"(max-width: 1024px) 100vw, 1024px\" \/><\/a>\n\t\t\t<\/dt><\/dl><dl class='gallery-item'>\n\t\t\t<dt class='gallery-icon landscape'>\n\t\t\t\t<a href='http:\/\/laprovidenciaovalle.cl\/colegio\/estudiantes-reciben-emotivo-reconocimiento-tras-viaje-huellas-y-mision-con-carisma-providencia\/whatsapp-image-2025-10-01-at-17-37-37-2-2\/'><img width=\"1024\" height=\"768\" src=\"http:\/\/laprovidenciaovalle.cl\/colegio\/wp-content\/uploads\/2025\/10\/WhatsApp-Image-2025-10-01-at-17.37.37-2-1-1024x768.jpeg\" class=\"attachment-large size-large\" alt=\"\" loading=\"lazy\" srcset=\"http:\/\/laprovidenciaovalle.cl\/colegio\/wp-content\/uploads\/2025\/10\/WhatsApp-Image-2025-10-01-at-17.37.37-2-1-1024x768.jpeg 1024w, http:\/\/laprovidenciaovalle.cl\/colegio\/wp-content\/uploads\/2025\/10\/WhatsApp-Image-2025-10-01-at-17.37.37-2-1-300x225.jpeg 300w, http:\/\/laprovidenciaovalle.cl\/colegio\/wp-content\/uploads\/2025\/10\/WhatsApp-Image-2025-10-01-at-17.37.37-2-1-768x576.jpeg 768w, http:\/\/laprovidenciaovalle.cl\/colegio\/wp-content\/uploads\/2025\/10\/WhatsApp-Image-2025-10-01-at-17.37.37-2-1-1536x1152.jpeg 1536w, http:\/\/laprovidenciaovalle.cl\/colegio\/wp-content\/uploads\/2025\/10\/WhatsApp-Image-2025-10-01-at-17.37.37-2-1-150x113.jpeg 150w, http:\/\/laprovidenciaovalle.cl\/colegio\/wp-content\/uploads\/2025\/10\/WhatsApp-Image-2025-10-01-at-17.37.37-2-1.jpeg 1600w\" sizes=\"(max-width: 1024px) 100vw, 1024px\" \/><\/a>\n\t\t\t<\/dt><\/dl><dl class='gallery-item'>\n\t\t\t<dt class='gallery-icon landscape'>\n\t\t\t\t<a href='http:\/\/laprovidenciaovalle.cl\/colegio\/estudiantes-reciben-emotivo-reconocimiento-tras-viaje-huellas-y-mision-con-carisma-providencia\/whatsapp-image-2025-10-01-at-17-37-37-1-2\/'><img width=\"1024\" height=\"768\" src=\"http:\/\/laprovidenciaovalle.cl\/colegio\/wp-content\/uploads\/2025\/10\/WhatsApp-Image-2025-10-01-at-17.37.37-1-1-1024x768.jpeg\" class=\"attachment-large size-large\" alt=\"\" loading=\"lazy\" srcset=\"http:\/\/laprovidenciaovalle.cl\/colegio\/wp-content\/uploads\/2025\/10\/WhatsApp-Image-2025-10-01-at-17.37.37-1-1-1024x768.jpeg 1024w, http:\/\/laprovidenciaovalle.cl\/colegio\/wp-content\/uploads\/2025\/10\/WhatsApp-Image-2025-10-01-at-17.37.37-1-1-300x225.jpeg 300w, http:\/\/laprovidenciaovalle.cl\/colegio\/wp-content\/uploads\/2025\/10\/WhatsApp-Image-2025-10-01-at-17.37.37-1-1-768x576.jpeg 768w, http:\/\/laprovidenciaovalle.cl\/colegio\/wp-content\/uploads\/2025\/10\/WhatsApp-Image-2025-10-01-at-17.37.37-1-1-1536x1152.jpeg 1536w, http:\/\/laprovidenciaovalle.cl\/colegio\/wp-content\/uploads\/2025\/10\/WhatsApp-Image-2025-10-01-at-17.37.37-1-1-150x113.jpeg 150w, http:\/\/laprovidenciaovalle.cl\/colegio\/wp-content\/uploads\/2025\/10\/WhatsApp-Image-2025-10-01-at-17.37.37-1-1.jpeg 1600w\" sizes=\"(max-width: 1024px) 100vw, 1024px\" \/><\/a>\n\t\t\t<\/dt><\/dl><br style=\"clear: both\" \/><dl class='gallery-item'>\n\t\t\t<dt class='gallery-icon portrait'>\n\t\t\t\t<a href='http:\/\/laprovidenciaovalle.cl\/colegio\/estudiantes-reciben-emotivo-reconocimiento-tras-viaje-huellas-y-mision-con-carisma-providencia\/whatsapp-image-2025-10-01-at-17-37-37-3\/'><img width=\"768\" height=\"1024\" src=\"http:\/\/laprovidenciaovalle.cl\/colegio\/wp-content\/uploads\/2025\/10\/WhatsApp-Image-2025-10-01-at-17.37.37-3-768x1024.jpeg\" class=\"attachment-large size-large\" alt=\"\" loading=\"lazy\" srcset=\"http:\/\/laprovidenciaovalle.cl\/colegio\/wp-content\/uploads\/2025\/10\/WhatsApp-Image-2025-10-01-at-17.37.37-3-768x1024.jpeg 768w, http:\/\/laprovidenciaovalle.cl\/colegio\/wp-content\/uploads\/2025\/10\/WhatsApp-Image-2025-10-01-at-17.37.37-3-225x300.jpeg 225w, http:\/\/laprovidenciaovalle.cl\/colegio\/wp-content\/uploads\/2025\/10\/WhatsApp-Image-2025-10-01-at-17.37.37-3-1152x1536.jpeg 1152w, http:\/\/laprovidenciaovalle.cl\/colegio\/wp-content\/uploads\/2025\/10\/WhatsApp-Image-2025-10-01-at-17.37.37-3-113x150.jpeg 113w, http:\/\/laprovidenciaovalle.cl\/colegio\/wp-content\/uploads\/2025\/10\/WhatsApp-Image-2025-10-01-at-17.37.37-3.jpeg 1200w\" sizes=\"(max-width: 768px) 100vw, 768px\" \/><\/a>\n\t\t\t<\/dt><\/dl><dl class='gallery-item'>\n\t\t\t<dt class='gallery-icon landscape'>\n\t\t\t\t<a href='http:\/\/laprovidenciaovalle.cl\/colegio\/estudiantes-reciben-emotivo-reconocimiento-tras-viaje-huellas-y-mision-con-carisma-providencia\/whatsapp-image-2025-10-01-at-17-37-36-2\/'><img width=\"1024\" height=\"768\" src=\"http:\/\/laprovidenciaovalle.cl\/colegio\/wp-content\/uploads\/2025\/10\/WhatsApp-Image-2025-10-01-at-17.37.36-1-1024x768.jpeg\" class=\"attachment-large size-large\" alt=\"\" loading=\"lazy\" srcset=\"http:\/\/laprovidenciaovalle.cl\/colegio\/wp-content\/uploads\/2025\/10\/WhatsApp-Image-2025-10-01-at-17.37.36-1-1024x768.jpeg 1024w, http:\/\/laprovidenciaovalle.cl\/colegio\/wp-content\/uploads\/2025\/10\/WhatsApp-Image-2025-10-01-at-17.37.36-1-300x225.jpeg 300w, http:\/\/laprovidenciaovalle.cl\/colegio\/wp-content\/uploads\/2025\/10\/WhatsApp-Image-2025-10-01-at-17.37.36-1-768x576.jpeg 768w, http:\/\/laprovidenciaovalle.cl\/colegio\/wp-content\/uploads\/2025\/10\/WhatsApp-Image-2025-10-01-at-17.37.36-1-1536x1152.jpeg 1536w, http:\/\/laprovidenciaovalle.cl\/colegio\/wp-content\/uploads\/2025\/10\/WhatsApp-Image-2025-10-01-at-17.37.36-1-150x113.jpeg 150w, http:\/\/laprovidenciaovalle.cl\/colegio\/wp-content\/uploads\/2025\/10\/WhatsApp-Image-2025-10-01-at-17.37.36-1.jpeg 1600w\" sizes=\"(max-width: 1024px) 100vw, 1024px\" \/><\/a>\n\t\t\t<\/dt><\/dl><dl class='gallery-item'>\n\t\t\t<dt class='gallery-icon landscape'>\n\t\t\t\t<a href='http:\/\/laprovidenciaovalle.cl\/colegio\/estudiantes-reciben-emotivo-reconocimiento-tras-viaje-huellas-y-mision-con-carisma-providencia\/whatsapp-image-2025-10-01-at-15-33-18-1-2\/'><img width=\"1024\" height=\"768\" src=\"http:\/\/laprovidenciaovalle.cl\/colegio\/wp-content\/uploads\/2025\/10\/WhatsApp-Image-2025-10-01-at-15.33.18-1-1-1024x768.jpeg\" class=\"attachment-large size-large\" alt=\"\" loading=\"lazy\" srcset=\"http:\/\/laprovidenciaovalle.cl\/colegio\/wp-content\/uploads\/2025\/10\/WhatsApp-Image-2025-10-01-at-15.33.18-1-1-1024x768.jpeg 1024w, http:\/\/laprovidenciaovalle.cl\/colegio\/wp-content\/uploads\/2025\/10\/WhatsApp-Image-2025-10-01-at-15.33.18-1-1-300x225.jpeg 300w, http:\/\/laprovidenciaovalle.cl\/colegio\/wp-content\/uploads\/2025\/10\/WhatsApp-Image-2025-10-01-at-15.33.18-1-1-768x576.jpeg 768w, http:\/\/laprovidenciaovalle.cl\/colegio\/wp-content\/uploads\/2025\/10\/WhatsApp-Image-2025-10-01-at-15.33.18-1-1-1536x1152.jpeg 1536w, http:\/\/laprovidenciaovalle.cl\/colegio\/wp-content\/uploads\/2025\/10\/WhatsApp-Image-2025-10-01-at-15.33.18-1-1-150x113.jpeg 150w, http:\/\/laprovidenciaovalle.cl\/colegio\/wp-content\/uploads\/2025\/10\/WhatsApp-Image-2025-10-01-at-15.33.18-1-1.jpeg 1600w\" sizes=\"(max-width: 1024px) 100vw, 1024px\" \/><\/a>\n\t\t\t<\/dt><\/dl><br style=\"clear: both\" \/><dl class='gallery-item'>\n\t\t\t<dt class='gallery-icon landscape'>\n\t\t\t\t<a href='http:\/\/laprovidenciaovalle.cl\/colegio\/estudiantes-reciben-emotivo-reconocimiento-tras-viaje-huellas-y-mision-con-carisma-providencia\/whatsapp-image-2025-10-01-at-15-33-18-2\/'><img width=\"1024\" height=\"768\" src=\"http:\/\/laprovidenciaovalle.cl\/colegio\/wp-content\/uploads\/2025\/10\/WhatsApp-Image-2025-10-01-at-15.33.18-2-1024x768.jpeg\" class=\"attachment-large size-large\" alt=\"\" loading=\"lazy\" srcset=\"http:\/\/laprovidenciaovalle.cl\/colegio\/wp-content\/uploads\/2025\/10\/WhatsApp-Image-2025-10-01-at-15.33.18-2-1024x768.jpeg 1024w, http:\/\/laprovidenciaovalle.cl\/colegio\/wp-content\/uploads\/2025\/10\/WhatsApp-Image-2025-10-01-at-15.33.18-2-300x225.jpeg 300w, http:\/\/laprovidenciaovalle.cl\/colegio\/wp-content\/uploads\/2025\/10\/WhatsApp-Image-2025-10-01-at-15.33.18-2-768x576.jpeg 768w, http:\/\/laprovidenciaovalle.cl\/colegio\/wp-content\/uploads\/2025\/10\/WhatsApp-Image-2025-10-01-at-15.33.18-2-1536x1152.jpeg 1536w, http:\/\/laprovidenciaovalle.cl\/colegio\/wp-content\/uploads\/2025\/10\/WhatsApp-Image-2025-10-01-at-15.33.18-2-150x113.jpeg 150w, http:\/\/laprovidenciaovalle.cl\/colegio\/wp-content\/uploads\/2025\/10\/WhatsApp-Image-2025-10-01-at-15.33.18-2.jpeg 1600w\" sizes=\"(max-width: 1024px) 100vw, 1024px\" \/><\/a>\n\t\t\t<\/dt><\/dl><dl class='gallery-item'>\n\t\t\t<dt class='gallery-icon landscape'>\n\t\t\t\t<a href='http:\/\/laprovidenciaovalle.cl\/colegio\/estudiantes-reciben-emotivo-reconocimiento-tras-viaje-huellas-y-mision-con-carisma-providencia\/whatsapp-image-2025-10-01-at-15-33-17-3-2\/'><img width=\"1024\" height=\"768\" src=\"http:\/\/laprovidenciaovalle.cl\/colegio\/wp-content\/uploads\/2025\/10\/WhatsApp-Image-2025-10-01-at-15.33.17-3-1-1024x768.jpeg\" class=\"attachment-large size-large\" alt=\"\" loading=\"lazy\" srcset=\"http:\/\/laprovidenciaovalle.cl\/colegio\/wp-content\/uploads\/2025\/10\/WhatsApp-Image-2025-10-01-at-15.33.17-3-1-1024x768.jpeg 1024w, http:\/\/laprovidenciaovalle.cl\/colegio\/wp-content\/uploads\/2025\/10\/WhatsApp-Image-2025-10-01-at-15.33.17-3-1-300x225.jpeg 300w, http:\/\/laprovidenciaovalle.cl\/colegio\/wp-content\/uploads\/2025\/10\/WhatsApp-Image-2025-10-01-at-15.33.17-3-1-768x576.jpeg 768w, http:\/\/laprovidenciaovalle.cl\/colegio\/wp-content\/uploads\/2025\/10\/WhatsApp-Image-2025-10-01-at-15.33.17-3-1-1536x1152.jpeg 1536w, http:\/\/laprovidenciaovalle.cl\/colegio\/wp-content\/uploads\/2025\/10\/WhatsApp-Image-2025-10-01-at-15.33.17-3-1-150x113.jpeg 150w, http:\/\/laprovidenciaovalle.cl\/colegio\/wp-content\/uploads\/2025\/10\/WhatsApp-Image-2025-10-01-at-15.33.17-3-1.jpeg 1600w\" sizes=\"(max-width: 1024px) 100vw, 1024px\" \/><\/a>\n\t\t\t<\/dt><\/dl><dl class='gallery-item'>\n\t\t\t<dt class='gallery-icon landscape'>\n\t\t\t\t<a href='http:\/\/laprovidenciaovalle.cl\/colegio\/estudiantes-reciben-emotivo-reconocimiento-tras-viaje-huellas-y-mision-con-carisma-providencia\/whatsapp-image-2025-10-01-at-15-33-17-2-2\/'><img width=\"1024\" height=\"768\" src=\"http:\/\/laprovidenciaovalle.cl\/colegio\/wp-content\/uploads\/2025\/10\/WhatsApp-Image-2025-10-01-at-15.33.17-2-1-1024x768.jpeg\" class=\"attachment-large size-large\" alt=\"\" loading=\"lazy\" srcset=\"http:\/\/laprovidenciaovalle.cl\/colegio\/wp-content\/uploads\/2025\/10\/WhatsApp-Image-2025-10-01-at-15.33.17-2-1-1024x768.jpeg 1024w, http:\/\/laprovidenciaovalle.cl\/colegio\/wp-content\/uploads\/2025\/10\/WhatsApp-Image-2025-10-01-at-15.33.17-2-1-300x225.jpeg 300w, http:\/\/laprovidenciaovalle.cl\/colegio\/wp-content\/uploads\/2025\/10\/WhatsApp-Image-2025-10-01-at-15.33.17-2-1-768x576.jpeg 768w, http:\/\/laprovidenciaovalle.cl\/colegio\/wp-content\/uploads\/2025\/10\/WhatsApp-Image-2025-10-01-at-15.33.17-2-1-1536x1152.jpeg 1536w, http:\/\/laprovidenciaovalle.cl\/colegio\/wp-content\/uploads\/2025\/10\/WhatsApp-Image-2025-10-01-at-15.33.17-2-1-150x113.jpeg 150w, http:\/\/laprovidenciaovalle.cl\/colegio\/wp-content\/uploads\/2025\/10\/WhatsApp-Image-2025-10-01-at-15.33.17-2-1.jpeg 1600w\" sizes=\"(max-width: 1024px) 100vw, 1024px\" \/><\/a>\n\t\t\t<\/dt><\/dl><br style=\"clear: both\" \/><dl class='gallery-item'>\n\t\t\t<dt class='gallery-icon landscape'>\n\t\t\t\t<a href='http:\/\/laprovidenciaovalle.cl\/colegio\/estudiantes-reciben-emotivo-reconocimiento-tras-viaje-huellas-y-mision-con-carisma-providencia\/whatsapp-image-2025-10-01-at-15-33-17-1-2\/'><img width=\"1024\" height=\"768\" src=\"http:\/\/laprovidenciaovalle.cl\/colegio\/wp-content\/uploads\/2025\/10\/WhatsApp-Image-2025-10-01-at-15.33.17-1-1-1024x768.jpeg\" class=\"attachment-large size-large\" alt=\"\" loading=\"lazy\" srcset=\"http:\/\/laprovidenciaovalle.cl\/colegio\/wp-content\/uploads\/2025\/10\/WhatsApp-Image-2025-10-01-at-15.33.17-1-1-1024x768.jpeg 1024w, http:\/\/laprovidenciaovalle.cl\/colegio\/wp-content\/uploads\/2025\/10\/WhatsApp-Image-2025-10-01-at-15.33.17-1-1-300x225.jpeg 300w, http:\/\/laprovidenciaovalle.cl\/colegio\/wp-content\/uploads\/2025\/10\/WhatsApp-Image-2025-10-01-at-15.33.17-1-1-768x576.jpeg 768w, http:\/\/laprovidenciaovalle.cl\/colegio\/wp-content\/uploads\/2025\/10\/WhatsApp-Image-2025-10-01-at-15.33.17-1-1-1536x1152.jpeg 1536w, http:\/\/laprovidenciaovalle.cl\/colegio\/wp-content\/uploads\/2025\/10\/WhatsApp-Image-2025-10-01-at-15.33.17-1-1-150x113.jpeg 150w, http:\/\/laprovidenciaovalle.cl\/colegio\/wp-content\/uploads\/2025\/10\/WhatsApp-Image-2025-10-01-at-15.33.17-1-1.jpeg 1600w\" sizes=\"(max-width: 1024px) 100vw, 1024px\" \/><\/a>\n\t\t\t<\/dt><\/dl><dl class='gallery-item'>\n\t\t\t<dt class='gallery-icon landscape'>\n\t\t\t\t<a href='http:\/\/laprovidenciaovalle.cl\/colegio\/estudiantes-reciben-emotivo-reconocimiento-tras-viaje-huellas-y-mision-con-carisma-providencia\/whatsapp-image-2025-10-01-at-15-33-17-4\/'><img width=\"1024\" height=\"768\" src=\"http:\/\/laprovidenciaovalle.cl\/colegio\/wp-content\/uploads\/2025\/10\/WhatsApp-Image-2025-10-01-at-15.33.17-4-1024x768.jpeg\" class=\"attachment-large size-large\" alt=\"\" loading=\"lazy\" srcset=\"http:\/\/laprovidenciaovalle.cl\/colegio\/wp-content\/uploads\/2025\/10\/WhatsApp-Image-2025-10-01-at-15.33.17-4-1024x768.jpeg 1024w, http:\/\/laprovidenciaovalle.cl\/colegio\/wp-content\/uploads\/2025\/10\/WhatsApp-Image-2025-10-01-at-15.33.17-4-300x225.jpeg 300w, http:\/\/laprovidenciaovalle.cl\/colegio\/wp-content\/uploads\/2025\/10\/WhatsApp-Image-2025-10-01-at-15.33.17-4-768x576.jpeg 768w, http:\/\/laprovidenciaovalle.cl\/colegio\/wp-content\/uploads\/2025\/10\/WhatsApp-Image-2025-10-01-at-15.33.17-4-1536x1152.jpeg 1536w, http:\/\/laprovidenciaovalle.cl\/colegio\/wp-content\/uploads\/2025\/10\/WhatsApp-Image-2025-10-01-at-15.33.17-4-150x113.jpeg 150w, http:\/\/laprovidenciaovalle.cl\/colegio\/wp-content\/uploads\/2025\/10\/WhatsApp-Image-2025-10-01-at-15.33.17-4.jpeg 1600w\" sizes=\"(max-width: 1024px) 100vw, 1024px\" \/><\/a>\n\t\t\t<\/dt><\/dl><dl class='gallery-item'>\n\t\t\t<dt class='gallery-icon landscape'>\n\t\t\t\t<a href='http:\/\/laprovidenciaovalle.cl\/colegio\/estudiantes-reciben-emotivo-reconocimiento-tras-viaje-huellas-y-mision-con-carisma-providencia\/whatsapp-image-2025-10-01-at-15-33-16-1-2\/'><img width=\"1024\" height=\"768\" src=\"http:\/\/laprovidenciaovalle.cl\/colegio\/wp-content\/uploads\/2025\/10\/WhatsApp-Image-2025-10-01-at-15.33.16-1-1-1024x768.jpeg\" class=\"attachment-large size-large\" alt=\"\" loading=\"lazy\" srcset=\"http:\/\/laprovidenciaovalle.cl\/colegio\/wp-content\/uploads\/2025\/10\/WhatsApp-Image-2025-10-01-at-15.33.16-1-1-1024x768.jpeg 1024w, http:\/\/laprovidenciaovalle.cl\/colegio\/wp-content\/uploads\/2025\/10\/WhatsApp-Image-2025-10-01-at-15.33.16-1-1-300x225.jpeg 300w, http:\/\/laprovidenciaovalle.cl\/colegio\/wp-content\/uploads\/2025\/10\/WhatsApp-Image-2025-10-01-at-15.33.16-1-1-768x576.jpeg 768w, http:\/\/laprovidenciaovalle.cl\/colegio\/wp-content\/uploads\/2025\/10\/WhatsApp-Image-2025-10-01-at-15.33.16-1-1-1536x1152.jpeg 1536w, http:\/\/laprovidenciaovalle.cl\/colegio\/wp-content\/uploads\/2025\/10\/WhatsApp-Image-2025-10-01-at-15.33.16-1-1-150x113.jpeg 150w, http:\/\/laprovidenciaovalle.cl\/colegio\/wp-content\/uploads\/2025\/10\/WhatsApp-Image-2025-10-01-at-15.33.16-1-1.jpeg 1600w\" sizes=\"(max-width: 1024px) 100vw, 1024px\" \/><\/a>\n\t\t\t<\/dt><\/dl><br style=\"clear: both\" \/><dl class='gallery-item'>\n\t\t\t<dt class='gallery-icon landscape'>\n\t\t\t\t<a href='http:\/\/laprovidenciaovalle.cl\/colegio\/estudiantes-reciben-emotivo-reconocimiento-tras-viaje-huellas-y-mision-con-carisma-providencia\/whatsapp-image-2025-10-01-at-15-33-16-2\/'><img width=\"1024\" height=\"768\" src=\"http:\/\/laprovidenciaovalle.cl\/colegio\/wp-content\/uploads\/2025\/10\/WhatsApp-Image-2025-10-01-at-15.33.16-2-1024x768.jpeg\" class=\"attachment-large size-large\" alt=\"\" loading=\"lazy\" srcset=\"http:\/\/laprovidenciaovalle.cl\/colegio\/wp-content\/uploads\/2025\/10\/WhatsApp-Image-2025-10-01-at-15.33.16-2-1024x768.jpeg 1024w, http:\/\/laprovidenciaovalle.cl\/colegio\/wp-content\/uploads\/2025\/10\/WhatsApp-Image-2025-10-01-at-15.33.16-2-300x225.jpeg 300w, http:\/\/laprovidenciaovalle.cl\/colegio\/wp-content\/uploads\/2025\/10\/WhatsApp-Image-2025-10-01-at-15.33.16-2-768x576.jpeg 768w, http:\/\/laprovidenciaovalle.cl\/colegio\/wp-content\/uploads\/2025\/10\/WhatsApp-Image-2025-10-01-at-15.33.16-2-1536x1152.jpeg 1536w, http:\/\/laprovidenciaovalle.cl\/colegio\/wp-content\/uploads\/2025\/10\/WhatsApp-Image-2025-10-01-at-15.33.16-2-150x113.jpeg 150w, http:\/\/laprovidenciaovalle.cl\/colegio\/wp-content\/uploads\/2025\/10\/WhatsApp-Image-2025-10-01-at-15.33.16-2.jpeg 1600w\" sizes=\"(max-width: 1024px) 100vw, 1024px\" \/><\/a>\n\t\t\t<\/dt><\/dl><dl class='gallery-item'>\n\t\t\t<dt class='gallery-icon landscape'>\n\t\t\t\t<a href='http:\/\/laprovidenciaovalle.cl\/colegio\/estudiantes-reciben-emotivo-reconocimiento-tras-viaje-huellas-y-mision-con-carisma-providencia\/whatsapp-image-2025-10-01-at-15-33-15-2\/'><img width=\"1024\" height=\"768\" src=\"http:\/\/laprovidenciaovalle.cl\/colegio\/wp-content\/uploads\/2025\/10\/WhatsApp-Image-2025-10-01-at-15.33.15-1-1024x768.jpeg\" class=\"attachment-large size-large\" alt=\"\" loading=\"lazy\" srcset=\"http:\/\/laprovidenciaovalle.cl\/colegio\/wp-content\/uploads\/2025\/10\/WhatsApp-Image-2025-10-01-at-15.33.15-1-1024x768.jpeg 1024w, http:\/\/laprovidenciaovalle.cl\/colegio\/wp-content\/uploads\/2025\/10\/WhatsApp-Image-2025-10-01-at-15.33.15-1-300x225.jpeg 300w, http:\/\/laprovidenciaovalle.cl\/colegio\/wp-content\/uploads\/2025\/10\/WhatsApp-Image-2025-10-01-at-15.33.15-1-768x576.jpeg 768w, http:\/\/laprovidenciaovalle.cl\/colegio\/wp-content\/uploads\/2025\/10\/WhatsApp-Image-2025-10-01-at-15.33.15-1-1536x1152.jpeg 1536w, http:\/\/laprovidenciaovalle.cl\/colegio\/wp-content\/uploads\/2025\/10\/WhatsApp-Image-2025-10-01-at-15.33.15-1-150x113.jpeg 150w, http:\/\/laprovidenciaovalle.cl\/colegio\/wp-content\/uploads\/2025\/10\/WhatsApp-Image-2025-10-01-at-15.33.15-1.jpeg 1600w\" sizes=\"(max-width: 1024px) 100vw, 1024px\" \/><\/a>\n\t\t\t<\/dt><\/dl><dl class='gallery-item'>\n\t\t\t<dt class='gallery-icon landscape'>\n\t\t\t\t<a href='http:\/\/laprovidenciaovalle.cl\/colegio\/estudiantes-reciben-emotivo-reconocimiento-tras-viaje-huellas-y-mision-con-carisma-providencia\/whatsapp-image-2025-10-01-at-15-32-16-1-2\/'><img width=\"1024\" height=\"768\" src=\"http:\/\/laprovidenciaovalle.cl\/colegio\/wp-content\/uploads\/2025\/10\/WhatsApp-Image-2025-10-01-at-15.32.16-1-1-1024x768.jpeg\" class=\"attachment-large size-large\" alt=\"\" loading=\"lazy\" srcset=\"http:\/\/laprovidenciaovalle.cl\/colegio\/wp-content\/uploads\/2025\/10\/WhatsApp-Image-2025-10-01-at-15.32.16-1-1-1024x768.jpeg 1024w, http:\/\/laprovidenciaovalle.cl\/colegio\/wp-content\/uploads\/2025\/10\/WhatsApp-Image-2025-10-01-at-15.32.16-1-1-300x225.jpeg 300w, http:\/\/laprovidenciaovalle.cl\/colegio\/wp-content\/uploads\/2025\/10\/WhatsApp-Image-2025-10-01-at-15.32.16-1-1-768x576.jpeg 768w, http:\/\/laprovidenciaovalle.cl\/colegio\/wp-content\/uploads\/2025\/10\/WhatsApp-Image-2025-10-01-at-15.32.16-1-1-1536x1152.jpeg 1536w, http:\/\/laprovidenciaovalle.cl\/colegio\/wp-content\/uploads\/2025\/10\/WhatsApp-Image-2025-10-01-at-15.32.16-1-1-150x113.jpeg 150w, http:\/\/laprovidenciaovalle.cl\/colegio\/wp-content\/uploads\/2025\/10\/WhatsApp-Image-2025-10-01-at-15.32.16-1-1.jpeg 1600w\" sizes=\"(max-width: 1024px) 100vw, 1024px\" \/><\/a>\n\t\t\t<\/dt><\/dl><br style=\"clear: both\" \/><dl class='gallery-item'>\n\t\t\t<dt class='gallery-icon landscape'>\n\t\t\t\t<a href='http:\/\/laprovidenciaovalle.cl\/colegio\/estudiantes-reciben-emotivo-reconocimiento-tras-viaje-huellas-y-mision-con-carisma-providencia\/whatsapp-image-2025-10-01-at-15-32-16-2\/'><img width=\"1024\" height=\"768\" src=\"http:\/\/laprovidenciaovalle.cl\/colegio\/wp-content\/uploads\/2025\/10\/WhatsApp-Image-2025-10-01-at-15.32.16-2-1024x768.jpeg\" class=\"attachment-large size-large\" alt=\"\" loading=\"lazy\" srcset=\"http:\/\/laprovidenciaovalle.cl\/colegio\/wp-content\/uploads\/2025\/10\/WhatsApp-Image-2025-10-01-at-15.32.16-2-1024x768.jpeg 1024w, http:\/\/laprovidenciaovalle.cl\/colegio\/wp-content\/uploads\/2025\/10\/WhatsApp-Image-2025-10-01-at-15.32.16-2-300x225.jpeg 300w, http:\/\/laprovidenciaovalle.cl\/colegio\/wp-content\/uploads\/2025\/10\/WhatsApp-Image-2025-10-01-at-15.32.16-2-768x576.jpeg 768w, http:\/\/laprovidenciaovalle.cl\/colegio\/wp-content\/uploads\/2025\/10\/WhatsApp-Image-2025-10-01-at-15.32.16-2-1536x1152.jpeg 1536w, http:\/\/laprovidenciaovalle.cl\/colegio\/wp-content\/uploads\/2025\/10\/WhatsApp-Image-2025-10-01-at-15.32.16-2-150x113.jpeg 150w, http:\/\/laprovidenciaovalle.cl\/colegio\/wp-content\/uploads\/2025\/10\/WhatsApp-Image-2025-10-01-at-15.32.16-2.jpeg 1600w\" sizes=\"(max-width: 1024px) 100vw, 1024px\" \/><\/a>\n\t\t\t<\/dt><\/dl><dl class='gallery-item'>\n\t\t\t<dt class='gallery-icon landscape'>\n\t\t\t\t<a href='http:\/\/laprovidenciaovalle.cl\/colegio\/estudiantes-reciben-emotivo-reconocimiento-tras-viaje-huellas-y-mision-con-carisma-providencia\/whatsapp-image-2025-10-01-at-15-31-59-3-2\/'><img width=\"1024\" height=\"768\" src=\"http:\/\/laprovidenciaovalle.cl\/colegio\/wp-content\/uploads\/2025\/10\/WhatsApp-Image-2025-10-01-at-15.31.59-3-1-1024x768.jpeg\" class=\"attachment-large size-large\" alt=\"\" loading=\"lazy\" srcset=\"http:\/\/laprovidenciaovalle.cl\/colegio\/wp-content\/uploads\/2025\/10\/WhatsApp-Image-2025-10-01-at-15.31.59-3-1-1024x768.jpeg 1024w, http:\/\/laprovidenciaovalle.cl\/colegio\/wp-content\/uploads\/2025\/10\/WhatsApp-Image-2025-10-01-at-15.31.59-3-1-300x225.jpeg 300w, http:\/\/laprovidenciaovalle.cl\/colegio\/wp-content\/uploads\/2025\/10\/WhatsApp-Image-2025-10-01-at-15.31.59-3-1-768x576.jpeg 768w, http:\/\/laprovidenciaovalle.cl\/colegio\/wp-content\/uploads\/2025\/10\/WhatsApp-Image-2025-10-01-at-15.31.59-3-1-1536x1152.jpeg 1536w, http:\/\/laprovidenciaovalle.cl\/colegio\/wp-content\/uploads\/2025\/10\/WhatsApp-Image-2025-10-01-at-15.31.59-3-1-150x113.jpeg 150w, http:\/\/laprovidenciaovalle.cl\/colegio\/wp-content\/uploads\/2025\/10\/WhatsApp-Image-2025-10-01-at-15.31.59-3-1.jpeg 1600w\" sizes=\"(max-width: 1024px) 100vw, 1024px\" \/><\/a>\n\t\t\t<\/dt><\/dl><dl class='gallery-item'>\n\t\t\t<dt class='gallery-icon landscape'>\n\t\t\t\t<a href='http:\/\/laprovidenciaovalle.cl\/colegio\/estudiantes-reciben-emotivo-reconocimiento-tras-viaje-huellas-y-mision-con-carisma-providencia\/whatsapp-image-2025-10-01-at-15-31-59-2-2\/'><img width=\"1024\" height=\"768\" src=\"http:\/\/laprovidenciaovalle.cl\/colegio\/wp-content\/uploads\/2025\/10\/WhatsApp-Image-2025-10-01-at-15.31.59-2-1-1024x768.jpeg\" class=\"attachment-large size-large\" alt=\"\" loading=\"lazy\" srcset=\"http:\/\/laprovidenciaovalle.cl\/colegio\/wp-content\/uploads\/2025\/10\/WhatsApp-Image-2025-10-01-at-15.31.59-2-1-1024x768.jpeg 1024w, http:\/\/laprovidenciaovalle.cl\/colegio\/wp-content\/uploads\/2025\/10\/WhatsApp-Image-2025-10-01-at-15.31.59-2-1-300x225.jpeg 300w, http:\/\/laprovidenciaovalle.cl\/colegio\/wp-content\/uploads\/2025\/10\/WhatsApp-Image-2025-10-01-at-15.31.59-2-1-768x576.jpeg 768w, http:\/\/laprovidenciaovalle.cl\/colegio\/wp-content\/uploads\/2025\/10\/WhatsApp-Image-2025-10-01-at-15.31.59-2-1-1536x1152.jpeg 1536w, http:\/\/laprovidenciaovalle.cl\/colegio\/wp-content\/uploads\/2025\/10\/WhatsApp-Image-2025-10-01-at-15.31.59-2-1-150x113.jpeg 150w, http:\/\/laprovidenciaovalle.cl\/colegio\/wp-content\/uploads\/2025\/10\/WhatsApp-Image-2025-10-01-at-15.31.59-2-1.jpeg 1600w\" sizes=\"(max-width: 1024px) 100vw, 1024px\" \/><\/a>\n\t\t\t<\/dt><\/dl><br style=\"clear: both\" \/><dl class='gallery-item'>\n\t\t\t<dt class='gallery-icon landscape'>\n\t\t\t\t<a href='http:\/\/laprovidenciaovalle.cl\/colegio\/estudiantes-reciben-emotivo-reconocimiento-tras-viaje-huellas-y-mision-con-carisma-providencia\/whatsapp-image-2025-10-01-at-15-31-59-4\/'><img width=\"1024\" height=\"768\" src=\"http:\/\/laprovidenciaovalle.cl\/colegio\/wp-content\/uploads\/2025\/10\/WhatsApp-Image-2025-10-01-at-15.31.59-4-1024x768.jpeg\" class=\"attachment-large size-large\" alt=\"\" loading=\"lazy\" srcset=\"http:\/\/laprovidenciaovalle.cl\/colegio\/wp-content\/uploads\/2025\/10\/WhatsApp-Image-2025-10-01-at-15.31.59-4-1024x768.jpeg 1024w, http:\/\/laprovidenciaovalle.cl\/colegio\/wp-content\/uploads\/2025\/10\/WhatsApp-Image-2025-10-01-at-15.31.59-4-300x225.jpeg 300w, http:\/\/laprovidenciaovalle.cl\/colegio\/wp-content\/uploads\/2025\/10\/WhatsApp-Image-2025-10-01-at-15.31.59-4-768x576.jpeg 768w, http:\/\/laprovidenciaovalle.cl\/colegio\/wp-content\/uploads\/2025\/10\/WhatsApp-Image-2025-10-01-at-15.31.59-4-1536x1152.jpeg 1536w, http:\/\/laprovidenciaovalle.cl\/colegio\/wp-content\/uploads\/2025\/10\/WhatsApp-Image-2025-10-01-at-15.31.59-4-150x113.jpeg 150w, http:\/\/laprovidenciaovalle.cl\/colegio\/wp-content\/uploads\/2025\/10\/WhatsApp-Image-2025-10-01-at-15.31.59-4.jpeg 1600w\" sizes=\"(max-width: 1024px) 100vw, 1024px\" \/><\/a>\n\t\t\t<\/dt><\/dl><dl class='gallery-item'>\n\t\t\t<dt class='gallery-icon landscape'>\n\t\t\t\t<a href='http:\/\/laprovidenciaovalle.cl\/colegio\/estudiantes-reciben-emotivo-reconocimiento-tras-viaje-huellas-y-mision-con-carisma-providencia\/whatsapp-image-2025-10-01-at-15-31-58-1-2\/'><img width=\"1024\" height=\"768\" src=\"http:\/\/laprovidenciaovalle.cl\/colegio\/wp-content\/uploads\/2025\/10\/WhatsApp-Image-2025-10-01-at-15.31.58-1-1-1024x768.jpeg\" class=\"attachment-large size-large\" alt=\"\" loading=\"lazy\" srcset=\"http:\/\/laprovidenciaovalle.cl\/colegio\/wp-content\/uploads\/2025\/10\/WhatsApp-Image-2025-10-01-at-15.31.58-1-1-1024x768.jpeg 1024w, http:\/\/laprovidenciaovalle.cl\/colegio\/wp-content\/uploads\/2025\/10\/WhatsApp-Image-2025-10-01-at-15.31.58-1-1-300x225.jpeg 300w, http:\/\/laprovidenciaovalle.cl\/colegio\/wp-content\/uploads\/2025\/10\/WhatsApp-Image-2025-10-01-at-15.31.58-1-1-768x576.jpeg 768w, http:\/\/laprovidenciaovalle.cl\/colegio\/wp-content\/uploads\/2025\/10\/WhatsApp-Image-2025-10-01-at-15.31.58-1-1-1536x1152.jpeg 1536w, http:\/\/laprovidenciaovalle.cl\/colegio\/wp-content\/uploads\/2025\/10\/WhatsApp-Image-2025-10-01-at-15.31.58-1-1-150x113.jpeg 150w, http:\/\/laprovidenciaovalle.cl\/colegio\/wp-content\/uploads\/2025\/10\/WhatsApp-Image-2025-10-01-at-15.31.58-1-1.jpeg 1600w\" sizes=\"(max-width: 1024px) 100vw, 1024px\" \/><\/a>\n\t\t\t<\/dt><\/dl><dl class='gallery-item'>\n\t\t\t<dt class='gallery-icon landscape'>\n\t\t\t\t<a href='http:\/\/laprovidenciaovalle.cl\/colegio\/estudiantes-reciben-emotivo-reconocimiento-tras-viaje-huellas-y-mision-con-carisma-providencia\/whatsapp-image-2025-10-01-at-15-31-58-2\/'><img width=\"1024\" height=\"768\" src=\"http:\/\/laprovidenciaovalle.cl\/colegio\/wp-content\/uploads\/2025\/10\/WhatsApp-Image-2025-10-01-at-15.31.58-2-1024x768.jpeg\" class=\"attachment-large size-large\" alt=\"\" loading=\"lazy\" srcset=\"http:\/\/laprovidenciaovalle.cl\/colegio\/wp-content\/uploads\/2025\/10\/WhatsApp-Image-2025-10-01-at-15.31.58-2-1024x768.jpeg 1024w, http:\/\/laprovidenciaovalle.cl\/colegio\/wp-content\/uploads\/2025\/10\/WhatsApp-Image-2025-10-01-at-15.31.58-2-300x225.jpeg 300w, http:\/\/laprovidenciaovalle.cl\/colegio\/wp-content\/uploads\/2025\/10\/WhatsApp-Image-2025-10-01-at-15.31.58-2-768x576.jpeg 768w, http:\/\/laprovidenciaovalle.cl\/colegio\/wp-content\/uploads\/2025\/10\/WhatsApp-Image-2025-10-01-at-15.31.58-2-1536x1152.jpeg 1536w, http:\/\/laprovidenciaovalle.cl\/colegio\/wp-content\/uploads\/2025\/10\/WhatsApp-Image-2025-10-01-at-15.31.58-2-150x113.jpeg 150w, http:\/\/laprovidenciaovalle.cl\/colegio\/wp-content\/uploads\/2025\/10\/WhatsApp-Image-2025-10-01-at-15.31.58-2.jpeg 1600w\" sizes=\"(max-width: 1024px) 100vw, 1024px\" \/><\/a>\n\t\t\t<\/dt><\/dl><br style=\"clear: both\" \/><dl class='gallery-item'>\n\t\t\t<dt class='gallery-icon portrait'>\n\t\t\t\t<a href='http:\/\/laprovidenciaovalle.cl\/colegio\/estudiantes-reciben-emotivo-reconocimiento-tras-viaje-huellas-y-mision-con-carisma-providencia\/whatsapp-image-2025-10-01-at-12-57-53-2\/'><img width=\"768\" height=\"1024\" src=\"http:\/\/laprovidenciaovalle.cl\/colegio\/wp-content\/uploads\/2025\/10\/WhatsApp-Image-2025-10-01-at-12.57.53-1-768x1024.jpeg\" class=\"attachment-large size-large\" alt=\"\" loading=\"lazy\" srcset=\"http:\/\/laprovidenciaovalle.cl\/colegio\/wp-content\/uploads\/2025\/10\/WhatsApp-Image-2025-10-01-at-12.57.53-1-768x1024.jpeg 768w, http:\/\/laprovidenciaovalle.cl\/colegio\/wp-content\/uploads\/2025\/10\/WhatsApp-Image-2025-10-01-at-12.57.53-1-225x300.jpeg 225w, http:\/\/laprovidenciaovalle.cl\/colegio\/wp-content\/uploads\/2025\/10\/WhatsApp-Image-2025-10-01-at-12.57.53-1-1152x1536.jpeg 1152w, http:\/\/laprovidenciaovalle.cl\/colegio\/wp-content\/uploads\/2025\/10\/WhatsApp-Image-2025-10-01-at-12.57.53-1-113x150.jpeg 113w, http:\/\/laprovidenciaovalle.cl\/colegio\/wp-content\/uploads\/2025\/10\/WhatsApp-Image-2025-10-01-at-12.57.53-1.jpeg 1200w\" sizes=\"(max-width: 768px) 100vw, 768px\" \/><\/a>\n\t\t\t<\/dt><\/dl><dl class='gallery-item'>\n\t\t\t<dt class='gallery-icon portrait'>\n\t\t\t\t<a href='http:\/\/laprovidenciaovalle.cl\/colegio\/estudiantes-reciben-emotivo-reconocimiento-tras-viaje-huellas-y-mision-con-carisma-providencia\/whatsapp-image-2025-10-01-at-12-57-40-2\/'><img width=\"768\" height=\"1024\" src=\"http:\/\/laprovidenciaovalle.cl\/colegio\/wp-content\/uploads\/2025\/10\/WhatsApp-Image-2025-10-01-at-12.57.40-1-768x1024.jpeg\" class=\"attachment-large size-large\" alt=\"\" loading=\"lazy\" srcset=\"http:\/\/laprovidenciaovalle.cl\/colegio\/wp-content\/uploads\/2025\/10\/WhatsApp-Image-2025-10-01-at-12.57.40-1-768x1024.jpeg 768w, http:\/\/laprovidenciaovalle.cl\/colegio\/wp-content\/uploads\/2025\/10\/WhatsApp-Image-2025-10-01-at-12.57.40-1-225x300.jpeg 225w, http:\/\/laprovidenciaovalle.cl\/colegio\/wp-content\/uploads\/2025\/10\/WhatsApp-Image-2025-10-01-at-12.57.40-1-1152x1536.jpeg 1152w, http:\/\/laprovidenciaovalle.cl\/colegio\/wp-content\/uploads\/2025\/10\/WhatsApp-Image-2025-10-01-at-12.57.40-1-113x150.jpeg 113w, http:\/\/laprovidenciaovalle.cl\/colegio\/wp-content\/uploads\/2025\/10\/WhatsApp-Image-2025-10-01-at-12.57.40-1.jpeg 1200w\" sizes=\"(max-width: 768px) 100vw, 768px\" \/><\/a>\n\t\t\t<\/dt><\/dl><dl class='gallery-item'>\n\t\t\t<dt class='gallery-icon portrait'>\n\t\t\t\t<a href='http:\/\/laprovidenciaovalle.cl\/colegio\/estudiantes-reciben-emotivo-reconocimiento-tras-viaje-huellas-y-mision-con-carisma-providencia\/whatsapp-image-2025-10-01-at-12-55-31-2\/'><img width=\"768\" height=\"1024\" src=\"http:\/\/laprovidenciaovalle.cl\/colegio\/wp-content\/uploads\/2025\/10\/WhatsApp-Image-2025-10-01-at-12.55.31-1-768x1024.jpeg\" class=\"attachment-large size-large\" alt=\"\" loading=\"lazy\" srcset=\"http:\/\/laprovidenciaovalle.cl\/colegio\/wp-content\/uploads\/2025\/10\/WhatsApp-Image-2025-10-01-at-12.55.31-1-768x1024.jpeg 768w, http:\/\/laprovidenciaovalle.cl\/colegio\/wp-content\/uploads\/2025\/10\/WhatsApp-Image-2025-10-01-at-12.55.31-1-225x300.jpeg 225w, http:\/\/laprovidenciaovalle.cl\/colegio\/wp-content\/uploads\/2025\/10\/WhatsApp-Image-2025-10-01-at-12.55.31-1-1152x1536.jpeg 1152w, http:\/\/laprovidenciaovalle.cl\/colegio\/wp-content\/uploads\/2025\/10\/WhatsApp-Image-2025-10-01-at-12.55.31-1-113x150.jpeg 113w, http:\/\/laprovidenciaovalle.cl\/colegio\/wp-content\/uploads\/2025\/10\/WhatsApp-Image-2025-10-01-at-12.55.31-1.jpeg 1200w\" sizes=\"(max-width: 768px) 100vw, 768px\" \/><\/a>\n\t\t\t<\/dt><\/dl><br style=\"clear: both\" \/><dl class='gallery-item'>\n\t\t\t<dt class='gallery-icon landscape'>\n\t\t\t\t<a href='http:\/\/laprovidenciaovalle.cl\/colegio\/estudiantes-reciben-emotivo-reconocimiento-tras-viaje-huellas-y-mision-con-carisma-providencia\/whatsapp-image-2025-10-02-at-09-52-50-2\/'><img width=\"1024\" height=\"768\" src=\"http:\/\/laprovidenciaovalle.cl\/colegio\/wp-content\/uploads\/2025\/10\/WhatsApp-Image-2025-10-02-at-09.52.50-1-1024x768.jpeg\" class=\"attachment-large size-large\" alt=\"\" loading=\"lazy\" srcset=\"http:\/\/laprovidenciaovalle.cl\/colegio\/wp-content\/uploads\/2025\/10\/WhatsApp-Image-2025-10-02-at-09.52.50-1-1024x768.jpeg 1024w, http:\/\/laprovidenciaovalle.cl\/colegio\/wp-content\/uploads\/2025\/10\/WhatsApp-Image-2025-10-02-at-09.52.50-1-300x225.jpeg 300w, http:\/\/laprovidenciaovalle.cl\/colegio\/wp-content\/uploads\/2025\/10\/WhatsApp-Image-2025-10-02-at-09.52.50-1-768x576.jpeg 768w, http:\/\/laprovidenciaovalle.cl\/colegio\/wp-content\/uploads\/2025\/10\/WhatsApp-Image-2025-10-02-at-09.52.50-1-1536x1152.jpeg 1536w, http:\/\/laprovidenciaovalle.cl\/colegio\/wp-content\/uploads\/2025\/10\/WhatsApp-Image-2025-10-02-at-09.52.50-1-150x113.jpeg 150w, http:\/\/laprovidenciaovalle.cl\/colegio\/wp-content\/uploads\/2025\/10\/WhatsApp-Image-2025-10-02-at-09.52.50-1.jpeg 1600w\" sizes=\"(max-width: 1024px) 100vw, 1024px\" \/><\/a>\n\t\t\t<\/dt><\/dl><dl class='gallery-item'>\n\t\t\t<dt class='gallery-icon landscape'>\n\t\t\t\t<a href='http:\/\/laprovidenciaovalle.cl\/colegio\/estudiantes-reciben-emotivo-reconocimiento-tras-viaje-huellas-y-mision-con-carisma-providencia\/whatsapp-image-2025-10-02-at-09-52-49\/'><img width=\"1024\" height=\"768\" src=\"http:\/\/laprovidenciaovalle.cl\/colegio\/wp-content\/uploads\/2025\/10\/WhatsApp-Image-2025-10-02-at-09.52.49-1024x768.jpeg\" class=\"attachment-large size-large\" alt=\"\" loading=\"lazy\" srcset=\"http:\/\/laprovidenciaovalle.cl\/colegio\/wp-content\/uploads\/2025\/10\/WhatsApp-Image-2025-10-02-at-09.52.49-1024x768.jpeg 1024w, http:\/\/laprovidenciaovalle.cl\/colegio\/wp-content\/uploads\/2025\/10\/WhatsApp-Image-2025-10-02-at-09.52.49-300x225.jpeg 300w, http:\/\/laprovidenciaovalle.cl\/colegio\/wp-content\/uploads\/2025\/10\/WhatsApp-Image-2025-10-02-at-09.52.49-768x576.jpeg 768w, http:\/\/laprovidenciaovalle.cl\/colegio\/wp-content\/uploads\/2025\/10\/WhatsApp-Image-2025-10-02-at-09.52.49-1536x1152.jpeg 1536w, http:\/\/laprovidenciaovalle.cl\/colegio\/wp-content\/uploads\/2025\/10\/WhatsApp-Image-2025-10-02-at-09.52.49-150x113.jpeg 150w, http:\/\/laprovidenciaovalle.cl\/colegio\/wp-content\/uploads\/2025\/10\/WhatsApp-Image-2025-10-02-at-09.52.49.jpeg 1600w\" sizes=\"(max-width: 1024px) 100vw, 1024px\" \/><\/a>\n\t\t\t<\/dt><\/dl><dl class='gallery-item'>\n\t\t\t<dt class='gallery-icon landscape'>\n\t\t\t\t<a href='http:\/\/laprovidenciaovalle.cl\/colegio\/estudiantes-reciben-emotivo-reconocimiento-tras-viaje-huellas-y-mision-con-carisma-providencia\/whatsapp-image-2025-10-02-at-09-51-01-3\/'><img width=\"1024\" height=\"768\" src=\"http:\/\/laprovidenciaovalle.cl\/colegio\/wp-content\/uploads\/2025\/10\/WhatsApp-Image-2025-10-02-at-09.51.01-3-1024x768.jpeg\" class=\"attachment-large size-large\" alt=\"\" loading=\"lazy\" srcset=\"http:\/\/laprovidenciaovalle.cl\/colegio\/wp-content\/uploads\/2025\/10\/WhatsApp-Image-2025-10-02-at-09.51.01-3-1024x768.jpeg 1024w, http:\/\/laprovidenciaovalle.cl\/colegio\/wp-content\/uploads\/2025\/10\/WhatsApp-Image-2025-10-02-at-09.51.01-3-300x225.jpeg 300w, http:\/\/laprovidenciaovalle.cl\/colegio\/wp-content\/uploads\/2025\/10\/WhatsApp-Image-2025-10-02-at-09.51.01-3-768x576.jpeg 768w, http:\/\/laprovidenciaovalle.cl\/colegio\/wp-content\/uploads\/2025\/10\/WhatsApp-Image-2025-10-02-at-09.51.01-3-1536x1152.jpeg 1536w, http:\/\/laprovidenciaovalle.cl\/colegio\/wp-content\/uploads\/2025\/10\/WhatsApp-Image-2025-10-02-at-09.51.01-3-150x113.jpeg 150w, http:\/\/laprovidenciaovalle.cl\/colegio\/wp-content\/uploads\/2025\/10\/WhatsApp-Image-2025-10-02-at-09.51.01-3.jpeg 1600w\" sizes=\"(max-width: 1024px) 100vw, 1024px\" \/><\/a>\n\t\t\t<\/dt><\/dl><br style=\"clear: both\" \/><dl class='gallery-item'>\n\t\t\t<dt class='gallery-icon landscape'>\n\t\t\t\t<a href='http:\/\/laprovidenciaovalle.cl\/colegio\/estudiantes-reciben-emotivo-reconocimiento-tras-viaje-huellas-y-mision-con-carisma-providencia\/whatsapp-image-2025-10-02-at-09-51-01-1\/'><img width=\"1024\" height=\"768\" src=\"http:\/\/laprovidenciaovalle.cl\/colegio\/wp-content\/uploads\/2025\/10\/WhatsApp-Image-2025-10-02-at-09.51.01-1-1024x768.jpeg\" class=\"attachment-large size-large\" alt=\"\" loading=\"lazy\" srcset=\"http:\/\/laprovidenciaovalle.cl\/colegio\/wp-content\/uploads\/2025\/10\/WhatsApp-Image-2025-10-02-at-09.51.01-1-1024x768.jpeg 1024w, http:\/\/laprovidenciaovalle.cl\/colegio\/wp-content\/uploads\/2025\/10\/WhatsApp-Image-2025-10-02-at-09.51.01-1-300x225.jpeg 300w, http:\/\/laprovidenciaovalle.cl\/colegio\/wp-content\/uploads\/2025\/10\/WhatsApp-Image-2025-10-02-at-09.51.01-1-768x576.jpeg 768w, http:\/\/laprovidenciaovalle.cl\/colegio\/wp-content\/uploads\/2025\/10\/WhatsApp-Image-2025-10-02-at-09.51.01-1-1536x1152.jpeg 1536w, http:\/\/laprovidenciaovalle.cl\/colegio\/wp-content\/uploads\/2025\/10\/WhatsApp-Image-2025-10-02-at-09.51.01-1-150x113.jpeg 150w, http:\/\/laprovidenciaovalle.cl\/colegio\/wp-content\/uploads\/2025\/10\/WhatsApp-Image-2025-10-02-at-09.51.01-1.jpeg 1600w\" sizes=\"(max-width: 1024px) 100vw, 1024px\" \/><\/a>\n\t\t\t<\/dt><\/dl><dl class='gallery-item'>\n\t\t\t<dt class='gallery-icon landscape'>\n\t\t\t\t<a href='http:\/\/laprovidenciaovalle.cl\/colegio\/estudiantes-reciben-emotivo-reconocimiento-tras-viaje-huellas-y-mision-con-carisma-providencia\/whatsapp-image-2025-10-02-at-09-51-01-4\/'><img width=\"1024\" height=\"768\" src=\"http:\/\/laprovidenciaovalle.cl\/colegio\/wp-content\/uploads\/2025\/10\/WhatsApp-Image-2025-10-02-at-09.51.01-4-1024x768.jpeg\" class=\"attachment-large size-large\" alt=\"\" loading=\"lazy\" srcset=\"http:\/\/laprovidenciaovalle.cl\/colegio\/wp-content\/uploads\/2025\/10\/WhatsApp-Image-2025-10-02-at-09.51.01-4-1024x768.jpeg 1024w, http:\/\/laprovidenciaovalle.cl\/colegio\/wp-content\/uploads\/2025\/10\/WhatsApp-Image-2025-10-02-at-09.51.01-4-300x225.jpeg 300w, http:\/\/laprovidenciaovalle.cl\/colegio\/wp-content\/uploads\/2025\/10\/WhatsApp-Image-2025-10-02-at-09.51.01-4-768x576.jpeg 768w, http:\/\/laprovidenciaovalle.cl\/colegio\/wp-content\/uploads\/2025\/10\/WhatsApp-Image-2025-10-02-at-09.51.01-4-1536x1152.jpeg 1536w, http:\/\/laprovidenciaovalle.cl\/colegio\/wp-content\/uploads\/2025\/10\/WhatsApp-Image-2025-10-02-at-09.51.01-4-150x113.jpeg 150w, http:\/\/laprovidenciaovalle.cl\/colegio\/wp-content\/uploads\/2025\/10\/WhatsApp-Image-2025-10-02-at-09.51.01-4.jpeg 1600w\" sizes=\"(max-width: 1024px) 100vw, 1024px\" \/><\/a>\n\t\t\t<\/dt><\/dl><dl class='gallery-item'>\n\t\t\t<dt class='gallery-icon landscape'>\n\t\t\t\t<a href='http:\/\/laprovidenciaovalle.cl\/colegio\/estudiantes-reciben-emotivo-reconocimiento-tras-viaje-huellas-y-mision-con-carisma-providencia\/whatsapp-image-2025-10-02-at-09-51-00-1-2\/'><img width=\"1024\" height=\"768\" src=\"http:\/\/laprovidenciaovalle.cl\/colegio\/wp-content\/uploads\/2025\/10\/WhatsApp-Image-2025-10-02-at-09.51.00-1-1-1024x768.jpeg\" class=\"attachment-large size-large\" alt=\"\" loading=\"lazy\" srcset=\"http:\/\/laprovidenciaovalle.cl\/colegio\/wp-content\/uploads\/2025\/10\/WhatsApp-Image-2025-10-02-at-09.51.00-1-1-1024x768.jpeg 1024w, http:\/\/laprovidenciaovalle.cl\/colegio\/wp-content\/uploads\/2025\/10\/WhatsApp-Image-2025-10-02-at-09.51.00-1-1-300x225.jpeg 300w, http:\/\/laprovidenciaovalle.cl\/colegio\/wp-content\/uploads\/2025\/10\/WhatsApp-Image-2025-10-02-at-09.51.00-1-1-768x576.jpeg 768w, http:\/\/laprovidenciaovalle.cl\/colegio\/wp-content\/uploads\/2025\/10\/WhatsApp-Image-2025-10-02-at-09.51.00-1-1-1536x1152.jpeg 1536w, http:\/\/laprovidenciaovalle.cl\/colegio\/wp-content\/uploads\/2025\/10\/WhatsApp-Image-2025-10-02-at-09.51.00-1-1-150x113.jpeg 150w, http:\/\/laprovidenciaovalle.cl\/colegio\/wp-content\/uploads\/2025\/10\/WhatsApp-Image-2025-10-02-at-09.51.00-1-1.jpeg 1600w\" sizes=\"(max-width: 1024px) 100vw, 1024px\" \/><\/a>\n\t\t\t<\/dt><\/dl><br style=\"clear: both\" \/><dl class='gallery-item'>\n\t\t\t<dt class='gallery-icon landscape'>\n\t\t\t\t<a href='http:\/\/laprovidenciaovalle.cl\/colegio\/estudiantes-reciben-emotivo-reconocimiento-tras-viaje-huellas-y-mision-con-carisma-providencia\/whatsapp-image-2025-10-02-at-09-51-00\/'><img width=\"1024\" height=\"768\" src=\"http:\/\/laprovidenciaovalle.cl\/colegio\/wp-content\/uploads\/2025\/10\/WhatsApp-Image-2025-10-02-at-09.51.00-1024x768.jpeg\" class=\"attachment-large size-large\" alt=\"\" loading=\"lazy\" srcset=\"http:\/\/laprovidenciaovalle.cl\/colegio\/wp-content\/uploads\/2025\/10\/WhatsApp-Image-2025-10-02-at-09.51.00-1024x768.jpeg 1024w, http:\/\/laprovidenciaovalle.cl\/colegio\/wp-content\/uploads\/2025\/10\/WhatsApp-Image-2025-10-02-at-09.51.00-300x225.jpeg 300w, http:\/\/laprovidenciaovalle.cl\/colegio\/wp-content\/uploads\/2025\/10\/WhatsApp-Image-2025-10-02-at-09.51.00-768x576.jpeg 768w, http:\/\/laprovidenciaovalle.cl\/colegio\/wp-content\/uploads\/2025\/10\/WhatsApp-Image-2025-10-02-at-09.51.00-1536x1152.jpeg 1536w, http:\/\/laprovidenciaovalle.cl\/colegio\/wp-content\/uploads\/2025\/10\/WhatsApp-Image-2025-10-02-at-09.51.00-150x113.jpeg 150w, http:\/\/laprovidenciaovalle.cl\/colegio\/wp-content\/uploads\/2025\/10\/WhatsApp-Image-2025-10-02-at-09.51.00.jpeg 1600w\" sizes=\"(max-width: 1024px) 100vw, 1024px\" \/><\/a>\n\t\t\t<\/dt><\/dl><dl class='gallery-item'>\n\t\t\t<dt class='gallery-icon landscape'>\n\t\t\t\t<a href='http:\/\/laprovidenciaovalle.cl\/colegio\/estudiantes-reciben-emotivo-reconocimiento-tras-viaje-huellas-y-mision-con-carisma-providencia\/whatsapp-image-2025-10-07-at-11-28-52\/'><img width=\"1024\" height=\"768\" src=\"http:\/\/laprovidenciaovalle.cl\/colegio\/wp-content\/uploads\/2025\/10\/WhatsApp-Image-2025-10-07-at-11.28.52-1024x768.jpeg\" class=\"attachment-large size-large\" alt=\"\" loading=\"lazy\" srcset=\"http:\/\/laprovidenciaovalle.cl\/colegio\/wp-content\/uploads\/2025\/10\/WhatsApp-Image-2025-10-07-at-11.28.52-1024x768.jpeg 1024w, http:\/\/laprovidenciaovalle.cl\/colegio\/wp-content\/uploads\/2025\/10\/WhatsApp-Image-2025-10-07-at-11.28.52-300x225.jpeg 300w, http:\/\/laprovidenciaovalle.cl\/colegio\/wp-content\/uploads\/2025\/10\/WhatsApp-Image-2025-10-07-at-11.28.52-768x576.jpeg 768w, http:\/\/laprovidenciaovalle.cl\/colegio\/wp-content\/uploads\/2025\/10\/WhatsApp-Image-2025-10-07-at-11.28.52-1536x1152.jpeg 1536w, http:\/\/laprovidenciaovalle.cl\/colegio\/wp-content\/uploads\/2025\/10\/WhatsApp-Image-2025-10-07-at-11.28.52-150x113.jpeg 150w, http:\/\/laprovidenciaovalle.cl\/colegio\/wp-content\/uploads\/2025\/10\/WhatsApp-Image-2025-10-07-at-11.28.52.jpeg 1600w\" sizes=\"(max-width: 1024px) 100vw, 1024px\" \/><\/a>\n\t\t\t<\/dt><\/dl>\n\t\t\t<br style='clear: both' \/>\n\t\t<\/div>\n\n","protected":false},"excerpt":{"rendered":"<p>Luego de vivir una experiencia formativa, cultural y misionera en las ciudades de Santiago, Valpara\u00edso y Buin, las estudiantes seleccionadas para el viaje vocacional pedag\u00f3gico \u201cHuellas y Misi\u00f3n con Carisma Providencia\u201d se reunieron el lunes 6 de octubre en el CRA de nuestro colegio para compartir reflexiones y recibir un especial reconocimiento por parte de la comunidad educativa. La Sra.&nbsp;<a href=\"http:\/\/laprovidenciaovalle.cl\/colegio\/estudiantes-reciben-emotivo-reconocimiento-tras-viaje-huellas-y-mision-con-carisma-providencia\/\">[&hellip;]<\/a><\/p>\n","protected":false},"author":5,"featured_media":21121,"comment_status":"closed","ping_status":"closed","sticky":false,"template":"","format":"standard","meta":[],"categories":[16],"tags":[],"yoast_head":"<!-- This site is optimized with the Yoast SEO plugin v15.2 - https:\/\/yoast.com\/wordpress\/plugins\/seo\/ -->\n<title>\u00a0Estudiantes reciben emotivo reconocimiento tras viaje \u201cHuellas y Misi\u00f3n con Carisma Providencia\u201d - Colegio La Providencia<\/title>\n<meta name=\"robots\" content=\"index, follow, max-snippet:-1, max-image-preview:large, max-video-preview:-1\" \/>\n<link rel=\"canonical\" href=\"http:\/\/laprovidenciaovalle.cl\/colegio\/estudiantes-reciben-emotivo-reconocimiento-tras-viaje-huellas-y-mision-con-carisma-providencia\/\" \/>\n<meta property=\"og:locale\" content=\"es_ES\" \/>\n<meta property=\"og:type\" content=\"article\" \/>\n<meta property=\"og:title\" content=\"\u00a0Estudiantes reciben emotivo reconocimiento tras viaje \u201cHuellas y Misi\u00f3n con Carisma Providencia\u201d - Colegio La Providencia\" \/>\n<meta property=\"og:description\" content=\"Luego de vivir una experiencia formativa, cultural y misionera en las ciudades de Santiago, Valpara\u00edso y Buin, las estudiantes seleccionadas para el viaje vocacional pedag\u00f3gico \u201cHuellas y Misi\u00f3n con Carisma Providencia\u201d se reunieron el lunes 6 de octubre en el CRA de nuestro colegio para compartir reflexiones y recibir un especial reconocimiento por parte de la comunidad educativa. La Sra.&nbsp;[&hellip;]\" \/>\n<meta property=\"og:url\" content=\"http:\/\/laprovidenciaovalle.cl\/colegio\/estudiantes-reciben-emotivo-reconocimiento-tras-viaje-huellas-y-mision-con-carisma-providencia\/\" \/>\n<meta property=\"og:site_name\" content=\"Colegio La Providencia\" \/>\n<meta property=\"article:published_time\" content=\"2025-10-07T16:14:05+00:00\" \/>\n<meta property=\"article:modified_time\" content=\"2025-10-07T16:14:15+00:00\" \/>\n<meta property=\"og:image\" content=\"http:\/\/laprovidenciaovalle.cl\/colegio\/wp-content\/uploads\/2025\/10\/WhatsApp-Image-2025-10-07-at-11.28.49.jpeg\" \/>\n\t<meta property=\"og:image:width\" content=\"1600\" \/>\n\t<meta property=\"og:image:height\" content=\"1200\" \/>\n<meta name=\"twitter:card\" content=\"summary_large_image\" \/>\n<meta name=\"twitter:label1\" value=\"Escrito por\">\n\t<meta name=\"twitter:data1\" value=\"Comunicaciones Colegio\">\n\t<meta name=\"twitter:label2\" value=\"Tiempo de lectura\">\n\t<meta name=\"twitter:data2\" value=\"1 minuto\">\n<script type=\"application\/ld+json\" class=\"yoast-schema-graph\">{\"@context\":\"https:\/\/schema.org\",\"@graph\":[{\"@type\":\"WebSite\",\"@id\":\"https:\/\/laprovidenciaovalle.cl\/colegio\/#website\",\"url\":\"https:\/\/laprovidenciaovalle.cl\/colegio\/\",\"name\":\"Colegio La Providencia\",\"description\":\"Ovalle\",\"potentialAction\":[{\"@type\":\"SearchAction\",\"target\":\"https:\/\/laprovidenciaovalle.cl\/colegio\/?s={search_term_string}\",\"query-input\":\"required name=search_term_string\"}],\"inLanguage\":\"es\"},{\"@type\":\"ImageObject\",\"@id\":\"http:\/\/laprovidenciaovalle.cl\/colegio\/estudiantes-reciben-emotivo-reconocimiento-tras-viaje-huellas-y-mision-con-carisma-providencia\/#primaryimage\",\"inLanguage\":\"es\",\"url\":\"http:\/\/laprovidenciaovalle.cl\/colegio\/wp-content\/uploads\/2025\/10\/WhatsApp-Image-2025-10-07-at-11.28.49.jpeg\",\"width\":1600,\"height\":1200},{\"@type\":\"WebPage\",\"@id\":\"http:\/\/laprovidenciaovalle.cl\/colegio\/estudiantes-reciben-emotivo-reconocimiento-tras-viaje-huellas-y-mision-con-carisma-providencia\/#webpage\",\"url\":\"http:\/\/laprovidenciaovalle.cl\/colegio\/estudiantes-reciben-emotivo-reconocimiento-tras-viaje-huellas-y-mision-con-carisma-providencia\/\",\"name\":\"\\u00a0Estudiantes reciben emotivo reconocimiento tras viaje \\u201cHuellas y Misi\\u00f3n con Carisma Providencia\\u201d - Colegio La Providencia\",\"isPartOf\":{\"@id\":\"https:\/\/laprovidenciaovalle.cl\/colegio\/#website\"},\"primaryImageOfPage\":{\"@id\":\"http:\/\/laprovidenciaovalle.cl\/colegio\/estudiantes-reciben-emotivo-reconocimiento-tras-viaje-huellas-y-mision-con-carisma-providencia\/#primaryimage\"},\"datePublished\":\"2025-10-07T16:14:05+00:00\",\"dateModified\":\"2025-10-07T16:14:15+00:00\",\"author\":{\"@id\":\"https:\/\/laprovidenciaovalle.cl\/colegio\/#\/schema\/person\/1035f45cd35e1948fb928fcdc74228fe\"},\"inLanguage\":\"es\",\"potentialAction\":[{\"@type\":\"ReadAction\",\"target\":[\"http:\/\/laprovidenciaovalle.cl\/colegio\/estudiantes-reciben-emotivo-reconocimiento-tras-viaje-huellas-y-mision-con-carisma-providencia\/\"]}]},{\"@type\":\"Person\",\"@id\":\"https:\/\/laprovidenciaovalle.cl\/colegio\/#\/schema\/person\/1035f45cd35e1948fb928fcdc74228fe\",\"name\":\"Comunicaciones Colegio\",\"image\":{\"@type\":\"ImageObject\",\"@id\":\"https:\/\/laprovidenciaovalle.cl\/colegio\/#personlogo\",\"inLanguage\":\"es\",\"url\":\"http:\/\/2.gravatar.com\/avatar\/5d0b6f6fbda2852def0dc3e63e38d319?s=96&d=mm&r=g\",\"caption\":\"Comunicaciones Colegio\"}}]}<\/script>\n<!-- \/ Yoast SEO plugin. -->","_links":{"self":[{"href":"http:\/\/laprovidenciaovalle.cl\/colegio\/wp-json\/wp\/v2\/posts\/20981"}],"collection":[{"href":"http:\/\/laprovidenciaovalle.cl\/colegio\/wp-json\/wp\/v2\/posts"}],"about":[{"href":"http:\/\/laprovidenciaovalle.cl\/colegio\/wp-json\/wp\/v2\/types\/post"}],"author":[{"embeddable":true,"href":"http:\/\/laprovidenciaovalle.cl\/colegio\/wp-json\/wp\/v2\/users\/5"}],"replies":[{"embeddable":true,"href":"http:\/\/laprovidenciaovalle.cl\/colegio\/wp-json\/wp\/v2\/comments?post=20981"}],"version-history":[{"count":1,"href":"http:\/\/laprovidenciaovalle.cl\/colegio\/wp-json\/wp\/v2\/posts\/20981\/revisions"}],"predecessor-version":[{"id":21122,"href":"http:\/\/laprovidenciaovalle.cl\/colegio\/wp-json\/wp\/v2\/posts\/20981\/revisions\/21122"}],"wp:featuredmedia":[{"embeddable":true,"href":"http:\/\/laprovidenciaovalle.cl\/colegio\/wp-json\/wp\/v2\/media\/21121"}],"wp:attachment":[{"href":"http:\/\/laprovidenciaovalle.cl\/colegio\/wp-json\/wp\/v2\/media?parent=20981"}],"wp:term":[{"taxonomy":"category","embeddable":true,"href":"http:\/\/laprovidenciaovalle.cl\/colegio\/wp-json\/wp\/v2\/categories?post=20981"},{"taxonomy":"post_tag","embeddable":true,"href":"http:\/\/laprovidenciaovalle.cl\/colegio\/wp-json\/wp\/v2\/tags?post=20981"}],"curies":[{"name":"wp","href":"https:\/\/api.w.org\/{rel}","templated":true}]}}