{"id":21138,"date":"2025-10-09T11:59:36","date_gmt":"2025-10-09T14:59:36","guid":{"rendered":"http:\/\/laprovidenciaovalle.cl\/colegio\/?p=21138"},"modified":"2025-10-09T14:04:05","modified_gmt":"2025-10-09T17:04:05","slug":"%f0%9f%8c%bf-calendario-ambiental-octubre-sembrando-amor-florece-el-futuro","status":"publish","type":"post","link":"http:\/\/laprovidenciaovalle.cl\/colegio\/%f0%9f%8c%bf-calendario-ambiental-octubre-sembrando-amor-florece-el-futuro\/","title":{"rendered":"\ud83c\udf3f Calendario Ambiental Octubre \u2013 Sembrando amor, florece el futuro"},"content":{"rendered":"<p><strong>Estimadas familias, estudiantes y equipo educativo::<\/strong><\/p>\n<p>Con mucho entusiasmo compartimos con ustedes el <strong>Calendario Ambiental del mes de octubre<\/strong>, una herramienta que nos invita a reflexionar y actuar con conciencia sobre el cuidado de nuestro entorno.<\/p>\n<p>Este mes est\u00e1 lleno de fechas significativas que nos recuerdan la importancia de proteger la naturaleza, promover el respeto por todos los seres vivos y construir juntos un futuro m\u00e1s justo y sostenible.<\/p>\n<p>Bajo el lema que nos inspira este mes: <strong>\ud83c\udf38 \u201cSembrando amor, florece el futuro\u201d<\/strong>, reafirmamos nuestro compromiso como comunidad educativa de cultivar valores como el respeto, la empat\u00eda y la responsabilidad ambiental en cada una de nuestras acciones.<\/p>\n<p>Aqu\u00ed encontrar\u00e1n el calendario en formato visual, junto con una breve descripci\u00f3n de las efem\u00e9rides m\u00e1s relevantes. Les invitamos a compartirlo, conversarlo en familia y sumarse a las actividades que se desarrollar\u00e1n durante el mes.<\/p>\n<p>Gracias por ser parte activa de este camino. Con cari\u00f1o, Comit\u00e9 de Medio Ambiente<\/p>\n<p><img loading=\"lazy\" class=\"alignnone wp-image-21140 size-large\" src=\"http:\/\/laprovidenciaovalle.cl\/colegio\/wp-content\/uploads\/2025\/10\/1-1024x1024.png\" alt=\"\" width=\"1024\" height=\"1024\" srcset=\"http:\/\/laprovidenciaovalle.cl\/colegio\/wp-content\/uploads\/2025\/10\/1-1024x1024.png 1024w, http:\/\/laprovidenciaovalle.cl\/colegio\/wp-content\/uploads\/2025\/10\/1-300x300.png 300w, http:\/\/laprovidenciaovalle.cl\/colegio\/wp-content\/uploads\/2025\/10\/1-150x150.png 150w, http:\/\/laprovidenciaovalle.cl\/colegio\/wp-content\/uploads\/2025\/10\/1-768x768.png 768w, http:\/\/laprovidenciaovalle.cl\/colegio\/wp-content\/uploads\/2025\/10\/1.png 1080w\" sizes=\"(max-width: 1024px) 100vw, 1024px\" \/> <img loading=\"lazy\" class=\"alignnone wp-image-21141 size-full\" src=\"http:\/\/laprovidenciaovalle.cl\/colegio\/wp-content\/uploads\/2025\/10\/2.png\" alt=\"\" width=\"1080\" height=\"1080\" srcset=\"http:\/\/laprovidenciaovalle.cl\/colegio\/wp-content\/uploads\/2025\/10\/2.png 1080w, http:\/\/laprovidenciaovalle.cl\/colegio\/wp-content\/uploads\/2025\/10\/2-300x300.png 300w, http:\/\/laprovidenciaovalle.cl\/colegio\/wp-content\/uploads\/2025\/10\/2-1024x1024.png 1024w, http:\/\/laprovidenciaovalle.cl\/colegio\/wp-content\/uploads\/2025\/10\/2-150x150.png 150w, http:\/\/laprovidenciaovalle.cl\/colegio\/wp-content\/uploads\/2025\/10\/2-768x768.png 768w\" sizes=\"(max-width: 1080px) 100vw, 1080px\" \/> <img loading=\"lazy\" class=\"alignnone wp-image-21143 size-large\" src=\"http:\/\/laprovidenciaovalle.cl\/colegio\/wp-content\/uploads\/2025\/10\/Copilot_20251009_115213-683x1024.png\" alt=\"\" width=\"683\" height=\"1024\" srcset=\"http:\/\/laprovidenciaovalle.cl\/colegio\/wp-content\/uploads\/2025\/10\/Copilot_20251009_115213-683x1024.png 683w, http:\/\/laprovidenciaovalle.cl\/colegio\/wp-content\/uploads\/2025\/10\/Copilot_20251009_115213-200x300.png 200w, http:\/\/laprovidenciaovalle.cl\/colegio\/wp-content\/uploads\/2025\/10\/Copilot_20251009_115213-768x1152.png 768w, http:\/\/laprovidenciaovalle.cl\/colegio\/wp-content\/uploads\/2025\/10\/Copilot_20251009_115213-100x150.png 100w, http:\/\/laprovidenciaovalle.cl\/colegio\/wp-content\/uploads\/2025\/10\/Copilot_20251009_115213.png 1024w\" sizes=\"(max-width: 683px) 100vw, 683px\" \/><\/p>\n","protected":false},"excerpt":{"rendered":"<p>Estimadas familias, estudiantes y equipo educativo:: Con mucho entusiasmo compartimos con ustedes el Calendario Ambiental del mes de octubre, una herramienta que nos invita a reflexionar y actuar con conciencia sobre el cuidado de nuestro entorno. Este mes est\u00e1 lleno de fechas significativas que nos recuerdan la importancia de proteger la naturaleza, promover el respeto por todos los seres vivos&nbsp;<a href=\"http:\/\/laprovidenciaovalle.cl\/colegio\/%f0%9f%8c%bf-calendario-ambiental-octubre-sembrando-amor-florece-el-futuro\/\">[&hellip;]<\/a><\/p>\n","protected":false},"author":5,"featured_media":21143,"comment_status":"closed","ping_status":"closed","sticky":false,"template":"","format":"standard","meta":[],"categories":[40],"tags":[],"yoast_head":"<!-- This site is optimized with the Yoast SEO plugin v15.2 - https:\/\/yoast.com\/wordpress\/plugins\/seo\/ -->\n<title>\ud83c\udf3f Calendario Ambiental Octubre \u2013 Sembrando amor, florece el futuro - Colegio La Providencia<\/title>\n<meta name=\"robots\" content=\"index, follow, max-snippet:-1, max-image-preview:large, max-video-preview:-1\" \/>\n<link rel=\"canonical\" href=\"http:\/\/laprovidenciaovalle.cl\/colegio\/\ud83c\udf3f-calendario-ambiental-octubre-sembrando-amor-florece-el-futuro\/\" \/>\n<meta property=\"og:locale\" content=\"es_ES\" \/>\n<meta property=\"og:type\" content=\"article\" \/>\n<meta property=\"og:title\" content=\"\ud83c\udf3f Calendario Ambiental Octubre \u2013 Sembrando amor, florece el futuro - Colegio La Providencia\" \/>\n<meta property=\"og:description\" content=\"Estimadas familias, estudiantes y equipo educativo:: Con mucho entusiasmo compartimos con ustedes el Calendario Ambiental del mes de octubre, una herramienta que nos invita a reflexionar y actuar con conciencia sobre el cuidado de nuestro entorno. Este mes est\u00e1 lleno de fechas significativas que nos recuerdan la importancia de proteger la naturaleza, promover el respeto por todos los seres vivos&nbsp;[&hellip;]\" \/>\n<meta property=\"og:url\" content=\"http:\/\/laprovidenciaovalle.cl\/colegio\/\ud83c\udf3f-calendario-ambiental-octubre-sembrando-amor-florece-el-futuro\/\" \/>\n<meta property=\"og:site_name\" content=\"Colegio La Providencia\" \/>\n<meta property=\"article:published_time\" content=\"2025-10-09T14:59:36+00:00\" \/>\n<meta property=\"article:modified_time\" content=\"2025-10-09T17:04:05+00:00\" \/>\n<meta property=\"og:image\" content=\"http:\/\/laprovidenciaovalle.cl\/colegio\/wp-content\/uploads\/2025\/10\/Copilot_20251009_115213.png\" \/>\n\t<meta property=\"og:image:width\" content=\"1024\" \/>\n\t<meta property=\"og:image:height\" content=\"1536\" \/>\n<meta name=\"twitter:card\" content=\"summary_large_image\" \/>\n<meta name=\"twitter:label1\" value=\"Escrito por\">\n\t<meta name=\"twitter:data1\" value=\"Comunicaciones Colegio\">\n\t<meta name=\"twitter:label2\" value=\"Tiempo de lectura\">\n\t<meta name=\"twitter:data2\" value=\"1 minuto\">\n<script type=\"application\/ld+json\" class=\"yoast-schema-graph\">{\"@context\":\"https:\/\/schema.org\",\"@graph\":[{\"@type\":\"WebSite\",\"@id\":\"https:\/\/laprovidenciaovalle.cl\/colegio\/#website\",\"url\":\"https:\/\/laprovidenciaovalle.cl\/colegio\/\",\"name\":\"Colegio La Providencia\",\"description\":\"Ovalle\",\"potentialAction\":[{\"@type\":\"SearchAction\",\"target\":\"https:\/\/laprovidenciaovalle.cl\/colegio\/?s={search_term_string}\",\"query-input\":\"required name=search_term_string\"}],\"inLanguage\":\"es\"},{\"@type\":\"ImageObject\",\"@id\":\"http:\/\/laprovidenciaovalle.cl\/colegio\/%f0%9f%8c%bf-calendario-ambiental-octubre-sembrando-amor-florece-el-futuro\/#primaryimage\",\"inLanguage\":\"es\",\"url\":\"http:\/\/laprovidenciaovalle.cl\/colegio\/wp-content\/uploads\/2025\/10\/Copilot_20251009_115213.png\",\"width\":1024,\"height\":1536},{\"@type\":\"WebPage\",\"@id\":\"http:\/\/laprovidenciaovalle.cl\/colegio\/%f0%9f%8c%bf-calendario-ambiental-octubre-sembrando-amor-florece-el-futuro\/#webpage\",\"url\":\"http:\/\/laprovidenciaovalle.cl\/colegio\/%f0%9f%8c%bf-calendario-ambiental-octubre-sembrando-amor-florece-el-futuro\/\",\"name\":\"\\ud83c\\udf3f Calendario Ambiental Octubre \\u2013 Sembrando amor, florece el futuro - Colegio La Providencia\",\"isPartOf\":{\"@id\":\"https:\/\/laprovidenciaovalle.cl\/colegio\/#website\"},\"primaryImageOfPage\":{\"@id\":\"http:\/\/laprovidenciaovalle.cl\/colegio\/%f0%9f%8c%bf-calendario-ambiental-octubre-sembrando-amor-florece-el-futuro\/#primaryimage\"},\"datePublished\":\"2025-10-09T14:59:36+00:00\",\"dateModified\":\"2025-10-09T17:04:05+00:00\",\"author\":{\"@id\":\"https:\/\/laprovidenciaovalle.cl\/colegio\/#\/schema\/person\/1035f45cd35e1948fb928fcdc74228fe\"},\"inLanguage\":\"es\",\"potentialAction\":[{\"@type\":\"ReadAction\",\"target\":[\"http:\/\/laprovidenciaovalle.cl\/colegio\/%f0%9f%8c%bf-calendario-ambiental-octubre-sembrando-amor-florece-el-futuro\/\"]}]},{\"@type\":\"Person\",\"@id\":\"https:\/\/laprovidenciaovalle.cl\/colegio\/#\/schema\/person\/1035f45cd35e1948fb928fcdc74228fe\",\"name\":\"Comunicaciones Colegio\",\"image\":{\"@type\":\"ImageObject\",\"@id\":\"https:\/\/laprovidenciaovalle.cl\/colegio\/#personlogo\",\"inLanguage\":\"es\",\"url\":\"http:\/\/2.gravatar.com\/avatar\/5d0b6f6fbda2852def0dc3e63e38d319?s=96&d=mm&r=g\",\"caption\":\"Comunicaciones Colegio\"}}]}<\/script>\n<!-- \/ Yoast SEO plugin. -->","_links":{"self":[{"href":"http:\/\/laprovidenciaovalle.cl\/colegio\/wp-json\/wp\/v2\/posts\/21138"}],"collection":[{"href":"http:\/\/laprovidenciaovalle.cl\/colegio\/wp-json\/wp\/v2\/posts"}],"about":[{"href":"http:\/\/laprovidenciaovalle.cl\/colegio\/wp-json\/wp\/v2\/types\/post"}],"author":[{"embeddable":true,"href":"http:\/\/laprovidenciaovalle.cl\/colegio\/wp-json\/wp\/v2\/users\/5"}],"replies":[{"embeddable":true,"href":"http:\/\/laprovidenciaovalle.cl\/colegio\/wp-json\/wp\/v2\/comments?post=21138"}],"version-history":[{"count":4,"href":"http:\/\/laprovidenciaovalle.cl\/colegio\/wp-json\/wp\/v2\/posts\/21138\/revisions"}],"predecessor-version":[{"id":21145,"href":"http:\/\/laprovidenciaovalle.cl\/colegio\/wp-json\/wp\/v2\/posts\/21138\/revisions\/21145"}],"wp:featuredmedia":[{"embeddable":true,"href":"http:\/\/laprovidenciaovalle.cl\/colegio\/wp-json\/wp\/v2\/media\/21143"}],"wp:attachment":[{"href":"http:\/\/laprovidenciaovalle.cl\/colegio\/wp-json\/wp\/v2\/media?parent=21138"}],"wp:term":[{"taxonomy":"category","embeddable":true,"href":"http:\/\/laprovidenciaovalle.cl\/colegio\/wp-json\/wp\/v2\/categories?post=21138"},{"taxonomy":"post_tag","embeddable":true,"href":"http:\/\/laprovidenciaovalle.cl\/colegio\/wp-json\/wp\/v2\/tags?post=21138"}],"curies":[{"name":"wp","href":"https:\/\/api.w.org\/{rel}","templated":true}]}}