{"id":22677,"date":"2025-12-11T10:46:15","date_gmt":"2025-12-11T13:46:15","guid":{"rendered":"http:\/\/laprovidenciaovalle.cl\/colegio\/?p=22677"},"modified":"2025-12-11T10:46:15","modified_gmt":"2025-12-11T13:46:15","slug":"gestos-de-solidaridad-alimentos-recolectados-son-entregados-a-la-oln-de-ovalle","status":"publish","type":"post","link":"http:\/\/laprovidenciaovalle.cl\/colegio\/gestos-de-solidaridad-alimentos-recolectados-son-entregados-a-la-oln-de-ovalle\/","title":{"rendered":"Gestos de Solidaridad: Alimentos Recolectados son entregados a la OLN de Ovalle"},"content":{"rendered":"<p>Hoy jueves 11 de diciembre recibimos la visita de parte del equipo de la Oficina Local de la Ni\u00f1ez (OLN) de Ovalle, quienes asistieron a nuestras dependencias para realizar el retiro de los alimentos recolectados durante la exitosa Campa\u00f1a Solidaria organizada por el Consejo Consultivo de Ni\u00f1os, Ni\u00f1as y Adolescentes (NNA).<\/p>\n<p>\u200bEsta iniciativa, gestionada por las estudiantes del Centro de Estudiantes, demostr\u00f3 un gran compromiso con la comunidad y el esp\u00edritu solidario que se busca fomentar.<\/p>\n<p>\u200bLa entrega\u00a0 se realiz\u00f3 en las afuera de la capilla , simbolo de nuestra fe, que cont\u00f3 con la presencia de personal de nuestra comunidad educativa:<\/p>\n<p>Mar\u00eda \u200bCecilia Mart\u00ednez Salas, Directora del Establecimiento.<\/p>\n<p>\u200bConsuelo Cort\u00e9s, Representante del Centro de Estudiantes.<\/p>\n<p>\u200bMarlen Tello Julio, Docente Asesora del Centro de Estudiantes.<\/p>\n<p>\u200bG\u00e9nesis L\u00f3pez, Trabajadora Social.<\/p>\n<p>\u200bNuestra directora, Cecilia Mart\u00ednez, destac\u00f3 la importancia de estas acciones, se\u00f1alando:<\/p>\n<p>\u200b\u201cFomentar la solidaridad en los ni\u00f1os ayuda a mejorar la convivencia escolar. Ver a nuestros estudiantes organizarse y comprometerse con una causa social es un orgullo y un ejemplo para toda la comunidad educativa.\u201d<\/p>\n<p>\u200bLos alimentos recolectados ser\u00e1n gestionados por la OLN de Ovalle para ser distribuidos a comedores y personas que m\u00e1s lo necesiten, reforzando el impacto positivo de esta noble causa en nuestra comuna.<\/p>\n<p><img loading=\"lazy\" class=\"alignnone size-medium wp-image-22678\" src=\"http:\/\/laprovidenciaovalle.cl\/colegio\/wp-content\/uploads\/2025\/12\/20251211_093433-300x225.jpg\" alt=\"\" width=\"300\" height=\"225\" srcset=\"http:\/\/laprovidenciaovalle.cl\/colegio\/wp-content\/uploads\/2025\/12\/20251211_093433-300x225.jpg 300w, http:\/\/laprovidenciaovalle.cl\/colegio\/wp-content\/uploads\/2025\/12\/20251211_093433-1024x768.jpg 1024w, http:\/\/laprovidenciaovalle.cl\/colegio\/wp-content\/uploads\/2025\/12\/20251211_093433-768x576.jpg 768w, http:\/\/laprovidenciaovalle.cl\/colegio\/wp-content\/uploads\/2025\/12\/20251211_093433-1536x1152.jpg 1536w, http:\/\/laprovidenciaovalle.cl\/colegio\/wp-content\/uploads\/2025\/12\/20251211_093433-2048x1536.jpg 2048w, http:\/\/laprovidenciaovalle.cl\/colegio\/wp-content\/uploads\/2025\/12\/20251211_093433-150x113.jpg 150w\" sizes=\"(max-width: 300px) 100vw, 300px\" \/><\/p>\n","protected":false},"excerpt":{"rendered":"<p>Hoy jueves 11 de diciembre recibimos la visita de parte del equipo de la Oficina Local de la Ni\u00f1ez (OLN) de Ovalle, quienes asistieron a nuestras dependencias para realizar el retiro de los alimentos recolectados durante la exitosa Campa\u00f1a Solidaria organizada por el Consejo Consultivo de Ni\u00f1os, Ni\u00f1as y Adolescentes (NNA). \u200bEsta iniciativa, gestionada por las estudiantes del Centro de&nbsp;<a href=\"http:\/\/laprovidenciaovalle.cl\/colegio\/gestos-de-solidaridad-alimentos-recolectados-son-entregados-a-la-oln-de-ovalle\/\">[&hellip;]<\/a><\/p>\n","protected":false},"author":5,"featured_media":22678,"comment_status":"closed","ping_status":"closed","sticky":false,"template":"","format":"standard","meta":[],"categories":[16],"tags":[],"yoast_head":"<!-- This site is optimized with the Yoast SEO plugin v15.2 - https:\/\/yoast.com\/wordpress\/plugins\/seo\/ -->\n<title>Gestos de Solidaridad: Alimentos Recolectados son entregados a la OLN de Ovalle - Colegio La Providencia<\/title>\n<meta name=\"robots\" content=\"index, follow, max-snippet:-1, max-image-preview:large, max-video-preview:-1\" \/>\n<link rel=\"canonical\" href=\"http:\/\/laprovidenciaovalle.cl\/colegio\/gestos-de-solidaridad-alimentos-recolectados-son-entregados-a-la-oln-de-ovalle\/\" \/>\n<meta property=\"og:locale\" content=\"es_ES\" \/>\n<meta property=\"og:type\" content=\"article\" \/>\n<meta property=\"og:title\" content=\"Gestos de Solidaridad: Alimentos Recolectados son entregados a la OLN de Ovalle - Colegio La Providencia\" \/>\n<meta property=\"og:description\" content=\"Hoy jueves 11 de diciembre recibimos la visita de parte del equipo de la Oficina Local de la Ni\u00f1ez (OLN) de Ovalle, quienes asistieron a nuestras dependencias para realizar el retiro de los alimentos recolectados durante la exitosa Campa\u00f1a Solidaria organizada por el Consejo Consultivo de Ni\u00f1os, Ni\u00f1as y Adolescentes (NNA). \u200bEsta iniciativa, gestionada por las estudiantes del Centro de&nbsp;[&hellip;]\" \/>\n<meta property=\"og:url\" content=\"http:\/\/laprovidenciaovalle.cl\/colegio\/gestos-de-solidaridad-alimentos-recolectados-son-entregados-a-la-oln-de-ovalle\/\" \/>\n<meta property=\"og:site_name\" content=\"Colegio La Providencia\" \/>\n<meta property=\"article:published_time\" content=\"2025-12-11T13:46:15+00:00\" \/>\n<meta property=\"og:image\" content=\"http:\/\/laprovidenciaovalle.cl\/colegio\/wp-content\/uploads\/2025\/12\/20251211_093433-scaled.jpg\" \/>\n\t<meta property=\"og:image:width\" content=\"2560\" \/>\n\t<meta property=\"og:image:height\" content=\"1920\" \/>\n<meta name=\"twitter:card\" content=\"summary_large_image\" \/>\n<meta name=\"twitter:label1\" value=\"Escrito por\">\n\t<meta name=\"twitter:data1\" value=\"Comunicaciones Colegio\">\n\t<meta name=\"twitter:label2\" value=\"Tiempo de lectura\">\n\t<meta name=\"twitter:data2\" value=\"1 minuto\">\n<script type=\"application\/ld+json\" class=\"yoast-schema-graph\">{\"@context\":\"https:\/\/schema.org\",\"@graph\":[{\"@type\":\"WebSite\",\"@id\":\"https:\/\/laprovidenciaovalle.cl\/colegio\/#website\",\"url\":\"https:\/\/laprovidenciaovalle.cl\/colegio\/\",\"name\":\"Colegio La Providencia\",\"description\":\"Ovalle\",\"potentialAction\":[{\"@type\":\"SearchAction\",\"target\":\"https:\/\/laprovidenciaovalle.cl\/colegio\/?s={search_term_string}\",\"query-input\":\"required name=search_term_string\"}],\"inLanguage\":\"es\"},{\"@type\":\"ImageObject\",\"@id\":\"http:\/\/laprovidenciaovalle.cl\/colegio\/gestos-de-solidaridad-alimentos-recolectados-son-entregados-a-la-oln-de-ovalle\/#primaryimage\",\"inLanguage\":\"es\",\"url\":\"http:\/\/laprovidenciaovalle.cl\/colegio\/wp-content\/uploads\/2025\/12\/20251211_093433-scaled.jpg\",\"width\":2560,\"height\":1920},{\"@type\":\"WebPage\",\"@id\":\"http:\/\/laprovidenciaovalle.cl\/colegio\/gestos-de-solidaridad-alimentos-recolectados-son-entregados-a-la-oln-de-ovalle\/#webpage\",\"url\":\"http:\/\/laprovidenciaovalle.cl\/colegio\/gestos-de-solidaridad-alimentos-recolectados-son-entregados-a-la-oln-de-ovalle\/\",\"name\":\"Gestos de Solidaridad: Alimentos Recolectados son entregados a la OLN de Ovalle - Colegio La Providencia\",\"isPartOf\":{\"@id\":\"https:\/\/laprovidenciaovalle.cl\/colegio\/#website\"},\"primaryImageOfPage\":{\"@id\":\"http:\/\/laprovidenciaovalle.cl\/colegio\/gestos-de-solidaridad-alimentos-recolectados-son-entregados-a-la-oln-de-ovalle\/#primaryimage\"},\"datePublished\":\"2025-12-11T13:46:15+00:00\",\"dateModified\":\"2025-12-11T13:46:15+00:00\",\"author\":{\"@id\":\"https:\/\/laprovidenciaovalle.cl\/colegio\/#\/schema\/person\/1035f45cd35e1948fb928fcdc74228fe\"},\"inLanguage\":\"es\",\"potentialAction\":[{\"@type\":\"ReadAction\",\"target\":[\"http:\/\/laprovidenciaovalle.cl\/colegio\/gestos-de-solidaridad-alimentos-recolectados-son-entregados-a-la-oln-de-ovalle\/\"]}]},{\"@type\":\"Person\",\"@id\":\"https:\/\/laprovidenciaovalle.cl\/colegio\/#\/schema\/person\/1035f45cd35e1948fb928fcdc74228fe\",\"name\":\"Comunicaciones Colegio\",\"image\":{\"@type\":\"ImageObject\",\"@id\":\"https:\/\/laprovidenciaovalle.cl\/colegio\/#personlogo\",\"inLanguage\":\"es\",\"url\":\"http:\/\/2.gravatar.com\/avatar\/5d0b6f6fbda2852def0dc3e63e38d319?s=96&d=mm&r=g\",\"caption\":\"Comunicaciones Colegio\"}}]}<\/script>\n<!-- \/ Yoast SEO plugin. -->","_links":{"self":[{"href":"http:\/\/laprovidenciaovalle.cl\/colegio\/wp-json\/wp\/v2\/posts\/22677"}],"collection":[{"href":"http:\/\/laprovidenciaovalle.cl\/colegio\/wp-json\/wp\/v2\/posts"}],"about":[{"href":"http:\/\/laprovidenciaovalle.cl\/colegio\/wp-json\/wp\/v2\/types\/post"}],"author":[{"embeddable":true,"href":"http:\/\/laprovidenciaovalle.cl\/colegio\/wp-json\/wp\/v2\/users\/5"}],"replies":[{"embeddable":true,"href":"http:\/\/laprovidenciaovalle.cl\/colegio\/wp-json\/wp\/v2\/comments?post=22677"}],"version-history":[{"count":1,"href":"http:\/\/laprovidenciaovalle.cl\/colegio\/wp-json\/wp\/v2\/posts\/22677\/revisions"}],"predecessor-version":[{"id":22679,"href":"http:\/\/laprovidenciaovalle.cl\/colegio\/wp-json\/wp\/v2\/posts\/22677\/revisions\/22679"}],"wp:featuredmedia":[{"embeddable":true,"href":"http:\/\/laprovidenciaovalle.cl\/colegio\/wp-json\/wp\/v2\/media\/22678"}],"wp:attachment":[{"href":"http:\/\/laprovidenciaovalle.cl\/colegio\/wp-json\/wp\/v2\/media?parent=22677"}],"wp:term":[{"taxonomy":"category","embeddable":true,"href":"http:\/\/laprovidenciaovalle.cl\/colegio\/wp-json\/wp\/v2\/categories?post=22677"},{"taxonomy":"post_tag","embeddable":true,"href":"http:\/\/laprovidenciaovalle.cl\/colegio\/wp-json\/wp\/v2\/tags?post=22677"}],"curies":[{"name":"wp","href":"https:\/\/api.w.org\/{rel}","templated":true}]}}