{"id":22769,"date":"2025-12-11T15:20:02","date_gmt":"2025-12-11T18:20:02","guid":{"rendered":"http:\/\/laprovidenciaovalle.cl\/colegio\/?p=22769"},"modified":"2025-12-11T15:22:44","modified_gmt":"2025-12-11T18:22:44","slug":"talento-poetica-conmemoro-los-80-anos-del-nobel-de-gabriela-mistral","status":"publish","type":"post","link":"http:\/\/laprovidenciaovalle.cl\/colegio\/talento-poetica-conmemoro-los-80-anos-del-nobel-de-gabriela-mistral\/","title":{"rendered":"Talento y poes\u00eda de nuestra directora presentes en celebraci\u00f3n de los 80 a\u00f1os del Nobel de Gabriela Mistral"},"content":{"rendered":"<p>El d\u00eda mi\u00e9rcoles nuestra directora <strong>Mar\u00eda Cecilia Mart\u00ednez Salas<\/strong>, quien adem\u00e1s es poeta, particip\u00f3 en la <strong>lectura de poes\u00edas<\/strong> realizada en la Biblioteca V\u00edctor Domingo Silva, en el marco del proyecto <em>\u201cGabriela Mistral en la cultura y educaci\u00f3n regional\u201d<\/em> y en conmemoraci\u00f3n de los <strong>80 a\u00f1os desde que Gabriela Mistral recibi\u00f3 el Premio Nobel de Literatura<\/strong>.<\/p>\n<p>Nuestra comunidad educativa se siente profundamente privilegiada de contar con el talento y pasi\u00f3n de nuestra directora, quien <strong>declam\u00f3 dos poemas diferentes<\/strong>: el primero en una transmisi\u00f3n en vivo a trav\u00e9s de las redes sociales de la biblioteca, y el segundo en el acto presencial de la conmemoraci\u00f3n, junto a otros participantes.<\/p>\n<p>La actividad se desarroll\u00f3 de manera simult\u00e1nea en las ciudades de <strong>Illapel, Vicu\u00f1a, La Serena y Ovalle<\/strong>, reafirmando el legado cultural y educativo de Gabriela Mistral y la importancia de su obra en la identidad regional.<\/p>\n\n\t\t<style type=\"text\/css\">\n\t\t\t#gallery-1 {\n\t\t\t\tmargin: auto;\n\t\t\t}\n\t\t\t#gallery-1 .gallery-item {\n\t\t\t\tfloat: left;\n\t\t\t\tmargin-top: 10px;\n\t\t\t\ttext-align: center;\n\t\t\t\twidth: 33%;\n\t\t\t}\n\t\t\t#gallery-1 img {\n\t\t\t\tborder: 2px solid #cfcfcf;\n\t\t\t}\n\t\t\t#gallery-1 .gallery-caption {\n\t\t\t\tmargin-left: 0;\n\t\t\t}\n\t\t\t\/* see gallery_shortcode() in wp-includes\/media.php *\/\n\t\t<\/style>\n\t\t<div id='gallery-1' class='gallery galleryid-22769 gallery-columns-3 gallery-size-large'><dl class='gallery-item'>\n\t\t\t<dt class='gallery-icon landscape'>\n\t\t\t\t<a href='http:\/\/laprovidenciaovalle.cl\/colegio\/img_2130\/'><img width=\"1024\" height=\"683\" src=\"http:\/\/laprovidenciaovalle.cl\/colegio\/wp-content\/uploads\/2025\/12\/IMG_2130-1024x683.jpg\" class=\"attachment-large size-large\" alt=\"\" loading=\"lazy\" srcset=\"http:\/\/laprovidenciaovalle.cl\/colegio\/wp-content\/uploads\/2025\/12\/IMG_2130-1024x683.jpg 1024w, http:\/\/laprovidenciaovalle.cl\/colegio\/wp-content\/uploads\/2025\/12\/IMG_2130-300x200.jpg 300w, http:\/\/laprovidenciaovalle.cl\/colegio\/wp-content\/uploads\/2025\/12\/IMG_2130-768x512.jpg 768w, http:\/\/laprovidenciaovalle.cl\/colegio\/wp-content\/uploads\/2025\/12\/IMG_2130-1536x1024.jpg 1536w, http:\/\/laprovidenciaovalle.cl\/colegio\/wp-content\/uploads\/2025\/12\/IMG_2130-2048x1365.jpg 2048w, http:\/\/laprovidenciaovalle.cl\/colegio\/wp-content\/uploads\/2025\/12\/IMG_2130-150x100.jpg 150w\" sizes=\"(max-width: 1024px) 100vw, 1024px\" \/><\/a>\n\t\t\t<\/dt><\/dl><dl class='gallery-item'>\n\t\t\t<dt class='gallery-icon landscape'>\n\t\t\t\t<a href='http:\/\/laprovidenciaovalle.cl\/colegio\/img_2131-2\/'><img width=\"1024\" height=\"683\" src=\"http:\/\/laprovidenciaovalle.cl\/colegio\/wp-content\/uploads\/2025\/12\/IMG_2131-1024x683.jpg\" class=\"attachment-large size-large\" alt=\"\" loading=\"lazy\" srcset=\"http:\/\/laprovidenciaovalle.cl\/colegio\/wp-content\/uploads\/2025\/12\/IMG_2131-1024x683.jpg 1024w, http:\/\/laprovidenciaovalle.cl\/colegio\/wp-content\/uploads\/2025\/12\/IMG_2131-300x200.jpg 300w, http:\/\/laprovidenciaovalle.cl\/colegio\/wp-content\/uploads\/2025\/12\/IMG_2131-768x512.jpg 768w, http:\/\/laprovidenciaovalle.cl\/colegio\/wp-content\/uploads\/2025\/12\/IMG_2131-1536x1024.jpg 1536w, http:\/\/laprovidenciaovalle.cl\/colegio\/wp-content\/uploads\/2025\/12\/IMG_2131-2048x1365.jpg 2048w, http:\/\/laprovidenciaovalle.cl\/colegio\/wp-content\/uploads\/2025\/12\/IMG_2131-150x100.jpg 150w\" sizes=\"(max-width: 1024px) 100vw, 1024px\" \/><\/a>\n\t\t\t<\/dt><\/dl><dl class='gallery-item'>\n\t\t\t<dt class='gallery-icon landscape'>\n\t\t\t\t<a href='http:\/\/laprovidenciaovalle.cl\/colegio\/img_2140\/'><img width=\"1024\" height=\"683\" src=\"http:\/\/laprovidenciaovalle.cl\/colegio\/wp-content\/uploads\/2025\/12\/IMG_2140-1024x683.jpg\" class=\"attachment-large size-large\" alt=\"\" loading=\"lazy\" srcset=\"http:\/\/laprovidenciaovalle.cl\/colegio\/wp-content\/uploads\/2025\/12\/IMG_2140-1024x683.jpg 1024w, http:\/\/laprovidenciaovalle.cl\/colegio\/wp-content\/uploads\/2025\/12\/IMG_2140-300x200.jpg 300w, http:\/\/laprovidenciaovalle.cl\/colegio\/wp-content\/uploads\/2025\/12\/IMG_2140-768x512.jpg 768w, http:\/\/laprovidenciaovalle.cl\/colegio\/wp-content\/uploads\/2025\/12\/IMG_2140-1536x1024.jpg 1536w, http:\/\/laprovidenciaovalle.cl\/colegio\/wp-content\/uploads\/2025\/12\/IMG_2140-2048x1365.jpg 2048w, http:\/\/laprovidenciaovalle.cl\/colegio\/wp-content\/uploads\/2025\/12\/IMG_2140-150x100.jpg 150w\" sizes=\"(max-width: 1024px) 100vw, 1024px\" \/><\/a>\n\t\t\t<\/dt><\/dl><br style=\"clear: both\" \/><dl class='gallery-item'>\n\t\t\t<dt class='gallery-icon landscape'>\n\t\t\t\t<a href='http:\/\/laprovidenciaovalle.cl\/colegio\/img_2133-2\/'><img width=\"1024\" height=\"683\" src=\"http:\/\/laprovidenciaovalle.cl\/colegio\/wp-content\/uploads\/2025\/12\/IMG_2133-1024x683.jpg\" class=\"attachment-large size-large\" alt=\"\" loading=\"lazy\" srcset=\"http:\/\/laprovidenciaovalle.cl\/colegio\/wp-content\/uploads\/2025\/12\/IMG_2133-1024x683.jpg 1024w, http:\/\/laprovidenciaovalle.cl\/colegio\/wp-content\/uploads\/2025\/12\/IMG_2133-300x200.jpg 300w, http:\/\/laprovidenciaovalle.cl\/colegio\/wp-content\/uploads\/2025\/12\/IMG_2133-768x512.jpg 768w, http:\/\/laprovidenciaovalle.cl\/colegio\/wp-content\/uploads\/2025\/12\/IMG_2133-1536x1024.jpg 1536w, http:\/\/laprovidenciaovalle.cl\/colegio\/wp-content\/uploads\/2025\/12\/IMG_2133-2048x1365.jpg 2048w, http:\/\/laprovidenciaovalle.cl\/colegio\/wp-content\/uploads\/2025\/12\/IMG_2133-150x100.jpg 150w\" sizes=\"(max-width: 1024px) 100vw, 1024px\" \/><\/a>\n\t\t\t<\/dt><\/dl><dl class='gallery-item'>\n\t\t\t<dt class='gallery-icon landscape'>\n\t\t\t\t<a href='http:\/\/laprovidenciaovalle.cl\/colegio\/img_2124\/'><img width=\"1024\" height=\"683\" src=\"http:\/\/laprovidenciaovalle.cl\/colegio\/wp-content\/uploads\/2025\/12\/IMG_2124-1024x683.jpg\" class=\"attachment-large size-large\" alt=\"\" loading=\"lazy\" srcset=\"http:\/\/laprovidenciaovalle.cl\/colegio\/wp-content\/uploads\/2025\/12\/IMG_2124-1024x683.jpg 1024w, http:\/\/laprovidenciaovalle.cl\/colegio\/wp-content\/uploads\/2025\/12\/IMG_2124-300x200.jpg 300w, http:\/\/laprovidenciaovalle.cl\/colegio\/wp-content\/uploads\/2025\/12\/IMG_2124-768x512.jpg 768w, http:\/\/laprovidenciaovalle.cl\/colegio\/wp-content\/uploads\/2025\/12\/IMG_2124-1536x1024.jpg 1536w, http:\/\/laprovidenciaovalle.cl\/colegio\/wp-content\/uploads\/2025\/12\/IMG_2124-2048x1365.jpg 2048w, http:\/\/laprovidenciaovalle.cl\/colegio\/wp-content\/uploads\/2025\/12\/IMG_2124-150x100.jpg 150w\" sizes=\"(max-width: 1024px) 100vw, 1024px\" \/><\/a>\n\t\t\t<\/dt><\/dl><dl class='gallery-item'>\n\t\t\t<dt class='gallery-icon landscape'>\n\t\t\t\t<a href='http:\/\/laprovidenciaovalle.cl\/colegio\/img_2143\/'><img width=\"1024\" height=\"683\" src=\"http:\/\/laprovidenciaovalle.cl\/colegio\/wp-content\/uploads\/2025\/12\/IMG_2143-1024x683.jpg\" class=\"attachment-large size-large\" alt=\"\" loading=\"lazy\" srcset=\"http:\/\/laprovidenciaovalle.cl\/colegio\/wp-content\/uploads\/2025\/12\/IMG_2143-1024x683.jpg 1024w, http:\/\/laprovidenciaovalle.cl\/colegio\/wp-content\/uploads\/2025\/12\/IMG_2143-300x200.jpg 300w, http:\/\/laprovidenciaovalle.cl\/colegio\/wp-content\/uploads\/2025\/12\/IMG_2143-768x512.jpg 768w, http:\/\/laprovidenciaovalle.cl\/colegio\/wp-content\/uploads\/2025\/12\/IMG_2143-1536x1024.jpg 1536w, http:\/\/laprovidenciaovalle.cl\/colegio\/wp-content\/uploads\/2025\/12\/IMG_2143-2048x1365.jpg 2048w, http:\/\/laprovidenciaovalle.cl\/colegio\/wp-content\/uploads\/2025\/12\/IMG_2143-150x100.jpg 150w\" sizes=\"(max-width: 1024px) 100vw, 1024px\" \/><\/a>\n\t\t\t<\/dt><\/dl><br style=\"clear: both\" \/><dl class='gallery-item'>\n\t\t\t<dt class='gallery-icon landscape'>\n\t\t\t\t<a href='http:\/\/laprovidenciaovalle.cl\/colegio\/img_2134\/'><img width=\"1024\" height=\"683\" src=\"http:\/\/laprovidenciaovalle.cl\/colegio\/wp-content\/uploads\/2025\/12\/IMG_2134-1024x683.jpg\" class=\"attachment-large size-large\" alt=\"\" loading=\"lazy\" srcset=\"http:\/\/laprovidenciaovalle.cl\/colegio\/wp-content\/uploads\/2025\/12\/IMG_2134-1024x683.jpg 1024w, http:\/\/laprovidenciaovalle.cl\/colegio\/wp-content\/uploads\/2025\/12\/IMG_2134-300x200.jpg 300w, http:\/\/laprovidenciaovalle.cl\/colegio\/wp-content\/uploads\/2025\/12\/IMG_2134-768x512.jpg 768w, http:\/\/laprovidenciaovalle.cl\/colegio\/wp-content\/uploads\/2025\/12\/IMG_2134-1536x1024.jpg 1536w, http:\/\/laprovidenciaovalle.cl\/colegio\/wp-content\/uploads\/2025\/12\/IMG_2134-2048x1365.jpg 2048w, http:\/\/laprovidenciaovalle.cl\/colegio\/wp-content\/uploads\/2025\/12\/IMG_2134-150x100.jpg 150w\" sizes=\"(max-width: 1024px) 100vw, 1024px\" \/><\/a>\n\t\t\t<\/dt><\/dl><dl class='gallery-item'>\n\t\t\t<dt class='gallery-icon landscape'>\n\t\t\t\t<a href='http:\/\/laprovidenciaovalle.cl\/colegio\/img_2138\/'><img width=\"1024\" height=\"683\" src=\"http:\/\/laprovidenciaovalle.cl\/colegio\/wp-content\/uploads\/2025\/12\/IMG_2138-1024x683.jpg\" class=\"attachment-large size-large\" alt=\"\" loading=\"lazy\" srcset=\"http:\/\/laprovidenciaovalle.cl\/colegio\/wp-content\/uploads\/2025\/12\/IMG_2138-1024x683.jpg 1024w, http:\/\/laprovidenciaovalle.cl\/colegio\/wp-content\/uploads\/2025\/12\/IMG_2138-300x200.jpg 300w, http:\/\/laprovidenciaovalle.cl\/colegio\/wp-content\/uploads\/2025\/12\/IMG_2138-768x512.jpg 768w, http:\/\/laprovidenciaovalle.cl\/colegio\/wp-content\/uploads\/2025\/12\/IMG_2138-1536x1024.jpg 1536w, http:\/\/laprovidenciaovalle.cl\/colegio\/wp-content\/uploads\/2025\/12\/IMG_2138-2048x1365.jpg 2048w, http:\/\/laprovidenciaovalle.cl\/colegio\/wp-content\/uploads\/2025\/12\/IMG_2138-150x100.jpg 150w\" sizes=\"(max-width: 1024px) 100vw, 1024px\" \/><\/a>\n\t\t\t<\/dt><\/dl><dl class='gallery-item'>\n\t\t\t<dt class='gallery-icon landscape'>\n\t\t\t\t<a href='http:\/\/laprovidenciaovalle.cl\/colegio\/img_2146\/'><img width=\"1024\" height=\"683\" src=\"http:\/\/laprovidenciaovalle.cl\/colegio\/wp-content\/uploads\/2025\/12\/IMG_2146-1024x683.jpg\" class=\"attachment-large size-large\" alt=\"\" loading=\"lazy\" srcset=\"http:\/\/laprovidenciaovalle.cl\/colegio\/wp-content\/uploads\/2025\/12\/IMG_2146-1024x683.jpg 1024w, http:\/\/laprovidenciaovalle.cl\/colegio\/wp-content\/uploads\/2025\/12\/IMG_2146-300x200.jpg 300w, http:\/\/laprovidenciaovalle.cl\/colegio\/wp-content\/uploads\/2025\/12\/IMG_2146-768x512.jpg 768w, http:\/\/laprovidenciaovalle.cl\/colegio\/wp-content\/uploads\/2025\/12\/IMG_2146-1536x1024.jpg 1536w, http:\/\/laprovidenciaovalle.cl\/colegio\/wp-content\/uploads\/2025\/12\/IMG_2146-2048x1365.jpg 2048w, http:\/\/laprovidenciaovalle.cl\/colegio\/wp-content\/uploads\/2025\/12\/IMG_2146-150x100.jpg 150w\" sizes=\"(max-width: 1024px) 100vw, 1024px\" \/><\/a>\n\t\t\t<\/dt><\/dl><br style=\"clear: both\" \/><dl class='gallery-item'>\n\t\t\t<dt class='gallery-icon landscape'>\n\t\t\t\t<a href='http:\/\/laprovidenciaovalle.cl\/colegio\/img_2152\/'><img width=\"1024\" height=\"683\" src=\"http:\/\/laprovidenciaovalle.cl\/colegio\/wp-content\/uploads\/2025\/12\/IMG_2152-1024x683.jpg\" class=\"attachment-large size-large\" alt=\"\" loading=\"lazy\" srcset=\"http:\/\/laprovidenciaovalle.cl\/colegio\/wp-content\/uploads\/2025\/12\/IMG_2152-1024x683.jpg 1024w, http:\/\/laprovidenciaovalle.cl\/colegio\/wp-content\/uploads\/2025\/12\/IMG_2152-300x200.jpg 300w, http:\/\/laprovidenciaovalle.cl\/colegio\/wp-content\/uploads\/2025\/12\/IMG_2152-768x512.jpg 768w, http:\/\/laprovidenciaovalle.cl\/colegio\/wp-content\/uploads\/2025\/12\/IMG_2152-1536x1024.jpg 1536w, http:\/\/laprovidenciaovalle.cl\/colegio\/wp-content\/uploads\/2025\/12\/IMG_2152-2048x1365.jpg 2048w, http:\/\/laprovidenciaovalle.cl\/colegio\/wp-content\/uploads\/2025\/12\/IMG_2152-150x100.jpg 150w\" sizes=\"(max-width: 1024px) 100vw, 1024px\" \/><\/a>\n\t\t\t<\/dt><\/dl><dl class='gallery-item'>\n\t\t\t<dt class='gallery-icon landscape'>\n\t\t\t\t<a href='http:\/\/laprovidenciaovalle.cl\/colegio\/img_2135-2\/'><img width=\"1024\" height=\"683\" src=\"http:\/\/laprovidenciaovalle.cl\/colegio\/wp-content\/uploads\/2025\/12\/IMG_2135-1024x683.jpg\" class=\"attachment-large size-large\" alt=\"\" loading=\"lazy\" srcset=\"http:\/\/laprovidenciaovalle.cl\/colegio\/wp-content\/uploads\/2025\/12\/IMG_2135-1024x683.jpg 1024w, http:\/\/laprovidenciaovalle.cl\/colegio\/wp-content\/uploads\/2025\/12\/IMG_2135-300x200.jpg 300w, http:\/\/laprovidenciaovalle.cl\/colegio\/wp-content\/uploads\/2025\/12\/IMG_2135-768x512.jpg 768w, http:\/\/laprovidenciaovalle.cl\/colegio\/wp-content\/uploads\/2025\/12\/IMG_2135-1536x1024.jpg 1536w, http:\/\/laprovidenciaovalle.cl\/colegio\/wp-content\/uploads\/2025\/12\/IMG_2135-2048x1365.jpg 2048w, http:\/\/laprovidenciaovalle.cl\/colegio\/wp-content\/uploads\/2025\/12\/IMG_2135-150x100.jpg 150w\" sizes=\"(max-width: 1024px) 100vw, 1024px\" \/><\/a>\n\t\t\t<\/dt><\/dl><dl class='gallery-item'>\n\t\t\t<dt class='gallery-icon landscape'>\n\t\t\t\t<a href='http:\/\/laprovidenciaovalle.cl\/colegio\/img_2122-2\/'><img width=\"1024\" height=\"683\" src=\"http:\/\/laprovidenciaovalle.cl\/colegio\/wp-content\/uploads\/2025\/12\/IMG_2122-1024x683.jpg\" class=\"attachment-large size-large\" alt=\"\" loading=\"lazy\" srcset=\"http:\/\/laprovidenciaovalle.cl\/colegio\/wp-content\/uploads\/2025\/12\/IMG_2122-1024x683.jpg 1024w, http:\/\/laprovidenciaovalle.cl\/colegio\/wp-content\/uploads\/2025\/12\/IMG_2122-300x200.jpg 300w, http:\/\/laprovidenciaovalle.cl\/colegio\/wp-content\/uploads\/2025\/12\/IMG_2122-768x512.jpg 768w, http:\/\/laprovidenciaovalle.cl\/colegio\/wp-content\/uploads\/2025\/12\/IMG_2122-1536x1024.jpg 1536w, http:\/\/laprovidenciaovalle.cl\/colegio\/wp-content\/uploads\/2025\/12\/IMG_2122-2048x1365.jpg 2048w, http:\/\/laprovidenciaovalle.cl\/colegio\/wp-content\/uploads\/2025\/12\/IMG_2122-150x100.jpg 150w\" sizes=\"(max-width: 1024px) 100vw, 1024px\" \/><\/a>\n\t\t\t<\/dt><\/dl><br style=\"clear: both\" \/><dl class='gallery-item'>\n\t\t\t<dt class='gallery-icon landscape'>\n\t\t\t\t<a href='http:\/\/laprovidenciaovalle.cl\/colegio\/img_2127-3\/'><img width=\"1024\" height=\"683\" src=\"http:\/\/laprovidenciaovalle.cl\/colegio\/wp-content\/uploads\/2025\/12\/IMG_2127-1024x683.jpg\" class=\"attachment-large size-large\" alt=\"\" loading=\"lazy\" srcset=\"http:\/\/laprovidenciaovalle.cl\/colegio\/wp-content\/uploads\/2025\/12\/IMG_2127-1024x683.jpg 1024w, http:\/\/laprovidenciaovalle.cl\/colegio\/wp-content\/uploads\/2025\/12\/IMG_2127-300x200.jpg 300w, http:\/\/laprovidenciaovalle.cl\/colegio\/wp-content\/uploads\/2025\/12\/IMG_2127-768x512.jpg 768w, http:\/\/laprovidenciaovalle.cl\/colegio\/wp-content\/uploads\/2025\/12\/IMG_2127-1536x1024.jpg 1536w, http:\/\/laprovidenciaovalle.cl\/colegio\/wp-content\/uploads\/2025\/12\/IMG_2127-2048x1365.jpg 2048w, http:\/\/laprovidenciaovalle.cl\/colegio\/wp-content\/uploads\/2025\/12\/IMG_2127-150x100.jpg 150w\" sizes=\"(max-width: 1024px) 100vw, 1024px\" \/><\/a>\n\t\t\t<\/dt><\/dl><dl class='gallery-item'>\n\t\t\t<dt class='gallery-icon landscape'>\n\t\t\t\t<a href='http:\/\/laprovidenciaovalle.cl\/colegio\/img_2125\/'><img width=\"1024\" height=\"683\" src=\"http:\/\/laprovidenciaovalle.cl\/colegio\/wp-content\/uploads\/2025\/12\/IMG_2125-1024x683.jpg\" class=\"attachment-large size-large\" alt=\"\" loading=\"lazy\" srcset=\"http:\/\/laprovidenciaovalle.cl\/colegio\/wp-content\/uploads\/2025\/12\/IMG_2125-1024x683.jpg 1024w, http:\/\/laprovidenciaovalle.cl\/colegio\/wp-content\/uploads\/2025\/12\/IMG_2125-300x200.jpg 300w, http:\/\/laprovidenciaovalle.cl\/colegio\/wp-content\/uploads\/2025\/12\/IMG_2125-768x512.jpg 768w, http:\/\/laprovidenciaovalle.cl\/colegio\/wp-content\/uploads\/2025\/12\/IMG_2125-1536x1024.jpg 1536w, http:\/\/laprovidenciaovalle.cl\/colegio\/wp-content\/uploads\/2025\/12\/IMG_2125-2048x1365.jpg 2048w, http:\/\/laprovidenciaovalle.cl\/colegio\/wp-content\/uploads\/2025\/12\/IMG_2125-150x100.jpg 150w\" sizes=\"(max-width: 1024px) 100vw, 1024px\" \/><\/a>\n\t\t\t<\/dt><\/dl><dl class='gallery-item'>\n\t\t\t<dt class='gallery-icon landscape'>\n\t\t\t\t<a href='http:\/\/laprovidenciaovalle.cl\/colegio\/img_2151-2\/'><img width=\"1024\" height=\"683\" src=\"http:\/\/laprovidenciaovalle.cl\/colegio\/wp-content\/uploads\/2025\/12\/IMG_2151-1024x683.jpg\" class=\"attachment-large size-large\" alt=\"\" loading=\"lazy\" srcset=\"http:\/\/laprovidenciaovalle.cl\/colegio\/wp-content\/uploads\/2025\/12\/IMG_2151-1024x683.jpg 1024w, http:\/\/laprovidenciaovalle.cl\/colegio\/wp-content\/uploads\/2025\/12\/IMG_2151-300x200.jpg 300w, http:\/\/laprovidenciaovalle.cl\/colegio\/wp-content\/uploads\/2025\/12\/IMG_2151-768x512.jpg 768w, http:\/\/laprovidenciaovalle.cl\/colegio\/wp-content\/uploads\/2025\/12\/IMG_2151-1536x1024.jpg 1536w, http:\/\/laprovidenciaovalle.cl\/colegio\/wp-content\/uploads\/2025\/12\/IMG_2151-2048x1365.jpg 2048w, http:\/\/laprovidenciaovalle.cl\/colegio\/wp-content\/uploads\/2025\/12\/IMG_2151-150x100.jpg 150w\" sizes=\"(max-width: 1024px) 100vw, 1024px\" \/><\/a>\n\t\t\t<\/dt><\/dl><br style=\"clear: both\" \/><dl class='gallery-item'>\n\t\t\t<dt class='gallery-icon landscape'>\n\t\t\t\t<a href='http:\/\/laprovidenciaovalle.cl\/colegio\/img_2150\/'><img width=\"1024\" height=\"683\" src=\"http:\/\/laprovidenciaovalle.cl\/colegio\/wp-content\/uploads\/2025\/12\/IMG_2150-1024x683.jpg\" class=\"attachment-large size-large\" alt=\"\" loading=\"lazy\" srcset=\"http:\/\/laprovidenciaovalle.cl\/colegio\/wp-content\/uploads\/2025\/12\/IMG_2150-1024x683.jpg 1024w, http:\/\/laprovidenciaovalle.cl\/colegio\/wp-content\/uploads\/2025\/12\/IMG_2150-300x200.jpg 300w, http:\/\/laprovidenciaovalle.cl\/colegio\/wp-content\/uploads\/2025\/12\/IMG_2150-768x512.jpg 768w, http:\/\/laprovidenciaovalle.cl\/colegio\/wp-content\/uploads\/2025\/12\/IMG_2150-1536x1024.jpg 1536w, http:\/\/laprovidenciaovalle.cl\/colegio\/wp-content\/uploads\/2025\/12\/IMG_2150-2048x1365.jpg 2048w, http:\/\/laprovidenciaovalle.cl\/colegio\/wp-content\/uploads\/2025\/12\/IMG_2150-150x100.jpg 150w\" sizes=\"(max-width: 1024px) 100vw, 1024px\" \/><\/a>\n\t\t\t<\/dt><\/dl><dl class='gallery-item'>\n\t\t\t<dt class='gallery-icon landscape'>\n\t\t\t\t<a href='http:\/\/laprovidenciaovalle.cl\/colegio\/img_2120\/'><img width=\"1024\" height=\"683\" src=\"http:\/\/laprovidenciaovalle.cl\/colegio\/wp-content\/uploads\/2025\/12\/IMG_2120-1024x683.jpg\" class=\"attachment-large size-large\" alt=\"\" loading=\"lazy\" srcset=\"http:\/\/laprovidenciaovalle.cl\/colegio\/wp-content\/uploads\/2025\/12\/IMG_2120-1024x683.jpg 1024w, http:\/\/laprovidenciaovalle.cl\/colegio\/wp-content\/uploads\/2025\/12\/IMG_2120-300x200.jpg 300w, http:\/\/laprovidenciaovalle.cl\/colegio\/wp-content\/uploads\/2025\/12\/IMG_2120-768x512.jpg 768w, http:\/\/laprovidenciaovalle.cl\/colegio\/wp-content\/uploads\/2025\/12\/IMG_2120-1536x1024.jpg 1536w, http:\/\/laprovidenciaovalle.cl\/colegio\/wp-content\/uploads\/2025\/12\/IMG_2120-2048x1365.jpg 2048w, http:\/\/laprovidenciaovalle.cl\/colegio\/wp-content\/uploads\/2025\/12\/IMG_2120-150x100.jpg 150w\" sizes=\"(max-width: 1024px) 100vw, 1024px\" \/><\/a>\n\t\t\t<\/dt><\/dl><dl class='gallery-item'>\n\t\t\t<dt class='gallery-icon landscape'>\n\t\t\t\t<a href='http:\/\/laprovidenciaovalle.cl\/colegio\/img_2139\/'><img width=\"1024\" height=\"683\" src=\"http:\/\/laprovidenciaovalle.cl\/colegio\/wp-content\/uploads\/2025\/12\/IMG_2139-1024x683.jpg\" class=\"attachment-large size-large\" alt=\"\" loading=\"lazy\" srcset=\"http:\/\/laprovidenciaovalle.cl\/colegio\/wp-content\/uploads\/2025\/12\/IMG_2139-1024x683.jpg 1024w, http:\/\/laprovidenciaovalle.cl\/colegio\/wp-content\/uploads\/2025\/12\/IMG_2139-300x200.jpg 300w, http:\/\/laprovidenciaovalle.cl\/colegio\/wp-content\/uploads\/2025\/12\/IMG_2139-768x512.jpg 768w, http:\/\/laprovidenciaovalle.cl\/colegio\/wp-content\/uploads\/2025\/12\/IMG_2139-1536x1024.jpg 1536w, http:\/\/laprovidenciaovalle.cl\/colegio\/wp-content\/uploads\/2025\/12\/IMG_2139-2048x1365.jpg 2048w, http:\/\/laprovidenciaovalle.cl\/colegio\/wp-content\/uploads\/2025\/12\/IMG_2139-150x100.jpg 150w\" sizes=\"(max-width: 1024px) 100vw, 1024px\" \/><\/a>\n\t\t\t<\/dt><\/dl><br style=\"clear: both\" \/>\n\t\t<\/div>\n\n<p>&nbsp;<\/p>\n","protected":false},"excerpt":{"rendered":"<p>El d\u00eda mi\u00e9rcoles nuestra directora Mar\u00eda Cecilia Mart\u00ednez Salas, quien adem\u00e1s es poeta, particip\u00f3 en la lectura de poes\u00edas realizada en la Biblioteca V\u00edctor Domingo Silva, en el marco del proyecto \u201cGabriela Mistral en la cultura y educaci\u00f3n regional\u201d y en conmemoraci\u00f3n de los 80 a\u00f1os desde que Gabriela Mistral recibi\u00f3 el Premio Nobel de Literatura. Nuestra comunidad educativa se&nbsp;<a href=\"http:\/\/laprovidenciaovalle.cl\/colegio\/talento-poetica-conmemoro-los-80-anos-del-nobel-de-gabriela-mistral\/\">[&hellip;]<\/a><\/p>\n","protected":false},"author":5,"featured_media":22765,"comment_status":"closed","ping_status":"closed","sticky":false,"template":"","format":"standard","meta":[],"categories":[16],"tags":[],"yoast_head":"<!-- This site is optimized with the Yoast SEO plugin v15.2 - https:\/\/yoast.com\/wordpress\/plugins\/seo\/ -->\n<title>Talento y poes\u00eda de nuestra directora presentes en celebraci\u00f3n de los 80 a\u00f1os del Nobel de Gabriela Mistral - Colegio La Providencia<\/title>\n<meta name=\"robots\" content=\"index, follow, max-snippet:-1, max-image-preview:large, max-video-preview:-1\" \/>\n<link rel=\"canonical\" href=\"http:\/\/laprovidenciaovalle.cl\/colegio\/talento-poetica-conmemoro-los-80-anos-del-nobel-de-gabriela-mistral\/\" \/>\n<meta property=\"og:locale\" content=\"es_ES\" \/>\n<meta property=\"og:type\" content=\"article\" \/>\n<meta property=\"og:title\" content=\"Talento y poes\u00eda de nuestra directora presentes en celebraci\u00f3n de los 80 a\u00f1os del Nobel de Gabriela Mistral - Colegio La Providencia\" \/>\n<meta property=\"og:description\" content=\"El d\u00eda mi\u00e9rcoles nuestra directora Mar\u00eda Cecilia Mart\u00ednez Salas, quien adem\u00e1s es poeta, particip\u00f3 en la lectura de poes\u00edas realizada en la Biblioteca V\u00edctor Domingo Silva, en el marco del proyecto \u201cGabriela Mistral en la cultura y educaci\u00f3n regional\u201d y en conmemoraci\u00f3n de los 80 a\u00f1os desde que Gabriela Mistral recibi\u00f3 el Premio Nobel de Literatura. Nuestra comunidad educativa se&nbsp;[&hellip;]\" \/>\n<meta property=\"og:url\" content=\"http:\/\/laprovidenciaovalle.cl\/colegio\/talento-poetica-conmemoro-los-80-anos-del-nobel-de-gabriela-mistral\/\" \/>\n<meta property=\"og:site_name\" content=\"Colegio La Providencia\" \/>\n<meta property=\"article:published_time\" content=\"2025-12-11T18:20:02+00:00\" \/>\n<meta property=\"article:modified_time\" content=\"2025-12-11T18:22:44+00:00\" \/>\n<meta property=\"og:image\" content=\"http:\/\/laprovidenciaovalle.cl\/colegio\/wp-content\/uploads\/2025\/12\/IMG_2146-scaled.jpg\" \/>\n\t<meta property=\"og:image:width\" content=\"2560\" \/>\n\t<meta property=\"og:image:height\" content=\"1707\" \/>\n<meta name=\"twitter:card\" content=\"summary_large_image\" \/>\n<meta name=\"twitter:label1\" value=\"Escrito por\">\n\t<meta name=\"twitter:data1\" value=\"Comunicaciones Colegio\">\n\t<meta name=\"twitter:label2\" value=\"Tiempo de lectura\">\n\t<meta name=\"twitter:data2\" value=\"1 minuto\">\n<script type=\"application\/ld+json\" class=\"yoast-schema-graph\">{\"@context\":\"https:\/\/schema.org\",\"@graph\":[{\"@type\":\"WebSite\",\"@id\":\"https:\/\/laprovidenciaovalle.cl\/colegio\/#website\",\"url\":\"https:\/\/laprovidenciaovalle.cl\/colegio\/\",\"name\":\"Colegio La Providencia\",\"description\":\"Ovalle\",\"potentialAction\":[{\"@type\":\"SearchAction\",\"target\":\"https:\/\/laprovidenciaovalle.cl\/colegio\/?s={search_term_string}\",\"query-input\":\"required name=search_term_string\"}],\"inLanguage\":\"es\"},{\"@type\":\"ImageObject\",\"@id\":\"http:\/\/laprovidenciaovalle.cl\/colegio\/talento-poetica-conmemoro-los-80-anos-del-nobel-de-gabriela-mistral\/#primaryimage\",\"inLanguage\":\"es\",\"url\":\"http:\/\/laprovidenciaovalle.cl\/colegio\/wp-content\/uploads\/2025\/12\/IMG_2146-scaled.jpg\",\"width\":2560,\"height\":1707},{\"@type\":\"WebPage\",\"@id\":\"http:\/\/laprovidenciaovalle.cl\/colegio\/talento-poetica-conmemoro-los-80-anos-del-nobel-de-gabriela-mistral\/#webpage\",\"url\":\"http:\/\/laprovidenciaovalle.cl\/colegio\/talento-poetica-conmemoro-los-80-anos-del-nobel-de-gabriela-mistral\/\",\"name\":\"Talento y poes\\u00eda de nuestra directora presentes en celebraci\\u00f3n de los 80 a\\u00f1os del Nobel de Gabriela Mistral - Colegio La Providencia\",\"isPartOf\":{\"@id\":\"https:\/\/laprovidenciaovalle.cl\/colegio\/#website\"},\"primaryImageOfPage\":{\"@id\":\"http:\/\/laprovidenciaovalle.cl\/colegio\/talento-poetica-conmemoro-los-80-anos-del-nobel-de-gabriela-mistral\/#primaryimage\"},\"datePublished\":\"2025-12-11T18:20:02+00:00\",\"dateModified\":\"2025-12-11T18:22:44+00:00\",\"author\":{\"@id\":\"https:\/\/laprovidenciaovalle.cl\/colegio\/#\/schema\/person\/1035f45cd35e1948fb928fcdc74228fe\"},\"inLanguage\":\"es\",\"potentialAction\":[{\"@type\":\"ReadAction\",\"target\":[\"http:\/\/laprovidenciaovalle.cl\/colegio\/talento-poetica-conmemoro-los-80-anos-del-nobel-de-gabriela-mistral\/\"]}]},{\"@type\":\"Person\",\"@id\":\"https:\/\/laprovidenciaovalle.cl\/colegio\/#\/schema\/person\/1035f45cd35e1948fb928fcdc74228fe\",\"name\":\"Comunicaciones Colegio\",\"image\":{\"@type\":\"ImageObject\",\"@id\":\"https:\/\/laprovidenciaovalle.cl\/colegio\/#personlogo\",\"inLanguage\":\"es\",\"url\":\"http:\/\/2.gravatar.com\/avatar\/5d0b6f6fbda2852def0dc3e63e38d319?s=96&d=mm&r=g\",\"caption\":\"Comunicaciones Colegio\"}}]}<\/script>\n<!-- \/ Yoast SEO plugin. -->","_links":{"self":[{"href":"http:\/\/laprovidenciaovalle.cl\/colegio\/wp-json\/wp\/v2\/posts\/22769"}],"collection":[{"href":"http:\/\/laprovidenciaovalle.cl\/colegio\/wp-json\/wp\/v2\/posts"}],"about":[{"href":"http:\/\/laprovidenciaovalle.cl\/colegio\/wp-json\/wp\/v2\/types\/post"}],"author":[{"embeddable":true,"href":"http:\/\/laprovidenciaovalle.cl\/colegio\/wp-json\/wp\/v2\/users\/5"}],"replies":[{"embeddable":true,"href":"http:\/\/laprovidenciaovalle.cl\/colegio\/wp-json\/wp\/v2\/comments?post=22769"}],"version-history":[{"count":2,"href":"http:\/\/laprovidenciaovalle.cl\/colegio\/wp-json\/wp\/v2\/posts\/22769\/revisions"}],"predecessor-version":[{"id":22771,"href":"http:\/\/laprovidenciaovalle.cl\/colegio\/wp-json\/wp\/v2\/posts\/22769\/revisions\/22771"}],"wp:featuredmedia":[{"embeddable":true,"href":"http:\/\/laprovidenciaovalle.cl\/colegio\/wp-json\/wp\/v2\/media\/22765"}],"wp:attachment":[{"href":"http:\/\/laprovidenciaovalle.cl\/colegio\/wp-json\/wp\/v2\/media?parent=22769"}],"wp:term":[{"taxonomy":"category","embeddable":true,"href":"http:\/\/laprovidenciaovalle.cl\/colegio\/wp-json\/wp\/v2\/categories?post=22769"},{"taxonomy":"post_tag","embeddable":true,"href":"http:\/\/laprovidenciaovalle.cl\/colegio\/wp-json\/wp\/v2\/tags?post=22769"}],"curies":[{"name":"wp","href":"https:\/\/api.w.org\/{rel}","templated":true}]}}