{"id":2382,"date":"2019-08-29T12:04:50","date_gmt":"2019-08-29T16:04:50","guid":{"rendered":"http:\/\/laprovidenciaovalle.cl\/colegio\/?p=2382"},"modified":"2019-08-29T16:01:33","modified_gmt":"2019-08-29T20:01:33","slug":"segundo-encuentro-vocacional-aprendo-a-oir-tu-voz-senor","status":"publish","type":"post","link":"http:\/\/laprovidenciaovalle.cl\/colegio\/segundo-encuentro-vocacional-aprendo-a-oir-tu-voz-senor\/","title":{"rendered":"Segundo Encuentro Vocacional \u201cAprendo a O\u00edr tu voz Se\u00f1or\u201d"},"content":{"rendered":"<p>El pasado 22 de agosto, se realiz\u00f3 en nuestro Colegio el Segundo Encuentro Vocacional \u00a0para alumnas con inquietudes religiosas y vocacionales de los segundos, terceros y cuartos medios.<\/p>\n<p>En la actividad \u00a0participaci\u00f3n 46 alumnas con inquietudes religiosas y vocacionales en donde contamos con la presencia de las Hermanas de la Providencia de la Comunidad de Ovalle; Mar\u00eda Eugenia Arancibia, Gladys N\u00fa\u00f1ez, Ema Maureira, la profesora Coordinadora de Pastoral, Mar\u00eda Cecilia Mart\u00ednez y la Coordinadora de Pastoral Juvenil, Johanka Veliz adem\u00e1s de los Asociados y Asociadas Providencia de Ovalle.<\/p>\n<p>Con \u00a0alegr\u00eda por el reencuentro y oraci\u00f3n, las j\u00f3venes pudieron escuchar el testimonio de nuestras Hermanas: Mar\u00eda Eugenia Arancibia \u00c1lvarez, con su saludo y motivaci\u00f3n, Gladys N\u00fa\u00f1ez, con su simpat\u00eda y experiencia, en el Tema \u201cLa Primera Vez que Escuch\u00e9 Tu Llamado\u00a0 Se\u00f1or\u201d y Madre Ema con su impronta misionera, su canto y su guitarra.<\/p>\n<p>El Centro del \u00a0Taller Vocacional \u00a0fue la Palabra de Dios: \u201cEl Llamado de Samuel\u201d con un\u00a0 Trabajo de Reflexi\u00f3n Grupal, tipo Lectio Divina de las j\u00f3venes en C\u00edrculos de Trabajo compartiendo las respuestas e ideas generadas en su\u00a0 lectura y an\u00e1lisis de la Palabra, motivadas y\u00a0 guiadas, por la Profesora Mar\u00eda Cecilia Mart\u00ednez Coordinadora de Pastoral.<\/p>\n<p>Por el lado de la Pastoral Juvenil a cargo de Johanka V\u00e9liz,\u00a0 motiv\u00f3 con la oraci\u00f3n final y de silencio para responder la reflexi\u00f3n personal del Taller: \u201cBusco El Camino que Dios me Propone\u201d.<\/p>\n<p>Estos Encuentros tienen por objetivo poner \u00a0\u00e9nfasis en el\u00a0 desarrollo del \u00c1rea de Pastoral Vocacional, inserta en el Plan Operativo Anual de Pastoral de nuestro Colegio. Es un Proyecto\u00a0 Vocacional que se ha titulado \u201cUn Viaje Providente\u201d, que considera 3 \u00a0Encuentros, de los cuales ya se han realizado dos, \u00a0adem\u00e1s de un Desayuno Vocacional, en el que participaron 90 alumnas el pasado 14 de agosto.\u00a0 El pr\u00f3ximo Encuentro \u00a0est\u00e1 programado para el mes de Octubre para todas nuestras alumnas que vivieron esa jornada.<\/p>\n<p style=\"text-align: center;\">Al finalizar la jornada, las alumnas recibieron \u00a0refrigerios, servido por los Asociados Providencia de Ovalle.<\/p>\n","protected":false},"excerpt":{"rendered":"<p>El pasado 22 de agosto, se realiz\u00f3 en nuestro Colegio el Segundo Encuentro Vocacional \u00a0para alumnas con inquietudes religiosas y vocacionales de los segundos, terceros y cuartos medios. En la actividad \u00a0participaci\u00f3n 46 alumnas con inquietudes religiosas y vocacionales en donde contamos con la presencia de las Hermanas de la Providencia de la Comunidad de Ovalle; Mar\u00eda Eugenia Arancibia, Gladys&nbsp;<a href=\"http:\/\/laprovidenciaovalle.cl\/colegio\/segundo-encuentro-vocacional-aprendo-a-oir-tu-voz-senor\/\">[&hellip;]<\/a><\/p>\n","protected":false},"author":5,"featured_media":2385,"comment_status":"closed","ping_status":"closed","sticky":false,"template":"","format":"standard","meta":[],"categories":[16],"tags":[],"yoast_head":"<!-- This site is optimized with the Yoast SEO plugin v15.2 - https:\/\/yoast.com\/wordpress\/plugins\/seo\/ -->\n<title>Segundo Encuentro Vocacional \u201cAprendo a O\u00edr tu voz Se\u00f1or\u201d - Colegio La Providencia<\/title>\n<meta name=\"robots\" content=\"index, follow, max-snippet:-1, max-image-preview:large, max-video-preview:-1\" \/>\n<link rel=\"canonical\" href=\"http:\/\/laprovidenciaovalle.cl\/colegio\/segundo-encuentro-vocacional-aprendo-a-oir-tu-voz-senor\/\" \/>\n<meta property=\"og:locale\" content=\"es_ES\" \/>\n<meta property=\"og:type\" content=\"article\" \/>\n<meta property=\"og:title\" content=\"Segundo Encuentro Vocacional \u201cAprendo a O\u00edr tu voz Se\u00f1or\u201d - Colegio La Providencia\" \/>\n<meta property=\"og:description\" content=\"El pasado 22 de agosto, se realiz\u00f3 en nuestro Colegio el Segundo Encuentro Vocacional \u00a0para alumnas con inquietudes religiosas y vocacionales de los segundos, terceros y cuartos medios. En la actividad \u00a0participaci\u00f3n 46 alumnas con inquietudes religiosas y vocacionales en donde contamos con la presencia de las Hermanas de la Providencia de la Comunidad de Ovalle; Mar\u00eda Eugenia Arancibia, Gladys&nbsp;[&hellip;]\" \/>\n<meta property=\"og:url\" content=\"http:\/\/laprovidenciaovalle.cl\/colegio\/segundo-encuentro-vocacional-aprendo-a-oir-tu-voz-senor\/\" \/>\n<meta property=\"og:site_name\" content=\"Colegio La Providencia\" \/>\n<meta property=\"article:published_time\" content=\"2019-08-29T16:04:50+00:00\" \/>\n<meta property=\"article:modified_time\" content=\"2019-08-29T20:01:33+00:00\" \/>\n<meta property=\"og:image\" content=\"http:\/\/laprovidenciaovalle.cl\/colegio\/wp-content\/uploads\/2019\/08\/IMG-20190822-WA0023.jpg\" \/>\n\t<meta property=\"og:image:width\" content=\"1280\" \/>\n\t<meta property=\"og:image:height\" content=\"720\" \/>\n<meta name=\"twitter:card\" content=\"summary_large_image\" \/>\n<meta name=\"twitter:label1\" value=\"Escrito por\">\n\t<meta name=\"twitter:data1\" value=\"Comunicaciones Colegio\">\n\t<meta name=\"twitter:label2\" value=\"Tiempo de lectura\">\n\t<meta name=\"twitter:data2\" value=\"1 minuto\">\n<script type=\"application\/ld+json\" class=\"yoast-schema-graph\">{\"@context\":\"https:\/\/schema.org\",\"@graph\":[{\"@type\":\"WebSite\",\"@id\":\"https:\/\/laprovidenciaovalle.cl\/colegio\/#website\",\"url\":\"https:\/\/laprovidenciaovalle.cl\/colegio\/\",\"name\":\"Colegio La Providencia\",\"description\":\"Ovalle\",\"potentialAction\":[{\"@type\":\"SearchAction\",\"target\":\"https:\/\/laprovidenciaovalle.cl\/colegio\/?s={search_term_string}\",\"query-input\":\"required name=search_term_string\"}],\"inLanguage\":\"es\"},{\"@type\":\"ImageObject\",\"@id\":\"http:\/\/laprovidenciaovalle.cl\/colegio\/segundo-encuentro-vocacional-aprendo-a-oir-tu-voz-senor\/#primaryimage\",\"inLanguage\":\"es\",\"url\":\"http:\/\/laprovidenciaovalle.cl\/colegio\/wp-content\/uploads\/2019\/08\/IMG-20190822-WA0023.jpg\",\"width\":1280,\"height\":720},{\"@type\":\"WebPage\",\"@id\":\"http:\/\/laprovidenciaovalle.cl\/colegio\/segundo-encuentro-vocacional-aprendo-a-oir-tu-voz-senor\/#webpage\",\"url\":\"http:\/\/laprovidenciaovalle.cl\/colegio\/segundo-encuentro-vocacional-aprendo-a-oir-tu-voz-senor\/\",\"name\":\"Segundo Encuentro Vocacional \\u201cAprendo a O\\u00edr tu voz Se\\u00f1or\\u201d - Colegio La Providencia\",\"isPartOf\":{\"@id\":\"https:\/\/laprovidenciaovalle.cl\/colegio\/#website\"},\"primaryImageOfPage\":{\"@id\":\"http:\/\/laprovidenciaovalle.cl\/colegio\/segundo-encuentro-vocacional-aprendo-a-oir-tu-voz-senor\/#primaryimage\"},\"datePublished\":\"2019-08-29T16:04:50+00:00\",\"dateModified\":\"2019-08-29T20:01:33+00:00\",\"author\":{\"@id\":\"https:\/\/laprovidenciaovalle.cl\/colegio\/#\/schema\/person\/1035f45cd35e1948fb928fcdc74228fe\"},\"inLanguage\":\"es\",\"potentialAction\":[{\"@type\":\"ReadAction\",\"target\":[\"http:\/\/laprovidenciaovalle.cl\/colegio\/segundo-encuentro-vocacional-aprendo-a-oir-tu-voz-senor\/\"]}]},{\"@type\":\"Person\",\"@id\":\"https:\/\/laprovidenciaovalle.cl\/colegio\/#\/schema\/person\/1035f45cd35e1948fb928fcdc74228fe\",\"name\":\"Comunicaciones Colegio\",\"image\":{\"@type\":\"ImageObject\",\"@id\":\"https:\/\/laprovidenciaovalle.cl\/colegio\/#personlogo\",\"inLanguage\":\"es\",\"url\":\"http:\/\/2.gravatar.com\/avatar\/5d0b6f6fbda2852def0dc3e63e38d319?s=96&d=mm&r=g\",\"caption\":\"Comunicaciones Colegio\"}}]}<\/script>\n<!-- \/ Yoast SEO plugin. -->","_links":{"self":[{"href":"http:\/\/laprovidenciaovalle.cl\/colegio\/wp-json\/wp\/v2\/posts\/2382"}],"collection":[{"href":"http:\/\/laprovidenciaovalle.cl\/colegio\/wp-json\/wp\/v2\/posts"}],"about":[{"href":"http:\/\/laprovidenciaovalle.cl\/colegio\/wp-json\/wp\/v2\/types\/post"}],"author":[{"embeddable":true,"href":"http:\/\/laprovidenciaovalle.cl\/colegio\/wp-json\/wp\/v2\/users\/5"}],"replies":[{"embeddable":true,"href":"http:\/\/laprovidenciaovalle.cl\/colegio\/wp-json\/wp\/v2\/comments?post=2382"}],"version-history":[{"count":2,"href":"http:\/\/laprovidenciaovalle.cl\/colegio\/wp-json\/wp\/v2\/posts\/2382\/revisions"}],"predecessor-version":[{"id":2387,"href":"http:\/\/laprovidenciaovalle.cl\/colegio\/wp-json\/wp\/v2\/posts\/2382\/revisions\/2387"}],"wp:featuredmedia":[{"embeddable":true,"href":"http:\/\/laprovidenciaovalle.cl\/colegio\/wp-json\/wp\/v2\/media\/2385"}],"wp:attachment":[{"href":"http:\/\/laprovidenciaovalle.cl\/colegio\/wp-json\/wp\/v2\/media?parent=2382"}],"wp:term":[{"taxonomy":"category","embeddable":true,"href":"http:\/\/laprovidenciaovalle.cl\/colegio\/wp-json\/wp\/v2\/categories?post=2382"},{"taxonomy":"post_tag","embeddable":true,"href":"http:\/\/laprovidenciaovalle.cl\/colegio\/wp-json\/wp\/v2\/tags?post=2382"}],"curies":[{"name":"wp","href":"https:\/\/api.w.org\/{rel}","templated":true}]}}