{"id":25465,"date":"2026-08-31T12:53:58","date_gmt":"2026-08-31T16:53:58","guid":{"rendered":"http:\/\/laprovidenciaovalle.cl\/colegio\/?p=25465"},"modified":"2026-08-31T12:53:58","modified_gmt":"2026-08-31T16:53:58","slug":"120-anos-de-historia-fe-y-servicio-la-gran-mesa-del-rey-vistio-de-amor-y-dignidad-nuestro-colegio","status":"publish","type":"post","link":"http:\/\/laprovidenciaovalle.cl\/colegio\/120-anos-de-historia-fe-y-servicio-la-gran-mesa-del-rey-vistio-de-amor-y-dignidad-nuestro-colegio\/","title":{"rendered":"120 a\u00f1os de historia, fe y servicio: La &#8220;Gran Mesa del Rey&#8221; visti\u00f3 de amor y dignidad nuestro colegio"},"content":{"rendered":"<p data-path-to-node=\"1\">En el marco de la celebraci\u00f3n de los <b data-path-to-node=\"1\" data-index-in-node=\"37\">120 a\u00f1os de historia de nuestro colegio<\/b>, el pasado s\u00e1bado 29 de agosto la comunidad de <b data-path-to-node=\"1\" data-index-in-node=\"124\">Asociados Providencia de Ovalle<\/b> vivi\u00f3 una jornada cargada de fe, fraternidad y entrega en el techado de nuestro establecimiento.<\/p>\n<p data-path-to-node=\"2\">En esta ocasi\u00f3n especial, la tradicional iniciativa mensual de la <b data-path-to-node=\"2\" data-index-in-node=\"66\">&#8220;Mesa del Rey&#8221;<\/b> ampli\u00f3 su coraz\u00f3n para preparar y servir <b data-path-to-node=\"2\" data-index-in-node=\"127\">120 &#8220;Almuerzos de Amor Providente&#8221;<\/b>, dirigidos a personas en situaci\u00f3n de calle y familias de nuestra ciudad que enfrentan momentos de necesidad.<\/p>\n<p data-path-to-node=\"3\">Desde muy temprano, asociados y amigos de la comunidad se desplegaron con entusiasmo para armar las mesas, preparar hermosos arreglos y cocinar con dedicaci\u00f3n un men\u00fa fraterno \u2014pollo asado, arroz, ensalada de tomate, pan y jugo\u2014. Tras recorrer las calles cercanas extendiendo una invitaci\u00f3n abierta y acogedora, el espacio se llen\u00f3 de rostros, historias y sonrisas compartidas en torno a una mesa servida con la dignidad que cada persona merece.<\/p>\n<p data-path-to-node=\"4\"><b data-path-to-node=\"4\" data-index-in-node=\"0\">El fruto de una comunidad solidaria<\/b><\/p>\n<p data-path-to-node=\"5\">Esta gran obra fue posible gracias al compromiso directo de toda nuestra comunidad educativa. Los fondos requeridos para la compra de los insumos se reunieron gracias a la solidaria participaci\u00f3n en:<\/p>\n<ul data-path-to-node=\"6\">\n<li>\n<p data-path-to-node=\"6,0,0\"><b data-path-to-node=\"6,0,0\" data-index-in-node=\"0\">El Jeans Day<\/b> realizado el pasado 7 de agosto.<\/p>\n<\/li>\n<li>\n<p data-path-to-node=\"6,1,0\"><b data-path-to-node=\"6,1,0\" data-index-in-node=\"0\">El Quiosco Solidario<\/b> impulsado durante la Gala de Aniversario el 20 de agosto.<\/p>\n<\/li>\n<\/ul>\n<p data-path-to-node=\"7\">Cada aporte, por peque\u00f1o que pareciera, se transform\u00f3 en un plato de comida caliente y en un gesto concreto de caridad que nos llena el coraz\u00f3n y refuerza nuestra identidad institucional.<\/p>\n<blockquote data-path-to-node=\"8\">\n<p data-path-to-node=\"8,0\"><i data-path-to-node=\"8,0\" data-index-in-node=\"0\">&#8220;La caridad es el fuego divino que debe abrasar nuestros corazones.&#8221;<\/i><\/p>\n<p data-path-to-node=\"8,1\">\u2014 <b data-path-to-node=\"8,1\" data-index-in-node=\"2\">Madre Emilia Gamelin<\/b><\/p>\n<\/blockquote>\n<p data-path-to-node=\"9\">Con esta acci\u00f3n, mantenemos m\u00e1s vivo que nunca el legado, ya que todos los AP est\u00e1n motivados por el mismo esp\u00edritu y el mismo Carisma que las Hermanas de la Providencia, es decir, el don de manifestar la Providencia de Dios y la compasi\u00f3n de Nuestra Se\u00f1ora de Dolores. Esto lo demuestran sirviendo a los pobres con un amor compasivo, y haciendo conocer y amar a Dios a trav\u00e9s del ejemplo de su vida y de sus ministerios.<\/p>\n<p data-path-to-node=\"10\"><b data-path-to-node=\"10\" data-index-in-node=\"0\">\u00a1S\u00famate a la familia de Asociados Providencia!<\/b><\/p>\n<p data-path-to-node=\"11\">El trabajo de amor y servicio no se detiene y siempre necesita nuevas manos y corazones dispuestos. Invitamos cordialmente a <b data-path-to-node=\"11\" data-index-in-node=\"125\">exestudiantes, estudiantes, funcionarios, apoderados y a toda persona a quien le mueva la fe y la solidaridad<\/b> a sumarse y ser parte activa de la comunidad de Asociados Providencia de Ovalle.<\/p>\n<p data-path-to-node=\"12\">Si sientes el llamado a servir y transformar realidades desde el carisma Providencia, \u00a1te esperamos con los brazos abiertos!<\/p>\n\n\t\t<style type=\"text\/css\">\n\t\t\t#gallery-1 {\n\t\t\t\tmargin: auto;\n\t\t\t}\n\t\t\t#gallery-1 .gallery-item {\n\t\t\t\tfloat: left;\n\t\t\t\tmargin-top: 10px;\n\t\t\t\ttext-align: center;\n\t\t\t\twidth: 33%;\n\t\t\t}\n\t\t\t#gallery-1 img {\n\t\t\t\tborder: 2px solid #cfcfcf;\n\t\t\t}\n\t\t\t#gallery-1 .gallery-caption {\n\t\t\t\tmargin-left: 0;\n\t\t\t}\n\t\t\t\/* see gallery_shortcode() in wp-includes\/media.php *\/\n\t\t<\/style>\n\t\t<div id='gallery-1' class='gallery galleryid-25465 gallery-columns-3 gallery-size-large'><dl class='gallery-item'>\n\t\t\t<dt class='gallery-icon landscape'>\n\t\t\t\t<a href='http:\/\/laprovidenciaovalle.cl\/colegio\/120-anos-de-historia-fe-y-servicio-la-gran-mesa-del-rey-vistio-de-amor-y-dignidad-nuestro-colegio\/whatsapp-image-2026-08-29-at-12-52-12\/'><img width=\"1024\" height=\"576\" src=\"http:\/\/laprovidenciaovalle.cl\/colegio\/wp-content\/uploads\/2026\/08\/WhatsApp-Image-2026-08-29-at-12.52.12-1024x576.jpeg\" class=\"attachment-large size-large\" alt=\"\" loading=\"lazy\" srcset=\"http:\/\/laprovidenciaovalle.cl\/colegio\/wp-content\/uploads\/2026\/08\/WhatsApp-Image-2026-08-29-at-12.52.12-1024x576.jpeg 1024w, http:\/\/laprovidenciaovalle.cl\/colegio\/wp-content\/uploads\/2026\/08\/WhatsApp-Image-2026-08-29-at-12.52.12-300x169.jpeg 300w, http:\/\/laprovidenciaovalle.cl\/colegio\/wp-content\/uploads\/2026\/08\/WhatsApp-Image-2026-08-29-at-12.52.12-768x432.jpeg 768w, http:\/\/laprovidenciaovalle.cl\/colegio\/wp-content\/uploads\/2026\/08\/WhatsApp-Image-2026-08-29-at-12.52.12-1536x864.jpeg 1536w, http:\/\/laprovidenciaovalle.cl\/colegio\/wp-content\/uploads\/2026\/08\/WhatsApp-Image-2026-08-29-at-12.52.12-150x84.jpeg 150w, http:\/\/laprovidenciaovalle.cl\/colegio\/wp-content\/uploads\/2026\/08\/WhatsApp-Image-2026-08-29-at-12.52.12.jpeg 1600w\" sizes=\"(max-width: 1024px) 100vw, 1024px\" \/><\/a>\n\t\t\t<\/dt><\/dl><dl class='gallery-item'>\n\t\t\t<dt class='gallery-icon portrait'>\n\t\t\t\t<a href='http:\/\/laprovidenciaovalle.cl\/colegio\/120-anos-de-historia-fe-y-servicio-la-gran-mesa-del-rey-vistio-de-amor-y-dignidad-nuestro-colegio\/whatsapp-image-2026-08-29-at-12-46-31\/'><img width=\"576\" height=\"1024\" src=\"http:\/\/laprovidenciaovalle.cl\/colegio\/wp-content\/uploads\/2026\/08\/WhatsApp-Image-2026-08-29-at-12.46.31-576x1024.jpeg\" class=\"attachment-large size-large\" alt=\"\" loading=\"lazy\" srcset=\"http:\/\/laprovidenciaovalle.cl\/colegio\/wp-content\/uploads\/2026\/08\/WhatsApp-Image-2026-08-29-at-12.46.31-576x1024.jpeg 576w, http:\/\/laprovidenciaovalle.cl\/colegio\/wp-content\/uploads\/2026\/08\/WhatsApp-Image-2026-08-29-at-12.46.31-169x300.jpeg 169w, http:\/\/laprovidenciaovalle.cl\/colegio\/wp-content\/uploads\/2026\/08\/WhatsApp-Image-2026-08-29-at-12.46.31-768x1365.jpeg 768w, http:\/\/laprovidenciaovalle.cl\/colegio\/wp-content\/uploads\/2026\/08\/WhatsApp-Image-2026-08-29-at-12.46.31-864x1536.jpeg 864w, http:\/\/laprovidenciaovalle.cl\/colegio\/wp-content\/uploads\/2026\/08\/WhatsApp-Image-2026-08-29-at-12.46.31-84x150.jpeg 84w, http:\/\/laprovidenciaovalle.cl\/colegio\/wp-content\/uploads\/2026\/08\/WhatsApp-Image-2026-08-29-at-12.46.31.jpeg 900w\" sizes=\"(max-width: 576px) 100vw, 576px\" \/><\/a>\n\t\t\t<\/dt><\/dl><dl class='gallery-item'>\n\t\t\t<dt class='gallery-icon landscape'>\n\t\t\t\t<a href='http:\/\/laprovidenciaovalle.cl\/colegio\/120-anos-de-historia-fe-y-servicio-la-gran-mesa-del-rey-vistio-de-amor-y-dignidad-nuestro-colegio\/whatsapp-image-2026-08-29-at-10-37-13-1\/'><img width=\"1024\" height=\"576\" src=\"http:\/\/laprovidenciaovalle.cl\/colegio\/wp-content\/uploads\/2026\/08\/WhatsApp-Image-2026-08-29-at-10.37.13-1-1024x576.jpeg\" class=\"attachment-large size-large\" alt=\"\" loading=\"lazy\" srcset=\"http:\/\/laprovidenciaovalle.cl\/colegio\/wp-content\/uploads\/2026\/08\/WhatsApp-Image-2026-08-29-at-10.37.13-1-1024x576.jpeg 1024w, http:\/\/laprovidenciaovalle.cl\/colegio\/wp-content\/uploads\/2026\/08\/WhatsApp-Image-2026-08-29-at-10.37.13-1-300x169.jpeg 300w, http:\/\/laprovidenciaovalle.cl\/colegio\/wp-content\/uploads\/2026\/08\/WhatsApp-Image-2026-08-29-at-10.37.13-1-768x432.jpeg 768w, http:\/\/laprovidenciaovalle.cl\/colegio\/wp-content\/uploads\/2026\/08\/WhatsApp-Image-2026-08-29-at-10.37.13-1-1536x864.jpeg 1536w, http:\/\/laprovidenciaovalle.cl\/colegio\/wp-content\/uploads\/2026\/08\/WhatsApp-Image-2026-08-29-at-10.37.13-1-150x84.jpeg 150w, http:\/\/laprovidenciaovalle.cl\/colegio\/wp-content\/uploads\/2026\/08\/WhatsApp-Image-2026-08-29-at-10.37.13-1.jpeg 1600w\" sizes=\"(max-width: 1024px) 100vw, 1024px\" \/><\/a>\n\t\t\t<\/dt><\/dl><br style=\"clear: both\" \/><dl class='gallery-item'>\n\t\t\t<dt class='gallery-icon portrait'>\n\t\t\t\t<a href='http:\/\/laprovidenciaovalle.cl\/colegio\/120-anos-de-historia-fe-y-servicio-la-gran-mesa-del-rey-vistio-de-amor-y-dignidad-nuestro-colegio\/whatsapp-image-2026-08-29-at-11-22-43-1\/'><img width=\"576\" height=\"1024\" src=\"http:\/\/laprovidenciaovalle.cl\/colegio\/wp-content\/uploads\/2026\/08\/WhatsApp-Image-2026-08-29-at-11.22.43-1-576x1024.jpeg\" class=\"attachment-large size-large\" alt=\"\" loading=\"lazy\" srcset=\"http:\/\/laprovidenciaovalle.cl\/colegio\/wp-content\/uploads\/2026\/08\/WhatsApp-Image-2026-08-29-at-11.22.43-1-576x1024.jpeg 576w, http:\/\/laprovidenciaovalle.cl\/colegio\/wp-content\/uploads\/2026\/08\/WhatsApp-Image-2026-08-29-at-11.22.43-1-169x300.jpeg 169w, http:\/\/laprovidenciaovalle.cl\/colegio\/wp-content\/uploads\/2026\/08\/WhatsApp-Image-2026-08-29-at-11.22.43-1-768x1365.jpeg 768w, http:\/\/laprovidenciaovalle.cl\/colegio\/wp-content\/uploads\/2026\/08\/WhatsApp-Image-2026-08-29-at-11.22.43-1-864x1536.jpeg 864w, http:\/\/laprovidenciaovalle.cl\/colegio\/wp-content\/uploads\/2026\/08\/WhatsApp-Image-2026-08-29-at-11.22.43-1-84x150.jpeg 84w, http:\/\/laprovidenciaovalle.cl\/colegio\/wp-content\/uploads\/2026\/08\/WhatsApp-Image-2026-08-29-at-11.22.43-1.jpeg 900w\" sizes=\"(max-width: 576px) 100vw, 576px\" \/><\/a>\n\t\t\t<\/dt><\/dl><dl class='gallery-item'>\n\t\t\t<dt class='gallery-icon portrait'>\n\t\t\t\t<a href='http:\/\/laprovidenciaovalle.cl\/colegio\/120-anos-de-historia-fe-y-servicio-la-gran-mesa-del-rey-vistio-de-amor-y-dignidad-nuestro-colegio\/whatsapp-image-2026-08-31-at-11-43-39\/'><img width=\"768\" height=\"1024\" src=\"http:\/\/laprovidenciaovalle.cl\/colegio\/wp-content\/uploads\/2026\/08\/WhatsApp-Image-2026-08-31-at-11.43.39-768x1024.jpeg\" class=\"attachment-large size-large\" alt=\"\" loading=\"lazy\" srcset=\"http:\/\/laprovidenciaovalle.cl\/colegio\/wp-content\/uploads\/2026\/08\/WhatsApp-Image-2026-08-31-at-11.43.39-768x1024.jpeg 768w, http:\/\/laprovidenciaovalle.cl\/colegio\/wp-content\/uploads\/2026\/08\/WhatsApp-Image-2026-08-31-at-11.43.39-225x300.jpeg 225w, http:\/\/laprovidenciaovalle.cl\/colegio\/wp-content\/uploads\/2026\/08\/WhatsApp-Image-2026-08-31-at-11.43.39-1152x1536.jpeg 1152w, http:\/\/laprovidenciaovalle.cl\/colegio\/wp-content\/uploads\/2026\/08\/WhatsApp-Image-2026-08-31-at-11.43.39-113x150.jpeg 113w, http:\/\/laprovidenciaovalle.cl\/colegio\/wp-content\/uploads\/2026\/08\/WhatsApp-Image-2026-08-31-at-11.43.39.jpeg 1200w\" sizes=\"(max-width: 768px) 100vw, 768px\" \/><\/a>\n\t\t\t<\/dt><\/dl><dl class='gallery-item'>\n\t\t\t<dt class='gallery-icon portrait'>\n\t\t\t\t<a href='http:\/\/laprovidenciaovalle.cl\/colegio\/120-anos-de-historia-fe-y-servicio-la-gran-mesa-del-rey-vistio-de-amor-y-dignidad-nuestro-colegio\/whatsapp-image-2026-08-29-at-12-44-57\/'><img width=\"576\" height=\"1024\" src=\"http:\/\/laprovidenciaovalle.cl\/colegio\/wp-content\/uploads\/2026\/08\/WhatsApp-Image-2026-08-29-at-12.44.57-576x1024.jpeg\" class=\"attachment-large size-large\" alt=\"\" loading=\"lazy\" srcset=\"http:\/\/laprovidenciaovalle.cl\/colegio\/wp-content\/uploads\/2026\/08\/WhatsApp-Image-2026-08-29-at-12.44.57-576x1024.jpeg 576w, http:\/\/laprovidenciaovalle.cl\/colegio\/wp-content\/uploads\/2026\/08\/WhatsApp-Image-2026-08-29-at-12.44.57-169x300.jpeg 169w, http:\/\/laprovidenciaovalle.cl\/colegio\/wp-content\/uploads\/2026\/08\/WhatsApp-Image-2026-08-29-at-12.44.57-768x1365.jpeg 768w, http:\/\/laprovidenciaovalle.cl\/colegio\/wp-content\/uploads\/2026\/08\/WhatsApp-Image-2026-08-29-at-12.44.57-864x1536.jpeg 864w, http:\/\/laprovidenciaovalle.cl\/colegio\/wp-content\/uploads\/2026\/08\/WhatsApp-Image-2026-08-29-at-12.44.57-84x150.jpeg 84w, http:\/\/laprovidenciaovalle.cl\/colegio\/wp-content\/uploads\/2026\/08\/WhatsApp-Image-2026-08-29-at-12.44.57.jpeg 900w\" sizes=\"(max-width: 576px) 100vw, 576px\" \/><\/a>\n\t\t\t<\/dt><\/dl><br style=\"clear: both\" \/><dl class='gallery-item'>\n\t\t\t<dt class='gallery-icon portrait'>\n\t\t\t\t<a href='http:\/\/laprovidenciaovalle.cl\/colegio\/120-anos-de-historia-fe-y-servicio-la-gran-mesa-del-rey-vistio-de-amor-y-dignidad-nuestro-colegio\/whatsapp-image-2026-08-29-at-12-44-28\/'><img width=\"576\" height=\"1024\" src=\"http:\/\/laprovidenciaovalle.cl\/colegio\/wp-content\/uploads\/2026\/08\/WhatsApp-Image-2026-08-29-at-12.44.28-576x1024.jpeg\" class=\"attachment-large size-large\" alt=\"\" loading=\"lazy\" srcset=\"http:\/\/laprovidenciaovalle.cl\/colegio\/wp-content\/uploads\/2026\/08\/WhatsApp-Image-2026-08-29-at-12.44.28-576x1024.jpeg 576w, http:\/\/laprovidenciaovalle.cl\/colegio\/wp-content\/uploads\/2026\/08\/WhatsApp-Image-2026-08-29-at-12.44.28-169x300.jpeg 169w, http:\/\/laprovidenciaovalle.cl\/colegio\/wp-content\/uploads\/2026\/08\/WhatsApp-Image-2026-08-29-at-12.44.28-768x1365.jpeg 768w, http:\/\/laprovidenciaovalle.cl\/colegio\/wp-content\/uploads\/2026\/08\/WhatsApp-Image-2026-08-29-at-12.44.28-864x1536.jpeg 864w, http:\/\/laprovidenciaovalle.cl\/colegio\/wp-content\/uploads\/2026\/08\/WhatsApp-Image-2026-08-29-at-12.44.28-84x150.jpeg 84w, http:\/\/laprovidenciaovalle.cl\/colegio\/wp-content\/uploads\/2026\/08\/WhatsApp-Image-2026-08-29-at-12.44.28.jpeg 900w\" sizes=\"(max-width: 576px) 100vw, 576px\" \/><\/a>\n\t\t\t<\/dt><\/dl><dl class='gallery-item'>\n\t\t\t<dt class='gallery-icon portrait'>\n\t\t\t\t<a href='http:\/\/laprovidenciaovalle.cl\/colegio\/120-anos-de-historia-fe-y-servicio-la-gran-mesa-del-rey-vistio-de-amor-y-dignidad-nuestro-colegio\/whatsapp-image-2026-08-29-at-12-44-13\/'><img width=\"576\" height=\"1024\" src=\"http:\/\/laprovidenciaovalle.cl\/colegio\/wp-content\/uploads\/2026\/08\/WhatsApp-Image-2026-08-29-at-12.44.13-576x1024.jpeg\" class=\"attachment-large size-large\" alt=\"\" loading=\"lazy\" srcset=\"http:\/\/laprovidenciaovalle.cl\/colegio\/wp-content\/uploads\/2026\/08\/WhatsApp-Image-2026-08-29-at-12.44.13-576x1024.jpeg 576w, http:\/\/laprovidenciaovalle.cl\/colegio\/wp-content\/uploads\/2026\/08\/WhatsApp-Image-2026-08-29-at-12.44.13-169x300.jpeg 169w, http:\/\/laprovidenciaovalle.cl\/colegio\/wp-content\/uploads\/2026\/08\/WhatsApp-Image-2026-08-29-at-12.44.13-768x1365.jpeg 768w, http:\/\/laprovidenciaovalle.cl\/colegio\/wp-content\/uploads\/2026\/08\/WhatsApp-Image-2026-08-29-at-12.44.13-864x1536.jpeg 864w, http:\/\/laprovidenciaovalle.cl\/colegio\/wp-content\/uploads\/2026\/08\/WhatsApp-Image-2026-08-29-at-12.44.13-84x150.jpeg 84w, http:\/\/laprovidenciaovalle.cl\/colegio\/wp-content\/uploads\/2026\/08\/WhatsApp-Image-2026-08-29-at-12.44.13.jpeg 900w\" sizes=\"(max-width: 576px) 100vw, 576px\" \/><\/a>\n\t\t\t<\/dt><\/dl><dl class='gallery-item'>\n\t\t\t<dt class='gallery-icon portrait'>\n\t\t\t\t<a href='http:\/\/laprovidenciaovalle.cl\/colegio\/120-anos-de-historia-fe-y-servicio-la-gran-mesa-del-rey-vistio-de-amor-y-dignidad-nuestro-colegio\/whatsapp-image-2026-08-29-at-12-16-28\/'><img width=\"768\" height=\"1024\" src=\"http:\/\/laprovidenciaovalle.cl\/colegio\/wp-content\/uploads\/2026\/08\/WhatsApp-Image-2026-08-29-at-12.16.28-768x1024.jpeg\" class=\"attachment-large size-large\" alt=\"\" loading=\"lazy\" srcset=\"http:\/\/laprovidenciaovalle.cl\/colegio\/wp-content\/uploads\/2026\/08\/WhatsApp-Image-2026-08-29-at-12.16.28-768x1024.jpeg 768w, http:\/\/laprovidenciaovalle.cl\/colegio\/wp-content\/uploads\/2026\/08\/WhatsApp-Image-2026-08-29-at-12.16.28-225x300.jpeg 225w, http:\/\/laprovidenciaovalle.cl\/colegio\/wp-content\/uploads\/2026\/08\/WhatsApp-Image-2026-08-29-at-12.16.28-1152x1536.jpeg 1152w, http:\/\/laprovidenciaovalle.cl\/colegio\/wp-content\/uploads\/2026\/08\/WhatsApp-Image-2026-08-29-at-12.16.28-113x150.jpeg 113w, http:\/\/laprovidenciaovalle.cl\/colegio\/wp-content\/uploads\/2026\/08\/WhatsApp-Image-2026-08-29-at-12.16.28.jpeg 1200w\" sizes=\"(max-width: 768px) 100vw, 768px\" \/><\/a>\n\t\t\t<\/dt><\/dl><br style=\"clear: both\" \/><dl class='gallery-item'>\n\t\t\t<dt class='gallery-icon landscape'>\n\t\t\t\t<a href='http:\/\/laprovidenciaovalle.cl\/colegio\/120-anos-de-historia-fe-y-servicio-la-gran-mesa-del-rey-vistio-de-amor-y-dignidad-nuestro-colegio\/whatsapp-image-2026-08-29-at-12-11-02\/'><img width=\"1024\" height=\"576\" src=\"http:\/\/laprovidenciaovalle.cl\/colegio\/wp-content\/uploads\/2026\/08\/WhatsApp-Image-2026-08-29-at-12.11.02-1024x576.jpeg\" class=\"attachment-large size-large\" alt=\"\" loading=\"lazy\" srcset=\"http:\/\/laprovidenciaovalle.cl\/colegio\/wp-content\/uploads\/2026\/08\/WhatsApp-Image-2026-08-29-at-12.11.02-1024x576.jpeg 1024w, http:\/\/laprovidenciaovalle.cl\/colegio\/wp-content\/uploads\/2026\/08\/WhatsApp-Image-2026-08-29-at-12.11.02-300x169.jpeg 300w, http:\/\/laprovidenciaovalle.cl\/colegio\/wp-content\/uploads\/2026\/08\/WhatsApp-Image-2026-08-29-at-12.11.02-768x432.jpeg 768w, http:\/\/laprovidenciaovalle.cl\/colegio\/wp-content\/uploads\/2026\/08\/WhatsApp-Image-2026-08-29-at-12.11.02-1536x864.jpeg 1536w, http:\/\/laprovidenciaovalle.cl\/colegio\/wp-content\/uploads\/2026\/08\/WhatsApp-Image-2026-08-29-at-12.11.02-150x84.jpeg 150w, http:\/\/laprovidenciaovalle.cl\/colegio\/wp-content\/uploads\/2026\/08\/WhatsApp-Image-2026-08-29-at-12.11.02.jpeg 1599w\" sizes=\"(max-width: 1024px) 100vw, 1024px\" \/><\/a>\n\t\t\t<\/dt><\/dl><dl class='gallery-item'>\n\t\t\t<dt class='gallery-icon portrait'>\n\t\t\t\t<a href='http:\/\/laprovidenciaovalle.cl\/colegio\/120-anos-de-historia-fe-y-servicio-la-gran-mesa-del-rey-vistio-de-amor-y-dignidad-nuestro-colegio\/whatsapp-image-2026-08-31-at-11-43-34\/'><img width=\"768\" height=\"1024\" src=\"http:\/\/laprovidenciaovalle.cl\/colegio\/wp-content\/uploads\/2026\/08\/WhatsApp-Image-2026-08-31-at-11.43.34-768x1024.jpeg\" class=\"attachment-large size-large\" alt=\"\" loading=\"lazy\" srcset=\"http:\/\/laprovidenciaovalle.cl\/colegio\/wp-content\/uploads\/2026\/08\/WhatsApp-Image-2026-08-31-at-11.43.34-768x1024.jpeg 768w, http:\/\/laprovidenciaovalle.cl\/colegio\/wp-content\/uploads\/2026\/08\/WhatsApp-Image-2026-08-31-at-11.43.34-225x300.jpeg 225w, http:\/\/laprovidenciaovalle.cl\/colegio\/wp-content\/uploads\/2026\/08\/WhatsApp-Image-2026-08-31-at-11.43.34-1152x1536.jpeg 1152w, http:\/\/laprovidenciaovalle.cl\/colegio\/wp-content\/uploads\/2026\/08\/WhatsApp-Image-2026-08-31-at-11.43.34-113x150.jpeg 113w, http:\/\/laprovidenciaovalle.cl\/colegio\/wp-content\/uploads\/2026\/08\/WhatsApp-Image-2026-08-31-at-11.43.34.jpeg 1200w\" sizes=\"(max-width: 768px) 100vw, 768px\" \/><\/a>\n\t\t\t<\/dt><\/dl><dl class='gallery-item'>\n\t\t\t<dt class='gallery-icon portrait'>\n\t\t\t\t<a href='http:\/\/laprovidenciaovalle.cl\/colegio\/120-anos-de-historia-fe-y-servicio-la-gran-mesa-del-rey-vistio-de-amor-y-dignidad-nuestro-colegio\/whatsapp-image-2026-08-29-at-11-38-41\/'><img width=\"576\" height=\"1024\" src=\"http:\/\/laprovidenciaovalle.cl\/colegio\/wp-content\/uploads\/2026\/08\/WhatsApp-Image-2026-08-29-at-11.38.41-576x1024.jpeg\" class=\"attachment-large size-large\" alt=\"\" loading=\"lazy\" srcset=\"http:\/\/laprovidenciaovalle.cl\/colegio\/wp-content\/uploads\/2026\/08\/WhatsApp-Image-2026-08-29-at-11.38.41-576x1024.jpeg 576w, http:\/\/laprovidenciaovalle.cl\/colegio\/wp-content\/uploads\/2026\/08\/WhatsApp-Image-2026-08-29-at-11.38.41-169x300.jpeg 169w, http:\/\/laprovidenciaovalle.cl\/colegio\/wp-content\/uploads\/2026\/08\/WhatsApp-Image-2026-08-29-at-11.38.41-768x1365.jpeg 768w, http:\/\/laprovidenciaovalle.cl\/colegio\/wp-content\/uploads\/2026\/08\/WhatsApp-Image-2026-08-29-at-11.38.41-864x1536.jpeg 864w, http:\/\/laprovidenciaovalle.cl\/colegio\/wp-content\/uploads\/2026\/08\/WhatsApp-Image-2026-08-29-at-11.38.41-84x150.jpeg 84w, http:\/\/laprovidenciaovalle.cl\/colegio\/wp-content\/uploads\/2026\/08\/WhatsApp-Image-2026-08-29-at-11.38.41.jpeg 900w\" sizes=\"(max-width: 576px) 100vw, 576px\" \/><\/a>\n\t\t\t<\/dt><\/dl><br style=\"clear: both\" \/><dl class='gallery-item'>\n\t\t\t<dt class='gallery-icon portrait'>\n\t\t\t\t<a href='http:\/\/laprovidenciaovalle.cl\/colegio\/120-anos-de-historia-fe-y-servicio-la-gran-mesa-del-rey-vistio-de-amor-y-dignidad-nuestro-colegio\/whatsapp-image-2026-08-29-at-11-29-58\/'><img width=\"576\" height=\"1024\" src=\"http:\/\/laprovidenciaovalle.cl\/colegio\/wp-content\/uploads\/2026\/08\/WhatsApp-Image-2026-08-29-at-11.29.58-576x1024.jpeg\" class=\"attachment-large size-large\" alt=\"\" loading=\"lazy\" srcset=\"http:\/\/laprovidenciaovalle.cl\/colegio\/wp-content\/uploads\/2026\/08\/WhatsApp-Image-2026-08-29-at-11.29.58-576x1024.jpeg 576w, http:\/\/laprovidenciaovalle.cl\/colegio\/wp-content\/uploads\/2026\/08\/WhatsApp-Image-2026-08-29-at-11.29.58-169x300.jpeg 169w, http:\/\/laprovidenciaovalle.cl\/colegio\/wp-content\/uploads\/2026\/08\/WhatsApp-Image-2026-08-29-at-11.29.58-768x1366.jpeg 768w, http:\/\/laprovidenciaovalle.cl\/colegio\/wp-content\/uploads\/2026\/08\/WhatsApp-Image-2026-08-29-at-11.29.58-864x1536.jpeg 864w, http:\/\/laprovidenciaovalle.cl\/colegio\/wp-content\/uploads\/2026\/08\/WhatsApp-Image-2026-08-29-at-11.29.58-84x150.jpeg 84w, http:\/\/laprovidenciaovalle.cl\/colegio\/wp-content\/uploads\/2026\/08\/WhatsApp-Image-2026-08-29-at-11.29.58.jpeg 899w\" sizes=\"(max-width: 576px) 100vw, 576px\" \/><\/a>\n\t\t\t<\/dt><\/dl><dl class='gallery-item'>\n\t\t\t<dt class='gallery-icon landscape'>\n\t\t\t\t<a href='http:\/\/laprovidenciaovalle.cl\/colegio\/120-anos-de-historia-fe-y-servicio-la-gran-mesa-del-rey-vistio-de-amor-y-dignidad-nuestro-colegio\/whatsapp-image-2026-08-31-at-08-43-17-1\/'><img width=\"1024\" height=\"768\" src=\"http:\/\/laprovidenciaovalle.cl\/colegio\/wp-content\/uploads\/2026\/08\/WhatsApp-Image-2026-08-31-at-08.43.17-1-1024x768.jpeg\" class=\"attachment-large size-large\" alt=\"\" loading=\"lazy\" srcset=\"http:\/\/laprovidenciaovalle.cl\/colegio\/wp-content\/uploads\/2026\/08\/WhatsApp-Image-2026-08-31-at-08.43.17-1-1024x768.jpeg 1024w, http:\/\/laprovidenciaovalle.cl\/colegio\/wp-content\/uploads\/2026\/08\/WhatsApp-Image-2026-08-31-at-08.43.17-1-300x225.jpeg 300w, http:\/\/laprovidenciaovalle.cl\/colegio\/wp-content\/uploads\/2026\/08\/WhatsApp-Image-2026-08-31-at-08.43.17-1-768x576.jpeg 768w, http:\/\/laprovidenciaovalle.cl\/colegio\/wp-content\/uploads\/2026\/08\/WhatsApp-Image-2026-08-31-at-08.43.17-1-1536x1152.jpeg 1536w, http:\/\/laprovidenciaovalle.cl\/colegio\/wp-content\/uploads\/2026\/08\/WhatsApp-Image-2026-08-31-at-08.43.17-1-150x113.jpeg 150w, http:\/\/laprovidenciaovalle.cl\/colegio\/wp-content\/uploads\/2026\/08\/WhatsApp-Image-2026-08-31-at-08.43.17-1.jpeg 1600w\" sizes=\"(max-width: 1024px) 100vw, 1024px\" \/><\/a>\n\t\t\t<\/dt><\/dl><dl class='gallery-item'>\n\t\t\t<dt class='gallery-icon landscape'>\n\t\t\t\t<a href='http:\/\/laprovidenciaovalle.cl\/colegio\/120-anos-de-historia-fe-y-servicio-la-gran-mesa-del-rey-vistio-de-amor-y-dignidad-nuestro-colegio\/whatsapp-image-2026-08-31-at-08-43-17\/'><img width=\"1024\" height=\"768\" src=\"http:\/\/laprovidenciaovalle.cl\/colegio\/wp-content\/uploads\/2026\/08\/WhatsApp-Image-2026-08-31-at-08.43.17-1024x768.jpeg\" class=\"attachment-large size-large\" alt=\"\" loading=\"lazy\" srcset=\"http:\/\/laprovidenciaovalle.cl\/colegio\/wp-content\/uploads\/2026\/08\/WhatsApp-Image-2026-08-31-at-08.43.17-1024x768.jpeg 1024w, http:\/\/laprovidenciaovalle.cl\/colegio\/wp-content\/uploads\/2026\/08\/WhatsApp-Image-2026-08-31-at-08.43.17-300x225.jpeg 300w, http:\/\/laprovidenciaovalle.cl\/colegio\/wp-content\/uploads\/2026\/08\/WhatsApp-Image-2026-08-31-at-08.43.17-768x576.jpeg 768w, http:\/\/laprovidenciaovalle.cl\/colegio\/wp-content\/uploads\/2026\/08\/WhatsApp-Image-2026-08-31-at-08.43.17-1536x1152.jpeg 1536w, http:\/\/laprovidenciaovalle.cl\/colegio\/wp-content\/uploads\/2026\/08\/WhatsApp-Image-2026-08-31-at-08.43.17-150x113.jpeg 150w, http:\/\/laprovidenciaovalle.cl\/colegio\/wp-content\/uploads\/2026\/08\/WhatsApp-Image-2026-08-31-at-08.43.17.jpeg 1600w\" sizes=\"(max-width: 1024px) 100vw, 1024px\" \/><\/a>\n\t\t\t<\/dt><\/dl><br style=\"clear: both\" \/><dl class='gallery-item'>\n\t\t\t<dt class='gallery-icon portrait'>\n\t\t\t\t<a href='http:\/\/laprovidenciaovalle.cl\/colegio\/120-anos-de-historia-fe-y-servicio-la-gran-mesa-del-rey-vistio-de-amor-y-dignidad-nuestro-colegio\/whatsapp-image-2026-08-31-at-11-43-35\/'><img width=\"768\" height=\"1024\" src=\"http:\/\/laprovidenciaovalle.cl\/colegio\/wp-content\/uploads\/2026\/08\/WhatsApp-Image-2026-08-31-at-11.43.35-768x1024.jpeg\" class=\"attachment-large size-large\" alt=\"\" loading=\"lazy\" srcset=\"http:\/\/laprovidenciaovalle.cl\/colegio\/wp-content\/uploads\/2026\/08\/WhatsApp-Image-2026-08-31-at-11.43.35-768x1024.jpeg 768w, http:\/\/laprovidenciaovalle.cl\/colegio\/wp-content\/uploads\/2026\/08\/WhatsApp-Image-2026-08-31-at-11.43.35-225x300.jpeg 225w, http:\/\/laprovidenciaovalle.cl\/colegio\/wp-content\/uploads\/2026\/08\/WhatsApp-Image-2026-08-31-at-11.43.35-1152x1536.jpeg 1152w, http:\/\/laprovidenciaovalle.cl\/colegio\/wp-content\/uploads\/2026\/08\/WhatsApp-Image-2026-08-31-at-11.43.35-113x150.jpeg 113w, http:\/\/laprovidenciaovalle.cl\/colegio\/wp-content\/uploads\/2026\/08\/WhatsApp-Image-2026-08-31-at-11.43.35.jpeg 1200w\" sizes=\"(max-width: 768px) 100vw, 768px\" \/><\/a>\n\t\t\t<\/dt><\/dl><dl class='gallery-item'>\n\t\t\t<dt class='gallery-icon portrait'>\n\t\t\t\t<a href='http:\/\/laprovidenciaovalle.cl\/colegio\/120-anos-de-historia-fe-y-servicio-la-gran-mesa-del-rey-vistio-de-amor-y-dignidad-nuestro-colegio\/whatsapp-image-2026-08-31-at-11-43-40\/'><img width=\"768\" height=\"1024\" src=\"http:\/\/laprovidenciaovalle.cl\/colegio\/wp-content\/uploads\/2026\/08\/WhatsApp-Image-2026-08-31-at-11.43.40-768x1024.jpeg\" class=\"attachment-large size-large\" alt=\"\" loading=\"lazy\" srcset=\"http:\/\/laprovidenciaovalle.cl\/colegio\/wp-content\/uploads\/2026\/08\/WhatsApp-Image-2026-08-31-at-11.43.40-768x1024.jpeg 768w, http:\/\/laprovidenciaovalle.cl\/colegio\/wp-content\/uploads\/2026\/08\/WhatsApp-Image-2026-08-31-at-11.43.40-225x300.jpeg 225w, http:\/\/laprovidenciaovalle.cl\/colegio\/wp-content\/uploads\/2026\/08\/WhatsApp-Image-2026-08-31-at-11.43.40-1152x1536.jpeg 1152w, http:\/\/laprovidenciaovalle.cl\/colegio\/wp-content\/uploads\/2026\/08\/WhatsApp-Image-2026-08-31-at-11.43.40-113x150.jpeg 113w, http:\/\/laprovidenciaovalle.cl\/colegio\/wp-content\/uploads\/2026\/08\/WhatsApp-Image-2026-08-31-at-11.43.40.jpeg 1200w\" sizes=\"(max-width: 768px) 100vw, 768px\" \/><\/a>\n\t\t\t<\/dt><\/dl>\n\t\t\t<br style='clear: both' \/>\n\t\t<\/div>\n\n","protected":false},"excerpt":{"rendered":"<p>En el marco de la celebraci\u00f3n de los 120 a\u00f1os de historia de nuestro colegio, el pasado s\u00e1bado 29 de agosto la comunidad de Asociados Providencia de Ovalle vivi\u00f3 una jornada cargada de fe, fraternidad y entrega en el techado de nuestro establecimiento. En esta ocasi\u00f3n especial, la tradicional iniciativa mensual de la &#8220;Mesa del Rey&#8221; ampli\u00f3 su coraz\u00f3n para&nbsp;<a href=\"http:\/\/laprovidenciaovalle.cl\/colegio\/120-anos-de-historia-fe-y-servicio-la-gran-mesa-del-rey-vistio-de-amor-y-dignidad-nuestro-colegio\/\">[&hellip;]<\/a><\/p>\n","protected":false},"author":5,"featured_media":25483,"comment_status":"closed","ping_status":"closed","sticky":false,"template":"","format":"standard","meta":[],"categories":[16],"tags":[],"yoast_head":"<!-- This site is optimized with the Yoast SEO plugin v15.2 - https:\/\/yoast.com\/wordpress\/plugins\/seo\/ -->\n<title>120 a\u00f1os de historia, fe y servicio: La &quot;Gran Mesa del Rey&quot; visti\u00f3 de amor y dignidad nuestro colegio - Colegio La Providencia<\/title>\n<meta name=\"robots\" content=\"index, follow, max-snippet:-1, max-image-preview:large, max-video-preview:-1\" \/>\n<link rel=\"canonical\" href=\"http:\/\/laprovidenciaovalle.cl\/colegio\/120-anos-de-historia-fe-y-servicio-la-gran-mesa-del-rey-vistio-de-amor-y-dignidad-nuestro-colegio\/\" \/>\n<meta property=\"og:locale\" content=\"es_ES\" \/>\n<meta property=\"og:type\" content=\"article\" \/>\n<meta property=\"og:title\" content=\"120 a\u00f1os de historia, fe y servicio: La &quot;Gran Mesa del Rey&quot; visti\u00f3 de amor y dignidad nuestro colegio - Colegio La Providencia\" \/>\n<meta property=\"og:description\" content=\"En el marco de la celebraci\u00f3n de los 120 a\u00f1os de historia de nuestro colegio, el pasado s\u00e1bado 29 de agosto la comunidad de Asociados Providencia de Ovalle vivi\u00f3 una jornada cargada de fe, fraternidad y entrega en el techado de nuestro establecimiento. En esta ocasi\u00f3n especial, la tradicional iniciativa mensual de la &#8220;Mesa del Rey&#8221; ampli\u00f3 su coraz\u00f3n para&nbsp;[&hellip;]\" \/>\n<meta property=\"og:url\" content=\"http:\/\/laprovidenciaovalle.cl\/colegio\/120-anos-de-historia-fe-y-servicio-la-gran-mesa-del-rey-vistio-de-amor-y-dignidad-nuestro-colegio\/\" \/>\n<meta property=\"og:site_name\" content=\"Colegio La Providencia\" \/>\n<meta property=\"article:published_time\" content=\"2026-08-31T16:53:58+00:00\" \/>\n<meta property=\"og:image\" content=\"http:\/\/laprovidenciaovalle.cl\/colegio\/wp-content\/uploads\/2026\/08\/WhatsApp-Image-2026-08-29-at-12.52.12-1.jpeg\" \/>\n\t<meta property=\"og:image:width\" content=\"1600\" \/>\n\t<meta property=\"og:image:height\" content=\"900\" \/>\n<meta name=\"twitter:card\" content=\"summary_large_image\" \/>\n<meta name=\"twitter:label1\" value=\"Escrito por\">\n\t<meta name=\"twitter:data1\" value=\"Comunicaciones Colegio\">\n\t<meta name=\"twitter:label2\" value=\"Tiempo de lectura\">\n\t<meta name=\"twitter:data2\" value=\"2 minutos\">\n<script type=\"application\/ld+json\" class=\"yoast-schema-graph\">{\"@context\":\"https:\/\/schema.org\",\"@graph\":[{\"@type\":\"WebSite\",\"@id\":\"http:\/\/laprovidenciaovalle.cl\/colegio\/#website\",\"url\":\"http:\/\/laprovidenciaovalle.cl\/colegio\/\",\"name\":\"Colegio La Providencia\",\"description\":\"Ovalle\",\"potentialAction\":[{\"@type\":\"SearchAction\",\"target\":\"http:\/\/laprovidenciaovalle.cl\/colegio\/?s={search_term_string}\",\"query-input\":\"required name=search_term_string\"}],\"inLanguage\":\"es\"},{\"@type\":\"ImageObject\",\"@id\":\"http:\/\/laprovidenciaovalle.cl\/colegio\/120-anos-de-historia-fe-y-servicio-la-gran-mesa-del-rey-vistio-de-amor-y-dignidad-nuestro-colegio\/#primaryimage\",\"inLanguage\":\"es\",\"url\":\"http:\/\/laprovidenciaovalle.cl\/colegio\/wp-content\/uploads\/2026\/08\/WhatsApp-Image-2026-08-29-at-12.52.12-1.jpeg\",\"width\":1600,\"height\":900},{\"@type\":\"WebPage\",\"@id\":\"http:\/\/laprovidenciaovalle.cl\/colegio\/120-anos-de-historia-fe-y-servicio-la-gran-mesa-del-rey-vistio-de-amor-y-dignidad-nuestro-colegio\/#webpage\",\"url\":\"http:\/\/laprovidenciaovalle.cl\/colegio\/120-anos-de-historia-fe-y-servicio-la-gran-mesa-del-rey-vistio-de-amor-y-dignidad-nuestro-colegio\/\",\"name\":\"120 a\\u00f1os de historia, fe y servicio: La \\\"Gran Mesa del Rey\\\" visti\\u00f3 de amor y dignidad nuestro colegio - Colegio La Providencia\",\"isPartOf\":{\"@id\":\"http:\/\/laprovidenciaovalle.cl\/colegio\/#website\"},\"primaryImageOfPage\":{\"@id\":\"http:\/\/laprovidenciaovalle.cl\/colegio\/120-anos-de-historia-fe-y-servicio-la-gran-mesa-del-rey-vistio-de-amor-y-dignidad-nuestro-colegio\/#primaryimage\"},\"datePublished\":\"2026-08-31T16:53:58+00:00\",\"dateModified\":\"2026-08-31T16:53:58+00:00\",\"author\":{\"@id\":\"http:\/\/laprovidenciaovalle.cl\/colegio\/#\/schema\/person\/1035f45cd35e1948fb928fcdc74228fe\"},\"inLanguage\":\"es\",\"potentialAction\":[{\"@type\":\"ReadAction\",\"target\":[\"http:\/\/laprovidenciaovalle.cl\/colegio\/120-anos-de-historia-fe-y-servicio-la-gran-mesa-del-rey-vistio-de-amor-y-dignidad-nuestro-colegio\/\"]}]},{\"@type\":\"Person\",\"@id\":\"http:\/\/laprovidenciaovalle.cl\/colegio\/#\/schema\/person\/1035f45cd35e1948fb928fcdc74228fe\",\"name\":\"Comunicaciones Colegio\",\"image\":{\"@type\":\"ImageObject\",\"@id\":\"http:\/\/laprovidenciaovalle.cl\/colegio\/#personlogo\",\"inLanguage\":\"es\",\"url\":\"http:\/\/2.gravatar.com\/avatar\/5d0b6f6fbda2852def0dc3e63e38d319?s=96&d=mm&r=g\",\"caption\":\"Comunicaciones Colegio\"}}]}<\/script>\n<!-- \/ Yoast SEO plugin. -->","_links":{"self":[{"href":"http:\/\/laprovidenciaovalle.cl\/colegio\/wp-json\/wp\/v2\/posts\/25465"}],"collection":[{"href":"http:\/\/laprovidenciaovalle.cl\/colegio\/wp-json\/wp\/v2\/posts"}],"about":[{"href":"http:\/\/laprovidenciaovalle.cl\/colegio\/wp-json\/wp\/v2\/types\/post"}],"author":[{"embeddable":true,"href":"http:\/\/laprovidenciaovalle.cl\/colegio\/wp-json\/wp\/v2\/users\/5"}],"replies":[{"embeddable":true,"href":"http:\/\/laprovidenciaovalle.cl\/colegio\/wp-json\/wp\/v2\/comments?post=25465"}],"version-history":[{"count":1,"href":"http:\/\/laprovidenciaovalle.cl\/colegio\/wp-json\/wp\/v2\/posts\/25465\/revisions"}],"predecessor-version":[{"id":25484,"href":"http:\/\/laprovidenciaovalle.cl\/colegio\/wp-json\/wp\/v2\/posts\/25465\/revisions\/25484"}],"wp:featuredmedia":[{"embeddable":true,"href":"http:\/\/laprovidenciaovalle.cl\/colegio\/wp-json\/wp\/v2\/media\/25483"}],"wp:attachment":[{"href":"http:\/\/laprovidenciaovalle.cl\/colegio\/wp-json\/wp\/v2\/media?parent=25465"}],"wp:term":[{"taxonomy":"category","embeddable":true,"href":"http:\/\/laprovidenciaovalle.cl\/colegio\/wp-json\/wp\/v2\/categories?post=25465"},{"taxonomy":"post_tag","embeddable":true,"href":"http:\/\/laprovidenciaovalle.cl\/colegio\/wp-json\/wp\/v2\/tags?post=25465"}],"curies":[{"name":"wp","href":"https:\/\/api.w.org\/{rel}","templated":true}]}}