{"id":25496,"date":"2026-09-03T08:17:49","date_gmt":"2026-09-03T12:17:49","guid":{"rendered":"http:\/\/laprovidenciaovalle.cl\/colegio\/?p=25496"},"modified":"2026-09-03T08:17:49","modified_gmt":"2026-09-03T12:17:49","slug":"bases-del-concurso-publico-servicio-de-asesoria-y-ejecucion-de-jornada-vocacional-para-estudiantes-de-segundos-medios-decido-mi-futuro-con-proposito-colegio-la-providencia-de-ovalle","status":"publish","type":"post","link":"http:\/\/laprovidenciaovalle.cl\/colegio\/bases-del-concurso-publico-servicio-de-asesoria-y-ejecucion-de-jornada-vocacional-para-estudiantes-de-segundos-medios-decido-mi-futuro-con-proposito-colegio-la-providencia-de-ovalle\/","title":{"rendered":"Bases del Concurso P\u00fablico Servicio de Asesor\u00eda y  Ejecuci\u00f3n de Jornada Vocacional para estudiantes de segundos medios \u201cDecido mi Futuro con Prop\u00f3sito\u201d Colegio La Providencia de Ovalle RBD: 768-4"},"content":{"rendered":"<p>El Colegio La Providencia de Ovalle, RBD 768-4, ubicado en Arizt\u00eda Oriente N.\u00ba 484, comuna de Ovalle, llama a Concurso P\u00fablico para la contrataci\u00f3n de una Asistencia T\u00e9cnica Educativa (ATE) o profesional especializado que dise\u00f1e y ejecute una jornada de orientaci\u00f3n vocacional dirigida a las estudiantes de segundos medios del establecimiento, durante el a\u00f1o 2026.<\/p>\n<p>La jornada deber\u00e1 orientarse al fortalecimiento del autoconocimiento, la construcci\u00f3n del proyecto de vida y la toma de decisiones informadas respecto de la elecci\u00f3n de una especialidad t\u00e9cnico-profesional.<\/p>\n<p>El servicio se denominar\u00e1:<\/p>\n<p><strong>\u201cJornada Vocacional: Decido mi futuro con prop\u00f3sito\u201d<\/strong><\/p>\n<p><strong>Objetivo general<\/strong><\/p>\n<p>Fortalecer en las estudiantes de segundos medios la construcci\u00f3n de su proyecto de vida, desarrollando habilidades de autoconocimiento y toma de decisiones informadas, especialmente respecto de la elecci\u00f3n de las especialidades de:<\/p>\n<ul>\n<li>Administraci\u00f3n, menci\u00f3n Recursos Humanos.<\/li>\n<li>Gastronom\u00eda.<\/li>\n<li>Atenci\u00f3n de P\u00e1rvulos.<\/li>\n<li>Atenci\u00f3n de Enfermer\u00eda.<\/li>\n<\/ul>\n<p><strong>Objetivos espec\u00edficos<\/strong><\/p>\n<ul>\n<li>Promover el autoconocimiento, considerando intereses, habilidades, aptitudes, motivaciones y valores personales.<\/li>\n<li>Favorecer la reflexi\u00f3n sobre el proyecto de vida personal, acad\u00e9mico y laboral.<\/li>\n<li>Entregar herramientas pr\u00e1cticas para una toma de decisiones responsable e informada.<\/li>\n<li>Vincular los intereses, habilidades y expectativas de las estudiantes con las especialidades ofrecidas por el establecimiento.<\/li>\n<li>Fortalecer la confianza, autonom\u00eda y seguridad de las estudiantes durante el proceso de elecci\u00f3n vocacional.<\/li>\n<li>Proporcionar informaci\u00f3n que permita comprender las caracter\u00edsticas, competencias y proyecciones formativas y laborales de cada especialidad.<\/li>\n<\/ul>\n<ol>\n<li><strong> REQUISITOS DE POSTULACI\u00d3N<\/strong><\/li>\n<\/ol>\n<p><strong>Aspectos administrativos<\/strong><\/p>\n<p>En caso de que el servicio sea financiado con recursos de la Ley de Subvenci\u00f3n Escolar Preferencial (SEP), la instituci\u00f3n o profesional oferente deber\u00e1 cumplir con los requisitos establecidos por el Ministerio de Educaci\u00f3n para la contrataci\u00f3n de servicios de Asistencia T\u00e9cnica Educativa.<\/p>\n<p>Para formalizar la postulaci\u00f3n, los interesados deber\u00e1n presentar los siguientes antecedentes:<\/p>\n<ul>\n<li>Certificado de Pertenencia al Registro P\u00fablico de Personas o Entidades Pedag\u00f3gicas y T\u00e9cnicas de Apoyo (Registro ATE) vigente, cuando corresponda.<\/li>\n<li>Acreditaci\u00f3n de que el servicio ofrecido se encuentra validado en el Registro ATE del Ministerio de Educaci\u00f3n, si el mecanismo de financiamiento as\u00ed lo requiere.<\/li>\n<li>Curr\u00edculum vitae de los profesionales responsables de la ejecuci\u00f3n del servicio.<\/li>\n<li>Copia de t\u00edtulos profesionales y certificaciones relacionadas con orientaci\u00f3n vocacional, psicolog\u00eda, educaci\u00f3n, coaching vocacional o \u00e1reas afines.<\/li>\n<li>Declaraci\u00f3n Jurada Simple que indique que la instituci\u00f3n o profesional no posee relaci\u00f3n laboral, comercial o familiar que pueda generar conflictos de inter\u00e9s con el establecimiento.<\/li>\n<li>Experiencia comprobable en actividades relacionadas con:\n<ul>\n<li>Orientaci\u00f3n vocacional.<\/li>\n<li>Proyecto de vida.<\/li>\n<li>Autoconocimiento y desarrollo personal.<\/li>\n<li>Toma de decisiones.<\/li>\n<li>Trabajo con adolescentes.<\/li>\n<li>Educaci\u00f3n T\u00e9cnico-Profesional.<\/li>\n<\/ul>\n<\/li>\n<li>Referencias o certificados que acrediten experiencia previa en establecimientos educacionales.<\/li>\n<li>Identificaci\u00f3n del representante legal de la instituci\u00f3n, cuando corresponda.<\/li>\n<li>Propuesta t\u00e9cnica y econ\u00f3mica debidamente firmada.<\/li>\n<\/ul>\n<p><strong>\u00a0<\/strong><\/p>\n<ol>\n<li><strong> PROPUESTA T\u00c9CNICA Y ECON\u00d3MICA<\/strong><\/li>\n<\/ol>\n<p><strong>Propuesta t\u00e9cnica<\/strong><\/p>\n<p>La propuesta deber\u00e1 contener, como m\u00ednimo, los siguientes antecedentes:<\/p>\n<ul>\n<li>Fundamentaci\u00f3n de la jornada vocacional.<\/li>\n<li>Objetivo general y objetivos espec\u00edficos.<\/li>\n<li>Descripci\u00f3n detallada de las actividades.<\/li>\n<li>Contenidos y tem\u00e1ticas que se abordar\u00e1n.<\/li>\n<li>Metodolog\u00eda de trabajo.<\/li>\n<li>N\u00famero y duraci\u00f3n de las sesiones.<\/li>\n<li>Cronograma de ejecuci\u00f3n.<\/li>\n<li>Profesionales responsables.<\/li>\n<li>Materiales y recursos requeridos.<\/li>\n<li>Estrategias de evaluaci\u00f3n.<\/li>\n<li>Productos o evidencias que ser\u00e1n entregados al establecimiento.<\/li>\n<li>Requerimientos t\u00e9cnicos, log\u00edsticos y audiovisuales.<\/li>\n<\/ul>\n<p><strong>Contenidos m\u00ednimos<\/strong><\/p>\n<p>La jornada deber\u00e1 abordar, al menos, los siguientes contenidos:<\/p>\n<ul>\n<li>Identificaci\u00f3n de intereses, habilidades, aptitudes y valores personales.<\/li>\n<li>Reconocimiento de fortalezas y aspectos por desarrollar.<\/li>\n<li>Construcci\u00f3n del proyecto de vida.<\/li>\n<li>Importancia de la toma de decisiones informadas.<\/li>\n<li>Factores personales, familiares, acad\u00e9micos y sociales que influyen en la elecci\u00f3n vocacional.<\/li>\n<li>Estrategias para enfrentar dudas, inseguridades o presiones externas.<\/li>\n<li>Vinculaci\u00f3n entre las caracter\u00edsticas personales de las estudiantes y las especialidades ofrecidas por el establecimiento.<\/li>\n<li>Competencias asociadas a las especialidades de Administraci\u00f3n, Gastronom\u00eda, Atenci\u00f3n de P\u00e1rvulos y Atenci\u00f3n de Enfermer\u00eda.<\/li>\n<li>Proyecci\u00f3n acad\u00e9mica, formativa y laboral de las distintas especialidades.<\/li>\n<li>Elaboraci\u00f3n de compromisos o metas personales vinculadas con la elecci\u00f3n vocacional.<\/li>\n<\/ul>\n<p><strong>Metodolog\u00eda<\/strong><\/p>\n<p>La metodolog\u00eda deber\u00e1 ser activa, participativa y adecuada a las caracter\u00edsticas de las estudiantes de segundos medios. Se valorar\u00e1 especialmente la incorporaci\u00f3n de:<\/p>\n<ul>\n<li>Talleres pr\u00e1cticos y reflexivos.<\/li>\n<li>Din\u00e1micas grupales.<\/li>\n<li>Actividades de autoconocimiento.<\/li>\n<li>Aplicaci\u00f3n de instrumentos de exploraci\u00f3n vocacional.<\/li>\n<li>An\u00e1lisis de casos o situaciones propias de la elecci\u00f3n de especialidad.<\/li>\n<li>Trabajo individual y colaborativo.<\/li>\n<li>Espacios para preguntas y resoluci\u00f3n de dudas.<\/li>\n<li>Materiales de apoyo para las estudiantes.<\/li>\n<li>Actividad de cierre y compromiso personal.<\/li>\n<\/ul>\n<p>La aplicaci\u00f3n de instrumentos vocacionales deber\u00e1 tener un car\u00e1cter orientador y formativo. Sus resultados no podr\u00e1n utilizarse como \u00fanico criterio para determinar la especialidad de una estudiante.<\/p>\n<p><strong>Productos esperados<\/strong><\/p>\n<p>El oferente deber\u00e1 considerar la entrega de los siguientes productos:<\/p>\n<ul>\n<li>Planificaci\u00f3n completa de la jornada.<\/li>\n<li>Presentaciones, gu\u00edas y materiales utilizados.<\/li>\n<li>Instrumento o actividad de diagn\u00f3stico vocacional.<\/li>\n<li>Material de trabajo individual para las estudiantes.<\/li>\n<li>Registro de participaci\u00f3n y asistencia.<\/li>\n<li>Evaluaci\u00f3n de satisfacci\u00f3n de las participantes.<\/li>\n<li>Informe final de ejecuci\u00f3n.<\/li>\n<li>Sistematizaci\u00f3n general de resultados y recomendaciones para el establecimiento, resguardando la confidencialidad de la informaci\u00f3n personal de las estudiantes.<\/li>\n<\/ul>\n<p><strong>Propuesta econ\u00f3mica<\/strong><\/p>\n<p>La oferta econ\u00f3mica deber\u00e1 se\u00f1alar:<\/p>\n<ul>\n<li>Valor total del servicio, con impuestos incluidos.<\/li>\n<li>Valor por jornada, sesi\u00f3n o participante, cuando corresponda.<\/li>\n<li>Detalle de los servicios y materiales incluidos.<\/li>\n<li>Costos asociados a traslado, alojamiento o alimentaci\u00f3n, si correspondiera.<\/li>\n<li>Forma y condiciones de pago.<\/li>\n<li>Vigencia de la oferta econ\u00f3mica.<\/li>\n<\/ul>\n<p><strong>III. CONDICIONES DEL SERVICIO<\/strong><\/p>\n<ul>\n<li><strong>Nombre del servicio:<\/strong> \u201cJornada Vocacional: Decido mi futuro con prop\u00f3sito\u201d.<\/li>\n<li><strong>Beneficiarias:<\/strong> estudiantes de segundos medios del Colegio La Providencia de Ovalle.<\/li>\n<li><strong>Cantidad estimada de participantes:<\/strong> 222 estudiantes<\/li>\n<li><strong>Modalidad de ejecuci\u00f3n:<\/strong> preferentemente presencial.<\/li>\n<li><strong>Lugar:<\/strong> dependencias del Colegio La Providencia de Ovalle, ubicado en Arizt\u00eda Oriente N.\u00ba 484, Ovalle.<\/li>\n<li><strong>Fecha estimada de ejecuci\u00f3n:<\/strong> finales de septiembre e inicios de octubre.<\/li>\n<li><strong>Duraci\u00f3n:<\/strong> m\u00ednimo 20 horas pedag\u00f3gicas<\/li>\n<li><strong>Horario:<\/strong> 08:00 a 13:05 y 14:00 a 17:15 horas<\/li>\n<li><strong>Coordinaci\u00f3n:<\/strong> Equipo de Gesti\u00f3n y profesionales designados por el establecimiento.<\/li>\n<li><strong>Recursos:<\/strong> el oferente deber\u00e1 informar claramente los materiales, equipos y espacios necesarios para la correcta ejecuci\u00f3n del servicio.<\/li>\n<\/ul>\n<p>El establecimiento podr\u00e1 solicitar una reuni\u00f3n previa de coordinaci\u00f3n con el profesional o equipo adjudicado, con la finalidad de contextualizar la realidad institucional, revisar la metodolog\u00eda y precisar las caracter\u00edsticas de las estudiantes participantes.<\/p>\n<p>El oferente podr\u00e1 incorporar acciones complementarias, tales como:<\/p>\n<ul>\n<li>Reuni\u00f3n de levantamiento de necesidades.<\/li>\n<li>Asesor\u00eda al equipo responsable del proceso de elecci\u00f3n de especialidades.<\/li>\n<li>Entrega de orientaciones para profesores jefes.<\/li>\n<li>Material informativo para estudiantes y apoderados.<\/li>\n<li>Entrevistas o espacios de orientaci\u00f3n individual.<\/li>\n<li>Jornada informativa para madres, padres y apoderados.<\/li>\n<li>Seguimiento posterior a la actividad.<\/li>\n<\/ul>\n<p><strong>\u00a0<\/strong><\/p>\n<ol>\n<li><strong> RESPONSABILIDADES DEL OFERENTE<\/strong><\/li>\n<\/ol>\n<p>La instituci\u00f3n o profesional adjudicado deber\u00e1:<\/p>\n<ul>\n<li>Ejecutar la jornada conforme a la propuesta aprobada.<\/li>\n<li>Coordinar oportunamente las actividades con el establecimiento.<\/li>\n<li>Cumplir con las fechas, horarios y condiciones acordadas.<\/li>\n<li>Disponer de profesionales id\u00f3neos y con experiencia comprobable.<\/li>\n<li>Mantener un trato respetuoso y adecuado hacia las estudiantes y dem\u00e1s integrantes de la comunidad educativa.<\/li>\n<li>Resguardar la confidencialidad de la informaci\u00f3n obtenida durante el proceso.<\/li>\n<li>No divulgar im\u00e1genes, registros ni antecedentes personales sin autorizaci\u00f3n expresa del establecimiento.<\/li>\n<li>Entregar los materiales, instrumentos e informes comprometidos.<\/li>\n<li>Informar oportunamente cualquier situaci\u00f3n que pueda afectar la correcta ejecuci\u00f3n del servicio.<\/li>\n<li>Cumplir con los protocolos internos, normas de convivencia y medidas de seguridad del establecimiento.<\/li>\n<\/ul>\n<ol>\n<li><strong> RESPONSABILIDADES DEL ESTABLECIMIENTO<\/strong><\/li>\n<\/ol>\n<p>El Colegio La Providencia de Ovalle se compromete a:<\/p>\n<ul>\n<li>Facilitar los espacios requeridos para el desarrollo de la jornada.<\/li>\n<li>Coordinar la participaci\u00f3n y asistencia de las estudiantes.<\/li>\n<li>Proporcionar informaci\u00f3n institucional necesaria para contextualizar el servicio.<\/li>\n<li>Designar una contraparte responsable de la coordinaci\u00f3n.<\/li>\n<li>Disponer de los recursos audiovisuales acordados previamente.<\/li>\n<li>Evaluar la ejecuci\u00f3n y el cumplimiento de la propuesta adjudicada.<\/li>\n<li>Realizar el pago correspondiente, una vez cumplidas las condiciones administrativas y t\u00e9cnicas establecidas.<\/li>\n<\/ul>\n<ol>\n<li><strong> PROCESO DE POSTULACI\u00d3N Y RECEPCI\u00d3N DE ANTECEDENTES<\/strong><\/li>\n<\/ol>\n<p><strong>Condiciones de recepci\u00f3n<\/strong><\/p>\n<ul>\n<li>Las propuestas ser\u00e1n recibidas hasta el d\u00eda <strong>21 de septiembre<\/strong>, a las <strong>23:59 horas<\/strong>.<\/li>\n<li>Los antecedentes deber\u00e1n enviarse al correo electr\u00f3nico: <a href=\"mailto:colegiolaprovidencia@gmail.com\"><strong>colegiolaprovidencia@gmail.com<\/strong><\/a><\/li>\n<\/ul>\n<ul>\n<li>En el asunto del correo deber\u00e1 indicarse: <strong>\u201cPostulaci\u00f3n Jornada Vocacional: Decido mi futuro con prop\u00f3sito\u201d<\/strong>.<\/li>\n<li>La propuesta t\u00e9cnica y econ\u00f3mica deber\u00e1 enviarse en formato PDF.<\/li>\n<li>Las consultas podr\u00e1n remitirse al mismo correo electr\u00f3nico hasta el d\u00eda <strong>[indicar fecha]<\/strong>.<\/li>\n<li>Las propuestas recibidas fuera del plazo establecido podr\u00e1n ser declaradas inadmisibles.<\/li>\n<\/ul>\n<p><strong>VII. PROCESO DE EVALUACI\u00d3N Y SELECCI\u00d3N<\/strong><\/p>\n<p>Las propuestas ser\u00e1n evaluadas de acuerdo con los siguientes criterios:<\/p>\n<table>\n<tbody>\n<tr>\n<td><strong>Criterio<\/strong><\/td>\n<td><strong>Ponderaci\u00f3n<\/strong><\/td>\n<\/tr>\n<tr>\n<td>Cumplimiento de requisitos administrativos<\/td>\n<td>15 %<\/td>\n<\/tr>\n<tr>\n<td>Pertinencia y calidad de la propuesta t\u00e9cnica<\/td>\n<td>25 %<\/td>\n<\/tr>\n<tr>\n<td>Experiencia comprobable en orientaci\u00f3n vocacional y trabajo con adolescentes<\/td>\n<td>20 %<\/td>\n<\/tr>\n<tr>\n<td>Coherencia entre objetivos, contenidos, metodolog\u00eda y evaluaci\u00f3n<\/td>\n<td>20 %<\/td>\n<\/tr>\n<tr>\n<td>Calidad de los materiales y productos comprometidos<\/td>\n<td>10 %<\/td>\n<\/tr>\n<tr>\n<td>Propuesta econ\u00f3mica<\/td>\n<td>10 %<\/td>\n<\/tr>\n<tr>\n<td><strong>Total<\/strong><\/td>\n<td><strong>100 %<\/strong><\/td>\n<\/tr>\n<\/tbody>\n<\/table>\n<p>El establecimiento podr\u00e1 solicitar una entrevista o reuni\u00f3n online con los oferentes para aclarar aspectos t\u00e9cnicos, metodol\u00f3gicos o econ\u00f3micos de las propuestas.<\/p>\n<p>La presentaci\u00f3n de antecedentes no garantiza la adjudicaci\u00f3n del servicio. El establecimiento se reserva el derecho de declarar desierto el concurso cuando las propuestas no cumplan con los requisitos o no respondan adecuadamente a las necesidades institucionales.<\/p>\n<p><strong>VIII. ADJUDICACI\u00d3N<\/strong><\/p>\n<p>Una vez finalizado el proceso de evaluaci\u00f3n, se informar\u00e1 por correo electr\u00f3nico a la instituci\u00f3n o profesional seleccionado.<\/p>\n<p>La adjudicaci\u00f3n estar\u00e1 sujeta a:<\/p>\n<ul>\n<li>Revisi\u00f3n y aprobaci\u00f3n de los antecedentes administrativos.<\/li>\n<li>Disponibilidad presupuestaria.<\/li>\n<li>Cumplimiento de las exigencias asociadas a la fuente de financiamiento.<\/li>\n<li>Aceptaci\u00f3n de las condiciones t\u00e9cnicas y econ\u00f3micas.<\/li>\n<li>Coordinaci\u00f3n definitiva de fechas y horarios.<\/li>\n<\/ul>\n<p>La instituci\u00f3n o profesional adjudicado deber\u00e1 confirmar formalmente la aceptaci\u00f3n del servicio y remitir la documentaci\u00f3n requerida para la contrataci\u00f3n.<\/p>\n<ol>\n<li><strong> SUPERVISI\u00d3N Y EVALUACI\u00d3N DEL SERVICIO<\/strong><\/li>\n<\/ol>\n<p>La supervisi\u00f3n del servicio estar\u00e1 a cargo del Equipo de Gesti\u00f3n y de los profesionales que el establecimiento determine.<\/p>\n<p>La evaluaci\u00f3n considerar\u00e1:<\/p>\n<ul>\n<li>Cumplimiento de los objetivos propuestos.<\/li>\n<li>Calidad y pertinencia de las actividades.<\/li>\n<li>Participaci\u00f3n de las estudiantes.<\/li>\n<li>Adecuaci\u00f3n de la metodolog\u00eda al nivel educativo.<\/li>\n<li>Cumplimiento del cronograma.<\/li>\n<li>Calidad de los materiales entregados.<\/li>\n<li>Resultados de la encuesta de satisfacci\u00f3n.<\/li>\n<li>Entrega oportuna del informe final y dem\u00e1s productos comprometidos.<\/li>\n<\/ul>\n<ol>\n<li><strong> ACEPTACI\u00d3N DE LAS BASES<\/strong><\/li>\n<\/ol>\n<p>La presentaci\u00f3n de una propuesta implica que el oferente conoce y acepta \u00edntegramente las presentes bases, as\u00ed como las condiciones administrativas, t\u00e9cnicas y econ\u00f3micas establecidas por el Colegio La Providencia de Ovalle.<\/p>\n<p><strong>Ovalle, agosto, 2026.<\/strong><\/p>\n<p>&nbsp;<\/p>\n","protected":false},"excerpt":{"rendered":"<p>El Colegio La Providencia de Ovalle, RBD 768-4, ubicado en Arizt\u00eda Oriente N.\u00ba 484, comuna de Ovalle, llama a Concurso P\u00fablico para la contrataci\u00f3n de una Asistencia T\u00e9cnica Educativa (ATE) o profesional especializado que dise\u00f1e y ejecute una jornada de orientaci\u00f3n vocacional dirigida a las estudiantes de segundos medios del establecimiento, durante el a\u00f1o 2026. La jornada deber\u00e1 orientarse al&nbsp;<a href=\"http:\/\/laprovidenciaovalle.cl\/colegio\/bases-del-concurso-publico-servicio-de-asesoria-y-ejecucion-de-jornada-vocacional-para-estudiantes-de-segundos-medios-decido-mi-futuro-con-proposito-colegio-la-providencia-de-ovalle\/\">[&hellip;]<\/a><\/p>\n","protected":false},"author":5,"featured_media":3831,"comment_status":"closed","ping_status":"closed","sticky":false,"template":"","format":"standard","meta":[],"categories":[40],"tags":[],"yoast_head":"<!-- This site is optimized with the Yoast SEO plugin v15.2 - https:\/\/yoast.com\/wordpress\/plugins\/seo\/ -->\n<title>Bases del Concurso P\u00fablico Servicio de Asesor\u00eda y Ejecuci\u00f3n de Jornada Vocacional para estudiantes de segundos medios \u201cDecido mi Futuro con Prop\u00f3sito\u201d Colegio La Providencia de Ovalle RBD: 768-4 - Colegio La Providencia<\/title>\n<meta name=\"robots\" content=\"index, follow, max-snippet:-1, max-image-preview:large, max-video-preview:-1\" \/>\n<link rel=\"canonical\" href=\"https:\/\/laprovidenciaovalle.cl\/colegio\/bases-del-concurso-publico-servicio-de-asesoria-y-ejecucion-de-jornada-vocacional-para-estudiantes-de-segundos-medios-decido-mi-futuro-con-proposito-colegio-la-providencia-de-ovalle\/\" \/>\n<meta property=\"og:locale\" content=\"es_ES\" \/>\n<meta property=\"og:type\" content=\"article\" \/>\n<meta property=\"og:title\" content=\"Bases del Concurso P\u00fablico Servicio de Asesor\u00eda y Ejecuci\u00f3n de Jornada Vocacional para estudiantes de segundos medios \u201cDecido mi Futuro con Prop\u00f3sito\u201d Colegio La Providencia de Ovalle RBD: 768-4 - Colegio La Providencia\" \/>\n<meta property=\"og:description\" content=\"El Colegio La Providencia de Ovalle, RBD 768-4, ubicado en Arizt\u00eda Oriente N.\u00ba 484, comuna de Ovalle, llama a Concurso P\u00fablico para la contrataci\u00f3n de una Asistencia T\u00e9cnica Educativa (ATE) o profesional especializado que dise\u00f1e y ejecute una jornada de orientaci\u00f3n vocacional dirigida a las estudiantes de segundos medios del establecimiento, durante el a\u00f1o 2026. La jornada deber\u00e1 orientarse al&nbsp;[&hellip;]\" \/>\n<meta property=\"og:url\" content=\"https:\/\/laprovidenciaovalle.cl\/colegio\/bases-del-concurso-publico-servicio-de-asesoria-y-ejecucion-de-jornada-vocacional-para-estudiantes-de-segundos-medios-decido-mi-futuro-con-proposito-colegio-la-providencia-de-ovalle\/\" \/>\n<meta property=\"og:site_name\" content=\"Colegio La Providencia\" \/>\n<meta property=\"article:published_time\" content=\"2026-09-03T12:17:49+00:00\" \/>\n<meta property=\"og:image\" content=\"http:\/\/laprovidenciaovalle.cl\/colegio\/wp-content\/uploads\/2020\/09\/informacion3.jpg\" \/>\n\t<meta property=\"og:image:width\" content=\"307\" \/>\n\t<meta property=\"og:image:height\" content=\"164\" \/>\n<meta name=\"twitter:card\" content=\"summary_large_image\" \/>\n<meta name=\"twitter:label1\" value=\"Escrito por\">\n\t<meta name=\"twitter:data1\" value=\"Comunicaciones Colegio\">\n\t<meta name=\"twitter:label2\" value=\"Tiempo de lectura\">\n\t<meta name=\"twitter:data2\" value=\"7 minutos\">\n<script type=\"application\/ld+json\" class=\"yoast-schema-graph\">{\"@context\":\"https:\/\/schema.org\",\"@graph\":[{\"@type\":\"WebSite\",\"@id\":\"http:\/\/laprovidenciaovalle.cl\/colegio\/#website\",\"url\":\"http:\/\/laprovidenciaovalle.cl\/colegio\/\",\"name\":\"Colegio La Providencia\",\"description\":\"Ovalle\",\"potentialAction\":[{\"@type\":\"SearchAction\",\"target\":\"http:\/\/laprovidenciaovalle.cl\/colegio\/?s={search_term_string}\",\"query-input\":\"required name=search_term_string\"}],\"inLanguage\":\"es\"},{\"@type\":\"ImageObject\",\"@id\":\"https:\/\/laprovidenciaovalle.cl\/colegio\/bases-del-concurso-publico-servicio-de-asesoria-y-ejecucion-de-jornada-vocacional-para-estudiantes-de-segundos-medios-decido-mi-futuro-con-proposito-colegio-la-providencia-de-ovalle\/#primaryimage\",\"inLanguage\":\"es\",\"url\":\"http:\/\/laprovidenciaovalle.cl\/colegio\/wp-content\/uploads\/2020\/09\/informacion3.jpg\",\"width\":307,\"height\":164},{\"@type\":\"WebPage\",\"@id\":\"https:\/\/laprovidenciaovalle.cl\/colegio\/bases-del-concurso-publico-servicio-de-asesoria-y-ejecucion-de-jornada-vocacional-para-estudiantes-de-segundos-medios-decido-mi-futuro-con-proposito-colegio-la-providencia-de-ovalle\/#webpage\",\"url\":\"https:\/\/laprovidenciaovalle.cl\/colegio\/bases-del-concurso-publico-servicio-de-asesoria-y-ejecucion-de-jornada-vocacional-para-estudiantes-de-segundos-medios-decido-mi-futuro-con-proposito-colegio-la-providencia-de-ovalle\/\",\"name\":\"Bases del Concurso P\\u00fablico Servicio de Asesor\\u00eda y Ejecuci\\u00f3n de Jornada Vocacional para estudiantes de segundos medios \\u201cDecido mi Futuro con Prop\\u00f3sito\\u201d Colegio La Providencia de Ovalle RBD: 768-4 - Colegio La Providencia\",\"isPartOf\":{\"@id\":\"http:\/\/laprovidenciaovalle.cl\/colegio\/#website\"},\"primaryImageOfPage\":{\"@id\":\"https:\/\/laprovidenciaovalle.cl\/colegio\/bases-del-concurso-publico-servicio-de-asesoria-y-ejecucion-de-jornada-vocacional-para-estudiantes-de-segundos-medios-decido-mi-futuro-con-proposito-colegio-la-providencia-de-ovalle\/#primaryimage\"},\"datePublished\":\"2026-09-03T12:17:49+00:00\",\"dateModified\":\"2026-09-03T12:17:49+00:00\",\"author\":{\"@id\":\"http:\/\/laprovidenciaovalle.cl\/colegio\/#\/schema\/person\/1035f45cd35e1948fb928fcdc74228fe\"},\"inLanguage\":\"es\",\"potentialAction\":[{\"@type\":\"ReadAction\",\"target\":[\"https:\/\/laprovidenciaovalle.cl\/colegio\/bases-del-concurso-publico-servicio-de-asesoria-y-ejecucion-de-jornada-vocacional-para-estudiantes-de-segundos-medios-decido-mi-futuro-con-proposito-colegio-la-providencia-de-ovalle\/\"]}]},{\"@type\":\"Person\",\"@id\":\"http:\/\/laprovidenciaovalle.cl\/colegio\/#\/schema\/person\/1035f45cd35e1948fb928fcdc74228fe\",\"name\":\"Comunicaciones Colegio\",\"image\":{\"@type\":\"ImageObject\",\"@id\":\"http:\/\/laprovidenciaovalle.cl\/colegio\/#personlogo\",\"inLanguage\":\"es\",\"url\":\"http:\/\/2.gravatar.com\/avatar\/5d0b6f6fbda2852def0dc3e63e38d319?s=96&d=mm&r=g\",\"caption\":\"Comunicaciones Colegio\"}}]}<\/script>\n<!-- \/ Yoast SEO plugin. -->","_links":{"self":[{"href":"http:\/\/laprovidenciaovalle.cl\/colegio\/wp-json\/wp\/v2\/posts\/25496"}],"collection":[{"href":"http:\/\/laprovidenciaovalle.cl\/colegio\/wp-json\/wp\/v2\/posts"}],"about":[{"href":"http:\/\/laprovidenciaovalle.cl\/colegio\/wp-json\/wp\/v2\/types\/post"}],"author":[{"embeddable":true,"href":"http:\/\/laprovidenciaovalle.cl\/colegio\/wp-json\/wp\/v2\/users\/5"}],"replies":[{"embeddable":true,"href":"http:\/\/laprovidenciaovalle.cl\/colegio\/wp-json\/wp\/v2\/comments?post=25496"}],"version-history":[{"count":1,"href":"http:\/\/laprovidenciaovalle.cl\/colegio\/wp-json\/wp\/v2\/posts\/25496\/revisions"}],"predecessor-version":[{"id":25497,"href":"http:\/\/laprovidenciaovalle.cl\/colegio\/wp-json\/wp\/v2\/posts\/25496\/revisions\/25497"}],"wp:featuredmedia":[{"embeddable":true,"href":"http:\/\/laprovidenciaovalle.cl\/colegio\/wp-json\/wp\/v2\/media\/3831"}],"wp:attachment":[{"href":"http:\/\/laprovidenciaovalle.cl\/colegio\/wp-json\/wp\/v2\/media?parent=25496"}],"wp:term":[{"taxonomy":"category","embeddable":true,"href":"http:\/\/laprovidenciaovalle.cl\/colegio\/wp-json\/wp\/v2\/categories?post=25496"},{"taxonomy":"post_tag","embeddable":true,"href":"http:\/\/laprovidenciaovalle.cl\/colegio\/wp-json\/wp\/v2\/tags?post=25496"}],"curies":[{"name":"wp","href":"https:\/\/api.w.org\/{rel}","templated":true}]}}