{"id":2569,"date":"2020-03-15T17:27:40","date_gmt":"2020-03-15T20:27:40","guid":{"rendered":"http:\/\/laprovidenciaovalle.cl\/colegio\/?p=2569"},"modified":"2020-03-16T17:30:22","modified_gmt":"2020-03-16T20:30:22","slug":"suspension-de-clases","status":"publish","type":"post","link":"http:\/\/laprovidenciaovalle.cl\/colegio\/suspension-de-clases\/","title":{"rendered":"Suspensi\u00f3n de Clases"},"content":{"rendered":"<p>Querida Comunidad Providente<\/p>\n<p>Junto con saludarlos, queremos informar a ustedes que el Ministerio de Salud nos ha instruido iniciar un per\u00edodo de cuarentena para nuestro establecimiento educativo como medida preventiva de contagio de los colegios municipales, subvencionados de todo Chile. La raz\u00f3n de esta decisi\u00f3n tomada hace pocos minutos atr\u00e1s, es prevenir el contagio en la comunidad.<\/p>\n<p>Por lo tanto, se suspender\u00e1n las clases, actividades deportivas, extra curriculares y toda actividad del colegio por 15 d\u00edas, regresando a clases el d\u00eda 31 de marzo.<\/p>\n<p>Estaremos a la espera de las instrucciones tanto del Ministerio de Educaci\u00f3n y Salud para poder comunicarles decisiones respecto a raciones de Junaeb, vacunaci\u00f3n de la influenza y procedimientos varios.<\/p>\n<p>Con respecto a nuestros funcionarios, nos comunicaremos v\u00eda interna en el transcurso del d\u00eda, una vez que el Ministerio de Educaci\u00f3n env\u00ede los instructivos correspondientes a la forma de trabajo, ya que la instrucci\u00f3n es que los colegios no est\u00e9n cerrados.<\/p>\n<p>Pidamos y oremos porque esta situaci\u00f3n sea controlada y no siga avanzando.<\/p>\n<p>Atte.<\/p>\n<p>Direcci\u00f3n<\/p>\n","protected":false},"excerpt":{"rendered":"<p>Querida Comunidad Providente Junto con saludarlos, queremos informar a ustedes que el Ministerio de Salud nos ha instruido iniciar un per\u00edodo de cuarentena para nuestro establecimiento educativo como medida preventiva de contagio de los colegios municipales, subvencionados de todo Chile. La raz\u00f3n de esta decisi\u00f3n tomada hace pocos minutos atr\u00e1s, es prevenir el contagio en la comunidad. Por lo tanto,&nbsp;<a href=\"http:\/\/laprovidenciaovalle.cl\/colegio\/suspension-de-clases\/\">[&hellip;]<\/a><\/p>\n","protected":false},"author":5,"featured_media":2590,"comment_status":"closed","ping_status":"closed","sticky":false,"template":"","format":"standard","meta":[],"categories":[16],"tags":[],"yoast_head":"<!-- This site is optimized with the Yoast SEO plugin v15.2 - https:\/\/yoast.com\/wordpress\/plugins\/seo\/ -->\n<title>Suspensi\u00f3n de Clases - Colegio La Providencia<\/title>\n<meta name=\"robots\" content=\"index, follow, max-snippet:-1, max-image-preview:large, max-video-preview:-1\" \/>\n<link rel=\"canonical\" href=\"https:\/\/laprovidenciaovalle.cl\/colegio\/suspension-de-clases\/\" \/>\n<meta property=\"og:locale\" content=\"es_ES\" \/>\n<meta property=\"og:type\" content=\"article\" \/>\n<meta property=\"og:title\" content=\"Suspensi\u00f3n de Clases - Colegio La Providencia\" \/>\n<meta property=\"og:description\" content=\"Querida Comunidad Providente Junto con saludarlos, queremos informar a ustedes que el Ministerio de Salud nos ha instruido iniciar un per\u00edodo de cuarentena para nuestro establecimiento educativo como medida preventiva de contagio de los colegios municipales, subvencionados de todo Chile. La raz\u00f3n de esta decisi\u00f3n tomada hace pocos minutos atr\u00e1s, es prevenir el contagio en la comunidad. Por lo tanto,&nbsp;[&hellip;]\" \/>\n<meta property=\"og:url\" content=\"https:\/\/laprovidenciaovalle.cl\/colegio\/suspension-de-clases\/\" \/>\n<meta property=\"og:site_name\" content=\"Colegio La Providencia\" \/>\n<meta property=\"article:published_time\" content=\"2020-03-15T20:27:40+00:00\" \/>\n<meta property=\"article:modified_time\" content=\"2020-03-16T20:30:22+00:00\" \/>\n<meta property=\"og:image\" content=\"http:\/\/laprovidenciaovalle.cl\/colegio\/wp-content\/uploads\/2020\/03\/Suspensi\u00f3n-clases-todo-Chile.jpg\" \/>\n\t<meta property=\"og:image:width\" content=\"696\" \/>\n\t<meta property=\"og:image:height\" content=\"348\" \/>\n<meta name=\"twitter:card\" content=\"summary_large_image\" \/>\n<meta name=\"twitter:label1\" value=\"Escrito por\">\n\t<meta name=\"twitter:data1\" value=\"Comunicaciones Colegio\">\n\t<meta name=\"twitter:label2\" value=\"Tiempo de lectura\">\n\t<meta name=\"twitter:data2\" value=\"1 minuto\">\n<script type=\"application\/ld+json\" class=\"yoast-schema-graph\">{\"@context\":\"https:\/\/schema.org\",\"@graph\":[{\"@type\":\"WebSite\",\"@id\":\"http:\/\/laprovidenciaovalle.cl\/colegio\/#website\",\"url\":\"http:\/\/laprovidenciaovalle.cl\/colegio\/\",\"name\":\"Colegio La Providencia\",\"description\":\"Ovalle\",\"potentialAction\":[{\"@type\":\"SearchAction\",\"target\":\"http:\/\/laprovidenciaovalle.cl\/colegio\/?s={search_term_string}\",\"query-input\":\"required name=search_term_string\"}],\"inLanguage\":\"es\"},{\"@type\":\"ImageObject\",\"@id\":\"https:\/\/laprovidenciaovalle.cl\/colegio\/suspension-de-clases\/#primaryimage\",\"inLanguage\":\"es\",\"url\":\"http:\/\/laprovidenciaovalle.cl\/colegio\/wp-content\/uploads\/2020\/03\/Suspensi\\u00f3n-clases-todo-Chile.jpg\",\"width\":696,\"height\":348},{\"@type\":\"WebPage\",\"@id\":\"https:\/\/laprovidenciaovalle.cl\/colegio\/suspension-de-clases\/#webpage\",\"url\":\"https:\/\/laprovidenciaovalle.cl\/colegio\/suspension-de-clases\/\",\"name\":\"Suspensi\\u00f3n de Clases - Colegio La Providencia\",\"isPartOf\":{\"@id\":\"http:\/\/laprovidenciaovalle.cl\/colegio\/#website\"},\"primaryImageOfPage\":{\"@id\":\"https:\/\/laprovidenciaovalle.cl\/colegio\/suspension-de-clases\/#primaryimage\"},\"datePublished\":\"2020-03-15T20:27:40+00:00\",\"dateModified\":\"2020-03-16T20:30:22+00:00\",\"author\":{\"@id\":\"http:\/\/laprovidenciaovalle.cl\/colegio\/#\/schema\/person\/1035f45cd35e1948fb928fcdc74228fe\"},\"inLanguage\":\"es\",\"potentialAction\":[{\"@type\":\"ReadAction\",\"target\":[\"https:\/\/laprovidenciaovalle.cl\/colegio\/suspension-de-clases\/\"]}]},{\"@type\":\"Person\",\"@id\":\"http:\/\/laprovidenciaovalle.cl\/colegio\/#\/schema\/person\/1035f45cd35e1948fb928fcdc74228fe\",\"name\":\"Comunicaciones Colegio\",\"image\":{\"@type\":\"ImageObject\",\"@id\":\"http:\/\/laprovidenciaovalle.cl\/colegio\/#personlogo\",\"inLanguage\":\"es\",\"url\":\"http:\/\/2.gravatar.com\/avatar\/5d0b6f6fbda2852def0dc3e63e38d319?s=96&d=mm&r=g\",\"caption\":\"Comunicaciones Colegio\"}}]}<\/script>\n<!-- \/ Yoast SEO plugin. -->","_links":{"self":[{"href":"http:\/\/laprovidenciaovalle.cl\/colegio\/wp-json\/wp\/v2\/posts\/2569"}],"collection":[{"href":"http:\/\/laprovidenciaovalle.cl\/colegio\/wp-json\/wp\/v2\/posts"}],"about":[{"href":"http:\/\/laprovidenciaovalle.cl\/colegio\/wp-json\/wp\/v2\/types\/post"}],"author":[{"embeddable":true,"href":"http:\/\/laprovidenciaovalle.cl\/colegio\/wp-json\/wp\/v2\/users\/5"}],"replies":[{"embeddable":true,"href":"http:\/\/laprovidenciaovalle.cl\/colegio\/wp-json\/wp\/v2\/comments?post=2569"}],"version-history":[{"count":1,"href":"http:\/\/laprovidenciaovalle.cl\/colegio\/wp-json\/wp\/v2\/posts\/2569\/revisions"}],"predecessor-version":[{"id":2570,"href":"http:\/\/laprovidenciaovalle.cl\/colegio\/wp-json\/wp\/v2\/posts\/2569\/revisions\/2570"}],"wp:featuredmedia":[{"embeddable":true,"href":"http:\/\/laprovidenciaovalle.cl\/colegio\/wp-json\/wp\/v2\/media\/2590"}],"wp:attachment":[{"href":"http:\/\/laprovidenciaovalle.cl\/colegio\/wp-json\/wp\/v2\/media?parent=2569"}],"wp:term":[{"taxonomy":"category","embeddable":true,"href":"http:\/\/laprovidenciaovalle.cl\/colegio\/wp-json\/wp\/v2\/categories?post=2569"},{"taxonomy":"post_tag","embeddable":true,"href":"http:\/\/laprovidenciaovalle.cl\/colegio\/wp-json\/wp\/v2\/tags?post=2569"}],"curies":[{"name":"wp","href":"https:\/\/api.w.org\/{rel}","templated":true}]}}