{"id":2760,"date":"2020-03-19T14:49:04","date_gmt":"2020-03-19T17:49:04","guid":{"rendered":"http:\/\/laprovidenciaovalle.cl\/colegio\/?p=2760"},"modified":"2020-03-30T16:59:37","modified_gmt":"2020-03-30T19:59:37","slug":"comunicado-19-de-marzo","status":"publish","type":"post","link":"http:\/\/laprovidenciaovalle.cl\/colegio\/comunicado-19-de-marzo\/","title":{"rendered":"Comunicado 19 de Marzo &#8220;Canastas de alimentos entregados por el gobierno, Certificados y Aula Virtual&#8221;"},"content":{"rendered":"<p><strong>RESPECTO A LAS CANASTAS DE ALIMENTOS ENTREGADAS POR EL GOBIERNO, CERTIFICADOS Y AULA VIRTUAL<\/strong><\/p>\n<p><strong>\u00a0<\/strong><\/p>\n<p><strong>\u00a0 \u00a0 \u00a0 \u00a0 \u00a0 \u00a0 \u00a0 \u00a0 \u00a0 \u00a0 \u00a0 \u00a0 \u00a0 \u00a0 \u00a0 \u00a0 \u00a0 \u00a0 \u00a0 \u00a0 \u00a0 \u00a0 \u00a0 \u00a0 \u00a0 \u00a0 \u00a0 \u00a0 \u00a0 \u00a0 \u00a0 \u00a0 \u00a0 \u00a0 \u00a0 \u00a0 \u00a0 \u00a0 \u00a0 \u00a0 \u00a0 \u00a0 \u00a0 \u00a0 \u00a0 \u00a0 \u00a0 \u00a0 \u00a0 \u00a0 \u00a0 \u00a0 \u00a0 \u00a0 \u00a0 \u00a0 \u00a0 \u00a0 \u00a0 \u00a0 \u00a0 \u00a0 \u00a0 \u00a0 \u00a0 \u00a0 \u00a0 \u00a0 \u00a0 \u00a0 \u00a0 \u00a0 \u00a0 \u00a0 \u00a0 \u00a0 \u00a0 \u00a0 \u00a0 \u00a0 \u00a0 \u00a0 \u00a0 \u00a0 \u00a0 \u00a0 \u00a0 \u00a0 \u00a0 \u00a0 \u00a0 \u00a0 \u00a0 \u00a0Ovalle, Marzo 19 de 2020<\/strong><\/p>\n<p>Estimadas familias<\/p>\n<p>Reciban un cari\u00f1oso saludo en el d\u00eda de la fiesta\u00a0 de San Jos\u00e9.<\/p>\n<p>Informar a ustedes que:<\/p>\n<ul>\n<li>Estamos desde ayer mi\u00e9rcoles esperando la llegada de alimentos a nuestro colegio, para poder confeccionar las cajas solidarias que entregar\u00e1 el gobierno por medio de Junaeb. Nuestra voluntad es hacer llegar este aporte a la brevedad a cada una de nuestras alumnas.<\/li>\n<\/ul>\n<p>&nbsp;<\/p>\n<ul>\n<li>La entrega de las canastas individuales de alimentaci\u00f3n se realizar\u00e1 gradualmente, citando a los apoderados, por lo que les pedimos que esperen a ser contactados por el colegio o informados por su profesor jefe, <strong>ya que debemos regirnos por n\u00f3mina de beneficiarios entregada por Junaeb. <\/strong>Confiamos poder hacer una entrega gradual y responsable de este aporte para las familias beneficiarias del programa<\/li>\n<\/ul>\n<p>&nbsp;<\/p>\n<ul>\n<li>Sugerimos que el mismo d\u00eda en que sean citados para retiro de caja Junaeb puedan aprovechar de sacar de sala de clases o lockers los libros de clases o cuadernos que pudiesen necesitar para estudiar o realizar trabajo acad\u00e9mico.<\/li>\n<\/ul>\n<p>&nbsp;<\/p>\n<ul>\n<li>En nuestra p\u00e1gina web institucional <a href=\"http:\/\/www.laprovidenciaovalle.cl\">laprovidenciaovalle.cl<\/a> existe un apartado llamado AULA VIRTUAL, haciendo click en el banner podr\u00e1n ingresar a las gu\u00edas y material de trabajo que nuestros docentes han dise\u00f1ado para ustedes y que se ir\u00e1 renovando de manera semanal, ya que no sabemos por cuanto tiempo estaremos con clases suspendidas. El material existente en la plataforma es para ser trabajado entre el lunes 16 y viernes 27 de marzo. Cada docente evaluar\u00e1 formativamente el trabajo realizado para su asignatura y nivel.<\/li>\n<\/ul>\n<p>&nbsp;<\/p>\n<ul>\n<li>Respecto de aquellas familias que necesiten de <strong>manera urgente e impostergable<\/strong> certificado de alumna regular lo pueden solicitar v\u00eda email al correo <a href=\"mailto:colegiolaprovidencia@gmail.com\">colegiolaprovidencia@gmail.com<\/a> indicando nombre de la hija estudiante y tel\u00e9fono para avisar su retiro. Tambi\u00e9n puede ser\u00a0 solicitado porter\u00eda del colegio de 8:00 a 11:00 hrs \u00a0hasta\u00a0 ma\u00f1ana viernes 20 de marzo.<\/li>\n<\/ul>\n<p>&nbsp;<\/p>\n<ul>\n<li>Estamos atentos a sus consultas e inquietudes por medio del correo <a href=\"mailto:colegiolaprovidencia@gmail.com\">colegiolaprovidencia@gmail.com<\/a> o de direcci\u00f3n: <a href=\"mailto:Jorge.gormaz@laprovidenciaovalle.cl\">gormaz@laprovidenciaovalle.cl<\/a><\/li>\n<\/ul>\n<p>Reiteramos nuestra invitaci\u00f3n en este periodo de suspensi\u00f3n de clases, que pidamos la protecci\u00f3n de Dios Providencia, rezando a las 12:00 hrs.\u00a0 de cada d\u00eda: Un Providencia de Dios<\/p>\n<p>Providencia de Dios, yo creo en ti, Providencia de Dios, yo espero en ti, Providencia de Dios, yo te amo con todo mi coraz\u00f3n, Providencia de Dios, yo te agradezco por todo lo que haces y velas por m\u00ed.<\/p>\n<p>&nbsp;<\/p>\n<p>Direcci\u00f3n<\/p>\n","protected":false},"excerpt":{"rendered":"<p>RESPECTO A LAS CANASTAS DE ALIMENTOS ENTREGADAS POR EL GOBIERNO, CERTIFICADOS Y AULA VIRTUAL \u00a0 \u00a0 \u00a0 \u00a0 \u00a0 \u00a0 \u00a0 \u00a0 \u00a0 \u00a0 \u00a0 \u00a0 \u00a0 \u00a0 \u00a0 \u00a0 \u00a0 \u00a0 \u00a0 \u00a0 \u00a0 \u00a0 \u00a0 \u00a0 \u00a0 \u00a0 \u00a0 \u00a0 \u00a0 \u00a0 \u00a0 \u00a0 \u00a0 \u00a0 \u00a0 \u00a0 \u00a0 \u00a0 \u00a0 \u00a0 \u00a0 \u00a0 \u00a0 \u00a0 \u00a0 \u00a0&nbsp;<a href=\"http:\/\/laprovidenciaovalle.cl\/colegio\/comunicado-19-de-marzo\/\">[&hellip;]<\/a><\/p>\n","protected":false},"author":5,"featured_media":2759,"comment_status":"closed","ping_status":"closed","sticky":false,"template":"","format":"standard","meta":[],"categories":[16],"tags":[],"yoast_head":"<!-- This site is optimized with the Yoast SEO plugin v15.2 - https:\/\/yoast.com\/wordpress\/plugins\/seo\/ -->\n<title>Comunicado 19 de Marzo &quot;Canastas de alimentos entregados por el gobierno, Certificados y Aula Virtual&quot; - Colegio La Providencia<\/title>\n<meta name=\"robots\" content=\"index, follow, max-snippet:-1, max-image-preview:large, max-video-preview:-1\" \/>\n<link rel=\"canonical\" href=\"https:\/\/laprovidenciaovalle.cl\/colegio\/comunicado-19-de-marzo\/\" \/>\n<meta property=\"og:locale\" content=\"es_ES\" \/>\n<meta property=\"og:type\" content=\"article\" \/>\n<meta property=\"og:title\" content=\"Comunicado 19 de Marzo &quot;Canastas de alimentos entregados por el gobierno, Certificados y Aula Virtual&quot; - Colegio La Providencia\" \/>\n<meta property=\"og:description\" content=\"RESPECTO A LAS CANASTAS DE ALIMENTOS ENTREGADAS POR EL GOBIERNO, CERTIFICADOS Y AULA VIRTUAL \u00a0 \u00a0 \u00a0 \u00a0 \u00a0 \u00a0 \u00a0 \u00a0 \u00a0 \u00a0 \u00a0 \u00a0 \u00a0 \u00a0 \u00a0 \u00a0 \u00a0 \u00a0 \u00a0 \u00a0 \u00a0 \u00a0 \u00a0 \u00a0 \u00a0 \u00a0 \u00a0 \u00a0 \u00a0 \u00a0 \u00a0 \u00a0 \u00a0 \u00a0 \u00a0 \u00a0 \u00a0 \u00a0 \u00a0 \u00a0 \u00a0 \u00a0 \u00a0 \u00a0 \u00a0 \u00a0&nbsp;[&hellip;]\" \/>\n<meta property=\"og:url\" content=\"https:\/\/laprovidenciaovalle.cl\/colegio\/comunicado-19-de-marzo\/\" \/>\n<meta property=\"og:site_name\" content=\"Colegio La Providencia\" \/>\n<meta property=\"article:published_time\" content=\"2020-03-19T17:49:04+00:00\" \/>\n<meta property=\"article:modified_time\" content=\"2020-03-30T19:59:37+00:00\" \/>\n<meta property=\"og:image\" content=\"http:\/\/laprovidenciaovalle.cl\/colegio\/wp-content\/uploads\/2020\/03\/unnamed.jpg\" \/>\n\t<meta property=\"og:image:width\" content=\"512\" \/>\n\t<meta property=\"og:image:height\" content=\"229\" \/>\n<meta name=\"twitter:card\" content=\"summary_large_image\" \/>\n<meta name=\"twitter:label1\" value=\"Escrito por\">\n\t<meta name=\"twitter:data1\" value=\"Comunicaciones Colegio\">\n\t<meta name=\"twitter:label2\" value=\"Tiempo de lectura\">\n\t<meta name=\"twitter:data2\" value=\"2 minutos\">\n<script type=\"application\/ld+json\" class=\"yoast-schema-graph\">{\"@context\":\"https:\/\/schema.org\",\"@graph\":[{\"@type\":\"WebSite\",\"@id\":\"http:\/\/laprovidenciaovalle.cl\/colegio\/#website\",\"url\":\"http:\/\/laprovidenciaovalle.cl\/colegio\/\",\"name\":\"Colegio La Providencia\",\"description\":\"Ovalle\",\"potentialAction\":[{\"@type\":\"SearchAction\",\"target\":\"http:\/\/laprovidenciaovalle.cl\/colegio\/?s={search_term_string}\",\"query-input\":\"required name=search_term_string\"}],\"inLanguage\":\"es\"},{\"@type\":\"ImageObject\",\"@id\":\"https:\/\/laprovidenciaovalle.cl\/colegio\/comunicado-19-de-marzo\/#primaryimage\",\"inLanguage\":\"es\",\"url\":\"http:\/\/laprovidenciaovalle.cl\/colegio\/wp-content\/uploads\/2020\/03\/unnamed.jpg\",\"width\":512,\"height\":229},{\"@type\":\"WebPage\",\"@id\":\"https:\/\/laprovidenciaovalle.cl\/colegio\/comunicado-19-de-marzo\/#webpage\",\"url\":\"https:\/\/laprovidenciaovalle.cl\/colegio\/comunicado-19-de-marzo\/\",\"name\":\"Comunicado 19 de Marzo \\\"Canastas de alimentos entregados por el gobierno, Certificados y Aula Virtual\\\" - Colegio La Providencia\",\"isPartOf\":{\"@id\":\"http:\/\/laprovidenciaovalle.cl\/colegio\/#website\"},\"primaryImageOfPage\":{\"@id\":\"https:\/\/laprovidenciaovalle.cl\/colegio\/comunicado-19-de-marzo\/#primaryimage\"},\"datePublished\":\"2020-03-19T17:49:04+00:00\",\"dateModified\":\"2020-03-30T19:59:37+00:00\",\"author\":{\"@id\":\"http:\/\/laprovidenciaovalle.cl\/colegio\/#\/schema\/person\/1035f45cd35e1948fb928fcdc74228fe\"},\"inLanguage\":\"es\",\"potentialAction\":[{\"@type\":\"ReadAction\",\"target\":[\"https:\/\/laprovidenciaovalle.cl\/colegio\/comunicado-19-de-marzo\/\"]}]},{\"@type\":\"Person\",\"@id\":\"http:\/\/laprovidenciaovalle.cl\/colegio\/#\/schema\/person\/1035f45cd35e1948fb928fcdc74228fe\",\"name\":\"Comunicaciones Colegio\",\"image\":{\"@type\":\"ImageObject\",\"@id\":\"http:\/\/laprovidenciaovalle.cl\/colegio\/#personlogo\",\"inLanguage\":\"es\",\"url\":\"http:\/\/2.gravatar.com\/avatar\/5d0b6f6fbda2852def0dc3e63e38d319?s=96&d=mm&r=g\",\"caption\":\"Comunicaciones Colegio\"}}]}<\/script>\n<!-- \/ Yoast SEO plugin. -->","_links":{"self":[{"href":"http:\/\/laprovidenciaovalle.cl\/colegio\/wp-json\/wp\/v2\/posts\/2760"}],"collection":[{"href":"http:\/\/laprovidenciaovalle.cl\/colegio\/wp-json\/wp\/v2\/posts"}],"about":[{"href":"http:\/\/laprovidenciaovalle.cl\/colegio\/wp-json\/wp\/v2\/types\/post"}],"author":[{"embeddable":true,"href":"http:\/\/laprovidenciaovalle.cl\/colegio\/wp-json\/wp\/v2\/users\/5"}],"replies":[{"embeddable":true,"href":"http:\/\/laprovidenciaovalle.cl\/colegio\/wp-json\/wp\/v2\/comments?post=2760"}],"version-history":[{"count":3,"href":"http:\/\/laprovidenciaovalle.cl\/colegio\/wp-json\/wp\/v2\/posts\/2760\/revisions"}],"predecessor-version":[{"id":3241,"href":"http:\/\/laprovidenciaovalle.cl\/colegio\/wp-json\/wp\/v2\/posts\/2760\/revisions\/3241"}],"wp:featuredmedia":[{"embeddable":true,"href":"http:\/\/laprovidenciaovalle.cl\/colegio\/wp-json\/wp\/v2\/media\/2759"}],"wp:attachment":[{"href":"http:\/\/laprovidenciaovalle.cl\/colegio\/wp-json\/wp\/v2\/media?parent=2760"}],"wp:term":[{"taxonomy":"category","embeddable":true,"href":"http:\/\/laprovidenciaovalle.cl\/colegio\/wp-json\/wp\/v2\/categories?post=2760"},{"taxonomy":"post_tag","embeddable":true,"href":"http:\/\/laprovidenciaovalle.cl\/colegio\/wp-json\/wp\/v2\/tags?post=2760"}],"curies":[{"name":"wp","href":"https:\/\/api.w.org\/{rel}","templated":true}]}}