{"id":2876,"date":"2020-03-23T15:19:35","date_gmt":"2020-03-23T18:19:35","guid":{"rendered":"http:\/\/laprovidenciaovalle.cl\/colegio\/?p=2876"},"modified":"2020-03-23T17:28:59","modified_gmt":"2020-03-23T20:28:59","slug":"recomendaciones-para-prevenir-el-coronavirus-covid-19","status":"publish","type":"post","link":"http:\/\/laprovidenciaovalle.cl\/colegio\/recomendaciones-para-prevenir-el-coronavirus-covid-19\/","title":{"rendered":"Recomendaciones para prevenir el Coronavirus (COVID-19)"},"content":{"rendered":"<p>Estimada Comunidad Providente<\/p>\n<p>Junto con saludar, les queremos compartir un afiche con\u00a0 recomendaciones y s\u00edntomas del COVID-19, realizado por nuestro prevencionista de riesgo.<\/p>\n<p>La idea es que lean y compartan esta informaci\u00f3n con la familia, amigos y conocidos. Entre m\u00e1s informaci\u00f3n tengamos al respecto, mejor manejo de prevenci\u00f3n tendremos y as\u00ed podremos terminar pronto con esta dif\u00edcil situaci\u00f3n.<\/p>\n<p>Un afectuoso saludo y que Dios los bendiga y proteja.<\/p>\n<p><a href=\"http:\/\/laprovidenciaovalle.cl\/colegio\/wp-content\/uploads\/2020\/03\/Recomendaciones-para-prevenir-el-coronavirus-COVID-19-scaled.jpg\"><img loading=\"lazy\" class=\"alignnone size-large wp-image-2882\" src=\"http:\/\/laprovidenciaovalle.cl\/colegio\/wp-content\/uploads\/2020\/03\/Recomendaciones-para-prevenir-el-coronavirus-COVID-19-724x1024.jpg\" alt=\"Afiche\" width=\"724\" height=\"1024\" srcset=\"http:\/\/laprovidenciaovalle.cl\/colegio\/wp-content\/uploads\/2020\/03\/Recomendaciones-para-prevenir-el-coronavirus-COVID-19-724x1024.jpg 724w, http:\/\/laprovidenciaovalle.cl\/colegio\/wp-content\/uploads\/2020\/03\/Recomendaciones-para-prevenir-el-coronavirus-COVID-19-212x300.jpg 212w, http:\/\/laprovidenciaovalle.cl\/colegio\/wp-content\/uploads\/2020\/03\/Recomendaciones-para-prevenir-el-coronavirus-COVID-19-768x1087.jpg 768w, http:\/\/laprovidenciaovalle.cl\/colegio\/wp-content\/uploads\/2020\/03\/Recomendaciones-para-prevenir-el-coronavirus-COVID-19-1086x1536.jpg 1086w, http:\/\/laprovidenciaovalle.cl\/colegio\/wp-content\/uploads\/2020\/03\/Recomendaciones-para-prevenir-el-coronavirus-COVID-19-1448x2048.jpg 1448w, http:\/\/laprovidenciaovalle.cl\/colegio\/wp-content\/uploads\/2020\/03\/Recomendaciones-para-prevenir-el-coronavirus-COVID-19-106x150.jpg 106w, http:\/\/laprovidenciaovalle.cl\/colegio\/wp-content\/uploads\/2020\/03\/Recomendaciones-para-prevenir-el-coronavirus-COVID-19-scaled.jpg 1809w\" sizes=\"(max-width: 724px) 100vw, 724px\" \/><\/a><\/p>\n<p><a href=\"http:\/\/laprovidenciaovalle.cl\/colegio\/download\/2877\/\">Descarga el afiche aqu\u00ed.<\/a><\/p>\n","protected":false},"excerpt":{"rendered":"<p>Estimada Comunidad Providente Junto con saludar, les queremos compartir un afiche con\u00a0 recomendaciones y s\u00edntomas del COVID-19, realizado por nuestro prevencionista de riesgo. La idea es que lean y compartan esta informaci\u00f3n con la familia, amigos y conocidos. Entre m\u00e1s informaci\u00f3n tengamos al respecto, mejor manejo de prevenci\u00f3n tendremos y as\u00ed podremos terminar pronto con esta dif\u00edcil situaci\u00f3n. Un afectuoso&nbsp;<a href=\"http:\/\/laprovidenciaovalle.cl\/colegio\/recomendaciones-para-prevenir-el-coronavirus-covid-19\/\">[&hellip;]<\/a><\/p>\n","protected":false},"author":5,"featured_media":0,"comment_status":"closed","ping_status":"closed","sticky":false,"template":"","format":"standard","meta":[],"categories":[16],"tags":[],"yoast_head":"<!-- This site is optimized with the Yoast SEO plugin v15.2 - https:\/\/yoast.com\/wordpress\/plugins\/seo\/ -->\n<title>Recomendaciones para prevenir el Coronavirus (COVID-19) - Colegio La Providencia<\/title>\n<meta name=\"robots\" content=\"index, follow, max-snippet:-1, max-image-preview:large, max-video-preview:-1\" \/>\n<link rel=\"canonical\" href=\"https:\/\/laprovidenciaovalle.cl\/colegio\/recomendaciones-para-prevenir-el-coronavirus-covid-19\/\" \/>\n<meta property=\"og:locale\" content=\"es_ES\" \/>\n<meta property=\"og:type\" content=\"article\" \/>\n<meta property=\"og:title\" content=\"Recomendaciones para prevenir el Coronavirus (COVID-19) - Colegio La Providencia\" \/>\n<meta property=\"og:description\" content=\"Estimada Comunidad Providente Junto con saludar, les queremos compartir un afiche con\u00a0 recomendaciones y s\u00edntomas del COVID-19, realizado por nuestro prevencionista de riesgo. La idea es que lean y compartan esta informaci\u00f3n con la familia, amigos y conocidos. Entre m\u00e1s informaci\u00f3n tengamos al respecto, mejor manejo de prevenci\u00f3n tendremos y as\u00ed podremos terminar pronto con esta dif\u00edcil situaci\u00f3n. Un afectuoso&nbsp;[&hellip;]\" \/>\n<meta property=\"og:url\" content=\"https:\/\/laprovidenciaovalle.cl\/colegio\/recomendaciones-para-prevenir-el-coronavirus-covid-19\/\" \/>\n<meta property=\"og:site_name\" content=\"Colegio La Providencia\" \/>\n<meta property=\"article:published_time\" content=\"2020-03-23T18:19:35+00:00\" \/>\n<meta property=\"article:modified_time\" content=\"2020-03-23T20:28:59+00:00\" \/>\n<meta name=\"twitter:card\" content=\"summary_large_image\" \/>\n<meta name=\"twitter:label1\" value=\"Escrito por\">\n\t<meta name=\"twitter:data1\" value=\"Comunicaciones Colegio\">\n\t<meta name=\"twitter:label2\" value=\"Tiempo de lectura\">\n\t<meta name=\"twitter:data2\" value=\"0 minutos\">\n<script type=\"application\/ld+json\" class=\"yoast-schema-graph\">{\"@context\":\"https:\/\/schema.org\",\"@graph\":[{\"@type\":\"WebSite\",\"@id\":\"http:\/\/laprovidenciaovalle.cl\/colegio\/#website\",\"url\":\"http:\/\/laprovidenciaovalle.cl\/colegio\/\",\"name\":\"Colegio La Providencia\",\"description\":\"Ovalle\",\"potentialAction\":[{\"@type\":\"SearchAction\",\"target\":\"http:\/\/laprovidenciaovalle.cl\/colegio\/?s={search_term_string}\",\"query-input\":\"required name=search_term_string\"}],\"inLanguage\":\"es\"},{\"@type\":\"ImageObject\",\"@id\":\"https:\/\/laprovidenciaovalle.cl\/colegio\/recomendaciones-para-prevenir-el-coronavirus-covid-19\/#primaryimage\",\"inLanguage\":\"es\",\"url\":\"http:\/\/laprovidenciaovalle.cl\/colegio\/wp-content\/uploads\/2020\/03\/Recomendaciones-para-prevenir-el-coronavirus-COVID-19-724x1024.jpg\"},{\"@type\":\"WebPage\",\"@id\":\"https:\/\/laprovidenciaovalle.cl\/colegio\/recomendaciones-para-prevenir-el-coronavirus-covid-19\/#webpage\",\"url\":\"https:\/\/laprovidenciaovalle.cl\/colegio\/recomendaciones-para-prevenir-el-coronavirus-covid-19\/\",\"name\":\"Recomendaciones para prevenir el Coronavirus (COVID-19) - Colegio La Providencia\",\"isPartOf\":{\"@id\":\"http:\/\/laprovidenciaovalle.cl\/colegio\/#website\"},\"primaryImageOfPage\":{\"@id\":\"https:\/\/laprovidenciaovalle.cl\/colegio\/recomendaciones-para-prevenir-el-coronavirus-covid-19\/#primaryimage\"},\"datePublished\":\"2020-03-23T18:19:35+00:00\",\"dateModified\":\"2020-03-23T20:28:59+00:00\",\"author\":{\"@id\":\"http:\/\/laprovidenciaovalle.cl\/colegio\/#\/schema\/person\/1035f45cd35e1948fb928fcdc74228fe\"},\"inLanguage\":\"es\",\"potentialAction\":[{\"@type\":\"ReadAction\",\"target\":[\"https:\/\/laprovidenciaovalle.cl\/colegio\/recomendaciones-para-prevenir-el-coronavirus-covid-19\/\"]}]},{\"@type\":\"Person\",\"@id\":\"http:\/\/laprovidenciaovalle.cl\/colegio\/#\/schema\/person\/1035f45cd35e1948fb928fcdc74228fe\",\"name\":\"Comunicaciones Colegio\",\"image\":{\"@type\":\"ImageObject\",\"@id\":\"http:\/\/laprovidenciaovalle.cl\/colegio\/#personlogo\",\"inLanguage\":\"es\",\"url\":\"http:\/\/2.gravatar.com\/avatar\/5d0b6f6fbda2852def0dc3e63e38d319?s=96&d=mm&r=g\",\"caption\":\"Comunicaciones Colegio\"}}]}<\/script>\n<!-- \/ Yoast SEO plugin. -->","_links":{"self":[{"href":"http:\/\/laprovidenciaovalle.cl\/colegio\/wp-json\/wp\/v2\/posts\/2876"}],"collection":[{"href":"http:\/\/laprovidenciaovalle.cl\/colegio\/wp-json\/wp\/v2\/posts"}],"about":[{"href":"http:\/\/laprovidenciaovalle.cl\/colegio\/wp-json\/wp\/v2\/types\/post"}],"author":[{"embeddable":true,"href":"http:\/\/laprovidenciaovalle.cl\/colegio\/wp-json\/wp\/v2\/users\/5"}],"replies":[{"embeddable":true,"href":"http:\/\/laprovidenciaovalle.cl\/colegio\/wp-json\/wp\/v2\/comments?post=2876"}],"version-history":[{"count":5,"href":"http:\/\/laprovidenciaovalle.cl\/colegio\/wp-json\/wp\/v2\/posts\/2876\/revisions"}],"predecessor-version":[{"id":2886,"href":"http:\/\/laprovidenciaovalle.cl\/colegio\/wp-json\/wp\/v2\/posts\/2876\/revisions\/2886"}],"wp:attachment":[{"href":"http:\/\/laprovidenciaovalle.cl\/colegio\/wp-json\/wp\/v2\/media?parent=2876"}],"wp:term":[{"taxonomy":"category","embeddable":true,"href":"http:\/\/laprovidenciaovalle.cl\/colegio\/wp-json\/wp\/v2\/categories?post=2876"},{"taxonomy":"post_tag","embeddable":true,"href":"http:\/\/laprovidenciaovalle.cl\/colegio\/wp-json\/wp\/v2\/tags?post=2876"}],"curies":[{"name":"wp","href":"https:\/\/api.w.org\/{rel}","templated":true}]}}