{"id":3238,"date":"2020-03-30T16:56:03","date_gmt":"2020-03-30T19:56:03","guid":{"rendered":"http:\/\/laprovidenciaovalle.cl\/colegio\/?p=3238"},"modified":"2020-03-30T16:56:03","modified_gmt":"2020-03-30T19:56:03","slug":"comunicado-oficial-n4-realizacion-de-clases-mediante-plataforma-virtual-google-classroom","status":"publish","type":"post","link":"http:\/\/laprovidenciaovalle.cl\/colegio\/comunicado-oficial-n4-realizacion-de-clases-mediante-plataforma-virtual-google-classroom\/","title":{"rendered":"Comunicado Oficial N\u00b04 Realizaci\u00f3n de Clases mediante Plataforma Virtual Google Classroom"},"content":{"rendered":"<p>Estimados\/as Padres y Apoderados:<\/p>\n<p>Reciban un saludo en la esperanza del Se\u00f1or Jes\u00fas y de Mar\u00eda Sant\u00edsima. Nos comunicamos con ustedes a prop\u00f3sito de los \u00faltimos acontecimientos que estamos viviendo, a ra\u00edz de la pandemia COVID 19 decretada por la OMS y que tambi\u00e9n nos ha afectado como pa\u00eds. Lo que ha llevado a tomar ciertas consideraciones de car\u00e1cter sanitario, entre las que se encuentran, la suspensi\u00f3n de clases para todo el sistema educativo del pa\u00eds.<\/p>\n<p>Por lo anterior, y debido a la extensi\u00f3n de la suspensi\u00f3n de clases, decretada por el MINEDUC, y atendiendo a la necesidad de un efectivo acompa\u00f1amiento y retroalimentaci\u00f3n de los aprendizajes por parte de nuestras estudiantes, Coordinaci\u00f3n Pedag\u00f3gica en conjunto con los profesores, nos hemos planteado el desaf\u00edo de continuar nuestras actividades acad\u00e9micas por medio de internet, e implementaremos<strong> desde este mi\u00e9rcoles 01 de abril, en los horarios de \u00a009 a 13:05 Hrs., la plataforma digital \u201cGoogle Classroom\u201d para el trabajo online en las asignaturas, tanto del plan com\u00fan como el de las especialidades.\u00a0\u00a0 <\/strong>Dicha plataforma permitir\u00e1 a nuestras alumnas y a sus respectivos profesores, poder interactuar, aclarar sus inquietudes, realizar un seguimiento y\u00a0 evaluaci\u00f3n de sus aprendizajes en cada una de las asignaturas, en un ambiente virtual amigable, activo y de f\u00e1cil acceso.<\/p>\n<p>Coordinaci\u00f3n Pedag\u00f3gica, a trav\u00e9s de su unidad de inform\u00e1tica, y en conjunto con los profesores jefes, ser\u00e1n los responsables de monitorear el trabajo acad\u00e9mico en las respectivas asignaturas y ser\u00e1n ellos los encargados de mantener comunicaci\u00f3n fluida con uds. para responder sus inquietudes, aclarar sus dudas y\/o necesidades acad\u00e9micas si as\u00ed lo requieren, mediante los correos institucionales de los respectivos profesores jefes y\/o de asignatura o al correo: <a href=\"mailto:coordinacionpedagogica@laprovidenciaovalle.cl\">coordinacionpedagogica@laprovidenciaovalle.cl<\/a><\/p>\n<p>Esperando nos puedan ayudar a acompa\u00f1ar esta nueva metodolog\u00eda de aprendizaje que busca resolver las complicaciones que nos propone la contingencia, incentivando, acompa\u00f1ando y guiando a sus hijas y\/o pupilas en esta nueva etapa.<\/p>\n<p>Esperando su acogida. Nos despedimos en Dios providente e implorando su misericordia sobre cada uno de sus hijos.<\/p>\n<p>&nbsp;<\/p>\n<p>&nbsp;<\/p>\n<p><strong>RICARDO MONTES P\u00c9REZ\u00a0 \u00a0 \u00a0 \u00a0 \u00a0 \u00a0 \u00a0 \u00a0 \u00a0 \u00a0 \u00a0 \u00a0 \u00a0 \u00a0 \u00a0 \u00a0 \u00a0 \u00a0 \u00a0 \u00a0 \u00a0 \u00a0 \u00a0 \u00a0 \u00a0 \u00a0 \u00a0 \u00a0 \u00a0 \u00a0 \u00a0 \u00a0 \u00a0 \u00a0 \u00a0 \u00a0 \u00a0 \u00a0 \u00a0 \u00a0 \u00a0 \u00a0 \u00a0 \u00a0 \u00a0 \u00a0 \u00a0 \u00a0 \u00a0 \u00a0 \u00a0 \u00a0 \u00a0 \u00a0 \u00a0 JORGE GORM\u00c1Z BARRIENTOS<\/strong><\/p>\n<p><strong>COORDINADOR PEDAG\u00d3GICO\u00a0 \u00a0 \u00a0 \u00a0 \u00a0 \u00a0 \u00a0 \u00a0 \u00a0 \u00a0 \u00a0 \u00a0 \u00a0 \u00a0 \u00a0 \u00a0 \u00a0 \u00a0 \u00a0 \u00a0 \u00a0 \u00a0 \u00a0 \u00a0 \u00a0 \u00a0 \u00a0 \u00a0 \u00a0 \u00a0 \u00a0 \u00a0 \u00a0 \u00a0 \u00a0 \u00a0 \u00a0 \u00a0 \u00a0 \u00a0 \u00a0 \u00a0 \u00a0 \u00a0 \u00a0 \u00a0 \u00a0 \u00a0 \u00a0 \u00a0 \u00a0 \u00a0 \u00a0 \u00a0 \u00a0 \u00a0 \u00a0 \u00a0 \u00a0 \u00a0 \u00a0 \u00a0 \u00a0DIRECTOR<\/strong><\/p>\n","protected":false},"excerpt":{"rendered":"<p>Estimados\/as Padres y Apoderados: Reciban un saludo en la esperanza del Se\u00f1or Jes\u00fas y de Mar\u00eda Sant\u00edsima. Nos comunicamos con ustedes a prop\u00f3sito de los \u00faltimos acontecimientos que estamos viviendo, a ra\u00edz de la pandemia COVID 19 decretada por la OMS y que tambi\u00e9n nos ha afectado como pa\u00eds. Lo que ha llevado a tomar ciertas consideraciones de car\u00e1cter sanitario,&nbsp;<a href=\"http:\/\/laprovidenciaovalle.cl\/colegio\/comunicado-oficial-n4-realizacion-de-clases-mediante-plataforma-virtual-google-classroom\/\">[&hellip;]<\/a><\/p>\n","protected":false},"author":5,"featured_media":3237,"comment_status":"closed","ping_status":"closed","sticky":false,"template":"","format":"standard","meta":[],"categories":[16],"tags":[],"yoast_head":"<!-- This site is optimized with the Yoast SEO plugin v15.2 - https:\/\/yoast.com\/wordpress\/plugins\/seo\/ -->\n<title>Comunicado Oficial N\u00b04 Realizaci\u00f3n de Clases mediante Plataforma Virtual Google Classroom - Colegio La Providencia<\/title>\n<meta name=\"robots\" content=\"index, follow, max-snippet:-1, max-image-preview:large, max-video-preview:-1\" \/>\n<link rel=\"canonical\" href=\"http:\/\/laprovidenciaovalle.cl\/colegio\/comunicado-oficial-n4-realizacion-de-clases-mediante-plataforma-virtual-google-classroom\/\" \/>\n<meta property=\"og:locale\" content=\"es_ES\" \/>\n<meta property=\"og:type\" content=\"article\" \/>\n<meta property=\"og:title\" content=\"Comunicado Oficial N\u00b04 Realizaci\u00f3n de Clases mediante Plataforma Virtual Google Classroom - Colegio La Providencia\" \/>\n<meta property=\"og:description\" content=\"Estimados\/as Padres y Apoderados: Reciban un saludo en la esperanza del Se\u00f1or Jes\u00fas y de Mar\u00eda Sant\u00edsima. Nos comunicamos con ustedes a prop\u00f3sito de los \u00faltimos acontecimientos que estamos viviendo, a ra\u00edz de la pandemia COVID 19 decretada por la OMS y que tambi\u00e9n nos ha afectado como pa\u00eds. Lo que ha llevado a tomar ciertas consideraciones de car\u00e1cter sanitario,&nbsp;[&hellip;]\" \/>\n<meta property=\"og:url\" content=\"http:\/\/laprovidenciaovalle.cl\/colegio\/comunicado-oficial-n4-realizacion-de-clases-mediante-plataforma-virtual-google-classroom\/\" \/>\n<meta property=\"og:site_name\" content=\"Colegio La Providencia\" \/>\n<meta property=\"article:published_time\" content=\"2020-03-30T19:56:03+00:00\" \/>\n<meta property=\"og:image\" content=\"http:\/\/laprovidenciaovalle.cl\/colegio\/wp-content\/uploads\/2020\/03\/google_classroom.jpg_1666307752.jpg\" \/>\n\t<meta property=\"og:image:width\" content=\"1200\" \/>\n\t<meta property=\"og:image:height\" content=\"675\" \/>\n<meta name=\"twitter:card\" content=\"summary_large_image\" \/>\n<meta name=\"twitter:label1\" value=\"Escrito por\">\n\t<meta name=\"twitter:data1\" value=\"Comunicaciones Colegio\">\n\t<meta name=\"twitter:label2\" value=\"Tiempo de lectura\">\n\t<meta name=\"twitter:data2\" value=\"2 minutos\">\n<script type=\"application\/ld+json\" class=\"yoast-schema-graph\">{\"@context\":\"https:\/\/schema.org\",\"@graph\":[{\"@type\":\"WebSite\",\"@id\":\"http:\/\/laprovidenciaovalle.cl\/colegio\/#website\",\"url\":\"http:\/\/laprovidenciaovalle.cl\/colegio\/\",\"name\":\"Colegio La Providencia\",\"description\":\"Ovalle\",\"potentialAction\":[{\"@type\":\"SearchAction\",\"target\":\"http:\/\/laprovidenciaovalle.cl\/colegio\/?s={search_term_string}\",\"query-input\":\"required name=search_term_string\"}],\"inLanguage\":\"es\"},{\"@type\":\"ImageObject\",\"@id\":\"http:\/\/laprovidenciaovalle.cl\/colegio\/comunicado-oficial-n4-realizacion-de-clases-mediante-plataforma-virtual-google-classroom\/#primaryimage\",\"inLanguage\":\"es\",\"url\":\"http:\/\/laprovidenciaovalle.cl\/colegio\/wp-content\/uploads\/2020\/03\/google_classroom.jpg_1666307752.jpg\",\"width\":1200,\"height\":675},{\"@type\":\"WebPage\",\"@id\":\"http:\/\/laprovidenciaovalle.cl\/colegio\/comunicado-oficial-n4-realizacion-de-clases-mediante-plataforma-virtual-google-classroom\/#webpage\",\"url\":\"http:\/\/laprovidenciaovalle.cl\/colegio\/comunicado-oficial-n4-realizacion-de-clases-mediante-plataforma-virtual-google-classroom\/\",\"name\":\"Comunicado Oficial N\\u00b04 Realizaci\\u00f3n de Clases mediante Plataforma Virtual Google Classroom - Colegio La Providencia\",\"isPartOf\":{\"@id\":\"http:\/\/laprovidenciaovalle.cl\/colegio\/#website\"},\"primaryImageOfPage\":{\"@id\":\"http:\/\/laprovidenciaovalle.cl\/colegio\/comunicado-oficial-n4-realizacion-de-clases-mediante-plataforma-virtual-google-classroom\/#primaryimage\"},\"datePublished\":\"2020-03-30T19:56:03+00:00\",\"dateModified\":\"2020-03-30T19:56:03+00:00\",\"author\":{\"@id\":\"http:\/\/laprovidenciaovalle.cl\/colegio\/#\/schema\/person\/1035f45cd35e1948fb928fcdc74228fe\"},\"inLanguage\":\"es\",\"potentialAction\":[{\"@type\":\"ReadAction\",\"target\":[\"http:\/\/laprovidenciaovalle.cl\/colegio\/comunicado-oficial-n4-realizacion-de-clases-mediante-plataforma-virtual-google-classroom\/\"]}]},{\"@type\":\"Person\",\"@id\":\"http:\/\/laprovidenciaovalle.cl\/colegio\/#\/schema\/person\/1035f45cd35e1948fb928fcdc74228fe\",\"name\":\"Comunicaciones Colegio\",\"image\":{\"@type\":\"ImageObject\",\"@id\":\"http:\/\/laprovidenciaovalle.cl\/colegio\/#personlogo\",\"inLanguage\":\"es\",\"url\":\"http:\/\/2.gravatar.com\/avatar\/5d0b6f6fbda2852def0dc3e63e38d319?s=96&d=mm&r=g\",\"caption\":\"Comunicaciones Colegio\"}}]}<\/script>\n<!-- \/ Yoast SEO plugin. -->","_links":{"self":[{"href":"http:\/\/laprovidenciaovalle.cl\/colegio\/wp-json\/wp\/v2\/posts\/3238"}],"collection":[{"href":"http:\/\/laprovidenciaovalle.cl\/colegio\/wp-json\/wp\/v2\/posts"}],"about":[{"href":"http:\/\/laprovidenciaovalle.cl\/colegio\/wp-json\/wp\/v2\/types\/post"}],"author":[{"embeddable":true,"href":"http:\/\/laprovidenciaovalle.cl\/colegio\/wp-json\/wp\/v2\/users\/5"}],"replies":[{"embeddable":true,"href":"http:\/\/laprovidenciaovalle.cl\/colegio\/wp-json\/wp\/v2\/comments?post=3238"}],"version-history":[{"count":1,"href":"http:\/\/laprovidenciaovalle.cl\/colegio\/wp-json\/wp\/v2\/posts\/3238\/revisions"}],"predecessor-version":[{"id":3239,"href":"http:\/\/laprovidenciaovalle.cl\/colegio\/wp-json\/wp\/v2\/posts\/3238\/revisions\/3239"}],"wp:featuredmedia":[{"embeddable":true,"href":"http:\/\/laprovidenciaovalle.cl\/colegio\/wp-json\/wp\/v2\/media\/3237"}],"wp:attachment":[{"href":"http:\/\/laprovidenciaovalle.cl\/colegio\/wp-json\/wp\/v2\/media?parent=3238"}],"wp:term":[{"taxonomy":"category","embeddable":true,"href":"http:\/\/laprovidenciaovalle.cl\/colegio\/wp-json\/wp\/v2\/categories?post=3238"},{"taxonomy":"post_tag","embeddable":true,"href":"http:\/\/laprovidenciaovalle.cl\/colegio\/wp-json\/wp\/v2\/tags?post=3238"}],"curies":[{"name":"wp","href":"https:\/\/api.w.org\/{rel}","templated":true}]}}