{"id":3357,"date":"2020-04-04T22:38:05","date_gmt":"2020-04-05T01:38:05","guid":{"rendered":"http:\/\/laprovidenciaovalle.cl\/colegio\/?p=3357"},"modified":"2020-04-04T22:51:14","modified_gmt":"2020-04-05T01:51:14","slug":"semana-santa-y-domingo-de-ramos-en-nuestros-hogares","status":"publish","type":"post","link":"http:\/\/laprovidenciaovalle.cl\/colegio\/semana-santa-y-domingo-de-ramos-en-nuestros-hogares\/","title":{"rendered":"Semana Santa y Domingo de Ramos en nuestros hogares"},"content":{"rendered":"<p><em>Invitamos a nuestra querida comunidad Providencia: Directivos, docente, profesores, asistentes de la educaci\u00f3n, y especialmente a nuestros apoderados, estudiantes y familias: a VIVIR este final de la Cuaresma, prepar\u00e1ndonos para VIVIR con Cristo y en Cristo este DOMINGO DE RAMOS y esta SEMANA SANTA EN NUESTROS HOGARES.<\/em><\/p>\n<p><em>\u00bfC\u00f3mo podemos vivir este Domingo de Ramos, que es ya este domingo?\u00a0 Primero: unidos en familia, podemos leer la Palabra de Dios, el Evangelio que narra la entrada gloriosa de Jes\u00fas a Jerusal\u00e9n, aclamado por el pueblo, con ramas de olivos y palmas en sus manos.<\/em><strong> (Mateo, 21,1-11). <\/strong><em>\u00a0<\/em><\/p>\n<p><em>Segundo: Preparar nosotros mismos en familia el o los ramitos de olivo y\/o palma si no tiene a mano olivo o palma, como no debemos salir a otra casa, entonces con ramitos de nuestro jard\u00edn o patio, los hacemos con amor y creatividad. Pensando que son para alabar al Se\u00f1or.<\/em><\/p>\n<p><img loading=\"lazy\" class=\"alignnone size-medium wp-image-3359\" src=\"http:\/\/laprovidenciaovalle.cl\/colegio\/wp-content\/uploads\/2020\/04\/ramos-300x300.png\" alt=\"\" width=\"300\" height=\"300\" \/><\/p>\n<p><em>Los ramos de olivos y\/o palmas, del Domingo de Ramos son tradicionales en nuestras casas, este a\u00f1o no los bendeciremos en la Iglesia, pero si los podemos hacer y bendecir en el Nombre de Jes\u00fas nosotros mismos en nuestras casas, con fe decir <\/em><\/p>\n<p><em>ESTA ORACI\u00d3N: \u00a0\u201c<strong>Se\u00f1or Jes\u00fas, con toda fe y amor hemos hecho este ramito de olivo para alabarte y celebrarte como nuestro Rey de Reyes, bendice este ramo y con \u00e9l a nuestra familia, a nuestros seres queridos, bendice especialmente a quienes est\u00e1n enfermos con corona virus, sobre todo a los m\u00e1s graves e indefensos. Bendice al mundo en esta prueba de dolor y temor Se\u00f1or, T\u00fa eres nuestra esperanza y nuestro refugio. <\/strong><\/em>Am\u00e9n<\/p>\n<p><strong><em>Luego lo ponemos en la puerta de\u00a0 nuestro hogar, la Iglesia est\u00e1 entregando im\u00e1genes de sugerencias como estas. Al ponerlos, decimos: \u201cProtege Se\u00f1or nuestro hogar, el de nuestros vecinos, seres queridos y de todo el mundo Am\u00e9n\u201d.<\/em><\/strong><\/p>\n<p>&nbsp;<\/p>\n<p><strong>Domingo de Ramos<\/strong><\/p>\n<p>Este d\u00eda marca el comienzo de la semana Santa festividad que var\u00eda en fechas ya que depende del Equinoccio de Primavera y la primera noche de Luna Nueva. Por eso todos los a\u00f1os var\u00edan las fechas, aunque siempre se celebran en el entorno de los meses de Marzo-Abril. En 2015, el 29 de Marzo.<\/p>\n<p><strong>Origen <\/strong>Mediante un pasaje b\u00edblico, podemos conocer el origen de la celebraci\u00f3n que hoy conocemos como Domingo de Ramos; <strong>(Mateo, 21,1-11). <\/strong>El Domingo de Ramos da comienzo a la Semana Santa, este d\u00eda conmemora la entrada de Jes\u00fas en Jerusal\u00e9n.<\/p>\n<p>Para la tradici\u00f3n cristiana es un d\u00eda en el que se conmemora un triunfo, la entrada de Cristo en Jerusal\u00e9n y el reconocimiento de un rey. Es el inicio de la PASCUA DEL SE\u00d1OR, previo a su pasi\u00f3n crucifixi\u00f3n y muerte, y luego gloriosa resurrecci\u00f3n: LA SEMANA SANTA<\/p>\n<p>Es conocido como Domingo de Ramos, debido a las ramas de palma que fueron puestas en el camino cuando Jes\u00fas entr\u00f3 en Jerusal\u00e9n, montado sobre un asno.<\/p>\n<p>No olvidemos leer la\u00a0 Lectura del EVANGELIO <strong>(Mateo, 21,1-11). Ojal\u00e1 en familia, hacer luego la oraci\u00f3n sobre el ramito y colocarlos despu\u00e9s en la puerta de su casa. <\/strong><\/p>\n<p><strong>COMIENZA SEMANA SANTA: ACOMPA\u00d1EMOS Y VIVAMOS CON JESUS ESTOS D\u00cdAS.<\/strong><\/p>\n<p>&nbsp;<\/p>\n","protected":false},"excerpt":{"rendered":"<p>Invitamos a nuestra querida comunidad Providencia: Directivos, docente, profesores, asistentes de la educaci\u00f3n, y especialmente a nuestros apoderados, estudiantes y familias: a VIVIR este final de la Cuaresma, prepar\u00e1ndonos para VIVIR con Cristo y en Cristo este DOMINGO DE RAMOS y esta SEMANA SANTA EN NUESTROS HOGARES. \u00bfC\u00f3mo podemos vivir este Domingo de Ramos, que es ya este domingo?\u00a0 Primero:&nbsp;<a href=\"http:\/\/laprovidenciaovalle.cl\/colegio\/semana-santa-y-domingo-de-ramos-en-nuestros-hogares\/\">[&hellip;]<\/a><\/p>\n","protected":false},"author":5,"featured_media":0,"comment_status":"closed","ping_status":"closed","sticky":false,"template":"","format":"standard","meta":[],"categories":[16],"tags":[],"yoast_head":"<!-- This site is optimized with the Yoast SEO plugin v15.2 - https:\/\/yoast.com\/wordpress\/plugins\/seo\/ -->\n<title>Semana Santa y Domingo de Ramos en nuestros hogares - Colegio La Providencia<\/title>\n<meta name=\"robots\" content=\"index, follow, max-snippet:-1, max-image-preview:large, max-video-preview:-1\" \/>\n<link rel=\"canonical\" href=\"http:\/\/laprovidenciaovalle.cl\/colegio\/semana-santa-y-domingo-de-ramos-en-nuestros-hogares\/\" \/>\n<meta property=\"og:locale\" content=\"es_ES\" \/>\n<meta property=\"og:type\" content=\"article\" \/>\n<meta property=\"og:title\" content=\"Semana Santa y Domingo de Ramos en nuestros hogares - Colegio La Providencia\" \/>\n<meta property=\"og:description\" content=\"Invitamos a nuestra querida comunidad Providencia: Directivos, docente, profesores, asistentes de la educaci\u00f3n, y especialmente a nuestros apoderados, estudiantes y familias: a VIVIR este final de la Cuaresma, prepar\u00e1ndonos para VIVIR con Cristo y en Cristo este DOMINGO DE RAMOS y esta SEMANA SANTA EN NUESTROS HOGARES. \u00bfC\u00f3mo podemos vivir este Domingo de Ramos, que es ya este domingo?\u00a0 Primero:&nbsp;[&hellip;]\" \/>\n<meta property=\"og:url\" content=\"http:\/\/laprovidenciaovalle.cl\/colegio\/semana-santa-y-domingo-de-ramos-en-nuestros-hogares\/\" \/>\n<meta property=\"og:site_name\" content=\"Colegio La Providencia\" \/>\n<meta property=\"article:published_time\" content=\"2020-04-05T01:38:05+00:00\" \/>\n<meta property=\"article:modified_time\" content=\"2020-04-05T01:51:14+00:00\" \/>\n<meta name=\"twitter:card\" content=\"summary_large_image\" \/>\n<meta name=\"twitter:label1\" value=\"Escrito por\">\n\t<meta name=\"twitter:data1\" value=\"Comunicaciones Colegio\">\n\t<meta name=\"twitter:label2\" value=\"Tiempo de lectura\">\n\t<meta name=\"twitter:data2\" value=\"2 minutos\">\n<script type=\"application\/ld+json\" class=\"yoast-schema-graph\">{\"@context\":\"https:\/\/schema.org\",\"@graph\":[{\"@type\":\"WebSite\",\"@id\":\"http:\/\/laprovidenciaovalle.cl\/colegio\/#website\",\"url\":\"http:\/\/laprovidenciaovalle.cl\/colegio\/\",\"name\":\"Colegio La Providencia\",\"description\":\"Ovalle\",\"potentialAction\":[{\"@type\":\"SearchAction\",\"target\":\"http:\/\/laprovidenciaovalle.cl\/colegio\/?s={search_term_string}\",\"query-input\":\"required name=search_term_string\"}],\"inLanguage\":\"es\"},{\"@type\":\"ImageObject\",\"@id\":\"http:\/\/laprovidenciaovalle.cl\/colegio\/semana-santa-y-domingo-de-ramos-en-nuestros-hogares\/#primaryimage\",\"inLanguage\":\"es\",\"url\":\"http:\/\/laprovidenciaovalle.cl\/colegio\/wp-content\/uploads\/2020\/04\/ramos-300x300.png\"},{\"@type\":\"WebPage\",\"@id\":\"http:\/\/laprovidenciaovalle.cl\/colegio\/semana-santa-y-domingo-de-ramos-en-nuestros-hogares\/#webpage\",\"url\":\"http:\/\/laprovidenciaovalle.cl\/colegio\/semana-santa-y-domingo-de-ramos-en-nuestros-hogares\/\",\"name\":\"Semana Santa y Domingo de Ramos en nuestros hogares - Colegio La Providencia\",\"isPartOf\":{\"@id\":\"http:\/\/laprovidenciaovalle.cl\/colegio\/#website\"},\"primaryImageOfPage\":{\"@id\":\"http:\/\/laprovidenciaovalle.cl\/colegio\/semana-santa-y-domingo-de-ramos-en-nuestros-hogares\/#primaryimage\"},\"datePublished\":\"2020-04-05T01:38:05+00:00\",\"dateModified\":\"2020-04-05T01:51:14+00:00\",\"author\":{\"@id\":\"http:\/\/laprovidenciaovalle.cl\/colegio\/#\/schema\/person\/1035f45cd35e1948fb928fcdc74228fe\"},\"inLanguage\":\"es\",\"potentialAction\":[{\"@type\":\"ReadAction\",\"target\":[\"http:\/\/laprovidenciaovalle.cl\/colegio\/semana-santa-y-domingo-de-ramos-en-nuestros-hogares\/\"]}]},{\"@type\":\"Person\",\"@id\":\"http:\/\/laprovidenciaovalle.cl\/colegio\/#\/schema\/person\/1035f45cd35e1948fb928fcdc74228fe\",\"name\":\"Comunicaciones Colegio\",\"image\":{\"@type\":\"ImageObject\",\"@id\":\"http:\/\/laprovidenciaovalle.cl\/colegio\/#personlogo\",\"inLanguage\":\"es\",\"url\":\"http:\/\/2.gravatar.com\/avatar\/5d0b6f6fbda2852def0dc3e63e38d319?s=96&d=mm&r=g\",\"caption\":\"Comunicaciones Colegio\"}}]}<\/script>\n<!-- \/ Yoast SEO plugin. -->","_links":{"self":[{"href":"http:\/\/laprovidenciaovalle.cl\/colegio\/wp-json\/wp\/v2\/posts\/3357"}],"collection":[{"href":"http:\/\/laprovidenciaovalle.cl\/colegio\/wp-json\/wp\/v2\/posts"}],"about":[{"href":"http:\/\/laprovidenciaovalle.cl\/colegio\/wp-json\/wp\/v2\/types\/post"}],"author":[{"embeddable":true,"href":"http:\/\/laprovidenciaovalle.cl\/colegio\/wp-json\/wp\/v2\/users\/5"}],"replies":[{"embeddable":true,"href":"http:\/\/laprovidenciaovalle.cl\/colegio\/wp-json\/wp\/v2\/comments?post=3357"}],"version-history":[{"count":3,"href":"http:\/\/laprovidenciaovalle.cl\/colegio\/wp-json\/wp\/v2\/posts\/3357\/revisions"}],"predecessor-version":[{"id":3362,"href":"http:\/\/laprovidenciaovalle.cl\/colegio\/wp-json\/wp\/v2\/posts\/3357\/revisions\/3362"}],"wp:attachment":[{"href":"http:\/\/laprovidenciaovalle.cl\/colegio\/wp-json\/wp\/v2\/media?parent=3357"}],"wp:term":[{"taxonomy":"category","embeddable":true,"href":"http:\/\/laprovidenciaovalle.cl\/colegio\/wp-json\/wp\/v2\/categories?post=3357"},{"taxonomy":"post_tag","embeddable":true,"href":"http:\/\/laprovidenciaovalle.cl\/colegio\/wp-json\/wp\/v2\/tags?post=3357"}],"curies":[{"name":"wp","href":"https:\/\/api.w.org\/{rel}","templated":true}]}}