{"id":3364,"date":"2020-04-07T11:03:39","date_gmt":"2020-04-07T15:03:39","guid":{"rendered":"http:\/\/laprovidenciaovalle.cl\/colegio\/?p=3364"},"modified":"2020-04-07T11:03:39","modified_gmt":"2020-04-07T15:03:39","slug":"vivamos-en-familia-nuestra-semana-santa","status":"publish","type":"post","link":"http:\/\/laprovidenciaovalle.cl\/colegio\/vivamos-en-familia-nuestra-semana-santa\/","title":{"rendered":"&#8220;Vivamos en familia nuestra Semana Santa&#8221;"},"content":{"rendered":"<p>Querida Comunidad Providente:<br \/>\nTe invitamos a iniciar esta Semana Santa, compartiendo nuestra fe. Poniendo Nuestro ser Providencial al pie de la cruz de nuestro se\u00f1or, con la esperanza de la Resurrecci\u00f3n.<br \/>\nEncontr\u00e9monos todos: Directivos Docentes, Profesores, Asistentes de la educaci\u00f3n, Estuadiantes, Padrea y Apoderados, Familiares, Amigos invitados.<br \/>\nACOMPA\u00d1EMOS, A JESUS Y A NUESTRA MADRE DE DOLORES EN ESTE TIEMPO DE PASCUA.<br \/>\nEste mi\u00e9rcoles 8 de Abril a las 16 horas.<br \/>\nCelebran: PADRE JORGE ARANCIBIA Y PADRE JUAN CARLOS GODOY<br \/>\nEsta ser\u00e1 una Eucarist\u00eda Virtual mediante la plataforma ZOOM. Conect\u00e9monos en forma voluntaria, de coraz\u00f3n y hagamos un solo \u2764 en oraci\u00f3n.<br \/>\nLINK para descargar \u201cZOOM\u201d:<\/p>\n<p>https:\/\/us04web.zoom.us\/j\/191313619?pwd=c1VoTVdjaVpKdTNoY2VEV3FyUlNidz09<\/p>\n<p>ID DE REUNI\u00d3N: 191 313 619<br \/>\nCONTRASE\u00d1A: 006474<\/p>\n","protected":false},"excerpt":{"rendered":"<p>Querida Comunidad Providente: Te invitamos a iniciar esta Semana Santa, compartiendo nuestra fe. Poniendo Nuestro ser Providencial al pie de la cruz de nuestro se\u00f1or, con la esperanza de la Resurrecci\u00f3n. Encontr\u00e9monos todos: Directivos Docentes, Profesores, Asistentes de la educaci\u00f3n, Estuadiantes, Padrea y Apoderados, Familiares, Amigos invitados. ACOMPA\u00d1EMOS, A JESUS Y A NUESTRA MADRE DE DOLORES EN ESTE TIEMPO DE&nbsp;<a href=\"http:\/\/laprovidenciaovalle.cl\/colegio\/vivamos-en-familia-nuestra-semana-santa\/\">[&hellip;]<\/a><\/p>\n","protected":false},"author":5,"featured_media":3365,"comment_status":"closed","ping_status":"closed","sticky":false,"template":"","format":"standard","meta":[],"categories":[16],"tags":[],"yoast_head":"<!-- This site is optimized with the Yoast SEO plugin v15.2 - https:\/\/yoast.com\/wordpress\/plugins\/seo\/ -->\n<title>&quot;Vivamos en familia nuestra Semana Santa&quot; - Colegio La Providencia<\/title>\n<meta name=\"robots\" content=\"index, follow, max-snippet:-1, max-image-preview:large, max-video-preview:-1\" \/>\n<link rel=\"canonical\" href=\"http:\/\/laprovidenciaovalle.cl\/colegio\/vivamos-en-familia-nuestra-semana-santa\/\" \/>\n<meta property=\"og:locale\" content=\"es_ES\" \/>\n<meta property=\"og:type\" content=\"article\" \/>\n<meta property=\"og:title\" content=\"&quot;Vivamos en familia nuestra Semana Santa&quot; - Colegio La Providencia\" \/>\n<meta property=\"og:description\" content=\"Querida Comunidad Providente: Te invitamos a iniciar esta Semana Santa, compartiendo nuestra fe. Poniendo Nuestro ser Providencial al pie de la cruz de nuestro se\u00f1or, con la esperanza de la Resurrecci\u00f3n. Encontr\u00e9monos todos: Directivos Docentes, Profesores, Asistentes de la educaci\u00f3n, Estuadiantes, Padrea y Apoderados, Familiares, Amigos invitados. ACOMPA\u00d1EMOS, A JESUS Y A NUESTRA MADRE DE DOLORES EN ESTE TIEMPO DE&nbsp;[&hellip;]\" \/>\n<meta property=\"og:url\" content=\"http:\/\/laprovidenciaovalle.cl\/colegio\/vivamos-en-familia-nuestra-semana-santa\/\" \/>\n<meta property=\"og:site_name\" content=\"Colegio La Providencia\" \/>\n<meta property=\"article:published_time\" content=\"2020-04-07T15:03:39+00:00\" \/>\n<meta property=\"og:image\" content=\"http:\/\/laprovidenciaovalle.cl\/colegio\/wp-content\/uploads\/2020\/04\/IMG-20200407-WA0006.jpg\" \/>\n\t<meta property=\"og:image:width\" content=\"1000\" \/>\n\t<meta property=\"og:image:height\" content=\"566\" \/>\n<meta name=\"twitter:card\" content=\"summary_large_image\" \/>\n<meta name=\"twitter:label1\" value=\"Escrito por\">\n\t<meta name=\"twitter:data1\" value=\"Comunicaciones Colegio\">\n\t<meta name=\"twitter:label2\" value=\"Tiempo de lectura\">\n\t<meta name=\"twitter:data2\" value=\"1 minuto\">\n<script type=\"application\/ld+json\" class=\"yoast-schema-graph\">{\"@context\":\"https:\/\/schema.org\",\"@graph\":[{\"@type\":\"WebSite\",\"@id\":\"http:\/\/laprovidenciaovalle.cl\/colegio\/#website\",\"url\":\"http:\/\/laprovidenciaovalle.cl\/colegio\/\",\"name\":\"Colegio La Providencia\",\"description\":\"Ovalle\",\"potentialAction\":[{\"@type\":\"SearchAction\",\"target\":\"http:\/\/laprovidenciaovalle.cl\/colegio\/?s={search_term_string}\",\"query-input\":\"required name=search_term_string\"}],\"inLanguage\":\"es\"},{\"@type\":\"ImageObject\",\"@id\":\"http:\/\/laprovidenciaovalle.cl\/colegio\/vivamos-en-familia-nuestra-semana-santa\/#primaryimage\",\"inLanguage\":\"es\",\"url\":\"http:\/\/laprovidenciaovalle.cl\/colegio\/wp-content\/uploads\/2020\/04\/IMG-20200407-WA0006.jpg\",\"width\":1000,\"height\":566},{\"@type\":\"WebPage\",\"@id\":\"http:\/\/laprovidenciaovalle.cl\/colegio\/vivamos-en-familia-nuestra-semana-santa\/#webpage\",\"url\":\"http:\/\/laprovidenciaovalle.cl\/colegio\/vivamos-en-familia-nuestra-semana-santa\/\",\"name\":\"\\\"Vivamos en familia nuestra Semana Santa\\\" - Colegio La Providencia\",\"isPartOf\":{\"@id\":\"http:\/\/laprovidenciaovalle.cl\/colegio\/#website\"},\"primaryImageOfPage\":{\"@id\":\"http:\/\/laprovidenciaovalle.cl\/colegio\/vivamos-en-familia-nuestra-semana-santa\/#primaryimage\"},\"datePublished\":\"2020-04-07T15:03:39+00:00\",\"dateModified\":\"2020-04-07T15:03:39+00:00\",\"author\":{\"@id\":\"http:\/\/laprovidenciaovalle.cl\/colegio\/#\/schema\/person\/1035f45cd35e1948fb928fcdc74228fe\"},\"inLanguage\":\"es\",\"potentialAction\":[{\"@type\":\"ReadAction\",\"target\":[\"http:\/\/laprovidenciaovalle.cl\/colegio\/vivamos-en-familia-nuestra-semana-santa\/\"]}]},{\"@type\":\"Person\",\"@id\":\"http:\/\/laprovidenciaovalle.cl\/colegio\/#\/schema\/person\/1035f45cd35e1948fb928fcdc74228fe\",\"name\":\"Comunicaciones Colegio\",\"image\":{\"@type\":\"ImageObject\",\"@id\":\"http:\/\/laprovidenciaovalle.cl\/colegio\/#personlogo\",\"inLanguage\":\"es\",\"url\":\"http:\/\/2.gravatar.com\/avatar\/5d0b6f6fbda2852def0dc3e63e38d319?s=96&d=mm&r=g\",\"caption\":\"Comunicaciones Colegio\"}}]}<\/script>\n<!-- \/ Yoast SEO plugin. -->","_links":{"self":[{"href":"http:\/\/laprovidenciaovalle.cl\/colegio\/wp-json\/wp\/v2\/posts\/3364"}],"collection":[{"href":"http:\/\/laprovidenciaovalle.cl\/colegio\/wp-json\/wp\/v2\/posts"}],"about":[{"href":"http:\/\/laprovidenciaovalle.cl\/colegio\/wp-json\/wp\/v2\/types\/post"}],"author":[{"embeddable":true,"href":"http:\/\/laprovidenciaovalle.cl\/colegio\/wp-json\/wp\/v2\/users\/5"}],"replies":[{"embeddable":true,"href":"http:\/\/laprovidenciaovalle.cl\/colegio\/wp-json\/wp\/v2\/comments?post=3364"}],"version-history":[{"count":1,"href":"http:\/\/laprovidenciaovalle.cl\/colegio\/wp-json\/wp\/v2\/posts\/3364\/revisions"}],"predecessor-version":[{"id":3366,"href":"http:\/\/laprovidenciaovalle.cl\/colegio\/wp-json\/wp\/v2\/posts\/3364\/revisions\/3366"}],"wp:featuredmedia":[{"embeddable":true,"href":"http:\/\/laprovidenciaovalle.cl\/colegio\/wp-json\/wp\/v2\/media\/3365"}],"wp:attachment":[{"href":"http:\/\/laprovidenciaovalle.cl\/colegio\/wp-json\/wp\/v2\/media?parent=3364"}],"wp:term":[{"taxonomy":"category","embeddable":true,"href":"http:\/\/laprovidenciaovalle.cl\/colegio\/wp-json\/wp\/v2\/categories?post=3364"},{"taxonomy":"post_tag","embeddable":true,"href":"http:\/\/laprovidenciaovalle.cl\/colegio\/wp-json\/wp\/v2\/tags?post=3364"}],"curies":[{"name":"wp","href":"https:\/\/api.w.org\/{rel}","templated":true}]}}