{"id":3367,"date":"2020-04-07T22:34:40","date_gmt":"2020-04-08T02:34:40","guid":{"rendered":"http:\/\/laprovidenciaovalle.cl\/colegio\/?p=3367"},"modified":"2020-04-07T22:39:42","modified_gmt":"2020-04-08T02:39:42","slug":"comunicado-n5-para-padres-y-o-apoderados","status":"publish","type":"post","link":"http:\/\/laprovidenciaovalle.cl\/colegio\/comunicado-n5-para-padres-y-o-apoderados\/","title":{"rendered":"Comunicado N\u00b05 Para Padres y\/o Apoderados"},"content":{"rendered":"<p>&nbsp;<\/p>\n<p><strong>\u00a0 \u00a0 \u00a0 \u00a0 \u00a0 \u00a0 \u00a0 \u00a0 \u00a0 \u00a0 \u00a0 \u00a0\u00a0<\/strong><\/p>\n<p><img loading=\"lazy\" class=\"wp-image-2549 alignleft\" src=\"http:\/\/laprovidenciaovalle.cl\/colegio\/wp-content\/uploads\/2019\/12\/Insignias-Colegio-Providencia-Ovalle-186x300.jpg\" alt=\"\" width=\"82\" height=\"132\" srcset=\"http:\/\/laprovidenciaovalle.cl\/colegio\/wp-content\/uploads\/2019\/12\/Insignias-Colegio-Providencia-Ovalle-186x300.jpg 186w, http:\/\/laprovidenciaovalle.cl\/colegio\/wp-content\/uploads\/2019\/12\/Insignias-Colegio-Providencia-Ovalle-635x1024.jpg 635w, http:\/\/laprovidenciaovalle.cl\/colegio\/wp-content\/uploads\/2019\/12\/Insignias-Colegio-Providencia-Ovalle-768x1238.jpg 768w, http:\/\/laprovidenciaovalle.cl\/colegio\/wp-content\/uploads\/2019\/12\/Insignias-Colegio-Providencia-Ovalle-953x1536.jpg 953w, http:\/\/laprovidenciaovalle.cl\/colegio\/wp-content\/uploads\/2019\/12\/Insignias-Colegio-Providencia-Ovalle-93x150.jpg 93w, http:\/\/laprovidenciaovalle.cl\/colegio\/wp-content\/uploads\/2019\/12\/Insignias-Colegio-Providencia-Ovalle.jpg 1032w\" sizes=\"(max-width: 82px) 100vw, 82px\" \/><\/p>\n<p><strong>\u00a0 \u00a0 \u00a0 \u00a0 \u00a0 \u00a0 \u00a0 \u00a0 \u00a0 \u00a0 \u00a0 \u00a0 \u00a0 \u00a0 \u00a0 \u00a0 \u00a0 \u00a0 \u00a0 \u00a0 \u00a0 \u00a0 \u00a0 \u00a0 \u00a0 \u00a0 \u00a0 \u00a0 \u00a0 \u00a0 \u00a0 \u00a0 \u00a0 \u00a0 \u00a0 \u00a0 \u00a0 \u00a0 COMUNICADO N\u00b0 5<\/strong><\/p>\n<p><strong>\u00a0 \u00a0 \u00a0 \u00a0 \u00a0 \u00a0 \u00a0 \u00a0 \u00a0 \u00a0 \u00a0 \u00a0 \u00a0 \u00a0 \u00a0 \u00a0 \u00a0 \u00a0 \u00a0 \u00a0 \u00a0 \u00a0 \u00a0 \u00a0 \u00a0 \u00a0 \u00a0 \u00a0 \u00a0 \u00a0 \u00a0 A LOS PADRES Y APODERADOS<\/strong><\/p>\n<h6 style=\"text-align: right;\"><em><strong>\u00a0<\/strong>Y ellos Le insistieron, diciendo:<\/em><\/h6>\n<h6 style=\"text-align: right;\"><em>&#8220;Qu\u00e9date con nosotros,<\/em><\/h6>\n<h6 style=\"text-align: right;\"><em>porque est\u00e1 atardeciendo, y el d\u00eda ya ha declinado.&#8221;<\/em><\/h6>\n<h6 style=\"text-align: right;\"><em>\u00a0Y entr\u00f3 a quedarse con ellos. (Lucas 24,29)<\/em><\/h6>\n<p>Queridos Padres y Apoderados, reciban un saludo fraterno en la alegr\u00eda y en la esperanza del Se\u00f1or Jes\u00fas quien, ha vencido la muerte, y es el primog\u00e9nito de todos los que resucitaremos en \u00e9l. Les escribimos esperando que se encuentren bien junto a sus familias y seres queridos, en estos complejos momentos que nos ha tocado vivir.<\/p>\n<p style=\"text-align: left;\">El presente comunicado tiene como prop\u00f3sito, en primer lugar, agradecerles a Uds. por el acompa\u00f1amiento, esfuerzo y apoyo entregado a sus hijas y\/o pupilas a su trabajo acad\u00e9mico en estas semanas que han permanecido en sus hogares. Como colegio hemos hecho el esfuerzo de proponer alternativas para que nuestras estudiantes no pierdan la continuidad de los aprendizajes, recurriendo a diversos medios tecnol\u00f3gicos a nuestro alcance y, creemos que al alcance de nuestras estudiantes. No ha sido un camino f\u00e1cil y sin lugar a dudas, no ha estado exento de dificultades para sus familias. Tenemos presente que nuestra realidad educativa es diversa, compleja y con ciertas particularidades de car\u00e1cter geogr\u00e1fico y socioecon\u00f3mico que nos mantiene preocupados. Esto nos insta constantemente a innovar \u00a0de manera apropiada nuestro servicio pedag\u00f3gico. Sinceramente queremos pedirle disculpas si esta nueva modalidad de trabajo, a la que nos ha llevado la contingencia, ha generado algunas alteraciones en su cotidianeidad, generando ansiedad o agobio y en algunos casos hasta stress. \u00a0Le rogamos hacernos saber por los canales respectivos; Profesores Jefes, Orientaci\u00f3n, Pastoral, Coordinaci\u00f3n Pedag\u00f3gica, las dificultades que les aquejan. Hemos tomado conocimiento de sobrecarga de gu\u00edas en varios cursos y estamos generando las estrategias para caminar hac\u00eda un equilibrio en los siguientes d\u00edas.<\/p>\n<p>En segundo lugar, queremos informar a Ud. Que, tal como lo ha se\u00f1alado el MINEDUC, a partir del d\u00eda lunes 13 y hasta el 24 de abril se adelantar\u00e1n las vacaciones de invierno, lo que significa que entrar\u00e1n en receso todas las actividades acad\u00e9micas virtuales en ese per\u00edodo para reanudarlas a contar del d\u00eda 27 de abril. Si llegase a existir alg\u00fan cambio en la decisi\u00f3n de adelanto de vacaciones se lo comunicaremos a la brevedad.<\/p>\n<p>Durante el per\u00edodo asignado a vacaciones por MINEDUC trabajaremos en la accesibilidad de nuestras estudiantes que, por diferentes motivos, no han tenido la oportunidad de participar en la plataforma habilitada. Nuestra intenci\u00f3n es alcanzar a todas las estudiantes en su derecho a tener continuidad en sus aprendizajes, y no descansaremos hasta que eso suceda, ya sea por entrega de textos de estudio, pendrive, disco duro u otro medio tecnol\u00f3gico. Tambi\u00e9n haremos un an\u00e1lisis de las fortalezas y debilidades del plan de contingencia que hemos habilitado en conjunto con nuestros profesores jefes y de asignatura para una adecuada toma de decisiones.<\/p>\n<p>Familias les solicitamos que nos apoyen para que sus hijas puedan participar de sus clases programadas de lunes a viernes cada de 9:00 a 13:00 hrs., en donde nuestros docentes est\u00e1n disponibles y conectados para entregar aprendizajes y a la vez responder inquietudes.<\/p>\n<p>Esperando una buena acogida y comprensi\u00f3n, en esta gran tarea que hemos comenzado queriendo asegurar la continuidad de estudios de sus hijas en esta crisis sanitaria, especialmente considerando que se proyecta que quiz\u00e1s nos volvamos a encontrar en un par de meses.<\/p>\n<p>Nos despedimos en Dios providente e implorando su misericordia sobre cada uno de sus hijos.<\/p>\n<p><strong>DIRECCI\u00d3N<\/strong><\/p>\n<p><strong>COLEGIO LA PROVIDENCIA<\/strong><\/p>\n<p>OVALLE, 07 de abril de 2020.-<\/p>\n","protected":false},"excerpt":{"rendered":"<p>&nbsp; \u00a0 \u00a0 \u00a0 \u00a0 \u00a0 \u00a0 \u00a0 \u00a0 \u00a0 \u00a0 \u00a0 \u00a0\u00a0 \u00a0 \u00a0 \u00a0 \u00a0 \u00a0 \u00a0 \u00a0 \u00a0 \u00a0 \u00a0 \u00a0 \u00a0 \u00a0 \u00a0 \u00a0 \u00a0 \u00a0 \u00a0 \u00a0 \u00a0 \u00a0 \u00a0 \u00a0 \u00a0 \u00a0 \u00a0 \u00a0 \u00a0 \u00a0 \u00a0 \u00a0 \u00a0 \u00a0 \u00a0 \u00a0 \u00a0 \u00a0 \u00a0 COMUNICADO N\u00b0 5 \u00a0 \u00a0 \u00a0 \u00a0 \u00a0 \u00a0&nbsp;<a href=\"http:\/\/laprovidenciaovalle.cl\/colegio\/comunicado-n5-para-padres-y-o-apoderados\/\">[&hellip;]<\/a><\/p>\n","protected":false},"author":5,"featured_media":2759,"comment_status":"closed","ping_status":"closed","sticky":false,"template":"","format":"standard","meta":[],"categories":[16],"tags":[],"yoast_head":"<!-- This site is optimized with the Yoast SEO plugin v15.2 - https:\/\/yoast.com\/wordpress\/plugins\/seo\/ -->\n<title>Comunicado N\u00b05 Para Padres y\/o Apoderados - Colegio La Providencia<\/title>\n<meta name=\"robots\" content=\"index, follow, max-snippet:-1, max-image-preview:large, max-video-preview:-1\" \/>\n<link rel=\"canonical\" href=\"http:\/\/laprovidenciaovalle.cl\/colegio\/comunicado-n5-para-padres-y-o-apoderados\/\" \/>\n<meta property=\"og:locale\" content=\"es_ES\" \/>\n<meta property=\"og:type\" content=\"article\" \/>\n<meta property=\"og:title\" content=\"Comunicado N\u00b05 Para Padres y\/o Apoderados - Colegio La Providencia\" \/>\n<meta property=\"og:description\" content=\"&nbsp; \u00a0 \u00a0 \u00a0 \u00a0 \u00a0 \u00a0 \u00a0 \u00a0 \u00a0 \u00a0 \u00a0 \u00a0\u00a0 \u00a0 \u00a0 \u00a0 \u00a0 \u00a0 \u00a0 \u00a0 \u00a0 \u00a0 \u00a0 \u00a0 \u00a0 \u00a0 \u00a0 \u00a0 \u00a0 \u00a0 \u00a0 \u00a0 \u00a0 \u00a0 \u00a0 \u00a0 \u00a0 \u00a0 \u00a0 \u00a0 \u00a0 \u00a0 \u00a0 \u00a0 \u00a0 \u00a0 \u00a0 \u00a0 \u00a0 \u00a0 \u00a0 COMUNICADO N\u00b0 5 \u00a0 \u00a0 \u00a0 \u00a0 \u00a0 \u00a0&nbsp;[&hellip;]\" \/>\n<meta property=\"og:url\" content=\"http:\/\/laprovidenciaovalle.cl\/colegio\/comunicado-n5-para-padres-y-o-apoderados\/\" \/>\n<meta property=\"og:site_name\" content=\"Colegio La Providencia\" \/>\n<meta property=\"article:published_time\" content=\"2020-04-08T02:34:40+00:00\" \/>\n<meta property=\"article:modified_time\" content=\"2020-04-08T02:39:42+00:00\" \/>\n<meta property=\"og:image\" content=\"http:\/\/laprovidenciaovalle.cl\/colegio\/wp-content\/uploads\/2020\/03\/unnamed.jpg\" \/>\n\t<meta property=\"og:image:width\" content=\"512\" \/>\n\t<meta property=\"og:image:height\" content=\"229\" \/>\n<meta name=\"twitter:card\" content=\"summary_large_image\" \/>\n<meta name=\"twitter:label1\" value=\"Escrito por\">\n\t<meta name=\"twitter:data1\" value=\"Comunicaciones Colegio\">\n\t<meta name=\"twitter:label2\" value=\"Tiempo de lectura\">\n\t<meta name=\"twitter:data2\" value=\"2 minutos\">\n<script type=\"application\/ld+json\" class=\"yoast-schema-graph\">{\"@context\":\"https:\/\/schema.org\",\"@graph\":[{\"@type\":\"WebSite\",\"@id\":\"http:\/\/laprovidenciaovalle.cl\/colegio\/#website\",\"url\":\"http:\/\/laprovidenciaovalle.cl\/colegio\/\",\"name\":\"Colegio La Providencia\",\"description\":\"Ovalle\",\"potentialAction\":[{\"@type\":\"SearchAction\",\"target\":\"http:\/\/laprovidenciaovalle.cl\/colegio\/?s={search_term_string}\",\"query-input\":\"required name=search_term_string\"}],\"inLanguage\":\"es\"},{\"@type\":\"ImageObject\",\"@id\":\"http:\/\/laprovidenciaovalle.cl\/colegio\/comunicado-n5-para-padres-y-o-apoderados\/#primaryimage\",\"inLanguage\":\"es\",\"url\":\"http:\/\/laprovidenciaovalle.cl\/colegio\/wp-content\/uploads\/2020\/03\/unnamed.jpg\",\"width\":512,\"height\":229},{\"@type\":\"WebPage\",\"@id\":\"http:\/\/laprovidenciaovalle.cl\/colegio\/comunicado-n5-para-padres-y-o-apoderados\/#webpage\",\"url\":\"http:\/\/laprovidenciaovalle.cl\/colegio\/comunicado-n5-para-padres-y-o-apoderados\/\",\"name\":\"Comunicado N\\u00b05 Para Padres y\/o Apoderados - Colegio La Providencia\",\"isPartOf\":{\"@id\":\"http:\/\/laprovidenciaovalle.cl\/colegio\/#website\"},\"primaryImageOfPage\":{\"@id\":\"http:\/\/laprovidenciaovalle.cl\/colegio\/comunicado-n5-para-padres-y-o-apoderados\/#primaryimage\"},\"datePublished\":\"2020-04-08T02:34:40+00:00\",\"dateModified\":\"2020-04-08T02:39:42+00:00\",\"author\":{\"@id\":\"http:\/\/laprovidenciaovalle.cl\/colegio\/#\/schema\/person\/1035f45cd35e1948fb928fcdc74228fe\"},\"inLanguage\":\"es\",\"potentialAction\":[{\"@type\":\"ReadAction\",\"target\":[\"http:\/\/laprovidenciaovalle.cl\/colegio\/comunicado-n5-para-padres-y-o-apoderados\/\"]}]},{\"@type\":\"Person\",\"@id\":\"http:\/\/laprovidenciaovalle.cl\/colegio\/#\/schema\/person\/1035f45cd35e1948fb928fcdc74228fe\",\"name\":\"Comunicaciones Colegio\",\"image\":{\"@type\":\"ImageObject\",\"@id\":\"http:\/\/laprovidenciaovalle.cl\/colegio\/#personlogo\",\"inLanguage\":\"es\",\"url\":\"http:\/\/2.gravatar.com\/avatar\/5d0b6f6fbda2852def0dc3e63e38d319?s=96&d=mm&r=g\",\"caption\":\"Comunicaciones Colegio\"}}]}<\/script>\n<!-- \/ Yoast SEO plugin. -->","_links":{"self":[{"href":"http:\/\/laprovidenciaovalle.cl\/colegio\/wp-json\/wp\/v2\/posts\/3367"}],"collection":[{"href":"http:\/\/laprovidenciaovalle.cl\/colegio\/wp-json\/wp\/v2\/posts"}],"about":[{"href":"http:\/\/laprovidenciaovalle.cl\/colegio\/wp-json\/wp\/v2\/types\/post"}],"author":[{"embeddable":true,"href":"http:\/\/laprovidenciaovalle.cl\/colegio\/wp-json\/wp\/v2\/users\/5"}],"replies":[{"embeddable":true,"href":"http:\/\/laprovidenciaovalle.cl\/colegio\/wp-json\/wp\/v2\/comments?post=3367"}],"version-history":[{"count":3,"href":"http:\/\/laprovidenciaovalle.cl\/colegio\/wp-json\/wp\/v2\/posts\/3367\/revisions"}],"predecessor-version":[{"id":3370,"href":"http:\/\/laprovidenciaovalle.cl\/colegio\/wp-json\/wp\/v2\/posts\/3367\/revisions\/3370"}],"wp:featuredmedia":[{"embeddable":true,"href":"http:\/\/laprovidenciaovalle.cl\/colegio\/wp-json\/wp\/v2\/media\/2759"}],"wp:attachment":[{"href":"http:\/\/laprovidenciaovalle.cl\/colegio\/wp-json\/wp\/v2\/media?parent=3367"}],"wp:term":[{"taxonomy":"category","embeddable":true,"href":"http:\/\/laprovidenciaovalle.cl\/colegio\/wp-json\/wp\/v2\/categories?post=3367"},{"taxonomy":"post_tag","embeddable":true,"href":"http:\/\/laprovidenciaovalle.cl\/colegio\/wp-json\/wp\/v2\/tags?post=3367"}],"curies":[{"name":"wp","href":"https:\/\/api.w.org\/{rel}","templated":true}]}}