{"id":3374,"date":"2020-04-14T09:32:35","date_gmt":"2020-04-14T13:32:35","guid":{"rendered":"http:\/\/laprovidenciaovalle.cl\/colegio\/?p=3374"},"modified":"2020-04-14T09:46:55","modified_gmt":"2020-04-14T13:46:55","slug":"carta-del-ministro-de-educacion","status":"publish","type":"post","link":"http:\/\/laprovidenciaovalle.cl\/colegio\/carta-del-ministro-de-educacion\/","title":{"rendered":"Carta del Ministro de Educaci\u00f3n"},"content":{"rendered":"<p>Estimada comunidad escolar:<\/p>\n<p>Qu\u00e9 duda cabe que estamos viviendo un a\u00f1o excepcionalmente complejo y muy distinto para todos. La pandemia mundial, que ha golpeado la vida en sociedad en todas sus esferas, ha afectado con particular fuerza la vida en las escuelas tal como la hemos concebido siempre.<\/p>\n<p>Ante este evento sin precedentes en nuestra historia, hemos tenido que actuar con rapidez para poner a disposici\u00f3n metodolog\u00edas de apoyo a los equipos directivos, docentes y sus estudiantes, y as\u00ed minimizar el impacto negativo que \u00e9ste pudiera provocar en los aprendizajes de nuestros ni\u00f1os.<\/p>\n<p>Es as\u00ed como implementamos la plataforma de aprendizaje remoto \u201cAprendo en L\u00ednea\u201d, que tiene ya m\u00e1s de 2.4 millones de usuarios y que cuenta con recursos did\u00e1cticos en todos los cursos y asignaturas, as\u00ed como actividades pedag\u00f3gicas basadas en el texto escolar que permiten una planificaci\u00f3n semanal. Lo anterior se complementa con la Biblioteca Digital Escolar, con m\u00e1s de 10 mil t\u00edtulos para elegir y aulas virtuales disponibles para todos los establecimientos del pa\u00eds. Pensando en las escuelas rurales y comunidades sin conexi\u00f3n a internet, se est\u00e1 distribuyendo a m\u00e1s de 3.800 escuelas (380 mil alumnos) material impreso para suplir la falta de conectividad.<\/p>\n<p>Quiero agradecer y felicitar a todos los docentes, estudiantes y apoderados que adapt\u00e1ndose a esta nueva situaci\u00f3n han decidido continuar con el aprendizaje a distancia, con todos los desaf\u00edos que \u00e9sta conlleva. Pero junto con esta primera tarea a la cual nos hemos abocado durante estas \u00faltimas semanas, como ministerio y comunidad educativa debemos prepararnos para el futuro.<\/p>\n<p>Todos hemos vivido las dificultades propias de una situaci\u00f3n para la cual nadie estaba totalmente preparado y lo cierto es que el camino que viene tampoco estar\u00e1 exento de ellas. Asegurar que nuestros ni\u00f1os puedan recuperar los aprendizajes fundamentales para su vida futura ser\u00e1 tarea de todos y uno de los principales desaf\u00edos que traer\u00e1 el retorno a clases presenciales cuando as\u00ed lo determine la autoridad sanitaria, junto con una contenci\u00f3n emocional adecuada.<\/p>\n<p>En este contexto, el adelanto de las vacaciones, que bajo ninguna circunstancia desconoce el desaf\u00edo de vivir este per\u00edodo de aislamiento social, tiene una mirada profunda inspirada justamente en el bienestar de todo el sistema escolar.<\/p>\n<p>Primero, debemos asumir como comunidad educativa que el aprendizaje m\u00e1s importante para nuestros hijos se logra en la sala de clases, y si bien los m\u00e9todos de aprendizaje remoto son un aporte valioso en la situaci\u00f3n excepcional que estamos enfrentando, dif\u00edcilmente pueden alcanzar la efectividad de las clases presenciales en el \u00e1mbito escolar. Estas son irremplazables, pero especialmente para los m\u00e1s vulnerables, los ni\u00f1os m\u00e1s peque\u00f1os, los estudiantes de liceos t\u00e9cnicos profesionales y todos aquellos alumnos que requieren m\u00e1s apoyo para aprender.<\/p>\n<p>Segundo, hemos constatado que para todos (padres, alumnos, profesores, equipos directivos y para nuestro propio ministerio) este per\u00edodo de aprendizaje remoto ha significado un enorme desaf\u00edo para el cual hubi\u00e9ramos deseado m\u00e1s tiempo para adaptarnos, prepararnos y reflexionar sobre \u00e9ste. Ha sido un debate constante de cu\u00e1nto estr\u00e9s emocional puede generar un proceso de aprendizaje en casa y cu\u00e1n disponibles est\u00e1n las herramientas que lo permiten. Es entonces, este per\u00edodo de vacaciones un tiempo valioso para tomar un respiro y reflexionar sobre lo andado.<\/p>\n<p>Por \u00faltimo, debemos asumir como comunidad educativa que el aprendizaje m\u00e1s importante para nuestros hijos se logra en la sala de clases. Si bien, en un a\u00f1o normal el \u00f3ptimo es contar con per\u00edodos de tiempo ordenados de clases, separados por descansos (semestres o trimestres con sus respectivas vacaciones), es tambi\u00e9n nuestro deber, como responsables de guiar al pa\u00eds en materia educativa, se\u00f1alar claramente que en las circunstancias actuales es fundamental dar la mayor continuidad posible al proceso presencial de clases, una vez que \u00e9ste sea restaurado. A esto se suma un arrastre de clases p\u00e9rdidas durante el a\u00f1o pasado. En este sentido, velar por brindar a los estudiantes un per\u00edodo continuo de clases, que permita hacer frente al impacto de la interrupci\u00f3n de los aprendizajes, es una condici\u00f3n importante para resguardar el derecho a la educaci\u00f3n en este tiempo excepcional.<\/p>\n<p>Hoy, la invitaci\u00f3n es a vivir este per\u00edodo con paz y confianza en las decisiones que se toman, mirando siempre una oportunidad en cada una de ellas y con la certeza de que como pa\u00eds, cada vez que hemos actuado unidos, hemos logrado salir adelante de cada uno de los desaf\u00edos que la vida nos ha puesto.<\/p>\n<p>Estoy seguro de que \u00e9sta ser\u00e1 una nueva oportunidad para mostrar la grandeza de nuestro pa\u00eds y cuyo desaf\u00edo hoy es mucho mayor, quiz\u00e1s el mayor de todos: velar por el bienestar emocional y los aprendizajes de nuestros hijos sin importar situaci\u00f3n social, pa\u00eds de origen o lugar de residencia. En este desaf\u00edo, ning\u00fan ni\u00f1o se nos puede quedar atr\u00e1s.<\/p>\n<p>&nbsp;<\/p>\n<p>Ra\u00fal Figueroa Salas<\/p>\n<p>Ministro de Educaci\u00f3n<\/p>\n<p>Ministerio de Educaci\u00f3n | Gobierno de Chile<\/p>\n<p><a href=\"http:\/\/laprovidenciaovalle.cl\/colegio\/wp-content\/uploads\/2020\/04\/CARTA.pdf-Ministro-a-PPAA.pdf\">CARTA.pdf Ministro a PPAA<\/a><\/p>\n","protected":false},"excerpt":{"rendered":"<p>Estimada comunidad escolar: Qu\u00e9 duda cabe que estamos viviendo un a\u00f1o excepcionalmente complejo y muy distinto para todos. La pandemia mundial, que ha golpeado la vida en sociedad en todas sus esferas, ha afectado con particular fuerza la vida en las escuelas tal como la hemos concebido siempre. Ante este evento sin precedentes en nuestra historia, hemos tenido que actuar&nbsp;<a href=\"http:\/\/laprovidenciaovalle.cl\/colegio\/carta-del-ministro-de-educacion\/\">[&hellip;]<\/a><\/p>\n","protected":false},"author":5,"featured_media":3376,"comment_status":"closed","ping_status":"closed","sticky":false,"template":"","format":"standard","meta":[],"categories":[16],"tags":[],"yoast_head":"<!-- This site is optimized with the Yoast SEO plugin v15.2 - https:\/\/yoast.com\/wordpress\/plugins\/seo\/ -->\n<title>Carta del Ministro de Educaci\u00f3n - Colegio La Providencia<\/title>\n<meta name=\"robots\" content=\"index, follow, max-snippet:-1, max-image-preview:large, max-video-preview:-1\" \/>\n<link rel=\"canonical\" href=\"http:\/\/laprovidenciaovalle.cl\/colegio\/carta-del-ministro-de-educacion\/\" \/>\n<meta property=\"og:locale\" content=\"es_ES\" \/>\n<meta property=\"og:type\" content=\"article\" \/>\n<meta property=\"og:title\" content=\"Carta del Ministro de Educaci\u00f3n - Colegio La Providencia\" \/>\n<meta property=\"og:description\" content=\"Estimada comunidad escolar: Qu\u00e9 duda cabe que estamos viviendo un a\u00f1o excepcionalmente complejo y muy distinto para todos. La pandemia mundial, que ha golpeado la vida en sociedad en todas sus esferas, ha afectado con particular fuerza la vida en las escuelas tal como la hemos concebido siempre. Ante este evento sin precedentes en nuestra historia, hemos tenido que actuar&nbsp;[&hellip;]\" \/>\n<meta property=\"og:url\" content=\"http:\/\/laprovidenciaovalle.cl\/colegio\/carta-del-ministro-de-educacion\/\" \/>\n<meta property=\"og:site_name\" content=\"Colegio La Providencia\" \/>\n<meta property=\"article:published_time\" content=\"2020-04-14T13:32:35+00:00\" \/>\n<meta property=\"article:modified_time\" content=\"2020-04-14T13:46:55+00:00\" \/>\n<meta property=\"og:image\" content=\"http:\/\/laprovidenciaovalle.cl\/colegio\/wp-content\/uploads\/2020\/04\/unnamed.jpg\" \/>\n\t<meta property=\"og:image:width\" content=\"512\" \/>\n\t<meta property=\"og:image:height\" content=\"341\" \/>\n<meta name=\"twitter:card\" content=\"summary_large_image\" \/>\n<meta name=\"twitter:label1\" value=\"Escrito por\">\n\t<meta name=\"twitter:data1\" value=\"Comunicaciones Colegio\">\n\t<meta name=\"twitter:label2\" value=\"Tiempo de lectura\">\n\t<meta name=\"twitter:data2\" value=\"3 minutos\">\n<script type=\"application\/ld+json\" class=\"yoast-schema-graph\">{\"@context\":\"https:\/\/schema.org\",\"@graph\":[{\"@type\":\"WebSite\",\"@id\":\"http:\/\/laprovidenciaovalle.cl\/colegio\/#website\",\"url\":\"http:\/\/laprovidenciaovalle.cl\/colegio\/\",\"name\":\"Colegio La Providencia\",\"description\":\"Ovalle\",\"potentialAction\":[{\"@type\":\"SearchAction\",\"target\":\"http:\/\/laprovidenciaovalle.cl\/colegio\/?s={search_term_string}\",\"query-input\":\"required name=search_term_string\"}],\"inLanguage\":\"es\"},{\"@type\":\"ImageObject\",\"@id\":\"http:\/\/laprovidenciaovalle.cl\/colegio\/carta-del-ministro-de-educacion\/#primaryimage\",\"inLanguage\":\"es\",\"url\":\"http:\/\/laprovidenciaovalle.cl\/colegio\/wp-content\/uploads\/2020\/04\/unnamed.jpg\",\"width\":512,\"height\":341},{\"@type\":\"WebPage\",\"@id\":\"http:\/\/laprovidenciaovalle.cl\/colegio\/carta-del-ministro-de-educacion\/#webpage\",\"url\":\"http:\/\/laprovidenciaovalle.cl\/colegio\/carta-del-ministro-de-educacion\/\",\"name\":\"Carta del Ministro de Educaci\\u00f3n - Colegio La Providencia\",\"isPartOf\":{\"@id\":\"http:\/\/laprovidenciaovalle.cl\/colegio\/#website\"},\"primaryImageOfPage\":{\"@id\":\"http:\/\/laprovidenciaovalle.cl\/colegio\/carta-del-ministro-de-educacion\/#primaryimage\"},\"datePublished\":\"2020-04-14T13:32:35+00:00\",\"dateModified\":\"2020-04-14T13:46:55+00:00\",\"author\":{\"@id\":\"http:\/\/laprovidenciaovalle.cl\/colegio\/#\/schema\/person\/1035f45cd35e1948fb928fcdc74228fe\"},\"inLanguage\":\"es\",\"potentialAction\":[{\"@type\":\"ReadAction\",\"target\":[\"http:\/\/laprovidenciaovalle.cl\/colegio\/carta-del-ministro-de-educacion\/\"]}]},{\"@type\":\"Person\",\"@id\":\"http:\/\/laprovidenciaovalle.cl\/colegio\/#\/schema\/person\/1035f45cd35e1948fb928fcdc74228fe\",\"name\":\"Comunicaciones Colegio\",\"image\":{\"@type\":\"ImageObject\",\"@id\":\"http:\/\/laprovidenciaovalle.cl\/colegio\/#personlogo\",\"inLanguage\":\"es\",\"url\":\"http:\/\/2.gravatar.com\/avatar\/5d0b6f6fbda2852def0dc3e63e38d319?s=96&d=mm&r=g\",\"caption\":\"Comunicaciones Colegio\"}}]}<\/script>\n<!-- \/ Yoast SEO plugin. -->","_links":{"self":[{"href":"http:\/\/laprovidenciaovalle.cl\/colegio\/wp-json\/wp\/v2\/posts\/3374"}],"collection":[{"href":"http:\/\/laprovidenciaovalle.cl\/colegio\/wp-json\/wp\/v2\/posts"}],"about":[{"href":"http:\/\/laprovidenciaovalle.cl\/colegio\/wp-json\/wp\/v2\/types\/post"}],"author":[{"embeddable":true,"href":"http:\/\/laprovidenciaovalle.cl\/colegio\/wp-json\/wp\/v2\/users\/5"}],"replies":[{"embeddable":true,"href":"http:\/\/laprovidenciaovalle.cl\/colegio\/wp-json\/wp\/v2\/comments?post=3374"}],"version-history":[{"count":1,"href":"http:\/\/laprovidenciaovalle.cl\/colegio\/wp-json\/wp\/v2\/posts\/3374\/revisions"}],"predecessor-version":[{"id":3375,"href":"http:\/\/laprovidenciaovalle.cl\/colegio\/wp-json\/wp\/v2\/posts\/3374\/revisions\/3375"}],"wp:featuredmedia":[{"embeddable":true,"href":"http:\/\/laprovidenciaovalle.cl\/colegio\/wp-json\/wp\/v2\/media\/3376"}],"wp:attachment":[{"href":"http:\/\/laprovidenciaovalle.cl\/colegio\/wp-json\/wp\/v2\/media?parent=3374"}],"wp:term":[{"taxonomy":"category","embeddable":true,"href":"http:\/\/laprovidenciaovalle.cl\/colegio\/wp-json\/wp\/v2\/categories?post=3374"},{"taxonomy":"post_tag","embeddable":true,"href":"http:\/\/laprovidenciaovalle.cl\/colegio\/wp-json\/wp\/v2\/tags?post=3374"}],"curies":[{"name":"wp","href":"https:\/\/api.w.org\/{rel}","templated":true}]}}