{"id":3379,"date":"2020-04-14T12:57:26","date_gmt":"2020-04-14T16:57:26","guid":{"rendered":"http:\/\/laprovidenciaovalle.cl\/colegio\/?p=3379"},"modified":"2020-04-14T12:57:26","modified_gmt":"2020-04-14T16:57:26","slug":"carta-abierta-de-la-asociacion-nacional-de-padres-y-apoderados-de-fide","status":"publish","type":"post","link":"http:\/\/laprovidenciaovalle.cl\/colegio\/carta-abierta-de-la-asociacion-nacional-de-padres-y-apoderados-de-fide\/","title":{"rendered":"Carta Abierta de la Asociaci\u00f3n Nacional de Padres y Apoderados de FIDE"},"content":{"rendered":"<p>Queridas Familias:<\/p>\n<p>Chile al igual que el mundo entero, est\u00e1 sufriendo los estragos de una pandemia que nos est\u00e1 dejando consecuencias incalculables y es en este contexto en que queremos hacer llegar a ustedes una cuota de optimismo, en que juntos podremos superar esta gran prueba que se nos ha presentado.<\/p>\n<p>Los Padres, Madres y Apoderados de cada Comunidad Educativa agrupada en ANAPAF como Colegios FIDE, tienen un gran sentido de \u201cFAMILIA\u201d y es a esa familia a la que llamamos a estar mas unida que nunca, respetandonos los unos a los otros, pero siempre con cari\u00f1o y apego.<\/p>\n<p>La pandemia ha llevado a nuestras comunidades a mantenernos alertas a este virus, con alta presi\u00f3n y carga psicol\u00f3gica por temor al contagio, con restricci\u00f3n a la libertad de movimientos, en muchos casos hacinados entre estudiantes y padres trabajadores en modo de teletrabajo,\u00a0 todo esto en ocasiones en pocos metros cuadrados, pero aun as\u00ed, sabemos soportar la adversidad y superar los que se nos presenta.\u00a0\u00a0\u00a0 Hoy nuestros hijos est\u00e1n con educaci\u00f3n a distancia, los colegios con turnos \u00e9ticos , directivos y docentes aprendiendo esta nueva modalidad de educar o de apoyar los aprendisajes y nosotros por otra parte colaborando con todo lo que se pueda en el quehacer hogare\u00f1o, atendiendo el teletrabajo y apoyando a nuestros hijos en sus apredisajes, todos colaborando con lo suyo y vaya que ha sido complejo compatibilizar todo esto, pero \u201cvamos que se puede\u201d, \u00a0como se dice en Chile.<\/p>\n<p>Queremos reconocer en esta nota el trabajo siempre dispuesto de la mayor\u00eda de los docentes y asistentes de la educaci\u00f3n, quienes han respondido satisfactoriamente a sus equipos directivos, capacitandose en las tecnolog\u00edas de la informaci\u00f3n y comunicaci\u00f3n y atreviendose a innovar con tal de apoyar y estar con sus alumnos, raz\u00f3n de ser de su profesi\u00f3n, pero tambi\u00e9n, debemos destacar a nuestras familias que han puesto todo su esfuerzo en salir adelante con y por sus hijos.<\/p>\n<p>Este a\u00f1o no ser\u00e1 definitivamente un a\u00f1o normal y as\u00ed debemos entenderlo, pero creemos que lo primero es defender la vida, la salud mental de nuestros hijos y de la familia entera, despu\u00e9s veremos como se ajusta el calendario y los contenidos, primero debemos estar y estar muy bien resguardados.\u00a0\u00a0\u00a0 El corona virus o covid-19, tendr\u00e1 su peak a fines de abril y debemos tener en cuenta la influenza que seg\u00fan los pron\u00f3sticos vendr\u00e1 tambien agresiva, por lo que debemos considerar la flexibilidad que se requiera en todo orden de cosas.<\/p>\n<p>Respecto a los compromisos econ\u00f3micos con nuestros colegios, el llamado es a cumplir con el FICOM para todos aquellos que tienen ese compromiso anual y que para ayudarnos se divide en 10 cuotas como promedio.\u00a0 En cuanto a las familias que tengan dificultades econ\u00f3micas, recurran a sus colegios, donde siempre habr\u00e1 un espacio para conversar y llegar a los mejores acuerdos, para proteger y poner en primer lugar la educaci\u00f3n de nuestros hijos.<\/p>\n<p>Afectuosamente,<\/p>\n<p>&nbsp;<\/p>\n<p>Juan Morales Pinochet\u00a0 \u00a0 \u00a0 \u00a0 \u00a0 \u00a0 \u00a0 \u00a0 \u00a0 \u00a0 \u00a0 \u00a0 \u00a0 \u00a0 \u00a0 \u00a0 \u00a0 \u00a0 \u00a0 \u00a0 \u00a0 \u00a0 \u00a0 \u00a0 \u00a0 \u00a0 \u00a0 \u00a0 \u00a0 \u00a0 \u00a0 \u00a0 \u00a0 \u00a0 \u00a0 \u00a0 \u00a0 \u00a0 \u00a0 \u00a0 \u00a0 \u00a0 \u00a0 \u00a0 \u00a0 \u00a0 \u00a0 \u00a0 \u00a0 \u00a0 \u00a0 \u00a0 \u00a0 \u00a0 \u00a0 \u00a0 \u00a0 \u00a0 \u00a0 \u00a0 \u00a0 \u00a0 \u00a0 \u00a0 \u00a0 \u00a0 \u00a0 \u00a0 \u00a0 \u00a0 Ricardo Salinas Sep\u00falveda<\/p>\n<p>Coordinador Nacional\u00a0 \u00a0 \u00a0 \u00a0 \u00a0 \u00a0 \u00a0 \u00a0 \u00a0 \u00a0 \u00a0 \u00a0 \u00a0 \u00a0 \u00a0 \u00a0 \u00a0 \u00a0 \u00a0 \u00a0 \u00a0 \u00a0 \u00a0 \u00a0 \u00a0 \u00a0 \u00a0 \u00a0 \u00a0 \u00a0 \u00a0 \u00a0 \u00a0 \u00a0 \u00a0 \u00a0 \u00a0 \u00a0 \u00a0 \u00a0 \u00a0 \u00a0 \u00a0 \u00a0 \u00a0 \u00a0 \u00a0 \u00a0 \u00a0 \u00a0 \u00a0 \u00a0 \u00a0 \u00a0 \u00a0 \u00a0 \u00a0 \u00a0 \u00a0 \u00a0 \u00a0 \u00a0 \u00a0 \u00a0 \u00a0 \u00a0 \u00a0 \u00a0 \u00a0 \u00a0 \u00a0 Presidente Nacional<\/p>\n<p><a href=\"mailto:jmorales@anapaf.cl\">jmorales@anapaf.cl<\/a>\u00a0 \u00a0 \u00a0 \u00a0 \u00a0 \u00a0 \u00a0 \u00a0 \u00a0 \u00a0 \u00a0 \u00a0 \u00a0 \u00a0 \u00a0 \u00a0 \u00a0 \u00a0 \u00a0 \u00a0 \u00a0 \u00a0 \u00a0 \u00a0 \u00a0 \u00a0 \u00a0 \u00a0 \u00a0 \u00a0 \u00a0 \u00a0 \u00a0 \u00a0 \u00a0 \u00a0 \u00a0 \u00a0 \u00a0 \u00a0 \u00a0 \u00a0 \u00a0 \u00a0 \u00a0 \u00a0 \u00a0 \u00a0 \u00a0 \u00a0 \u00a0 \u00a0 \u00a0 \u00a0 \u00a0 \u00a0 \u00a0 \u00a0 \u00a0 \u00a0 \u00a0 \u00a0 \u00a0 \u00a0 \u00a0 \u00a0 \u00a0 \u00a0 \u00a0 \u00a0 \u00a0 \u00a0 \u00a0 <a href=\"mailto:rsalinas@anapaf.cl\">rsalinas@anapaf.cl<\/a><\/p>\n<p>&nbsp;<\/p>\n<p><strong>Asociaci\u00f3n Nacional de Padres y Apoderados de FIDE<\/strong><\/p>\n<p><a href=\"http:\/\/laprovidenciaovalle.cl\/colegio\/wp-content\/uploads\/2020\/04\/CARTA-ABIERTA-LAS-COMUNIDADES-EDUCATIVAS-EN-CRISIS-POR-CORONA-VIRUS.docx\">CARTA ABIERTA LAS COMUNIDADES EDUCATIVAS EN CRISIS POR CORONA VIRUS<\/a><\/p>\n","protected":false},"excerpt":{"rendered":"<p>Queridas Familias: Chile al igual que el mundo entero, est\u00e1 sufriendo los estragos de una pandemia que nos est\u00e1 dejando consecuencias incalculables y es en este contexto en que queremos hacer llegar a ustedes una cuota de optimismo, en que juntos podremos superar esta gran prueba que se nos ha presentado. Los Padres, Madres y Apoderados de cada Comunidad Educativa&nbsp;<a href=\"http:\/\/laprovidenciaovalle.cl\/colegio\/carta-abierta-de-la-asociacion-nacional-de-padres-y-apoderados-de-fide\/\">[&hellip;]<\/a><\/p>\n","protected":false},"author":5,"featured_media":3377,"comment_status":"closed","ping_status":"closed","sticky":false,"template":"","format":"standard","meta":[],"categories":[16],"tags":[],"yoast_head":"<!-- This site is optimized with the Yoast SEO plugin v15.2 - https:\/\/yoast.com\/wordpress\/plugins\/seo\/ -->\n<title>Carta Abierta de la Asociaci\u00f3n Nacional de Padres y Apoderados de FIDE - Colegio La Providencia<\/title>\n<meta name=\"robots\" content=\"index, follow, max-snippet:-1, max-image-preview:large, max-video-preview:-1\" \/>\n<link rel=\"canonical\" href=\"https:\/\/laprovidenciaovalle.cl\/colegio\/carta-abierta-de-la-asociacion-nacional-de-padres-y-apoderados-de-fide\/\" \/>\n<meta property=\"og:locale\" content=\"es_ES\" \/>\n<meta property=\"og:type\" content=\"article\" \/>\n<meta property=\"og:title\" content=\"Carta Abierta de la Asociaci\u00f3n Nacional de Padres y Apoderados de FIDE - Colegio La Providencia\" \/>\n<meta property=\"og:description\" content=\"Queridas Familias: Chile al igual que el mundo entero, est\u00e1 sufriendo los estragos de una pandemia que nos est\u00e1 dejando consecuencias incalculables y es en este contexto en que queremos hacer llegar a ustedes una cuota de optimismo, en que juntos podremos superar esta gran prueba que se nos ha presentado. Los Padres, Madres y Apoderados de cada Comunidad Educativa&nbsp;[&hellip;]\" \/>\n<meta property=\"og:url\" content=\"https:\/\/laprovidenciaovalle.cl\/colegio\/carta-abierta-de-la-asociacion-nacional-de-padres-y-apoderados-de-fide\/\" \/>\n<meta property=\"og:site_name\" content=\"Colegio La Providencia\" \/>\n<meta property=\"article:published_time\" content=\"2020-04-14T16:57:26+00:00\" \/>\n<meta property=\"og:image\" content=\"http:\/\/laprovidenciaovalle.cl\/colegio\/wp-content\/uploads\/2020\/04\/logo-FIDE-70-an\u0303os-1.jpg\" \/>\n\t<meta property=\"og:image:width\" content=\"999\" \/>\n\t<meta property=\"og:image:height\" content=\"396\" \/>\n<meta name=\"twitter:card\" content=\"summary_large_image\" \/>\n<meta name=\"twitter:label1\" value=\"Escrito por\">\n\t<meta name=\"twitter:data1\" value=\"Comunicaciones Colegio\">\n\t<meta name=\"twitter:label2\" value=\"Tiempo de lectura\">\n\t<meta name=\"twitter:data2\" value=\"2 minutos\">\n<script type=\"application\/ld+json\" class=\"yoast-schema-graph\">{\"@context\":\"https:\/\/schema.org\",\"@graph\":[{\"@type\":\"WebSite\",\"@id\":\"http:\/\/laprovidenciaovalle.cl\/colegio\/#website\",\"url\":\"http:\/\/laprovidenciaovalle.cl\/colegio\/\",\"name\":\"Colegio La Providencia\",\"description\":\"Ovalle\",\"potentialAction\":[{\"@type\":\"SearchAction\",\"target\":\"http:\/\/laprovidenciaovalle.cl\/colegio\/?s={search_term_string}\",\"query-input\":\"required name=search_term_string\"}],\"inLanguage\":\"es\"},{\"@type\":\"ImageObject\",\"@id\":\"https:\/\/laprovidenciaovalle.cl\/colegio\/carta-abierta-de-la-asociacion-nacional-de-padres-y-apoderados-de-fide\/#primaryimage\",\"inLanguage\":\"es\",\"url\":\"http:\/\/laprovidenciaovalle.cl\/colegio\/wp-content\/uploads\/2020\/04\/logo-FIDE-70-an\\u0303os-1.jpg\",\"width\":999,\"height\":396},{\"@type\":\"WebPage\",\"@id\":\"https:\/\/laprovidenciaovalle.cl\/colegio\/carta-abierta-de-la-asociacion-nacional-de-padres-y-apoderados-de-fide\/#webpage\",\"url\":\"https:\/\/laprovidenciaovalle.cl\/colegio\/carta-abierta-de-la-asociacion-nacional-de-padres-y-apoderados-de-fide\/\",\"name\":\"Carta Abierta de la Asociaci\\u00f3n Nacional de Padres y Apoderados de FIDE - Colegio La Providencia\",\"isPartOf\":{\"@id\":\"http:\/\/laprovidenciaovalle.cl\/colegio\/#website\"},\"primaryImageOfPage\":{\"@id\":\"https:\/\/laprovidenciaovalle.cl\/colegio\/carta-abierta-de-la-asociacion-nacional-de-padres-y-apoderados-de-fide\/#primaryimage\"},\"datePublished\":\"2020-04-14T16:57:26+00:00\",\"dateModified\":\"2020-04-14T16:57:26+00:00\",\"author\":{\"@id\":\"http:\/\/laprovidenciaovalle.cl\/colegio\/#\/schema\/person\/1035f45cd35e1948fb928fcdc74228fe\"},\"inLanguage\":\"es\",\"potentialAction\":[{\"@type\":\"ReadAction\",\"target\":[\"https:\/\/laprovidenciaovalle.cl\/colegio\/carta-abierta-de-la-asociacion-nacional-de-padres-y-apoderados-de-fide\/\"]}]},{\"@type\":\"Person\",\"@id\":\"http:\/\/laprovidenciaovalle.cl\/colegio\/#\/schema\/person\/1035f45cd35e1948fb928fcdc74228fe\",\"name\":\"Comunicaciones Colegio\",\"image\":{\"@type\":\"ImageObject\",\"@id\":\"http:\/\/laprovidenciaovalle.cl\/colegio\/#personlogo\",\"inLanguage\":\"es\",\"url\":\"http:\/\/2.gravatar.com\/avatar\/5d0b6f6fbda2852def0dc3e63e38d319?s=96&d=mm&r=g\",\"caption\":\"Comunicaciones Colegio\"}}]}<\/script>\n<!-- \/ Yoast SEO plugin. -->","_links":{"self":[{"href":"http:\/\/laprovidenciaovalle.cl\/colegio\/wp-json\/wp\/v2\/posts\/3379"}],"collection":[{"href":"http:\/\/laprovidenciaovalle.cl\/colegio\/wp-json\/wp\/v2\/posts"}],"about":[{"href":"http:\/\/laprovidenciaovalle.cl\/colegio\/wp-json\/wp\/v2\/types\/post"}],"author":[{"embeddable":true,"href":"http:\/\/laprovidenciaovalle.cl\/colegio\/wp-json\/wp\/v2\/users\/5"}],"replies":[{"embeddable":true,"href":"http:\/\/laprovidenciaovalle.cl\/colegio\/wp-json\/wp\/v2\/comments?post=3379"}],"version-history":[{"count":1,"href":"http:\/\/laprovidenciaovalle.cl\/colegio\/wp-json\/wp\/v2\/posts\/3379\/revisions"}],"predecessor-version":[{"id":3380,"href":"http:\/\/laprovidenciaovalle.cl\/colegio\/wp-json\/wp\/v2\/posts\/3379\/revisions\/3380"}],"wp:featuredmedia":[{"embeddable":true,"href":"http:\/\/laprovidenciaovalle.cl\/colegio\/wp-json\/wp\/v2\/media\/3377"}],"wp:attachment":[{"href":"http:\/\/laprovidenciaovalle.cl\/colegio\/wp-json\/wp\/v2\/media?parent=3379"}],"wp:term":[{"taxonomy":"category","embeddable":true,"href":"http:\/\/laprovidenciaovalle.cl\/colegio\/wp-json\/wp\/v2\/categories?post=3379"},{"taxonomy":"post_tag","embeddable":true,"href":"http:\/\/laprovidenciaovalle.cl\/colegio\/wp-json\/wp\/v2\/tags?post=3379"}],"curies":[{"name":"wp","href":"https:\/\/api.w.org\/{rel}","templated":true}]}}