{"id":3384,"date":"2020-04-18T09:48:09","date_gmt":"2020-04-18T13:48:09","guid":{"rendered":"http:\/\/laprovidenciaovalle.cl\/colegio\/?p=3384"},"modified":"2020-04-18T10:07:32","modified_gmt":"2020-04-18T14:07:32","slug":"entrega-de-textos-tercero-medio-retiro-de-materiales-de-salas-de-clases-y-cuadernos","status":"publish","type":"post","link":"http:\/\/laprovidenciaovalle.cl\/colegio\/entrega-de-textos-tercero-medio-retiro-de-materiales-de-salas-de-clases-y-cuadernos\/","title":{"rendered":"Entrega de Textos Tercero Medio, Retiro de Materiales de Salas de Clases y Cuadernos"},"content":{"rendered":"<p>Estimada Comunidad Providente<\/p>\n<p>Le informamos a los padres y\/o apoderados que el d\u00eda lunes 20 de abril se realizar\u00e1 la entrega de Libros de tercero medio entregados por el gobierno, adem\u00e1s se podr\u00e1 hacer retiro de los materiales y cuadernos desde las salas de clases.<\/p>\n<p>El d\u00eda Lunes se podr\u00e1 hacer retiro en la ma\u00f1ana\u00a0 a partir de las 08:00\u00a0 hasta las 12:00 y luego en la tarde de 14:00 a 17:00 horas, les rogamos tomar los resguardos necesarios, debido a que nos encontramos en medio de una crisis sanitaria, por lo tanto el uso de mascarillas, distancia social, uso de alcohol gel o guantes para evitar posibles contagios y mantenernos todos a salvo.<\/p>\n<p>Que el Esp\u00edritu Santo derrame sus hermosas bendiciones en ustedes y familia.<\/p>\n<p>Colegio La Providencia de Ovalle<\/p>\n","protected":false},"excerpt":{"rendered":"<p>Estimada Comunidad Providente Le informamos a los padres y\/o apoderados que el d\u00eda lunes 20 de abril se realizar\u00e1 la entrega de Libros de tercero medio entregados por el gobierno, adem\u00e1s se podr\u00e1 hacer retiro de los materiales y cuadernos desde las salas de clases. El d\u00eda Lunes se podr\u00e1 hacer retiro en la ma\u00f1ana\u00a0 a partir de las 08:00\u00a0&nbsp;<a href=\"http:\/\/laprovidenciaovalle.cl\/colegio\/entrega-de-textos-tercero-medio-retiro-de-materiales-de-salas-de-clases-y-cuadernos\/\">[&hellip;]<\/a><\/p>\n","protected":false},"author":5,"featured_media":3383,"comment_status":"closed","ping_status":"closed","sticky":false,"template":"","format":"standard","meta":[],"categories":[16],"tags":[],"yoast_head":"<!-- This site is optimized with the Yoast SEO plugin v15.2 - https:\/\/yoast.com\/wordpress\/plugins\/seo\/ -->\n<title>Entrega de Textos Tercero Medio, Retiro de Materiales de Salas de Clases y Cuadernos - Colegio La Providencia<\/title>\n<meta name=\"robots\" content=\"index, follow, max-snippet:-1, max-image-preview:large, max-video-preview:-1\" \/>\n<link rel=\"canonical\" href=\"http:\/\/laprovidenciaovalle.cl\/colegio\/entrega-de-textos-tercero-medio-retiro-de-materiales-de-salas-de-clases-y-cuadernos\/\" \/>\n<meta property=\"og:locale\" content=\"es_ES\" \/>\n<meta property=\"og:type\" content=\"article\" \/>\n<meta property=\"og:title\" content=\"Entrega de Textos Tercero Medio, Retiro de Materiales de Salas de Clases y Cuadernos - Colegio La Providencia\" \/>\n<meta property=\"og:description\" content=\"Estimada Comunidad Providente Le informamos a los padres y\/o apoderados que el d\u00eda lunes 20 de abril se realizar\u00e1 la entrega de Libros de tercero medio entregados por el gobierno, adem\u00e1s se podr\u00e1 hacer retiro de los materiales y cuadernos desde las salas de clases. El d\u00eda Lunes se podr\u00e1 hacer retiro en la ma\u00f1ana\u00a0 a partir de las 08:00\u00a0&nbsp;[&hellip;]\" \/>\n<meta property=\"og:url\" content=\"http:\/\/laprovidenciaovalle.cl\/colegio\/entrega-de-textos-tercero-medio-retiro-de-materiales-de-salas-de-clases-y-cuadernos\/\" \/>\n<meta property=\"og:site_name\" content=\"Colegio La Providencia\" \/>\n<meta property=\"article:published_time\" content=\"2020-04-18T13:48:09+00:00\" \/>\n<meta property=\"article:modified_time\" content=\"2020-04-18T14:07:32+00:00\" \/>\n<meta property=\"og:image\" content=\"http:\/\/laprovidenciaovalle.cl\/colegio\/wp-content\/uploads\/2020\/04\/textos.jpg\" \/>\n\t<meta property=\"og:image:width\" content=\"650\" \/>\n\t<meta property=\"og:image:height\" content=\"354\" \/>\n<meta name=\"twitter:card\" content=\"summary_large_image\" \/>\n<meta name=\"twitter:label1\" value=\"Escrito por\">\n\t<meta name=\"twitter:data1\" value=\"Comunicaciones Colegio\">\n\t<meta name=\"twitter:label2\" value=\"Tiempo de lectura\">\n\t<meta name=\"twitter:data2\" value=\"1 minuto\">\n<script type=\"application\/ld+json\" class=\"yoast-schema-graph\">{\"@context\":\"https:\/\/schema.org\",\"@graph\":[{\"@type\":\"WebSite\",\"@id\":\"http:\/\/laprovidenciaovalle.cl\/colegio\/#website\",\"url\":\"http:\/\/laprovidenciaovalle.cl\/colegio\/\",\"name\":\"Colegio La Providencia\",\"description\":\"Ovalle\",\"potentialAction\":[{\"@type\":\"SearchAction\",\"target\":\"http:\/\/laprovidenciaovalle.cl\/colegio\/?s={search_term_string}\",\"query-input\":\"required name=search_term_string\"}],\"inLanguage\":\"es\"},{\"@type\":\"ImageObject\",\"@id\":\"http:\/\/laprovidenciaovalle.cl\/colegio\/entrega-de-textos-tercero-medio-retiro-de-materiales-de-salas-de-clases-y-cuadernos\/#primaryimage\",\"inLanguage\":\"es\",\"url\":\"http:\/\/laprovidenciaovalle.cl\/colegio\/wp-content\/uploads\/2020\/04\/textos.jpg\",\"width\":650,\"height\":354},{\"@type\":\"WebPage\",\"@id\":\"http:\/\/laprovidenciaovalle.cl\/colegio\/entrega-de-textos-tercero-medio-retiro-de-materiales-de-salas-de-clases-y-cuadernos\/#webpage\",\"url\":\"http:\/\/laprovidenciaovalle.cl\/colegio\/entrega-de-textos-tercero-medio-retiro-de-materiales-de-salas-de-clases-y-cuadernos\/\",\"name\":\"Entrega de Textos Tercero Medio, Retiro de Materiales de Salas de Clases y Cuadernos - Colegio La Providencia\",\"isPartOf\":{\"@id\":\"http:\/\/laprovidenciaovalle.cl\/colegio\/#website\"},\"primaryImageOfPage\":{\"@id\":\"http:\/\/laprovidenciaovalle.cl\/colegio\/entrega-de-textos-tercero-medio-retiro-de-materiales-de-salas-de-clases-y-cuadernos\/#primaryimage\"},\"datePublished\":\"2020-04-18T13:48:09+00:00\",\"dateModified\":\"2020-04-18T14:07:32+00:00\",\"author\":{\"@id\":\"http:\/\/laprovidenciaovalle.cl\/colegio\/#\/schema\/person\/1035f45cd35e1948fb928fcdc74228fe\"},\"inLanguage\":\"es\",\"potentialAction\":[{\"@type\":\"ReadAction\",\"target\":[\"http:\/\/laprovidenciaovalle.cl\/colegio\/entrega-de-textos-tercero-medio-retiro-de-materiales-de-salas-de-clases-y-cuadernos\/\"]}]},{\"@type\":\"Person\",\"@id\":\"http:\/\/laprovidenciaovalle.cl\/colegio\/#\/schema\/person\/1035f45cd35e1948fb928fcdc74228fe\",\"name\":\"Comunicaciones Colegio\",\"image\":{\"@type\":\"ImageObject\",\"@id\":\"http:\/\/laprovidenciaovalle.cl\/colegio\/#personlogo\",\"inLanguage\":\"es\",\"url\":\"http:\/\/2.gravatar.com\/avatar\/5d0b6f6fbda2852def0dc3e63e38d319?s=96&d=mm&r=g\",\"caption\":\"Comunicaciones Colegio\"}}]}<\/script>\n<!-- \/ Yoast SEO plugin. -->","_links":{"self":[{"href":"http:\/\/laprovidenciaovalle.cl\/colegio\/wp-json\/wp\/v2\/posts\/3384"}],"collection":[{"href":"http:\/\/laprovidenciaovalle.cl\/colegio\/wp-json\/wp\/v2\/posts"}],"about":[{"href":"http:\/\/laprovidenciaovalle.cl\/colegio\/wp-json\/wp\/v2\/types\/post"}],"author":[{"embeddable":true,"href":"http:\/\/laprovidenciaovalle.cl\/colegio\/wp-json\/wp\/v2\/users\/5"}],"replies":[{"embeddable":true,"href":"http:\/\/laprovidenciaovalle.cl\/colegio\/wp-json\/wp\/v2\/comments?post=3384"}],"version-history":[{"count":3,"href":"http:\/\/laprovidenciaovalle.cl\/colegio\/wp-json\/wp\/v2\/posts\/3384\/revisions"}],"predecessor-version":[{"id":3387,"href":"http:\/\/laprovidenciaovalle.cl\/colegio\/wp-json\/wp\/v2\/posts\/3384\/revisions\/3387"}],"wp:featuredmedia":[{"embeddable":true,"href":"http:\/\/laprovidenciaovalle.cl\/colegio\/wp-json\/wp\/v2\/media\/3383"}],"wp:attachment":[{"href":"http:\/\/laprovidenciaovalle.cl\/colegio\/wp-json\/wp\/v2\/media?parent=3384"}],"wp:term":[{"taxonomy":"category","embeddable":true,"href":"http:\/\/laprovidenciaovalle.cl\/colegio\/wp-json\/wp\/v2\/categories?post=3384"},{"taxonomy":"post_tag","embeddable":true,"href":"http:\/\/laprovidenciaovalle.cl\/colegio\/wp-json\/wp\/v2\/tags?post=3384"}],"curies":[{"name":"wp","href":"https:\/\/api.w.org\/{rel}","templated":true}]}}