{"id":3392,"date":"2020-04-24T23:45:02","date_gmt":"2020-04-25T03:45:02","guid":{"rendered":"http:\/\/laprovidenciaovalle.cl\/colegio\/?p=3392"},"modified":"2020-04-24T23:45:02","modified_gmt":"2020-04-25T03:45:02","slug":"comunicado-oficial-n7-retorno-a-clases-virtuales-y-beneficios-junaeb","status":"publish","type":"post","link":"http:\/\/laprovidenciaovalle.cl\/colegio\/comunicado-oficial-n7-retorno-a-clases-virtuales-y-beneficios-junaeb\/","title":{"rendered":"Comunicado Oficial N\u00b07  &#8220;Retorno a clases virtuales y Beneficios JUNAEB&#8221;"},"content":{"rendered":"<p>Estimados\/as Estudiantes y Apoderados\/as:<\/p>\n<p>&nbsp;<\/p>\n<p>Junto con saludar, y esperando que se encuentren muy bien junto a sus seres queridos, y como es de p\u00fablico conocimiento, este lunes 27 de abril concluyen las vacaciones de invierno que, debido a la contingencia debieron ser adelantadas, por el MINEDUC. En relaci\u00f3n con ello, y en vistas a las condiciones actuales, este retorno se continuar\u00e1 realizando de manera virtual. Para ello, los profesores del establecimiento<\/p>\n<p>retomar\u00e1n sus actividades pedag\u00f3gicas en la plataforma Google Classsroom. Debido a que las fechas de reintegro a las clases presenciales a\u00fan no es definida por las autoridades sanitarias y educativas del pa\u00eds, mantendremos esta modalidad hasta nuevo aviso, con algunos ajustes de car\u00e1cter t\u00e9cnico y pedag\u00f3gico, en vistas a mejorar estos espacios de estudio. Por lo que solicitamos atender a las siguientes recomendaciones:<\/p>\n<p>1.- Las alumnas deben inscribirse en todos los cursos que les corresponden, para que los profesores tengan un control efectivo de la asistencia de las estudiantes a sus clases.<\/p>\n<p>2.- La inscripci\u00f3n al curso, por parte de la estudiante, se debe realizar con correo electr\u00f3nico en el que se se\u00f1ale con claridad el nombre y el apellido de la alumna, todo esto para efectos de contabilizar la matr\u00edcula del respectivo curso. Los correos que no cuenten con este requisito ser\u00e1n eliminados por el equipo que administra la plataforma.<\/p>\n<p>3.- Las estudiantes que han recibido su dispositivo, a modo de pr\u00e9stamo, por parte del Colegio (Tablet, Pendrive, Disco externo) debido a problemas de conectividad, informada oportunamente y en los canales establecidos, y que ya le fueron entregados personalmente esta semana que termina, y que, a su vez, hayan ingresado en alguna oportunidad a la plataforma, ser\u00e1n eliminados de los respectivos cursos de la misma. Este procedimiento se hace con vistas a una mejor organizaci\u00f3n del estudio de las alumnas y en mejor control de la informaci\u00f3n de conectividad.<\/p>\n<p>4.- Las clases mantendr\u00e1n los mismos horarios definidos el 01 de abril del presente, en jornada de la ma\u00f1ana de 09 a 13:05 horas. Solicitamos que este horario sea efectivamente aprovechado, para la interacci\u00f3n de las estudiantes con el profesor o profesora, aclaraci\u00f3n<\/p>\n<p>de dudas, resoluci\u00f3n de problemas, informaciones varias, etc. Evitando con ello, la sobrecarga a los profesores en otros horarios y en otras plataformas de mensajer\u00eda instant\u00e1nea, cuid\u00e1ndonos mutuamente en nuestra calidad de vida. Se les solicitar\u00e1 a los profesores, igualmente, respondan a estas inquietudes bajo otras modalidades, s\u00f3lo si ello es necesario y en horarios de trabajo (hasta las 17:30 Horas).<\/p>\n<p>5.- Para evitar la sobrecarga de trabajo acad\u00e9mico de las estudiantes, los profesores jefes podr\u00e1n disponer de un calendario de actividades pedag\u00f3gicas por curso, para su consulta y comunicaci\u00f3n a las estudiantes y apoderados que la requieran y as\u00ed organizar mejor su estudio diario o semanal.<\/p>\n<p>6.- A partir del lunes 27 de abril, comenzar\u00e1 la programaci\u00f3n de c\u00e1psulas pedag\u00f3gicas a trav\u00e9s del canal TV Educa Chile, que se transmite por la se\u00f1al 2 de todos los canales de ANATEL, y a la que se han ido sumando las empresas de televisi\u00f3n por cable y satelital agrupadas en Acceso TV y otras asociaciones. La programaci\u00f3n de estas c\u00e1psulas se encontrar\u00e1 disponible en el sitio web del Mineduc y son un complemento a los esfuerzos que cada comunidad escolar se encuentra realizando. La programaci\u00f3n contempla tambi\u00e9n contenido en Lengua de Se\u00f1as Chilena.<\/p>\n<p>7.- RESPECTO DE ALIMENTACI\u00d3N JUNAEB:<\/p>\n<ul>\n<li>La segunda entrega de canastas del PAE se har\u00e1 efectiva entre el periodo comprendido desde el d\u00eda 27 al 30 de abril de 2020, seg\u00fan lo informado v\u00eda correo electr\u00f3nico por Junaeb.<\/li>\n<\/ul>\n<ul>\n<li>Dichas canastas cumplen con la estructura alimentaria que nuestras estudiantes reciben diariamente en su colegio, por lo que los alimentos entregados est\u00e1n planificados considerando una raci\u00f3n por estudiante y no para el grupo familiar de los\/as beneficiarios\/as, en este sentido, les solicitamos reforzar este concepto al hacer entrega de estas canastas.<\/li>\n<\/ul>\n<ul>\n<li>Les avisaremos oportunamente el d\u00eda y horarios en que se proceda a la entrega del beneficio, adem\u00e1s de la publicaci\u00f3n de las listas de beneficiarias, que son 581 estudiantes, seg\u00fan lista entregada por la misma Junaeb.<\/li>\n<\/ul>\n<p>8.- Cualquier cambio ser\u00e1 avisado por este medio, por lo que le invitamos a estar atentos a ello. Nos despedimos confiando en la Gracia y en la esperanza del Dios providente y misericordioso y en el manto protector de su madre sant\u00edsima.<\/p>\n<p>&nbsp;<\/p>\n<p>&nbsp;<\/p>\n<p>RICARDO MONTES P\u00c9REZ\u00a0 \u00a0 \u00a0 \u00a0 \u00a0 \u00a0 \u00a0 \u00a0 \u00a0 \u00a0 \u00a0 \u00a0 \u00a0 \u00a0 \u00a0 \u00a0 \u00a0 \u00a0 \u00a0 \u00a0 \u00a0 \u00a0 \u00a0 \u00a0 \u00a0 \u00a0 \u00a0 \u00a0 \u00a0 \u00a0 \u00a0 \u00a0 \u00a0 \u00a0 \u00a0 \u00a0 \u00a0 \u00a0 \u00a0 \u00a0 \u00a0 \u00a0 \u00a0 \u00a0 \u00a0 \u00a0 \u00a0 \u00a0 \u00a0 \u00a0 \u00a0 \u00a0 \u00a0 \u00a0 \u00a0 \u00a0 \u00a0 \u00a0 \u00a0 \u00a0 \u00a0 \u00a0 \u00a0 \u00a0 \u00a0 \u00a0 \u00a0 \u00a0 \u00a0 JORGE GORM\u00c1Z BARRIENTOS<\/p>\n<p>Coordinador Pedag\u00f3gico\u00a0 \u00a0 \u00a0 \u00a0 \u00a0 \u00a0 \u00a0 \u00a0 \u00a0 \u00a0 \u00a0 \u00a0 \u00a0 \u00a0 \u00a0 \u00a0 \u00a0 \u00a0 \u00a0 \u00a0 \u00a0 \u00a0 \u00a0 \u00a0 \u00a0 \u00a0 \u00a0 \u00a0 \u00a0 \u00a0 \u00a0 \u00a0 \u00a0 \u00a0 \u00a0 \u00a0 \u00a0 \u00a0 \u00a0 \u00a0 \u00a0 \u00a0 \u00a0 \u00a0 \u00a0 \u00a0 \u00a0 \u00a0 \u00a0 \u00a0 \u00a0 \u00a0 \u00a0 \u00a0 \u00a0 \u00a0 \u00a0 \u00a0 \u00a0 \u00a0 \u00a0 \u00a0 \u00a0 \u00a0 \u00a0 \u00a0 \u00a0 \u00a0 \u00a0 \u00a0 \u00a0 \u00a0 \u00a0 \u00a0 \u00a0 \u00a0 \u00a0 \u00a0Director<\/p>\n<p>&nbsp;<\/p>\n<p>OVALLE, 24 de abril de 2020.-<\/p>\n","protected":false},"excerpt":{"rendered":"<p>Estimados\/as Estudiantes y Apoderados\/as: &nbsp; Junto con saludar, y esperando que se encuentren muy bien junto a sus seres queridos, y como es de p\u00fablico conocimiento, este lunes 27 de abril concluyen las vacaciones de invierno que, debido a la contingencia debieron ser adelantadas, por el MINEDUC. En relaci\u00f3n con ello, y en vistas a las condiciones actuales, este retorno&nbsp;<a href=\"http:\/\/laprovidenciaovalle.cl\/colegio\/comunicado-oficial-n7-retorno-a-clases-virtuales-y-beneficios-junaeb\/\">[&hellip;]<\/a><\/p>\n","protected":false},"author":5,"featured_media":2759,"comment_status":"closed","ping_status":"closed","sticky":false,"template":"","format":"standard","meta":[],"categories":[16],"tags":[],"yoast_head":"<!-- This site is optimized with the Yoast SEO plugin v15.2 - https:\/\/yoast.com\/wordpress\/plugins\/seo\/ -->\n<title>Comunicado Oficial N\u00b07 &quot;Retorno a clases virtuales y Beneficios JUNAEB&quot; - Colegio La Providencia<\/title>\n<meta name=\"robots\" content=\"index, follow, max-snippet:-1, max-image-preview:large, max-video-preview:-1\" \/>\n<link rel=\"canonical\" href=\"http:\/\/laprovidenciaovalle.cl\/colegio\/comunicado-oficial-n7-retorno-a-clases-virtuales-y-beneficios-junaeb\/\" \/>\n<meta property=\"og:locale\" content=\"es_ES\" \/>\n<meta property=\"og:type\" content=\"article\" \/>\n<meta property=\"og:title\" content=\"Comunicado Oficial N\u00b07 &quot;Retorno a clases virtuales y Beneficios JUNAEB&quot; - Colegio La Providencia\" \/>\n<meta property=\"og:description\" content=\"Estimados\/as Estudiantes y Apoderados\/as: &nbsp; Junto con saludar, y esperando que se encuentren muy bien junto a sus seres queridos, y como es de p\u00fablico conocimiento, este lunes 27 de abril concluyen las vacaciones de invierno que, debido a la contingencia debieron ser adelantadas, por el MINEDUC. En relaci\u00f3n con ello, y en vistas a las condiciones actuales, este retorno&nbsp;[&hellip;]\" \/>\n<meta property=\"og:url\" content=\"http:\/\/laprovidenciaovalle.cl\/colegio\/comunicado-oficial-n7-retorno-a-clases-virtuales-y-beneficios-junaeb\/\" \/>\n<meta property=\"og:site_name\" content=\"Colegio La Providencia\" \/>\n<meta property=\"article:published_time\" content=\"2020-04-25T03:45:02+00:00\" \/>\n<meta property=\"og:image\" content=\"http:\/\/laprovidenciaovalle.cl\/colegio\/wp-content\/uploads\/2020\/03\/unnamed.jpg\" \/>\n\t<meta property=\"og:image:width\" content=\"512\" \/>\n\t<meta property=\"og:image:height\" content=\"229\" \/>\n<meta name=\"twitter:card\" content=\"summary_large_image\" \/>\n<meta name=\"twitter:label1\" value=\"Escrito por\">\n\t<meta name=\"twitter:data1\" value=\"Comunicaciones Colegio\">\n\t<meta name=\"twitter:label2\" value=\"Tiempo de lectura\">\n\t<meta name=\"twitter:data2\" value=\"3 minutos\">\n<script type=\"application\/ld+json\" class=\"yoast-schema-graph\">{\"@context\":\"https:\/\/schema.org\",\"@graph\":[{\"@type\":\"WebSite\",\"@id\":\"http:\/\/laprovidenciaovalle.cl\/colegio\/#website\",\"url\":\"http:\/\/laprovidenciaovalle.cl\/colegio\/\",\"name\":\"Colegio La Providencia\",\"description\":\"Ovalle\",\"potentialAction\":[{\"@type\":\"SearchAction\",\"target\":\"http:\/\/laprovidenciaovalle.cl\/colegio\/?s={search_term_string}\",\"query-input\":\"required name=search_term_string\"}],\"inLanguage\":\"es\"},{\"@type\":\"ImageObject\",\"@id\":\"http:\/\/laprovidenciaovalle.cl\/colegio\/comunicado-oficial-n7-retorno-a-clases-virtuales-y-beneficios-junaeb\/#primaryimage\",\"inLanguage\":\"es\",\"url\":\"http:\/\/laprovidenciaovalle.cl\/colegio\/wp-content\/uploads\/2020\/03\/unnamed.jpg\",\"width\":512,\"height\":229},{\"@type\":\"WebPage\",\"@id\":\"http:\/\/laprovidenciaovalle.cl\/colegio\/comunicado-oficial-n7-retorno-a-clases-virtuales-y-beneficios-junaeb\/#webpage\",\"url\":\"http:\/\/laprovidenciaovalle.cl\/colegio\/comunicado-oficial-n7-retorno-a-clases-virtuales-y-beneficios-junaeb\/\",\"name\":\"Comunicado Oficial N\\u00b07 \\\"Retorno a clases virtuales y Beneficios JUNAEB\\\" - Colegio La Providencia\",\"isPartOf\":{\"@id\":\"http:\/\/laprovidenciaovalle.cl\/colegio\/#website\"},\"primaryImageOfPage\":{\"@id\":\"http:\/\/laprovidenciaovalle.cl\/colegio\/comunicado-oficial-n7-retorno-a-clases-virtuales-y-beneficios-junaeb\/#primaryimage\"},\"datePublished\":\"2020-04-25T03:45:02+00:00\",\"dateModified\":\"2020-04-25T03:45:02+00:00\",\"author\":{\"@id\":\"http:\/\/laprovidenciaovalle.cl\/colegio\/#\/schema\/person\/1035f45cd35e1948fb928fcdc74228fe\"},\"inLanguage\":\"es\",\"potentialAction\":[{\"@type\":\"ReadAction\",\"target\":[\"http:\/\/laprovidenciaovalle.cl\/colegio\/comunicado-oficial-n7-retorno-a-clases-virtuales-y-beneficios-junaeb\/\"]}]},{\"@type\":\"Person\",\"@id\":\"http:\/\/laprovidenciaovalle.cl\/colegio\/#\/schema\/person\/1035f45cd35e1948fb928fcdc74228fe\",\"name\":\"Comunicaciones Colegio\",\"image\":{\"@type\":\"ImageObject\",\"@id\":\"http:\/\/laprovidenciaovalle.cl\/colegio\/#personlogo\",\"inLanguage\":\"es\",\"url\":\"http:\/\/2.gravatar.com\/avatar\/5d0b6f6fbda2852def0dc3e63e38d319?s=96&d=mm&r=g\",\"caption\":\"Comunicaciones Colegio\"}}]}<\/script>\n<!-- \/ Yoast SEO plugin. -->","_links":{"self":[{"href":"http:\/\/laprovidenciaovalle.cl\/colegio\/wp-json\/wp\/v2\/posts\/3392"}],"collection":[{"href":"http:\/\/laprovidenciaovalle.cl\/colegio\/wp-json\/wp\/v2\/posts"}],"about":[{"href":"http:\/\/laprovidenciaovalle.cl\/colegio\/wp-json\/wp\/v2\/types\/post"}],"author":[{"embeddable":true,"href":"http:\/\/laprovidenciaovalle.cl\/colegio\/wp-json\/wp\/v2\/users\/5"}],"replies":[{"embeddable":true,"href":"http:\/\/laprovidenciaovalle.cl\/colegio\/wp-json\/wp\/v2\/comments?post=3392"}],"version-history":[{"count":1,"href":"http:\/\/laprovidenciaovalle.cl\/colegio\/wp-json\/wp\/v2\/posts\/3392\/revisions"}],"predecessor-version":[{"id":3393,"href":"http:\/\/laprovidenciaovalle.cl\/colegio\/wp-json\/wp\/v2\/posts\/3392\/revisions\/3393"}],"wp:featuredmedia":[{"embeddable":true,"href":"http:\/\/laprovidenciaovalle.cl\/colegio\/wp-json\/wp\/v2\/media\/2759"}],"wp:attachment":[{"href":"http:\/\/laprovidenciaovalle.cl\/colegio\/wp-json\/wp\/v2\/media?parent=3392"}],"wp:term":[{"taxonomy":"category","embeddable":true,"href":"http:\/\/laprovidenciaovalle.cl\/colegio\/wp-json\/wp\/v2\/categories?post=3392"},{"taxonomy":"post_tag","embeddable":true,"href":"http:\/\/laprovidenciaovalle.cl\/colegio\/wp-json\/wp\/v2\/tags?post=3392"}],"curies":[{"name":"wp","href":"https:\/\/api.w.org\/{rel}","templated":true}]}}