{"id":3402,"date":"2020-04-28T20:33:54","date_gmt":"2020-04-29T00:33:54","guid":{"rendered":"http:\/\/laprovidenciaovalle.cl\/colegio\/?p=3402"},"modified":"2020-04-28T20:57:40","modified_gmt":"2020-04-29T00:57:40","slug":"comunicado-n8-instrucciones-en-el-uso-de-la-plataforma-virtual","status":"publish","type":"post","link":"http:\/\/laprovidenciaovalle.cl\/colegio\/comunicado-n8-instrucciones-en-el-uso-de-la-plataforma-virtual\/","title":{"rendered":"Comunicado N\u00b08 &#8220;INSTRUCCIONES EN EL USO DE LA PLATAFORMA VIRTUAL&#8221;"},"content":{"rendered":"<p><img loading=\"lazy\" class=\" wp-image-2549 alignleft\" src=\"http:\/\/laprovidenciaovalle.cl\/colegio\/wp-content\/uploads\/2019\/12\/Insignias-Colegio-Providencia-Ovalle-186x300.jpg\" alt=\"\" width=\"141\" height=\"227\" srcset=\"http:\/\/laprovidenciaovalle.cl\/colegio\/wp-content\/uploads\/2019\/12\/Insignias-Colegio-Providencia-Ovalle-186x300.jpg 186w, http:\/\/laprovidenciaovalle.cl\/colegio\/wp-content\/uploads\/2019\/12\/Insignias-Colegio-Providencia-Ovalle-635x1024.jpg 635w, http:\/\/laprovidenciaovalle.cl\/colegio\/wp-content\/uploads\/2019\/12\/Insignias-Colegio-Providencia-Ovalle-768x1238.jpg 768w, http:\/\/laprovidenciaovalle.cl\/colegio\/wp-content\/uploads\/2019\/12\/Insignias-Colegio-Providencia-Ovalle-953x1536.jpg 953w, http:\/\/laprovidenciaovalle.cl\/colegio\/wp-content\/uploads\/2019\/12\/Insignias-Colegio-Providencia-Ovalle-93x150.jpg 93w, http:\/\/laprovidenciaovalle.cl\/colegio\/wp-content\/uploads\/2019\/12\/Insignias-Colegio-Providencia-Ovalle.jpg 1032w\" sizes=\"(max-width: 141px) 100vw, 141px\" \/><\/p>\n<p>&nbsp;<\/p>\n<p>Estimados\/as Apoderados:<\/p>\n<p>El Colegio La Providencia, y su equipo de docentes, han hecho un esfuerzo por resguardar la continuidad de las actividades curriculares de nuestras estudiantes, en este per\u00edodo de crisis y suspensi\u00f3n de clases presenciales. Lo hemos hecho a trav\u00e9s de la plataforma virtual Google Classroom. Modalidad de educaci\u00f3n a distancia que ha significado, por parte de nuestros docentes, invertir m\u00e1s tecnolog\u00eda y tiempo, con las sabidas complicaciones que eso implica. Sin embargo, hemos notado que este esfuerzo no est\u00e1 siendo aprovechado adecuadamente por nuestras alumnas, por lo que <strong>rogamos a Uds. nos puedan ayudar a incentivar, insistir y supervisar el trabajo de sus hijas o pupilas <\/strong>y as\u00ed sacar mejor provecho a esta modalidad de aprendizaje remoto.<\/p>\n<p>Por lo anterior, le solicitamos su cooperaci\u00f3n en:<\/p>\n<ol>\n<li>Monitorear su ingreso y participaci\u00f3n en la plataforma de sus hijas o pupilas desde el inicio de la jornada, 9:00 am y hasta el t\u00e9rmino de sus clases, 13:05 hrs.<\/li>\n<li><strong>Los c\u00f3digos de las asignaturas son los mismos entregados antes del receso por vacaciones,<\/strong> es decir, no hay c\u00f3digos nuevos porque no hay asignaturas nuevas. En caso de no tenerlos, dichos c\u00f3digos pueden ser solicitados a los profesores jefes.<\/li>\n<li><strong>Ser puntuales en el ingreso a las clases,<\/strong> ya que, los profesores pasan asistencia en cada clase del d\u00eda.<\/li>\n<li>Informar a los profesores cuando existan problemas de conexi\u00f3n y sea m\u00e1s lento el ingreso a la plataforma y as\u00ed lo puedan consignar en su listado de asistencia.<\/li>\n<li><strong>Las alumnas que han recibido dispositivos por parte del Colegio NO est\u00e1n obligadas a ingresar a la plataforma.<\/strong><\/li>\n<li>Aprovechar de preguntar, aclarar dudas, intervenir en los tiempos dedicados a los respectivos cursos, evitando realizar consultas a profesores despu\u00e9s de las 17:30 hrs.<\/li>\n<li><strong>Por el momento, las asignaturas s\u00f3lo contemplan evaluaciones formativas<\/strong>, favoreciendo la retroalimentaci\u00f3n. Informaremos oportunamente si habr\u00e1 cambios en ello, mediante comunicado oficial publicado en la p\u00e1gina web del colegio, por lo que es importante que su hija organice su tiempo de estudio para as\u00ed no quedar atrasada en la programaci\u00f3n colegio.<\/li>\n<li><strong>Desconocemos cuanto tiempo m\u00e1s estaremos bajo esta modalidad o si existir\u00e1 alguna medida de transici\u00f3n para el reingreso a clases. Por lo mismo es clave que su hija aproveche al m\u00e1ximo a sus profesores y las clases programadas para cada d\u00eda v\u00eda plataforma.<\/strong><\/li>\n<\/ol>\n<p><strong><u>\u00a0<\/u><\/strong><\/p>\n<p>&nbsp;<\/p>\n<p><strong>\u00a0 \u00a0 \u00a0 \u00a0 \u00a0 \u00a0 \u00a0 \u00a0 \u00a0 \u00a0 \u00a0 RICARDO MONTES P\u00c9REZ\u00a0 \u00a0 \u00a0 \u00a0 \u00a0 \u00a0 \u00a0 \u00a0 \u00a0 \u00a0 \u00a0 \u00a0 \u00a0 \u00a0 \u00a0 \u00a0 \u00a0 \u00a0 \u00a0 \u00a0 \u00a0 \u00a0 \u00a0 \u00a0 \u00a0 \u00a0 \u00a0 \u00a0 \u00a0 \u00a0 \u00a0 \u00a0 \u00a0 \u00a0 \u00a0 \u00a0 \u00a0 \u00a0 JORGE GORMAZ BARRIENTOS<\/strong><\/p>\n<p><strong>\u00a0 \u00a0 \u00a0 \u00a0 \u00a0 \u00a0 \u00a0 \u00a0 \u00a0 \u00a0 \u00a0 \u00a0 \u00a0 \u00a0 Coordinador Pedag\u00f3gico\u00a0 \u00a0 \u00a0 \u00a0 \u00a0 \u00a0 \u00a0 \u00a0 \u00a0 \u00a0 \u00a0 \u00a0 \u00a0 \u00a0 \u00a0 \u00a0 \u00a0 \u00a0 \u00a0 \u00a0 \u00a0 \u00a0 \u00a0 \u00a0 \u00a0 \u00a0 \u00a0 \u00a0 \u00a0 \u00a0 \u00a0 \u00a0 \u00a0 \u00a0 \u00a0 \u00a0 \u00a0 \u00a0 \u00a0 \u00a0 \u00a0 \u00a0 \u00a0 \u00a0 \u00a0 \u00a0 \u00a0 \u00a0 \u00a0 \u00a0 \u00a0Director<\/strong><\/p>\n","protected":false},"excerpt":{"rendered":"<p>&nbsp; Estimados\/as Apoderados: El Colegio La Providencia, y su equipo de docentes, han hecho un esfuerzo por resguardar la continuidad de las actividades curriculares de nuestras estudiantes, en este per\u00edodo de crisis y suspensi\u00f3n de clases presenciales. Lo hemos hecho a trav\u00e9s de la plataforma virtual Google Classroom. Modalidad de educaci\u00f3n a distancia que ha significado, por parte de nuestros&nbsp;<a href=\"http:\/\/laprovidenciaovalle.cl\/colegio\/comunicado-n8-instrucciones-en-el-uso-de-la-plataforma-virtual\/\">[&hellip;]<\/a><\/p>\n","protected":false},"author":5,"featured_media":3237,"comment_status":"closed","ping_status":"closed","sticky":false,"template":"","format":"standard","meta":[],"categories":[16],"tags":[],"yoast_head":"<!-- This site is optimized with the Yoast SEO plugin v15.2 - https:\/\/yoast.com\/wordpress\/plugins\/seo\/ -->\n<title>Comunicado N\u00b08 &quot;INSTRUCCIONES EN EL USO DE LA PLATAFORMA VIRTUAL&quot; - Colegio La Providencia<\/title>\n<meta name=\"robots\" content=\"index, follow, max-snippet:-1, max-image-preview:large, max-video-preview:-1\" \/>\n<link rel=\"canonical\" href=\"http:\/\/laprovidenciaovalle.cl\/colegio\/comunicado-n8-instrucciones-en-el-uso-de-la-plataforma-virtual\/\" \/>\n<meta property=\"og:locale\" content=\"es_ES\" \/>\n<meta property=\"og:type\" content=\"article\" \/>\n<meta property=\"og:title\" content=\"Comunicado N\u00b08 &quot;INSTRUCCIONES EN EL USO DE LA PLATAFORMA VIRTUAL&quot; - Colegio La Providencia\" \/>\n<meta property=\"og:description\" content=\"&nbsp; Estimados\/as Apoderados: El Colegio La Providencia, y su equipo de docentes, han hecho un esfuerzo por resguardar la continuidad de las actividades curriculares de nuestras estudiantes, en este per\u00edodo de crisis y suspensi\u00f3n de clases presenciales. Lo hemos hecho a trav\u00e9s de la plataforma virtual Google Classroom. Modalidad de educaci\u00f3n a distancia que ha significado, por parte de nuestros&nbsp;[&hellip;]\" \/>\n<meta property=\"og:url\" content=\"http:\/\/laprovidenciaovalle.cl\/colegio\/comunicado-n8-instrucciones-en-el-uso-de-la-plataforma-virtual\/\" \/>\n<meta property=\"og:site_name\" content=\"Colegio La Providencia\" \/>\n<meta property=\"article:published_time\" content=\"2020-04-29T00:33:54+00:00\" \/>\n<meta property=\"article:modified_time\" content=\"2020-04-29T00:57:40+00:00\" \/>\n<meta property=\"og:image\" content=\"http:\/\/laprovidenciaovalle.cl\/colegio\/wp-content\/uploads\/2020\/03\/google_classroom.jpg_1666307752.jpg\" \/>\n\t<meta property=\"og:image:width\" content=\"1200\" \/>\n\t<meta property=\"og:image:height\" content=\"675\" \/>\n<meta name=\"twitter:card\" content=\"summary_large_image\" \/>\n<meta name=\"twitter:label1\" value=\"Escrito por\">\n\t<meta name=\"twitter:data1\" value=\"Comunicaciones Colegio\">\n\t<meta name=\"twitter:label2\" value=\"Tiempo de lectura\">\n\t<meta name=\"twitter:data2\" value=\"2 minutos\">\n<script type=\"application\/ld+json\" class=\"yoast-schema-graph\">{\"@context\":\"https:\/\/schema.org\",\"@graph\":[{\"@type\":\"WebSite\",\"@id\":\"http:\/\/laprovidenciaovalle.cl\/colegio\/#website\",\"url\":\"http:\/\/laprovidenciaovalle.cl\/colegio\/\",\"name\":\"Colegio La Providencia\",\"description\":\"Ovalle\",\"potentialAction\":[{\"@type\":\"SearchAction\",\"target\":\"http:\/\/laprovidenciaovalle.cl\/colegio\/?s={search_term_string}\",\"query-input\":\"required name=search_term_string\"}],\"inLanguage\":\"es\"},{\"@type\":\"ImageObject\",\"@id\":\"http:\/\/laprovidenciaovalle.cl\/colegio\/comunicado-n8-instrucciones-en-el-uso-de-la-plataforma-virtual\/#primaryimage\",\"inLanguage\":\"es\",\"url\":\"http:\/\/laprovidenciaovalle.cl\/colegio\/wp-content\/uploads\/2020\/03\/google_classroom.jpg_1666307752.jpg\",\"width\":1200,\"height\":675},{\"@type\":\"WebPage\",\"@id\":\"http:\/\/laprovidenciaovalle.cl\/colegio\/comunicado-n8-instrucciones-en-el-uso-de-la-plataforma-virtual\/#webpage\",\"url\":\"http:\/\/laprovidenciaovalle.cl\/colegio\/comunicado-n8-instrucciones-en-el-uso-de-la-plataforma-virtual\/\",\"name\":\"Comunicado N\\u00b08 \\\"INSTRUCCIONES EN EL USO DE LA PLATAFORMA VIRTUAL\\\" - Colegio La Providencia\",\"isPartOf\":{\"@id\":\"http:\/\/laprovidenciaovalle.cl\/colegio\/#website\"},\"primaryImageOfPage\":{\"@id\":\"http:\/\/laprovidenciaovalle.cl\/colegio\/comunicado-n8-instrucciones-en-el-uso-de-la-plataforma-virtual\/#primaryimage\"},\"datePublished\":\"2020-04-29T00:33:54+00:00\",\"dateModified\":\"2020-04-29T00:57:40+00:00\",\"author\":{\"@id\":\"http:\/\/laprovidenciaovalle.cl\/colegio\/#\/schema\/person\/1035f45cd35e1948fb928fcdc74228fe\"},\"inLanguage\":\"es\",\"potentialAction\":[{\"@type\":\"ReadAction\",\"target\":[\"http:\/\/laprovidenciaovalle.cl\/colegio\/comunicado-n8-instrucciones-en-el-uso-de-la-plataforma-virtual\/\"]}]},{\"@type\":\"Person\",\"@id\":\"http:\/\/laprovidenciaovalle.cl\/colegio\/#\/schema\/person\/1035f45cd35e1948fb928fcdc74228fe\",\"name\":\"Comunicaciones Colegio\",\"image\":{\"@type\":\"ImageObject\",\"@id\":\"http:\/\/laprovidenciaovalle.cl\/colegio\/#personlogo\",\"inLanguage\":\"es\",\"url\":\"http:\/\/2.gravatar.com\/avatar\/5d0b6f6fbda2852def0dc3e63e38d319?s=96&d=mm&r=g\",\"caption\":\"Comunicaciones Colegio\"}}]}<\/script>\n<!-- \/ Yoast SEO plugin. -->","_links":{"self":[{"href":"http:\/\/laprovidenciaovalle.cl\/colegio\/wp-json\/wp\/v2\/posts\/3402"}],"collection":[{"href":"http:\/\/laprovidenciaovalle.cl\/colegio\/wp-json\/wp\/v2\/posts"}],"about":[{"href":"http:\/\/laprovidenciaovalle.cl\/colegio\/wp-json\/wp\/v2\/types\/post"}],"author":[{"embeddable":true,"href":"http:\/\/laprovidenciaovalle.cl\/colegio\/wp-json\/wp\/v2\/users\/5"}],"replies":[{"embeddable":true,"href":"http:\/\/laprovidenciaovalle.cl\/colegio\/wp-json\/wp\/v2\/comments?post=3402"}],"version-history":[{"count":3,"href":"http:\/\/laprovidenciaovalle.cl\/colegio\/wp-json\/wp\/v2\/posts\/3402\/revisions"}],"predecessor-version":[{"id":3405,"href":"http:\/\/laprovidenciaovalle.cl\/colegio\/wp-json\/wp\/v2\/posts\/3402\/revisions\/3405"}],"wp:featuredmedia":[{"embeddable":true,"href":"http:\/\/laprovidenciaovalle.cl\/colegio\/wp-json\/wp\/v2\/media\/3237"}],"wp:attachment":[{"href":"http:\/\/laprovidenciaovalle.cl\/colegio\/wp-json\/wp\/v2\/media?parent=3402"}],"wp:term":[{"taxonomy":"category","embeddable":true,"href":"http:\/\/laprovidenciaovalle.cl\/colegio\/wp-json\/wp\/v2\/categories?post=3402"},{"taxonomy":"post_tag","embeddable":true,"href":"http:\/\/laprovidenciaovalle.cl\/colegio\/wp-json\/wp\/v2\/tags?post=3402"}],"curies":[{"name":"wp","href":"https:\/\/api.w.org\/{rel}","templated":true}]}}