{"id":3407,"date":"2020-04-28T23:18:10","date_gmt":"2020-04-29T03:18:10","guid":{"rendered":"http:\/\/laprovidenciaovalle.cl\/colegio\/?p=3407"},"modified":"2020-04-28T23:18:10","modified_gmt":"2020-04-29T03:18:10","slug":"comunicado-n9-canastas-junaeb","status":"publish","type":"post","link":"http:\/\/laprovidenciaovalle.cl\/colegio\/comunicado-n9-canastas-junaeb\/","title":{"rendered":"Comunicado N\u00b09 &#8221; Canastas JUNAEB&#8221;"},"content":{"rendered":"<p><img loading=\"lazy\" class=\" wp-image-2549 alignleft\" src=\"http:\/\/laprovidenciaovalle.cl\/colegio\/wp-content\/uploads\/2019\/12\/Insignias-Colegio-Providencia-Ovalle-186x300.jpg\" alt=\"\" width=\"94\" height=\"151\" srcset=\"http:\/\/laprovidenciaovalle.cl\/colegio\/wp-content\/uploads\/2019\/12\/Insignias-Colegio-Providencia-Ovalle-186x300.jpg 186w, http:\/\/laprovidenciaovalle.cl\/colegio\/wp-content\/uploads\/2019\/12\/Insignias-Colegio-Providencia-Ovalle-635x1024.jpg 635w, http:\/\/laprovidenciaovalle.cl\/colegio\/wp-content\/uploads\/2019\/12\/Insignias-Colegio-Providencia-Ovalle-768x1238.jpg 768w, http:\/\/laprovidenciaovalle.cl\/colegio\/wp-content\/uploads\/2019\/12\/Insignias-Colegio-Providencia-Ovalle-953x1536.jpg 953w, http:\/\/laprovidenciaovalle.cl\/colegio\/wp-content\/uploads\/2019\/12\/Insignias-Colegio-Providencia-Ovalle-93x150.jpg 93w, http:\/\/laprovidenciaovalle.cl\/colegio\/wp-content\/uploads\/2019\/12\/Insignias-Colegio-Providencia-Ovalle.jpg 1032w\" sizes=\"(max-width: 94px) 100vw, 94px\" \/><\/p>\n<p>&nbsp;<\/p>\n<p>&nbsp;<\/p>\n<p>&nbsp;<\/p>\n<p>&nbsp;<\/p>\n<p>&nbsp;<\/p>\n<p>Estimadas familias<\/p>\n<p>Junto con saludar, me permito compartir con ustedes informaci\u00f3n sobre Canasta de alimentos Junaeb, segunda entrega:<\/p>\n<p>a) Junaeb tiene programada llegada de cami\u00f3n con alimentos para ma\u00f1ana mi\u00e9rcoles 29 de abril al colegio. Las se\u00f1oras manipuladoras de alimentos armar\u00e1n canastas durante la tarde del mismo d\u00eda.<\/p>\n<p>b)<strong> Para el jueves 30 est\u00e1 programada entrega de las canastas, por el acceso de Tocopilla del colegio. Los horarios son los siguientes: <\/strong><\/p>\n<ol>\n<li><strong>9:00 a 14:00 hrs.<\/strong><\/li>\n<\/ol>\n<p><strong>\u00a0 \u00a0 \u00a0 2. 14:30 a 18:30 hrs. <\/strong><\/p>\n<p>c) La canasta entregada por Junaeb est\u00e1 compuesta por los siguientes alimentos:<\/p>\n<table style=\"height: 1329px;\" width=\"885\">\n<tbody>\n<tr>\n<td colspan=\"3\" width=\"552\"><strong>\u00a0 \u00a0 \u00a0 \u00a0 \u00a0 \u00a0 \u00a0 \u00a0 \u00a0 \u00a0 \u00a0 \u00a0 \u00a0 \u00a0 \u00a0 \u00a0 \u00a0 \u00a0 \u00a0 \u00a0 \u00a0 \u00a0 \u00a0 \u00a0 \u00a0 \u00a0 \u00a0 \u00a0 \u00a0 \u00a0 \u00a0 \u00a0 \u00a0 \u00a0 \u00a0 \u00a0 \u00a0 \u00a0 \u00a0 CANASTA JUNAEB<\/strong><\/td>\n<\/tr>\n<tr>\n<td width=\"172\">&nbsp;<\/p>\n<p><strong>PRODUCTO<\/strong><\/td>\n<td width=\"148\">&nbsp;<\/p>\n<p><strong>CANTIDADES POR CANASTA<\/strong><\/td>\n<td width=\"232\">&nbsp;<\/p>\n<p><strong>SUSTITUTOS POSIBLES<\/strong><\/td>\n<\/tr>\n<tr>\n<td colspan=\"3\" width=\"552\"><strong>DESAYUNO<\/strong><\/td>\n<\/tr>\n<tr>\n<td width=\"172\">F\u00f3rmula l\u00e1ctea<\/td>\n<td width=\"148\">1 paquete kilo<\/td>\n<td width=\"232\">Leche 12\/18\/26%MG<\/td>\n<\/tr>\n<tr>\n<td width=\"172\">Avena<\/td>\n<td width=\"148\">1 paquete 300gr min<\/td>\n<td width=\"232\">Granola, cereal laminado, cereal inflado gramaje min 300 gr.<\/td>\n<\/tr>\n<tr>\n<td colspan=\"3\" width=\"552\"><strong>ALMUERZO<\/strong><\/td>\n<\/tr>\n<tr>\n<td width=\"172\">Fideos blancos o tricolor, tallarines, espirales, etc<\/td>\n<td width=\"148\">2 paquete 400gr<\/td>\n<td width=\"232\">1 kilo arroz<\/td>\n<\/tr>\n<tr>\n<td width=\"172\">Leguminosa<\/td>\n<td width=\"148\">1 paquete kilo<\/td>\n<td width=\"232\">&nbsp;<\/td>\n<\/tr>\n<tr>\n<td width=\"172\">Huevo<\/td>\n<td width=\"148\">2 unidades<\/td>\n<td width=\"232\">&nbsp;<\/td>\n<\/tr>\n<tr>\n<td width=\"172\">Jurel<\/td>\n<td width=\"148\">3 tarros<\/td>\n<td width=\"232\">1 kilo de carne (pollo\/vacuno\/cerdo\/at\u00fan) pouch<\/td>\n<\/tr>\n<tr>\n<td width=\"172\">Cebolla<\/td>\n<td width=\"148\">300 gramos<\/td>\n<td rowspan=\"4\" width=\"232\">&nbsp;<\/p>\n<p>&nbsp;<\/p>\n<p>&nbsp;<\/p>\n<p>Variedad de verdura en el gramaje equivalente<\/td>\n<\/tr>\n<tr>\n<td width=\"172\">Zanahoria<\/td>\n<td width=\"148\">400 gramos<\/td>\n<\/tr>\n<tr>\n<td width=\"172\">Papa<\/td>\n<td width=\"148\">500 gramos<\/td>\n<\/tr>\n<tr>\n<td width=\"172\">Tomate<\/td>\n<td width=\"148\">500 gramos<\/td>\n<\/tr>\n<tr>\n<td width=\"172\">Aceite<\/td>\n<td width=\"148\">1 unidad 900ml<\/td>\n<td width=\"232\">&nbsp;<\/td>\n<\/tr>\n<tr>\n<td width=\"172\">Salsa tomate<\/td>\n<td width=\"148\">1 pqte 200<\/td>\n<td width=\"232\">&nbsp;<\/td>\n<\/tr>\n<tr>\n<td width=\"172\">&nbsp;<\/p>\n<p>Fruta fresca<\/td>\n<td width=\"148\">&nbsp;<\/p>\n<p>2 kilos<\/td>\n<td width=\"232\">15 un pur\u00e9 fruta o 3 tarros de fruta en conserva o la mezcla de estos hasta completar las 15 porciones.<\/td>\n<\/tr>\n<\/tbody>\n<\/table>\n<p>d) \u201cDichas canastas cumplen con la estructura alimentaria que nuestras estudiantes reciben diariamente en sus comunidades educativas, por lo que los alimentos entregados est\u00e1n planificados considerando una raci\u00f3n por estudiante y no para el grupo familiar de los\/as beneficiarios\/as, en este sentido, les solicitamos reforzar este concepto al hacer entrega de estas canastas.\u201d (lineamientos entrega canastas)<\/p>\n<p>e) Es importante el retiro de la canasta en la fecha se\u00f1alada, porque contiene fruta y verdura que pudiese echarse a perder o disminuir su calidad.<\/p>\n<p><u>f)<\/u><strong><u> Recordar:<\/u><\/strong><\/p>\n<ol>\n<li><strong><u>Que la programaci\u00f3n antes descrita puede sufrir cambios si Junaeb llegase a no cumplir con la llegada de alimentos a nuestra instituci\u00f3n.<\/u><\/strong><\/li>\n<li><strong><u>El medio oficial de comunicaci\u00f3n es lo que se publica en la p\u00e1gina web, lo que puedan socializar nuestros profesores jefes y las redes sociales del colegio.<\/u><\/strong><\/li>\n<\/ol>\n<p><strong>\u00a0<\/strong><\/p>\n<p><strong>\u00a0<\/strong><\/p>\n<p>Atte.<\/p>\n<p>Direcci\u00f3n<\/p>\n<p>&nbsp;<\/p>\n<p>OVALLE, 28 de abril de 2020.-<\/p>\n","protected":false},"excerpt":{"rendered":"<p>&nbsp; &nbsp; &nbsp; &nbsp; &nbsp; Estimadas familias Junto con saludar, me permito compartir con ustedes informaci\u00f3n sobre Canasta de alimentos Junaeb, segunda entrega: a) Junaeb tiene programada llegada de cami\u00f3n con alimentos para ma\u00f1ana mi\u00e9rcoles 29 de abril al colegio. Las se\u00f1oras manipuladoras de alimentos armar\u00e1n canastas durante la tarde del mismo d\u00eda. b) Para el jueves 30 est\u00e1 programada&nbsp;<a href=\"http:\/\/laprovidenciaovalle.cl\/colegio\/comunicado-n9-canastas-junaeb\/\">[&hellip;]<\/a><\/p>\n","protected":false},"author":5,"featured_media":2573,"comment_status":"closed","ping_status":"closed","sticky":false,"template":"","format":"standard","meta":[],"categories":[16],"tags":[],"yoast_head":"<!-- This site is optimized with the Yoast SEO plugin v15.2 - https:\/\/yoast.com\/wordpress\/plugins\/seo\/ -->\n<title>Comunicado N\u00b09 &quot; Canastas JUNAEB&quot; - Colegio La Providencia<\/title>\n<meta name=\"robots\" content=\"index, follow, max-snippet:-1, max-image-preview:large, max-video-preview:-1\" \/>\n<link rel=\"canonical\" href=\"http:\/\/laprovidenciaovalle.cl\/colegio\/comunicado-n9-canastas-junaeb\/\" \/>\n<meta property=\"og:locale\" content=\"es_ES\" \/>\n<meta property=\"og:type\" content=\"article\" \/>\n<meta property=\"og:title\" content=\"Comunicado N\u00b09 &quot; Canastas JUNAEB&quot; - Colegio La Providencia\" \/>\n<meta property=\"og:description\" content=\"&nbsp; &nbsp; &nbsp; &nbsp; &nbsp; Estimadas familias Junto con saludar, me permito compartir con ustedes informaci\u00f3n sobre Canasta de alimentos Junaeb, segunda entrega: a) Junaeb tiene programada llegada de cami\u00f3n con alimentos para ma\u00f1ana mi\u00e9rcoles 29 de abril al colegio. Las se\u00f1oras manipuladoras de alimentos armar\u00e1n canastas durante la tarde del mismo d\u00eda. b) Para el jueves 30 est\u00e1 programada&nbsp;[&hellip;]\" \/>\n<meta property=\"og:url\" content=\"http:\/\/laprovidenciaovalle.cl\/colegio\/comunicado-n9-canastas-junaeb\/\" \/>\n<meta property=\"og:site_name\" content=\"Colegio La Providencia\" \/>\n<meta property=\"article:published_time\" content=\"2020-04-29T03:18:10+00:00\" \/>\n<meta property=\"og:image\" content=\"http:\/\/laprovidenciaovalle.cl\/colegio\/wp-content\/uploads\/2020\/03\/junaeb.png\" \/>\n\t<meta property=\"og:image:width\" content=\"225\" \/>\n\t<meta property=\"og:image:height\" content=\"225\" \/>\n<meta name=\"twitter:card\" content=\"summary_large_image\" \/>\n<meta name=\"twitter:label1\" value=\"Escrito por\">\n\t<meta name=\"twitter:data1\" value=\"Comunicaciones Colegio\">\n\t<meta name=\"twitter:label2\" value=\"Tiempo de lectura\">\n\t<meta name=\"twitter:data2\" value=\"1 minuto\">\n<script type=\"application\/ld+json\" class=\"yoast-schema-graph\">{\"@context\":\"https:\/\/schema.org\",\"@graph\":[{\"@type\":\"WebSite\",\"@id\":\"http:\/\/laprovidenciaovalle.cl\/colegio\/#website\",\"url\":\"http:\/\/laprovidenciaovalle.cl\/colegio\/\",\"name\":\"Colegio La Providencia\",\"description\":\"Ovalle\",\"potentialAction\":[{\"@type\":\"SearchAction\",\"target\":\"http:\/\/laprovidenciaovalle.cl\/colegio\/?s={search_term_string}\",\"query-input\":\"required name=search_term_string\"}],\"inLanguage\":\"es\"},{\"@type\":\"ImageObject\",\"@id\":\"http:\/\/laprovidenciaovalle.cl\/colegio\/comunicado-n9-canastas-junaeb\/#primaryimage\",\"inLanguage\":\"es\",\"url\":\"http:\/\/laprovidenciaovalle.cl\/colegio\/wp-content\/uploads\/2020\/03\/junaeb.png\",\"width\":225,\"height\":225},{\"@type\":\"WebPage\",\"@id\":\"http:\/\/laprovidenciaovalle.cl\/colegio\/comunicado-n9-canastas-junaeb\/#webpage\",\"url\":\"http:\/\/laprovidenciaovalle.cl\/colegio\/comunicado-n9-canastas-junaeb\/\",\"name\":\"Comunicado N\\u00b09 \\\" Canastas JUNAEB\\\" - Colegio La Providencia\",\"isPartOf\":{\"@id\":\"http:\/\/laprovidenciaovalle.cl\/colegio\/#website\"},\"primaryImageOfPage\":{\"@id\":\"http:\/\/laprovidenciaovalle.cl\/colegio\/comunicado-n9-canastas-junaeb\/#primaryimage\"},\"datePublished\":\"2020-04-29T03:18:10+00:00\",\"dateModified\":\"2020-04-29T03:18:10+00:00\",\"author\":{\"@id\":\"http:\/\/laprovidenciaovalle.cl\/colegio\/#\/schema\/person\/1035f45cd35e1948fb928fcdc74228fe\"},\"inLanguage\":\"es\",\"potentialAction\":[{\"@type\":\"ReadAction\",\"target\":[\"http:\/\/laprovidenciaovalle.cl\/colegio\/comunicado-n9-canastas-junaeb\/\"]}]},{\"@type\":\"Person\",\"@id\":\"http:\/\/laprovidenciaovalle.cl\/colegio\/#\/schema\/person\/1035f45cd35e1948fb928fcdc74228fe\",\"name\":\"Comunicaciones Colegio\",\"image\":{\"@type\":\"ImageObject\",\"@id\":\"http:\/\/laprovidenciaovalle.cl\/colegio\/#personlogo\",\"inLanguage\":\"es\",\"url\":\"http:\/\/2.gravatar.com\/avatar\/5d0b6f6fbda2852def0dc3e63e38d319?s=96&d=mm&r=g\",\"caption\":\"Comunicaciones Colegio\"}}]}<\/script>\n<!-- \/ Yoast SEO plugin. -->","_links":{"self":[{"href":"http:\/\/laprovidenciaovalle.cl\/colegio\/wp-json\/wp\/v2\/posts\/3407"}],"collection":[{"href":"http:\/\/laprovidenciaovalle.cl\/colegio\/wp-json\/wp\/v2\/posts"}],"about":[{"href":"http:\/\/laprovidenciaovalle.cl\/colegio\/wp-json\/wp\/v2\/types\/post"}],"author":[{"embeddable":true,"href":"http:\/\/laprovidenciaovalle.cl\/colegio\/wp-json\/wp\/v2\/users\/5"}],"replies":[{"embeddable":true,"href":"http:\/\/laprovidenciaovalle.cl\/colegio\/wp-json\/wp\/v2\/comments?post=3407"}],"version-history":[{"count":1,"href":"http:\/\/laprovidenciaovalle.cl\/colegio\/wp-json\/wp\/v2\/posts\/3407\/revisions"}],"predecessor-version":[{"id":3408,"href":"http:\/\/laprovidenciaovalle.cl\/colegio\/wp-json\/wp\/v2\/posts\/3407\/revisions\/3408"}],"wp:featuredmedia":[{"embeddable":true,"href":"http:\/\/laprovidenciaovalle.cl\/colegio\/wp-json\/wp\/v2\/media\/2573"}],"wp:attachment":[{"href":"http:\/\/laprovidenciaovalle.cl\/colegio\/wp-json\/wp\/v2\/media?parent=3407"}],"wp:term":[{"taxonomy":"category","embeddable":true,"href":"http:\/\/laprovidenciaovalle.cl\/colegio\/wp-json\/wp\/v2\/categories?post=3407"},{"taxonomy":"post_tag","embeddable":true,"href":"http:\/\/laprovidenciaovalle.cl\/colegio\/wp-json\/wp\/v2\/tags?post=3407"}],"curies":[{"name":"wp","href":"https:\/\/api.w.org\/{rel}","templated":true}]}}