{"id":3448,"date":"2020-05-11T19:06:50","date_gmt":"2020-05-11T23:06:50","guid":{"rendered":"http:\/\/laprovidenciaovalle.cl\/colegio\/?p=3448"},"modified":"2020-05-11T19:08:34","modified_gmt":"2020-05-11T23:08:34","slug":"comunicado-n10-recarga-de-informacion-en-dispositivos","status":"publish","type":"post","link":"http:\/\/laprovidenciaovalle.cl\/colegio\/comunicado-n10-recarga-de-informacion-en-dispositivos\/","title":{"rendered":"Comunicado N\u00b010 &#8220;Recarga de Informaci\u00f3n en Dispositivos&#8221;"},"content":{"rendered":"<p><img loading=\"lazy\" class=\"wp-image-2549 alignleft\" src=\"http:\/\/laprovidenciaovalle.cl\/colegio\/wp-content\/uploads\/2019\/12\/Insignias-Colegio-Providencia-Ovalle-186x300.jpg\" alt=\"\" width=\"66\" height=\"106\" srcset=\"http:\/\/laprovidenciaovalle.cl\/colegio\/wp-content\/uploads\/2019\/12\/Insignias-Colegio-Providencia-Ovalle-186x300.jpg 186w, http:\/\/laprovidenciaovalle.cl\/colegio\/wp-content\/uploads\/2019\/12\/Insignias-Colegio-Providencia-Ovalle-635x1024.jpg 635w, http:\/\/laprovidenciaovalle.cl\/colegio\/wp-content\/uploads\/2019\/12\/Insignias-Colegio-Providencia-Ovalle-768x1238.jpg 768w, http:\/\/laprovidenciaovalle.cl\/colegio\/wp-content\/uploads\/2019\/12\/Insignias-Colegio-Providencia-Ovalle-953x1536.jpg 953w, http:\/\/laprovidenciaovalle.cl\/colegio\/wp-content\/uploads\/2019\/12\/Insignias-Colegio-Providencia-Ovalle-93x150.jpg 93w, http:\/\/laprovidenciaovalle.cl\/colegio\/wp-content\/uploads\/2019\/12\/Insignias-Colegio-Providencia-Ovalle.jpg 1032w\" sizes=\"(max-width: 66px) 100vw, 66px\" \/><\/p>\n<p>COORDINACI\u00d3N PEDAG\u00d3GICA INFORMA SOBRE:<\/p>\n<p>RECARGA DE INFORMACI\u00d3N EN DISPOSITIVOS<\/p>\n<p>&nbsp;<\/p>\n<p><strong><u>Estimados Apoderados y Alumnas:<\/u><\/strong><\/p>\n<p>Este mi\u00e9rcoles 13 de mayo a partir de las 09 de la ma\u00f1ana y hasta las 13 hrs. Se estar\u00e1n recepcionando en dependencias de nuestro colegio los dispositivos digitales (Tablets, Discos duros y pendrive) que se les entreg\u00f3, a modo de pr\u00e9stamo,\u00a0 a las alumnas sin conectividad y que viven en sectores cercanos a las comunas y localidades de:<\/p>\n<ul>\n<li>Monte Patria<\/li>\n<li>Combarbal\u00e1, Cha\u00f1aral Alto<\/li>\n<li>Punitaqui<\/li>\n<li>Sotaqu\u00ed<\/li>\n<li>Samo Alto<\/li>\n<li>Socos<\/li>\n<li>Cerrillos de Tamaya<\/li>\n<li>Car\u00e9n, Tulahu\u00e9n, Rapel<\/li>\n<\/ul>\n<p>&nbsp;<\/p>\n<p>&nbsp;<\/p>\n<p>Se informa que en esa misma oporunidad se cargar\u00e1n a los mismos\u00a0 dispositivos nueva informacio\u00f3n de trabajos y evaluaciones que han realizado los profesores desde el regreso de las vacaciones del mes de abril.<\/p>\n<p>&nbsp;<\/p>\n<p>&nbsp;<\/p>\n<p>&nbsp;<\/p>\n<p>Ovalle, 11 DE Mayo de 2020.-<\/p>\n","protected":false},"excerpt":{"rendered":"<p>COORDINACI\u00d3N PEDAG\u00d3GICA INFORMA SOBRE: RECARGA DE INFORMACI\u00d3N EN DISPOSITIVOS &nbsp; Estimados Apoderados y Alumnas: Este mi\u00e9rcoles 13 de mayo a partir de las 09 de la ma\u00f1ana y hasta las 13 hrs. Se estar\u00e1n recepcionando en dependencias de nuestro colegio los dispositivos digitales (Tablets, Discos duros y pendrive) que se les entreg\u00f3, a modo de pr\u00e9stamo,\u00a0 a las alumnas sin&nbsp;<a href=\"http:\/\/laprovidenciaovalle.cl\/colegio\/comunicado-n10-recarga-de-informacion-en-dispositivos\/\">[&hellip;]<\/a><\/p>\n","protected":false},"author":5,"featured_media":0,"comment_status":"closed","ping_status":"closed","sticky":false,"template":"","format":"standard","meta":[],"categories":[16],"tags":[],"yoast_head":"<!-- This site is optimized with the Yoast SEO plugin v15.2 - https:\/\/yoast.com\/wordpress\/plugins\/seo\/ -->\n<title>Comunicado N\u00b010 &quot;Recarga de Informaci\u00f3n en Dispositivos&quot; - Colegio La Providencia<\/title>\n<meta name=\"robots\" content=\"index, follow, max-snippet:-1, max-image-preview:large, max-video-preview:-1\" \/>\n<link rel=\"canonical\" href=\"http:\/\/laprovidenciaovalle.cl\/colegio\/comunicado-n10-recarga-de-informacion-en-dispositivos\/\" \/>\n<meta property=\"og:locale\" content=\"es_ES\" \/>\n<meta property=\"og:type\" content=\"article\" \/>\n<meta property=\"og:title\" content=\"Comunicado N\u00b010 &quot;Recarga de Informaci\u00f3n en Dispositivos&quot; - Colegio La Providencia\" \/>\n<meta property=\"og:description\" content=\"COORDINACI\u00d3N PEDAG\u00d3GICA INFORMA SOBRE: RECARGA DE INFORMACI\u00d3N EN DISPOSITIVOS &nbsp; Estimados Apoderados y Alumnas: Este mi\u00e9rcoles 13 de mayo a partir de las 09 de la ma\u00f1ana y hasta las 13 hrs. Se estar\u00e1n recepcionando en dependencias de nuestro colegio los dispositivos digitales (Tablets, Discos duros y pendrive) que se les entreg\u00f3, a modo de pr\u00e9stamo,\u00a0 a las alumnas sin&nbsp;[&hellip;]\" \/>\n<meta property=\"og:url\" content=\"http:\/\/laprovidenciaovalle.cl\/colegio\/comunicado-n10-recarga-de-informacion-en-dispositivos\/\" \/>\n<meta property=\"og:site_name\" content=\"Colegio La Providencia\" \/>\n<meta property=\"article:published_time\" content=\"2020-05-11T23:06:50+00:00\" \/>\n<meta property=\"article:modified_time\" content=\"2020-05-11T23:08:34+00:00\" \/>\n<meta name=\"twitter:card\" content=\"summary_large_image\" \/>\n<meta name=\"twitter:label1\" value=\"Escrito por\">\n\t<meta name=\"twitter:data1\" value=\"Comunicaciones Colegio\">\n\t<meta name=\"twitter:label2\" value=\"Tiempo de lectura\">\n\t<meta name=\"twitter:data2\" value=\"1 minuto\">\n<script type=\"application\/ld+json\" class=\"yoast-schema-graph\">{\"@context\":\"https:\/\/schema.org\",\"@graph\":[{\"@type\":\"WebSite\",\"@id\":\"http:\/\/laprovidenciaovalle.cl\/colegio\/#website\",\"url\":\"http:\/\/laprovidenciaovalle.cl\/colegio\/\",\"name\":\"Colegio La Providencia\",\"description\":\"Ovalle\",\"potentialAction\":[{\"@type\":\"SearchAction\",\"target\":\"http:\/\/laprovidenciaovalle.cl\/colegio\/?s={search_term_string}\",\"query-input\":\"required name=search_term_string\"}],\"inLanguage\":\"es\"},{\"@type\":\"ImageObject\",\"@id\":\"http:\/\/laprovidenciaovalle.cl\/colegio\/comunicado-n10-recarga-de-informacion-en-dispositivos\/#primaryimage\",\"inLanguage\":\"es\",\"url\":\"http:\/\/laprovidenciaovalle.cl\/colegio\/wp-content\/uploads\/2019\/12\/Insignias-Colegio-Providencia-Ovalle.jpg\",\"width\":1032,\"height\":1664},{\"@type\":\"WebPage\",\"@id\":\"http:\/\/laprovidenciaovalle.cl\/colegio\/comunicado-n10-recarga-de-informacion-en-dispositivos\/#webpage\",\"url\":\"http:\/\/laprovidenciaovalle.cl\/colegio\/comunicado-n10-recarga-de-informacion-en-dispositivos\/\",\"name\":\"Comunicado N\\u00b010 \\\"Recarga de Informaci\\u00f3n en Dispositivos\\\" - Colegio La Providencia\",\"isPartOf\":{\"@id\":\"http:\/\/laprovidenciaovalle.cl\/colegio\/#website\"},\"primaryImageOfPage\":{\"@id\":\"http:\/\/laprovidenciaovalle.cl\/colegio\/comunicado-n10-recarga-de-informacion-en-dispositivos\/#primaryimage\"},\"datePublished\":\"2020-05-11T23:06:50+00:00\",\"dateModified\":\"2020-05-11T23:08:34+00:00\",\"author\":{\"@id\":\"http:\/\/laprovidenciaovalle.cl\/colegio\/#\/schema\/person\/1035f45cd35e1948fb928fcdc74228fe\"},\"inLanguage\":\"es\",\"potentialAction\":[{\"@type\":\"ReadAction\",\"target\":[\"http:\/\/laprovidenciaovalle.cl\/colegio\/comunicado-n10-recarga-de-informacion-en-dispositivos\/\"]}]},{\"@type\":\"Person\",\"@id\":\"http:\/\/laprovidenciaovalle.cl\/colegio\/#\/schema\/person\/1035f45cd35e1948fb928fcdc74228fe\",\"name\":\"Comunicaciones Colegio\",\"image\":{\"@type\":\"ImageObject\",\"@id\":\"http:\/\/laprovidenciaovalle.cl\/colegio\/#personlogo\",\"inLanguage\":\"es\",\"url\":\"http:\/\/2.gravatar.com\/avatar\/5d0b6f6fbda2852def0dc3e63e38d319?s=96&d=mm&r=g\",\"caption\":\"Comunicaciones Colegio\"}}]}<\/script>\n<!-- \/ Yoast SEO plugin. -->","_links":{"self":[{"href":"http:\/\/laprovidenciaovalle.cl\/colegio\/wp-json\/wp\/v2\/posts\/3448"}],"collection":[{"href":"http:\/\/laprovidenciaovalle.cl\/colegio\/wp-json\/wp\/v2\/posts"}],"about":[{"href":"http:\/\/laprovidenciaovalle.cl\/colegio\/wp-json\/wp\/v2\/types\/post"}],"author":[{"embeddable":true,"href":"http:\/\/laprovidenciaovalle.cl\/colegio\/wp-json\/wp\/v2\/users\/5"}],"replies":[{"embeddable":true,"href":"http:\/\/laprovidenciaovalle.cl\/colegio\/wp-json\/wp\/v2\/comments?post=3448"}],"version-history":[{"count":1,"href":"http:\/\/laprovidenciaovalle.cl\/colegio\/wp-json\/wp\/v2\/posts\/3448\/revisions"}],"predecessor-version":[{"id":3449,"href":"http:\/\/laprovidenciaovalle.cl\/colegio\/wp-json\/wp\/v2\/posts\/3448\/revisions\/3449"}],"wp:attachment":[{"href":"http:\/\/laprovidenciaovalle.cl\/colegio\/wp-json\/wp\/v2\/media?parent=3448"}],"wp:term":[{"taxonomy":"category","embeddable":true,"href":"http:\/\/laprovidenciaovalle.cl\/colegio\/wp-json\/wp\/v2\/categories?post=3448"},{"taxonomy":"post_tag","embeddable":true,"href":"http:\/\/laprovidenciaovalle.cl\/colegio\/wp-json\/wp\/v2\/tags?post=3448"}],"curies":[{"name":"wp","href":"https:\/\/api.w.org\/{rel}","templated":true}]}}