{"id":3468,"date":"2020-05-20T21:15:08","date_gmt":"2020-05-21T01:15:08","guid":{"rendered":"http:\/\/laprovidenciaovalle.cl\/colegio\/?p=3468"},"modified":"2020-05-20T21:15:08","modified_gmt":"2020-05-21T01:15:08","slug":"dia-del-pescador-artesanal-y-combate-naval-de-iquique","status":"publish","type":"post","link":"http:\/\/laprovidenciaovalle.cl\/colegio\/dia-del-pescador-artesanal-y-combate-naval-de-iquique\/","title":{"rendered":"D\u00eda del Pescador Artesanal y Combate Naval de Iquique"},"content":{"rendered":"<p><img loading=\"lazy\" class=\"wp-image-2549 alignleft\" src=\"http:\/\/laprovidenciaovalle.cl\/colegio\/wp-content\/uploads\/2019\/12\/Insignias-Colegio-Providencia-Ovalle-186x300.jpg\" alt=\"\" width=\"90\" height=\"145\" srcset=\"http:\/\/laprovidenciaovalle.cl\/colegio\/wp-content\/uploads\/2019\/12\/Insignias-Colegio-Providencia-Ovalle-186x300.jpg 186w, http:\/\/laprovidenciaovalle.cl\/colegio\/wp-content\/uploads\/2019\/12\/Insignias-Colegio-Providencia-Ovalle-635x1024.jpg 635w, http:\/\/laprovidenciaovalle.cl\/colegio\/wp-content\/uploads\/2019\/12\/Insignias-Colegio-Providencia-Ovalle-768x1238.jpg 768w, http:\/\/laprovidenciaovalle.cl\/colegio\/wp-content\/uploads\/2019\/12\/Insignias-Colegio-Providencia-Ovalle-953x1536.jpg 953w, http:\/\/laprovidenciaovalle.cl\/colegio\/wp-content\/uploads\/2019\/12\/Insignias-Colegio-Providencia-Ovalle-93x150.jpg 93w, http:\/\/laprovidenciaovalle.cl\/colegio\/wp-content\/uploads\/2019\/12\/Insignias-Colegio-Providencia-Ovalle.jpg 1032w\" sizes=\"(max-width: 90px) 100vw, 90px\" \/><\/p>\n<p>&nbsp;<\/p>\n<p>Convivencia Escolar y Orientaci\u00f3n 2020<\/p>\n<p>&nbsp;<\/p>\n<p>&nbsp;<\/p>\n<p>&nbsp;<\/p>\n<p><strong>Queridas estudiantes, hoy nuestra Regi\u00f3n de Coquimbo festeja a los pescadores artesanales, un gran saludo a nuestras familias providentes que ejercen esa bella labor en el mar; y ma\u00f1ana celebramos el Combate Naval de Iquique, recordando la valent\u00eda y fuerza de nuestros soldados. Hoy les invitamos a vestirnos con ese esp\u00edritu; y con esa misma fortaleza invitarlas a ser valientes en este tiempo de pandemia, disfruten su fin de semana largo, descansen y renueven energ\u00edas!!! Un gran abrazo virtual a cada una de ustedes.<\/strong><\/p>\n<p><strong>Con cari\u00f1o<\/strong><\/p>\n<p><strong>\u00a0<\/strong><\/p>\n<p><strong>Su Equipo de Convivencia Escolar<\/strong><\/p>\n\n\t\t<style type=\"text\/css\">\n\t\t\t#gallery-1 {\n\t\t\t\tmargin: auto;\n\t\t\t}\n\t\t\t#gallery-1 .gallery-item {\n\t\t\t\tfloat: left;\n\t\t\t\tmargin-top: 10px;\n\t\t\t\ttext-align: center;\n\t\t\t\twidth: 33%;\n\t\t\t}\n\t\t\t#gallery-1 img {\n\t\t\t\tborder: 2px solid #cfcfcf;\n\t\t\t}\n\t\t\t#gallery-1 .gallery-caption {\n\t\t\t\tmargin-left: 0;\n\t\t\t}\n\t\t\t\/* see gallery_shortcode() in wp-includes\/media.php *\/\n\t\t<\/style>\n\t\t<div id='gallery-1' class='gallery galleryid-3468 gallery-columns-3 gallery-size-medium'><dl class='gallery-item'>\n\t\t\t<dt class='gallery-icon landscape'>\n\t\t\t\t<a href='http:\/\/laprovidenciaovalle.cl\/colegio\/combate\/'><img width=\"300\" height=\"169\" src=\"http:\/\/laprovidenciaovalle.cl\/colegio\/wp-content\/uploads\/2020\/05\/combate-300x169.jpg\" class=\"attachment-medium size-medium\" alt=\"\" loading=\"lazy\" srcset=\"http:\/\/laprovidenciaovalle.cl\/colegio\/wp-content\/uploads\/2020\/05\/combate-300x169.jpg 300w, http:\/\/laprovidenciaovalle.cl\/colegio\/wp-content\/uploads\/2020\/05\/combate-1024x576.jpg 1024w, http:\/\/laprovidenciaovalle.cl\/colegio\/wp-content\/uploads\/2020\/05\/combate-768x432.jpg 768w, http:\/\/laprovidenciaovalle.cl\/colegio\/wp-content\/uploads\/2020\/05\/combate-150x84.jpg 150w, http:\/\/laprovidenciaovalle.cl\/colegio\/wp-content\/uploads\/2020\/05\/combate.jpg 1280w\" sizes=\"(max-width: 300px) 100vw, 300px\" \/><\/a>\n\t\t\t<\/dt><\/dl><dl class='gallery-item'>\n\t\t\t<dt class='gallery-icon landscape'>\n\t\t\t\t<a href='http:\/\/laprovidenciaovalle.cl\/colegio\/pescadores\/'><img width=\"300\" height=\"227\" src=\"http:\/\/laprovidenciaovalle.cl\/colegio\/wp-content\/uploads\/2020\/05\/pescadores-300x227.jpg\" class=\"attachment-medium size-medium\" alt=\"\" loading=\"lazy\" srcset=\"http:\/\/laprovidenciaovalle.cl\/colegio\/wp-content\/uploads\/2020\/05\/pescadores-300x227.jpg 300w, http:\/\/laprovidenciaovalle.cl\/colegio\/wp-content\/uploads\/2020\/05\/pescadores-768x581.jpg 768w, http:\/\/laprovidenciaovalle.cl\/colegio\/wp-content\/uploads\/2020\/05\/pescadores-150x113.jpg 150w, http:\/\/laprovidenciaovalle.cl\/colegio\/wp-content\/uploads\/2020\/05\/pescadores.jpg 820w\" sizes=\"(max-width: 300px) 100vw, 300px\" \/><\/a>\n\t\t\t<\/dt><\/dl>\n\t\t\t<br style='clear: both' \/>\n\t\t<\/div>\n\n","protected":false},"excerpt":{"rendered":"<p>&nbsp; Convivencia Escolar y Orientaci\u00f3n 2020 &nbsp; &nbsp; &nbsp; Queridas estudiantes, hoy nuestra Regi\u00f3n de Coquimbo festeja a los pescadores artesanales, un gran saludo a nuestras familias providentes que ejercen esa bella labor en el mar; y ma\u00f1ana celebramos el Combate Naval de Iquique, recordando la valent\u00eda y fuerza de nuestros soldados. Hoy les invitamos a vestirnos con ese esp\u00edritu;&nbsp;<a href=\"http:\/\/laprovidenciaovalle.cl\/colegio\/dia-del-pescador-artesanal-y-combate-naval-de-iquique\/\">[&hellip;]<\/a><\/p>\n","protected":false},"author":5,"featured_media":3471,"comment_status":"closed","ping_status":"closed","sticky":false,"template":"","format":"standard","meta":[],"categories":[16],"tags":[],"yoast_head":"<!-- This site is optimized with the Yoast SEO plugin v15.2 - https:\/\/yoast.com\/wordpress\/plugins\/seo\/ -->\n<title>D\u00eda del Pescador Artesanal y Combate Naval de Iquique - Colegio La Providencia<\/title>\n<meta name=\"robots\" content=\"index, follow, max-snippet:-1, max-image-preview:large, max-video-preview:-1\" \/>\n<link rel=\"canonical\" href=\"http:\/\/laprovidenciaovalle.cl\/colegio\/dia-del-pescador-artesanal-y-combate-naval-de-iquique\/\" \/>\n<meta property=\"og:locale\" content=\"es_ES\" \/>\n<meta property=\"og:type\" content=\"article\" \/>\n<meta property=\"og:title\" content=\"D\u00eda del Pescador Artesanal y Combate Naval de Iquique - Colegio La Providencia\" \/>\n<meta property=\"og:description\" content=\"&nbsp; Convivencia Escolar y Orientaci\u00f3n 2020 &nbsp; &nbsp; &nbsp; Queridas estudiantes, hoy nuestra Regi\u00f3n de Coquimbo festeja a los pescadores artesanales, un gran saludo a nuestras familias providentes que ejercen esa bella labor en el mar; y ma\u00f1ana celebramos el Combate Naval de Iquique, recordando la valent\u00eda y fuerza de nuestros soldados. Hoy les invitamos a vestirnos con ese esp\u00edritu;&nbsp;[&hellip;]\" \/>\n<meta property=\"og:url\" content=\"http:\/\/laprovidenciaovalle.cl\/colegio\/dia-del-pescador-artesanal-y-combate-naval-de-iquique\/\" \/>\n<meta property=\"og:site_name\" content=\"Colegio La Providencia\" \/>\n<meta property=\"article:published_time\" content=\"2020-05-21T01:15:08+00:00\" \/>\n<meta property=\"og:image\" content=\"http:\/\/laprovidenciaovalle.cl\/colegio\/wp-content\/uploads\/2020\/05\/pescadores.jpg\" \/>\n\t<meta property=\"og:image:width\" content=\"820\" \/>\n\t<meta property=\"og:image:height\" content=\"620\" \/>\n<meta name=\"twitter:card\" content=\"summary_large_image\" \/>\n<meta name=\"twitter:label1\" value=\"Escrito por\">\n\t<meta name=\"twitter:data1\" value=\"Comunicaciones Colegio\">\n\t<meta name=\"twitter:label2\" value=\"Tiempo de lectura\">\n\t<meta name=\"twitter:data2\" value=\"0 minutos\">\n<script type=\"application\/ld+json\" class=\"yoast-schema-graph\">{\"@context\":\"https:\/\/schema.org\",\"@graph\":[{\"@type\":\"WebSite\",\"@id\":\"http:\/\/laprovidenciaovalle.cl\/colegio\/#website\",\"url\":\"http:\/\/laprovidenciaovalle.cl\/colegio\/\",\"name\":\"Colegio La Providencia\",\"description\":\"Ovalle\",\"potentialAction\":[{\"@type\":\"SearchAction\",\"target\":\"http:\/\/laprovidenciaovalle.cl\/colegio\/?s={search_term_string}\",\"query-input\":\"required name=search_term_string\"}],\"inLanguage\":\"es\"},{\"@type\":\"ImageObject\",\"@id\":\"http:\/\/laprovidenciaovalle.cl\/colegio\/dia-del-pescador-artesanal-y-combate-naval-de-iquique\/#primaryimage\",\"inLanguage\":\"es\",\"url\":\"http:\/\/laprovidenciaovalle.cl\/colegio\/wp-content\/uploads\/2020\/05\/pescadores.jpg\",\"width\":820,\"height\":620},{\"@type\":\"WebPage\",\"@id\":\"http:\/\/laprovidenciaovalle.cl\/colegio\/dia-del-pescador-artesanal-y-combate-naval-de-iquique\/#webpage\",\"url\":\"http:\/\/laprovidenciaovalle.cl\/colegio\/dia-del-pescador-artesanal-y-combate-naval-de-iquique\/\",\"name\":\"D\\u00eda del Pescador Artesanal y Combate Naval de Iquique - Colegio La Providencia\",\"isPartOf\":{\"@id\":\"http:\/\/laprovidenciaovalle.cl\/colegio\/#website\"},\"primaryImageOfPage\":{\"@id\":\"http:\/\/laprovidenciaovalle.cl\/colegio\/dia-del-pescador-artesanal-y-combate-naval-de-iquique\/#primaryimage\"},\"datePublished\":\"2020-05-21T01:15:08+00:00\",\"dateModified\":\"2020-05-21T01:15:08+00:00\",\"author\":{\"@id\":\"http:\/\/laprovidenciaovalle.cl\/colegio\/#\/schema\/person\/1035f45cd35e1948fb928fcdc74228fe\"},\"inLanguage\":\"es\",\"potentialAction\":[{\"@type\":\"ReadAction\",\"target\":[\"http:\/\/laprovidenciaovalle.cl\/colegio\/dia-del-pescador-artesanal-y-combate-naval-de-iquique\/\"]}]},{\"@type\":\"Person\",\"@id\":\"http:\/\/laprovidenciaovalle.cl\/colegio\/#\/schema\/person\/1035f45cd35e1948fb928fcdc74228fe\",\"name\":\"Comunicaciones Colegio\",\"image\":{\"@type\":\"ImageObject\",\"@id\":\"http:\/\/laprovidenciaovalle.cl\/colegio\/#personlogo\",\"inLanguage\":\"es\",\"url\":\"http:\/\/2.gravatar.com\/avatar\/5d0b6f6fbda2852def0dc3e63e38d319?s=96&d=mm&r=g\",\"caption\":\"Comunicaciones Colegio\"}}]}<\/script>\n<!-- \/ Yoast SEO plugin. -->","_links":{"self":[{"href":"http:\/\/laprovidenciaovalle.cl\/colegio\/wp-json\/wp\/v2\/posts\/3468"}],"collection":[{"href":"http:\/\/laprovidenciaovalle.cl\/colegio\/wp-json\/wp\/v2\/posts"}],"about":[{"href":"http:\/\/laprovidenciaovalle.cl\/colegio\/wp-json\/wp\/v2\/types\/post"}],"author":[{"embeddable":true,"href":"http:\/\/laprovidenciaovalle.cl\/colegio\/wp-json\/wp\/v2\/users\/5"}],"replies":[{"embeddable":true,"href":"http:\/\/laprovidenciaovalle.cl\/colegio\/wp-json\/wp\/v2\/comments?post=3468"}],"version-history":[{"count":2,"href":"http:\/\/laprovidenciaovalle.cl\/colegio\/wp-json\/wp\/v2\/posts\/3468\/revisions"}],"predecessor-version":[{"id":3472,"href":"http:\/\/laprovidenciaovalle.cl\/colegio\/wp-json\/wp\/v2\/posts\/3468\/revisions\/3472"}],"wp:featuredmedia":[{"embeddable":true,"href":"http:\/\/laprovidenciaovalle.cl\/colegio\/wp-json\/wp\/v2\/media\/3471"}],"wp:attachment":[{"href":"http:\/\/laprovidenciaovalle.cl\/colegio\/wp-json\/wp\/v2\/media?parent=3468"}],"wp:term":[{"taxonomy":"category","embeddable":true,"href":"http:\/\/laprovidenciaovalle.cl\/colegio\/wp-json\/wp\/v2\/categories?post=3468"},{"taxonomy":"post_tag","embeddable":true,"href":"http:\/\/laprovidenciaovalle.cl\/colegio\/wp-json\/wp\/v2\/tags?post=3468"}],"curies":[{"name":"wp","href":"https:\/\/api.w.org\/{rel}","templated":true}]}}