{"id":3534,"date":"2020-06-15T15:20:38","date_gmt":"2020-06-15T19:20:38","guid":{"rendered":"http:\/\/laprovidenciaovalle.cl\/colegio\/?p=3534"},"modified":"2020-06-15T15:22:52","modified_gmt":"2020-06-15T19:22:52","slug":"comunicado-n12-canasta-junaeb-junio","status":"publish","type":"post","link":"http:\/\/laprovidenciaovalle.cl\/colegio\/comunicado-n12-canasta-junaeb-junio\/","title":{"rendered":"Comunicado N\u00b012 Canasta JUNAEB junio"},"content":{"rendered":"<p><img loading=\"lazy\" class=\"wp-image-2549 alignleft\" src=\"http:\/\/laprovidenciaovalle.cl\/colegio\/wp-content\/uploads\/2019\/12\/Insignias-Colegio-Providencia-Ovalle-186x300.jpg\" alt=\"\" width=\"89\" height=\"144\" srcset=\"http:\/\/laprovidenciaovalle.cl\/colegio\/wp-content\/uploads\/2019\/12\/Insignias-Colegio-Providencia-Ovalle-186x300.jpg 186w, http:\/\/laprovidenciaovalle.cl\/colegio\/wp-content\/uploads\/2019\/12\/Insignias-Colegio-Providencia-Ovalle-635x1024.jpg 635w, http:\/\/laprovidenciaovalle.cl\/colegio\/wp-content\/uploads\/2019\/12\/Insignias-Colegio-Providencia-Ovalle-768x1238.jpg 768w, http:\/\/laprovidenciaovalle.cl\/colegio\/wp-content\/uploads\/2019\/12\/Insignias-Colegio-Providencia-Ovalle-953x1536.jpg 953w, http:\/\/laprovidenciaovalle.cl\/colegio\/wp-content\/uploads\/2019\/12\/Insignias-Colegio-Providencia-Ovalle-93x150.jpg 93w, http:\/\/laprovidenciaovalle.cl\/colegio\/wp-content\/uploads\/2019\/12\/Insignias-Colegio-Providencia-Ovalle.jpg 1032w\" sizes=\"(max-width: 89px) 100vw, 89px\" \/><\/p>\n<p>&nbsp;<\/p>\n<p>&nbsp;<\/p>\n<p>&nbsp;<\/p>\n<p>Estimados Apoderados<\/p>\n<p>Junto con saludar, me permito compartir con ustedes informaci\u00f3n sobre Canasta de alimentos Junaeb, segunda entrega:<\/p>\n<ol>\n<li>Junaeb tiene programada la llegada del cami\u00f3n con alimentos para el mi\u00e9rcoles 17 de junio al colegio. Las se\u00f1oras manipuladoras de alimentos armar\u00e1n canastas durante la tarde del mismo d\u00eda.<\/li>\n<li>Para los d\u00edas jueves 18 y viernes 19 est\u00e1 programada la entrega de las canastas, por el acceso de Tocopilla del colegio. Los horarios son los siguientes:<\/li>\n<\/ol>\n<p><strong>\u00a0 \u00a0 \u00a0 \u00a0 \u00a0 \u00a0 \u00a0 \u00a0 \u00a0 Jueves 18<\/strong><\/p>\n<p>9:00 a 13.45 hrs. Y de\u00a0\u00a0 14:30 a 17:30 hrs.<\/p>\n<p><strong>\u00a0 \u00a0 \u00a0 \u00a0 \u00a0 \u00a0 \u00a0 \u00a0 Viernes 19<\/strong><\/p>\n<p>9:00 a 13.45 hrs. Y de\u00a0\u00a0 14:30 a 16:00 hrs.<\/p>\n<p>&nbsp;<\/p>\n<ol>\n<li><strong>La canasta entregada por Junaeb est\u00e1 compuesta por los siguientes alimentos:<\/strong><\/li>\n<\/ol>\n<p>1 kg formula lactea o [1 kilo Leche 18 o 12% MG] o 15 unid. Leche tetra sabor<\/p>\n<p>6 huevos<\/p>\n<p>300 de cereal o avena o granola, o barras de cereal o cereal inflado o chip de manzana.<\/p>\n<p>3 kg total: papa y\/o cebolla y\/o zanahoria<\/p>\n<p>1 kg de legumbres o 3 tarros jurel en conserva o 1 kg de vacuno\/pollo\/atun pouch o 4 latas de atun conserva<\/p>\n<p>800g de arroz o fideos<\/p>\n<p>2 unid. de salsa de tomates \u00f3 1 unid. de Choclo\/Arveja\/Palmito enlatado o Tetra<\/p>\n<p>1 kg de sal o 1 unid de salsa de tomates (adicional)<\/p>\n<p>2 kg de fruta fresca \u00f3 15 unid. pur\u00e9 de fruta<\/p>\n<ol>\n<li>\u201cDichas canastas cumplen con la estructura alimentaria que nuestras estudiantes reciben diariamente en sus comunidades educativas, por lo que los alimentos entregados est\u00e1n planificados considerando una raci\u00f3n por estudiante y no para el grupo familiar de los\/as beneficiarios\/as, en este sentido, les solicitamos reforzar este concepto al hacer entrega de las canastas.\u201d (lineamientos entrega canastas)<\/li>\n<li>Les ruego insistir en el retiro de la canasta, porque contiene fruta y verdura que pudiese echarse a perder o disminuir su calidad.<\/li>\n<\/ol>\n<p><strong>\u00a0 \u00a0 \u00a0 \u00a0 \u00a0 \u00a0Recordar:<\/strong><\/p>\n<ol>\n<li style=\"list-style-type: none;\">\n<ol>\n<li><strong>Que la programaci\u00f3n antes descrita puede sufrir cambios si Junaeb llegase a no cumplir con la llegada de alimentos a nuestra instituci\u00f3n.<\/strong><\/li>\n<li><strong>El medio oficial de comunicaci\u00f3n es lo que se publique en nuestra\u00a0 p\u00e1gina web, lo que puedan socializar a trav\u00e9s de nuestros profesores jefes y las redes sociales del colegio.<\/strong><\/li>\n<\/ol>\n<\/li>\n<\/ol>\n<p><strong>\u00a0<\/strong><\/p>\n<p><strong>\u00a0 \u00a0 \u00a0 \u00a0 \u00a0 \u00a0 \u00a0 \u00a0 \u00a0 \u00a0 \u00a0 \u00a0 \u00a0 \u00a0 \u00a0 \u00a0 \u00a0 \u00a0 \u00a0 \u00a0 \u00a0 \u00a0 \u00a0 \u00a0 \u00a0 \u00a0 \u00a0 \u00a0 \u00a0 \u00a0 \u00a0 \u00a0 \u00a0 \u00a0 \u00a0 \u00a0 \u00a0 \u00a0 \u00a0 \u00a0 \u00a0 \u00a0 \u00a0 \u00a0 \u00a0 \u00a0 \u00a0 \u00a0 \u00a0 \u00a0 \u00a0 \u00a0 \u00a0 \u00a0 \u00a0 \u00a0 \u00a0 \u00a0 \u00a0 \u00a0 \u00a0 \u00a0 \u00a0 \u00a0 \u00a0 \u00a0 \u00a0 \u00a0 \u00a0 \u00a0 \u00a0 \u00a0 \u00a0 \u00a0 \u00a0 \u00a0 \u00a0 \u00a0 \u00a0 \u00a0 \u00a0 \u00a0 Atte.<\/strong><\/p>\n<p><strong>\u00a0 \u00a0 \u00a0 \u00a0 \u00a0 \u00a0 \u00a0 \u00a0 \u00a0 \u00a0 \u00a0 \u00a0 \u00a0 \u00a0 \u00a0 \u00a0 \u00a0 \u00a0 \u00a0 \u00a0 \u00a0 \u00a0 \u00a0 \u00a0 \u00a0 \u00a0 \u00a0 \u00a0 \u00a0 \u00a0 \u00a0 \u00a0 \u00a0 \u00a0 \u00a0 \u00a0 \u00a0 \u00a0 \u00a0 \u00a0 \u00a0 \u00a0 \u00a0 \u00a0 \u00a0 \u00a0 \u00a0 \u00a0 \u00a0 \u00a0 \u00a0 \u00a0 \u00a0 \u00a0 \u00a0 \u00a0 \u00a0 \u00a0 \u00a0 \u00a0 \u00a0 \u00a0 \u00a0 \u00a0 \u00a0 \u00a0 \u00a0 \u00a0 \u00a0 \u00a0 \u00a0 \u00a0 \u00a0 \u00a0 \u00a0 \u00a0 \u00a0 \u00a0 \u00a0 \u00a0 \u00a0 \u00a0 Direcci\u00f3n\u00a0<\/strong><\/p>\n<p>&nbsp;<\/p>\n<p>&nbsp;<\/p>\n<p>&nbsp;<\/p>\n","protected":false},"excerpt":{"rendered":"<p>&nbsp; &nbsp; &nbsp; Estimados Apoderados Junto con saludar, me permito compartir con ustedes informaci\u00f3n sobre Canasta de alimentos Junaeb, segunda entrega: Junaeb tiene programada la llegada del cami\u00f3n con alimentos para el mi\u00e9rcoles 17 de junio al colegio. Las se\u00f1oras manipuladoras de alimentos armar\u00e1n canastas durante la tarde del mismo d\u00eda. Para los d\u00edas jueves 18 y viernes 19 est\u00e1&nbsp;<a href=\"http:\/\/laprovidenciaovalle.cl\/colegio\/comunicado-n12-canasta-junaeb-junio\/\">[&hellip;]<\/a><\/p>\n","protected":false},"author":5,"featured_media":2759,"comment_status":"closed","ping_status":"closed","sticky":false,"template":"","format":"standard","meta":[],"categories":[16],"tags":[],"yoast_head":"<!-- This site is optimized with the Yoast SEO plugin v15.2 - https:\/\/yoast.com\/wordpress\/plugins\/seo\/ -->\n<title>Comunicado N\u00b012 Canasta JUNAEB junio - Colegio La Providencia<\/title>\n<meta name=\"robots\" content=\"index, follow, max-snippet:-1, max-image-preview:large, max-video-preview:-1\" \/>\n<link rel=\"canonical\" href=\"http:\/\/laprovidenciaovalle.cl\/colegio\/comunicado-n12-canasta-junaeb-junio\/\" \/>\n<meta property=\"og:locale\" content=\"es_ES\" \/>\n<meta property=\"og:type\" content=\"article\" \/>\n<meta property=\"og:title\" content=\"Comunicado N\u00b012 Canasta JUNAEB junio - Colegio La Providencia\" \/>\n<meta property=\"og:description\" content=\"&nbsp; &nbsp; &nbsp; Estimados Apoderados Junto con saludar, me permito compartir con ustedes informaci\u00f3n sobre Canasta de alimentos Junaeb, segunda entrega: Junaeb tiene programada la llegada del cami\u00f3n con alimentos para el mi\u00e9rcoles 17 de junio al colegio. Las se\u00f1oras manipuladoras de alimentos armar\u00e1n canastas durante la tarde del mismo d\u00eda. Para los d\u00edas jueves 18 y viernes 19 est\u00e1&nbsp;[&hellip;]\" \/>\n<meta property=\"og:url\" content=\"http:\/\/laprovidenciaovalle.cl\/colegio\/comunicado-n12-canasta-junaeb-junio\/\" \/>\n<meta property=\"og:site_name\" content=\"Colegio La Providencia\" \/>\n<meta property=\"article:published_time\" content=\"2020-06-15T19:20:38+00:00\" \/>\n<meta property=\"article:modified_time\" content=\"2020-06-15T19:22:52+00:00\" \/>\n<meta property=\"og:image\" content=\"http:\/\/laprovidenciaovalle.cl\/colegio\/wp-content\/uploads\/2020\/03\/unnamed.jpg\" \/>\n\t<meta property=\"og:image:width\" content=\"512\" \/>\n\t<meta property=\"og:image:height\" content=\"229\" \/>\n<meta name=\"twitter:card\" content=\"summary_large_image\" \/>\n<meta name=\"twitter:label1\" value=\"Escrito por\">\n\t<meta name=\"twitter:data1\" value=\"Comunicaciones Colegio\">\n\t<meta name=\"twitter:label2\" value=\"Tiempo de lectura\">\n\t<meta name=\"twitter:data2\" value=\"1 minuto\">\n<script type=\"application\/ld+json\" class=\"yoast-schema-graph\">{\"@context\":\"https:\/\/schema.org\",\"@graph\":[{\"@type\":\"WebSite\",\"@id\":\"http:\/\/laprovidenciaovalle.cl\/colegio\/#website\",\"url\":\"http:\/\/laprovidenciaovalle.cl\/colegio\/\",\"name\":\"Colegio La Providencia\",\"description\":\"Ovalle\",\"potentialAction\":[{\"@type\":\"SearchAction\",\"target\":\"http:\/\/laprovidenciaovalle.cl\/colegio\/?s={search_term_string}\",\"query-input\":\"required name=search_term_string\"}],\"inLanguage\":\"es\"},{\"@type\":\"ImageObject\",\"@id\":\"http:\/\/laprovidenciaovalle.cl\/colegio\/comunicado-n12-canasta-junaeb-junio\/#primaryimage\",\"inLanguage\":\"es\",\"url\":\"http:\/\/laprovidenciaovalle.cl\/colegio\/wp-content\/uploads\/2020\/03\/unnamed.jpg\",\"width\":512,\"height\":229},{\"@type\":\"WebPage\",\"@id\":\"http:\/\/laprovidenciaovalle.cl\/colegio\/comunicado-n12-canasta-junaeb-junio\/#webpage\",\"url\":\"http:\/\/laprovidenciaovalle.cl\/colegio\/comunicado-n12-canasta-junaeb-junio\/\",\"name\":\"Comunicado N\\u00b012 Canasta JUNAEB junio - Colegio La Providencia\",\"isPartOf\":{\"@id\":\"http:\/\/laprovidenciaovalle.cl\/colegio\/#website\"},\"primaryImageOfPage\":{\"@id\":\"http:\/\/laprovidenciaovalle.cl\/colegio\/comunicado-n12-canasta-junaeb-junio\/#primaryimage\"},\"datePublished\":\"2020-06-15T19:20:38+00:00\",\"dateModified\":\"2020-06-15T19:22:52+00:00\",\"author\":{\"@id\":\"http:\/\/laprovidenciaovalle.cl\/colegio\/#\/schema\/person\/1035f45cd35e1948fb928fcdc74228fe\"},\"inLanguage\":\"es\",\"potentialAction\":[{\"@type\":\"ReadAction\",\"target\":[\"http:\/\/laprovidenciaovalle.cl\/colegio\/comunicado-n12-canasta-junaeb-junio\/\"]}]},{\"@type\":\"Person\",\"@id\":\"http:\/\/laprovidenciaovalle.cl\/colegio\/#\/schema\/person\/1035f45cd35e1948fb928fcdc74228fe\",\"name\":\"Comunicaciones Colegio\",\"image\":{\"@type\":\"ImageObject\",\"@id\":\"http:\/\/laprovidenciaovalle.cl\/colegio\/#personlogo\",\"inLanguage\":\"es\",\"url\":\"http:\/\/2.gravatar.com\/avatar\/5d0b6f6fbda2852def0dc3e63e38d319?s=96&d=mm&r=g\",\"caption\":\"Comunicaciones Colegio\"}}]}<\/script>\n<!-- \/ Yoast SEO plugin. -->","_links":{"self":[{"href":"http:\/\/laprovidenciaovalle.cl\/colegio\/wp-json\/wp\/v2\/posts\/3534"}],"collection":[{"href":"http:\/\/laprovidenciaovalle.cl\/colegio\/wp-json\/wp\/v2\/posts"}],"about":[{"href":"http:\/\/laprovidenciaovalle.cl\/colegio\/wp-json\/wp\/v2\/types\/post"}],"author":[{"embeddable":true,"href":"http:\/\/laprovidenciaovalle.cl\/colegio\/wp-json\/wp\/v2\/users\/5"}],"replies":[{"embeddable":true,"href":"http:\/\/laprovidenciaovalle.cl\/colegio\/wp-json\/wp\/v2\/comments?post=3534"}],"version-history":[{"count":1,"href":"http:\/\/laprovidenciaovalle.cl\/colegio\/wp-json\/wp\/v2\/posts\/3534\/revisions"}],"predecessor-version":[{"id":3535,"href":"http:\/\/laprovidenciaovalle.cl\/colegio\/wp-json\/wp\/v2\/posts\/3534\/revisions\/3535"}],"wp:featuredmedia":[{"embeddable":true,"href":"http:\/\/laprovidenciaovalle.cl\/colegio\/wp-json\/wp\/v2\/media\/2759"}],"wp:attachment":[{"href":"http:\/\/laprovidenciaovalle.cl\/colegio\/wp-json\/wp\/v2\/media?parent=3534"}],"wp:term":[{"taxonomy":"category","embeddable":true,"href":"http:\/\/laprovidenciaovalle.cl\/colegio\/wp-json\/wp\/v2\/categories?post=3534"},{"taxonomy":"post_tag","embeddable":true,"href":"http:\/\/laprovidenciaovalle.cl\/colegio\/wp-json\/wp\/v2\/tags?post=3534"}],"curies":[{"name":"wp","href":"https:\/\/api.w.org\/{rel}","templated":true}]}}