{"id":3567,"date":"2020-07-01T23:21:35","date_gmt":"2020-07-02T03:21:35","guid":{"rendered":"http:\/\/laprovidenciaovalle.cl\/colegio\/?p=3567"},"modified":"2020-07-01T23:21:35","modified_gmt":"2020-07-02T03:21:35","slug":"cree-en-ti-misma","status":"publish","type":"post","link":"http:\/\/laprovidenciaovalle.cl\/colegio\/cree-en-ti-misma\/","title":{"rendered":"Cree en ti misma"},"content":{"rendered":"<p>Convivencia Escolar y Orientaci\u00f3n 2020<\/p>\n<p>&nbsp;<\/p>\n<p><img loading=\"lazy\" class=\"size-medium wp-image-3563 alignleft\" src=\"http:\/\/laprovidenciaovalle.cl\/colegio\/wp-content\/uploads\/2020\/07\/articulo-1-300x208.jpg\" alt=\"\" width=\"300\" height=\"208\" srcset=\"http:\/\/laprovidenciaovalle.cl\/colegio\/wp-content\/uploads\/2020\/07\/articulo-1-300x208.jpg 300w, http:\/\/laprovidenciaovalle.cl\/colegio\/wp-content\/uploads\/2020\/07\/articulo-1-150x104.jpg 150w, http:\/\/laprovidenciaovalle.cl\/colegio\/wp-content\/uploads\/2020\/07\/articulo-1.jpg 554w\" sizes=\"(max-width: 300px) 100vw, 300px\" \/><\/p>\n<p>Querida Estudiante Providente, hoy quiero hacerte una invitaci\u00f3n especial, hoy quiero que puedas detenerte un minuto\u2026 respirar\u2026 sentir tu coraz\u00f3n\u2026 preguntarte c\u00f3mo est\u00e1s\u2026<\/p>\n<p>S\u00e9 que no ha sido f\u00e1cil, desde Convivencia Escolar hemos acompa\u00f1ado a muchas de ustedes, y sabemos que hay circunstancias que muchas veces no son favorables, sabemos que existen problemas, sabemos que en ocasiones te cansas\u2026 te entendemos\u2026 pero tambi\u00e9n sabemos lo valiente que eres, lo capaz, sabemos que tienes en tu coraz\u00f3n una fuerza que puede ayudarte a salir adelante, a superar este desaf\u00edo que hoy vivimos todos y todas desde distintos lugares. Quiz\u00e1s esos pensamientos intrusivos de los que hablamos alguna vez te digan que no, que ya dejes de intentar, pero ya sabes que es un error escucharlos \u00bfcierto? Podemos vencerlos trabajando juntas.\u00a0 Por eso hoy quiero recordarte todo lo que vales, quiero recordarte que hay un ma\u00f1ana por el que debemos trabajar hoy\u2026 quiero que no olvides CREER EN TI MISMA.<\/p>\n<hr \/>\n<p><img loading=\"lazy\" class=\"size-medium wp-image-3564 alignleft\" src=\"http:\/\/laprovidenciaovalle.cl\/colegio\/wp-content\/uploads\/2020\/07\/articulo-2-300x300.png\" alt=\"\" width=\"300\" height=\"300\" \/><\/p>\n<p>&nbsp;<\/p>\n<p>Este art\u00edculo ser\u00e1 cortito pero lleno de significado. Para creer en ti la confianza en uno misma es vital. Piensa en cu\u00e1ntas cosas has dejado de hacer por no confiar en que eras capaz, al menos, de intentarlo. Cu\u00e1ntas oportunidades has dejado pasar, o cu\u00e1ntos caminos has dejado sin recorrer. En la vida siempre hay dudas, miedos, obst\u00e1culos; hay risas, hay tristezas\u2026 s\u00f3lo creyendo en ti misma puedes afrontarlas, puedes superarlas.<\/p>\n<ul>\n<li>El primer paso para aumentar nuestra confianza en nosotras mismas ser\u00e1 pensar en este minuto cu\u00e1l es el desaf\u00edo que creemos que no podemos lograr, y comenzar a mentalizarnos que podemos hacerlo, o al menos intentarlo, con actitud positiva. Segundo paso, darnos \u00e1nimo, no nos convirtamos en nuestro enemigo, al contrario, habl\u00e9monos a nosotras mismas y dig\u00e1monos cosas bonitas, evitemos ser cr\u00edticas negativas de nuestra personalidad y seamos nuestras propias mejores amigas.<\/li>\n<li>Descubre tu potencial, hay cosas para las que somos buenas, otras no tanto, no debemos ser perfectas, pero s\u00ed luchadoras.<\/li>\n<\/ul>\n<p><img loading=\"lazy\" class=\"size-medium wp-image-3565 alignright\" src=\"http:\/\/laprovidenciaovalle.cl\/colegio\/wp-content\/uploads\/2020\/07\/articulo-3-300x300.jpg\" alt=\"\" width=\"300\" height=\"300\" \/><\/p>\n<ul>\n<li>Visualiza lo que quieres de ti misma, qu\u00e9 cosas quieres mejorar.<\/li>\n<li>Preoc\u00fapate de ti misma, de tu bienestar, de tu alimentaci\u00f3n, de tu descanso, de tus tareas y tambi\u00e9n de tus apegos. Recuerda que el distanciamiento que debemos tener hoy es f\u00edsico, no social, tenemos redes que nos pueden ayudar a mantenernos en contacto con quienes queremos, y apoyarnos para poder recordar lo importante que somos para nosotras mismas y para los dem\u00e1s.<\/li>\n<\/ul>\n<p>S\u00e9 que estos consejos, si los sigues, te ser\u00e1n de mucha utilidad mi querida Providente, todas nosotras, que integramos el Equipo de Convivencia Escolar, creemos en TI.<\/p>\n<p><strong>\u00a0 \u00a0 \u00a0 \u00a0 \u00a0 \u00a0 \u00a0 \u00a0 \u00a0 \u00a0 \u00a0 \u00a0 \u00a0 \u00a0 \u00a0 \u00a0 \u00a0 \u00a0 \u00a0 \u00a0 \u00a0 \u00a0 \u00a0 \u00a0 \u00a0 \u00a0 \u00a0 \u00a0 \u00a0 \u00a1NO TE RINDAS!<\/strong><\/p>\n<p><img loading=\"lazy\" class=\"wp-image-3566 aligncenter\" src=\"http:\/\/laprovidenciaovalle.cl\/colegio\/wp-content\/uploads\/2020\/07\/articulo-4-300x156.jpg\" alt=\"\" width=\"466\" height=\"242\" \/><\/p>\n","protected":false},"excerpt":{"rendered":"<p>Convivencia Escolar y Orientaci\u00f3n 2020 &nbsp; Querida Estudiante Providente, hoy quiero hacerte una invitaci\u00f3n especial, hoy quiero que puedas detenerte un minuto\u2026 respirar\u2026 sentir tu coraz\u00f3n\u2026 preguntarte c\u00f3mo est\u00e1s\u2026 S\u00e9 que no ha sido f\u00e1cil, desde Convivencia Escolar hemos acompa\u00f1ado a muchas de ustedes, y sabemos que hay circunstancias que muchas veces no son favorables, sabemos que existen problemas, sabemos&nbsp;<a href=\"http:\/\/laprovidenciaovalle.cl\/colegio\/cree-en-ti-misma\/\">[&hellip;]<\/a><\/p>\n","protected":false},"author":5,"featured_media":3563,"comment_status":"closed","ping_status":"closed","sticky":false,"template":"","format":"standard","meta":[],"categories":[16],"tags":[],"yoast_head":"<!-- This site is optimized with the Yoast SEO plugin v15.2 - https:\/\/yoast.com\/wordpress\/plugins\/seo\/ -->\n<title>Cree en ti misma - Colegio La Providencia<\/title>\n<meta name=\"robots\" content=\"index, follow, max-snippet:-1, max-image-preview:large, max-video-preview:-1\" \/>\n<link rel=\"canonical\" href=\"http:\/\/laprovidenciaovalle.cl\/colegio\/cree-en-ti-misma\/\" \/>\n<meta property=\"og:locale\" content=\"es_ES\" \/>\n<meta property=\"og:type\" content=\"article\" \/>\n<meta property=\"og:title\" content=\"Cree en ti misma - Colegio La Providencia\" \/>\n<meta property=\"og:description\" content=\"Convivencia Escolar y Orientaci\u00f3n 2020 &nbsp; Querida Estudiante Providente, hoy quiero hacerte una invitaci\u00f3n especial, hoy quiero que puedas detenerte un minuto\u2026 respirar\u2026 sentir tu coraz\u00f3n\u2026 preguntarte c\u00f3mo est\u00e1s\u2026 S\u00e9 que no ha sido f\u00e1cil, desde Convivencia Escolar hemos acompa\u00f1ado a muchas de ustedes, y sabemos que hay circunstancias que muchas veces no son favorables, sabemos que existen problemas, sabemos&nbsp;[&hellip;]\" \/>\n<meta property=\"og:url\" content=\"http:\/\/laprovidenciaovalle.cl\/colegio\/cree-en-ti-misma\/\" \/>\n<meta property=\"og:site_name\" content=\"Colegio La Providencia\" \/>\n<meta property=\"article:published_time\" content=\"2020-07-02T03:21:35+00:00\" \/>\n<meta property=\"og:image\" content=\"http:\/\/laprovidenciaovalle.cl\/colegio\/wp-content\/uploads\/2020\/07\/articulo-1.jpg\" \/>\n\t<meta property=\"og:image:width\" content=\"554\" \/>\n\t<meta property=\"og:image:height\" content=\"384\" \/>\n<meta name=\"twitter:card\" content=\"summary_large_image\" \/>\n<meta name=\"twitter:label1\" value=\"Escrito por\">\n\t<meta name=\"twitter:data1\" value=\"Comunicaciones Colegio\">\n\t<meta name=\"twitter:label2\" value=\"Tiempo de lectura\">\n\t<meta name=\"twitter:data2\" value=\"2 minutos\">\n<script type=\"application\/ld+json\" class=\"yoast-schema-graph\">{\"@context\":\"https:\/\/schema.org\",\"@graph\":[{\"@type\":\"WebSite\",\"@id\":\"http:\/\/laprovidenciaovalle.cl\/colegio\/#website\",\"url\":\"http:\/\/laprovidenciaovalle.cl\/colegio\/\",\"name\":\"Colegio La Providencia\",\"description\":\"Ovalle\",\"potentialAction\":[{\"@type\":\"SearchAction\",\"target\":\"http:\/\/laprovidenciaovalle.cl\/colegio\/?s={search_term_string}\",\"query-input\":\"required name=search_term_string\"}],\"inLanguage\":\"es\"},{\"@type\":\"ImageObject\",\"@id\":\"http:\/\/laprovidenciaovalle.cl\/colegio\/cree-en-ti-misma\/#primaryimage\",\"inLanguage\":\"es\",\"url\":\"http:\/\/laprovidenciaovalle.cl\/colegio\/wp-content\/uploads\/2020\/07\/articulo-1.jpg\",\"width\":554,\"height\":384},{\"@type\":\"WebPage\",\"@id\":\"http:\/\/laprovidenciaovalle.cl\/colegio\/cree-en-ti-misma\/#webpage\",\"url\":\"http:\/\/laprovidenciaovalle.cl\/colegio\/cree-en-ti-misma\/\",\"name\":\"Cree en ti misma - Colegio La Providencia\",\"isPartOf\":{\"@id\":\"http:\/\/laprovidenciaovalle.cl\/colegio\/#website\"},\"primaryImageOfPage\":{\"@id\":\"http:\/\/laprovidenciaovalle.cl\/colegio\/cree-en-ti-misma\/#primaryimage\"},\"datePublished\":\"2020-07-02T03:21:35+00:00\",\"dateModified\":\"2020-07-02T03:21:35+00:00\",\"author\":{\"@id\":\"http:\/\/laprovidenciaovalle.cl\/colegio\/#\/schema\/person\/1035f45cd35e1948fb928fcdc74228fe\"},\"inLanguage\":\"es\",\"potentialAction\":[{\"@type\":\"ReadAction\",\"target\":[\"http:\/\/laprovidenciaovalle.cl\/colegio\/cree-en-ti-misma\/\"]}]},{\"@type\":\"Person\",\"@id\":\"http:\/\/laprovidenciaovalle.cl\/colegio\/#\/schema\/person\/1035f45cd35e1948fb928fcdc74228fe\",\"name\":\"Comunicaciones Colegio\",\"image\":{\"@type\":\"ImageObject\",\"@id\":\"http:\/\/laprovidenciaovalle.cl\/colegio\/#personlogo\",\"inLanguage\":\"es\",\"url\":\"http:\/\/2.gravatar.com\/avatar\/5d0b6f6fbda2852def0dc3e63e38d319?s=96&d=mm&r=g\",\"caption\":\"Comunicaciones Colegio\"}}]}<\/script>\n<!-- \/ Yoast SEO plugin. -->","_links":{"self":[{"href":"http:\/\/laprovidenciaovalle.cl\/colegio\/wp-json\/wp\/v2\/posts\/3567"}],"collection":[{"href":"http:\/\/laprovidenciaovalle.cl\/colegio\/wp-json\/wp\/v2\/posts"}],"about":[{"href":"http:\/\/laprovidenciaovalle.cl\/colegio\/wp-json\/wp\/v2\/types\/post"}],"author":[{"embeddable":true,"href":"http:\/\/laprovidenciaovalle.cl\/colegio\/wp-json\/wp\/v2\/users\/5"}],"replies":[{"embeddable":true,"href":"http:\/\/laprovidenciaovalle.cl\/colegio\/wp-json\/wp\/v2\/comments?post=3567"}],"version-history":[{"count":1,"href":"http:\/\/laprovidenciaovalle.cl\/colegio\/wp-json\/wp\/v2\/posts\/3567\/revisions"}],"predecessor-version":[{"id":3568,"href":"http:\/\/laprovidenciaovalle.cl\/colegio\/wp-json\/wp\/v2\/posts\/3567\/revisions\/3568"}],"wp:featuredmedia":[{"embeddable":true,"href":"http:\/\/laprovidenciaovalle.cl\/colegio\/wp-json\/wp\/v2\/media\/3563"}],"wp:attachment":[{"href":"http:\/\/laprovidenciaovalle.cl\/colegio\/wp-json\/wp\/v2\/media?parent=3567"}],"wp:term":[{"taxonomy":"category","embeddable":true,"href":"http:\/\/laprovidenciaovalle.cl\/colegio\/wp-json\/wp\/v2\/categories?post=3567"},{"taxonomy":"post_tag","embeddable":true,"href":"http:\/\/laprovidenciaovalle.cl\/colegio\/wp-json\/wp\/v2\/tags?post=3567"}],"curies":[{"name":"wp","href":"https:\/\/api.w.org\/{rel}","templated":true}]}}